{"id":245276,"date":"2023-11-21T20:17:02","date_gmt":"2023-11-21T23:17:02","guid":{"rendered":"https:\/\/diariotextual.com\/inicio\/?p=245276"},"modified":"2023-11-21T20:17:04","modified_gmt":"2023-11-21T23:17:04","slug":"tetaz-juntos-por-el-cambio-no-existe-mas","status":"publish","type":"post","link":"https:\/\/diariotextual.com\/inicio\/index.php\/2023\/11\/21\/tetaz-juntos-por-el-cambio-no-existe-mas\/","title":{"rendered":"Tetaz: \u201cJuntos por el Cambio no existe m\u00e1s\u201d"},"content":{"rendered":"\n<p>El diputado radical de Juntos por el Cambio (JxC) Mart\u00edn Tetaz consider\u00f3 este martes que <strong>tanto la \u00abprivatizaci\u00f3n de los medios p\u00fablicos\u00bb como la \u00abdolarizaci\u00f3n\u00bb que plantea el presidente electo, Javier Milei, forman parte de un \u00abfuego de artificio\u00bb<\/strong> porque ambas decisiones deben tener el respaldo de \u00abuna ley del Congreso\u00bb y no tiene el \u00abvolumen pol\u00edtico\u00bb para realizarlas.<\/p>\n\n\n\n<p>Adem\u00e1s, asegur\u00f3 que <strong>el exmandatario Mauricio Macri \u00absiempre quiso conformar\u00bb un espacio \u00abde centro derecha\u00bb como el que tiene con el partido libertario.<\/strong><\/p>\n\n\n\n<p>\u00ab<strong>Milei est\u00e1 haciendo anuncios muy generales, que todos dependen o requieren de leyes del Congreso<\/strong> y algunos directamente no tienen sentido\u00bb, remarc\u00f3 Tetaz en declaraciones a Radio Con Vos.<\/p>\n\n\n\n<p>\u00ab\u00bfCu\u00e1nto de todo esto que est\u00e1 anunciando en realidad sabe que no lo va a poder hacer? \u00bfO que no tiene sentido econ\u00f3mico y lo plantea como un fuego de artificio para que nos pasemos nosotros discutiendo por dos meses si privatizan o no la Televisi\u00f3n P\u00fablica cuando la negociaci\u00f3n en el Congreso va por otro lado?\u00bb, se pregunt\u00f3, y subray\u00f3: <strong>\u00abNo tiene el volumen pol\u00edtico para hacer esas reformas ni parlamentar\u00bb.<\/strong><\/p>\n\n\n\n<p>Para Tetaz, el <strong>presidente electo deber\u00e1 tener aval en las leyes del Presupuesto y la ley de Ministerios para \u00abempezar a ordenar su programa de Gobierno\u00bb<\/strong>, algo en lo que \u00abseguramente tenga consenso de la oposici\u00f3n\u00bb, aunque se encontrar\u00e1 con ciertos \u00abl\u00edmites\u00bb.<\/p>\n\n\n\n<p>\u00ab\u00c9l gan\u00f3 y tiene su derecho a tener ocho ministerios si quiere. Ahora, s\u00ed tiene sentido que le digamos &#8216;no pueden bajar las partidas destinadas a Educaci\u00f3n&#8217; porque para nosotros es una prioridad\u00bb, resalt\u00f3.<\/p>\n\n\n\n<p>El diputado indic\u00f3 que <strong>con el triunfo de Milei se configur\u00f3 \u00abuna centro-derecha\u00bb de la que \u00absiempre quiso conformar\u00bb el expresidente Mauricio Macri,<\/strong> quien lider\u00f3 la alianza de un sector del PRO con el candidato libertario tras la derrota en las elecciones generales de la candidata a presidenta de JxC, Patricia Bullrich.<\/p>\n\n\n\n<p>\u00abEn el 2015, cuando se form\u00f3 Cambiemos, no hab\u00eda un espacio como lo que fue en el 2003 el espacio de Ricardo L\u00f3pez Murphy o el de 1999 de Domingo Cavallo, no hab\u00eda nada a la derecha de Macri y se recost\u00f3 en lo que hab\u00eda a su centro-izquierda, el radicalismo y la CC\u00bb, dijo Tetaz, y agreg\u00f3 que lo hizo \u00abcon cierta incomodidad\u00bb.<\/p>\n\n\n\n<p>Sobre el futuro de JxC, Tetaz afirm\u00f3 que la coalici\u00f3n \u00abno existe m\u00e1s\u00bb porque ya no \u00abrepresentaba el cambio\u00bb y lo compar\u00f3 con \u00abuna lata de galletitas en la que adentro hab\u00eda otra cosa\u00bb.<\/p>\n\n\n\n<p>\u00ab<strong>Olvidate de Juntos por el Cambio. No existe m\u00e1s. Le pod\u00e9s poner el nombre que quieras<\/strong>. Las dos razones de ser de JxC, terminar con la hegemon\u00eda del kirchnerismo y proponer una salida republicana, las dos se hab\u00edan desdibujado. No represent\u00e1bamos el cambio. Ya estaba desdibujado el sello\u00bb, destac\u00f3.<\/p>\n\n\n\n<p>Consultado por la actualidad del radicalismo, el diputado afirm\u00f3 no creer \u00abque se fracture\u00bb y lo diferenci\u00f3 del PRO al decir que ese partido s\u00ed sufri\u00f3 las consecuencias de la alianza con Milei.<\/p>\n\n\n\n<p>\u00abEso no implica que algunos dirigentes (radicales) vayan al gobierno de Milei. La \u00fanica posibilidad de esa fractura es que algunos de eso dirigentes participen en el gobierno de Milei. Yo veo eso en el PRO\u00bb, sostuvo.<\/p>\n","protected":false},"excerpt":{"rendered":"<p>El diputado radical de Juntos por el Cambio (JxC) Mart\u00edn Tetaz consider\u00f3 este martes que tanto la \u00abprivatizaci\u00f3n de los medios p\u00fablicos\u00bb como la \u00abdolarizaci\u00f3n\u00bb que plantea el presidente electo,&hellip;<\/p>\n","protected":false},"author":5,"featured_media":168164,"comment_status":"closed","ping_status":"open","sticky":false,"template":"","format":"standard","meta":{"_acf_changed":false,"footnotes":""},"categories":[1,8],"tags":[3768,191],"class_list":["post-245276","post","type-post","status-publish","format-standard","has-post-thumbnail","hentry","category-es-noticia","category-politica","tag-juntos-por-el-cambio","tag-ucr"],"acf":[],"yoast_head":"<!-- This site is optimized with the Yoast SEO plugin v27.5 - https:\/\/yoast.com\/product\/yoast-seo-wordpress\/ -->\n<title>Tetaz: \u201cJuntos por el Cambio no existe m\u00e1s\u201d - Diario Textual<\/title>\n<meta name=\"robots\" content=\"index, follow, max-snippet:-1, max-image-preview:large, max-video-preview:-1\" \/>\n<link rel=\"canonical\" href=\"https:\/\/diariotextual.com\/inicio\/index.php\/2023\/11\/21\/tetaz-juntos-por-el-cambio-no-existe-mas\/\" \/>\n<meta property=\"og:locale\" content=\"es_ES\" \/>\n<meta property=\"og:type\" content=\"article\" \/>\n<meta property=\"og:title\" content=\"Tetaz: \u201cJuntos por el Cambio no existe m\u00e1s\u201d - Diario Textual\" \/>\n<meta property=\"og:description\" content=\"El diputado radical de Juntos por el Cambio (JxC) Mart\u00edn Tetaz consider\u00f3 este martes que tanto la \u00abprivatizaci\u00f3n de los medios p\u00fablicos\u00bb como la \u00abdolarizaci\u00f3n\u00bb que plantea el presidente electo,&hellip;\" \/>\n<meta property=\"og:url\" content=\"https:\/\/diariotextual.com\/inicio\/index.php\/2023\/11\/21\/tetaz-juntos-por-el-cambio-no-existe-mas\/\" \/>\n<meta property=\"og:site_name\" content=\"Diario Textual\" \/>\n<meta property=\"article:publisher\" content=\"https:\/\/www.facebook.com\/eltextual\" \/>\n<meta property=\"article:published_time\" content=\"2023-11-21T23:17:02+00:00\" \/>\n<meta property=\"article:modified_time\" content=\"2023-11-21T23:17:04+00:00\" \/>\n<meta property=\"og:image\" content=\"https:\/\/diariotextual.com\/inicio\/wp-content\/uploads\/2021\/11\/tetazmartin2021-1.jpg\" \/>\n\t<meta property=\"og:image:width\" content=\"918\" \/>\n\t<meta property=\"og:image:height\" content=\"602\" \/>\n\t<meta property=\"og:image:type\" content=\"image\/jpeg\" \/>\n<meta name=\"author\" content=\"diario3\" \/>\n<meta name=\"twitter:card\" content=\"summary_large_image\" \/>\n<meta name=\"twitter:creator\" content=\"@eltextual\" \/>\n<meta name=\"twitter:site\" content=\"@eltextual\" \/>\n<meta name=\"twitter:label1\" content=\"Escrito por\" \/>\n\t<meta name=\"twitter:data1\" content=\"diario3\" \/>\n\t<meta name=\"twitter:label2\" content=\"Tiempo de lectura\" \/>\n\t<meta name=\"twitter:data2\" content=\"3 minutos\" \/>\n<script type=\"application\/ld+json\" class=\"yoast-schema-graph\">{\"@context\":\"https:\\\/\\\/schema.org\",\"@graph\":[{\"@type\":\"Article\",\"@id\":\"https:\\\/\\\/diariotextual.com\\\/inicio\\\/index.php\\\/2023\\\/11\\\/21\\\/tetaz-juntos-por-el-cambio-no-existe-mas\\\/#article\",\"isPartOf\":{\"@id\":\"https:\\\/\\\/diariotextual.com\\\/inicio\\\/index.php\\\/2023\\\/11\\\/21\\\/tetaz-juntos-por-el-cambio-no-existe-mas\\\/\"},\"author\":{\"name\":\"diario3\",\"@id\":\"https:\\\/\\\/diariotextual.com\\\/inicio\\\/#\\\/schema\\\/person\\\/a1b6f563e0ee944c60f98119389a4d9f\"},\"headline\":\"Tetaz: \u201cJuntos por el Cambio no existe m\u00e1s\u201d\",\"datePublished\":\"2023-11-21T23:17:02+00:00\",\"dateModified\":\"2023-11-21T23:17:04+00:00\",\"mainEntityOfPage\":{\"@id\":\"https:\\\/\\\/diariotextual.com\\\/inicio\\\/index.php\\\/2023\\\/11\\\/21\\\/tetaz-juntos-por-el-cambio-no-existe-mas\\\/\"},\"wordCount\":561,\"publisher\":{\"@id\":\"https:\\\/\\\/diariotextual.com\\\/inicio\\\/#organization\"},\"image\":{\"@id\":\"https:\\\/\\\/diariotextual.com\\\/inicio\\\/index.php\\\/2023\\\/11\\\/21\\\/tetaz-juntos-por-el-cambio-no-existe-mas\\\/#primaryimage\"},\"thumbnailUrl\":\"https:\\\/\\\/diariotextual.com\\\/inicio\\\/wp-content\\\/uploads\\\/2021\\\/11\\\/tetazmartin2021-1.jpg\",\"keywords\":[\"Juntos por el cambio\",\"ucr\"],\"articleSection\":[\"A - ES NOTICIA (van abajo)\",\"POLITICA\"],\"inLanguage\":\"es\"},{\"@type\":\"WebPage\",\"@id\":\"https:\\\/\\\/diariotextual.com\\\/inicio\\\/index.php\\\/2023\\\/11\\\/21\\\/tetaz-juntos-por-el-cambio-no-existe-mas\\\/\",\"url\":\"https:\\\/\\\/diariotextual.com\\\/inicio\\\/index.php\\\/2023\\\/11\\\/21\\\/tetaz-juntos-por-el-cambio-no-existe-mas\\\/\",\"name\":\"Tetaz: \u201cJuntos por el Cambio no existe m\u00e1s\u201d - Diario Textual\",\"isPartOf\":{\"@id\":\"https:\\\/\\\/diariotextual.com\\\/inicio\\\/#website\"},\"primaryImageOfPage\":{\"@id\":\"https:\\\/\\\/diariotextual.com\\\/inicio\\\/index.php\\\/2023\\\/11\\\/21\\\/tetaz-juntos-por-el-cambio-no-existe-mas\\\/#primaryimage\"},\"image\":{\"@id\":\"https:\\\/\\\/diariotextual.com\\\/inicio\\\/index.php\\\/2023\\\/11\\\/21\\\/tetaz-juntos-por-el-cambio-no-existe-mas\\\/#primaryimage\"},\"thumbnailUrl\":\"https:\\\/\\\/diariotextual.com\\\/inicio\\\/wp-content\\\/uploads\\\/2021\\\/11\\\/tetazmartin2021-1.jpg\",\"datePublished\":\"2023-11-21T23:17:02+00:00\",\"dateModified\":\"2023-11-21T23:17:04+00:00\",\"breadcrumb\":{\"@id\":\"https:\\\/\\\/diariotextual.com\\\/inicio\\\/index.php\\\/2023\\\/11\\\/21\\\/tetaz-juntos-por-el-cambio-no-existe-mas\\\/#breadcrumb\"},\"inLanguage\":\"es\",\"potentialAction\":[{\"@type\":\"ReadAction\",\"target\":[\"https:\\\/\\\/diariotextual.com\\\/inicio\\\/index.php\\\/2023\\\/11\\\/21\\\/tetaz-juntos-por-el-cambio-no-existe-mas\\\/\"]}]},{\"@type\":\"ImageObject\",\"inLanguage\":\"es\",\"@id\":\"https:\\\/\\\/diariotextual.com\\\/inicio\\\/index.php\\\/2023\\\/11\\\/21\\\/tetaz-juntos-por-el-cambio-no-existe-mas\\\/#primaryimage\",\"url\":\"https:\\\/\\\/diariotextual.com\\\/inicio\\\/wp-content\\\/uploads\\\/2021\\\/11\\\/tetazmartin2021-1.jpg\",\"contentUrl\":\"https:\\\/\\\/diariotextual.com\\\/inicio\\\/wp-content\\\/uploads\\\/2021\\\/11\\\/tetazmartin2021-1.jpg\",\"width\":918,\"height\":602},{\"@type\":\"BreadcrumbList\",\"@id\":\"https:\\\/\\\/diariotextual.com\\\/inicio\\\/index.php\\\/2023\\\/11\\\/21\\\/tetaz-juntos-por-el-cambio-no-existe-mas\\\/#breadcrumb\",\"itemListElement\":[{\"@type\":\"ListItem\",\"position\":1,\"name\":\"Portada\",\"item\":\"https:\\\/\\\/diariotextual.com\\\/inicio\\\/\"},{\"@type\":\"ListItem\",\"position\":2,\"name\":\"Tetaz: \u201cJuntos por el Cambio no existe m\u00e1s\u201d\"}]},{\"@type\":\"WebSite\",\"@id\":\"https:\\\/\\\/diariotextual.com\\\/inicio\\\/#website\",\"url\":\"https:\\\/\\\/diariotextual.com\\\/inicio\\\/\",\"name\":\"Diario Textual\",\"description\":\"\",\"publisher\":{\"@id\":\"https:\\\/\\\/diariotextual.com\\\/inicio\\\/#organization\"},\"potentialAction\":[{\"@type\":\"SearchAction\",\"target\":{\"@type\":\"EntryPoint\",\"urlTemplate\":\"https:\\\/\\\/diariotextual.com\\\/inicio\\\/?s={search_term_string}\"},\"query-input\":{\"@type\":\"PropertyValueSpecification\",\"valueRequired\":true,\"valueName\":\"search_term_string\"}}],\"inLanguage\":\"es\"},{\"@type\":\"Organization\",\"@id\":\"https:\\\/\\\/diariotextual.com\\\/inicio\\\/#organization\",\"name\":\"Diario Textual\",\"url\":\"https:\\\/\\\/diariotextual.com\\\/inicio\\\/\",\"logo\":{\"@type\":\"ImageObject\",\"inLanguage\":\"es\",\"@id\":\"https:\\\/\\\/diariotextual.com\\\/inicio\\\/#\\\/schema\\\/logo\\\/image\\\/\",\"url\":\"https:\\\/\\\/diariotextual.com\\\/inicio\\\/wp-content\\\/uploads\\\/2023\\\/05\\\/logotextual1.jpg\",\"contentUrl\":\"https:\\\/\\\/diariotextual.com\\\/inicio\\\/wp-content\\\/uploads\\\/2023\\\/05\\\/logotextual1.jpg\",\"width\":516,\"height\":76,\"caption\":\"Diario Textual\"},\"image\":{\"@id\":\"https:\\\/\\\/diariotextual.com\\\/inicio\\\/#\\\/schema\\\/logo\\\/image\\\/\"},\"sameAs\":[\"https:\\\/\\\/www.facebook.com\\\/eltextual\",\"https:\\\/\\\/x.com\\\/eltextual\",\"http:\\\/\\\/www.instagram.com\\\/eltextual\"]},{\"@type\":\"Person\",\"@id\":\"https:\\\/\\\/diariotextual.com\\\/inicio\\\/#\\\/schema\\\/person\\\/a1b6f563e0ee944c60f98119389a4d9f\",\"name\":\"diario3\",\"image\":{\"@type\":\"ImageObject\",\"inLanguage\":\"es\",\"@id\":\"https:\\\/\\\/secure.gravatar.com\\\/avatar\\\/5e7ee62c82fc04d9dd79d746a390d93c69c43223e5faeeb3ea9461ef752bfc5d?s=96&d=mm&r=g\",\"url\":\"https:\\\/\\\/secure.gravatar.com\\\/avatar\\\/5e7ee62c82fc04d9dd79d746a390d93c69c43223e5faeeb3ea9461ef752bfc5d?s=96&d=mm&r=g\",\"contentUrl\":\"https:\\\/\\\/secure.gravatar.com\\\/avatar\\\/5e7ee62c82fc04d9dd79d746a390d93c69c43223e5faeeb3ea9461ef752bfc5d?s=96&d=mm&r=g\",\"caption\":\"diario3\"},\"url\":\"https:\\\/\\\/diariotextual.com\\\/inicio\\\/index.php\\\/author\\\/diario3\\\/\"}]}<\/script>\n<!-- \/ Yoast SEO plugin. -->","yoast_head_json":{"title":"Tetaz: \u201cJuntos por el Cambio no existe m\u00e1s\u201d - Diario Textual","robots":{"index":"index","follow":"follow","max-snippet":"max-snippet:-1","max-image-preview":"max-image-preview:large","max-video-preview":"max-video-preview:-1"},"canonical":"https:\/\/diariotextual.com\/inicio\/index.php\/2023\/11\/21\/tetaz-juntos-por-el-cambio-no-existe-mas\/","og_locale":"es_ES","og_type":"article","og_title":"Tetaz: \u201cJuntos por el Cambio no existe m\u00e1s\u201d - Diario Textual","og_description":"El diputado radical de Juntos por el Cambio (JxC) Mart\u00edn Tetaz consider\u00f3 este martes que tanto la \u00abprivatizaci\u00f3n de los medios p\u00fablicos\u00bb como la \u00abdolarizaci\u00f3n\u00bb que plantea el presidente electo,&hellip;","og_url":"https:\/\/diariotextual.com\/inicio\/index.php\/2023\/11\/21\/tetaz-juntos-por-el-cambio-no-existe-mas\/","og_site_name":"Diario Textual","article_publisher":"https:\/\/www.facebook.com\/eltextual","article_published_time":"2023-11-21T23:17:02+00:00","article_modified_time":"2023-11-21T23:17:04+00:00","og_image":[{"width":918,"height":602,"url":"https:\/\/diariotextual.com\/inicio\/wp-content\/uploads\/2021\/11\/tetazmartin2021-1.jpg","type":"image\/jpeg"}],"author":"diario3","twitter_card":"summary_large_image","twitter_creator":"@eltextual","twitter_site":"@eltextual","twitter_misc":{"Escrito por":"diario3","Tiempo de lectura":"3 minutos"},"schema":{"@context":"https:\/\/schema.org","@graph":[{"@type":"Article","@id":"https:\/\/diariotextual.com\/inicio\/index.php\/2023\/11\/21\/tetaz-juntos-por-el-cambio-no-existe-mas\/#article","isPartOf":{"@id":"https:\/\/diariotextual.com\/inicio\/index.php\/2023\/11\/21\/tetaz-juntos-por-el-cambio-no-existe-mas\/"},"author":{"name":"diario3","@id":"https:\/\/diariotextual.com\/inicio\/#\/schema\/person\/a1b6f563e0ee944c60f98119389a4d9f"},"headline":"Tetaz: \u201cJuntos por el Cambio no existe m\u00e1s\u201d","datePublished":"2023-11-21T23:17:02+00:00","dateModified":"2023-11-21T23:17:04+00:00","mainEntityOfPage":{"@id":"https:\/\/diariotextual.com\/inicio\/index.php\/2023\/11\/21\/tetaz-juntos-por-el-cambio-no-existe-mas\/"},"wordCount":561,"publisher":{"@id":"https:\/\/diariotextual.com\/inicio\/#organization"},"image":{"@id":"https:\/\/diariotextual.com\/inicio\/index.php\/2023\/11\/21\/tetaz-juntos-por-el-cambio-no-existe-mas\/#primaryimage"},"thumbnailUrl":"https:\/\/diariotextual.com\/inicio\/wp-content\/uploads\/2021\/11\/tetazmartin2021-1.jpg","keywords":["Juntos por el cambio","ucr"],"articleSection":["A - ES NOTICIA (van abajo)","POLITICA"],"inLanguage":"es"},{"@type":"WebPage","@id":"https:\/\/diariotextual.com\/inicio\/index.php\/2023\/11\/21\/tetaz-juntos-por-el-cambio-no-existe-mas\/","url":"https:\/\/diariotextual.com\/inicio\/index.php\/2023\/11\/21\/tetaz-juntos-por-el-cambio-no-existe-mas\/","name":"Tetaz: \u201cJuntos por el Cambio no existe m\u00e1s\u201d - Diario Textual","isPartOf":{"@id":"https:\/\/diariotextual.com\/inicio\/#website"},"primaryImageOfPage":{"@id":"https:\/\/diariotextual.com\/inicio\/index.php\/2023\/11\/21\/tetaz-juntos-por-el-cambio-no-existe-mas\/#primaryimage"},"image":{"@id":"https:\/\/diariotextual.com\/inicio\/index.php\/2023\/11\/21\/tetaz-juntos-por-el-cambio-no-existe-mas\/#primaryimage"},"thumbnailUrl":"https:\/\/diariotextual.com\/inicio\/wp-content\/uploads\/2021\/11\/tetazmartin2021-1.jpg","datePublished":"2023-11-21T23:17:02+00:00","dateModified":"2023-11-21T23:17:04+00:00","breadcrumb":{"@id":"https:\/\/diariotextual.com\/inicio\/index.php\/2023\/11\/21\/tetaz-juntos-por-el-cambio-no-existe-mas\/#breadcrumb"},"inLanguage":"es","potentialAction":[{"@type":"ReadAction","target":["https:\/\/diariotextual.com\/inicio\/index.php\/2023\/11\/21\/tetaz-juntos-por-el-cambio-no-existe-mas\/"]}]},{"@type":"ImageObject","inLanguage":"es","@id":"https:\/\/diariotextual.com\/inicio\/index.php\/2023\/11\/21\/tetaz-juntos-por-el-cambio-no-existe-mas\/#primaryimage","url":"https:\/\/diariotextual.com\/inicio\/wp-content\/uploads\/2021\/11\/tetazmartin2021-1.jpg","contentUrl":"https:\/\/diariotextual.com\/inicio\/wp-content\/uploads\/2021\/11\/tetazmartin2021-1.jpg","width":918,"height":602},{"@type":"BreadcrumbList","@id":"https:\/\/diariotextual.com\/inicio\/index.php\/2023\/11\/21\/tetaz-juntos-por-el-cambio-no-existe-mas\/#breadcrumb","itemListElement":[{"@type":"ListItem","position":1,"name":"Portada","item":"https:\/\/diariotextual.com\/inicio\/"},{"@type":"ListItem","position":2,"name":"Tetaz: \u201cJuntos por el Cambio no existe m\u00e1s\u201d"}]},{"@type":"WebSite","@id":"https:\/\/diariotextual.com\/inicio\/#website","url":"https:\/\/diariotextual.com\/inicio\/","name":"Diario Textual","description":"","publisher":{"@id":"https:\/\/diariotextual.com\/inicio\/#organization"},"potentialAction":[{"@type":"SearchAction","target":{"@type":"EntryPoint","urlTemplate":"https:\/\/diariotextual.com\/inicio\/?s={search_term_string}"},"query-input":{"@type":"PropertyValueSpecification","valueRequired":true,"valueName":"search_term_string"}}],"inLanguage":"es"},{"@type":"Organization","@id":"https:\/\/diariotextual.com\/inicio\/#organization","name":"Diario Textual","url":"https:\/\/diariotextual.com\/inicio\/","logo":{"@type":"ImageObject","inLanguage":"es","@id":"https:\/\/diariotextual.com\/inicio\/#\/schema\/logo\/image\/","url":"https:\/\/diariotextual.com\/inicio\/wp-content\/uploads\/2023\/05\/logotextual1.jpg","contentUrl":"https:\/\/diariotextual.com\/inicio\/wp-content\/uploads\/2023\/05\/logotextual1.jpg","width":516,"height":76,"caption":"Diario Textual"},"image":{"@id":"https:\/\/diariotextual.com\/inicio\/#\/schema\/logo\/image\/"},"sameAs":["https:\/\/www.facebook.com\/eltextual","https:\/\/x.com\/eltextual","http:\/\/www.instagram.com\/eltextual"]},{"@type":"Person","@id":"https:\/\/diariotextual.com\/inicio\/#\/schema\/person\/a1b6f563e0ee944c60f98119389a4d9f","name":"diario3","image":{"@type":"ImageObject","inLanguage":"es","@id":"https:\/\/secure.gravatar.com\/avatar\/5e7ee62c82fc04d9dd79d746a390d93c69c43223e5faeeb3ea9461ef752bfc5d?s=96&d=mm&r=g","url":"https:\/\/secure.gravatar.com\/avatar\/5e7ee62c82fc04d9dd79d746a390d93c69c43223e5faeeb3ea9461ef752bfc5d?s=96&d=mm&r=g","contentUrl":"https:\/\/secure.gravatar.com\/avatar\/5e7ee62c82fc04d9dd79d746a390d93c69c43223e5faeeb3ea9461ef752bfc5d?s=96&d=mm&r=g","caption":"diario3"},"url":"https:\/\/diariotextual.com\/inicio\/index.php\/author\/diario3\/"}]}},"_links":{"self":[{"href":"https:\/\/diariotextual.com\/inicio\/index.php\/wp-json\/wp\/v2\/posts\/245276","targetHints":{"allow":["GET"]}}],"collection":[{"href":"https:\/\/diariotextual.com\/inicio\/index.php\/wp-json\/wp\/v2\/posts"}],"about":[{"href":"https:\/\/diariotextual.com\/inicio\/index.php\/wp-json\/wp\/v2\/types\/post"}],"author":[{"embeddable":true,"href":"https:\/\/diariotextual.com\/inicio\/index.php\/wp-json\/wp\/v2\/users\/5"}],"replies":[{"embeddable":true,"href":"https:\/\/diariotextual.com\/inicio\/index.php\/wp-json\/wp\/v2\/comments?post=245276"}],"version-history":[{"count":1,"href":"https:\/\/diariotextual.com\/inicio\/index.php\/wp-json\/wp\/v2\/posts\/245276\/revisions"}],"predecessor-version":[{"id":245277,"href":"https:\/\/diariotextual.com\/inicio\/index.php\/wp-json\/wp\/v2\/posts\/245276\/revisions\/245277"}],"wp:featuredmedia":[{"embeddable":true,"href":"https:\/\/diariotextual.com\/inicio\/index.php\/wp-json\/wp\/v2\/media\/168164"}],"wp:attachment":[{"href":"https:\/\/diariotextual.com\/inicio\/index.php\/wp-json\/wp\/v2\/media?parent=245276"}],"wp:term":[{"taxonomy":"category","embeddable":true,"href":"https:\/\/diariotextual.com\/inicio\/index.php\/wp-json\/wp\/v2\/categories?post=245276"},{"taxonomy":"post_tag","embeddable":true,"href":"https:\/\/diariotextual.com\/inicio\/index.php\/wp-json\/wp\/v2\/tags?post=245276"}],"curies":[{"name":"wp","href":"https:\/\/api.w.org\/{rel}","templated":true}]}}