{"id":245286,"date":"2023-11-21T23:16:12","date_gmt":"2023-11-22T02:16:12","guid":{"rendered":"https:\/\/diariotextual.com\/inicio\/?p=245286"},"modified":"2023-11-21T23:59:36","modified_gmt":"2023-11-22T02:59:36","slug":"la-policia-brasilena-reprimio-a-hinchas-argentinos-la-seleccion-se-retiro-de-la-cancha-y-volvio","status":"publish","type":"post","link":"https:\/\/diariotextual.com\/inicio\/index.php\/2023\/11\/21\/la-policia-brasilena-reprimio-a-hinchas-argentinos-la-seleccion-se-retiro-de-la-cancha-y-volvio\/","title":{"rendered":"La polic\u00eda brasile\u00f1a reprimi\u00f3 a hinchas argentinos: la Selecci\u00f3n se retir\u00f3 de la cancha y volvi\u00f3"},"content":{"rendered":"\n<p>El capit\u00e1n del seleccionado argentino, Lionel Messi, les pas\u00f3 la orden a los restantes integrantes del plantel para que se retiraran del campo de juego del estadio Maracan\u00e1, a ra\u00edz de las agresiones sufridas por hinchas del equipo albiceleste de parte de los parciales locales primero y con mayor dureza de la polic\u00eda local despu\u00e9s.<\/p>\n\n\n\n<p><\/p>\n\n\n\n<figure class=\"wp-block-embed is-type-rich is-provider-twitter wp-block-embed-twitter\"><div class=\"wp-block-embed__wrapper\">\nhttps:\/\/twitter.com\/TV_Publica\/status\/1727129332894630098?ref_src=twsrc%5Etfw%7Ctwcamp%5Etweetembed%7Ctwterm%5E1727129332894630098%7Ctwgr%5Ea3611c0b846116431eea8318c5f37fa666d7c711%7Ctwcon%5Es1_&#038;ref_url=https%3A%2F%2Fwww.telam.com.ar%2Fnotas%2F202311%2F647322-argentina-brasil-incidentes-maracana-policia-militar-futbol.html\n<\/div><\/figure>\n\n\n\n<p><\/p>\n\n\n\n<p>Los incidentes hab\u00edan comenzado una hora antes del horario previsto para el comienzo del encuentro (21.30), cuando hinchas locales quisieron despojar a los argentinos (no m\u00e1s de 200) de una bandera, pero recrudecieron con m\u00e1s violencia a la hora de ejecutarse los himnos de ambos pa\u00edses.<\/p>\n\n\n\n<p>Todo se complic\u00f3 aun m\u00e1s cuando intervino la polic\u00eda local, quiz\u00e1 cargada aun por la multitudinaria visita a R\u00edo de Janeiro de los hinchas de Boca Juniors en ocasi\u00f3n de la final de la Copa Libertadores, que atac\u00f3 duramente a ese pac\u00edfico grupo de argentinos entre los que se encontraban mujeres y ni\u00f1os.<\/p>\n\n\n\n<p>Cuando esto \u00faltimo ocurri\u00f3 el \u00e1rbitro chileno Piero Maza estaba a punto de dar por comenzado el encuentro, pero entonces fue advertido por el capit\u00e1n argentino, Lionel Messi, sobre lo que estaba sucediendo en una de las cabeceras del estadio.<\/p>\n\n\n\n<p>No se qued\u00f3 con eso el capit\u00e1n argentino, sino que encabez\u00f3 el traslado de sus compa\u00f1eros (titulares y suplentes) hasta la zona del conflicto, con el objetivo de proteger a los hinchas propios.<\/p>\n\n\n\n<p>All\u00ed los jugadores se acercaron lo m\u00e1ximo posible a sus hinchas y se enfrentaron con la polic\u00eda local, siendo el que llev\u00f3 la batuta en estas acciones el arquero Emiliano Mart\u00ednez, quien par\u00f3 un \u201cbastonazo\u201d con sus propias manos luego de saltar la valla que separaba a los aficionados del campo de juego.<\/p>\n\n\n\n<p>Las discusiones se extendieron por m\u00e1s de 10 minutos, al cabo de los cuales a Messi se lo vio decir \u201cnos vamos\u201d, y todos acataron su orden y se metieron en los vestuarios, en una muestra de protesta por la represi\u00f3n policial que puso en vilo la realizaci\u00f3n del encuentro.<\/p>\n\n\n\n<p>Reci\u00e9n despu\u00e9s de muchos concili\u00e1bulos y la confirmaci\u00f3n que lleg\u00f3 al vestuario de que los problemas con los hinchas argentinos se hab\u00edan calmado, algo que informaron las autoridades de la Conmebol que tomaron cartas en el asunto, el capit\u00e1n Messi les indic\u00f3 a sus compa\u00f1eros que era hora de volver al campo para jugar el partido.<\/p>\n\n\n\n<p>El encuentro estuvo demorado entonces 28 minutos, qued\u00f3 a punto de suspenderse tal como sucediera, aunque por otras razones pero de manera no menos escandalosa, en las Eliminatorias para Qatar 2022, aunque en aquella oportunidad en el Arena Corinthians, de San Pablo. Un encuentro que nunca m\u00e1s se volvi\u00f3 a jugar.<\/p>\n\n\n\n<p><\/p>\n","protected":false},"excerpt":{"rendered":"<p>El capit\u00e1n del seleccionado argentino, Lionel Messi, les pas\u00f3 la orden a los restantes integrantes del plantel para que se retiraran del campo de juego del estadio Maracan\u00e1, a ra\u00edz&hellip;<\/p>\n","protected":false},"author":3,"featured_media":245289,"comment_status":"closed","ping_status":"open","sticky":false,"template":"","format":"standard","meta":{"_acf_changed":false,"footnotes":""},"categories":[1,3],"tags":[],"class_list":["post-245286","post","type-post","status-publish","format-standard","has-post-thumbnail","hentry","category-es-noticia","category-deportes"],"acf":[],"yoast_head":"<!-- This site is optimized with the Yoast SEO plugin v27.5 - https:\/\/yoast.com\/product\/yoast-seo-wordpress\/ -->\n<title>La polic\u00eda brasile\u00f1a reprimi\u00f3 a hinchas argentinos: la Selecci\u00f3n se retir\u00f3 de la cancha y volvi\u00f3 - Diario Textual<\/title>\n<meta name=\"robots\" content=\"index, follow, max-snippet:-1, max-image-preview:large, max-video-preview:-1\" \/>\n<link rel=\"canonical\" href=\"https:\/\/diariotextual.com\/inicio\/index.php\/2023\/11\/21\/la-policia-brasilena-reprimio-a-hinchas-argentinos-la-seleccion-se-retiro-de-la-cancha-y-volvio\/\" \/>\n<meta property=\"og:locale\" content=\"es_ES\" \/>\n<meta property=\"og:type\" content=\"article\" \/>\n<meta property=\"og:title\" content=\"La polic\u00eda brasile\u00f1a reprimi\u00f3 a hinchas argentinos: la Selecci\u00f3n se retir\u00f3 de la cancha y volvi\u00f3 - Diario Textual\" \/>\n<meta property=\"og:description\" content=\"El capit\u00e1n del seleccionado argentino, Lionel Messi, les pas\u00f3 la orden a los restantes integrantes del plantel para que se retiraran del campo de juego del estadio Maracan\u00e1, a ra\u00edz&hellip;\" \/>\n<meta property=\"og:url\" content=\"https:\/\/diariotextual.com\/inicio\/index.php\/2023\/11\/21\/la-policia-brasilena-reprimio-a-hinchas-argentinos-la-seleccion-se-retiro-de-la-cancha-y-volvio\/\" \/>\n<meta property=\"og:site_name\" content=\"Diario Textual\" \/>\n<meta property=\"article:publisher\" content=\"https:\/\/www.facebook.com\/eltextual\" \/>\n<meta property=\"article:published_time\" content=\"2023-11-22T02:16:12+00:00\" \/>\n<meta property=\"article:modified_time\" content=\"2023-11-22T02:59:36+00:00\" \/>\n<meta property=\"og:image\" content=\"https:\/\/diariotextual.com\/inicio\/wp-content\/uploads\/2023\/11\/brasilargentinarepresionhinchas2023-2.jpg\" \/>\n\t<meta property=\"og:image:width\" content=\"1200\" \/>\n\t<meta property=\"og:image:height\" content=\"676\" \/>\n\t<meta property=\"og:image:type\" content=\"image\/jpeg\" \/>\n<meta name=\"author\" content=\"Diario1 Diario1\" \/>\n<meta name=\"twitter:card\" content=\"summary_large_image\" \/>\n<meta name=\"twitter:creator\" content=\"@eltextual\" \/>\n<meta name=\"twitter:site\" content=\"@eltextual\" \/>\n<meta name=\"twitter:label1\" content=\"Escrito por\" \/>\n\t<meta name=\"twitter:data1\" content=\"Diario1 Diario1\" \/>\n\t<meta name=\"twitter:label2\" content=\"Tiempo de lectura\" \/>\n\t<meta name=\"twitter:data2\" content=\"3 minutos\" \/>\n<script type=\"application\/ld+json\" class=\"yoast-schema-graph\">{\"@context\":\"https:\\\/\\\/schema.org\",\"@graph\":[{\"@type\":\"Article\",\"@id\":\"https:\\\/\\\/diariotextual.com\\\/inicio\\\/index.php\\\/2023\\\/11\\\/21\\\/la-policia-brasilena-reprimio-a-hinchas-argentinos-la-seleccion-se-retiro-de-la-cancha-y-volvio\\\/#article\",\"isPartOf\":{\"@id\":\"https:\\\/\\\/diariotextual.com\\\/inicio\\\/index.php\\\/2023\\\/11\\\/21\\\/la-policia-brasilena-reprimio-a-hinchas-argentinos-la-seleccion-se-retiro-de-la-cancha-y-volvio\\\/\"},\"author\":{\"name\":\"Diario1 Diario1\",\"@id\":\"https:\\\/\\\/diariotextual.com\\\/inicio\\\/#\\\/schema\\\/person\\\/418fc4093c33e86ed41562db3508f958\"},\"headline\":\"La polic\u00eda brasile\u00f1a reprimi\u00f3 a hinchas argentinos: la Selecci\u00f3n se retir\u00f3 de la cancha y volvi\u00f3\",\"datePublished\":\"2023-11-22T02:16:12+00:00\",\"dateModified\":\"2023-11-22T02:59:36+00:00\",\"mainEntityOfPage\":{\"@id\":\"https:\\\/\\\/diariotextual.com\\\/inicio\\\/index.php\\\/2023\\\/11\\\/21\\\/la-policia-brasilena-reprimio-a-hinchas-argentinos-la-seleccion-se-retiro-de-la-cancha-y-volvio\\\/\"},\"wordCount\":523,\"publisher\":{\"@id\":\"https:\\\/\\\/diariotextual.com\\\/inicio\\\/#organization\"},\"image\":{\"@id\":\"https:\\\/\\\/diariotextual.com\\\/inicio\\\/index.php\\\/2023\\\/11\\\/21\\\/la-policia-brasilena-reprimio-a-hinchas-argentinos-la-seleccion-se-retiro-de-la-cancha-y-volvio\\\/#primaryimage\"},\"thumbnailUrl\":\"https:\\\/\\\/diariotextual.com\\\/inicio\\\/wp-content\\\/uploads\\\/2023\\\/11\\\/brasilargentinarepresionhinchas2023-2.jpg\",\"articleSection\":[\"A - ES NOTICIA (van abajo)\",\"DEPORTES\"],\"inLanguage\":\"es\"},{\"@type\":\"WebPage\",\"@id\":\"https:\\\/\\\/diariotextual.com\\\/inicio\\\/index.php\\\/2023\\\/11\\\/21\\\/la-policia-brasilena-reprimio-a-hinchas-argentinos-la-seleccion-se-retiro-de-la-cancha-y-volvio\\\/\",\"url\":\"https:\\\/\\\/diariotextual.com\\\/inicio\\\/index.php\\\/2023\\\/11\\\/21\\\/la-policia-brasilena-reprimio-a-hinchas-argentinos-la-seleccion-se-retiro-de-la-cancha-y-volvio\\\/\",\"name\":\"La polic\u00eda brasile\u00f1a reprimi\u00f3 a hinchas argentinos: la Selecci\u00f3n se retir\u00f3 de la cancha y volvi\u00f3 - Diario Textual\",\"isPartOf\":{\"@id\":\"https:\\\/\\\/diariotextual.com\\\/inicio\\\/#website\"},\"primaryImageOfPage\":{\"@id\":\"https:\\\/\\\/diariotextual.com\\\/inicio\\\/index.php\\\/2023\\\/11\\\/21\\\/la-policia-brasilena-reprimio-a-hinchas-argentinos-la-seleccion-se-retiro-de-la-cancha-y-volvio\\\/#primaryimage\"},\"image\":{\"@id\":\"https:\\\/\\\/diariotextual.com\\\/inicio\\\/index.php\\\/2023\\\/11\\\/21\\\/la-policia-brasilena-reprimio-a-hinchas-argentinos-la-seleccion-se-retiro-de-la-cancha-y-volvio\\\/#primaryimage\"},\"thumbnailUrl\":\"https:\\\/\\\/diariotextual.com\\\/inicio\\\/wp-content\\\/uploads\\\/2023\\\/11\\\/brasilargentinarepresionhinchas2023-2.jpg\",\"datePublished\":\"2023-11-22T02:16:12+00:00\",\"dateModified\":\"2023-11-22T02:59:36+00:00\",\"breadcrumb\":{\"@id\":\"https:\\\/\\\/diariotextual.com\\\/inicio\\\/index.php\\\/2023\\\/11\\\/21\\\/la-policia-brasilena-reprimio-a-hinchas-argentinos-la-seleccion-se-retiro-de-la-cancha-y-volvio\\\/#breadcrumb\"},\"inLanguage\":\"es\",\"potentialAction\":[{\"@type\":\"ReadAction\",\"target\":[\"https:\\\/\\\/diariotextual.com\\\/inicio\\\/index.php\\\/2023\\\/11\\\/21\\\/la-policia-brasilena-reprimio-a-hinchas-argentinos-la-seleccion-se-retiro-de-la-cancha-y-volvio\\\/\"]}]},{\"@type\":\"ImageObject\",\"inLanguage\":\"es\",\"@id\":\"https:\\\/\\\/diariotextual.com\\\/inicio\\\/index.php\\\/2023\\\/11\\\/21\\\/la-policia-brasilena-reprimio-a-hinchas-argentinos-la-seleccion-se-retiro-de-la-cancha-y-volvio\\\/#primaryimage\",\"url\":\"https:\\\/\\\/diariotextual.com\\\/inicio\\\/wp-content\\\/uploads\\\/2023\\\/11\\\/brasilargentinarepresionhinchas2023-2.jpg\",\"contentUrl\":\"https:\\\/\\\/diariotextual.com\\\/inicio\\\/wp-content\\\/uploads\\\/2023\\\/11\\\/brasilargentinarepresionhinchas2023-2.jpg\",\"width\":1200,\"height\":676},{\"@type\":\"BreadcrumbList\",\"@id\":\"https:\\\/\\\/diariotextual.com\\\/inicio\\\/index.php\\\/2023\\\/11\\\/21\\\/la-policia-brasilena-reprimio-a-hinchas-argentinos-la-seleccion-se-retiro-de-la-cancha-y-volvio\\\/#breadcrumb\",\"itemListElement\":[{\"@type\":\"ListItem\",\"position\":1,\"name\":\"Portada\",\"item\":\"https:\\\/\\\/diariotextual.com\\\/inicio\\\/\"},{\"@type\":\"ListItem\",\"position\":2,\"name\":\"La polic\u00eda brasile\u00f1a reprimi\u00f3 a hinchas argentinos: la Selecci\u00f3n se retir\u00f3 de la cancha y volvi\u00f3\"}]},{\"@type\":\"WebSite\",\"@id\":\"https:\\\/\\\/diariotextual.com\\\/inicio\\\/#website\",\"url\":\"https:\\\/\\\/diariotextual.com\\\/inicio\\\/\",\"name\":\"Diario Textual\",\"description\":\"\",\"publisher\":{\"@id\":\"https:\\\/\\\/diariotextual.com\\\/inicio\\\/#organization\"},\"potentialAction\":[{\"@type\":\"SearchAction\",\"target\":{\"@type\":\"EntryPoint\",\"urlTemplate\":\"https:\\\/\\\/diariotextual.com\\\/inicio\\\/?s={search_term_string}\"},\"query-input\":{\"@type\":\"PropertyValueSpecification\",\"valueRequired\":true,\"valueName\":\"search_term_string\"}}],\"inLanguage\":\"es\"},{\"@type\":\"Organization\",\"@id\":\"https:\\\/\\\/diariotextual.com\\\/inicio\\\/#organization\",\"name\":\"Diario Textual\",\"url\":\"https:\\\/\\\/diariotextual.com\\\/inicio\\\/\",\"logo\":{\"@type\":\"ImageObject\",\"inLanguage\":\"es\",\"@id\":\"https:\\\/\\\/diariotextual.com\\\/inicio\\\/#\\\/schema\\\/logo\\\/image\\\/\",\"url\":\"https:\\\/\\\/diariotextual.com\\\/inicio\\\/wp-content\\\/uploads\\\/2023\\\/05\\\/logotextual1.jpg\",\"contentUrl\":\"https:\\\/\\\/diariotextual.com\\\/inicio\\\/wp-content\\\/uploads\\\/2023\\\/05\\\/logotextual1.jpg\",\"width\":516,\"height\":76,\"caption\":\"Diario Textual\"},\"image\":{\"@id\":\"https:\\\/\\\/diariotextual.com\\\/inicio\\\/#\\\/schema\\\/logo\\\/image\\\/\"},\"sameAs\":[\"https:\\\/\\\/www.facebook.com\\\/eltextual\",\"https:\\\/\\\/x.com\\\/eltextual\",\"http:\\\/\\\/www.instagram.com\\\/eltextual\"]},{\"@type\":\"Person\",\"@id\":\"https:\\\/\\\/diariotextual.com\\\/inicio\\\/#\\\/schema\\\/person\\\/418fc4093c33e86ed41562db3508f958\",\"name\":\"Diario1 Diario1\",\"image\":{\"@type\":\"ImageObject\",\"inLanguage\":\"es\",\"@id\":\"https:\\\/\\\/secure.gravatar.com\\\/avatar\\\/9167d280179c85bc18be67aa7eda765854300033af4896dd779b608640f2ef7a?s=96&d=mm&r=g\",\"url\":\"https:\\\/\\\/secure.gravatar.com\\\/avatar\\\/9167d280179c85bc18be67aa7eda765854300033af4896dd779b608640f2ef7a?s=96&d=mm&r=g\",\"contentUrl\":\"https:\\\/\\\/secure.gravatar.com\\\/avatar\\\/9167d280179c85bc18be67aa7eda765854300033af4896dd779b608640f2ef7a?s=96&d=mm&r=g\",\"caption\":\"Diario1 Diario1\"},\"url\":\"https:\\\/\\\/diariotextual.com\\\/inicio\\\/index.php\\\/author\\\/diario1\\\/\"}]}<\/script>\n<!-- \/ Yoast SEO plugin. -->","yoast_head_json":{"title":"La polic\u00eda brasile\u00f1a reprimi\u00f3 a hinchas argentinos: la Selecci\u00f3n se retir\u00f3 de la cancha y volvi\u00f3 - Diario Textual","robots":{"index":"index","follow":"follow","max-snippet":"max-snippet:-1","max-image-preview":"max-image-preview:large","max-video-preview":"max-video-preview:-1"},"canonical":"https:\/\/diariotextual.com\/inicio\/index.php\/2023\/11\/21\/la-policia-brasilena-reprimio-a-hinchas-argentinos-la-seleccion-se-retiro-de-la-cancha-y-volvio\/","og_locale":"es_ES","og_type":"article","og_title":"La polic\u00eda brasile\u00f1a reprimi\u00f3 a hinchas argentinos: la Selecci\u00f3n se retir\u00f3 de la cancha y volvi\u00f3 - Diario Textual","og_description":"El capit\u00e1n del seleccionado argentino, Lionel Messi, les pas\u00f3 la orden a los restantes integrantes del plantel para que se retiraran del campo de juego del estadio Maracan\u00e1, a ra\u00edz&hellip;","og_url":"https:\/\/diariotextual.com\/inicio\/index.php\/2023\/11\/21\/la-policia-brasilena-reprimio-a-hinchas-argentinos-la-seleccion-se-retiro-de-la-cancha-y-volvio\/","og_site_name":"Diario Textual","article_publisher":"https:\/\/www.facebook.com\/eltextual","article_published_time":"2023-11-22T02:16:12+00:00","article_modified_time":"2023-11-22T02:59:36+00:00","og_image":[{"width":1200,"height":676,"url":"https:\/\/diariotextual.com\/inicio\/wp-content\/uploads\/2023\/11\/brasilargentinarepresionhinchas2023-2.jpg","type":"image\/jpeg"}],"author":"Diario1 Diario1","twitter_card":"summary_large_image","twitter_creator":"@eltextual","twitter_site":"@eltextual","twitter_misc":{"Escrito por":"Diario1 Diario1","Tiempo de lectura":"3 minutos"},"schema":{"@context":"https:\/\/schema.org","@graph":[{"@type":"Article","@id":"https:\/\/diariotextual.com\/inicio\/index.php\/2023\/11\/21\/la-policia-brasilena-reprimio-a-hinchas-argentinos-la-seleccion-se-retiro-de-la-cancha-y-volvio\/#article","isPartOf":{"@id":"https:\/\/diariotextual.com\/inicio\/index.php\/2023\/11\/21\/la-policia-brasilena-reprimio-a-hinchas-argentinos-la-seleccion-se-retiro-de-la-cancha-y-volvio\/"},"author":{"name":"Diario1 Diario1","@id":"https:\/\/diariotextual.com\/inicio\/#\/schema\/person\/418fc4093c33e86ed41562db3508f958"},"headline":"La polic\u00eda brasile\u00f1a reprimi\u00f3 a hinchas argentinos: la Selecci\u00f3n se retir\u00f3 de la cancha y volvi\u00f3","datePublished":"2023-11-22T02:16:12+00:00","dateModified":"2023-11-22T02:59:36+00:00","mainEntityOfPage":{"@id":"https:\/\/diariotextual.com\/inicio\/index.php\/2023\/11\/21\/la-policia-brasilena-reprimio-a-hinchas-argentinos-la-seleccion-se-retiro-de-la-cancha-y-volvio\/"},"wordCount":523,"publisher":{"@id":"https:\/\/diariotextual.com\/inicio\/#organization"},"image":{"@id":"https:\/\/diariotextual.com\/inicio\/index.php\/2023\/11\/21\/la-policia-brasilena-reprimio-a-hinchas-argentinos-la-seleccion-se-retiro-de-la-cancha-y-volvio\/#primaryimage"},"thumbnailUrl":"https:\/\/diariotextual.com\/inicio\/wp-content\/uploads\/2023\/11\/brasilargentinarepresionhinchas2023-2.jpg","articleSection":["A - ES NOTICIA (van abajo)","DEPORTES"],"inLanguage":"es"},{"@type":"WebPage","@id":"https:\/\/diariotextual.com\/inicio\/index.php\/2023\/11\/21\/la-policia-brasilena-reprimio-a-hinchas-argentinos-la-seleccion-se-retiro-de-la-cancha-y-volvio\/","url":"https:\/\/diariotextual.com\/inicio\/index.php\/2023\/11\/21\/la-policia-brasilena-reprimio-a-hinchas-argentinos-la-seleccion-se-retiro-de-la-cancha-y-volvio\/","name":"La polic\u00eda brasile\u00f1a reprimi\u00f3 a hinchas argentinos: la Selecci\u00f3n se retir\u00f3 de la cancha y volvi\u00f3 - Diario Textual","isPartOf":{"@id":"https:\/\/diariotextual.com\/inicio\/#website"},"primaryImageOfPage":{"@id":"https:\/\/diariotextual.com\/inicio\/index.php\/2023\/11\/21\/la-policia-brasilena-reprimio-a-hinchas-argentinos-la-seleccion-se-retiro-de-la-cancha-y-volvio\/#primaryimage"},"image":{"@id":"https:\/\/diariotextual.com\/inicio\/index.php\/2023\/11\/21\/la-policia-brasilena-reprimio-a-hinchas-argentinos-la-seleccion-se-retiro-de-la-cancha-y-volvio\/#primaryimage"},"thumbnailUrl":"https:\/\/diariotextual.com\/inicio\/wp-content\/uploads\/2023\/11\/brasilargentinarepresionhinchas2023-2.jpg","datePublished":"2023-11-22T02:16:12+00:00","dateModified":"2023-11-22T02:59:36+00:00","breadcrumb":{"@id":"https:\/\/diariotextual.com\/inicio\/index.php\/2023\/11\/21\/la-policia-brasilena-reprimio-a-hinchas-argentinos-la-seleccion-se-retiro-de-la-cancha-y-volvio\/#breadcrumb"},"inLanguage":"es","potentialAction":[{"@type":"ReadAction","target":["https:\/\/diariotextual.com\/inicio\/index.php\/2023\/11\/21\/la-policia-brasilena-reprimio-a-hinchas-argentinos-la-seleccion-se-retiro-de-la-cancha-y-volvio\/"]}]},{"@type":"ImageObject","inLanguage":"es","@id":"https:\/\/diariotextual.com\/inicio\/index.php\/2023\/11\/21\/la-policia-brasilena-reprimio-a-hinchas-argentinos-la-seleccion-se-retiro-de-la-cancha-y-volvio\/#primaryimage","url":"https:\/\/diariotextual.com\/inicio\/wp-content\/uploads\/2023\/11\/brasilargentinarepresionhinchas2023-2.jpg","contentUrl":"https:\/\/diariotextual.com\/inicio\/wp-content\/uploads\/2023\/11\/brasilargentinarepresionhinchas2023-2.jpg","width":1200,"height":676},{"@type":"BreadcrumbList","@id":"https:\/\/diariotextual.com\/inicio\/index.php\/2023\/11\/21\/la-policia-brasilena-reprimio-a-hinchas-argentinos-la-seleccion-se-retiro-de-la-cancha-y-volvio\/#breadcrumb","itemListElement":[{"@type":"ListItem","position":1,"name":"Portada","item":"https:\/\/diariotextual.com\/inicio\/"},{"@type":"ListItem","position":2,"name":"La polic\u00eda brasile\u00f1a reprimi\u00f3 a hinchas argentinos: la Selecci\u00f3n se retir\u00f3 de la cancha y volvi\u00f3"}]},{"@type":"WebSite","@id":"https:\/\/diariotextual.com\/inicio\/#website","url":"https:\/\/diariotextual.com\/inicio\/","name":"Diario Textual","description":"","publisher":{"@id":"https:\/\/diariotextual.com\/inicio\/#organization"},"potentialAction":[{"@type":"SearchAction","target":{"@type":"EntryPoint","urlTemplate":"https:\/\/diariotextual.com\/inicio\/?s={search_term_string}"},"query-input":{"@type":"PropertyValueSpecification","valueRequired":true,"valueName":"search_term_string"}}],"inLanguage":"es"},{"@type":"Organization","@id":"https:\/\/diariotextual.com\/inicio\/#organization","name":"Diario Textual","url":"https:\/\/diariotextual.com\/inicio\/","logo":{"@type":"ImageObject","inLanguage":"es","@id":"https:\/\/diariotextual.com\/inicio\/#\/schema\/logo\/image\/","url":"https:\/\/diariotextual.com\/inicio\/wp-content\/uploads\/2023\/05\/logotextual1.jpg","contentUrl":"https:\/\/diariotextual.com\/inicio\/wp-content\/uploads\/2023\/05\/logotextual1.jpg","width":516,"height":76,"caption":"Diario Textual"},"image":{"@id":"https:\/\/diariotextual.com\/inicio\/#\/schema\/logo\/image\/"},"sameAs":["https:\/\/www.facebook.com\/eltextual","https:\/\/x.com\/eltextual","http:\/\/www.instagram.com\/eltextual"]},{"@type":"Person","@id":"https:\/\/diariotextual.com\/inicio\/#\/schema\/person\/418fc4093c33e86ed41562db3508f958","name":"Diario1 Diario1","image":{"@type":"ImageObject","inLanguage":"es","@id":"https:\/\/secure.gravatar.com\/avatar\/9167d280179c85bc18be67aa7eda765854300033af4896dd779b608640f2ef7a?s=96&d=mm&r=g","url":"https:\/\/secure.gravatar.com\/avatar\/9167d280179c85bc18be67aa7eda765854300033af4896dd779b608640f2ef7a?s=96&d=mm&r=g","contentUrl":"https:\/\/secure.gravatar.com\/avatar\/9167d280179c85bc18be67aa7eda765854300033af4896dd779b608640f2ef7a?s=96&d=mm&r=g","caption":"Diario1 Diario1"},"url":"https:\/\/diariotextual.com\/inicio\/index.php\/author\/diario1\/"}]}},"_links":{"self":[{"href":"https:\/\/diariotextual.com\/inicio\/index.php\/wp-json\/wp\/v2\/posts\/245286","targetHints":{"allow":["GET"]}}],"collection":[{"href":"https:\/\/diariotextual.com\/inicio\/index.php\/wp-json\/wp\/v2\/posts"}],"about":[{"href":"https:\/\/diariotextual.com\/inicio\/index.php\/wp-json\/wp\/v2\/types\/post"}],"author":[{"embeddable":true,"href":"https:\/\/diariotextual.com\/inicio\/index.php\/wp-json\/wp\/v2\/users\/3"}],"replies":[{"embeddable":true,"href":"https:\/\/diariotextual.com\/inicio\/index.php\/wp-json\/wp\/v2\/comments?post=245286"}],"version-history":[{"count":3,"href":"https:\/\/diariotextual.com\/inicio\/index.php\/wp-json\/wp\/v2\/posts\/245286\/revisions"}],"predecessor-version":[{"id":245290,"href":"https:\/\/diariotextual.com\/inicio\/index.php\/wp-json\/wp\/v2\/posts\/245286\/revisions\/245290"}],"wp:featuredmedia":[{"embeddable":true,"href":"https:\/\/diariotextual.com\/inicio\/index.php\/wp-json\/wp\/v2\/media\/245289"}],"wp:attachment":[{"href":"https:\/\/diariotextual.com\/inicio\/index.php\/wp-json\/wp\/v2\/media?parent=245286"}],"wp:term":[{"taxonomy":"category","embeddable":true,"href":"https:\/\/diariotextual.com\/inicio\/index.php\/wp-json\/wp\/v2\/categories?post=245286"},{"taxonomy":"post_tag","embeddable":true,"href":"https:\/\/diariotextual.com\/inicio\/index.php\/wp-json\/wp\/v2\/tags?post=245286"}],"curies":[{"name":"wp","href":"https:\/\/api.w.org\/{rel}","templated":true}]}}