{"id":245307,"date":"2023-11-22T06:39:24","date_gmt":"2023-11-22T09:39:24","guid":{"rendered":"https:\/\/diariotextual.com\/inicio\/?p=245307"},"modified":"2023-11-22T11:15:35","modified_gmt":"2023-11-22T14:15:35","slug":"milei-advirtio-que-la-inflacion-puede-persistir-por-otros-18-o-24-meses","status":"publish","type":"post","link":"https:\/\/diariotextual.com\/inicio\/index.php\/2023\/11\/22\/milei-advirtio-que-la-inflacion-puede-persistir-por-otros-18-o-24-meses\/","title":{"rendered":"Milei advirti\u00f3 que la inflaci\u00f3n puede persistir por otros \u201c18 o 24 meses\u201d"},"content":{"rendered":"\n<p>El presidente electo, Javier Milei, reconoci\u00f3 que la inflaci\u00f3n podr\u00eda persistir durante otros \u201c18 y 24 meses\u201d, remarc\u00f3 que restringir\u00e1 la obra p\u00fablica, que su plan econ\u00f3mico ser\u00e1 \u201cde shock\u201d y descart\u00f3 un nuevo Plan Bonex para resolver la deuda del Banco Central con las entidades financieras.<\/p>\n\n\n\n<p>\u201cVoy a hacer ajuste de shock y&nbsp;<strong>con el compromiso de generar un equilibrio fiscal<\/strong>\u201d, afirm\u00f3 Milei, y advirti\u00f3 que en caso de conflictividad social va a usar \u201c<strong>toda la fuerza de la ley porque el orden se respeta<\/strong>\u201d. Enfatiz\u00f3 que \u201cdentro de la ley todo, fuera de la ley nada\u201d.<br><br>En declaraciones a Neura Media, el economista libertario destac\u00f3 la elecci\u00f3n que hizo e insisti\u00f3 en que el ajuste<strong>&nbsp;lo \u201cva a pagar la casta\u201d.<\/strong><br><br>\u201cEs la primera vez que gana alguien que dice que va a hacer ajuste. No lo va a pagar la gente de bien, lo va a pagar la pol\u00edtica, la casta,&nbsp;<strong>los empresarios prebendarios<\/strong>,&nbsp;<strong>los medios corruptos y los profesionales que dependen de los pol\u00edticos<\/strong>\u201d, indic\u00f3 el actual diputado nacional que gan\u00f3 el balotaje presidencial el pasado domingo.<br><br>Indic\u00f3 que el ajuste que realizar\u00e1 permitir\u00e1 el \u201cequilibrio fiscal\u201d, que va a ser \u201ctremendo\u201d con la subida de los sueldos en d\u00f3lares, y la \u201cca\u00edda de la pobreza e indigencia\u201d.<br><br>\u201cEl 10 de diciembre le voy a contar a la gente la cantidad de bombas que est\u00e1n plantadas y que vamos a hacer todo lo humanamente posible para evitar la hiperinflaci\u00f3n. Es probable que tengamos que soportar 6 meses duros, pero que van a ser la base del despegue de Argentina\u201d, dijo.<br><br>El presidente electo critic\u00f3 asimismo la emisi\u00f3n monetaria y sostuvo que \u201cuna parte de ella se volc\u00f3 a la inflaci\u00f3n\u201d.<\/p>\n\n\n\n<p>\u201cEl d\u00eda que cort\u00e1s con la emisi\u00f3n, si no te cae la demanda de dinero, la inflaci\u00f3n va a seguir por 18 o 24 meses. La convertibilidad (en el Gobierno de Carlos Menem), el programa m\u00e1s exitoso de la historia argentina, tard\u00f3 20 meses en estabilizar la econom\u00eda\u201d, dijo.<br><br>Luego, al ser consultado por la situaci\u00f3n de la obra p\u00fablica,&nbsp;<strong>reiter\u00f3 su propuesta de eliminarla<\/strong>&nbsp;e impuls\u00f3 la propuesta de&nbsp;<strong>iniciativa de obra privada a la chilena<\/strong>.<\/p>\n\n\n\n<p><\/p>\n","protected":false},"excerpt":{"rendered":"<p>El presidente electo, Javier Milei, reconoci\u00f3 que la inflaci\u00f3n podr\u00eda persistir durante otros \u201c18 y 24 meses\u201d, remarc\u00f3 que restringir\u00e1 la obra p\u00fablica, que su plan econ\u00f3mico ser\u00e1 \u201cde shock\u201d&hellip;<\/p>\n","protected":false},"author":3,"featured_media":245045,"comment_status":"closed","ping_status":"open","sticky":false,"template":"","format":"standard","meta":{"_acf_changed":false,"footnotes":""},"categories":[1,8],"tags":[],"class_list":["post-245307","post","type-post","status-publish","format-standard","has-post-thumbnail","hentry","category-es-noticia","category-politica"],"acf":[],"yoast_head":"<!-- This site is optimized with the Yoast SEO plugin v27.5 - https:\/\/yoast.com\/product\/yoast-seo-wordpress\/ -->\n<title>Milei advirti\u00f3 que la inflaci\u00f3n puede persistir por otros \u201c18 o 24 meses\u201d - Diario Textual<\/title>\n<meta name=\"robots\" content=\"index, follow, max-snippet:-1, max-image-preview:large, max-video-preview:-1\" \/>\n<link rel=\"canonical\" href=\"https:\/\/diariotextual.com\/inicio\/index.php\/2023\/11\/22\/milei-advirtio-que-la-inflacion-puede-persistir-por-otros-18-o-24-meses\/\" \/>\n<meta property=\"og:locale\" content=\"es_ES\" \/>\n<meta property=\"og:type\" content=\"article\" \/>\n<meta property=\"og:title\" content=\"Milei advirti\u00f3 que la inflaci\u00f3n puede persistir por otros \u201c18 o 24 meses\u201d - Diario Textual\" \/>\n<meta property=\"og:description\" content=\"El presidente electo, Javier Milei, reconoci\u00f3 que la inflaci\u00f3n podr\u00eda persistir durante otros \u201c18 y 24 meses\u201d, remarc\u00f3 que restringir\u00e1 la obra p\u00fablica, que su plan econ\u00f3mico ser\u00e1 \u201cde shock\u201d&hellip;\" \/>\n<meta property=\"og:url\" content=\"https:\/\/diariotextual.com\/inicio\/index.php\/2023\/11\/22\/milei-advirtio-que-la-inflacion-puede-persistir-por-otros-18-o-24-meses\/\" \/>\n<meta property=\"og:site_name\" content=\"Diario Textual\" \/>\n<meta property=\"article:publisher\" content=\"https:\/\/www.facebook.com\/eltextual\" \/>\n<meta property=\"article:published_time\" content=\"2023-11-22T09:39:24+00:00\" \/>\n<meta property=\"article:modified_time\" content=\"2023-11-22T14:15:35+00:00\" \/>\n<meta property=\"og:image\" content=\"https:\/\/diariotextual.com\/inicio\/wp-content\/uploads\/2023\/11\/mileijaviertelam2023-567.jpg\" \/>\n\t<meta property=\"og:image:width\" content=\"1200\" \/>\n\t<meta property=\"og:image:height\" content=\"675\" \/>\n\t<meta property=\"og:image:type\" content=\"image\/jpeg\" \/>\n<meta name=\"author\" content=\"Diario1 Diario1\" \/>\n<meta name=\"twitter:card\" content=\"summary_large_image\" \/>\n<meta name=\"twitter:creator\" content=\"@eltextual\" \/>\n<meta name=\"twitter:site\" content=\"@eltextual\" \/>\n<meta name=\"twitter:label1\" content=\"Escrito por\" \/>\n\t<meta name=\"twitter:data1\" content=\"Diario1 Diario1\" \/>\n\t<meta name=\"twitter:label2\" content=\"Tiempo de lectura\" \/>\n\t<meta name=\"twitter:data2\" content=\"2 minutos\" \/>\n<script type=\"application\/ld+json\" class=\"yoast-schema-graph\">{\"@context\":\"https:\\\/\\\/schema.org\",\"@graph\":[{\"@type\":\"Article\",\"@id\":\"https:\\\/\\\/diariotextual.com\\\/inicio\\\/index.php\\\/2023\\\/11\\\/22\\\/milei-advirtio-que-la-inflacion-puede-persistir-por-otros-18-o-24-meses\\\/#article\",\"isPartOf\":{\"@id\":\"https:\\\/\\\/diariotextual.com\\\/inicio\\\/index.php\\\/2023\\\/11\\\/22\\\/milei-advirtio-que-la-inflacion-puede-persistir-por-otros-18-o-24-meses\\\/\"},\"author\":{\"name\":\"Diario1 Diario1\",\"@id\":\"https:\\\/\\\/diariotextual.com\\\/inicio\\\/#\\\/schema\\\/person\\\/418fc4093c33e86ed41562db3508f958\"},\"headline\":\"Milei advirti\u00f3 que la inflaci\u00f3n puede persistir por otros \u201c18 o 24 meses\u201d\",\"datePublished\":\"2023-11-22T09:39:24+00:00\",\"dateModified\":\"2023-11-22T14:15:35+00:00\",\"mainEntityOfPage\":{\"@id\":\"https:\\\/\\\/diariotextual.com\\\/inicio\\\/index.php\\\/2023\\\/11\\\/22\\\/milei-advirtio-que-la-inflacion-puede-persistir-por-otros-18-o-24-meses\\\/\"},\"wordCount\":394,\"publisher\":{\"@id\":\"https:\\\/\\\/diariotextual.com\\\/inicio\\\/#organization\"},\"image\":{\"@id\":\"https:\\\/\\\/diariotextual.com\\\/inicio\\\/index.php\\\/2023\\\/11\\\/22\\\/milei-advirtio-que-la-inflacion-puede-persistir-por-otros-18-o-24-meses\\\/#primaryimage\"},\"thumbnailUrl\":\"https:\\\/\\\/diariotextual.com\\\/inicio\\\/wp-content\\\/uploads\\\/2023\\\/11\\\/mileijaviertelam2023-567.jpg\",\"articleSection\":[\"A - ES NOTICIA (van abajo)\",\"POLITICA\"],\"inLanguage\":\"es\"},{\"@type\":\"WebPage\",\"@id\":\"https:\\\/\\\/diariotextual.com\\\/inicio\\\/index.php\\\/2023\\\/11\\\/22\\\/milei-advirtio-que-la-inflacion-puede-persistir-por-otros-18-o-24-meses\\\/\",\"url\":\"https:\\\/\\\/diariotextual.com\\\/inicio\\\/index.php\\\/2023\\\/11\\\/22\\\/milei-advirtio-que-la-inflacion-puede-persistir-por-otros-18-o-24-meses\\\/\",\"name\":\"Milei advirti\u00f3 que la inflaci\u00f3n puede persistir por otros \u201c18 o 24 meses\u201d - Diario Textual\",\"isPartOf\":{\"@id\":\"https:\\\/\\\/diariotextual.com\\\/inicio\\\/#website\"},\"primaryImageOfPage\":{\"@id\":\"https:\\\/\\\/diariotextual.com\\\/inicio\\\/index.php\\\/2023\\\/11\\\/22\\\/milei-advirtio-que-la-inflacion-puede-persistir-por-otros-18-o-24-meses\\\/#primaryimage\"},\"image\":{\"@id\":\"https:\\\/\\\/diariotextual.com\\\/inicio\\\/index.php\\\/2023\\\/11\\\/22\\\/milei-advirtio-que-la-inflacion-puede-persistir-por-otros-18-o-24-meses\\\/#primaryimage\"},\"thumbnailUrl\":\"https:\\\/\\\/diariotextual.com\\\/inicio\\\/wp-content\\\/uploads\\\/2023\\\/11\\\/mileijaviertelam2023-567.jpg\",\"datePublished\":\"2023-11-22T09:39:24+00:00\",\"dateModified\":\"2023-11-22T14:15:35+00:00\",\"breadcrumb\":{\"@id\":\"https:\\\/\\\/diariotextual.com\\\/inicio\\\/index.php\\\/2023\\\/11\\\/22\\\/milei-advirtio-que-la-inflacion-puede-persistir-por-otros-18-o-24-meses\\\/#breadcrumb\"},\"inLanguage\":\"es\",\"potentialAction\":[{\"@type\":\"ReadAction\",\"target\":[\"https:\\\/\\\/diariotextual.com\\\/inicio\\\/index.php\\\/2023\\\/11\\\/22\\\/milei-advirtio-que-la-inflacion-puede-persistir-por-otros-18-o-24-meses\\\/\"]}]},{\"@type\":\"ImageObject\",\"inLanguage\":\"es\",\"@id\":\"https:\\\/\\\/diariotextual.com\\\/inicio\\\/index.php\\\/2023\\\/11\\\/22\\\/milei-advirtio-que-la-inflacion-puede-persistir-por-otros-18-o-24-meses\\\/#primaryimage\",\"url\":\"https:\\\/\\\/diariotextual.com\\\/inicio\\\/wp-content\\\/uploads\\\/2023\\\/11\\\/mileijaviertelam2023-567.jpg\",\"contentUrl\":\"https:\\\/\\\/diariotextual.com\\\/inicio\\\/wp-content\\\/uploads\\\/2023\\\/11\\\/mileijaviertelam2023-567.jpg\",\"width\":1200,\"height\":675},{\"@type\":\"BreadcrumbList\",\"@id\":\"https:\\\/\\\/diariotextual.com\\\/inicio\\\/index.php\\\/2023\\\/11\\\/22\\\/milei-advirtio-que-la-inflacion-puede-persistir-por-otros-18-o-24-meses\\\/#breadcrumb\",\"itemListElement\":[{\"@type\":\"ListItem\",\"position\":1,\"name\":\"Portada\",\"item\":\"https:\\\/\\\/diariotextual.com\\\/inicio\\\/\"},{\"@type\":\"ListItem\",\"position\":2,\"name\":\"Milei advirti\u00f3 que la inflaci\u00f3n puede persistir por otros \u201c18 o 24 meses\u201d\"}]},{\"@type\":\"WebSite\",\"@id\":\"https:\\\/\\\/diariotextual.com\\\/inicio\\\/#website\",\"url\":\"https:\\\/\\\/diariotextual.com\\\/inicio\\\/\",\"name\":\"Diario Textual\",\"description\":\"\",\"publisher\":{\"@id\":\"https:\\\/\\\/diariotextual.com\\\/inicio\\\/#organization\"},\"potentialAction\":[{\"@type\":\"SearchAction\",\"target\":{\"@type\":\"EntryPoint\",\"urlTemplate\":\"https:\\\/\\\/diariotextual.com\\\/inicio\\\/?s={search_term_string}\"},\"query-input\":{\"@type\":\"PropertyValueSpecification\",\"valueRequired\":true,\"valueName\":\"search_term_string\"}}],\"inLanguage\":\"es\"},{\"@type\":\"Organization\",\"@id\":\"https:\\\/\\\/diariotextual.com\\\/inicio\\\/#organization\",\"name\":\"Diario Textual\",\"url\":\"https:\\\/\\\/diariotextual.com\\\/inicio\\\/\",\"logo\":{\"@type\":\"ImageObject\",\"inLanguage\":\"es\",\"@id\":\"https:\\\/\\\/diariotextual.com\\\/inicio\\\/#\\\/schema\\\/logo\\\/image\\\/\",\"url\":\"https:\\\/\\\/diariotextual.com\\\/inicio\\\/wp-content\\\/uploads\\\/2023\\\/05\\\/logotextual1.jpg\",\"contentUrl\":\"https:\\\/\\\/diariotextual.com\\\/inicio\\\/wp-content\\\/uploads\\\/2023\\\/05\\\/logotextual1.jpg\",\"width\":516,\"height\":76,\"caption\":\"Diario Textual\"},\"image\":{\"@id\":\"https:\\\/\\\/diariotextual.com\\\/inicio\\\/#\\\/schema\\\/logo\\\/image\\\/\"},\"sameAs\":[\"https:\\\/\\\/www.facebook.com\\\/eltextual\",\"https:\\\/\\\/x.com\\\/eltextual\",\"http:\\\/\\\/www.instagram.com\\\/eltextual\"]},{\"@type\":\"Person\",\"@id\":\"https:\\\/\\\/diariotextual.com\\\/inicio\\\/#\\\/schema\\\/person\\\/418fc4093c33e86ed41562db3508f958\",\"name\":\"Diario1 Diario1\",\"image\":{\"@type\":\"ImageObject\",\"inLanguage\":\"es\",\"@id\":\"https:\\\/\\\/secure.gravatar.com\\\/avatar\\\/9167d280179c85bc18be67aa7eda765854300033af4896dd779b608640f2ef7a?s=96&d=mm&r=g\",\"url\":\"https:\\\/\\\/secure.gravatar.com\\\/avatar\\\/9167d280179c85bc18be67aa7eda765854300033af4896dd779b608640f2ef7a?s=96&d=mm&r=g\",\"contentUrl\":\"https:\\\/\\\/secure.gravatar.com\\\/avatar\\\/9167d280179c85bc18be67aa7eda765854300033af4896dd779b608640f2ef7a?s=96&d=mm&r=g\",\"caption\":\"Diario1 Diario1\"},\"url\":\"https:\\\/\\\/diariotextual.com\\\/inicio\\\/index.php\\\/author\\\/diario1\\\/\"}]}<\/script>\n<!-- \/ Yoast SEO plugin. -->","yoast_head_json":{"title":"Milei advirti\u00f3 que la inflaci\u00f3n puede persistir por otros \u201c18 o 24 meses\u201d - Diario Textual","robots":{"index":"index","follow":"follow","max-snippet":"max-snippet:-1","max-image-preview":"max-image-preview:large","max-video-preview":"max-video-preview:-1"},"canonical":"https:\/\/diariotextual.com\/inicio\/index.php\/2023\/11\/22\/milei-advirtio-que-la-inflacion-puede-persistir-por-otros-18-o-24-meses\/","og_locale":"es_ES","og_type":"article","og_title":"Milei advirti\u00f3 que la inflaci\u00f3n puede persistir por otros \u201c18 o 24 meses\u201d - Diario Textual","og_description":"El presidente electo, Javier Milei, reconoci\u00f3 que la inflaci\u00f3n podr\u00eda persistir durante otros \u201c18 y 24 meses\u201d, remarc\u00f3 que restringir\u00e1 la obra p\u00fablica, que su plan econ\u00f3mico ser\u00e1 \u201cde shock\u201d&hellip;","og_url":"https:\/\/diariotextual.com\/inicio\/index.php\/2023\/11\/22\/milei-advirtio-que-la-inflacion-puede-persistir-por-otros-18-o-24-meses\/","og_site_name":"Diario Textual","article_publisher":"https:\/\/www.facebook.com\/eltextual","article_published_time":"2023-11-22T09:39:24+00:00","article_modified_time":"2023-11-22T14:15:35+00:00","og_image":[{"width":1200,"height":675,"url":"https:\/\/diariotextual.com\/inicio\/wp-content\/uploads\/2023\/11\/mileijaviertelam2023-567.jpg","type":"image\/jpeg"}],"author":"Diario1 Diario1","twitter_card":"summary_large_image","twitter_creator":"@eltextual","twitter_site":"@eltextual","twitter_misc":{"Escrito por":"Diario1 Diario1","Tiempo de lectura":"2 minutos"},"schema":{"@context":"https:\/\/schema.org","@graph":[{"@type":"Article","@id":"https:\/\/diariotextual.com\/inicio\/index.php\/2023\/11\/22\/milei-advirtio-que-la-inflacion-puede-persistir-por-otros-18-o-24-meses\/#article","isPartOf":{"@id":"https:\/\/diariotextual.com\/inicio\/index.php\/2023\/11\/22\/milei-advirtio-que-la-inflacion-puede-persistir-por-otros-18-o-24-meses\/"},"author":{"name":"Diario1 Diario1","@id":"https:\/\/diariotextual.com\/inicio\/#\/schema\/person\/418fc4093c33e86ed41562db3508f958"},"headline":"Milei advirti\u00f3 que la inflaci\u00f3n puede persistir por otros \u201c18 o 24 meses\u201d","datePublished":"2023-11-22T09:39:24+00:00","dateModified":"2023-11-22T14:15:35+00:00","mainEntityOfPage":{"@id":"https:\/\/diariotextual.com\/inicio\/index.php\/2023\/11\/22\/milei-advirtio-que-la-inflacion-puede-persistir-por-otros-18-o-24-meses\/"},"wordCount":394,"publisher":{"@id":"https:\/\/diariotextual.com\/inicio\/#organization"},"image":{"@id":"https:\/\/diariotextual.com\/inicio\/index.php\/2023\/11\/22\/milei-advirtio-que-la-inflacion-puede-persistir-por-otros-18-o-24-meses\/#primaryimage"},"thumbnailUrl":"https:\/\/diariotextual.com\/inicio\/wp-content\/uploads\/2023\/11\/mileijaviertelam2023-567.jpg","articleSection":["A - ES NOTICIA (van abajo)","POLITICA"],"inLanguage":"es"},{"@type":"WebPage","@id":"https:\/\/diariotextual.com\/inicio\/index.php\/2023\/11\/22\/milei-advirtio-que-la-inflacion-puede-persistir-por-otros-18-o-24-meses\/","url":"https:\/\/diariotextual.com\/inicio\/index.php\/2023\/11\/22\/milei-advirtio-que-la-inflacion-puede-persistir-por-otros-18-o-24-meses\/","name":"Milei advirti\u00f3 que la inflaci\u00f3n puede persistir por otros \u201c18 o 24 meses\u201d - Diario Textual","isPartOf":{"@id":"https:\/\/diariotextual.com\/inicio\/#website"},"primaryImageOfPage":{"@id":"https:\/\/diariotextual.com\/inicio\/index.php\/2023\/11\/22\/milei-advirtio-que-la-inflacion-puede-persistir-por-otros-18-o-24-meses\/#primaryimage"},"image":{"@id":"https:\/\/diariotextual.com\/inicio\/index.php\/2023\/11\/22\/milei-advirtio-que-la-inflacion-puede-persistir-por-otros-18-o-24-meses\/#primaryimage"},"thumbnailUrl":"https:\/\/diariotextual.com\/inicio\/wp-content\/uploads\/2023\/11\/mileijaviertelam2023-567.jpg","datePublished":"2023-11-22T09:39:24+00:00","dateModified":"2023-11-22T14:15:35+00:00","breadcrumb":{"@id":"https:\/\/diariotextual.com\/inicio\/index.php\/2023\/11\/22\/milei-advirtio-que-la-inflacion-puede-persistir-por-otros-18-o-24-meses\/#breadcrumb"},"inLanguage":"es","potentialAction":[{"@type":"ReadAction","target":["https:\/\/diariotextual.com\/inicio\/index.php\/2023\/11\/22\/milei-advirtio-que-la-inflacion-puede-persistir-por-otros-18-o-24-meses\/"]}]},{"@type":"ImageObject","inLanguage":"es","@id":"https:\/\/diariotextual.com\/inicio\/index.php\/2023\/11\/22\/milei-advirtio-que-la-inflacion-puede-persistir-por-otros-18-o-24-meses\/#primaryimage","url":"https:\/\/diariotextual.com\/inicio\/wp-content\/uploads\/2023\/11\/mileijaviertelam2023-567.jpg","contentUrl":"https:\/\/diariotextual.com\/inicio\/wp-content\/uploads\/2023\/11\/mileijaviertelam2023-567.jpg","width":1200,"height":675},{"@type":"BreadcrumbList","@id":"https:\/\/diariotextual.com\/inicio\/index.php\/2023\/11\/22\/milei-advirtio-que-la-inflacion-puede-persistir-por-otros-18-o-24-meses\/#breadcrumb","itemListElement":[{"@type":"ListItem","position":1,"name":"Portada","item":"https:\/\/diariotextual.com\/inicio\/"},{"@type":"ListItem","position":2,"name":"Milei advirti\u00f3 que la inflaci\u00f3n puede persistir por otros \u201c18 o 24 meses\u201d"}]},{"@type":"WebSite","@id":"https:\/\/diariotextual.com\/inicio\/#website","url":"https:\/\/diariotextual.com\/inicio\/","name":"Diario Textual","description":"","publisher":{"@id":"https:\/\/diariotextual.com\/inicio\/#organization"},"potentialAction":[{"@type":"SearchAction","target":{"@type":"EntryPoint","urlTemplate":"https:\/\/diariotextual.com\/inicio\/?s={search_term_string}"},"query-input":{"@type":"PropertyValueSpecification","valueRequired":true,"valueName":"search_term_string"}}],"inLanguage":"es"},{"@type":"Organization","@id":"https:\/\/diariotextual.com\/inicio\/#organization","name":"Diario Textual","url":"https:\/\/diariotextual.com\/inicio\/","logo":{"@type":"ImageObject","inLanguage":"es","@id":"https:\/\/diariotextual.com\/inicio\/#\/schema\/logo\/image\/","url":"https:\/\/diariotextual.com\/inicio\/wp-content\/uploads\/2023\/05\/logotextual1.jpg","contentUrl":"https:\/\/diariotextual.com\/inicio\/wp-content\/uploads\/2023\/05\/logotextual1.jpg","width":516,"height":76,"caption":"Diario Textual"},"image":{"@id":"https:\/\/diariotextual.com\/inicio\/#\/schema\/logo\/image\/"},"sameAs":["https:\/\/www.facebook.com\/eltextual","https:\/\/x.com\/eltextual","http:\/\/www.instagram.com\/eltextual"]},{"@type":"Person","@id":"https:\/\/diariotextual.com\/inicio\/#\/schema\/person\/418fc4093c33e86ed41562db3508f958","name":"Diario1 Diario1","image":{"@type":"ImageObject","inLanguage":"es","@id":"https:\/\/secure.gravatar.com\/avatar\/9167d280179c85bc18be67aa7eda765854300033af4896dd779b608640f2ef7a?s=96&d=mm&r=g","url":"https:\/\/secure.gravatar.com\/avatar\/9167d280179c85bc18be67aa7eda765854300033af4896dd779b608640f2ef7a?s=96&d=mm&r=g","contentUrl":"https:\/\/secure.gravatar.com\/avatar\/9167d280179c85bc18be67aa7eda765854300033af4896dd779b608640f2ef7a?s=96&d=mm&r=g","caption":"Diario1 Diario1"},"url":"https:\/\/diariotextual.com\/inicio\/index.php\/author\/diario1\/"}]}},"_links":{"self":[{"href":"https:\/\/diariotextual.com\/inicio\/index.php\/wp-json\/wp\/v2\/posts\/245307","targetHints":{"allow":["GET"]}}],"collection":[{"href":"https:\/\/diariotextual.com\/inicio\/index.php\/wp-json\/wp\/v2\/posts"}],"about":[{"href":"https:\/\/diariotextual.com\/inicio\/index.php\/wp-json\/wp\/v2\/types\/post"}],"author":[{"embeddable":true,"href":"https:\/\/diariotextual.com\/inicio\/index.php\/wp-json\/wp\/v2\/users\/3"}],"replies":[{"embeddable":true,"href":"https:\/\/diariotextual.com\/inicio\/index.php\/wp-json\/wp\/v2\/comments?post=245307"}],"version-history":[{"count":4,"href":"https:\/\/diariotextual.com\/inicio\/index.php\/wp-json\/wp\/v2\/posts\/245307\/revisions"}],"predecessor-version":[{"id":245356,"href":"https:\/\/diariotextual.com\/inicio\/index.php\/wp-json\/wp\/v2\/posts\/245307\/revisions\/245356"}],"wp:featuredmedia":[{"embeddable":true,"href":"https:\/\/diariotextual.com\/inicio\/index.php\/wp-json\/wp\/v2\/media\/245045"}],"wp:attachment":[{"href":"https:\/\/diariotextual.com\/inicio\/index.php\/wp-json\/wp\/v2\/media?parent=245307"}],"wp:term":[{"taxonomy":"category","embeddable":true,"href":"https:\/\/diariotextual.com\/inicio\/index.php\/wp-json\/wp\/v2\/categories?post=245307"},{"taxonomy":"post_tag","embeddable":true,"href":"https:\/\/diariotextual.com\/inicio\/index.php\/wp-json\/wp\/v2\/tags?post=245307"}],"curies":[{"name":"wp","href":"https:\/\/api.w.org\/{rel}","templated":true}]}}