{"id":245347,"date":"2023-11-22T10:36:04","date_gmt":"2023-11-22T13:36:04","guid":{"rendered":"https:\/\/diariotextual.com\/inicio\/?p=245347"},"modified":"2023-11-22T19:08:15","modified_gmt":"2023-11-22T22:08:15","slug":"afa-convoca-a-plebiscito-para-que-los-clubes-definan-si-se-incorporan-las-sad-al-estatuto","status":"publish","type":"post","link":"https:\/\/diariotextual.com\/inicio\/index.php\/2023\/11\/22\/afa-convoca-a-plebiscito-para-que-los-clubes-definan-si-se-incorporan-las-sad-al-estatuto\/","title":{"rendered":"AFA convoca a plebiscito para que los clubes definan si se incorporan las SAD al estatuto"},"content":{"rendered":"\n<p>La <strong>Asociaci\u00f3n del F\u00fatbol Argentino<\/strong>\u00a0llam\u00f3 a una consulta a los clubes para que definan si quieren incorporar en el estatuto de la opci\u00f3n de permitir\u00a0<strong>Sociedades An\u00f3nimas Deportivas.<\/strong><\/p>\n\n\n\n<p>\u201cSi se aceptara, esto abrir\u00eda las puertas a que luego los clubes incorporen esta opci\u00f3n en sus propios estatutos. Se descuenta un nuevo rechazo contundente\u201d, informaron desde el sitio \u201cDoble Amarilla\u201d.<\/p>\n\n\n\n<p>El tema ser\u00e1 tratado en la asamblea ordinaria de AFA que se concretar\u00e1 este jueves. El tema de las SAD figura en el \u00faltimo punto a tratar por los asamble\u00edstas.<\/p>\n\n\n\n<p>En esa reuni\u00f3n se someter\u00e1 a votaci\u00f3n de los delegados la incorporaci\u00f3n de las Sociedades An\u00f3nimas Deportivas (SAD) al estatuto social del organismo. La votaci\u00f3n tendr\u00e1 el car\u00e1cter de plebiscito y su resultado ser\u00e1 incorporado al acta de la asamblea.<\/p>\n\n\n\n<p>D\u00edas atr\u00e1s, previo al balotaje, la Liga Profesional de F\u00fatbol ratific\u00f3 su postura de sostener \u201cel modelo de asociaciones civiles sin fines de lucro\u201d y rechaz\u00f3 \u201cde plano el formato de sociedades an\u00f3nimas\u201d, en respuesta a la postura del presidente electo de La Libertad Avanza (LLA), Javier Milei, en favor de una privatizaci\u00f3n del futbol.<\/p>\n\n\n\n<p>Los clubes que integran la Liga se reunieron en un hotel de la localidad de Ezeiza y ah\u00ed acordaron esta postura y emitieron un comunicado bajo el t\u00edtulo \u201cNo a las SAD\u201d.<\/p>\n\n\n\n<p>\u201cComo en ning\u00fan otro lugar en el mundo, los clubes de f\u00fatbol no s\u00f3lo cumplen funciones de competitividad en ese deporte, sino que tambi\u00e9n fomentan y sostienen otras \u00e1reas educativas, sociales, culturales y deportivas de otras disciplinas. Esas bases -que nacieron all\u00e1 por febrero de 1893- lograron que hoy 88 entidades directamente afiliadas y m\u00e1s de 3500 indirectamente afiliadas a la AFA sienten las piedras fundacionales que hicieron de nuestro f\u00fatbol una potencia mundial, reconocida en todos los rincones del planeta\u201d, a\u00f1adieron los dirigentes.<\/p>\n\n\n\n<p>Tambi\u00e9n expresaron que \u201ceste formato -el de las asociaciones sin fines de lucro-, m\u00e1s all\u00e1 de los aportes sociales, fue el que edific\u00f3 todas las proezas, logros y posicionamiento del f\u00fatbol argentino en la elite del deporte mundial\u201d.<\/p>\n","protected":false},"excerpt":{"rendered":"<p>La Asociaci\u00f3n del F\u00fatbol Argentino\u00a0llam\u00f3 a una consulta a los clubes para que definan si quieren incorporar en el estatuto de la opci\u00f3n de permitir\u00a0Sociedades An\u00f3nimas Deportivas. \u201cSi se aceptara,&hellip;<\/p>\n","protected":false},"author":7,"featured_media":245348,"comment_status":"closed","ping_status":"open","sticky":false,"template":"","format":"standard","meta":{"_acf_changed":false,"footnotes":""},"categories":[1,3],"tags":[],"class_list":["post-245347","post","type-post","status-publish","format-standard","has-post-thumbnail","hentry","category-es-noticia","category-deportes"],"acf":[],"yoast_head":"<!-- This site is optimized with the Yoast SEO plugin v27.5 - https:\/\/yoast.com\/product\/yoast-seo-wordpress\/ -->\n<title>AFA convoca a plebiscito para que los clubes definan si se incorporan las SAD al estatuto - Diario Textual<\/title>\n<meta name=\"robots\" content=\"index, follow, max-snippet:-1, max-image-preview:large, max-video-preview:-1\" \/>\n<link rel=\"canonical\" href=\"https:\/\/diariotextual.com\/inicio\/index.php\/2023\/11\/22\/afa-convoca-a-plebiscito-para-que-los-clubes-definan-si-se-incorporan-las-sad-al-estatuto\/\" \/>\n<meta property=\"og:locale\" content=\"es_ES\" \/>\n<meta property=\"og:type\" content=\"article\" \/>\n<meta property=\"og:title\" content=\"AFA convoca a plebiscito para que los clubes definan si se incorporan las SAD al estatuto - Diario Textual\" \/>\n<meta property=\"og:description\" content=\"La Asociaci\u00f3n del F\u00fatbol Argentino\u00a0llam\u00f3 a una consulta a los clubes para que definan si quieren incorporar en el estatuto de la opci\u00f3n de permitir\u00a0Sociedades An\u00f3nimas Deportivas. \u201cSi se aceptara,&hellip;\" \/>\n<meta property=\"og:url\" content=\"https:\/\/diariotextual.com\/inicio\/index.php\/2023\/11\/22\/afa-convoca-a-plebiscito-para-que-los-clubes-definan-si-se-incorporan-las-sad-al-estatuto\/\" \/>\n<meta property=\"og:site_name\" content=\"Diario Textual\" \/>\n<meta property=\"article:publisher\" content=\"https:\/\/www.facebook.com\/eltextual\" \/>\n<meta property=\"article:published_time\" content=\"2023-11-22T13:36:04+00:00\" \/>\n<meta property=\"article:modified_time\" content=\"2023-11-22T22:08:15+00:00\" \/>\n<meta property=\"og:image\" content=\"https:\/\/diariotextual.com\/inicio\/wp-content\/uploads\/2023\/11\/afafrentesede2023-000000.jpg\" \/>\n\t<meta property=\"og:image:width\" content=\"1024\" \/>\n\t<meta property=\"og:image:height\" content=\"575\" \/>\n\t<meta property=\"og:image:type\" content=\"image\/jpeg\" \/>\n<meta name=\"author\" content=\"diario5\" \/>\n<meta name=\"twitter:card\" content=\"summary_large_image\" \/>\n<meta name=\"twitter:creator\" content=\"@eltextual\" \/>\n<meta name=\"twitter:site\" content=\"@eltextual\" \/>\n<meta name=\"twitter:label1\" content=\"Escrito por\" \/>\n\t<meta name=\"twitter:data1\" content=\"diario5\" \/>\n\t<meta name=\"twitter:label2\" content=\"Tiempo de lectura\" \/>\n\t<meta name=\"twitter:data2\" content=\"2 minutos\" \/>\n<script type=\"application\/ld+json\" class=\"yoast-schema-graph\">{\"@context\":\"https:\\\/\\\/schema.org\",\"@graph\":[{\"@type\":\"Article\",\"@id\":\"https:\\\/\\\/diariotextual.com\\\/inicio\\\/index.php\\\/2023\\\/11\\\/22\\\/afa-convoca-a-plebiscito-para-que-los-clubes-definan-si-se-incorporan-las-sad-al-estatuto\\\/#article\",\"isPartOf\":{\"@id\":\"https:\\\/\\\/diariotextual.com\\\/inicio\\\/index.php\\\/2023\\\/11\\\/22\\\/afa-convoca-a-plebiscito-para-que-los-clubes-definan-si-se-incorporan-las-sad-al-estatuto\\\/\"},\"author\":{\"name\":\"diario5\",\"@id\":\"https:\\\/\\\/diariotextual.com\\\/inicio\\\/#\\\/schema\\\/person\\\/c7834961ad8b29b1d9cdbf4571299067\"},\"headline\":\"AFA convoca a plebiscito para que los clubes definan si se incorporan las SAD al estatuto\",\"datePublished\":\"2023-11-22T13:36:04+00:00\",\"dateModified\":\"2023-11-22T22:08:15+00:00\",\"mainEntityOfPage\":{\"@id\":\"https:\\\/\\\/diariotextual.com\\\/inicio\\\/index.php\\\/2023\\\/11\\\/22\\\/afa-convoca-a-plebiscito-para-que-los-clubes-definan-si-se-incorporan-las-sad-al-estatuto\\\/\"},\"wordCount\":382,\"publisher\":{\"@id\":\"https:\\\/\\\/diariotextual.com\\\/inicio\\\/#organization\"},\"image\":{\"@id\":\"https:\\\/\\\/diariotextual.com\\\/inicio\\\/index.php\\\/2023\\\/11\\\/22\\\/afa-convoca-a-plebiscito-para-que-los-clubes-definan-si-se-incorporan-las-sad-al-estatuto\\\/#primaryimage\"},\"thumbnailUrl\":\"https:\\\/\\\/diariotextual.com\\\/inicio\\\/wp-content\\\/uploads\\\/2023\\\/11\\\/afafrentesede2023-000000.jpg\",\"articleSection\":[\"A - ES NOTICIA (van abajo)\",\"DEPORTES\"],\"inLanguage\":\"es\"},{\"@type\":\"WebPage\",\"@id\":\"https:\\\/\\\/diariotextual.com\\\/inicio\\\/index.php\\\/2023\\\/11\\\/22\\\/afa-convoca-a-plebiscito-para-que-los-clubes-definan-si-se-incorporan-las-sad-al-estatuto\\\/\",\"url\":\"https:\\\/\\\/diariotextual.com\\\/inicio\\\/index.php\\\/2023\\\/11\\\/22\\\/afa-convoca-a-plebiscito-para-que-los-clubes-definan-si-se-incorporan-las-sad-al-estatuto\\\/\",\"name\":\"AFA convoca a plebiscito para que los clubes definan si se incorporan las SAD al estatuto - Diario Textual\",\"isPartOf\":{\"@id\":\"https:\\\/\\\/diariotextual.com\\\/inicio\\\/#website\"},\"primaryImageOfPage\":{\"@id\":\"https:\\\/\\\/diariotextual.com\\\/inicio\\\/index.php\\\/2023\\\/11\\\/22\\\/afa-convoca-a-plebiscito-para-que-los-clubes-definan-si-se-incorporan-las-sad-al-estatuto\\\/#primaryimage\"},\"image\":{\"@id\":\"https:\\\/\\\/diariotextual.com\\\/inicio\\\/index.php\\\/2023\\\/11\\\/22\\\/afa-convoca-a-plebiscito-para-que-los-clubes-definan-si-se-incorporan-las-sad-al-estatuto\\\/#primaryimage\"},\"thumbnailUrl\":\"https:\\\/\\\/diariotextual.com\\\/inicio\\\/wp-content\\\/uploads\\\/2023\\\/11\\\/afafrentesede2023-000000.jpg\",\"datePublished\":\"2023-11-22T13:36:04+00:00\",\"dateModified\":\"2023-11-22T22:08:15+00:00\",\"breadcrumb\":{\"@id\":\"https:\\\/\\\/diariotextual.com\\\/inicio\\\/index.php\\\/2023\\\/11\\\/22\\\/afa-convoca-a-plebiscito-para-que-los-clubes-definan-si-se-incorporan-las-sad-al-estatuto\\\/#breadcrumb\"},\"inLanguage\":\"es\",\"potentialAction\":[{\"@type\":\"ReadAction\",\"target\":[\"https:\\\/\\\/diariotextual.com\\\/inicio\\\/index.php\\\/2023\\\/11\\\/22\\\/afa-convoca-a-plebiscito-para-que-los-clubes-definan-si-se-incorporan-las-sad-al-estatuto\\\/\"]}]},{\"@type\":\"ImageObject\",\"inLanguage\":\"es\",\"@id\":\"https:\\\/\\\/diariotextual.com\\\/inicio\\\/index.php\\\/2023\\\/11\\\/22\\\/afa-convoca-a-plebiscito-para-que-los-clubes-definan-si-se-incorporan-las-sad-al-estatuto\\\/#primaryimage\",\"url\":\"https:\\\/\\\/diariotextual.com\\\/inicio\\\/wp-content\\\/uploads\\\/2023\\\/11\\\/afafrentesede2023-000000.jpg\",\"contentUrl\":\"https:\\\/\\\/diariotextual.com\\\/inicio\\\/wp-content\\\/uploads\\\/2023\\\/11\\\/afafrentesede2023-000000.jpg\",\"width\":1024,\"height\":575},{\"@type\":\"BreadcrumbList\",\"@id\":\"https:\\\/\\\/diariotextual.com\\\/inicio\\\/index.php\\\/2023\\\/11\\\/22\\\/afa-convoca-a-plebiscito-para-que-los-clubes-definan-si-se-incorporan-las-sad-al-estatuto\\\/#breadcrumb\",\"itemListElement\":[{\"@type\":\"ListItem\",\"position\":1,\"name\":\"Portada\",\"item\":\"https:\\\/\\\/diariotextual.com\\\/inicio\\\/\"},{\"@type\":\"ListItem\",\"position\":2,\"name\":\"AFA convoca a plebiscito para que los clubes definan si se incorporan las SAD al estatuto\"}]},{\"@type\":\"WebSite\",\"@id\":\"https:\\\/\\\/diariotextual.com\\\/inicio\\\/#website\",\"url\":\"https:\\\/\\\/diariotextual.com\\\/inicio\\\/\",\"name\":\"Diario Textual\",\"description\":\"\",\"publisher\":{\"@id\":\"https:\\\/\\\/diariotextual.com\\\/inicio\\\/#organization\"},\"potentialAction\":[{\"@type\":\"SearchAction\",\"target\":{\"@type\":\"EntryPoint\",\"urlTemplate\":\"https:\\\/\\\/diariotextual.com\\\/inicio\\\/?s={search_term_string}\"},\"query-input\":{\"@type\":\"PropertyValueSpecification\",\"valueRequired\":true,\"valueName\":\"search_term_string\"}}],\"inLanguage\":\"es\"},{\"@type\":\"Organization\",\"@id\":\"https:\\\/\\\/diariotextual.com\\\/inicio\\\/#organization\",\"name\":\"Diario Textual\",\"url\":\"https:\\\/\\\/diariotextual.com\\\/inicio\\\/\",\"logo\":{\"@type\":\"ImageObject\",\"inLanguage\":\"es\",\"@id\":\"https:\\\/\\\/diariotextual.com\\\/inicio\\\/#\\\/schema\\\/logo\\\/image\\\/\",\"url\":\"https:\\\/\\\/diariotextual.com\\\/inicio\\\/wp-content\\\/uploads\\\/2023\\\/05\\\/logotextual1.jpg\",\"contentUrl\":\"https:\\\/\\\/diariotextual.com\\\/inicio\\\/wp-content\\\/uploads\\\/2023\\\/05\\\/logotextual1.jpg\",\"width\":516,\"height\":76,\"caption\":\"Diario Textual\"},\"image\":{\"@id\":\"https:\\\/\\\/diariotextual.com\\\/inicio\\\/#\\\/schema\\\/logo\\\/image\\\/\"},\"sameAs\":[\"https:\\\/\\\/www.facebook.com\\\/eltextual\",\"https:\\\/\\\/x.com\\\/eltextual\",\"http:\\\/\\\/www.instagram.com\\\/eltextual\"]},{\"@type\":\"Person\",\"@id\":\"https:\\\/\\\/diariotextual.com\\\/inicio\\\/#\\\/schema\\\/person\\\/c7834961ad8b29b1d9cdbf4571299067\",\"name\":\"diario5\",\"image\":{\"@type\":\"ImageObject\",\"inLanguage\":\"es\",\"@id\":\"https:\\\/\\\/secure.gravatar.com\\\/avatar\\\/948c893b847ca6df68216ead81b63f363408ec9b0f600fefc0641ce78613b111?s=96&d=mm&r=g\",\"url\":\"https:\\\/\\\/secure.gravatar.com\\\/avatar\\\/948c893b847ca6df68216ead81b63f363408ec9b0f600fefc0641ce78613b111?s=96&d=mm&r=g\",\"contentUrl\":\"https:\\\/\\\/secure.gravatar.com\\\/avatar\\\/948c893b847ca6df68216ead81b63f363408ec9b0f600fefc0641ce78613b111?s=96&d=mm&r=g\",\"caption\":\"diario5\"},\"url\":\"https:\\\/\\\/diariotextual.com\\\/inicio\\\/index.php\\\/author\\\/diario5\\\/\"}]}<\/script>\n<!-- \/ Yoast SEO plugin. -->","yoast_head_json":{"title":"AFA convoca a plebiscito para que los clubes definan si se incorporan las SAD al estatuto - Diario Textual","robots":{"index":"index","follow":"follow","max-snippet":"max-snippet:-1","max-image-preview":"max-image-preview:large","max-video-preview":"max-video-preview:-1"},"canonical":"https:\/\/diariotextual.com\/inicio\/index.php\/2023\/11\/22\/afa-convoca-a-plebiscito-para-que-los-clubes-definan-si-se-incorporan-las-sad-al-estatuto\/","og_locale":"es_ES","og_type":"article","og_title":"AFA convoca a plebiscito para que los clubes definan si se incorporan las SAD al estatuto - Diario Textual","og_description":"La Asociaci\u00f3n del F\u00fatbol Argentino\u00a0llam\u00f3 a una consulta a los clubes para que definan si quieren incorporar en el estatuto de la opci\u00f3n de permitir\u00a0Sociedades An\u00f3nimas Deportivas. \u201cSi se aceptara,&hellip;","og_url":"https:\/\/diariotextual.com\/inicio\/index.php\/2023\/11\/22\/afa-convoca-a-plebiscito-para-que-los-clubes-definan-si-se-incorporan-las-sad-al-estatuto\/","og_site_name":"Diario Textual","article_publisher":"https:\/\/www.facebook.com\/eltextual","article_published_time":"2023-11-22T13:36:04+00:00","article_modified_time":"2023-11-22T22:08:15+00:00","og_image":[{"width":1024,"height":575,"url":"https:\/\/diariotextual.com\/inicio\/wp-content\/uploads\/2023\/11\/afafrentesede2023-000000.jpg","type":"image\/jpeg"}],"author":"diario5","twitter_card":"summary_large_image","twitter_creator":"@eltextual","twitter_site":"@eltextual","twitter_misc":{"Escrito por":"diario5","Tiempo de lectura":"2 minutos"},"schema":{"@context":"https:\/\/schema.org","@graph":[{"@type":"Article","@id":"https:\/\/diariotextual.com\/inicio\/index.php\/2023\/11\/22\/afa-convoca-a-plebiscito-para-que-los-clubes-definan-si-se-incorporan-las-sad-al-estatuto\/#article","isPartOf":{"@id":"https:\/\/diariotextual.com\/inicio\/index.php\/2023\/11\/22\/afa-convoca-a-plebiscito-para-que-los-clubes-definan-si-se-incorporan-las-sad-al-estatuto\/"},"author":{"name":"diario5","@id":"https:\/\/diariotextual.com\/inicio\/#\/schema\/person\/c7834961ad8b29b1d9cdbf4571299067"},"headline":"AFA convoca a plebiscito para que los clubes definan si se incorporan las SAD al estatuto","datePublished":"2023-11-22T13:36:04+00:00","dateModified":"2023-11-22T22:08:15+00:00","mainEntityOfPage":{"@id":"https:\/\/diariotextual.com\/inicio\/index.php\/2023\/11\/22\/afa-convoca-a-plebiscito-para-que-los-clubes-definan-si-se-incorporan-las-sad-al-estatuto\/"},"wordCount":382,"publisher":{"@id":"https:\/\/diariotextual.com\/inicio\/#organization"},"image":{"@id":"https:\/\/diariotextual.com\/inicio\/index.php\/2023\/11\/22\/afa-convoca-a-plebiscito-para-que-los-clubes-definan-si-se-incorporan-las-sad-al-estatuto\/#primaryimage"},"thumbnailUrl":"https:\/\/diariotextual.com\/inicio\/wp-content\/uploads\/2023\/11\/afafrentesede2023-000000.jpg","articleSection":["A - ES NOTICIA (van abajo)","DEPORTES"],"inLanguage":"es"},{"@type":"WebPage","@id":"https:\/\/diariotextual.com\/inicio\/index.php\/2023\/11\/22\/afa-convoca-a-plebiscito-para-que-los-clubes-definan-si-se-incorporan-las-sad-al-estatuto\/","url":"https:\/\/diariotextual.com\/inicio\/index.php\/2023\/11\/22\/afa-convoca-a-plebiscito-para-que-los-clubes-definan-si-se-incorporan-las-sad-al-estatuto\/","name":"AFA convoca a plebiscito para que los clubes definan si se incorporan las SAD al estatuto - Diario Textual","isPartOf":{"@id":"https:\/\/diariotextual.com\/inicio\/#website"},"primaryImageOfPage":{"@id":"https:\/\/diariotextual.com\/inicio\/index.php\/2023\/11\/22\/afa-convoca-a-plebiscito-para-que-los-clubes-definan-si-se-incorporan-las-sad-al-estatuto\/#primaryimage"},"image":{"@id":"https:\/\/diariotextual.com\/inicio\/index.php\/2023\/11\/22\/afa-convoca-a-plebiscito-para-que-los-clubes-definan-si-se-incorporan-las-sad-al-estatuto\/#primaryimage"},"thumbnailUrl":"https:\/\/diariotextual.com\/inicio\/wp-content\/uploads\/2023\/11\/afafrentesede2023-000000.jpg","datePublished":"2023-11-22T13:36:04+00:00","dateModified":"2023-11-22T22:08:15+00:00","breadcrumb":{"@id":"https:\/\/diariotextual.com\/inicio\/index.php\/2023\/11\/22\/afa-convoca-a-plebiscito-para-que-los-clubes-definan-si-se-incorporan-las-sad-al-estatuto\/#breadcrumb"},"inLanguage":"es","potentialAction":[{"@type":"ReadAction","target":["https:\/\/diariotextual.com\/inicio\/index.php\/2023\/11\/22\/afa-convoca-a-plebiscito-para-que-los-clubes-definan-si-se-incorporan-las-sad-al-estatuto\/"]}]},{"@type":"ImageObject","inLanguage":"es","@id":"https:\/\/diariotextual.com\/inicio\/index.php\/2023\/11\/22\/afa-convoca-a-plebiscito-para-que-los-clubes-definan-si-se-incorporan-las-sad-al-estatuto\/#primaryimage","url":"https:\/\/diariotextual.com\/inicio\/wp-content\/uploads\/2023\/11\/afafrentesede2023-000000.jpg","contentUrl":"https:\/\/diariotextual.com\/inicio\/wp-content\/uploads\/2023\/11\/afafrentesede2023-000000.jpg","width":1024,"height":575},{"@type":"BreadcrumbList","@id":"https:\/\/diariotextual.com\/inicio\/index.php\/2023\/11\/22\/afa-convoca-a-plebiscito-para-que-los-clubes-definan-si-se-incorporan-las-sad-al-estatuto\/#breadcrumb","itemListElement":[{"@type":"ListItem","position":1,"name":"Portada","item":"https:\/\/diariotextual.com\/inicio\/"},{"@type":"ListItem","position":2,"name":"AFA convoca a plebiscito para que los clubes definan si se incorporan las SAD al estatuto"}]},{"@type":"WebSite","@id":"https:\/\/diariotextual.com\/inicio\/#website","url":"https:\/\/diariotextual.com\/inicio\/","name":"Diario Textual","description":"","publisher":{"@id":"https:\/\/diariotextual.com\/inicio\/#organization"},"potentialAction":[{"@type":"SearchAction","target":{"@type":"EntryPoint","urlTemplate":"https:\/\/diariotextual.com\/inicio\/?s={search_term_string}"},"query-input":{"@type":"PropertyValueSpecification","valueRequired":true,"valueName":"search_term_string"}}],"inLanguage":"es"},{"@type":"Organization","@id":"https:\/\/diariotextual.com\/inicio\/#organization","name":"Diario Textual","url":"https:\/\/diariotextual.com\/inicio\/","logo":{"@type":"ImageObject","inLanguage":"es","@id":"https:\/\/diariotextual.com\/inicio\/#\/schema\/logo\/image\/","url":"https:\/\/diariotextual.com\/inicio\/wp-content\/uploads\/2023\/05\/logotextual1.jpg","contentUrl":"https:\/\/diariotextual.com\/inicio\/wp-content\/uploads\/2023\/05\/logotextual1.jpg","width":516,"height":76,"caption":"Diario Textual"},"image":{"@id":"https:\/\/diariotextual.com\/inicio\/#\/schema\/logo\/image\/"},"sameAs":["https:\/\/www.facebook.com\/eltextual","https:\/\/x.com\/eltextual","http:\/\/www.instagram.com\/eltextual"]},{"@type":"Person","@id":"https:\/\/diariotextual.com\/inicio\/#\/schema\/person\/c7834961ad8b29b1d9cdbf4571299067","name":"diario5","image":{"@type":"ImageObject","inLanguage":"es","@id":"https:\/\/secure.gravatar.com\/avatar\/948c893b847ca6df68216ead81b63f363408ec9b0f600fefc0641ce78613b111?s=96&d=mm&r=g","url":"https:\/\/secure.gravatar.com\/avatar\/948c893b847ca6df68216ead81b63f363408ec9b0f600fefc0641ce78613b111?s=96&d=mm&r=g","contentUrl":"https:\/\/secure.gravatar.com\/avatar\/948c893b847ca6df68216ead81b63f363408ec9b0f600fefc0641ce78613b111?s=96&d=mm&r=g","caption":"diario5"},"url":"https:\/\/diariotextual.com\/inicio\/index.php\/author\/diario5\/"}]}},"_links":{"self":[{"href":"https:\/\/diariotextual.com\/inicio\/index.php\/wp-json\/wp\/v2\/posts\/245347","targetHints":{"allow":["GET"]}}],"collection":[{"href":"https:\/\/diariotextual.com\/inicio\/index.php\/wp-json\/wp\/v2\/posts"}],"about":[{"href":"https:\/\/diariotextual.com\/inicio\/index.php\/wp-json\/wp\/v2\/types\/post"}],"author":[{"embeddable":true,"href":"https:\/\/diariotextual.com\/inicio\/index.php\/wp-json\/wp\/v2\/users\/7"}],"replies":[{"embeddable":true,"href":"https:\/\/diariotextual.com\/inicio\/index.php\/wp-json\/wp\/v2\/comments?post=245347"}],"version-history":[{"count":2,"href":"https:\/\/diariotextual.com\/inicio\/index.php\/wp-json\/wp\/v2\/posts\/245347\/revisions"}],"predecessor-version":[{"id":245350,"href":"https:\/\/diariotextual.com\/inicio\/index.php\/wp-json\/wp\/v2\/posts\/245347\/revisions\/245350"}],"wp:featuredmedia":[{"embeddable":true,"href":"https:\/\/diariotextual.com\/inicio\/index.php\/wp-json\/wp\/v2\/media\/245348"}],"wp:attachment":[{"href":"https:\/\/diariotextual.com\/inicio\/index.php\/wp-json\/wp\/v2\/media?parent=245347"}],"wp:term":[{"taxonomy":"category","embeddable":true,"href":"https:\/\/diariotextual.com\/inicio\/index.php\/wp-json\/wp\/v2\/categories?post=245347"},{"taxonomy":"post_tag","embeddable":true,"href":"https:\/\/diariotextual.com\/inicio\/index.php\/wp-json\/wp\/v2\/tags?post=245347"}],"curies":[{"name":"wp","href":"https:\/\/api.w.org\/{rel}","templated":true}]}}