{"id":245352,"date":"2023-11-22T11:13:38","date_gmt":"2023-11-22T14:13:38","guid":{"rendered":"https:\/\/diariotextual.com\/inicio\/?p=245352"},"modified":"2023-11-22T22:08:54","modified_gmt":"2023-11-23T01:08:54","slug":"el-ministro-bisterfeld-va-este-viernes-a-la-legislatura-a-explicar-el-presupuesto-2024","status":"publish","type":"post","link":"https:\/\/diariotextual.com\/inicio\/index.php\/2023\/11\/22\/el-ministro-bisterfeld-va-este-viernes-a-la-legislatura-a-explicar-el-presupuesto-2024\/","title":{"rendered":"El ministro Bisterfeld va este viernes a la Legislatura a explicar el Presupuesto 2024"},"content":{"rendered":"\n<p>Este viernes a las 9.30 el ministro de Hacienda <strong>Guido Bisterfeld<\/strong> asistir\u00e1 a la Legislatura a explicar el <strong>Presupuesto 2024<\/strong>, que asciende a <strong>787.000 millones de pesos.<\/strong><\/p>\n\n\n\n<p>El funcionario ser\u00e1 recibido por los diputados y diputadas de la comisi\u00f3n de Hacienda y Presupuesto.<\/p>\n\n\n\n<p>El gobernador\u00a0Sergio Ziliotto\u00a0present\u00f3 el martes \u00faltimo el proyecto de ley de Presupuesto 2024. Dijo que es un presupuesto\u00a0\u201crealista, con equilibrio y sin endeudamiento\u201d.<\/p>\n\n\n\n<p>Contiene un\u00a0fort\u00edsimo recorte\u00a0a ra\u00edz de que el presidente electo\u00a0Javier Milei\u00a0anunci\u00f3 que\u00a0no enviar\u00e1 m\u00e1s transferencias no autom\u00e1ticas\u00a0y\u00a0bajar\u00e1 a cero las nuevas obras p\u00fablicas.\u00a0Se incrementa solo un 68% m\u00e1s que el de 2023, cuando la inflaci\u00f3n anual ya es de m\u00e1s del 140%.<\/p>\n\n\n\n<p>Se centra en\u00a0garantizar servicios esenciales como salud, educaci\u00f3n, justicia y seguridad, m\u00e1s el alimento a los sectores vulnerables.<\/p>\n\n\n\n<figure class=\"wp-block-embed is-type-wp-embed is-provider-diario-textual wp-block-embed-diario-textual\"><div class=\"wp-block-embed__wrapper\">\n<blockquote class=\"wp-embedded-content\" data-secret=\"HA6t1CTxI9\"><a href=\"https:\/\/diariotextual.com\/inicio\/index.php\/2023\/11\/21\/ziliotto-y-un-fortisimo-recorte-en-el-presupuesto-2024-es-realista-y-sin-endeudamiento\/\">Ziliotto y un fort\u00edsimo recorte en el Presupuesto 2024: \u201cEs realista y sin endeudamiento\u201d<\/a><\/blockquote><iframe class=\"wp-embedded-content\" sandbox=\"allow-scripts\" security=\"restricted\" style=\"position: absolute; clip: rect(1px, 1px, 1px, 1px);\" title=\"\u00abZiliotto y un fort\u00edsimo recorte en el Presupuesto 2024: \u201cEs realista y sin endeudamiento\u201d\u00bb \u2014 Diario Textual\" src=\"https:\/\/diariotextual.com\/inicio\/index.php\/2023\/11\/21\/ziliotto-y-un-fortisimo-recorte-en-el-presupuesto-2024-es-realista-y-sin-endeudamiento\/embed\/#?secret=2kKl5r7kSH#?secret=HA6t1CTxI9\" data-secret=\"HA6t1CTxI9\" width=\"600\" height=\"338\" frameborder=\"0\" marginwidth=\"0\" marginheight=\"0\" scrolling=\"no\"><\/iframe>\n<\/div><\/figure>\n","protected":false},"excerpt":{"rendered":"<p>Este viernes a las 9.30 el ministro de Hacienda Guido Bisterfeld asistir\u00e1 a la Legislatura a explicar el Presupuesto 2024, que asciende a 787.000 millones de pesos. El funcionario ser\u00e1&hellip;<\/p>\n","protected":false},"author":7,"featured_media":243199,"comment_status":"closed","ping_status":"open","sticky":false,"template":"","format":"standard","meta":{"_acf_changed":false,"footnotes":""},"categories":[1,11,8],"tags":[],"class_list":["post-245352","post","type-post","status-publish","format-standard","has-post-thumbnail","hentry","category-es-noticia","category-que-pasa","category-politica"],"acf":[],"yoast_head":"<!-- This site is optimized with the Yoast SEO plugin v27.4 - https:\/\/yoast.com\/product\/yoast-seo-wordpress\/ -->\n<title>El ministro Bisterfeld va este viernes a la Legislatura a explicar el Presupuesto 2024 - Diario Textual<\/title>\n<meta name=\"robots\" content=\"index, follow, max-snippet:-1, max-image-preview:large, max-video-preview:-1\" \/>\n<link rel=\"canonical\" href=\"https:\/\/diariotextual.com\/inicio\/index.php\/2023\/11\/22\/el-ministro-bisterfeld-va-este-viernes-a-la-legislatura-a-explicar-el-presupuesto-2024\/\" \/>\n<meta property=\"og:locale\" content=\"es_ES\" \/>\n<meta property=\"og:type\" content=\"article\" \/>\n<meta property=\"og:title\" content=\"El ministro Bisterfeld va este viernes a la Legislatura a explicar el Presupuesto 2024 - Diario Textual\" \/>\n<meta property=\"og:description\" content=\"Este viernes a las 9.30 el ministro de Hacienda Guido Bisterfeld asistir\u00e1 a la Legislatura a explicar el Presupuesto 2024, que asciende a 787.000 millones de pesos. El funcionario ser\u00e1&hellip;\" \/>\n<meta property=\"og:url\" content=\"https:\/\/diariotextual.com\/inicio\/index.php\/2023\/11\/22\/el-ministro-bisterfeld-va-este-viernes-a-la-legislatura-a-explicar-el-presupuesto-2024\/\" \/>\n<meta property=\"og:site_name\" content=\"Diario Textual\" \/>\n<meta property=\"article:publisher\" content=\"https:\/\/www.facebook.com\/eltextual\" \/>\n<meta property=\"article:published_time\" content=\"2023-11-22T14:13:38+00:00\" \/>\n<meta property=\"article:modified_time\" content=\"2023-11-23T01:08:54+00:00\" \/>\n<meta property=\"og:image\" content=\"https:\/\/diariotextual.com\/inicio\/wp-content\/uploads\/2023\/11\/bisterfeldguido2023-10002.jpg\" \/>\n\t<meta property=\"og:image:width\" content=\"1500\" \/>\n\t<meta property=\"og:image:height\" content=\"1000\" \/>\n\t<meta property=\"og:image:type\" content=\"image\/jpeg\" \/>\n<meta name=\"author\" content=\"diario5\" \/>\n<meta name=\"twitter:card\" content=\"summary_large_image\" \/>\n<meta name=\"twitter:creator\" content=\"@eltextual\" \/>\n<meta name=\"twitter:site\" content=\"@eltextual\" \/>\n<meta name=\"twitter:label1\" content=\"Escrito por\" \/>\n\t<meta name=\"twitter:data1\" content=\"diario5\" \/>\n\t<meta name=\"twitter:label2\" content=\"Tiempo de lectura\" \/>\n\t<meta name=\"twitter:data2\" content=\"1 minuto\" \/>\n<script type=\"application\/ld+json\" class=\"yoast-schema-graph\">{\"@context\":\"https:\\\/\\\/schema.org\",\"@graph\":[{\"@type\":\"Article\",\"@id\":\"https:\\\/\\\/diariotextual.com\\\/inicio\\\/index.php\\\/2023\\\/11\\\/22\\\/el-ministro-bisterfeld-va-este-viernes-a-la-legislatura-a-explicar-el-presupuesto-2024\\\/#article\",\"isPartOf\":{\"@id\":\"https:\\\/\\\/diariotextual.com\\\/inicio\\\/index.php\\\/2023\\\/11\\\/22\\\/el-ministro-bisterfeld-va-este-viernes-a-la-legislatura-a-explicar-el-presupuesto-2024\\\/\"},\"author\":{\"name\":\"diario5\",\"@id\":\"https:\\\/\\\/diariotextual.com\\\/inicio\\\/#\\\/schema\\\/person\\\/c7834961ad8b29b1d9cdbf4571299067\"},\"headline\":\"El ministro Bisterfeld va este viernes a la Legislatura a explicar el Presupuesto 2024\",\"datePublished\":\"2023-11-22T14:13:38+00:00\",\"dateModified\":\"2023-11-23T01:08:54+00:00\",\"mainEntityOfPage\":{\"@id\":\"https:\\\/\\\/diariotextual.com\\\/inicio\\\/index.php\\\/2023\\\/11\\\/22\\\/el-ministro-bisterfeld-va-este-viernes-a-la-legislatura-a-explicar-el-presupuesto-2024\\\/\"},\"wordCount\":162,\"publisher\":{\"@id\":\"https:\\\/\\\/diariotextual.com\\\/inicio\\\/#organization\"},\"image\":{\"@id\":\"https:\\\/\\\/diariotextual.com\\\/inicio\\\/index.php\\\/2023\\\/11\\\/22\\\/el-ministro-bisterfeld-va-este-viernes-a-la-legislatura-a-explicar-el-presupuesto-2024\\\/#primaryimage\"},\"thumbnailUrl\":\"https:\\\/\\\/diariotextual.com\\\/inicio\\\/wp-content\\\/uploads\\\/2023\\\/11\\\/bisterfeldguido2023-10002.jpg\",\"articleSection\":[\"A - ES NOTICIA (van abajo)\",\"A - QUE PASA (al costado)\",\"POLITICA\"],\"inLanguage\":\"es\"},{\"@type\":\"WebPage\",\"@id\":\"https:\\\/\\\/diariotextual.com\\\/inicio\\\/index.php\\\/2023\\\/11\\\/22\\\/el-ministro-bisterfeld-va-este-viernes-a-la-legislatura-a-explicar-el-presupuesto-2024\\\/\",\"url\":\"https:\\\/\\\/diariotextual.com\\\/inicio\\\/index.php\\\/2023\\\/11\\\/22\\\/el-ministro-bisterfeld-va-este-viernes-a-la-legislatura-a-explicar-el-presupuesto-2024\\\/\",\"name\":\"El ministro Bisterfeld va este viernes a la Legislatura a explicar el Presupuesto 2024 - Diario Textual\",\"isPartOf\":{\"@id\":\"https:\\\/\\\/diariotextual.com\\\/inicio\\\/#website\"},\"primaryImageOfPage\":{\"@id\":\"https:\\\/\\\/diariotextual.com\\\/inicio\\\/index.php\\\/2023\\\/11\\\/22\\\/el-ministro-bisterfeld-va-este-viernes-a-la-legislatura-a-explicar-el-presupuesto-2024\\\/#primaryimage\"},\"image\":{\"@id\":\"https:\\\/\\\/diariotextual.com\\\/inicio\\\/index.php\\\/2023\\\/11\\\/22\\\/el-ministro-bisterfeld-va-este-viernes-a-la-legislatura-a-explicar-el-presupuesto-2024\\\/#primaryimage\"},\"thumbnailUrl\":\"https:\\\/\\\/diariotextual.com\\\/inicio\\\/wp-content\\\/uploads\\\/2023\\\/11\\\/bisterfeldguido2023-10002.jpg\",\"datePublished\":\"2023-11-22T14:13:38+00:00\",\"dateModified\":\"2023-11-23T01:08:54+00:00\",\"breadcrumb\":{\"@id\":\"https:\\\/\\\/diariotextual.com\\\/inicio\\\/index.php\\\/2023\\\/11\\\/22\\\/el-ministro-bisterfeld-va-este-viernes-a-la-legislatura-a-explicar-el-presupuesto-2024\\\/#breadcrumb\"},\"inLanguage\":\"es\",\"potentialAction\":[{\"@type\":\"ReadAction\",\"target\":[\"https:\\\/\\\/diariotextual.com\\\/inicio\\\/index.php\\\/2023\\\/11\\\/22\\\/el-ministro-bisterfeld-va-este-viernes-a-la-legislatura-a-explicar-el-presupuesto-2024\\\/\"]}]},{\"@type\":\"ImageObject\",\"inLanguage\":\"es\",\"@id\":\"https:\\\/\\\/diariotextual.com\\\/inicio\\\/index.php\\\/2023\\\/11\\\/22\\\/el-ministro-bisterfeld-va-este-viernes-a-la-legislatura-a-explicar-el-presupuesto-2024\\\/#primaryimage\",\"url\":\"https:\\\/\\\/diariotextual.com\\\/inicio\\\/wp-content\\\/uploads\\\/2023\\\/11\\\/bisterfeldguido2023-10002.jpg\",\"contentUrl\":\"https:\\\/\\\/diariotextual.com\\\/inicio\\\/wp-content\\\/uploads\\\/2023\\\/11\\\/bisterfeldguido2023-10002.jpg\",\"width\":1500,\"height\":1000},{\"@type\":\"BreadcrumbList\",\"@id\":\"https:\\\/\\\/diariotextual.com\\\/inicio\\\/index.php\\\/2023\\\/11\\\/22\\\/el-ministro-bisterfeld-va-este-viernes-a-la-legislatura-a-explicar-el-presupuesto-2024\\\/#breadcrumb\",\"itemListElement\":[{\"@type\":\"ListItem\",\"position\":1,\"name\":\"Portada\",\"item\":\"https:\\\/\\\/diariotextual.com\\\/inicio\\\/\"},{\"@type\":\"ListItem\",\"position\":2,\"name\":\"El ministro Bisterfeld va este viernes a la Legislatura a explicar el Presupuesto 2024\"}]},{\"@type\":\"WebSite\",\"@id\":\"https:\\\/\\\/diariotextual.com\\\/inicio\\\/#website\",\"url\":\"https:\\\/\\\/diariotextual.com\\\/inicio\\\/\",\"name\":\"Diario Textual\",\"description\":\"\",\"publisher\":{\"@id\":\"https:\\\/\\\/diariotextual.com\\\/inicio\\\/#organization\"},\"potentialAction\":[{\"@type\":\"SearchAction\",\"target\":{\"@type\":\"EntryPoint\",\"urlTemplate\":\"https:\\\/\\\/diariotextual.com\\\/inicio\\\/?s={search_term_string}\"},\"query-input\":{\"@type\":\"PropertyValueSpecification\",\"valueRequired\":true,\"valueName\":\"search_term_string\"}}],\"inLanguage\":\"es\"},{\"@type\":\"Organization\",\"@id\":\"https:\\\/\\\/diariotextual.com\\\/inicio\\\/#organization\",\"name\":\"Diario Textual\",\"url\":\"https:\\\/\\\/diariotextual.com\\\/inicio\\\/\",\"logo\":{\"@type\":\"ImageObject\",\"inLanguage\":\"es\",\"@id\":\"https:\\\/\\\/diariotextual.com\\\/inicio\\\/#\\\/schema\\\/logo\\\/image\\\/\",\"url\":\"https:\\\/\\\/diariotextual.com\\\/inicio\\\/wp-content\\\/uploads\\\/2023\\\/05\\\/logotextual1.jpg\",\"contentUrl\":\"https:\\\/\\\/diariotextual.com\\\/inicio\\\/wp-content\\\/uploads\\\/2023\\\/05\\\/logotextual1.jpg\",\"width\":516,\"height\":76,\"caption\":\"Diario Textual\"},\"image\":{\"@id\":\"https:\\\/\\\/diariotextual.com\\\/inicio\\\/#\\\/schema\\\/logo\\\/image\\\/\"},\"sameAs\":[\"https:\\\/\\\/www.facebook.com\\\/eltextual\",\"https:\\\/\\\/x.com\\\/eltextual\",\"http:\\\/\\\/www.instagram.com\\\/eltextual\"]},{\"@type\":\"Person\",\"@id\":\"https:\\\/\\\/diariotextual.com\\\/inicio\\\/#\\\/schema\\\/person\\\/c7834961ad8b29b1d9cdbf4571299067\",\"name\":\"diario5\",\"image\":{\"@type\":\"ImageObject\",\"inLanguage\":\"es\",\"@id\":\"https:\\\/\\\/secure.gravatar.com\\\/avatar\\\/948c893b847ca6df68216ead81b63f363408ec9b0f600fefc0641ce78613b111?s=96&d=mm&r=g\",\"url\":\"https:\\\/\\\/secure.gravatar.com\\\/avatar\\\/948c893b847ca6df68216ead81b63f363408ec9b0f600fefc0641ce78613b111?s=96&d=mm&r=g\",\"contentUrl\":\"https:\\\/\\\/secure.gravatar.com\\\/avatar\\\/948c893b847ca6df68216ead81b63f363408ec9b0f600fefc0641ce78613b111?s=96&d=mm&r=g\",\"caption\":\"diario5\"},\"url\":\"https:\\\/\\\/diariotextual.com\\\/inicio\\\/index.php\\\/author\\\/diario5\\\/\"}]}<\/script>\n<!-- \/ Yoast SEO plugin. -->","yoast_head_json":{"title":"El ministro Bisterfeld va este viernes a la Legislatura a explicar el Presupuesto 2024 - Diario Textual","robots":{"index":"index","follow":"follow","max-snippet":"max-snippet:-1","max-image-preview":"max-image-preview:large","max-video-preview":"max-video-preview:-1"},"canonical":"https:\/\/diariotextual.com\/inicio\/index.php\/2023\/11\/22\/el-ministro-bisterfeld-va-este-viernes-a-la-legislatura-a-explicar-el-presupuesto-2024\/","og_locale":"es_ES","og_type":"article","og_title":"El ministro Bisterfeld va este viernes a la Legislatura a explicar el Presupuesto 2024 - Diario Textual","og_description":"Este viernes a las 9.30 el ministro de Hacienda Guido Bisterfeld asistir\u00e1 a la Legislatura a explicar el Presupuesto 2024, que asciende a 787.000 millones de pesos. El funcionario ser\u00e1&hellip;","og_url":"https:\/\/diariotextual.com\/inicio\/index.php\/2023\/11\/22\/el-ministro-bisterfeld-va-este-viernes-a-la-legislatura-a-explicar-el-presupuesto-2024\/","og_site_name":"Diario Textual","article_publisher":"https:\/\/www.facebook.com\/eltextual","article_published_time":"2023-11-22T14:13:38+00:00","article_modified_time":"2023-11-23T01:08:54+00:00","og_image":[{"width":1500,"height":1000,"url":"https:\/\/diariotextual.com\/inicio\/wp-content\/uploads\/2023\/11\/bisterfeldguido2023-10002.jpg","type":"image\/jpeg"}],"author":"diario5","twitter_card":"summary_large_image","twitter_creator":"@eltextual","twitter_site":"@eltextual","twitter_misc":{"Escrito por":"diario5","Tiempo de lectura":"1 minuto"},"schema":{"@context":"https:\/\/schema.org","@graph":[{"@type":"Article","@id":"https:\/\/diariotextual.com\/inicio\/index.php\/2023\/11\/22\/el-ministro-bisterfeld-va-este-viernes-a-la-legislatura-a-explicar-el-presupuesto-2024\/#article","isPartOf":{"@id":"https:\/\/diariotextual.com\/inicio\/index.php\/2023\/11\/22\/el-ministro-bisterfeld-va-este-viernes-a-la-legislatura-a-explicar-el-presupuesto-2024\/"},"author":{"name":"diario5","@id":"https:\/\/diariotextual.com\/inicio\/#\/schema\/person\/c7834961ad8b29b1d9cdbf4571299067"},"headline":"El ministro Bisterfeld va este viernes a la Legislatura a explicar el Presupuesto 2024","datePublished":"2023-11-22T14:13:38+00:00","dateModified":"2023-11-23T01:08:54+00:00","mainEntityOfPage":{"@id":"https:\/\/diariotextual.com\/inicio\/index.php\/2023\/11\/22\/el-ministro-bisterfeld-va-este-viernes-a-la-legislatura-a-explicar-el-presupuesto-2024\/"},"wordCount":162,"publisher":{"@id":"https:\/\/diariotextual.com\/inicio\/#organization"},"image":{"@id":"https:\/\/diariotextual.com\/inicio\/index.php\/2023\/11\/22\/el-ministro-bisterfeld-va-este-viernes-a-la-legislatura-a-explicar-el-presupuesto-2024\/#primaryimage"},"thumbnailUrl":"https:\/\/diariotextual.com\/inicio\/wp-content\/uploads\/2023\/11\/bisterfeldguido2023-10002.jpg","articleSection":["A - ES NOTICIA (van abajo)","A - QUE PASA (al costado)","POLITICA"],"inLanguage":"es"},{"@type":"WebPage","@id":"https:\/\/diariotextual.com\/inicio\/index.php\/2023\/11\/22\/el-ministro-bisterfeld-va-este-viernes-a-la-legislatura-a-explicar-el-presupuesto-2024\/","url":"https:\/\/diariotextual.com\/inicio\/index.php\/2023\/11\/22\/el-ministro-bisterfeld-va-este-viernes-a-la-legislatura-a-explicar-el-presupuesto-2024\/","name":"El ministro Bisterfeld va este viernes a la Legislatura a explicar el Presupuesto 2024 - Diario Textual","isPartOf":{"@id":"https:\/\/diariotextual.com\/inicio\/#website"},"primaryImageOfPage":{"@id":"https:\/\/diariotextual.com\/inicio\/index.php\/2023\/11\/22\/el-ministro-bisterfeld-va-este-viernes-a-la-legislatura-a-explicar-el-presupuesto-2024\/#primaryimage"},"image":{"@id":"https:\/\/diariotextual.com\/inicio\/index.php\/2023\/11\/22\/el-ministro-bisterfeld-va-este-viernes-a-la-legislatura-a-explicar-el-presupuesto-2024\/#primaryimage"},"thumbnailUrl":"https:\/\/diariotextual.com\/inicio\/wp-content\/uploads\/2023\/11\/bisterfeldguido2023-10002.jpg","datePublished":"2023-11-22T14:13:38+00:00","dateModified":"2023-11-23T01:08:54+00:00","breadcrumb":{"@id":"https:\/\/diariotextual.com\/inicio\/index.php\/2023\/11\/22\/el-ministro-bisterfeld-va-este-viernes-a-la-legislatura-a-explicar-el-presupuesto-2024\/#breadcrumb"},"inLanguage":"es","potentialAction":[{"@type":"ReadAction","target":["https:\/\/diariotextual.com\/inicio\/index.php\/2023\/11\/22\/el-ministro-bisterfeld-va-este-viernes-a-la-legislatura-a-explicar-el-presupuesto-2024\/"]}]},{"@type":"ImageObject","inLanguage":"es","@id":"https:\/\/diariotextual.com\/inicio\/index.php\/2023\/11\/22\/el-ministro-bisterfeld-va-este-viernes-a-la-legislatura-a-explicar-el-presupuesto-2024\/#primaryimage","url":"https:\/\/diariotextual.com\/inicio\/wp-content\/uploads\/2023\/11\/bisterfeldguido2023-10002.jpg","contentUrl":"https:\/\/diariotextual.com\/inicio\/wp-content\/uploads\/2023\/11\/bisterfeldguido2023-10002.jpg","width":1500,"height":1000},{"@type":"BreadcrumbList","@id":"https:\/\/diariotextual.com\/inicio\/index.php\/2023\/11\/22\/el-ministro-bisterfeld-va-este-viernes-a-la-legislatura-a-explicar-el-presupuesto-2024\/#breadcrumb","itemListElement":[{"@type":"ListItem","position":1,"name":"Portada","item":"https:\/\/diariotextual.com\/inicio\/"},{"@type":"ListItem","position":2,"name":"El ministro Bisterfeld va este viernes a la Legislatura a explicar el Presupuesto 2024"}]},{"@type":"WebSite","@id":"https:\/\/diariotextual.com\/inicio\/#website","url":"https:\/\/diariotextual.com\/inicio\/","name":"Diario Textual","description":"","publisher":{"@id":"https:\/\/diariotextual.com\/inicio\/#organization"},"potentialAction":[{"@type":"SearchAction","target":{"@type":"EntryPoint","urlTemplate":"https:\/\/diariotextual.com\/inicio\/?s={search_term_string}"},"query-input":{"@type":"PropertyValueSpecification","valueRequired":true,"valueName":"search_term_string"}}],"inLanguage":"es"},{"@type":"Organization","@id":"https:\/\/diariotextual.com\/inicio\/#organization","name":"Diario Textual","url":"https:\/\/diariotextual.com\/inicio\/","logo":{"@type":"ImageObject","inLanguage":"es","@id":"https:\/\/diariotextual.com\/inicio\/#\/schema\/logo\/image\/","url":"https:\/\/diariotextual.com\/inicio\/wp-content\/uploads\/2023\/05\/logotextual1.jpg","contentUrl":"https:\/\/diariotextual.com\/inicio\/wp-content\/uploads\/2023\/05\/logotextual1.jpg","width":516,"height":76,"caption":"Diario Textual"},"image":{"@id":"https:\/\/diariotextual.com\/inicio\/#\/schema\/logo\/image\/"},"sameAs":["https:\/\/www.facebook.com\/eltextual","https:\/\/x.com\/eltextual","http:\/\/www.instagram.com\/eltextual"]},{"@type":"Person","@id":"https:\/\/diariotextual.com\/inicio\/#\/schema\/person\/c7834961ad8b29b1d9cdbf4571299067","name":"diario5","image":{"@type":"ImageObject","inLanguage":"es","@id":"https:\/\/secure.gravatar.com\/avatar\/948c893b847ca6df68216ead81b63f363408ec9b0f600fefc0641ce78613b111?s=96&d=mm&r=g","url":"https:\/\/secure.gravatar.com\/avatar\/948c893b847ca6df68216ead81b63f363408ec9b0f600fefc0641ce78613b111?s=96&d=mm&r=g","contentUrl":"https:\/\/secure.gravatar.com\/avatar\/948c893b847ca6df68216ead81b63f363408ec9b0f600fefc0641ce78613b111?s=96&d=mm&r=g","caption":"diario5"},"url":"https:\/\/diariotextual.com\/inicio\/index.php\/author\/diario5\/"}]}},"_links":{"self":[{"href":"https:\/\/diariotextual.com\/inicio\/index.php\/wp-json\/wp\/v2\/posts\/245352","targetHints":{"allow":["GET"]}}],"collection":[{"href":"https:\/\/diariotextual.com\/inicio\/index.php\/wp-json\/wp\/v2\/posts"}],"about":[{"href":"https:\/\/diariotextual.com\/inicio\/index.php\/wp-json\/wp\/v2\/types\/post"}],"author":[{"embeddable":true,"href":"https:\/\/diariotextual.com\/inicio\/index.php\/wp-json\/wp\/v2\/users\/7"}],"replies":[{"embeddable":true,"href":"https:\/\/diariotextual.com\/inicio\/index.php\/wp-json\/wp\/v2\/comments?post=245352"}],"version-history":[{"count":2,"href":"https:\/\/diariotextual.com\/inicio\/index.php\/wp-json\/wp\/v2\/posts\/245352\/revisions"}],"predecessor-version":[{"id":245354,"href":"https:\/\/diariotextual.com\/inicio\/index.php\/wp-json\/wp\/v2\/posts\/245352\/revisions\/245354"}],"wp:featuredmedia":[{"embeddable":true,"href":"https:\/\/diariotextual.com\/inicio\/index.php\/wp-json\/wp\/v2\/media\/243199"}],"wp:attachment":[{"href":"https:\/\/diariotextual.com\/inicio\/index.php\/wp-json\/wp\/v2\/media?parent=245352"}],"wp:term":[{"taxonomy":"category","embeddable":true,"href":"https:\/\/diariotextual.com\/inicio\/index.php\/wp-json\/wp\/v2\/categories?post=245352"},{"taxonomy":"post_tag","embeddable":true,"href":"https:\/\/diariotextual.com\/inicio\/index.php\/wp-json\/wp\/v2\/tags?post=245352"}],"curies":[{"name":"wp","href":"https:\/\/api.w.org\/{rel}","templated":true}]}}