{"id":245371,"date":"2023-11-22T16:58:47","date_gmt":"2023-11-22T19:58:47","guid":{"rendered":"https:\/\/diariotextual.com\/inicio\/?p=245371"},"modified":"2023-11-23T11:08:32","modified_gmt":"2023-11-23T14:08:32","slug":"seman-se-viene-una-version-radicalizada-del-periodo-macrista","status":"publish","type":"post","link":"https:\/\/diariotextual.com\/inicio\/index.php\/2023\/11\/22\/seman-se-viene-una-version-radicalizada-del-periodo-macrista\/","title":{"rendered":"Sem\u00e1n: \u201cSe viene una \u2018versi\u00f3n radicalizada\u2019 del per\u00edodo macrista\u201d"},"content":{"rendered":"\n<p><strong>Pablo Sem\u00e1n, soci\u00f3logo y antrop\u00f3logo especializado en culturas populares y religi\u00f3n,<\/strong> dijo que la situaci\u00f3n econ\u00f3mica est\u00e1 en el \u201cfondo de la derrota electoral del gobierno\u201d y anticip\u00f3 que <strong>ve a la futura gesti\u00f3n de Milei\u2013Macri como una \u201cversi\u00f3n radicalizada\u201d del per\u00edodo macrista 2015-2019.<\/strong><\/p>\n\n\n\n<p>Sem\u00e1n, a la vez <strong>investigador del Consejo Nacional de Investigaciones Cient\u00edficas y T\u00e9cnicas (Conicet)<\/strong>, atribuy\u00f3 la derrota de Sergio Massa (Uni\u00f3n por la Patria) en el balotaje del domingo ante Javier Milei (LLA) a la inflaci\u00f3n, el deterioro del empleo y por todas las cuestiones que \u201cgeneran insatisfacci\u00f3n en la sociedad\u201d.<\/p>\n\n\n\n<p>\u201cOcurre que la pol\u00edtica aparece como responsable de la econom\u00eda y de las prestaciones del Estado\u201d, resalt\u00f3, en declaraciones a Diario Textual y agreg\u00f3 que hay<strong> una \u201cvara que castiga m\u00e1s al peronismo que al macrismo\u201d, por ejemplo.<\/strong><\/p>\n\n\n\n<p>\u201cEso motiv\u00f3 que no fuera tan problem\u00e1tico para Milei incorporar a Mauricio Macri a su campa\u00f1a\u201d, ejemplific\u00f3 el profesional, que tiene un doctorado en Antropolog\u00eda Social y es docente de la Universidad Nacional de San Mart\u00edn.<\/p>\n\n\n\n<p>Puntualiz\u00f3 que el peronismo viene conduciendo el pa\u00eds hace 20 a\u00f1os, salvo el per\u00edodo de cuatro a\u00f1os de Macri, con un estilo pol\u00edtico cada vez m\u00e1s \u201cenajenado de la sociedad y m\u00e1s contestatario de esa misma sociedad\u201d.<\/p>\n\n\n\n<p>\u201cEntonces, s\u00ed, <strong>en la derrota est\u00e1 la situaci\u00f3n econ\u00f3mica y la sociedad reacciona con la cr\u00edtica hacia la econom\u00eda, la pol\u00edtica y el Estado<\/strong>. Obviamente -sostuvo-, lleva las mayores posibilidades de perder el bando que puso la cara la mayor parte del tiempo y la puso mal porque en general recrimin\u00f3 a la gente\u201d.<\/p>\n\n\n\n<p><strong>&#8211; \u00bfLa gesti\u00f3n nacional que asume el 10 de diciembre es una vuelta a los \u201990?<\/strong><\/p>\n\n\n\n<p>&#8211; No, porque la historia no se repite. De todos modos, tiene parecidos y una apuesta similar con menos cosas para repartir. Con una forma de recuperar esa \u2018cosa hist\u00f3rica\u2019 y volcarla a una agenda muy radical, extremista. Y no veo una oposici\u00f3n preparada para hacer un contrapunto de esas intenciones.<\/p>\n\n\n\n<p><strong>&#8211; \u00bfPor qu\u00e9 la sociedad no respald\u00f3 consensos hist\u00f3ricos, como el de Memoria Verdad y Justicia y la causa Malvinas, votando a un candidato que reivindica a Margaret Thatcher?<\/strong><\/p>\n\n\n\n<p>&#8211; Me parece que son diferentes, DDHH y Malvinas, m\u00e1s all\u00e1 que son cuestiones que est\u00e1n alejadas en el tiempo y en eso se parecen. No s\u00e9 bien qu\u00e9 decirte de Malvinas, pero s\u00ed s\u00e9 decirte que sobre el consenso de Derechos Humanos el Gobierno y el progresismo se confiaron en que oficializar su punto de vista era ser hegem\u00f3nico y son dos cosas diferentes. En la sociedad civil siempre existieron otras visiones de ese per\u00edodo y, en el medio de todas las cr\u00edticas que se le hacen hoy al progresismo y al peronismo, se reactivan y potencian esas visiones que nunca hab\u00edan sido superadas y simplemente estaban acalladas por efecto de la oficializaci\u00f3n del progresismo sobre eso. Entonces, el consenso hist\u00f3rico sobre los DDHH era m\u00e1s fr\u00e1gil de lo que se pensaba y en el medio de la crisis se activaron un mont\u00f3n de fuerzas erosivas de ese consenso.<\/p>\n\n\n\n<p><strong>&#8211; \u00bfEl apoyo a Milei tiene fortaleza entre los m\u00e1s j\u00f3venes y hasta denota una sociedad m\u00e1s individualista que se fue construyendo?<\/strong><\/p>\n\n\n\n<p>&#8211; Milei fue mayoritario o prevalente en todo tipo de edades y grupos sociales, con lo cual no es que existe un \u00fanico sujeto involucrado en el \u2018mileismo\u2019. Lo votaron trabajadores industriales, el 45 por ciento de los estatales, es much\u00edsima gente de los m\u00e1s diversos rubros. Incluso hasta personas que uno dir\u00eda se iban o van a perjudicar con el gobierno de Milei.<\/p>\n\n\n\n<p><strong>&#8211; \u00bfC\u00f3mo imagin\u00e1s al futuro gobierno nacional?<\/strong><\/p>\n\n\n\n<p>-Veo al gobierno de Milei-Macri como una versi\u00f3n radicalizada del proyecto de Macri de 2015, aunque con cuadros m\u00e1s formados, con m\u00e1s experiencia y decisi\u00f3n. Creo que tienen algunos elementos a favor para concretar ese proyecto, relacionados en parte con algunos ingresos internacionales, y con el cansancio social del peronismo que les va a servir de combustible para atravesar la turbulencia. Ahora no s\u00e9 bien si eso les permitir\u00e1 formar un gobierno estable y \u2018revolucionario\u2019 en el sentido en que ellos pretenden hacerlo porque no tengo claro si habr\u00e1 o no resistencias. Pero adem\u00e1s tampoco tengo claro si las condiciones econ\u00f3micas les permitir\u00e1n ser \u2018tan revolucionarios\u2019 como ellos quieren.<\/p>\n","protected":false},"excerpt":{"rendered":"<p>Pablo Sem\u00e1n, soci\u00f3logo y antrop\u00f3logo especializado en culturas populares y religi\u00f3n, dijo que la situaci\u00f3n econ\u00f3mica est\u00e1 en el \u201cfondo de la derrota electoral del gobierno\u201d y anticip\u00f3 que ve&hellip;<\/p>\n","protected":false},"author":5,"featured_media":245372,"comment_status":"closed","ping_status":"open","sticky":false,"template":"","format":"standard","meta":{"_acf_changed":false,"footnotes":""},"categories":[1,11,8],"tags":[322,6313],"class_list":["post-245371","post","type-post","status-publish","format-standard","has-post-thumbnail","hentry","category-es-noticia","category-que-pasa","category-politica","tag-balotaje","tag-milei"],"acf":[],"yoast_head":"<!-- This site is optimized with the Yoast SEO plugin v27.4 - https:\/\/yoast.com\/product\/yoast-seo-wordpress\/ -->\n<title>Sem\u00e1n: \u201cSe viene una \u2018versi\u00f3n radicalizada\u2019 del per\u00edodo macrista\u201d - Diario Textual<\/title>\n<meta name=\"robots\" content=\"index, follow, max-snippet:-1, max-image-preview:large, max-video-preview:-1\" \/>\n<link rel=\"canonical\" href=\"https:\/\/diariotextual.com\/inicio\/index.php\/2023\/11\/22\/seman-se-viene-una-version-radicalizada-del-periodo-macrista\/\" \/>\n<meta property=\"og:locale\" content=\"es_ES\" \/>\n<meta property=\"og:type\" content=\"article\" \/>\n<meta property=\"og:title\" content=\"Sem\u00e1n: \u201cSe viene una \u2018versi\u00f3n radicalizada\u2019 del per\u00edodo macrista\u201d - Diario Textual\" \/>\n<meta property=\"og:description\" content=\"Pablo Sem\u00e1n, soci\u00f3logo y antrop\u00f3logo especializado en culturas populares y religi\u00f3n, dijo que la situaci\u00f3n econ\u00f3mica est\u00e1 en el \u201cfondo de la derrota electoral del gobierno\u201d y anticip\u00f3 que ve&hellip;\" \/>\n<meta property=\"og:url\" content=\"https:\/\/diariotextual.com\/inicio\/index.php\/2023\/11\/22\/seman-se-viene-una-version-radicalizada-del-periodo-macrista\/\" \/>\n<meta property=\"og:site_name\" content=\"Diario Textual\" \/>\n<meta property=\"article:publisher\" content=\"https:\/\/www.facebook.com\/eltextual\" \/>\n<meta property=\"article:published_time\" content=\"2023-11-22T19:58:47+00:00\" \/>\n<meta property=\"article:modified_time\" content=\"2023-11-23T14:08:32+00:00\" \/>\n<meta property=\"og:image\" content=\"https:\/\/diariotextual.com\/inicio\/wp-content\/uploads\/2023\/11\/semanpablo2023.jpg\" \/>\n\t<meta property=\"og:image:width\" content=\"720\" \/>\n\t<meta property=\"og:image:height\" content=\"480\" \/>\n\t<meta property=\"og:image:type\" content=\"image\/jpeg\" \/>\n<meta name=\"author\" content=\"diario3\" \/>\n<meta name=\"twitter:card\" content=\"summary_large_image\" \/>\n<meta name=\"twitter:creator\" content=\"@eltextual\" \/>\n<meta name=\"twitter:site\" content=\"@eltextual\" \/>\n<meta name=\"twitter:label1\" content=\"Escrito por\" \/>\n\t<meta name=\"twitter:data1\" content=\"diario3\" \/>\n\t<meta name=\"twitter:label2\" content=\"Tiempo de lectura\" \/>\n\t<meta name=\"twitter:data2\" content=\"4 minutos\" \/>\n<script type=\"application\/ld+json\" class=\"yoast-schema-graph\">{\"@context\":\"https:\\\/\\\/schema.org\",\"@graph\":[{\"@type\":\"Article\",\"@id\":\"https:\\\/\\\/diariotextual.com\\\/inicio\\\/index.php\\\/2023\\\/11\\\/22\\\/seman-se-viene-una-version-radicalizada-del-periodo-macrista\\\/#article\",\"isPartOf\":{\"@id\":\"https:\\\/\\\/diariotextual.com\\\/inicio\\\/index.php\\\/2023\\\/11\\\/22\\\/seman-se-viene-una-version-radicalizada-del-periodo-macrista\\\/\"},\"author\":{\"name\":\"diario3\",\"@id\":\"https:\\\/\\\/diariotextual.com\\\/inicio\\\/#\\\/schema\\\/person\\\/a1b6f563e0ee944c60f98119389a4d9f\"},\"headline\":\"Sem\u00e1n: \u201cSe viene una \u2018versi\u00f3n radicalizada\u2019 del per\u00edodo macrista\u201d\",\"datePublished\":\"2023-11-22T19:58:47+00:00\",\"dateModified\":\"2023-11-23T14:08:32+00:00\",\"mainEntityOfPage\":{\"@id\":\"https:\\\/\\\/diariotextual.com\\\/inicio\\\/index.php\\\/2023\\\/11\\\/22\\\/seman-se-viene-una-version-radicalizada-del-periodo-macrista\\\/\"},\"wordCount\":780,\"publisher\":{\"@id\":\"https:\\\/\\\/diariotextual.com\\\/inicio\\\/#organization\"},\"image\":{\"@id\":\"https:\\\/\\\/diariotextual.com\\\/inicio\\\/index.php\\\/2023\\\/11\\\/22\\\/seman-se-viene-una-version-radicalizada-del-periodo-macrista\\\/#primaryimage\"},\"thumbnailUrl\":\"https:\\\/\\\/diariotextual.com\\\/inicio\\\/wp-content\\\/uploads\\\/2023\\\/11\\\/semanpablo2023.jpg\",\"keywords\":[\"balotaje\",\"milei\"],\"articleSection\":[\"A - ES NOTICIA (van abajo)\",\"A - QUE PASA (al costado)\",\"POLITICA\"],\"inLanguage\":\"es\"},{\"@type\":\"WebPage\",\"@id\":\"https:\\\/\\\/diariotextual.com\\\/inicio\\\/index.php\\\/2023\\\/11\\\/22\\\/seman-se-viene-una-version-radicalizada-del-periodo-macrista\\\/\",\"url\":\"https:\\\/\\\/diariotextual.com\\\/inicio\\\/index.php\\\/2023\\\/11\\\/22\\\/seman-se-viene-una-version-radicalizada-del-periodo-macrista\\\/\",\"name\":\"Sem\u00e1n: \u201cSe viene una \u2018versi\u00f3n radicalizada\u2019 del per\u00edodo macrista\u201d - Diario Textual\",\"isPartOf\":{\"@id\":\"https:\\\/\\\/diariotextual.com\\\/inicio\\\/#website\"},\"primaryImageOfPage\":{\"@id\":\"https:\\\/\\\/diariotextual.com\\\/inicio\\\/index.php\\\/2023\\\/11\\\/22\\\/seman-se-viene-una-version-radicalizada-del-periodo-macrista\\\/#primaryimage\"},\"image\":{\"@id\":\"https:\\\/\\\/diariotextual.com\\\/inicio\\\/index.php\\\/2023\\\/11\\\/22\\\/seman-se-viene-una-version-radicalizada-del-periodo-macrista\\\/#primaryimage\"},\"thumbnailUrl\":\"https:\\\/\\\/diariotextual.com\\\/inicio\\\/wp-content\\\/uploads\\\/2023\\\/11\\\/semanpablo2023.jpg\",\"datePublished\":\"2023-11-22T19:58:47+00:00\",\"dateModified\":\"2023-11-23T14:08:32+00:00\",\"breadcrumb\":{\"@id\":\"https:\\\/\\\/diariotextual.com\\\/inicio\\\/index.php\\\/2023\\\/11\\\/22\\\/seman-se-viene-una-version-radicalizada-del-periodo-macrista\\\/#breadcrumb\"},\"inLanguage\":\"es\",\"potentialAction\":[{\"@type\":\"ReadAction\",\"target\":[\"https:\\\/\\\/diariotextual.com\\\/inicio\\\/index.php\\\/2023\\\/11\\\/22\\\/seman-se-viene-una-version-radicalizada-del-periodo-macrista\\\/\"]}]},{\"@type\":\"ImageObject\",\"inLanguage\":\"es\",\"@id\":\"https:\\\/\\\/diariotextual.com\\\/inicio\\\/index.php\\\/2023\\\/11\\\/22\\\/seman-se-viene-una-version-radicalizada-del-periodo-macrista\\\/#primaryimage\",\"url\":\"https:\\\/\\\/diariotextual.com\\\/inicio\\\/wp-content\\\/uploads\\\/2023\\\/11\\\/semanpablo2023.jpg\",\"contentUrl\":\"https:\\\/\\\/diariotextual.com\\\/inicio\\\/wp-content\\\/uploads\\\/2023\\\/11\\\/semanpablo2023.jpg\",\"width\":720,\"height\":480},{\"@type\":\"BreadcrumbList\",\"@id\":\"https:\\\/\\\/diariotextual.com\\\/inicio\\\/index.php\\\/2023\\\/11\\\/22\\\/seman-se-viene-una-version-radicalizada-del-periodo-macrista\\\/#breadcrumb\",\"itemListElement\":[{\"@type\":\"ListItem\",\"position\":1,\"name\":\"Portada\",\"item\":\"https:\\\/\\\/diariotextual.com\\\/inicio\\\/\"},{\"@type\":\"ListItem\",\"position\":2,\"name\":\"Sem\u00e1n: \u201cSe viene una \u2018versi\u00f3n radicalizada\u2019 del per\u00edodo macrista\u201d\"}]},{\"@type\":\"WebSite\",\"@id\":\"https:\\\/\\\/diariotextual.com\\\/inicio\\\/#website\",\"url\":\"https:\\\/\\\/diariotextual.com\\\/inicio\\\/\",\"name\":\"Diario Textual\",\"description\":\"\",\"publisher\":{\"@id\":\"https:\\\/\\\/diariotextual.com\\\/inicio\\\/#organization\"},\"potentialAction\":[{\"@type\":\"SearchAction\",\"target\":{\"@type\":\"EntryPoint\",\"urlTemplate\":\"https:\\\/\\\/diariotextual.com\\\/inicio\\\/?s={search_term_string}\"},\"query-input\":{\"@type\":\"PropertyValueSpecification\",\"valueRequired\":true,\"valueName\":\"search_term_string\"}}],\"inLanguage\":\"es\"},{\"@type\":\"Organization\",\"@id\":\"https:\\\/\\\/diariotextual.com\\\/inicio\\\/#organization\",\"name\":\"Diario Textual\",\"url\":\"https:\\\/\\\/diariotextual.com\\\/inicio\\\/\",\"logo\":{\"@type\":\"ImageObject\",\"inLanguage\":\"es\",\"@id\":\"https:\\\/\\\/diariotextual.com\\\/inicio\\\/#\\\/schema\\\/logo\\\/image\\\/\",\"url\":\"https:\\\/\\\/diariotextual.com\\\/inicio\\\/wp-content\\\/uploads\\\/2023\\\/05\\\/logotextual1.jpg\",\"contentUrl\":\"https:\\\/\\\/diariotextual.com\\\/inicio\\\/wp-content\\\/uploads\\\/2023\\\/05\\\/logotextual1.jpg\",\"width\":516,\"height\":76,\"caption\":\"Diario Textual\"},\"image\":{\"@id\":\"https:\\\/\\\/diariotextual.com\\\/inicio\\\/#\\\/schema\\\/logo\\\/image\\\/\"},\"sameAs\":[\"https:\\\/\\\/www.facebook.com\\\/eltextual\",\"https:\\\/\\\/x.com\\\/eltextual\",\"http:\\\/\\\/www.instagram.com\\\/eltextual\"]},{\"@type\":\"Person\",\"@id\":\"https:\\\/\\\/diariotextual.com\\\/inicio\\\/#\\\/schema\\\/person\\\/a1b6f563e0ee944c60f98119389a4d9f\",\"name\":\"diario3\",\"image\":{\"@type\":\"ImageObject\",\"inLanguage\":\"es\",\"@id\":\"https:\\\/\\\/secure.gravatar.com\\\/avatar\\\/5e7ee62c82fc04d9dd79d746a390d93c69c43223e5faeeb3ea9461ef752bfc5d?s=96&d=mm&r=g\",\"url\":\"https:\\\/\\\/secure.gravatar.com\\\/avatar\\\/5e7ee62c82fc04d9dd79d746a390d93c69c43223e5faeeb3ea9461ef752bfc5d?s=96&d=mm&r=g\",\"contentUrl\":\"https:\\\/\\\/secure.gravatar.com\\\/avatar\\\/5e7ee62c82fc04d9dd79d746a390d93c69c43223e5faeeb3ea9461ef752bfc5d?s=96&d=mm&r=g\",\"caption\":\"diario3\"},\"url\":\"https:\\\/\\\/diariotextual.com\\\/inicio\\\/index.php\\\/author\\\/diario3\\\/\"}]}<\/script>\n<!-- \/ Yoast SEO plugin. -->","yoast_head_json":{"title":"Sem\u00e1n: \u201cSe viene una \u2018versi\u00f3n radicalizada\u2019 del per\u00edodo macrista\u201d - Diario Textual","robots":{"index":"index","follow":"follow","max-snippet":"max-snippet:-1","max-image-preview":"max-image-preview:large","max-video-preview":"max-video-preview:-1"},"canonical":"https:\/\/diariotextual.com\/inicio\/index.php\/2023\/11\/22\/seman-se-viene-una-version-radicalizada-del-periodo-macrista\/","og_locale":"es_ES","og_type":"article","og_title":"Sem\u00e1n: \u201cSe viene una \u2018versi\u00f3n radicalizada\u2019 del per\u00edodo macrista\u201d - Diario Textual","og_description":"Pablo Sem\u00e1n, soci\u00f3logo y antrop\u00f3logo especializado en culturas populares y religi\u00f3n, dijo que la situaci\u00f3n econ\u00f3mica est\u00e1 en el \u201cfondo de la derrota electoral del gobierno\u201d y anticip\u00f3 que ve&hellip;","og_url":"https:\/\/diariotextual.com\/inicio\/index.php\/2023\/11\/22\/seman-se-viene-una-version-radicalizada-del-periodo-macrista\/","og_site_name":"Diario Textual","article_publisher":"https:\/\/www.facebook.com\/eltextual","article_published_time":"2023-11-22T19:58:47+00:00","article_modified_time":"2023-11-23T14:08:32+00:00","og_image":[{"width":720,"height":480,"url":"https:\/\/diariotextual.com\/inicio\/wp-content\/uploads\/2023\/11\/semanpablo2023.jpg","type":"image\/jpeg"}],"author":"diario3","twitter_card":"summary_large_image","twitter_creator":"@eltextual","twitter_site":"@eltextual","twitter_misc":{"Escrito por":"diario3","Tiempo de lectura":"4 minutos"},"schema":{"@context":"https:\/\/schema.org","@graph":[{"@type":"Article","@id":"https:\/\/diariotextual.com\/inicio\/index.php\/2023\/11\/22\/seman-se-viene-una-version-radicalizada-del-periodo-macrista\/#article","isPartOf":{"@id":"https:\/\/diariotextual.com\/inicio\/index.php\/2023\/11\/22\/seman-se-viene-una-version-radicalizada-del-periodo-macrista\/"},"author":{"name":"diario3","@id":"https:\/\/diariotextual.com\/inicio\/#\/schema\/person\/a1b6f563e0ee944c60f98119389a4d9f"},"headline":"Sem\u00e1n: \u201cSe viene una \u2018versi\u00f3n radicalizada\u2019 del per\u00edodo macrista\u201d","datePublished":"2023-11-22T19:58:47+00:00","dateModified":"2023-11-23T14:08:32+00:00","mainEntityOfPage":{"@id":"https:\/\/diariotextual.com\/inicio\/index.php\/2023\/11\/22\/seman-se-viene-una-version-radicalizada-del-periodo-macrista\/"},"wordCount":780,"publisher":{"@id":"https:\/\/diariotextual.com\/inicio\/#organization"},"image":{"@id":"https:\/\/diariotextual.com\/inicio\/index.php\/2023\/11\/22\/seman-se-viene-una-version-radicalizada-del-periodo-macrista\/#primaryimage"},"thumbnailUrl":"https:\/\/diariotextual.com\/inicio\/wp-content\/uploads\/2023\/11\/semanpablo2023.jpg","keywords":["balotaje","milei"],"articleSection":["A - ES NOTICIA (van abajo)","A - QUE PASA (al costado)","POLITICA"],"inLanguage":"es"},{"@type":"WebPage","@id":"https:\/\/diariotextual.com\/inicio\/index.php\/2023\/11\/22\/seman-se-viene-una-version-radicalizada-del-periodo-macrista\/","url":"https:\/\/diariotextual.com\/inicio\/index.php\/2023\/11\/22\/seman-se-viene-una-version-radicalizada-del-periodo-macrista\/","name":"Sem\u00e1n: \u201cSe viene una \u2018versi\u00f3n radicalizada\u2019 del per\u00edodo macrista\u201d - Diario Textual","isPartOf":{"@id":"https:\/\/diariotextual.com\/inicio\/#website"},"primaryImageOfPage":{"@id":"https:\/\/diariotextual.com\/inicio\/index.php\/2023\/11\/22\/seman-se-viene-una-version-radicalizada-del-periodo-macrista\/#primaryimage"},"image":{"@id":"https:\/\/diariotextual.com\/inicio\/index.php\/2023\/11\/22\/seman-se-viene-una-version-radicalizada-del-periodo-macrista\/#primaryimage"},"thumbnailUrl":"https:\/\/diariotextual.com\/inicio\/wp-content\/uploads\/2023\/11\/semanpablo2023.jpg","datePublished":"2023-11-22T19:58:47+00:00","dateModified":"2023-11-23T14:08:32+00:00","breadcrumb":{"@id":"https:\/\/diariotextual.com\/inicio\/index.php\/2023\/11\/22\/seman-se-viene-una-version-radicalizada-del-periodo-macrista\/#breadcrumb"},"inLanguage":"es","potentialAction":[{"@type":"ReadAction","target":["https:\/\/diariotextual.com\/inicio\/index.php\/2023\/11\/22\/seman-se-viene-una-version-radicalizada-del-periodo-macrista\/"]}]},{"@type":"ImageObject","inLanguage":"es","@id":"https:\/\/diariotextual.com\/inicio\/index.php\/2023\/11\/22\/seman-se-viene-una-version-radicalizada-del-periodo-macrista\/#primaryimage","url":"https:\/\/diariotextual.com\/inicio\/wp-content\/uploads\/2023\/11\/semanpablo2023.jpg","contentUrl":"https:\/\/diariotextual.com\/inicio\/wp-content\/uploads\/2023\/11\/semanpablo2023.jpg","width":720,"height":480},{"@type":"BreadcrumbList","@id":"https:\/\/diariotextual.com\/inicio\/index.php\/2023\/11\/22\/seman-se-viene-una-version-radicalizada-del-periodo-macrista\/#breadcrumb","itemListElement":[{"@type":"ListItem","position":1,"name":"Portada","item":"https:\/\/diariotextual.com\/inicio\/"},{"@type":"ListItem","position":2,"name":"Sem\u00e1n: \u201cSe viene una \u2018versi\u00f3n radicalizada\u2019 del per\u00edodo macrista\u201d"}]},{"@type":"WebSite","@id":"https:\/\/diariotextual.com\/inicio\/#website","url":"https:\/\/diariotextual.com\/inicio\/","name":"Diario Textual","description":"","publisher":{"@id":"https:\/\/diariotextual.com\/inicio\/#organization"},"potentialAction":[{"@type":"SearchAction","target":{"@type":"EntryPoint","urlTemplate":"https:\/\/diariotextual.com\/inicio\/?s={search_term_string}"},"query-input":{"@type":"PropertyValueSpecification","valueRequired":true,"valueName":"search_term_string"}}],"inLanguage":"es"},{"@type":"Organization","@id":"https:\/\/diariotextual.com\/inicio\/#organization","name":"Diario Textual","url":"https:\/\/diariotextual.com\/inicio\/","logo":{"@type":"ImageObject","inLanguage":"es","@id":"https:\/\/diariotextual.com\/inicio\/#\/schema\/logo\/image\/","url":"https:\/\/diariotextual.com\/inicio\/wp-content\/uploads\/2023\/05\/logotextual1.jpg","contentUrl":"https:\/\/diariotextual.com\/inicio\/wp-content\/uploads\/2023\/05\/logotextual1.jpg","width":516,"height":76,"caption":"Diario Textual"},"image":{"@id":"https:\/\/diariotextual.com\/inicio\/#\/schema\/logo\/image\/"},"sameAs":["https:\/\/www.facebook.com\/eltextual","https:\/\/x.com\/eltextual","http:\/\/www.instagram.com\/eltextual"]},{"@type":"Person","@id":"https:\/\/diariotextual.com\/inicio\/#\/schema\/person\/a1b6f563e0ee944c60f98119389a4d9f","name":"diario3","image":{"@type":"ImageObject","inLanguage":"es","@id":"https:\/\/secure.gravatar.com\/avatar\/5e7ee62c82fc04d9dd79d746a390d93c69c43223e5faeeb3ea9461ef752bfc5d?s=96&d=mm&r=g","url":"https:\/\/secure.gravatar.com\/avatar\/5e7ee62c82fc04d9dd79d746a390d93c69c43223e5faeeb3ea9461ef752bfc5d?s=96&d=mm&r=g","contentUrl":"https:\/\/secure.gravatar.com\/avatar\/5e7ee62c82fc04d9dd79d746a390d93c69c43223e5faeeb3ea9461ef752bfc5d?s=96&d=mm&r=g","caption":"diario3"},"url":"https:\/\/diariotextual.com\/inicio\/index.php\/author\/diario3\/"}]}},"_links":{"self":[{"href":"https:\/\/diariotextual.com\/inicio\/index.php\/wp-json\/wp\/v2\/posts\/245371","targetHints":{"allow":["GET"]}}],"collection":[{"href":"https:\/\/diariotextual.com\/inicio\/index.php\/wp-json\/wp\/v2\/posts"}],"about":[{"href":"https:\/\/diariotextual.com\/inicio\/index.php\/wp-json\/wp\/v2\/types\/post"}],"author":[{"embeddable":true,"href":"https:\/\/diariotextual.com\/inicio\/index.php\/wp-json\/wp\/v2\/users\/5"}],"replies":[{"embeddable":true,"href":"https:\/\/diariotextual.com\/inicio\/index.php\/wp-json\/wp\/v2\/comments?post=245371"}],"version-history":[{"count":1,"href":"https:\/\/diariotextual.com\/inicio\/index.php\/wp-json\/wp\/v2\/posts\/245371\/revisions"}],"predecessor-version":[{"id":245373,"href":"https:\/\/diariotextual.com\/inicio\/index.php\/wp-json\/wp\/v2\/posts\/245371\/revisions\/245373"}],"wp:featuredmedia":[{"embeddable":true,"href":"https:\/\/diariotextual.com\/inicio\/index.php\/wp-json\/wp\/v2\/media\/245372"}],"wp:attachment":[{"href":"https:\/\/diariotextual.com\/inicio\/index.php\/wp-json\/wp\/v2\/media?parent=245371"}],"wp:term":[{"taxonomy":"category","embeddable":true,"href":"https:\/\/diariotextual.com\/inicio\/index.php\/wp-json\/wp\/v2\/categories?post=245371"},{"taxonomy":"post_tag","embeddable":true,"href":"https:\/\/diariotextual.com\/inicio\/index.php\/wp-json\/wp\/v2\/tags?post=245371"}],"curies":[{"name":"wp","href":"https:\/\/api.w.org\/{rel}","templated":true}]}}