{"id":245374,"date":"2023-11-22T17:08:33","date_gmt":"2023-11-22T20:08:33","guid":{"rendered":"https:\/\/diariotextual.com\/inicio\/?p=245374"},"modified":"2023-11-22T17:08:35","modified_gmt":"2023-11-22T20:08:35","slug":"carlotto-pedira-una-audiencia-con-milei-villarruel-no-podra-cerrar-la-exesma","status":"publish","type":"post","link":"https:\/\/diariotextual.com\/inicio\/index.php\/2023\/11\/22\/carlotto-pedira-una-audiencia-con-milei-villarruel-no-podra-cerrar-la-exesma\/","title":{"rendered":"Carlotto pedir\u00e1 una audiencia con Milei: \u201cVillarruel no podr\u00e1 cerrar la exESMA\u201d"},"content":{"rendered":"\n<p>La presidenta de Abuelas de Plaza de Mayo, Estela de Carlotto, reafirm\u00f3 este mi\u00e9rcoles que<strong> hay que \u00abrespetar\u00bb la voluntad popular tras la victoria de Javier Milei en el balotaje del domingo,<\/strong> y sostuvo que cuando asuma el presidente electo le solicitar\u00e1 una audiencia para que se entere \u00abc\u00f3mo\u00bb trabajan y \u00abqu\u00e9\u00bb necesitan.<\/p>\n\n\n\n<p>\u00ab<strong>El pueblo vot\u00f3 a una persona en la que nosotros no creemos<\/strong>, pero como el soberano vot\u00f3, el respeto hay que tenerlo. Tenemos que seguir trabajando y luchando cuando Javier Milei tome el mando real le vamos a pedir, como les hemos pedido a todos los presidentes. Queremos una audiencia para que se entere c\u00f3mo trabajamos y que necesitamos\u00bb, dijo Carlotto en declaraciones a Radio Delta FM 90.3.<\/p>\n\n\n\n<p>La titular de la organizaci\u00f3n de derechos humamos expres\u00f3 que ya pasaron por otras \u00e9pocas peores: \u00abPeleamos durante la dictadura, y ahora con el reconocimiento nacional e internacional, vamos a pasar esta etapa que es una de las tantas malas que pasamos\u00bb, agreg\u00f3.<\/p>\n\n\n\n<p>En ese sentido, la dirigente de la emblem\u00e1tica entidad defensora de los derechos humanos asegur\u00f3 que a Abuelas \u00abno le van a fallar las tareas porque se elija un presidente extra\u00f1o\u00bb.<\/p>\n\n\n\n<p>Adem\u00e1s, Carlotto dijo estar a la expectativa de la reuni\u00f3n que tendr\u00e1 lugar este mi\u00e9rcoles entre la actual vicepresidenta, Cristina Fern\u00e1ndez de Kirchner, y quien ser\u00e1 su sucesora, Victoria Villarruel.<\/p>\n\n\n\n<p>\u00abNo me la puedo imaginar. <strong>Son dos personas inteligentes, Cristina ya sabemos qui\u00e9n es, y a Victoria le encanta hablar mal de m\u00ed, pero no me afecta porque ya pas\u00f3.<\/strong> Lo m\u00e1s importante es sostener el espacio que tiene Abuelas para que no se cierre. Tambi\u00e9n queremos que siga funcionando la Secretar\u00eda de Derechos Humanos, y que la ex ESMA sea respetada como espacio porque fue reconocida por la Unesco\u00bb, destac\u00f3.<\/p>\n\n\n\n<p>Al respecto, Carlotto sostuvo que <strong>Victoria Villarruel \u00abno va a poder cerrar la exESMA, porque es un monumento hist\u00f3rico internacional\u00bb<\/strong>, y porque el trabajo que los organismos de derechos humanos desarrollan all\u00ed \u00abes garant\u00eda para que no se toquen\u00bb.<\/p>\n\n\n\n<p>Carlotto record\u00f3 que las Abuelas \u00abhemos luchado contra lo peor, contra las armas que nos apuntaban en la plaza, contra las corridas y las ofensas\u00bb, adem\u00e1s, en estos 45 a\u00f1os, \u00abhemos tra\u00eddo nietos del exterior, y conseguido estrategias sanas para que los nietos conozcan su identidad\u00bb.<\/p>\n","protected":false},"excerpt":{"rendered":"<p>La presidenta de Abuelas de Plaza de Mayo, Estela de Carlotto, reafirm\u00f3 este mi\u00e9rcoles que hay que \u00abrespetar\u00bb la voluntad popular tras la victoria de Javier Milei en el balotaje&hellip;<\/p>\n","protected":false},"author":5,"featured_media":245375,"comment_status":"closed","ping_status":"open","sticky":false,"template":"","format":"standard","meta":{"_acf_changed":false,"footnotes":""},"categories":[1,8],"tags":[3859,3077,6313],"class_list":["post-245374","post","type-post","status-publish","format-standard","has-post-thumbnail","hentry","category-es-noticia","category-politica","tag-carlotto","tag-esma","tag-milei"],"acf":[],"yoast_head":"<!-- This site is optimized with the Yoast SEO plugin v27.5 - https:\/\/yoast.com\/product\/yoast-seo-wordpress\/ -->\n<title>Carlotto pedir\u00e1 una audiencia con Milei: \u201cVillarruel no podr\u00e1 cerrar la exESMA\u201d - Diario Textual<\/title>\n<meta name=\"robots\" content=\"index, follow, max-snippet:-1, max-image-preview:large, max-video-preview:-1\" \/>\n<link rel=\"canonical\" href=\"https:\/\/diariotextual.com\/inicio\/index.php\/2023\/11\/22\/carlotto-pedira-una-audiencia-con-milei-villarruel-no-podra-cerrar-la-exesma\/\" \/>\n<meta property=\"og:locale\" content=\"es_ES\" \/>\n<meta property=\"og:type\" content=\"article\" \/>\n<meta property=\"og:title\" content=\"Carlotto pedir\u00e1 una audiencia con Milei: \u201cVillarruel no podr\u00e1 cerrar la exESMA\u201d - Diario Textual\" \/>\n<meta property=\"og:description\" content=\"La presidenta de Abuelas de Plaza de Mayo, Estela de Carlotto, reafirm\u00f3 este mi\u00e9rcoles que hay que \u00abrespetar\u00bb la voluntad popular tras la victoria de Javier Milei en el balotaje&hellip;\" \/>\n<meta property=\"og:url\" content=\"https:\/\/diariotextual.com\/inicio\/index.php\/2023\/11\/22\/carlotto-pedira-una-audiencia-con-milei-villarruel-no-podra-cerrar-la-exesma\/\" \/>\n<meta property=\"og:site_name\" content=\"Diario Textual\" \/>\n<meta property=\"article:publisher\" content=\"https:\/\/www.facebook.com\/eltextual\" \/>\n<meta property=\"article:published_time\" content=\"2023-11-22T20:08:33+00:00\" \/>\n<meta property=\"article:modified_time\" content=\"2023-11-22T20:08:35+00:00\" \/>\n<meta property=\"og:image\" content=\"https:\/\/diariotextual.com\/inicio\/wp-content\/uploads\/2023\/11\/carlottoesma2023.jpg\" \/>\n\t<meta property=\"og:image:width\" content=\"900\" \/>\n\t<meta property=\"og:image:height\" content=\"506\" \/>\n\t<meta property=\"og:image:type\" content=\"image\/jpeg\" \/>\n<meta name=\"author\" content=\"diario3\" \/>\n<meta name=\"twitter:card\" content=\"summary_large_image\" \/>\n<meta name=\"twitter:creator\" content=\"@eltextual\" \/>\n<meta name=\"twitter:site\" content=\"@eltextual\" \/>\n<meta name=\"twitter:label1\" content=\"Escrito por\" \/>\n\t<meta name=\"twitter:data1\" content=\"diario3\" \/>\n\t<meta name=\"twitter:label2\" content=\"Tiempo de lectura\" \/>\n\t<meta name=\"twitter:data2\" content=\"2 minutos\" \/>\n<script type=\"application\/ld+json\" class=\"yoast-schema-graph\">{\"@context\":\"https:\\\/\\\/schema.org\",\"@graph\":[{\"@type\":\"Article\",\"@id\":\"https:\\\/\\\/diariotextual.com\\\/inicio\\\/index.php\\\/2023\\\/11\\\/22\\\/carlotto-pedira-una-audiencia-con-milei-villarruel-no-podra-cerrar-la-exesma\\\/#article\",\"isPartOf\":{\"@id\":\"https:\\\/\\\/diariotextual.com\\\/inicio\\\/index.php\\\/2023\\\/11\\\/22\\\/carlotto-pedira-una-audiencia-con-milei-villarruel-no-podra-cerrar-la-exesma\\\/\"},\"author\":{\"name\":\"diario3\",\"@id\":\"https:\\\/\\\/diariotextual.com\\\/inicio\\\/#\\\/schema\\\/person\\\/a1b6f563e0ee944c60f98119389a4d9f\"},\"headline\":\"Carlotto pedir\u00e1 una audiencia con Milei: \u201cVillarruel no podr\u00e1 cerrar la exESMA\u201d\",\"datePublished\":\"2023-11-22T20:08:33+00:00\",\"dateModified\":\"2023-11-22T20:08:35+00:00\",\"mainEntityOfPage\":{\"@id\":\"https:\\\/\\\/diariotextual.com\\\/inicio\\\/index.php\\\/2023\\\/11\\\/22\\\/carlotto-pedira-una-audiencia-con-milei-villarruel-no-podra-cerrar-la-exesma\\\/\"},\"wordCount\":410,\"publisher\":{\"@id\":\"https:\\\/\\\/diariotextual.com\\\/inicio\\\/#organization\"},\"image\":{\"@id\":\"https:\\\/\\\/diariotextual.com\\\/inicio\\\/index.php\\\/2023\\\/11\\\/22\\\/carlotto-pedira-una-audiencia-con-milei-villarruel-no-podra-cerrar-la-exesma\\\/#primaryimage\"},\"thumbnailUrl\":\"https:\\\/\\\/diariotextual.com\\\/inicio\\\/wp-content\\\/uploads\\\/2023\\\/11\\\/carlottoesma2023.jpg\",\"keywords\":[\"carlotto\",\"Esma\",\"milei\"],\"articleSection\":[\"A - ES NOTICIA (van abajo)\",\"POLITICA\"],\"inLanguage\":\"es\"},{\"@type\":\"WebPage\",\"@id\":\"https:\\\/\\\/diariotextual.com\\\/inicio\\\/index.php\\\/2023\\\/11\\\/22\\\/carlotto-pedira-una-audiencia-con-milei-villarruel-no-podra-cerrar-la-exesma\\\/\",\"url\":\"https:\\\/\\\/diariotextual.com\\\/inicio\\\/index.php\\\/2023\\\/11\\\/22\\\/carlotto-pedira-una-audiencia-con-milei-villarruel-no-podra-cerrar-la-exesma\\\/\",\"name\":\"Carlotto pedir\u00e1 una audiencia con Milei: \u201cVillarruel no podr\u00e1 cerrar la exESMA\u201d - Diario Textual\",\"isPartOf\":{\"@id\":\"https:\\\/\\\/diariotextual.com\\\/inicio\\\/#website\"},\"primaryImageOfPage\":{\"@id\":\"https:\\\/\\\/diariotextual.com\\\/inicio\\\/index.php\\\/2023\\\/11\\\/22\\\/carlotto-pedira-una-audiencia-con-milei-villarruel-no-podra-cerrar-la-exesma\\\/#primaryimage\"},\"image\":{\"@id\":\"https:\\\/\\\/diariotextual.com\\\/inicio\\\/index.php\\\/2023\\\/11\\\/22\\\/carlotto-pedira-una-audiencia-con-milei-villarruel-no-podra-cerrar-la-exesma\\\/#primaryimage\"},\"thumbnailUrl\":\"https:\\\/\\\/diariotextual.com\\\/inicio\\\/wp-content\\\/uploads\\\/2023\\\/11\\\/carlottoesma2023.jpg\",\"datePublished\":\"2023-11-22T20:08:33+00:00\",\"dateModified\":\"2023-11-22T20:08:35+00:00\",\"breadcrumb\":{\"@id\":\"https:\\\/\\\/diariotextual.com\\\/inicio\\\/index.php\\\/2023\\\/11\\\/22\\\/carlotto-pedira-una-audiencia-con-milei-villarruel-no-podra-cerrar-la-exesma\\\/#breadcrumb\"},\"inLanguage\":\"es\",\"potentialAction\":[{\"@type\":\"ReadAction\",\"target\":[\"https:\\\/\\\/diariotextual.com\\\/inicio\\\/index.php\\\/2023\\\/11\\\/22\\\/carlotto-pedira-una-audiencia-con-milei-villarruel-no-podra-cerrar-la-exesma\\\/\"]}]},{\"@type\":\"ImageObject\",\"inLanguage\":\"es\",\"@id\":\"https:\\\/\\\/diariotextual.com\\\/inicio\\\/index.php\\\/2023\\\/11\\\/22\\\/carlotto-pedira-una-audiencia-con-milei-villarruel-no-podra-cerrar-la-exesma\\\/#primaryimage\",\"url\":\"https:\\\/\\\/diariotextual.com\\\/inicio\\\/wp-content\\\/uploads\\\/2023\\\/11\\\/carlottoesma2023.jpg\",\"contentUrl\":\"https:\\\/\\\/diariotextual.com\\\/inicio\\\/wp-content\\\/uploads\\\/2023\\\/11\\\/carlottoesma2023.jpg\",\"width\":900,\"height\":506},{\"@type\":\"BreadcrumbList\",\"@id\":\"https:\\\/\\\/diariotextual.com\\\/inicio\\\/index.php\\\/2023\\\/11\\\/22\\\/carlotto-pedira-una-audiencia-con-milei-villarruel-no-podra-cerrar-la-exesma\\\/#breadcrumb\",\"itemListElement\":[{\"@type\":\"ListItem\",\"position\":1,\"name\":\"Portada\",\"item\":\"https:\\\/\\\/diariotextual.com\\\/inicio\\\/\"},{\"@type\":\"ListItem\",\"position\":2,\"name\":\"Carlotto pedir\u00e1 una audiencia con Milei: \u201cVillarruel no podr\u00e1 cerrar la exESMA\u201d\"}]},{\"@type\":\"WebSite\",\"@id\":\"https:\\\/\\\/diariotextual.com\\\/inicio\\\/#website\",\"url\":\"https:\\\/\\\/diariotextual.com\\\/inicio\\\/\",\"name\":\"Diario Textual\",\"description\":\"\",\"publisher\":{\"@id\":\"https:\\\/\\\/diariotextual.com\\\/inicio\\\/#organization\"},\"potentialAction\":[{\"@type\":\"SearchAction\",\"target\":{\"@type\":\"EntryPoint\",\"urlTemplate\":\"https:\\\/\\\/diariotextual.com\\\/inicio\\\/?s={search_term_string}\"},\"query-input\":{\"@type\":\"PropertyValueSpecification\",\"valueRequired\":true,\"valueName\":\"search_term_string\"}}],\"inLanguage\":\"es\"},{\"@type\":\"Organization\",\"@id\":\"https:\\\/\\\/diariotextual.com\\\/inicio\\\/#organization\",\"name\":\"Diario Textual\",\"url\":\"https:\\\/\\\/diariotextual.com\\\/inicio\\\/\",\"logo\":{\"@type\":\"ImageObject\",\"inLanguage\":\"es\",\"@id\":\"https:\\\/\\\/diariotextual.com\\\/inicio\\\/#\\\/schema\\\/logo\\\/image\\\/\",\"url\":\"https:\\\/\\\/diariotextual.com\\\/inicio\\\/wp-content\\\/uploads\\\/2023\\\/05\\\/logotextual1.jpg\",\"contentUrl\":\"https:\\\/\\\/diariotextual.com\\\/inicio\\\/wp-content\\\/uploads\\\/2023\\\/05\\\/logotextual1.jpg\",\"width\":516,\"height\":76,\"caption\":\"Diario Textual\"},\"image\":{\"@id\":\"https:\\\/\\\/diariotextual.com\\\/inicio\\\/#\\\/schema\\\/logo\\\/image\\\/\"},\"sameAs\":[\"https:\\\/\\\/www.facebook.com\\\/eltextual\",\"https:\\\/\\\/x.com\\\/eltextual\",\"http:\\\/\\\/www.instagram.com\\\/eltextual\"]},{\"@type\":\"Person\",\"@id\":\"https:\\\/\\\/diariotextual.com\\\/inicio\\\/#\\\/schema\\\/person\\\/a1b6f563e0ee944c60f98119389a4d9f\",\"name\":\"diario3\",\"image\":{\"@type\":\"ImageObject\",\"inLanguage\":\"es\",\"@id\":\"https:\\\/\\\/secure.gravatar.com\\\/avatar\\\/5e7ee62c82fc04d9dd79d746a390d93c69c43223e5faeeb3ea9461ef752bfc5d?s=96&d=mm&r=g\",\"url\":\"https:\\\/\\\/secure.gravatar.com\\\/avatar\\\/5e7ee62c82fc04d9dd79d746a390d93c69c43223e5faeeb3ea9461ef752bfc5d?s=96&d=mm&r=g\",\"contentUrl\":\"https:\\\/\\\/secure.gravatar.com\\\/avatar\\\/5e7ee62c82fc04d9dd79d746a390d93c69c43223e5faeeb3ea9461ef752bfc5d?s=96&d=mm&r=g\",\"caption\":\"diario3\"},\"url\":\"https:\\\/\\\/diariotextual.com\\\/inicio\\\/index.php\\\/author\\\/diario3\\\/\"}]}<\/script>\n<!-- \/ Yoast SEO plugin. -->","yoast_head_json":{"title":"Carlotto pedir\u00e1 una audiencia con Milei: \u201cVillarruel no podr\u00e1 cerrar la exESMA\u201d - Diario Textual","robots":{"index":"index","follow":"follow","max-snippet":"max-snippet:-1","max-image-preview":"max-image-preview:large","max-video-preview":"max-video-preview:-1"},"canonical":"https:\/\/diariotextual.com\/inicio\/index.php\/2023\/11\/22\/carlotto-pedira-una-audiencia-con-milei-villarruel-no-podra-cerrar-la-exesma\/","og_locale":"es_ES","og_type":"article","og_title":"Carlotto pedir\u00e1 una audiencia con Milei: \u201cVillarruel no podr\u00e1 cerrar la exESMA\u201d - Diario Textual","og_description":"La presidenta de Abuelas de Plaza de Mayo, Estela de Carlotto, reafirm\u00f3 este mi\u00e9rcoles que hay que \u00abrespetar\u00bb la voluntad popular tras la victoria de Javier Milei en el balotaje&hellip;","og_url":"https:\/\/diariotextual.com\/inicio\/index.php\/2023\/11\/22\/carlotto-pedira-una-audiencia-con-milei-villarruel-no-podra-cerrar-la-exesma\/","og_site_name":"Diario Textual","article_publisher":"https:\/\/www.facebook.com\/eltextual","article_published_time":"2023-11-22T20:08:33+00:00","article_modified_time":"2023-11-22T20:08:35+00:00","og_image":[{"width":900,"height":506,"url":"https:\/\/diariotextual.com\/inicio\/wp-content\/uploads\/2023\/11\/carlottoesma2023.jpg","type":"image\/jpeg"}],"author":"diario3","twitter_card":"summary_large_image","twitter_creator":"@eltextual","twitter_site":"@eltextual","twitter_misc":{"Escrito por":"diario3","Tiempo de lectura":"2 minutos"},"schema":{"@context":"https:\/\/schema.org","@graph":[{"@type":"Article","@id":"https:\/\/diariotextual.com\/inicio\/index.php\/2023\/11\/22\/carlotto-pedira-una-audiencia-con-milei-villarruel-no-podra-cerrar-la-exesma\/#article","isPartOf":{"@id":"https:\/\/diariotextual.com\/inicio\/index.php\/2023\/11\/22\/carlotto-pedira-una-audiencia-con-milei-villarruel-no-podra-cerrar-la-exesma\/"},"author":{"name":"diario3","@id":"https:\/\/diariotextual.com\/inicio\/#\/schema\/person\/a1b6f563e0ee944c60f98119389a4d9f"},"headline":"Carlotto pedir\u00e1 una audiencia con Milei: \u201cVillarruel no podr\u00e1 cerrar la exESMA\u201d","datePublished":"2023-11-22T20:08:33+00:00","dateModified":"2023-11-22T20:08:35+00:00","mainEntityOfPage":{"@id":"https:\/\/diariotextual.com\/inicio\/index.php\/2023\/11\/22\/carlotto-pedira-una-audiencia-con-milei-villarruel-no-podra-cerrar-la-exesma\/"},"wordCount":410,"publisher":{"@id":"https:\/\/diariotextual.com\/inicio\/#organization"},"image":{"@id":"https:\/\/diariotextual.com\/inicio\/index.php\/2023\/11\/22\/carlotto-pedira-una-audiencia-con-milei-villarruel-no-podra-cerrar-la-exesma\/#primaryimage"},"thumbnailUrl":"https:\/\/diariotextual.com\/inicio\/wp-content\/uploads\/2023\/11\/carlottoesma2023.jpg","keywords":["carlotto","Esma","milei"],"articleSection":["A - ES NOTICIA (van abajo)","POLITICA"],"inLanguage":"es"},{"@type":"WebPage","@id":"https:\/\/diariotextual.com\/inicio\/index.php\/2023\/11\/22\/carlotto-pedira-una-audiencia-con-milei-villarruel-no-podra-cerrar-la-exesma\/","url":"https:\/\/diariotextual.com\/inicio\/index.php\/2023\/11\/22\/carlotto-pedira-una-audiencia-con-milei-villarruel-no-podra-cerrar-la-exesma\/","name":"Carlotto pedir\u00e1 una audiencia con Milei: \u201cVillarruel no podr\u00e1 cerrar la exESMA\u201d - Diario Textual","isPartOf":{"@id":"https:\/\/diariotextual.com\/inicio\/#website"},"primaryImageOfPage":{"@id":"https:\/\/diariotextual.com\/inicio\/index.php\/2023\/11\/22\/carlotto-pedira-una-audiencia-con-milei-villarruel-no-podra-cerrar-la-exesma\/#primaryimage"},"image":{"@id":"https:\/\/diariotextual.com\/inicio\/index.php\/2023\/11\/22\/carlotto-pedira-una-audiencia-con-milei-villarruel-no-podra-cerrar-la-exesma\/#primaryimage"},"thumbnailUrl":"https:\/\/diariotextual.com\/inicio\/wp-content\/uploads\/2023\/11\/carlottoesma2023.jpg","datePublished":"2023-11-22T20:08:33+00:00","dateModified":"2023-11-22T20:08:35+00:00","breadcrumb":{"@id":"https:\/\/diariotextual.com\/inicio\/index.php\/2023\/11\/22\/carlotto-pedira-una-audiencia-con-milei-villarruel-no-podra-cerrar-la-exesma\/#breadcrumb"},"inLanguage":"es","potentialAction":[{"@type":"ReadAction","target":["https:\/\/diariotextual.com\/inicio\/index.php\/2023\/11\/22\/carlotto-pedira-una-audiencia-con-milei-villarruel-no-podra-cerrar-la-exesma\/"]}]},{"@type":"ImageObject","inLanguage":"es","@id":"https:\/\/diariotextual.com\/inicio\/index.php\/2023\/11\/22\/carlotto-pedira-una-audiencia-con-milei-villarruel-no-podra-cerrar-la-exesma\/#primaryimage","url":"https:\/\/diariotextual.com\/inicio\/wp-content\/uploads\/2023\/11\/carlottoesma2023.jpg","contentUrl":"https:\/\/diariotextual.com\/inicio\/wp-content\/uploads\/2023\/11\/carlottoesma2023.jpg","width":900,"height":506},{"@type":"BreadcrumbList","@id":"https:\/\/diariotextual.com\/inicio\/index.php\/2023\/11\/22\/carlotto-pedira-una-audiencia-con-milei-villarruel-no-podra-cerrar-la-exesma\/#breadcrumb","itemListElement":[{"@type":"ListItem","position":1,"name":"Portada","item":"https:\/\/diariotextual.com\/inicio\/"},{"@type":"ListItem","position":2,"name":"Carlotto pedir\u00e1 una audiencia con Milei: \u201cVillarruel no podr\u00e1 cerrar la exESMA\u201d"}]},{"@type":"WebSite","@id":"https:\/\/diariotextual.com\/inicio\/#website","url":"https:\/\/diariotextual.com\/inicio\/","name":"Diario Textual","description":"","publisher":{"@id":"https:\/\/diariotextual.com\/inicio\/#organization"},"potentialAction":[{"@type":"SearchAction","target":{"@type":"EntryPoint","urlTemplate":"https:\/\/diariotextual.com\/inicio\/?s={search_term_string}"},"query-input":{"@type":"PropertyValueSpecification","valueRequired":true,"valueName":"search_term_string"}}],"inLanguage":"es"},{"@type":"Organization","@id":"https:\/\/diariotextual.com\/inicio\/#organization","name":"Diario Textual","url":"https:\/\/diariotextual.com\/inicio\/","logo":{"@type":"ImageObject","inLanguage":"es","@id":"https:\/\/diariotextual.com\/inicio\/#\/schema\/logo\/image\/","url":"https:\/\/diariotextual.com\/inicio\/wp-content\/uploads\/2023\/05\/logotextual1.jpg","contentUrl":"https:\/\/diariotextual.com\/inicio\/wp-content\/uploads\/2023\/05\/logotextual1.jpg","width":516,"height":76,"caption":"Diario Textual"},"image":{"@id":"https:\/\/diariotextual.com\/inicio\/#\/schema\/logo\/image\/"},"sameAs":["https:\/\/www.facebook.com\/eltextual","https:\/\/x.com\/eltextual","http:\/\/www.instagram.com\/eltextual"]},{"@type":"Person","@id":"https:\/\/diariotextual.com\/inicio\/#\/schema\/person\/a1b6f563e0ee944c60f98119389a4d9f","name":"diario3","image":{"@type":"ImageObject","inLanguage":"es","@id":"https:\/\/secure.gravatar.com\/avatar\/5e7ee62c82fc04d9dd79d746a390d93c69c43223e5faeeb3ea9461ef752bfc5d?s=96&d=mm&r=g","url":"https:\/\/secure.gravatar.com\/avatar\/5e7ee62c82fc04d9dd79d746a390d93c69c43223e5faeeb3ea9461ef752bfc5d?s=96&d=mm&r=g","contentUrl":"https:\/\/secure.gravatar.com\/avatar\/5e7ee62c82fc04d9dd79d746a390d93c69c43223e5faeeb3ea9461ef752bfc5d?s=96&d=mm&r=g","caption":"diario3"},"url":"https:\/\/diariotextual.com\/inicio\/index.php\/author\/diario3\/"}]}},"_links":{"self":[{"href":"https:\/\/diariotextual.com\/inicio\/index.php\/wp-json\/wp\/v2\/posts\/245374","targetHints":{"allow":["GET"]}}],"collection":[{"href":"https:\/\/diariotextual.com\/inicio\/index.php\/wp-json\/wp\/v2\/posts"}],"about":[{"href":"https:\/\/diariotextual.com\/inicio\/index.php\/wp-json\/wp\/v2\/types\/post"}],"author":[{"embeddable":true,"href":"https:\/\/diariotextual.com\/inicio\/index.php\/wp-json\/wp\/v2\/users\/5"}],"replies":[{"embeddable":true,"href":"https:\/\/diariotextual.com\/inicio\/index.php\/wp-json\/wp\/v2\/comments?post=245374"}],"version-history":[{"count":1,"href":"https:\/\/diariotextual.com\/inicio\/index.php\/wp-json\/wp\/v2\/posts\/245374\/revisions"}],"predecessor-version":[{"id":245376,"href":"https:\/\/diariotextual.com\/inicio\/index.php\/wp-json\/wp\/v2\/posts\/245374\/revisions\/245376"}],"wp:featuredmedia":[{"embeddable":true,"href":"https:\/\/diariotextual.com\/inicio\/index.php\/wp-json\/wp\/v2\/media\/245375"}],"wp:attachment":[{"href":"https:\/\/diariotextual.com\/inicio\/index.php\/wp-json\/wp\/v2\/media?parent=245374"}],"wp:term":[{"taxonomy":"category","embeddable":true,"href":"https:\/\/diariotextual.com\/inicio\/index.php\/wp-json\/wp\/v2\/categories?post=245374"},{"taxonomy":"post_tag","embeddable":true,"href":"https:\/\/diariotextual.com\/inicio\/index.php\/wp-json\/wp\/v2\/tags?post=245374"}],"curies":[{"name":"wp","href":"https:\/\/api.w.org\/{rel}","templated":true}]}}