{"id":245377,"date":"2023-11-22T18:44:47","date_gmt":"2023-11-22T21:44:47","guid":{"rendered":"https:\/\/diariotextual.com\/inicio\/?p=245377"},"modified":"2023-11-23T09:14:47","modified_gmt":"2023-11-23T12:14:47","slug":"ziliotto-suma-otra-preocupacion-desde-ahora-massa-solo-haria-transferencias-con-acuerdo-de-milei","status":"publish","type":"post","link":"https:\/\/diariotextual.com\/inicio\/index.php\/2023\/11\/22\/ziliotto-suma-otra-preocupacion-desde-ahora-massa-solo-haria-transferencias-con-acuerdo-de-milei\/","title":{"rendered":"Ziliotto suma otra preocupaci\u00f3n: desde ahora Massa s\u00f3lo har\u00eda transferencias con acuerdo de Milei"},"content":{"rendered":"\n<p><strong>Sergio Massa <\/strong>decidi\u00f3 que <strong>s\u00f3lo habilitar\u00e1 transferencias a las provincias con acuerdo de Javier Milei.<\/strong> La medida fue adelantada por un portal de noticias nacionales y <strong>ya sum\u00f3 una nueva preocupaci\u00f3n en el Gobierno de Sergio Ziliotto.<\/strong><\/p>\n\n\n\n<p>El ministro de Econom\u00eda se reuni\u00f3 este martes con <strong>Axel Kicillof, <\/strong>quien le pidi\u00f3 por la ejecuci\u00f3n de fondos antes del 10 de diciembre.<\/p>\n\n\n\n<p>Massa sum\u00f3 a Leonardo Madcur y a Ra\u00fal Rigo a la mesa. En tanto, seg\u00fan pudo saber <strong>La Pol\u00edtica Online<\/strong>, tambi\u00e9n particip\u00f3 un enlace del presidente electo. <\/p>\n\n\n\n<p><strong>El ministro de Econom\u00eda dej\u00f3 en claro en la reuni\u00f3n que no habilitar\u00e1 transferencias sin el okey del equipo de Milei.<\/strong><\/p>\n\n\n\n<p>En las \u00faltimas horas, <strong>Massa recibi\u00f3 pedidos de todos los gobernadores e intendentes. Todos tienen obra p\u00fablica atrasada y quieren pagos antes de que el libertario asuma la presidencia y avance con el ajuste. <\/strong>En el caso de Kicillof trascendi\u00f3 que en la reuni\u00f3n de hoy le pidi\u00f3 el pago de fondos de octubre y noviembre.<\/p>\n\n\n\n<p>La provincia de Buenos Aires recibi\u00f3 en los \u00faltimos cuatro a\u00f1os cuantiosos fondos de transferencias discrecionales que le permitieron a Kicillof afrontar importante obra p\u00fablica y no tener conflictos en la discusi\u00f3n salarial con estatales y docentes.<\/p>\n\n\n\n<p>Esas transferencias son las que est\u00e1n en riesgo desde ahora, seg\u00fan lo adelantado por el presidente electo.<\/p>\n\n\n\n<p>De hecho, <strong>Ziliotto elabor\u00f3 el proyecto de Presupuesto 2024 sin tener en cuenta esas transferencias no autom\u00e1ticas<\/strong> (es decir, por fuera de la coparticipaci\u00f3n).<\/p>\n\n\n\n<p>Ahora sum\u00f3 otra preocupaci\u00f3n porque <strong>el corte de esas transferencias comenzar\u00eda a operar desde esta semana, en vez del d\u00eda 10 de diciembre.<\/strong> De esa manera, reconocieron fuentes de Casa de Gobierno a Diario Textual, <strong>quedar\u00edan varios certificados de obras p\u00fablicas sin pagar.<\/strong><\/p>\n\n\n\n<figure class=\"wp-block-embed is-type-wp-embed is-provider-diario-textual wp-block-embed-diario-textual\"><div class=\"wp-block-embed__wrapper\">\n<blockquote class=\"wp-embedded-content\" data-secret=\"j0FraGHAGT\"><a href=\"https:\/\/diariotextual.com\/inicio\/index.php\/2023\/11\/22\/ahora-milei-dice-que-tambien-se-caeran-las-obras-ya-licitadas\/\">Ahora Milei dice que tambi\u00e9n se caer\u00e1n las obras ya licitadas<\/a><\/blockquote><iframe class=\"wp-embedded-content\" sandbox=\"allow-scripts\" security=\"restricted\" style=\"position: absolute; clip: rect(1px, 1px, 1px, 1px);\" title=\"\u00abAhora Milei dice que tambi\u00e9n se caer\u00e1n las obras ya licitadas\u00bb \u2014 Diario Textual\" src=\"https:\/\/diariotextual.com\/inicio\/index.php\/2023\/11\/22\/ahora-milei-dice-que-tambien-se-caeran-las-obras-ya-licitadas\/embed\/#?secret=uVjBxBSyL4#?secret=j0FraGHAGT\" data-secret=\"j0FraGHAGT\" width=\"600\" height=\"338\" frameborder=\"0\" marginwidth=\"0\" marginheight=\"0\" scrolling=\"no\"><\/iframe>\n<\/div><\/figure>\n","protected":false},"excerpt":{"rendered":"<p>Sergio Massa decidi\u00f3 que s\u00f3lo habilitar\u00e1 transferencias a las provincias con acuerdo de Javier Milei. La medida fue adelantada por un portal de noticias nacionales y ya sum\u00f3 una nueva&hellip;<\/p>\n","protected":false},"author":3,"featured_media":243028,"comment_status":"closed","ping_status":"open","sticky":false,"template":"","format":"standard","meta":{"_acf_changed":false,"footnotes":""},"categories":[1,8],"tags":[],"class_list":["post-245377","post","type-post","status-publish","format-standard","has-post-thumbnail","hentry","category-es-noticia","category-politica"],"acf":[],"yoast_head":"<!-- This site is optimized with the Yoast SEO plugin v27.5 - https:\/\/yoast.com\/product\/yoast-seo-wordpress\/ -->\n<title>Ziliotto suma otra preocupaci\u00f3n: desde ahora Massa s\u00f3lo har\u00eda transferencias con acuerdo de Milei - Diario Textual<\/title>\n<meta name=\"robots\" content=\"index, follow, max-snippet:-1, max-image-preview:large, max-video-preview:-1\" \/>\n<link rel=\"canonical\" href=\"https:\/\/diariotextual.com\/inicio\/index.php\/2023\/11\/22\/ziliotto-suma-otra-preocupacion-desde-ahora-massa-solo-haria-transferencias-con-acuerdo-de-milei\/\" \/>\n<meta property=\"og:locale\" content=\"es_ES\" \/>\n<meta property=\"og:type\" content=\"article\" \/>\n<meta property=\"og:title\" content=\"Ziliotto suma otra preocupaci\u00f3n: desde ahora Massa s\u00f3lo har\u00eda transferencias con acuerdo de Milei - Diario Textual\" \/>\n<meta property=\"og:description\" content=\"Sergio Massa decidi\u00f3 que s\u00f3lo habilitar\u00e1 transferencias a las provincias con acuerdo de Javier Milei. La medida fue adelantada por un portal de noticias nacionales y ya sum\u00f3 una nueva&hellip;\" \/>\n<meta property=\"og:url\" content=\"https:\/\/diariotextual.com\/inicio\/index.php\/2023\/11\/22\/ziliotto-suma-otra-preocupacion-desde-ahora-massa-solo-haria-transferencias-con-acuerdo-de-milei\/\" \/>\n<meta property=\"og:site_name\" content=\"Diario Textual\" \/>\n<meta property=\"article:publisher\" content=\"https:\/\/www.facebook.com\/eltextual\" \/>\n<meta property=\"article:published_time\" content=\"2023-11-22T21:44:47+00:00\" \/>\n<meta property=\"article:modified_time\" content=\"2023-11-23T12:14:47+00:00\" \/>\n<meta property=\"og:image\" content=\"https:\/\/diariotextual.com\/inicio\/wp-content\/uploads\/2023\/11\/massasergioziliottosergiocoparticipacionpampa2023-1.jpg\" \/>\n\t<meta property=\"og:image:width\" content=\"1600\" \/>\n\t<meta property=\"og:image:height\" content=\"1066\" \/>\n\t<meta property=\"og:image:type\" content=\"image\/jpeg\" \/>\n<meta name=\"author\" content=\"Diario1 Diario1\" \/>\n<meta name=\"twitter:card\" content=\"summary_large_image\" \/>\n<meta name=\"twitter:creator\" content=\"@eltextual\" \/>\n<meta name=\"twitter:site\" content=\"@eltextual\" \/>\n<meta name=\"twitter:label1\" content=\"Escrito por\" \/>\n\t<meta name=\"twitter:data1\" content=\"Diario1 Diario1\" \/>\n\t<meta name=\"twitter:label2\" content=\"Tiempo de lectura\" \/>\n\t<meta name=\"twitter:data2\" content=\"2 minutos\" \/>\n<script type=\"application\/ld+json\" class=\"yoast-schema-graph\">{\"@context\":\"https:\\\/\\\/schema.org\",\"@graph\":[{\"@type\":\"Article\",\"@id\":\"https:\\\/\\\/diariotextual.com\\\/inicio\\\/index.php\\\/2023\\\/11\\\/22\\\/ziliotto-suma-otra-preocupacion-desde-ahora-massa-solo-haria-transferencias-con-acuerdo-de-milei\\\/#article\",\"isPartOf\":{\"@id\":\"https:\\\/\\\/diariotextual.com\\\/inicio\\\/index.php\\\/2023\\\/11\\\/22\\\/ziliotto-suma-otra-preocupacion-desde-ahora-massa-solo-haria-transferencias-con-acuerdo-de-milei\\\/\"},\"author\":{\"name\":\"Diario1 Diario1\",\"@id\":\"https:\\\/\\\/diariotextual.com\\\/inicio\\\/#\\\/schema\\\/person\\\/418fc4093c33e86ed41562db3508f958\"},\"headline\":\"Ziliotto suma otra preocupaci\u00f3n: desde ahora Massa s\u00f3lo har\u00eda transferencias con acuerdo de Milei\",\"datePublished\":\"2023-11-22T21:44:47+00:00\",\"dateModified\":\"2023-11-23T12:14:47+00:00\",\"mainEntityOfPage\":{\"@id\":\"https:\\\/\\\/diariotextual.com\\\/inicio\\\/index.php\\\/2023\\\/11\\\/22\\\/ziliotto-suma-otra-preocupacion-desde-ahora-massa-solo-haria-transferencias-con-acuerdo-de-milei\\\/\"},\"wordCount\":331,\"publisher\":{\"@id\":\"https:\\\/\\\/diariotextual.com\\\/inicio\\\/#organization\"},\"image\":{\"@id\":\"https:\\\/\\\/diariotextual.com\\\/inicio\\\/index.php\\\/2023\\\/11\\\/22\\\/ziliotto-suma-otra-preocupacion-desde-ahora-massa-solo-haria-transferencias-con-acuerdo-de-milei\\\/#primaryimage\"},\"thumbnailUrl\":\"https:\\\/\\\/diariotextual.com\\\/inicio\\\/wp-content\\\/uploads\\\/2023\\\/11\\\/massasergioziliottosergiocoparticipacionpampa2023-1.jpg\",\"articleSection\":[\"A - ES NOTICIA (van abajo)\",\"POLITICA\"],\"inLanguage\":\"es\"},{\"@type\":\"WebPage\",\"@id\":\"https:\\\/\\\/diariotextual.com\\\/inicio\\\/index.php\\\/2023\\\/11\\\/22\\\/ziliotto-suma-otra-preocupacion-desde-ahora-massa-solo-haria-transferencias-con-acuerdo-de-milei\\\/\",\"url\":\"https:\\\/\\\/diariotextual.com\\\/inicio\\\/index.php\\\/2023\\\/11\\\/22\\\/ziliotto-suma-otra-preocupacion-desde-ahora-massa-solo-haria-transferencias-con-acuerdo-de-milei\\\/\",\"name\":\"Ziliotto suma otra preocupaci\u00f3n: desde ahora Massa s\u00f3lo har\u00eda transferencias con acuerdo de Milei - Diario Textual\",\"isPartOf\":{\"@id\":\"https:\\\/\\\/diariotextual.com\\\/inicio\\\/#website\"},\"primaryImageOfPage\":{\"@id\":\"https:\\\/\\\/diariotextual.com\\\/inicio\\\/index.php\\\/2023\\\/11\\\/22\\\/ziliotto-suma-otra-preocupacion-desde-ahora-massa-solo-haria-transferencias-con-acuerdo-de-milei\\\/#primaryimage\"},\"image\":{\"@id\":\"https:\\\/\\\/diariotextual.com\\\/inicio\\\/index.php\\\/2023\\\/11\\\/22\\\/ziliotto-suma-otra-preocupacion-desde-ahora-massa-solo-haria-transferencias-con-acuerdo-de-milei\\\/#primaryimage\"},\"thumbnailUrl\":\"https:\\\/\\\/diariotextual.com\\\/inicio\\\/wp-content\\\/uploads\\\/2023\\\/11\\\/massasergioziliottosergiocoparticipacionpampa2023-1.jpg\",\"datePublished\":\"2023-11-22T21:44:47+00:00\",\"dateModified\":\"2023-11-23T12:14:47+00:00\",\"breadcrumb\":{\"@id\":\"https:\\\/\\\/diariotextual.com\\\/inicio\\\/index.php\\\/2023\\\/11\\\/22\\\/ziliotto-suma-otra-preocupacion-desde-ahora-massa-solo-haria-transferencias-con-acuerdo-de-milei\\\/#breadcrumb\"},\"inLanguage\":\"es\",\"potentialAction\":[{\"@type\":\"ReadAction\",\"target\":[\"https:\\\/\\\/diariotextual.com\\\/inicio\\\/index.php\\\/2023\\\/11\\\/22\\\/ziliotto-suma-otra-preocupacion-desde-ahora-massa-solo-haria-transferencias-con-acuerdo-de-milei\\\/\"]}]},{\"@type\":\"ImageObject\",\"inLanguage\":\"es\",\"@id\":\"https:\\\/\\\/diariotextual.com\\\/inicio\\\/index.php\\\/2023\\\/11\\\/22\\\/ziliotto-suma-otra-preocupacion-desde-ahora-massa-solo-haria-transferencias-con-acuerdo-de-milei\\\/#primaryimage\",\"url\":\"https:\\\/\\\/diariotextual.com\\\/inicio\\\/wp-content\\\/uploads\\\/2023\\\/11\\\/massasergioziliottosergiocoparticipacionpampa2023-1.jpg\",\"contentUrl\":\"https:\\\/\\\/diariotextual.com\\\/inicio\\\/wp-content\\\/uploads\\\/2023\\\/11\\\/massasergioziliottosergiocoparticipacionpampa2023-1.jpg\",\"width\":1600,\"height\":1066},{\"@type\":\"BreadcrumbList\",\"@id\":\"https:\\\/\\\/diariotextual.com\\\/inicio\\\/index.php\\\/2023\\\/11\\\/22\\\/ziliotto-suma-otra-preocupacion-desde-ahora-massa-solo-haria-transferencias-con-acuerdo-de-milei\\\/#breadcrumb\",\"itemListElement\":[{\"@type\":\"ListItem\",\"position\":1,\"name\":\"Portada\",\"item\":\"https:\\\/\\\/diariotextual.com\\\/inicio\\\/\"},{\"@type\":\"ListItem\",\"position\":2,\"name\":\"Ziliotto suma otra preocupaci\u00f3n: desde ahora Massa s\u00f3lo har\u00eda transferencias con acuerdo de Milei\"}]},{\"@type\":\"WebSite\",\"@id\":\"https:\\\/\\\/diariotextual.com\\\/inicio\\\/#website\",\"url\":\"https:\\\/\\\/diariotextual.com\\\/inicio\\\/\",\"name\":\"Diario Textual\",\"description\":\"\",\"publisher\":{\"@id\":\"https:\\\/\\\/diariotextual.com\\\/inicio\\\/#organization\"},\"potentialAction\":[{\"@type\":\"SearchAction\",\"target\":{\"@type\":\"EntryPoint\",\"urlTemplate\":\"https:\\\/\\\/diariotextual.com\\\/inicio\\\/?s={search_term_string}\"},\"query-input\":{\"@type\":\"PropertyValueSpecification\",\"valueRequired\":true,\"valueName\":\"search_term_string\"}}],\"inLanguage\":\"es\"},{\"@type\":\"Organization\",\"@id\":\"https:\\\/\\\/diariotextual.com\\\/inicio\\\/#organization\",\"name\":\"Diario Textual\",\"url\":\"https:\\\/\\\/diariotextual.com\\\/inicio\\\/\",\"logo\":{\"@type\":\"ImageObject\",\"inLanguage\":\"es\",\"@id\":\"https:\\\/\\\/diariotextual.com\\\/inicio\\\/#\\\/schema\\\/logo\\\/image\\\/\",\"url\":\"https:\\\/\\\/diariotextual.com\\\/inicio\\\/wp-content\\\/uploads\\\/2023\\\/05\\\/logotextual1.jpg\",\"contentUrl\":\"https:\\\/\\\/diariotextual.com\\\/inicio\\\/wp-content\\\/uploads\\\/2023\\\/05\\\/logotextual1.jpg\",\"width\":516,\"height\":76,\"caption\":\"Diario Textual\"},\"image\":{\"@id\":\"https:\\\/\\\/diariotextual.com\\\/inicio\\\/#\\\/schema\\\/logo\\\/image\\\/\"},\"sameAs\":[\"https:\\\/\\\/www.facebook.com\\\/eltextual\",\"https:\\\/\\\/x.com\\\/eltextual\",\"http:\\\/\\\/www.instagram.com\\\/eltextual\"]},{\"@type\":\"Person\",\"@id\":\"https:\\\/\\\/diariotextual.com\\\/inicio\\\/#\\\/schema\\\/person\\\/418fc4093c33e86ed41562db3508f958\",\"name\":\"Diario1 Diario1\",\"image\":{\"@type\":\"ImageObject\",\"inLanguage\":\"es\",\"@id\":\"https:\\\/\\\/secure.gravatar.com\\\/avatar\\\/9167d280179c85bc18be67aa7eda765854300033af4896dd779b608640f2ef7a?s=96&d=mm&r=g\",\"url\":\"https:\\\/\\\/secure.gravatar.com\\\/avatar\\\/9167d280179c85bc18be67aa7eda765854300033af4896dd779b608640f2ef7a?s=96&d=mm&r=g\",\"contentUrl\":\"https:\\\/\\\/secure.gravatar.com\\\/avatar\\\/9167d280179c85bc18be67aa7eda765854300033af4896dd779b608640f2ef7a?s=96&d=mm&r=g\",\"caption\":\"Diario1 Diario1\"},\"url\":\"https:\\\/\\\/diariotextual.com\\\/inicio\\\/index.php\\\/author\\\/diario1\\\/\"}]}<\/script>\n<!-- \/ Yoast SEO plugin. -->","yoast_head_json":{"title":"Ziliotto suma otra preocupaci\u00f3n: desde ahora Massa s\u00f3lo har\u00eda transferencias con acuerdo de Milei - Diario Textual","robots":{"index":"index","follow":"follow","max-snippet":"max-snippet:-1","max-image-preview":"max-image-preview:large","max-video-preview":"max-video-preview:-1"},"canonical":"https:\/\/diariotextual.com\/inicio\/index.php\/2023\/11\/22\/ziliotto-suma-otra-preocupacion-desde-ahora-massa-solo-haria-transferencias-con-acuerdo-de-milei\/","og_locale":"es_ES","og_type":"article","og_title":"Ziliotto suma otra preocupaci\u00f3n: desde ahora Massa s\u00f3lo har\u00eda transferencias con acuerdo de Milei - Diario Textual","og_description":"Sergio Massa decidi\u00f3 que s\u00f3lo habilitar\u00e1 transferencias a las provincias con acuerdo de Javier Milei. La medida fue adelantada por un portal de noticias nacionales y ya sum\u00f3 una nueva&hellip;","og_url":"https:\/\/diariotextual.com\/inicio\/index.php\/2023\/11\/22\/ziliotto-suma-otra-preocupacion-desde-ahora-massa-solo-haria-transferencias-con-acuerdo-de-milei\/","og_site_name":"Diario Textual","article_publisher":"https:\/\/www.facebook.com\/eltextual","article_published_time":"2023-11-22T21:44:47+00:00","article_modified_time":"2023-11-23T12:14:47+00:00","og_image":[{"width":1600,"height":1066,"url":"https:\/\/diariotextual.com\/inicio\/wp-content\/uploads\/2023\/11\/massasergioziliottosergiocoparticipacionpampa2023-1.jpg","type":"image\/jpeg"}],"author":"Diario1 Diario1","twitter_card":"summary_large_image","twitter_creator":"@eltextual","twitter_site":"@eltextual","twitter_misc":{"Escrito por":"Diario1 Diario1","Tiempo de lectura":"2 minutos"},"schema":{"@context":"https:\/\/schema.org","@graph":[{"@type":"Article","@id":"https:\/\/diariotextual.com\/inicio\/index.php\/2023\/11\/22\/ziliotto-suma-otra-preocupacion-desde-ahora-massa-solo-haria-transferencias-con-acuerdo-de-milei\/#article","isPartOf":{"@id":"https:\/\/diariotextual.com\/inicio\/index.php\/2023\/11\/22\/ziliotto-suma-otra-preocupacion-desde-ahora-massa-solo-haria-transferencias-con-acuerdo-de-milei\/"},"author":{"name":"Diario1 Diario1","@id":"https:\/\/diariotextual.com\/inicio\/#\/schema\/person\/418fc4093c33e86ed41562db3508f958"},"headline":"Ziliotto suma otra preocupaci\u00f3n: desde ahora Massa s\u00f3lo har\u00eda transferencias con acuerdo de Milei","datePublished":"2023-11-22T21:44:47+00:00","dateModified":"2023-11-23T12:14:47+00:00","mainEntityOfPage":{"@id":"https:\/\/diariotextual.com\/inicio\/index.php\/2023\/11\/22\/ziliotto-suma-otra-preocupacion-desde-ahora-massa-solo-haria-transferencias-con-acuerdo-de-milei\/"},"wordCount":331,"publisher":{"@id":"https:\/\/diariotextual.com\/inicio\/#organization"},"image":{"@id":"https:\/\/diariotextual.com\/inicio\/index.php\/2023\/11\/22\/ziliotto-suma-otra-preocupacion-desde-ahora-massa-solo-haria-transferencias-con-acuerdo-de-milei\/#primaryimage"},"thumbnailUrl":"https:\/\/diariotextual.com\/inicio\/wp-content\/uploads\/2023\/11\/massasergioziliottosergiocoparticipacionpampa2023-1.jpg","articleSection":["A - ES NOTICIA (van abajo)","POLITICA"],"inLanguage":"es"},{"@type":"WebPage","@id":"https:\/\/diariotextual.com\/inicio\/index.php\/2023\/11\/22\/ziliotto-suma-otra-preocupacion-desde-ahora-massa-solo-haria-transferencias-con-acuerdo-de-milei\/","url":"https:\/\/diariotextual.com\/inicio\/index.php\/2023\/11\/22\/ziliotto-suma-otra-preocupacion-desde-ahora-massa-solo-haria-transferencias-con-acuerdo-de-milei\/","name":"Ziliotto suma otra preocupaci\u00f3n: desde ahora Massa s\u00f3lo har\u00eda transferencias con acuerdo de Milei - Diario Textual","isPartOf":{"@id":"https:\/\/diariotextual.com\/inicio\/#website"},"primaryImageOfPage":{"@id":"https:\/\/diariotextual.com\/inicio\/index.php\/2023\/11\/22\/ziliotto-suma-otra-preocupacion-desde-ahora-massa-solo-haria-transferencias-con-acuerdo-de-milei\/#primaryimage"},"image":{"@id":"https:\/\/diariotextual.com\/inicio\/index.php\/2023\/11\/22\/ziliotto-suma-otra-preocupacion-desde-ahora-massa-solo-haria-transferencias-con-acuerdo-de-milei\/#primaryimage"},"thumbnailUrl":"https:\/\/diariotextual.com\/inicio\/wp-content\/uploads\/2023\/11\/massasergioziliottosergiocoparticipacionpampa2023-1.jpg","datePublished":"2023-11-22T21:44:47+00:00","dateModified":"2023-11-23T12:14:47+00:00","breadcrumb":{"@id":"https:\/\/diariotextual.com\/inicio\/index.php\/2023\/11\/22\/ziliotto-suma-otra-preocupacion-desde-ahora-massa-solo-haria-transferencias-con-acuerdo-de-milei\/#breadcrumb"},"inLanguage":"es","potentialAction":[{"@type":"ReadAction","target":["https:\/\/diariotextual.com\/inicio\/index.php\/2023\/11\/22\/ziliotto-suma-otra-preocupacion-desde-ahora-massa-solo-haria-transferencias-con-acuerdo-de-milei\/"]}]},{"@type":"ImageObject","inLanguage":"es","@id":"https:\/\/diariotextual.com\/inicio\/index.php\/2023\/11\/22\/ziliotto-suma-otra-preocupacion-desde-ahora-massa-solo-haria-transferencias-con-acuerdo-de-milei\/#primaryimage","url":"https:\/\/diariotextual.com\/inicio\/wp-content\/uploads\/2023\/11\/massasergioziliottosergiocoparticipacionpampa2023-1.jpg","contentUrl":"https:\/\/diariotextual.com\/inicio\/wp-content\/uploads\/2023\/11\/massasergioziliottosergiocoparticipacionpampa2023-1.jpg","width":1600,"height":1066},{"@type":"BreadcrumbList","@id":"https:\/\/diariotextual.com\/inicio\/index.php\/2023\/11\/22\/ziliotto-suma-otra-preocupacion-desde-ahora-massa-solo-haria-transferencias-con-acuerdo-de-milei\/#breadcrumb","itemListElement":[{"@type":"ListItem","position":1,"name":"Portada","item":"https:\/\/diariotextual.com\/inicio\/"},{"@type":"ListItem","position":2,"name":"Ziliotto suma otra preocupaci\u00f3n: desde ahora Massa s\u00f3lo har\u00eda transferencias con acuerdo de Milei"}]},{"@type":"WebSite","@id":"https:\/\/diariotextual.com\/inicio\/#website","url":"https:\/\/diariotextual.com\/inicio\/","name":"Diario Textual","description":"","publisher":{"@id":"https:\/\/diariotextual.com\/inicio\/#organization"},"potentialAction":[{"@type":"SearchAction","target":{"@type":"EntryPoint","urlTemplate":"https:\/\/diariotextual.com\/inicio\/?s={search_term_string}"},"query-input":{"@type":"PropertyValueSpecification","valueRequired":true,"valueName":"search_term_string"}}],"inLanguage":"es"},{"@type":"Organization","@id":"https:\/\/diariotextual.com\/inicio\/#organization","name":"Diario Textual","url":"https:\/\/diariotextual.com\/inicio\/","logo":{"@type":"ImageObject","inLanguage":"es","@id":"https:\/\/diariotextual.com\/inicio\/#\/schema\/logo\/image\/","url":"https:\/\/diariotextual.com\/inicio\/wp-content\/uploads\/2023\/05\/logotextual1.jpg","contentUrl":"https:\/\/diariotextual.com\/inicio\/wp-content\/uploads\/2023\/05\/logotextual1.jpg","width":516,"height":76,"caption":"Diario Textual"},"image":{"@id":"https:\/\/diariotextual.com\/inicio\/#\/schema\/logo\/image\/"},"sameAs":["https:\/\/www.facebook.com\/eltextual","https:\/\/x.com\/eltextual","http:\/\/www.instagram.com\/eltextual"]},{"@type":"Person","@id":"https:\/\/diariotextual.com\/inicio\/#\/schema\/person\/418fc4093c33e86ed41562db3508f958","name":"Diario1 Diario1","image":{"@type":"ImageObject","inLanguage":"es","@id":"https:\/\/secure.gravatar.com\/avatar\/9167d280179c85bc18be67aa7eda765854300033af4896dd779b608640f2ef7a?s=96&d=mm&r=g","url":"https:\/\/secure.gravatar.com\/avatar\/9167d280179c85bc18be67aa7eda765854300033af4896dd779b608640f2ef7a?s=96&d=mm&r=g","contentUrl":"https:\/\/secure.gravatar.com\/avatar\/9167d280179c85bc18be67aa7eda765854300033af4896dd779b608640f2ef7a?s=96&d=mm&r=g","caption":"Diario1 Diario1"},"url":"https:\/\/diariotextual.com\/inicio\/index.php\/author\/diario1\/"}]}},"_links":{"self":[{"href":"https:\/\/diariotextual.com\/inicio\/index.php\/wp-json\/wp\/v2\/posts\/245377","targetHints":{"allow":["GET"]}}],"collection":[{"href":"https:\/\/diariotextual.com\/inicio\/index.php\/wp-json\/wp\/v2\/posts"}],"about":[{"href":"https:\/\/diariotextual.com\/inicio\/index.php\/wp-json\/wp\/v2\/types\/post"}],"author":[{"embeddable":true,"href":"https:\/\/diariotextual.com\/inicio\/index.php\/wp-json\/wp\/v2\/users\/3"}],"replies":[{"embeddable":true,"href":"https:\/\/diariotextual.com\/inicio\/index.php\/wp-json\/wp\/v2\/comments?post=245377"}],"version-history":[{"count":5,"href":"https:\/\/diariotextual.com\/inicio\/index.php\/wp-json\/wp\/v2\/posts\/245377\/revisions"}],"predecessor-version":[{"id":245383,"href":"https:\/\/diariotextual.com\/inicio\/index.php\/wp-json\/wp\/v2\/posts\/245377\/revisions\/245383"}],"wp:featuredmedia":[{"embeddable":true,"href":"https:\/\/diariotextual.com\/inicio\/index.php\/wp-json\/wp\/v2\/media\/243028"}],"wp:attachment":[{"href":"https:\/\/diariotextual.com\/inicio\/index.php\/wp-json\/wp\/v2\/media?parent=245377"}],"wp:term":[{"taxonomy":"category","embeddable":true,"href":"https:\/\/diariotextual.com\/inicio\/index.php\/wp-json\/wp\/v2\/categories?post=245377"},{"taxonomy":"post_tag","embeddable":true,"href":"https:\/\/diariotextual.com\/inicio\/index.php\/wp-json\/wp\/v2\/tags?post=245377"}],"curies":[{"name":"wp","href":"https:\/\/api.w.org\/{rel}","templated":true}]}}