{"id":245384,"date":"2023-11-22T18:57:24","date_gmt":"2023-11-22T21:57:24","guid":{"rendered":"https:\/\/diariotextual.com\/inicio\/?p=245384"},"modified":"2023-11-22T19:29:03","modified_gmt":"2023-11-22T22:29:03","slug":"cfk-y-villarruel-se-reunieron-en-el-senado-por-la-transicion","status":"publish","type":"post","link":"https:\/\/diariotextual.com\/inicio\/index.php\/2023\/11\/22\/cfk-y-villarruel-se-reunieron-en-el-senado-por-la-transicion\/","title":{"rendered":"CFK y Villarruel se reunieron en el Senado por la transici\u00f3n"},"content":{"rendered":"\n<p>Con la <strong>gesti\u00f3n mediada por la pampeana Mar\u00eda Luz Alonso<\/strong>, la vicepresidenta Cristina Kirchner recibi\u00f3 hoy a la vicepresidenta electa de La Libertad Avanza, Victoria Villarruel, en su despacho del Senado para comenzar la transici\u00f3n en ese cuerpo legislativo.<\/p>\n\n\n\n<p>La diputada nacional que asumir\u00e1 como vicepresidenta el 10 de diciembre ingres\u00f3 muy puntual a la C\u00e1mara alta por la calle Combate de los Pozos acompa\u00f1ada por tres colaboradores, y fue recibida por la vicepresidenta en ejercicio en un encuentro que dur\u00f3 menos de una hora y que no registr\u00f3 fotos.<\/p>\n\n\n\n<p>Durante la reuni\u00f3n se coordin\u00f3 la organizaci\u00f3n de la Asamblea Legislativa del 10 de diciembre y se repasaron los principales hechos de la gesti\u00f3n, seg\u00fan comunicaron fuentes cercanas a Cristina Kirchner.<\/p>\n\n\n\n<p>\u00ab<strong>Es una reuni\u00f3n hist\u00f3rica para todos los argentinos\u00bb, dijo Villarruel<\/strong> al tomar contacto con la prensa apenas finalizada la reuni\u00f3n, de cual se fue muy conforme.<\/p>\n\n\n\n<p>La <strong>diputada de La Libertad Avanza tambi\u00e9n calific\u00f3 el encuentro como \u00abmuy cordial\u00bb y adelant\u00f3 que va a \u00abtrabajar muy intensamente todo el verano\u00bb con todos los bloques<\/strong> para sacar las leyes que env\u00ede el Poder Ejecutivo.<\/p>\n\n\n\n<p>En este sentido, cae de maduro que una vez en funciones, <strong>Milei va a convocar a sesiones extraordinarias del Congreso.<\/strong><\/p>\n\n\n\n<p>\u00abFue una reuni\u00f3n cordial donde hablamos de la transici\u00f3n que va a ser ordenada, respetuosa. La persona que (Cristina Kirchner) ha designado para ordenar la transici\u00f3n nos ha explicado el funcionamiento del Senado y los pasos a seguir en los siguientes d\u00edas\u00bb, explic\u00f3 Villarruel.<\/p>\n\n\n\n<p>La vicepresidenta electa coment\u00f3: \u201cHa sido todo dentro de lo democr\u00e1tico, de lo cordial, del esfuerzo de ambas partes de tratar de llevar adelante una transici\u00f3n que sea en beneficio del pueblo argentino\u201d.<\/p>\n\n\n\n<p>\u201cFue una charla amable, no nos conoc\u00edamos, pero pudimos conversar, pudimos conocernos, hablar de las cuestiones que hay por delante\u00bb, ponder\u00f3.<\/p>\n\n\n\n<p>\u00abNo hubo fotos pero la ciudadan\u00eda tiene que quedarse sumamente tranquila porque vamos a llevar adelante desde La Libertad Avanza y de la gesti\u00f3n saliente una transici\u00f3n ordenada en el Poder Legislativo\u00bb, agreg\u00f3.<\/p>\n\n\n\n<figure class=\"wp-block-embed is-type-wp-embed is-provider-diario-textual wp-block-embed-diario-textual\"><div class=\"wp-block-embed__wrapper\">\n<blockquote class=\"wp-embedded-content\" data-secret=\"USiog6CZJ8\"><a href=\"https:\/\/diariotextual.com\/inicio\/index.php\/2023\/11\/22\/carlotto-pedira-una-audiencia-con-milei-villarruel-no-podra-cerrar-la-exesma\/\">Carlotto pedir\u00e1 una audiencia con Milei: \u201cVillarruel no podr\u00e1 cerrar la exESMA\u201d<\/a><\/blockquote><iframe class=\"wp-embedded-content\" sandbox=\"allow-scripts\" security=\"restricted\" style=\"position: absolute; clip: rect(1px, 1px, 1px, 1px);\" title=\"\u00abCarlotto pedir\u00e1 una audiencia con Milei: \u201cVillarruel no podr\u00e1 cerrar la exESMA\u201d\u00bb \u2014 Diario Textual\" src=\"https:\/\/diariotextual.com\/inicio\/index.php\/2023\/11\/22\/carlotto-pedira-una-audiencia-con-milei-villarruel-no-podra-cerrar-la-exesma\/embed\/#?secret=ICK76ZIZjw#?secret=USiog6CZJ8\" data-secret=\"USiog6CZJ8\" width=\"600\" height=\"338\" frameborder=\"0\" marginwidth=\"0\" marginheight=\"0\" scrolling=\"no\"><\/iframe>\n<\/div><\/figure>\n\n\n\n<p>Los pr\u00f3ximos pasos ser\u00e1n la asunci\u00f3n de los senadores electos en una sesi\u00f3n con fecha no confirmada, luego la Asamblea Legislativa del 10 de diciembre para la asunci\u00f3n de la f\u00f3rmula presidencial y la designaci\u00f3n de las nuevas autoridades de la C\u00e1mara alta.<\/p>\n\n\n\n<p>De acuerdo a lo informado por fuentes de la presidencia del Senado, durante el encuentro con Villarruel la vicepresidenta destac\u00f3 que al asumir la gesti\u00f3n se recibi\u00f3 la obra social del personal legislativo (DAS) con $390 millones de d\u00e9ficit mensual y que luego del proceso de saneamiento y mejoras en la gesti\u00f3n se logr\u00f3 un super\u00e1vit equivalente a 5 meses de prestaciones, ampliando al mismo tiempo los servicios y prestaciones para los afiliados.<\/p>\n\n\n\n<p>Cristina Kirchner tambi\u00e9n le coment\u00f3 que en cuanto a los recursos humanos del Senado en la actualidad la c\u00e1mara alta cuenta con una n\u00f3mina de 400 empleados menos que la gesti\u00f3n anterior.<\/p>\n\n\n\n<p>Tambi\u00e9n le hizo un repaso a su sucesora sobre el estado de los avances y mejoras edilicias que se llevaron adelante durante la gesti\u00f3n, \u00abcon el objetivo de poner en valor los espacios de valor patrimonial y mejorar los espacios de trabajo del personal del Senado\u00bb.<\/p>\n\n\n\n<p>La reuni\u00f3n hab\u00eda sido coordinada por la secretaria administrativa del Senado, Mar\u00eda Luz Alonso, quien por instrucciones de Cristina Kirchner se puso en contacto con el diputado electo Guillermo Montenegro, uno de los hombres del c\u00edrculo de mayor confianza de Villarruel, para acordar el d\u00eda y la hora de la audiencia.<\/p>\n","protected":false},"excerpt":{"rendered":"<p>Con la gesti\u00f3n mediada por la pampeana Mar\u00eda Luz Alonso, la vicepresidenta Cristina Kirchner recibi\u00f3 hoy a la vicepresidenta electa de La Libertad Avanza, Victoria Villarruel, en su despacho del&hellip;<\/p>\n","protected":false},"author":5,"featured_media":245388,"comment_status":"closed","ping_status":"open","sticky":false,"template":"","format":"standard","meta":{"_acf_changed":false,"footnotes":""},"categories":[1,8],"tags":[682,569,7737],"class_list":["post-245384","post","type-post","status-publish","format-standard","has-post-thumbnail","hentry","category-es-noticia","category-politica","tag-cfk","tag-senado","tag-villarruel"],"acf":[],"yoast_head":"<!-- This site is optimized with the Yoast SEO plugin v27.5 - https:\/\/yoast.com\/product\/yoast-seo-wordpress\/ -->\n<title>CFK y Villarruel se reunieron en el Senado por la transici\u00f3n - Diario Textual<\/title>\n<meta name=\"robots\" content=\"index, follow, max-snippet:-1, max-image-preview:large, max-video-preview:-1\" \/>\n<link rel=\"canonical\" href=\"https:\/\/diariotextual.com\/inicio\/index.php\/2023\/11\/22\/cfk-y-villarruel-se-reunieron-en-el-senado-por-la-transicion\/\" \/>\n<meta property=\"og:locale\" content=\"es_ES\" \/>\n<meta property=\"og:type\" content=\"article\" \/>\n<meta property=\"og:title\" content=\"CFK y Villarruel se reunieron en el Senado por la transici\u00f3n - Diario Textual\" \/>\n<meta property=\"og:description\" content=\"Con la gesti\u00f3n mediada por la pampeana Mar\u00eda Luz Alonso, la vicepresidenta Cristina Kirchner recibi\u00f3 hoy a la vicepresidenta electa de La Libertad Avanza, Victoria Villarruel, en su despacho del&hellip;\" \/>\n<meta property=\"og:url\" content=\"https:\/\/diariotextual.com\/inicio\/index.php\/2023\/11\/22\/cfk-y-villarruel-se-reunieron-en-el-senado-por-la-transicion\/\" \/>\n<meta property=\"og:site_name\" content=\"Diario Textual\" \/>\n<meta property=\"article:publisher\" content=\"https:\/\/www.facebook.com\/eltextual\" \/>\n<meta property=\"article:published_time\" content=\"2023-11-22T21:57:24+00:00\" \/>\n<meta property=\"article:modified_time\" content=\"2023-11-22T22:29:03+00:00\" \/>\n<meta property=\"og:image\" content=\"https:\/\/diariotextual.com\/inicio\/wp-content\/uploads\/2023\/11\/villarruelvictoriasenado2023.jpg\" \/>\n\t<meta property=\"og:image:width\" content=\"900\" \/>\n\t<meta property=\"og:image:height\" content=\"506\" \/>\n\t<meta property=\"og:image:type\" content=\"image\/jpeg\" \/>\n<meta name=\"author\" content=\"diario3\" \/>\n<meta name=\"twitter:card\" content=\"summary_large_image\" \/>\n<meta name=\"twitter:creator\" content=\"@eltextual\" \/>\n<meta name=\"twitter:site\" content=\"@eltextual\" \/>\n<meta name=\"twitter:label1\" content=\"Escrito por\" \/>\n\t<meta name=\"twitter:data1\" content=\"diario3\" \/>\n\t<meta name=\"twitter:label2\" content=\"Tiempo de lectura\" \/>\n\t<meta name=\"twitter:data2\" content=\"3 minutos\" \/>\n<script type=\"application\/ld+json\" class=\"yoast-schema-graph\">{\"@context\":\"https:\\\/\\\/schema.org\",\"@graph\":[{\"@type\":\"Article\",\"@id\":\"https:\\\/\\\/diariotextual.com\\\/inicio\\\/index.php\\\/2023\\\/11\\\/22\\\/cfk-y-villarruel-se-reunieron-en-el-senado-por-la-transicion\\\/#article\",\"isPartOf\":{\"@id\":\"https:\\\/\\\/diariotextual.com\\\/inicio\\\/index.php\\\/2023\\\/11\\\/22\\\/cfk-y-villarruel-se-reunieron-en-el-senado-por-la-transicion\\\/\"},\"author\":{\"name\":\"diario3\",\"@id\":\"https:\\\/\\\/diariotextual.com\\\/inicio\\\/#\\\/schema\\\/person\\\/a1b6f563e0ee944c60f98119389a4d9f\"},\"headline\":\"CFK y Villarruel se reunieron en el Senado por la transici\u00f3n\",\"datePublished\":\"2023-11-22T21:57:24+00:00\",\"dateModified\":\"2023-11-22T22:29:03+00:00\",\"mainEntityOfPage\":{\"@id\":\"https:\\\/\\\/diariotextual.com\\\/inicio\\\/index.php\\\/2023\\\/11\\\/22\\\/cfk-y-villarruel-se-reunieron-en-el-senado-por-la-transicion\\\/\"},\"wordCount\":640,\"publisher\":{\"@id\":\"https:\\\/\\\/diariotextual.com\\\/inicio\\\/#organization\"},\"image\":{\"@id\":\"https:\\\/\\\/diariotextual.com\\\/inicio\\\/index.php\\\/2023\\\/11\\\/22\\\/cfk-y-villarruel-se-reunieron-en-el-senado-por-la-transicion\\\/#primaryimage\"},\"thumbnailUrl\":\"https:\\\/\\\/diariotextual.com\\\/inicio\\\/wp-content\\\/uploads\\\/2023\\\/11\\\/villarruelvictoriasenado2023.jpg\",\"keywords\":[\"CFK\",\"senado\",\"villarruel\"],\"articleSection\":[\"A - ES NOTICIA (van abajo)\",\"POLITICA\"],\"inLanguage\":\"es\"},{\"@type\":\"WebPage\",\"@id\":\"https:\\\/\\\/diariotextual.com\\\/inicio\\\/index.php\\\/2023\\\/11\\\/22\\\/cfk-y-villarruel-se-reunieron-en-el-senado-por-la-transicion\\\/\",\"url\":\"https:\\\/\\\/diariotextual.com\\\/inicio\\\/index.php\\\/2023\\\/11\\\/22\\\/cfk-y-villarruel-se-reunieron-en-el-senado-por-la-transicion\\\/\",\"name\":\"CFK y Villarruel se reunieron en el Senado por la transici\u00f3n - Diario Textual\",\"isPartOf\":{\"@id\":\"https:\\\/\\\/diariotextual.com\\\/inicio\\\/#website\"},\"primaryImageOfPage\":{\"@id\":\"https:\\\/\\\/diariotextual.com\\\/inicio\\\/index.php\\\/2023\\\/11\\\/22\\\/cfk-y-villarruel-se-reunieron-en-el-senado-por-la-transicion\\\/#primaryimage\"},\"image\":{\"@id\":\"https:\\\/\\\/diariotextual.com\\\/inicio\\\/index.php\\\/2023\\\/11\\\/22\\\/cfk-y-villarruel-se-reunieron-en-el-senado-por-la-transicion\\\/#primaryimage\"},\"thumbnailUrl\":\"https:\\\/\\\/diariotextual.com\\\/inicio\\\/wp-content\\\/uploads\\\/2023\\\/11\\\/villarruelvictoriasenado2023.jpg\",\"datePublished\":\"2023-11-22T21:57:24+00:00\",\"dateModified\":\"2023-11-22T22:29:03+00:00\",\"breadcrumb\":{\"@id\":\"https:\\\/\\\/diariotextual.com\\\/inicio\\\/index.php\\\/2023\\\/11\\\/22\\\/cfk-y-villarruel-se-reunieron-en-el-senado-por-la-transicion\\\/#breadcrumb\"},\"inLanguage\":\"es\",\"potentialAction\":[{\"@type\":\"ReadAction\",\"target\":[\"https:\\\/\\\/diariotextual.com\\\/inicio\\\/index.php\\\/2023\\\/11\\\/22\\\/cfk-y-villarruel-se-reunieron-en-el-senado-por-la-transicion\\\/\"]}]},{\"@type\":\"ImageObject\",\"inLanguage\":\"es\",\"@id\":\"https:\\\/\\\/diariotextual.com\\\/inicio\\\/index.php\\\/2023\\\/11\\\/22\\\/cfk-y-villarruel-se-reunieron-en-el-senado-por-la-transicion\\\/#primaryimage\",\"url\":\"https:\\\/\\\/diariotextual.com\\\/inicio\\\/wp-content\\\/uploads\\\/2023\\\/11\\\/villarruelvictoriasenado2023.jpg\",\"contentUrl\":\"https:\\\/\\\/diariotextual.com\\\/inicio\\\/wp-content\\\/uploads\\\/2023\\\/11\\\/villarruelvictoriasenado2023.jpg\",\"width\":900,\"height\":506},{\"@type\":\"BreadcrumbList\",\"@id\":\"https:\\\/\\\/diariotextual.com\\\/inicio\\\/index.php\\\/2023\\\/11\\\/22\\\/cfk-y-villarruel-se-reunieron-en-el-senado-por-la-transicion\\\/#breadcrumb\",\"itemListElement\":[{\"@type\":\"ListItem\",\"position\":1,\"name\":\"Portada\",\"item\":\"https:\\\/\\\/diariotextual.com\\\/inicio\\\/\"},{\"@type\":\"ListItem\",\"position\":2,\"name\":\"CFK y Villarruel se reunieron en el Senado por la transici\u00f3n\"}]},{\"@type\":\"WebSite\",\"@id\":\"https:\\\/\\\/diariotextual.com\\\/inicio\\\/#website\",\"url\":\"https:\\\/\\\/diariotextual.com\\\/inicio\\\/\",\"name\":\"Diario Textual\",\"description\":\"\",\"publisher\":{\"@id\":\"https:\\\/\\\/diariotextual.com\\\/inicio\\\/#organization\"},\"potentialAction\":[{\"@type\":\"SearchAction\",\"target\":{\"@type\":\"EntryPoint\",\"urlTemplate\":\"https:\\\/\\\/diariotextual.com\\\/inicio\\\/?s={search_term_string}\"},\"query-input\":{\"@type\":\"PropertyValueSpecification\",\"valueRequired\":true,\"valueName\":\"search_term_string\"}}],\"inLanguage\":\"es\"},{\"@type\":\"Organization\",\"@id\":\"https:\\\/\\\/diariotextual.com\\\/inicio\\\/#organization\",\"name\":\"Diario Textual\",\"url\":\"https:\\\/\\\/diariotextual.com\\\/inicio\\\/\",\"logo\":{\"@type\":\"ImageObject\",\"inLanguage\":\"es\",\"@id\":\"https:\\\/\\\/diariotextual.com\\\/inicio\\\/#\\\/schema\\\/logo\\\/image\\\/\",\"url\":\"https:\\\/\\\/diariotextual.com\\\/inicio\\\/wp-content\\\/uploads\\\/2023\\\/05\\\/logotextual1.jpg\",\"contentUrl\":\"https:\\\/\\\/diariotextual.com\\\/inicio\\\/wp-content\\\/uploads\\\/2023\\\/05\\\/logotextual1.jpg\",\"width\":516,\"height\":76,\"caption\":\"Diario Textual\"},\"image\":{\"@id\":\"https:\\\/\\\/diariotextual.com\\\/inicio\\\/#\\\/schema\\\/logo\\\/image\\\/\"},\"sameAs\":[\"https:\\\/\\\/www.facebook.com\\\/eltextual\",\"https:\\\/\\\/x.com\\\/eltextual\",\"http:\\\/\\\/www.instagram.com\\\/eltextual\"]},{\"@type\":\"Person\",\"@id\":\"https:\\\/\\\/diariotextual.com\\\/inicio\\\/#\\\/schema\\\/person\\\/a1b6f563e0ee944c60f98119389a4d9f\",\"name\":\"diario3\",\"image\":{\"@type\":\"ImageObject\",\"inLanguage\":\"es\",\"@id\":\"https:\\\/\\\/secure.gravatar.com\\\/avatar\\\/5e7ee62c82fc04d9dd79d746a390d93c69c43223e5faeeb3ea9461ef752bfc5d?s=96&d=mm&r=g\",\"url\":\"https:\\\/\\\/secure.gravatar.com\\\/avatar\\\/5e7ee62c82fc04d9dd79d746a390d93c69c43223e5faeeb3ea9461ef752bfc5d?s=96&d=mm&r=g\",\"contentUrl\":\"https:\\\/\\\/secure.gravatar.com\\\/avatar\\\/5e7ee62c82fc04d9dd79d746a390d93c69c43223e5faeeb3ea9461ef752bfc5d?s=96&d=mm&r=g\",\"caption\":\"diario3\"},\"url\":\"https:\\\/\\\/diariotextual.com\\\/inicio\\\/index.php\\\/author\\\/diario3\\\/\"}]}<\/script>\n<!-- \/ Yoast SEO plugin. -->","yoast_head_json":{"title":"CFK y Villarruel se reunieron en el Senado por la transici\u00f3n - Diario Textual","robots":{"index":"index","follow":"follow","max-snippet":"max-snippet:-1","max-image-preview":"max-image-preview:large","max-video-preview":"max-video-preview:-1"},"canonical":"https:\/\/diariotextual.com\/inicio\/index.php\/2023\/11\/22\/cfk-y-villarruel-se-reunieron-en-el-senado-por-la-transicion\/","og_locale":"es_ES","og_type":"article","og_title":"CFK y Villarruel se reunieron en el Senado por la transici\u00f3n - Diario Textual","og_description":"Con la gesti\u00f3n mediada por la pampeana Mar\u00eda Luz Alonso, la vicepresidenta Cristina Kirchner recibi\u00f3 hoy a la vicepresidenta electa de La Libertad Avanza, Victoria Villarruel, en su despacho del&hellip;","og_url":"https:\/\/diariotextual.com\/inicio\/index.php\/2023\/11\/22\/cfk-y-villarruel-se-reunieron-en-el-senado-por-la-transicion\/","og_site_name":"Diario Textual","article_publisher":"https:\/\/www.facebook.com\/eltextual","article_published_time":"2023-11-22T21:57:24+00:00","article_modified_time":"2023-11-22T22:29:03+00:00","og_image":[{"width":900,"height":506,"url":"https:\/\/diariotextual.com\/inicio\/wp-content\/uploads\/2023\/11\/villarruelvictoriasenado2023.jpg","type":"image\/jpeg"}],"author":"diario3","twitter_card":"summary_large_image","twitter_creator":"@eltextual","twitter_site":"@eltextual","twitter_misc":{"Escrito por":"diario3","Tiempo de lectura":"3 minutos"},"schema":{"@context":"https:\/\/schema.org","@graph":[{"@type":"Article","@id":"https:\/\/diariotextual.com\/inicio\/index.php\/2023\/11\/22\/cfk-y-villarruel-se-reunieron-en-el-senado-por-la-transicion\/#article","isPartOf":{"@id":"https:\/\/diariotextual.com\/inicio\/index.php\/2023\/11\/22\/cfk-y-villarruel-se-reunieron-en-el-senado-por-la-transicion\/"},"author":{"name":"diario3","@id":"https:\/\/diariotextual.com\/inicio\/#\/schema\/person\/a1b6f563e0ee944c60f98119389a4d9f"},"headline":"CFK y Villarruel se reunieron en el Senado por la transici\u00f3n","datePublished":"2023-11-22T21:57:24+00:00","dateModified":"2023-11-22T22:29:03+00:00","mainEntityOfPage":{"@id":"https:\/\/diariotextual.com\/inicio\/index.php\/2023\/11\/22\/cfk-y-villarruel-se-reunieron-en-el-senado-por-la-transicion\/"},"wordCount":640,"publisher":{"@id":"https:\/\/diariotextual.com\/inicio\/#organization"},"image":{"@id":"https:\/\/diariotextual.com\/inicio\/index.php\/2023\/11\/22\/cfk-y-villarruel-se-reunieron-en-el-senado-por-la-transicion\/#primaryimage"},"thumbnailUrl":"https:\/\/diariotextual.com\/inicio\/wp-content\/uploads\/2023\/11\/villarruelvictoriasenado2023.jpg","keywords":["CFK","senado","villarruel"],"articleSection":["A - ES NOTICIA (van abajo)","POLITICA"],"inLanguage":"es"},{"@type":"WebPage","@id":"https:\/\/diariotextual.com\/inicio\/index.php\/2023\/11\/22\/cfk-y-villarruel-se-reunieron-en-el-senado-por-la-transicion\/","url":"https:\/\/diariotextual.com\/inicio\/index.php\/2023\/11\/22\/cfk-y-villarruel-se-reunieron-en-el-senado-por-la-transicion\/","name":"CFK y Villarruel se reunieron en el Senado por la transici\u00f3n - Diario Textual","isPartOf":{"@id":"https:\/\/diariotextual.com\/inicio\/#website"},"primaryImageOfPage":{"@id":"https:\/\/diariotextual.com\/inicio\/index.php\/2023\/11\/22\/cfk-y-villarruel-se-reunieron-en-el-senado-por-la-transicion\/#primaryimage"},"image":{"@id":"https:\/\/diariotextual.com\/inicio\/index.php\/2023\/11\/22\/cfk-y-villarruel-se-reunieron-en-el-senado-por-la-transicion\/#primaryimage"},"thumbnailUrl":"https:\/\/diariotextual.com\/inicio\/wp-content\/uploads\/2023\/11\/villarruelvictoriasenado2023.jpg","datePublished":"2023-11-22T21:57:24+00:00","dateModified":"2023-11-22T22:29:03+00:00","breadcrumb":{"@id":"https:\/\/diariotextual.com\/inicio\/index.php\/2023\/11\/22\/cfk-y-villarruel-se-reunieron-en-el-senado-por-la-transicion\/#breadcrumb"},"inLanguage":"es","potentialAction":[{"@type":"ReadAction","target":["https:\/\/diariotextual.com\/inicio\/index.php\/2023\/11\/22\/cfk-y-villarruel-se-reunieron-en-el-senado-por-la-transicion\/"]}]},{"@type":"ImageObject","inLanguage":"es","@id":"https:\/\/diariotextual.com\/inicio\/index.php\/2023\/11\/22\/cfk-y-villarruel-se-reunieron-en-el-senado-por-la-transicion\/#primaryimage","url":"https:\/\/diariotextual.com\/inicio\/wp-content\/uploads\/2023\/11\/villarruelvictoriasenado2023.jpg","contentUrl":"https:\/\/diariotextual.com\/inicio\/wp-content\/uploads\/2023\/11\/villarruelvictoriasenado2023.jpg","width":900,"height":506},{"@type":"BreadcrumbList","@id":"https:\/\/diariotextual.com\/inicio\/index.php\/2023\/11\/22\/cfk-y-villarruel-se-reunieron-en-el-senado-por-la-transicion\/#breadcrumb","itemListElement":[{"@type":"ListItem","position":1,"name":"Portada","item":"https:\/\/diariotextual.com\/inicio\/"},{"@type":"ListItem","position":2,"name":"CFK y Villarruel se reunieron en el Senado por la transici\u00f3n"}]},{"@type":"WebSite","@id":"https:\/\/diariotextual.com\/inicio\/#website","url":"https:\/\/diariotextual.com\/inicio\/","name":"Diario Textual","description":"","publisher":{"@id":"https:\/\/diariotextual.com\/inicio\/#organization"},"potentialAction":[{"@type":"SearchAction","target":{"@type":"EntryPoint","urlTemplate":"https:\/\/diariotextual.com\/inicio\/?s={search_term_string}"},"query-input":{"@type":"PropertyValueSpecification","valueRequired":true,"valueName":"search_term_string"}}],"inLanguage":"es"},{"@type":"Organization","@id":"https:\/\/diariotextual.com\/inicio\/#organization","name":"Diario Textual","url":"https:\/\/diariotextual.com\/inicio\/","logo":{"@type":"ImageObject","inLanguage":"es","@id":"https:\/\/diariotextual.com\/inicio\/#\/schema\/logo\/image\/","url":"https:\/\/diariotextual.com\/inicio\/wp-content\/uploads\/2023\/05\/logotextual1.jpg","contentUrl":"https:\/\/diariotextual.com\/inicio\/wp-content\/uploads\/2023\/05\/logotextual1.jpg","width":516,"height":76,"caption":"Diario Textual"},"image":{"@id":"https:\/\/diariotextual.com\/inicio\/#\/schema\/logo\/image\/"},"sameAs":["https:\/\/www.facebook.com\/eltextual","https:\/\/x.com\/eltextual","http:\/\/www.instagram.com\/eltextual"]},{"@type":"Person","@id":"https:\/\/diariotextual.com\/inicio\/#\/schema\/person\/a1b6f563e0ee944c60f98119389a4d9f","name":"diario3","image":{"@type":"ImageObject","inLanguage":"es","@id":"https:\/\/secure.gravatar.com\/avatar\/5e7ee62c82fc04d9dd79d746a390d93c69c43223e5faeeb3ea9461ef752bfc5d?s=96&d=mm&r=g","url":"https:\/\/secure.gravatar.com\/avatar\/5e7ee62c82fc04d9dd79d746a390d93c69c43223e5faeeb3ea9461ef752bfc5d?s=96&d=mm&r=g","contentUrl":"https:\/\/secure.gravatar.com\/avatar\/5e7ee62c82fc04d9dd79d746a390d93c69c43223e5faeeb3ea9461ef752bfc5d?s=96&d=mm&r=g","caption":"diario3"},"url":"https:\/\/diariotextual.com\/inicio\/index.php\/author\/diario3\/"}]}},"_links":{"self":[{"href":"https:\/\/diariotextual.com\/inicio\/index.php\/wp-json\/wp\/v2\/posts\/245384","targetHints":{"allow":["GET"]}}],"collection":[{"href":"https:\/\/diariotextual.com\/inicio\/index.php\/wp-json\/wp\/v2\/posts"}],"about":[{"href":"https:\/\/diariotextual.com\/inicio\/index.php\/wp-json\/wp\/v2\/types\/post"}],"author":[{"embeddable":true,"href":"https:\/\/diariotextual.com\/inicio\/index.php\/wp-json\/wp\/v2\/users\/5"}],"replies":[{"embeddable":true,"href":"https:\/\/diariotextual.com\/inicio\/index.php\/wp-json\/wp\/v2\/comments?post=245384"}],"version-history":[{"count":1,"href":"https:\/\/diariotextual.com\/inicio\/index.php\/wp-json\/wp\/v2\/posts\/245384\/revisions"}],"predecessor-version":[{"id":245389,"href":"https:\/\/diariotextual.com\/inicio\/index.php\/wp-json\/wp\/v2\/posts\/245384\/revisions\/245389"}],"wp:featuredmedia":[{"embeddable":true,"href":"https:\/\/diariotextual.com\/inicio\/index.php\/wp-json\/wp\/v2\/media\/245388"}],"wp:attachment":[{"href":"https:\/\/diariotextual.com\/inicio\/index.php\/wp-json\/wp\/v2\/media?parent=245384"}],"wp:term":[{"taxonomy":"category","embeddable":true,"href":"https:\/\/diariotextual.com\/inicio\/index.php\/wp-json\/wp\/v2\/categories?post=245384"},{"taxonomy":"post_tag","embeddable":true,"href":"https:\/\/diariotextual.com\/inicio\/index.php\/wp-json\/wp\/v2\/tags?post=245384"}],"curies":[{"name":"wp","href":"https:\/\/api.w.org\/{rel}","templated":true}]}}