{"id":245385,"date":"2023-11-22T19:00:09","date_gmt":"2023-11-22T22:00:09","guid":{"rendered":"https:\/\/diariotextual.com\/inicio\/?p=245385"},"modified":"2023-11-23T08:43:04","modified_gmt":"2023-11-23T11:43:04","slug":"el-gobierno-dio-a-conocer-los-indices-de-coparticipacion-para-las-79-localidades","status":"publish","type":"post","link":"https:\/\/diariotextual.com\/inicio\/index.php\/2023\/11\/22\/el-gobierno-dio-a-conocer-los-indices-de-coparticipacion-para-las-79-localidades\/","title":{"rendered":"El Gobierno dio a conocer los \u00edndices de Coparticipaci\u00f3n para las 80 localidades"},"content":{"rendered":"\n<p>El Poder Ejecutivo difundi\u00f3 hoy los \u00edndices repartidores que recibir\u00e1n <a href=\"https:\/\/boletinoficial.lapampa.gob.ar\/images\/Archivos\/BoletinOficial\/2023\/Sep_3597.pdf\" target=\"_blank\" rel=\"noreferrer noopener\">municipios y comisiones de fomento en 2024 en concepto de Coparticipaci\u00f3n<\/a>, seg\u00fan se estableci\u00f3 en la modificaci\u00f3n de la ley que enviara a la Legislatura el gobernador<strong> Sergio Ziliotto<\/strong> y que aprobaron diputadas y diputados provinciales.<\/p>\n\n\n\n<p> \u00a0<\/p>\n\n\n\n<figure class=\"wp-block-image size-large is-resized\"><img fetchpriority=\"high\" decoding=\"async\" width=\"724\" height=\"1024\" src=\"https:\/\/diariotextual.com\/inicio\/wp-content\/uploads\/2023\/11\/coparticipacionindice2023-9-724x1024.jpg\" alt=\"\" class=\"wp-image-245403\" style=\"aspect-ratio:0.70703125;width:834px;height:auto\" srcset=\"https:\/\/diariotextual.com\/inicio\/wp-content\/uploads\/2023\/11\/coparticipacionindice2023-9-724x1024.jpg 724w, https:\/\/diariotextual.com\/inicio\/wp-content\/uploads\/2023\/11\/coparticipacionindice2023-9-212x300.jpg 212w, https:\/\/diariotextual.com\/inicio\/wp-content\/uploads\/2023\/11\/coparticipacionindice2023-9-768x1086.jpg 768w, https:\/\/diariotextual.com\/inicio\/wp-content\/uploads\/2023\/11\/coparticipacionindice2023-9-1086x1536.jpg 1086w, https:\/\/diariotextual.com\/inicio\/wp-content\/uploads\/2023\/11\/coparticipacionindice2023-9-1170x1655.jpg 1170w, https:\/\/diariotextual.com\/inicio\/wp-content\/uploads\/2023\/11\/coparticipacionindice2023-9-585x827.jpg 585w, https:\/\/diariotextual.com\/inicio\/wp-content\/uploads\/2023\/11\/coparticipacionindice2023-9.jpg 1414w\" sizes=\"(max-width: 724px) 100vw, 724px\" \/><\/figure>\n\n\n\n<p><\/p>\n","protected":false},"excerpt":{"rendered":"<p>El Poder Ejecutivo difundi\u00f3 hoy los \u00edndices repartidores que recibir\u00e1n municipios y comisiones de fomento en 2024 en concepto de Coparticipaci\u00f3n, seg\u00fan se estableci\u00f3 en la modificaci\u00f3n de la ley&hellip;<\/p>\n","protected":false},"author":3,"featured_media":242070,"comment_status":"closed","ping_status":"open","sticky":false,"template":"","format":"standard","meta":{"_acf_changed":false,"footnotes":""},"categories":[1,8],"tags":[],"class_list":["post-245385","post","type-post","status-publish","format-standard","has-post-thumbnail","hentry","category-es-noticia","category-politica"],"acf":[],"yoast_head":"<!-- This site is optimized with the Yoast SEO plugin v27.5 - https:\/\/yoast.com\/product\/yoast-seo-wordpress\/ -->\n<title>El Gobierno dio a conocer los \u00edndices de Coparticipaci\u00f3n para las 80 localidades - Diario Textual<\/title>\n<meta name=\"robots\" content=\"index, follow, max-snippet:-1, max-image-preview:large, max-video-preview:-1\" \/>\n<link rel=\"canonical\" href=\"https:\/\/diariotextual.com\/inicio\/index.php\/2023\/11\/22\/el-gobierno-dio-a-conocer-los-indices-de-coparticipacion-para-las-79-localidades\/\" \/>\n<meta property=\"og:locale\" content=\"es_ES\" \/>\n<meta property=\"og:type\" content=\"article\" \/>\n<meta property=\"og:title\" content=\"El Gobierno dio a conocer los \u00edndices de Coparticipaci\u00f3n para las 80 localidades - Diario Textual\" \/>\n<meta property=\"og:description\" content=\"El Poder Ejecutivo difundi\u00f3 hoy los \u00edndices repartidores que recibir\u00e1n municipios y comisiones de fomento en 2024 en concepto de Coparticipaci\u00f3n, seg\u00fan se estableci\u00f3 en la modificaci\u00f3n de la ley&hellip;\" \/>\n<meta property=\"og:url\" content=\"https:\/\/diariotextual.com\/inicio\/index.php\/2023\/11\/22\/el-gobierno-dio-a-conocer-los-indices-de-coparticipacion-para-las-79-localidades\/\" \/>\n<meta property=\"og:site_name\" content=\"Diario Textual\" \/>\n<meta property=\"article:publisher\" content=\"https:\/\/www.facebook.com\/eltextual\" \/>\n<meta property=\"article:published_time\" content=\"2023-11-22T22:00:09+00:00\" \/>\n<meta property=\"article:modified_time\" content=\"2023-11-23T11:43:04+00:00\" \/>\n<meta property=\"og:image\" content=\"https:\/\/diariotextual.com\/inicio\/wp-content\/uploads\/2023\/10\/ziliottosergiointendentesnuevacoparticipacion2023-1.jpg\" \/>\n\t<meta property=\"og:image:width\" content=\"1500\" \/>\n\t<meta property=\"og:image:height\" content=\"1000\" \/>\n\t<meta property=\"og:image:type\" content=\"image\/jpeg\" \/>\n<meta name=\"author\" content=\"Diario1 Diario1\" \/>\n<meta name=\"twitter:card\" content=\"summary_large_image\" \/>\n<meta name=\"twitter:creator\" content=\"@eltextual\" \/>\n<meta name=\"twitter:site\" content=\"@eltextual\" \/>\n<meta name=\"twitter:label1\" content=\"Escrito por\" \/>\n\t<meta name=\"twitter:data1\" content=\"Diario1 Diario1\" \/>\n\t<meta name=\"twitter:label2\" content=\"Tiempo de lectura\" \/>\n\t<meta name=\"twitter:data2\" content=\"1 minuto\" \/>\n<script type=\"application\/ld+json\" class=\"yoast-schema-graph\">{\"@context\":\"https:\\\/\\\/schema.org\",\"@graph\":[{\"@type\":\"Article\",\"@id\":\"https:\\\/\\\/diariotextual.com\\\/inicio\\\/index.php\\\/2023\\\/11\\\/22\\\/el-gobierno-dio-a-conocer-los-indices-de-coparticipacion-para-las-79-localidades\\\/#article\",\"isPartOf\":{\"@id\":\"https:\\\/\\\/diariotextual.com\\\/inicio\\\/index.php\\\/2023\\\/11\\\/22\\\/el-gobierno-dio-a-conocer-los-indices-de-coparticipacion-para-las-79-localidades\\\/\"},\"author\":{\"name\":\"Diario1 Diario1\",\"@id\":\"https:\\\/\\\/diariotextual.com\\\/inicio\\\/#\\\/schema\\\/person\\\/418fc4093c33e86ed41562db3508f958\"},\"headline\":\"El Gobierno dio a conocer los \u00edndices de Coparticipaci\u00f3n para las 80 localidades\",\"datePublished\":\"2023-11-22T22:00:09+00:00\",\"dateModified\":\"2023-11-23T11:43:04+00:00\",\"mainEntityOfPage\":{\"@id\":\"https:\\\/\\\/diariotextual.com\\\/inicio\\\/index.php\\\/2023\\\/11\\\/22\\\/el-gobierno-dio-a-conocer-los-indices-de-coparticipacion-para-las-79-localidades\\\/\"},\"wordCount\":62,\"publisher\":{\"@id\":\"https:\\\/\\\/diariotextual.com\\\/inicio\\\/#organization\"},\"image\":{\"@id\":\"https:\\\/\\\/diariotextual.com\\\/inicio\\\/index.php\\\/2023\\\/11\\\/22\\\/el-gobierno-dio-a-conocer-los-indices-de-coparticipacion-para-las-79-localidades\\\/#primaryimage\"},\"thumbnailUrl\":\"https:\\\/\\\/diariotextual.com\\\/inicio\\\/wp-content\\\/uploads\\\/2023\\\/10\\\/ziliottosergiointendentesnuevacoparticipacion2023-1.jpg\",\"articleSection\":[\"A - ES NOTICIA (van abajo)\",\"POLITICA\"],\"inLanguage\":\"es\"},{\"@type\":\"WebPage\",\"@id\":\"https:\\\/\\\/diariotextual.com\\\/inicio\\\/index.php\\\/2023\\\/11\\\/22\\\/el-gobierno-dio-a-conocer-los-indices-de-coparticipacion-para-las-79-localidades\\\/\",\"url\":\"https:\\\/\\\/diariotextual.com\\\/inicio\\\/index.php\\\/2023\\\/11\\\/22\\\/el-gobierno-dio-a-conocer-los-indices-de-coparticipacion-para-las-79-localidades\\\/\",\"name\":\"El Gobierno dio a conocer los \u00edndices de Coparticipaci\u00f3n para las 80 localidades - Diario Textual\",\"isPartOf\":{\"@id\":\"https:\\\/\\\/diariotextual.com\\\/inicio\\\/#website\"},\"primaryImageOfPage\":{\"@id\":\"https:\\\/\\\/diariotextual.com\\\/inicio\\\/index.php\\\/2023\\\/11\\\/22\\\/el-gobierno-dio-a-conocer-los-indices-de-coparticipacion-para-las-79-localidades\\\/#primaryimage\"},\"image\":{\"@id\":\"https:\\\/\\\/diariotextual.com\\\/inicio\\\/index.php\\\/2023\\\/11\\\/22\\\/el-gobierno-dio-a-conocer-los-indices-de-coparticipacion-para-las-79-localidades\\\/#primaryimage\"},\"thumbnailUrl\":\"https:\\\/\\\/diariotextual.com\\\/inicio\\\/wp-content\\\/uploads\\\/2023\\\/10\\\/ziliottosergiointendentesnuevacoparticipacion2023-1.jpg\",\"datePublished\":\"2023-11-22T22:00:09+00:00\",\"dateModified\":\"2023-11-23T11:43:04+00:00\",\"breadcrumb\":{\"@id\":\"https:\\\/\\\/diariotextual.com\\\/inicio\\\/index.php\\\/2023\\\/11\\\/22\\\/el-gobierno-dio-a-conocer-los-indices-de-coparticipacion-para-las-79-localidades\\\/#breadcrumb\"},\"inLanguage\":\"es\",\"potentialAction\":[{\"@type\":\"ReadAction\",\"target\":[\"https:\\\/\\\/diariotextual.com\\\/inicio\\\/index.php\\\/2023\\\/11\\\/22\\\/el-gobierno-dio-a-conocer-los-indices-de-coparticipacion-para-las-79-localidades\\\/\"]}]},{\"@type\":\"ImageObject\",\"inLanguage\":\"es\",\"@id\":\"https:\\\/\\\/diariotextual.com\\\/inicio\\\/index.php\\\/2023\\\/11\\\/22\\\/el-gobierno-dio-a-conocer-los-indices-de-coparticipacion-para-las-79-localidades\\\/#primaryimage\",\"url\":\"https:\\\/\\\/diariotextual.com\\\/inicio\\\/wp-content\\\/uploads\\\/2023\\\/10\\\/ziliottosergiointendentesnuevacoparticipacion2023-1.jpg\",\"contentUrl\":\"https:\\\/\\\/diariotextual.com\\\/inicio\\\/wp-content\\\/uploads\\\/2023\\\/10\\\/ziliottosergiointendentesnuevacoparticipacion2023-1.jpg\",\"width\":1500,\"height\":1000},{\"@type\":\"BreadcrumbList\",\"@id\":\"https:\\\/\\\/diariotextual.com\\\/inicio\\\/index.php\\\/2023\\\/11\\\/22\\\/el-gobierno-dio-a-conocer-los-indices-de-coparticipacion-para-las-79-localidades\\\/#breadcrumb\",\"itemListElement\":[{\"@type\":\"ListItem\",\"position\":1,\"name\":\"Portada\",\"item\":\"https:\\\/\\\/diariotextual.com\\\/inicio\\\/\"},{\"@type\":\"ListItem\",\"position\":2,\"name\":\"El Gobierno dio a conocer los \u00edndices de Coparticipaci\u00f3n para las 80 localidades\"}]},{\"@type\":\"WebSite\",\"@id\":\"https:\\\/\\\/diariotextual.com\\\/inicio\\\/#website\",\"url\":\"https:\\\/\\\/diariotextual.com\\\/inicio\\\/\",\"name\":\"Diario Textual\",\"description\":\"\",\"publisher\":{\"@id\":\"https:\\\/\\\/diariotextual.com\\\/inicio\\\/#organization\"},\"potentialAction\":[{\"@type\":\"SearchAction\",\"target\":{\"@type\":\"EntryPoint\",\"urlTemplate\":\"https:\\\/\\\/diariotextual.com\\\/inicio\\\/?s={search_term_string}\"},\"query-input\":{\"@type\":\"PropertyValueSpecification\",\"valueRequired\":true,\"valueName\":\"search_term_string\"}}],\"inLanguage\":\"es\"},{\"@type\":\"Organization\",\"@id\":\"https:\\\/\\\/diariotextual.com\\\/inicio\\\/#organization\",\"name\":\"Diario Textual\",\"url\":\"https:\\\/\\\/diariotextual.com\\\/inicio\\\/\",\"logo\":{\"@type\":\"ImageObject\",\"inLanguage\":\"es\",\"@id\":\"https:\\\/\\\/diariotextual.com\\\/inicio\\\/#\\\/schema\\\/logo\\\/image\\\/\",\"url\":\"https:\\\/\\\/diariotextual.com\\\/inicio\\\/wp-content\\\/uploads\\\/2023\\\/05\\\/logotextual1.jpg\",\"contentUrl\":\"https:\\\/\\\/diariotextual.com\\\/inicio\\\/wp-content\\\/uploads\\\/2023\\\/05\\\/logotextual1.jpg\",\"width\":516,\"height\":76,\"caption\":\"Diario Textual\"},\"image\":{\"@id\":\"https:\\\/\\\/diariotextual.com\\\/inicio\\\/#\\\/schema\\\/logo\\\/image\\\/\"},\"sameAs\":[\"https:\\\/\\\/www.facebook.com\\\/eltextual\",\"https:\\\/\\\/x.com\\\/eltextual\",\"http:\\\/\\\/www.instagram.com\\\/eltextual\"]},{\"@type\":\"Person\",\"@id\":\"https:\\\/\\\/diariotextual.com\\\/inicio\\\/#\\\/schema\\\/person\\\/418fc4093c33e86ed41562db3508f958\",\"name\":\"Diario1 Diario1\",\"image\":{\"@type\":\"ImageObject\",\"inLanguage\":\"es\",\"@id\":\"https:\\\/\\\/secure.gravatar.com\\\/avatar\\\/9167d280179c85bc18be67aa7eda765854300033af4896dd779b608640f2ef7a?s=96&d=mm&r=g\",\"url\":\"https:\\\/\\\/secure.gravatar.com\\\/avatar\\\/9167d280179c85bc18be67aa7eda765854300033af4896dd779b608640f2ef7a?s=96&d=mm&r=g\",\"contentUrl\":\"https:\\\/\\\/secure.gravatar.com\\\/avatar\\\/9167d280179c85bc18be67aa7eda765854300033af4896dd779b608640f2ef7a?s=96&d=mm&r=g\",\"caption\":\"Diario1 Diario1\"},\"url\":\"https:\\\/\\\/diariotextual.com\\\/inicio\\\/index.php\\\/author\\\/diario1\\\/\"}]}<\/script>\n<!-- \/ Yoast SEO plugin. -->","yoast_head_json":{"title":"El Gobierno dio a conocer los \u00edndices de Coparticipaci\u00f3n para las 80 localidades - Diario Textual","robots":{"index":"index","follow":"follow","max-snippet":"max-snippet:-1","max-image-preview":"max-image-preview:large","max-video-preview":"max-video-preview:-1"},"canonical":"https:\/\/diariotextual.com\/inicio\/index.php\/2023\/11\/22\/el-gobierno-dio-a-conocer-los-indices-de-coparticipacion-para-las-79-localidades\/","og_locale":"es_ES","og_type":"article","og_title":"El Gobierno dio a conocer los \u00edndices de Coparticipaci\u00f3n para las 80 localidades - Diario Textual","og_description":"El Poder Ejecutivo difundi\u00f3 hoy los \u00edndices repartidores que recibir\u00e1n municipios y comisiones de fomento en 2024 en concepto de Coparticipaci\u00f3n, seg\u00fan se estableci\u00f3 en la modificaci\u00f3n de la ley&hellip;","og_url":"https:\/\/diariotextual.com\/inicio\/index.php\/2023\/11\/22\/el-gobierno-dio-a-conocer-los-indices-de-coparticipacion-para-las-79-localidades\/","og_site_name":"Diario Textual","article_publisher":"https:\/\/www.facebook.com\/eltextual","article_published_time":"2023-11-22T22:00:09+00:00","article_modified_time":"2023-11-23T11:43:04+00:00","og_image":[{"width":1500,"height":1000,"url":"https:\/\/diariotextual.com\/inicio\/wp-content\/uploads\/2023\/10\/ziliottosergiointendentesnuevacoparticipacion2023-1.jpg","type":"image\/jpeg"}],"author":"Diario1 Diario1","twitter_card":"summary_large_image","twitter_creator":"@eltextual","twitter_site":"@eltextual","twitter_misc":{"Escrito por":"Diario1 Diario1","Tiempo de lectura":"1 minuto"},"schema":{"@context":"https:\/\/schema.org","@graph":[{"@type":"Article","@id":"https:\/\/diariotextual.com\/inicio\/index.php\/2023\/11\/22\/el-gobierno-dio-a-conocer-los-indices-de-coparticipacion-para-las-79-localidades\/#article","isPartOf":{"@id":"https:\/\/diariotextual.com\/inicio\/index.php\/2023\/11\/22\/el-gobierno-dio-a-conocer-los-indices-de-coparticipacion-para-las-79-localidades\/"},"author":{"name":"Diario1 Diario1","@id":"https:\/\/diariotextual.com\/inicio\/#\/schema\/person\/418fc4093c33e86ed41562db3508f958"},"headline":"El Gobierno dio a conocer los \u00edndices de Coparticipaci\u00f3n para las 80 localidades","datePublished":"2023-11-22T22:00:09+00:00","dateModified":"2023-11-23T11:43:04+00:00","mainEntityOfPage":{"@id":"https:\/\/diariotextual.com\/inicio\/index.php\/2023\/11\/22\/el-gobierno-dio-a-conocer-los-indices-de-coparticipacion-para-las-79-localidades\/"},"wordCount":62,"publisher":{"@id":"https:\/\/diariotextual.com\/inicio\/#organization"},"image":{"@id":"https:\/\/diariotextual.com\/inicio\/index.php\/2023\/11\/22\/el-gobierno-dio-a-conocer-los-indices-de-coparticipacion-para-las-79-localidades\/#primaryimage"},"thumbnailUrl":"https:\/\/diariotextual.com\/inicio\/wp-content\/uploads\/2023\/10\/ziliottosergiointendentesnuevacoparticipacion2023-1.jpg","articleSection":["A - ES NOTICIA (van abajo)","POLITICA"],"inLanguage":"es"},{"@type":"WebPage","@id":"https:\/\/diariotextual.com\/inicio\/index.php\/2023\/11\/22\/el-gobierno-dio-a-conocer-los-indices-de-coparticipacion-para-las-79-localidades\/","url":"https:\/\/diariotextual.com\/inicio\/index.php\/2023\/11\/22\/el-gobierno-dio-a-conocer-los-indices-de-coparticipacion-para-las-79-localidades\/","name":"El Gobierno dio a conocer los \u00edndices de Coparticipaci\u00f3n para las 80 localidades - Diario Textual","isPartOf":{"@id":"https:\/\/diariotextual.com\/inicio\/#website"},"primaryImageOfPage":{"@id":"https:\/\/diariotextual.com\/inicio\/index.php\/2023\/11\/22\/el-gobierno-dio-a-conocer-los-indices-de-coparticipacion-para-las-79-localidades\/#primaryimage"},"image":{"@id":"https:\/\/diariotextual.com\/inicio\/index.php\/2023\/11\/22\/el-gobierno-dio-a-conocer-los-indices-de-coparticipacion-para-las-79-localidades\/#primaryimage"},"thumbnailUrl":"https:\/\/diariotextual.com\/inicio\/wp-content\/uploads\/2023\/10\/ziliottosergiointendentesnuevacoparticipacion2023-1.jpg","datePublished":"2023-11-22T22:00:09+00:00","dateModified":"2023-11-23T11:43:04+00:00","breadcrumb":{"@id":"https:\/\/diariotextual.com\/inicio\/index.php\/2023\/11\/22\/el-gobierno-dio-a-conocer-los-indices-de-coparticipacion-para-las-79-localidades\/#breadcrumb"},"inLanguage":"es","potentialAction":[{"@type":"ReadAction","target":["https:\/\/diariotextual.com\/inicio\/index.php\/2023\/11\/22\/el-gobierno-dio-a-conocer-los-indices-de-coparticipacion-para-las-79-localidades\/"]}]},{"@type":"ImageObject","inLanguage":"es","@id":"https:\/\/diariotextual.com\/inicio\/index.php\/2023\/11\/22\/el-gobierno-dio-a-conocer-los-indices-de-coparticipacion-para-las-79-localidades\/#primaryimage","url":"https:\/\/diariotextual.com\/inicio\/wp-content\/uploads\/2023\/10\/ziliottosergiointendentesnuevacoparticipacion2023-1.jpg","contentUrl":"https:\/\/diariotextual.com\/inicio\/wp-content\/uploads\/2023\/10\/ziliottosergiointendentesnuevacoparticipacion2023-1.jpg","width":1500,"height":1000},{"@type":"BreadcrumbList","@id":"https:\/\/diariotextual.com\/inicio\/index.php\/2023\/11\/22\/el-gobierno-dio-a-conocer-los-indices-de-coparticipacion-para-las-79-localidades\/#breadcrumb","itemListElement":[{"@type":"ListItem","position":1,"name":"Portada","item":"https:\/\/diariotextual.com\/inicio\/"},{"@type":"ListItem","position":2,"name":"El Gobierno dio a conocer los \u00edndices de Coparticipaci\u00f3n para las 80 localidades"}]},{"@type":"WebSite","@id":"https:\/\/diariotextual.com\/inicio\/#website","url":"https:\/\/diariotextual.com\/inicio\/","name":"Diario Textual","description":"","publisher":{"@id":"https:\/\/diariotextual.com\/inicio\/#organization"},"potentialAction":[{"@type":"SearchAction","target":{"@type":"EntryPoint","urlTemplate":"https:\/\/diariotextual.com\/inicio\/?s={search_term_string}"},"query-input":{"@type":"PropertyValueSpecification","valueRequired":true,"valueName":"search_term_string"}}],"inLanguage":"es"},{"@type":"Organization","@id":"https:\/\/diariotextual.com\/inicio\/#organization","name":"Diario Textual","url":"https:\/\/diariotextual.com\/inicio\/","logo":{"@type":"ImageObject","inLanguage":"es","@id":"https:\/\/diariotextual.com\/inicio\/#\/schema\/logo\/image\/","url":"https:\/\/diariotextual.com\/inicio\/wp-content\/uploads\/2023\/05\/logotextual1.jpg","contentUrl":"https:\/\/diariotextual.com\/inicio\/wp-content\/uploads\/2023\/05\/logotextual1.jpg","width":516,"height":76,"caption":"Diario Textual"},"image":{"@id":"https:\/\/diariotextual.com\/inicio\/#\/schema\/logo\/image\/"},"sameAs":["https:\/\/www.facebook.com\/eltextual","https:\/\/x.com\/eltextual","http:\/\/www.instagram.com\/eltextual"]},{"@type":"Person","@id":"https:\/\/diariotextual.com\/inicio\/#\/schema\/person\/418fc4093c33e86ed41562db3508f958","name":"Diario1 Diario1","image":{"@type":"ImageObject","inLanguage":"es","@id":"https:\/\/secure.gravatar.com\/avatar\/9167d280179c85bc18be67aa7eda765854300033af4896dd779b608640f2ef7a?s=96&d=mm&r=g","url":"https:\/\/secure.gravatar.com\/avatar\/9167d280179c85bc18be67aa7eda765854300033af4896dd779b608640f2ef7a?s=96&d=mm&r=g","contentUrl":"https:\/\/secure.gravatar.com\/avatar\/9167d280179c85bc18be67aa7eda765854300033af4896dd779b608640f2ef7a?s=96&d=mm&r=g","caption":"Diario1 Diario1"},"url":"https:\/\/diariotextual.com\/inicio\/index.php\/author\/diario1\/"}]}},"_links":{"self":[{"href":"https:\/\/diariotextual.com\/inicio\/index.php\/wp-json\/wp\/v2\/posts\/245385","targetHints":{"allow":["GET"]}}],"collection":[{"href":"https:\/\/diariotextual.com\/inicio\/index.php\/wp-json\/wp\/v2\/posts"}],"about":[{"href":"https:\/\/diariotextual.com\/inicio\/index.php\/wp-json\/wp\/v2\/types\/post"}],"author":[{"embeddable":true,"href":"https:\/\/diariotextual.com\/inicio\/index.php\/wp-json\/wp\/v2\/users\/3"}],"replies":[{"embeddable":true,"href":"https:\/\/diariotextual.com\/inicio\/index.php\/wp-json\/wp\/v2\/comments?post=245385"}],"version-history":[{"count":10,"href":"https:\/\/diariotextual.com\/inicio\/index.php\/wp-json\/wp\/v2\/posts\/245385\/revisions"}],"predecessor-version":[{"id":245404,"href":"https:\/\/diariotextual.com\/inicio\/index.php\/wp-json\/wp\/v2\/posts\/245385\/revisions\/245404"}],"wp:featuredmedia":[{"embeddable":true,"href":"https:\/\/diariotextual.com\/inicio\/index.php\/wp-json\/wp\/v2\/media\/242070"}],"wp:attachment":[{"href":"https:\/\/diariotextual.com\/inicio\/index.php\/wp-json\/wp\/v2\/media?parent=245385"}],"wp:term":[{"taxonomy":"category","embeddable":true,"href":"https:\/\/diariotextual.com\/inicio\/index.php\/wp-json\/wp\/v2\/categories?post=245385"},{"taxonomy":"post_tag","embeddable":true,"href":"https:\/\/diariotextual.com\/inicio\/index.php\/wp-json\/wp\/v2\/tags?post=245385"}],"curies":[{"name":"wp","href":"https:\/\/api.w.org\/{rel}","templated":true}]}}