{"id":245548,"date":"2023-11-23T19:05:46","date_gmt":"2023-11-23T22:05:46","guid":{"rendered":"https:\/\/diariotextual.com\/inicio\/?p=245548"},"modified":"2023-11-24T10:55:40","modified_gmt":"2023-11-24T13:55:40","slug":"patricia-bullrich-sera-la-ministra-de-seguridad-de-milei","status":"publish","type":"post","link":"https:\/\/diariotextual.com\/inicio\/index.php\/2023\/11\/23\/patricia-bullrich-sera-la-ministra-de-seguridad-de-milei\/","title":{"rendered":"Patricia Bullrich ser\u00e1 la ministra de Seguridad de Milei"},"content":{"rendered":"\n<p>Como parte de los acuerdos alcanzados en el \u201cpacto de Acassuso\u201d, <strong>Patricia Bullrich acept\u00f3 la oferta de Javier Milei de volver a conducir el Ministerio de Seguridad desde el 10 de diciembre.<\/strong><\/p>\n\n\n\n<p>Seg\u00fan public\u00f3 Infobae, la excandidata presidencial hab\u00eda dicho que no quer\u00eda regresar, pero finalmente decidi\u00f3 hacerlo sobre la base de la necesidad de afianzar las negociaciones con La Libertad Avanza, que hab\u00edan entrado en una nebulosa ante la ausencia de propuestas a macristas y bullrichistas de sumarse al gabinete.<\/p>\n\n\n\n<p><br>Con Macri de viaje en el exterior, las negociaciones entre libertarios y \u201chalcones\u201d del PRO entraron en una nueva fase de definiciones. De por s\u00ed,&nbsp;<strong>Luis \u201cToto\u201d Caputo,<\/strong>&nbsp;ex secretario de Finanzas y ex titular del Banco Central durante la gesti\u00f3n de Macri,<strong>&nbsp;es el principal candidato de Milei para el Ministerio de Econom\u00eda,&nbsp;<\/strong>mientras que&nbsp;<strong>Omar Yasin,<\/strong>&nbsp;abogado laboralista del PRO que asesor\u00f3 a Bullrich, est\u00e1 mencionado como el posible<strong>&nbsp;secretario de Trabajo&nbsp;<\/strong>dentro del Ministerio de Capital Humano.<\/p>\n\n\n\n<p><strong>\u201cSi me lo ofrecen y me dicen que no hay otra alternativa, bueno, lo acepto\u201d,<\/strong>&nbsp;afirm\u00f3 Bullrich en declaraciones a la se\u00f1al TN.<\/p>\n\n\n\n<p><\/p>\n\n\n\n<p><\/p>\n","protected":false},"excerpt":{"rendered":"<p>Como parte de los acuerdos alcanzados en el \u201cpacto de Acassuso\u201d, Patricia Bullrich acept\u00f3 la oferta de Javier Milei de volver a conducir el Ministerio de Seguridad desde el 10&hellip;<\/p>\n","protected":false},"author":3,"featured_media":69802,"comment_status":"closed","ping_status":"open","sticky":false,"template":"","format":"standard","meta":{"_acf_changed":false,"footnotes":""},"categories":[1,8],"tags":[],"class_list":["post-245548","post","type-post","status-publish","format-standard","has-post-thumbnail","hentry","category-es-noticia","category-politica"],"acf":[],"yoast_head":"<!-- This site is optimized with the Yoast SEO plugin v27.5 - https:\/\/yoast.com\/product\/yoast-seo-wordpress\/ -->\n<title>Patricia Bullrich ser\u00e1 la ministra de Seguridad de Milei - Diario Textual<\/title>\n<meta name=\"robots\" content=\"index, follow, max-snippet:-1, max-image-preview:large, max-video-preview:-1\" \/>\n<link rel=\"canonical\" href=\"https:\/\/diariotextual.com\/inicio\/index.php\/2023\/11\/23\/patricia-bullrich-sera-la-ministra-de-seguridad-de-milei\/\" \/>\n<meta property=\"og:locale\" content=\"es_ES\" \/>\n<meta property=\"og:type\" content=\"article\" \/>\n<meta property=\"og:title\" content=\"Patricia Bullrich ser\u00e1 la ministra de Seguridad de Milei - Diario Textual\" \/>\n<meta property=\"og:description\" content=\"Como parte de los acuerdos alcanzados en el \u201cpacto de Acassuso\u201d, Patricia Bullrich acept\u00f3 la oferta de Javier Milei de volver a conducir el Ministerio de Seguridad desde el 10&hellip;\" \/>\n<meta property=\"og:url\" content=\"https:\/\/diariotextual.com\/inicio\/index.php\/2023\/11\/23\/patricia-bullrich-sera-la-ministra-de-seguridad-de-milei\/\" \/>\n<meta property=\"og:site_name\" content=\"Diario Textual\" \/>\n<meta property=\"article:publisher\" content=\"https:\/\/www.facebook.com\/eltextual\" \/>\n<meta property=\"article:published_time\" content=\"2023-11-23T22:05:46+00:00\" \/>\n<meta property=\"article:modified_time\" content=\"2023-11-24T13:55:40+00:00\" \/>\n<meta property=\"og:image\" content=\"https:\/\/diariotextual.com\/inicio\/wp-content\/uploads\/2019\/11\/bullrichyfuerzasdeseguridad.jpg\" \/>\n\t<meta property=\"og:image:width\" content=\"1011\" \/>\n\t<meta property=\"og:image:height\" content=\"675\" \/>\n\t<meta property=\"og:image:type\" content=\"image\/jpeg\" \/>\n<meta name=\"author\" content=\"Diario1 Diario1\" \/>\n<meta name=\"twitter:card\" content=\"summary_large_image\" \/>\n<meta name=\"twitter:creator\" content=\"@eltextual\" \/>\n<meta name=\"twitter:site\" content=\"@eltextual\" \/>\n<meta name=\"twitter:label1\" content=\"Escrito por\" \/>\n\t<meta name=\"twitter:data1\" content=\"Diario1 Diario1\" \/>\n\t<meta name=\"twitter:label2\" content=\"Tiempo de lectura\" \/>\n\t<meta name=\"twitter:data2\" content=\"1 minuto\" \/>\n<script type=\"application\/ld+json\" class=\"yoast-schema-graph\">{\"@context\":\"https:\\\/\\\/schema.org\",\"@graph\":[{\"@type\":\"Article\",\"@id\":\"https:\\\/\\\/diariotextual.com\\\/inicio\\\/index.php\\\/2023\\\/11\\\/23\\\/patricia-bullrich-sera-la-ministra-de-seguridad-de-milei\\\/#article\",\"isPartOf\":{\"@id\":\"https:\\\/\\\/diariotextual.com\\\/inicio\\\/index.php\\\/2023\\\/11\\\/23\\\/patricia-bullrich-sera-la-ministra-de-seguridad-de-milei\\\/\"},\"author\":{\"name\":\"Diario1 Diario1\",\"@id\":\"https:\\\/\\\/diariotextual.com\\\/inicio\\\/#\\\/schema\\\/person\\\/418fc4093c33e86ed41562db3508f958\"},\"headline\":\"Patricia Bullrich ser\u00e1 la ministra de Seguridad de Milei\",\"datePublished\":\"2023-11-23T22:05:46+00:00\",\"dateModified\":\"2023-11-24T13:55:40+00:00\",\"mainEntityOfPage\":{\"@id\":\"https:\\\/\\\/diariotextual.com\\\/inicio\\\/index.php\\\/2023\\\/11\\\/23\\\/patricia-bullrich-sera-la-ministra-de-seguridad-de-milei\\\/\"},\"wordCount\":208,\"publisher\":{\"@id\":\"https:\\\/\\\/diariotextual.com\\\/inicio\\\/#organization\"},\"image\":{\"@id\":\"https:\\\/\\\/diariotextual.com\\\/inicio\\\/index.php\\\/2023\\\/11\\\/23\\\/patricia-bullrich-sera-la-ministra-de-seguridad-de-milei\\\/#primaryimage\"},\"thumbnailUrl\":\"https:\\\/\\\/diariotextual.com\\\/inicio\\\/wp-content\\\/uploads\\\/2019\\\/11\\\/bullrichyfuerzasdeseguridad.jpg\",\"articleSection\":[\"A - ES NOTICIA (van abajo)\",\"POLITICA\"],\"inLanguage\":\"es\"},{\"@type\":\"WebPage\",\"@id\":\"https:\\\/\\\/diariotextual.com\\\/inicio\\\/index.php\\\/2023\\\/11\\\/23\\\/patricia-bullrich-sera-la-ministra-de-seguridad-de-milei\\\/\",\"url\":\"https:\\\/\\\/diariotextual.com\\\/inicio\\\/index.php\\\/2023\\\/11\\\/23\\\/patricia-bullrich-sera-la-ministra-de-seguridad-de-milei\\\/\",\"name\":\"Patricia Bullrich ser\u00e1 la ministra de Seguridad de Milei - Diario Textual\",\"isPartOf\":{\"@id\":\"https:\\\/\\\/diariotextual.com\\\/inicio\\\/#website\"},\"primaryImageOfPage\":{\"@id\":\"https:\\\/\\\/diariotextual.com\\\/inicio\\\/index.php\\\/2023\\\/11\\\/23\\\/patricia-bullrich-sera-la-ministra-de-seguridad-de-milei\\\/#primaryimage\"},\"image\":{\"@id\":\"https:\\\/\\\/diariotextual.com\\\/inicio\\\/index.php\\\/2023\\\/11\\\/23\\\/patricia-bullrich-sera-la-ministra-de-seguridad-de-milei\\\/#primaryimage\"},\"thumbnailUrl\":\"https:\\\/\\\/diariotextual.com\\\/inicio\\\/wp-content\\\/uploads\\\/2019\\\/11\\\/bullrichyfuerzasdeseguridad.jpg\",\"datePublished\":\"2023-11-23T22:05:46+00:00\",\"dateModified\":\"2023-11-24T13:55:40+00:00\",\"breadcrumb\":{\"@id\":\"https:\\\/\\\/diariotextual.com\\\/inicio\\\/index.php\\\/2023\\\/11\\\/23\\\/patricia-bullrich-sera-la-ministra-de-seguridad-de-milei\\\/#breadcrumb\"},\"inLanguage\":\"es\",\"potentialAction\":[{\"@type\":\"ReadAction\",\"target\":[\"https:\\\/\\\/diariotextual.com\\\/inicio\\\/index.php\\\/2023\\\/11\\\/23\\\/patricia-bullrich-sera-la-ministra-de-seguridad-de-milei\\\/\"]}]},{\"@type\":\"ImageObject\",\"inLanguage\":\"es\",\"@id\":\"https:\\\/\\\/diariotextual.com\\\/inicio\\\/index.php\\\/2023\\\/11\\\/23\\\/patricia-bullrich-sera-la-ministra-de-seguridad-de-milei\\\/#primaryimage\",\"url\":\"https:\\\/\\\/diariotextual.com\\\/inicio\\\/wp-content\\\/uploads\\\/2019\\\/11\\\/bullrichyfuerzasdeseguridad.jpg\",\"contentUrl\":\"https:\\\/\\\/diariotextual.com\\\/inicio\\\/wp-content\\\/uploads\\\/2019\\\/11\\\/bullrichyfuerzasdeseguridad.jpg\",\"width\":1011,\"height\":675},{\"@type\":\"BreadcrumbList\",\"@id\":\"https:\\\/\\\/diariotextual.com\\\/inicio\\\/index.php\\\/2023\\\/11\\\/23\\\/patricia-bullrich-sera-la-ministra-de-seguridad-de-milei\\\/#breadcrumb\",\"itemListElement\":[{\"@type\":\"ListItem\",\"position\":1,\"name\":\"Portada\",\"item\":\"https:\\\/\\\/diariotextual.com\\\/inicio\\\/\"},{\"@type\":\"ListItem\",\"position\":2,\"name\":\"Patricia Bullrich ser\u00e1 la ministra de Seguridad de Milei\"}]},{\"@type\":\"WebSite\",\"@id\":\"https:\\\/\\\/diariotextual.com\\\/inicio\\\/#website\",\"url\":\"https:\\\/\\\/diariotextual.com\\\/inicio\\\/\",\"name\":\"Diario Textual\",\"description\":\"\",\"publisher\":{\"@id\":\"https:\\\/\\\/diariotextual.com\\\/inicio\\\/#organization\"},\"potentialAction\":[{\"@type\":\"SearchAction\",\"target\":{\"@type\":\"EntryPoint\",\"urlTemplate\":\"https:\\\/\\\/diariotextual.com\\\/inicio\\\/?s={search_term_string}\"},\"query-input\":{\"@type\":\"PropertyValueSpecification\",\"valueRequired\":true,\"valueName\":\"search_term_string\"}}],\"inLanguage\":\"es\"},{\"@type\":\"Organization\",\"@id\":\"https:\\\/\\\/diariotextual.com\\\/inicio\\\/#organization\",\"name\":\"Diario Textual\",\"url\":\"https:\\\/\\\/diariotextual.com\\\/inicio\\\/\",\"logo\":{\"@type\":\"ImageObject\",\"inLanguage\":\"es\",\"@id\":\"https:\\\/\\\/diariotextual.com\\\/inicio\\\/#\\\/schema\\\/logo\\\/image\\\/\",\"url\":\"https:\\\/\\\/diariotextual.com\\\/inicio\\\/wp-content\\\/uploads\\\/2023\\\/05\\\/logotextual1.jpg\",\"contentUrl\":\"https:\\\/\\\/diariotextual.com\\\/inicio\\\/wp-content\\\/uploads\\\/2023\\\/05\\\/logotextual1.jpg\",\"width\":516,\"height\":76,\"caption\":\"Diario Textual\"},\"image\":{\"@id\":\"https:\\\/\\\/diariotextual.com\\\/inicio\\\/#\\\/schema\\\/logo\\\/image\\\/\"},\"sameAs\":[\"https:\\\/\\\/www.facebook.com\\\/eltextual\",\"https:\\\/\\\/x.com\\\/eltextual\",\"http:\\\/\\\/www.instagram.com\\\/eltextual\"]},{\"@type\":\"Person\",\"@id\":\"https:\\\/\\\/diariotextual.com\\\/inicio\\\/#\\\/schema\\\/person\\\/418fc4093c33e86ed41562db3508f958\",\"name\":\"Diario1 Diario1\",\"image\":{\"@type\":\"ImageObject\",\"inLanguage\":\"es\",\"@id\":\"https:\\\/\\\/secure.gravatar.com\\\/avatar\\\/9167d280179c85bc18be67aa7eda765854300033af4896dd779b608640f2ef7a?s=96&d=mm&r=g\",\"url\":\"https:\\\/\\\/secure.gravatar.com\\\/avatar\\\/9167d280179c85bc18be67aa7eda765854300033af4896dd779b608640f2ef7a?s=96&d=mm&r=g\",\"contentUrl\":\"https:\\\/\\\/secure.gravatar.com\\\/avatar\\\/9167d280179c85bc18be67aa7eda765854300033af4896dd779b608640f2ef7a?s=96&d=mm&r=g\",\"caption\":\"Diario1 Diario1\"},\"url\":\"https:\\\/\\\/diariotextual.com\\\/inicio\\\/index.php\\\/author\\\/diario1\\\/\"}]}<\/script>\n<!-- \/ Yoast SEO plugin. -->","yoast_head_json":{"title":"Patricia Bullrich ser\u00e1 la ministra de Seguridad de Milei - Diario Textual","robots":{"index":"index","follow":"follow","max-snippet":"max-snippet:-1","max-image-preview":"max-image-preview:large","max-video-preview":"max-video-preview:-1"},"canonical":"https:\/\/diariotextual.com\/inicio\/index.php\/2023\/11\/23\/patricia-bullrich-sera-la-ministra-de-seguridad-de-milei\/","og_locale":"es_ES","og_type":"article","og_title":"Patricia Bullrich ser\u00e1 la ministra de Seguridad de Milei - Diario Textual","og_description":"Como parte de los acuerdos alcanzados en el \u201cpacto de Acassuso\u201d, Patricia Bullrich acept\u00f3 la oferta de Javier Milei de volver a conducir el Ministerio de Seguridad desde el 10&hellip;","og_url":"https:\/\/diariotextual.com\/inicio\/index.php\/2023\/11\/23\/patricia-bullrich-sera-la-ministra-de-seguridad-de-milei\/","og_site_name":"Diario Textual","article_publisher":"https:\/\/www.facebook.com\/eltextual","article_published_time":"2023-11-23T22:05:46+00:00","article_modified_time":"2023-11-24T13:55:40+00:00","og_image":[{"width":1011,"height":675,"url":"https:\/\/diariotextual.com\/inicio\/wp-content\/uploads\/2019\/11\/bullrichyfuerzasdeseguridad.jpg","type":"image\/jpeg"}],"author":"Diario1 Diario1","twitter_card":"summary_large_image","twitter_creator":"@eltextual","twitter_site":"@eltextual","twitter_misc":{"Escrito por":"Diario1 Diario1","Tiempo de lectura":"1 minuto"},"schema":{"@context":"https:\/\/schema.org","@graph":[{"@type":"Article","@id":"https:\/\/diariotextual.com\/inicio\/index.php\/2023\/11\/23\/patricia-bullrich-sera-la-ministra-de-seguridad-de-milei\/#article","isPartOf":{"@id":"https:\/\/diariotextual.com\/inicio\/index.php\/2023\/11\/23\/patricia-bullrich-sera-la-ministra-de-seguridad-de-milei\/"},"author":{"name":"Diario1 Diario1","@id":"https:\/\/diariotextual.com\/inicio\/#\/schema\/person\/418fc4093c33e86ed41562db3508f958"},"headline":"Patricia Bullrich ser\u00e1 la ministra de Seguridad de Milei","datePublished":"2023-11-23T22:05:46+00:00","dateModified":"2023-11-24T13:55:40+00:00","mainEntityOfPage":{"@id":"https:\/\/diariotextual.com\/inicio\/index.php\/2023\/11\/23\/patricia-bullrich-sera-la-ministra-de-seguridad-de-milei\/"},"wordCount":208,"publisher":{"@id":"https:\/\/diariotextual.com\/inicio\/#organization"},"image":{"@id":"https:\/\/diariotextual.com\/inicio\/index.php\/2023\/11\/23\/patricia-bullrich-sera-la-ministra-de-seguridad-de-milei\/#primaryimage"},"thumbnailUrl":"https:\/\/diariotextual.com\/inicio\/wp-content\/uploads\/2019\/11\/bullrichyfuerzasdeseguridad.jpg","articleSection":["A - ES NOTICIA (van abajo)","POLITICA"],"inLanguage":"es"},{"@type":"WebPage","@id":"https:\/\/diariotextual.com\/inicio\/index.php\/2023\/11\/23\/patricia-bullrich-sera-la-ministra-de-seguridad-de-milei\/","url":"https:\/\/diariotextual.com\/inicio\/index.php\/2023\/11\/23\/patricia-bullrich-sera-la-ministra-de-seguridad-de-milei\/","name":"Patricia Bullrich ser\u00e1 la ministra de Seguridad de Milei - Diario Textual","isPartOf":{"@id":"https:\/\/diariotextual.com\/inicio\/#website"},"primaryImageOfPage":{"@id":"https:\/\/diariotextual.com\/inicio\/index.php\/2023\/11\/23\/patricia-bullrich-sera-la-ministra-de-seguridad-de-milei\/#primaryimage"},"image":{"@id":"https:\/\/diariotextual.com\/inicio\/index.php\/2023\/11\/23\/patricia-bullrich-sera-la-ministra-de-seguridad-de-milei\/#primaryimage"},"thumbnailUrl":"https:\/\/diariotextual.com\/inicio\/wp-content\/uploads\/2019\/11\/bullrichyfuerzasdeseguridad.jpg","datePublished":"2023-11-23T22:05:46+00:00","dateModified":"2023-11-24T13:55:40+00:00","breadcrumb":{"@id":"https:\/\/diariotextual.com\/inicio\/index.php\/2023\/11\/23\/patricia-bullrich-sera-la-ministra-de-seguridad-de-milei\/#breadcrumb"},"inLanguage":"es","potentialAction":[{"@type":"ReadAction","target":["https:\/\/diariotextual.com\/inicio\/index.php\/2023\/11\/23\/patricia-bullrich-sera-la-ministra-de-seguridad-de-milei\/"]}]},{"@type":"ImageObject","inLanguage":"es","@id":"https:\/\/diariotextual.com\/inicio\/index.php\/2023\/11\/23\/patricia-bullrich-sera-la-ministra-de-seguridad-de-milei\/#primaryimage","url":"https:\/\/diariotextual.com\/inicio\/wp-content\/uploads\/2019\/11\/bullrichyfuerzasdeseguridad.jpg","contentUrl":"https:\/\/diariotextual.com\/inicio\/wp-content\/uploads\/2019\/11\/bullrichyfuerzasdeseguridad.jpg","width":1011,"height":675},{"@type":"BreadcrumbList","@id":"https:\/\/diariotextual.com\/inicio\/index.php\/2023\/11\/23\/patricia-bullrich-sera-la-ministra-de-seguridad-de-milei\/#breadcrumb","itemListElement":[{"@type":"ListItem","position":1,"name":"Portada","item":"https:\/\/diariotextual.com\/inicio\/"},{"@type":"ListItem","position":2,"name":"Patricia Bullrich ser\u00e1 la ministra de Seguridad de Milei"}]},{"@type":"WebSite","@id":"https:\/\/diariotextual.com\/inicio\/#website","url":"https:\/\/diariotextual.com\/inicio\/","name":"Diario Textual","description":"","publisher":{"@id":"https:\/\/diariotextual.com\/inicio\/#organization"},"potentialAction":[{"@type":"SearchAction","target":{"@type":"EntryPoint","urlTemplate":"https:\/\/diariotextual.com\/inicio\/?s={search_term_string}"},"query-input":{"@type":"PropertyValueSpecification","valueRequired":true,"valueName":"search_term_string"}}],"inLanguage":"es"},{"@type":"Organization","@id":"https:\/\/diariotextual.com\/inicio\/#organization","name":"Diario Textual","url":"https:\/\/diariotextual.com\/inicio\/","logo":{"@type":"ImageObject","inLanguage":"es","@id":"https:\/\/diariotextual.com\/inicio\/#\/schema\/logo\/image\/","url":"https:\/\/diariotextual.com\/inicio\/wp-content\/uploads\/2023\/05\/logotextual1.jpg","contentUrl":"https:\/\/diariotextual.com\/inicio\/wp-content\/uploads\/2023\/05\/logotextual1.jpg","width":516,"height":76,"caption":"Diario Textual"},"image":{"@id":"https:\/\/diariotextual.com\/inicio\/#\/schema\/logo\/image\/"},"sameAs":["https:\/\/www.facebook.com\/eltextual","https:\/\/x.com\/eltextual","http:\/\/www.instagram.com\/eltextual"]},{"@type":"Person","@id":"https:\/\/diariotextual.com\/inicio\/#\/schema\/person\/418fc4093c33e86ed41562db3508f958","name":"Diario1 Diario1","image":{"@type":"ImageObject","inLanguage":"es","@id":"https:\/\/secure.gravatar.com\/avatar\/9167d280179c85bc18be67aa7eda765854300033af4896dd779b608640f2ef7a?s=96&d=mm&r=g","url":"https:\/\/secure.gravatar.com\/avatar\/9167d280179c85bc18be67aa7eda765854300033af4896dd779b608640f2ef7a?s=96&d=mm&r=g","contentUrl":"https:\/\/secure.gravatar.com\/avatar\/9167d280179c85bc18be67aa7eda765854300033af4896dd779b608640f2ef7a?s=96&d=mm&r=g","caption":"Diario1 Diario1"},"url":"https:\/\/diariotextual.com\/inicio\/index.php\/author\/diario1\/"}]}},"_links":{"self":[{"href":"https:\/\/diariotextual.com\/inicio\/index.php\/wp-json\/wp\/v2\/posts\/245548","targetHints":{"allow":["GET"]}}],"collection":[{"href":"https:\/\/diariotextual.com\/inicio\/index.php\/wp-json\/wp\/v2\/posts"}],"about":[{"href":"https:\/\/diariotextual.com\/inicio\/index.php\/wp-json\/wp\/v2\/types\/post"}],"author":[{"embeddable":true,"href":"https:\/\/diariotextual.com\/inicio\/index.php\/wp-json\/wp\/v2\/users\/3"}],"replies":[{"embeddable":true,"href":"https:\/\/diariotextual.com\/inicio\/index.php\/wp-json\/wp\/v2\/comments?post=245548"}],"version-history":[{"count":4,"href":"https:\/\/diariotextual.com\/inicio\/index.php\/wp-json\/wp\/v2\/posts\/245548\/revisions"}],"predecessor-version":[{"id":245597,"href":"https:\/\/diariotextual.com\/inicio\/index.php\/wp-json\/wp\/v2\/posts\/245548\/revisions\/245597"}],"wp:featuredmedia":[{"embeddable":true,"href":"https:\/\/diariotextual.com\/inicio\/index.php\/wp-json\/wp\/v2\/media\/69802"}],"wp:attachment":[{"href":"https:\/\/diariotextual.com\/inicio\/index.php\/wp-json\/wp\/v2\/media?parent=245548"}],"wp:term":[{"taxonomy":"category","embeddable":true,"href":"https:\/\/diariotextual.com\/inicio\/index.php\/wp-json\/wp\/v2\/categories?post=245548"},{"taxonomy":"post_tag","embeddable":true,"href":"https:\/\/diariotextual.com\/inicio\/index.php\/wp-json\/wp\/v2\/tags?post=245548"}],"curies":[{"name":"wp","href":"https:\/\/api.w.org\/{rel}","templated":true}]}}