{"id":245557,"date":"2023-11-23T19:16:04","date_gmt":"2023-11-23T22:16:04","guid":{"rendered":"https:\/\/diariotextual.com\/inicio\/?p=245557"},"modified":"2023-11-23T19:16:07","modified_gmt":"2023-11-23T22:16:07","slug":"rauschenberger-y-ardohain-asumen-como-diputados-nacionales-el-miercoles-7","status":"publish","type":"post","link":"https:\/\/diariotextual.com\/inicio\/index.php\/2023\/11\/23\/rauschenberger-y-ardohain-asumen-como-diputados-nacionales-el-miercoles-7\/","title":{"rendered":"Rauschenberger y Ardohain asumen como diputados nacionales el mi\u00e9rcoles 7"},"content":{"rendered":"\n<p>Las autoridades de la C\u00e1mara de Diputados convocaron finalmente a la sesi\u00f3n preparatoria, que ser\u00e1 el pr\u00f3ximo<strong> jueves 7 de diciembre<\/strong>, por lo que ser\u00e1 el <strong>regreso a la C\u00e1mara baja de Ariel Rauschenberger (UxP) como diputado nacional y la otra banca pampeana ser\u00e1 para Mart\u00edn Ardohain (PRO).<\/strong><\/p>\n\n\n\n<p>En la reuni\u00f3n, <strong>prevista para las 12, se proceder\u00e1 a tomar juramento a los diputados y las diputadas electas el pasado 22 de octubre<\/strong>, como as\u00ed tambi\u00e9n se proceder\u00e1 a la elecci\u00f3n de autoridades de la C\u00e1mara de Diputados, todo en cumplimiento de los art\u00edculos 1\u00b0 y 45 del Reglamento de la C\u00e1mara de Diputados de la Naci\u00f3n.<\/p>\n\n\n\n<p>Actualmente el cuerpo est\u00e1 presidido por Cecilia Moreau, quien renov\u00f3 su mandato hasta 2027, pero obviamente no mantendr\u00e1 el cargo, pues a partir del 10 de diciembre Uni\u00f3n por la Patria dejar\u00e1 de ser oficialismo. M\u00e1s all\u00e1 de que La Libertad Avanza no cuente con mayor\u00eda, ni siquiera sea la primera minor\u00eda, por tradici\u00f3n y acuerdo pol\u00edtico, la presidencia siempre se le ha otorgado al oficialismo. Al menos en su primera etapa, record\u00f3 el sitio Parlamentario.<\/p>\n\n\n\n<p>En lo que respecta a los nuevos diputados, \u00e9stos prestar\u00e1n juramento y asumir\u00e1n formalmente en sus cargos el 10 de diciembre, d\u00eda de la asunci\u00f3n presidencial, por lo cual siempre se separan ambos eventos.<\/p>\n\n\n\n<p>La nueva composici\u00f3n de la <strong>C\u00e1mara de Diputados estar\u00e1 conformada por 105 diputados de Uni\u00f3n por la Patria, 93 de Juntos por el Cambio, 38 de La Libertad Avanza, 8 del interbloque Federal, 5 del interbloque Provincias Unidas, 5 del Frente de Izquierda, 2 del oficialismo santacruce\u00f1o y 1 del Movimiento Popular Neuquino.<\/strong> Este reparto se da dentro del mapa que actualmente existe, pero la reconfiguraci\u00f3n de bloques depender\u00e1 luego de qui\u00e9n sea gobierno.<\/p>\n\n\n\n<p>Como dijimos, en la elecci\u00f3n de octubre, Cecilia Moreau fue reelecta, al igual que el titular del PJ bonaerense, M\u00e1ximo Kirchner; el presidente del bloque oficialista, Germ\u00e1n Mart\u00ednez; los porte\u00f1os Paula Penacca y Eduardo Vald\u00e9s; el riojano Sergio Casas; la entrerriana Blanca Osuna y la cordobesa Gabriela Est\u00e9vez, entre otros.<\/p>\n\n\n\n<p>Por el lado de Juntos por el Cambio, tambi\u00e9n renovaron mandato el jefe del bloque del PRO, Cristian Ritondo; la secretaria parlamentaria del interbloque, Silvia Lospennato; el porte\u00f1o de la Coalici\u00f3n C\u00edvica Maximiliano Ferraro; y los radicales Karina Banfi, Lisandro Nieri, Jorge Rizotti, entre otros.<\/p>\n\n\n\n<p>A partir del pr\u00f3ximo 10 de diciembre, La Libertad Avanza contar\u00e1 en su bloque con Alberto \u201cBertie\u201d Benegas Lynch, Marcela Pagano, Ricardo Bussi, Lilia Lemoine y Mart\u00edn Menem.<\/p>\n\n\n\n<p>Entre los que regresar\u00e1n a la C\u00e1mara baja aparecen por Uni\u00f3n por la Patria Victoria Tolosa Paz, ministra de Desarrollo Social saliente; Carlos Castagneto, actual titular de la AFIP; Ariel Rauschenberger, ministro de Gobierno de La Pampa; y Luana Volnovich, directora de PAMI.<\/p>\n\n\n\n<p>En tanto, por Juntos por el Cambio figuran Nicol\u00e1s Massot, quien fue jefe del bloque Pro durante el gobierno de Cambiemos; y Miguel \u00c1ngel Pichetto, que ocup\u00f3 una banca como diputado de 1993 a 2001, mientras que de 2001 a 2019 fue senador nacional y presidi\u00f3 el bloque peronista entre 2003 y 2019, durante los gobiernos de Eduardo Duhalde, N\u00e9stor Kirchner, Cristina Kirchner y Mauricio Macri.<\/p>\n\n\n\n<p>Adem\u00e1s, debutar\u00e1n como diputados Gustavo Bordet (UP), gobernador saliente de Entre R\u00edos; el canciller Santiago Cafiero (UP); Diego Giuliano (UP), ministro de Transporte; Mart\u00edn Yeza (JxC), intendente saliente de Pinamar; y el bailar\u00edn Maximiliano Guerra (JxC), entre otros.<\/p>\n\n\n\n<p>Tambi\u00e9n pasar\u00e1n desde el Senado a la C\u00e1mara baja la santacruce\u00f1a Ana Mar\u00eda Ianni, el juje\u00f1o Guillermo Snopek y el tucumano Pablo Yedlin, electos por Uni\u00f3n por la Patria.<\/p>\n","protected":false},"excerpt":{"rendered":"<p>Las autoridades de la C\u00e1mara de Diputados convocaron finalmente a la sesi\u00f3n preparatoria, que ser\u00e1 el pr\u00f3ximo jueves 7 de diciembre, por lo que ser\u00e1 el regreso a la C\u00e1mara&hellip;<\/p>\n","protected":false},"author":5,"featured_media":245560,"comment_status":"closed","ping_status":"open","sticky":false,"template":"","format":"standard","meta":{"_acf_changed":false,"footnotes":""},"categories":[1,8],"tags":[205,80,446,434],"class_list":["post-245557","post","type-post","status-publish","format-standard","has-post-thumbnail","hentry","category-es-noticia","category-politica","tag-ardohain","tag-congreso","tag-diputados","tag-rauschenberger"],"acf":[],"yoast_head":"<!-- This site is optimized with the Yoast SEO plugin v27.5 - https:\/\/yoast.com\/product\/yoast-seo-wordpress\/ -->\n<title>Rauschenberger y Ardohain asumen como diputados nacionales el mi\u00e9rcoles 7 - Diario Textual<\/title>\n<meta name=\"robots\" content=\"index, follow, max-snippet:-1, max-image-preview:large, max-video-preview:-1\" \/>\n<link rel=\"canonical\" href=\"https:\/\/diariotextual.com\/inicio\/index.php\/2023\/11\/23\/rauschenberger-y-ardohain-asumen-como-diputados-nacionales-el-miercoles-7\/\" \/>\n<meta property=\"og:locale\" content=\"es_ES\" \/>\n<meta property=\"og:type\" content=\"article\" \/>\n<meta property=\"og:title\" content=\"Rauschenberger y Ardohain asumen como diputados nacionales el mi\u00e9rcoles 7 - Diario Textual\" \/>\n<meta property=\"og:description\" content=\"Las autoridades de la C\u00e1mara de Diputados convocaron finalmente a la sesi\u00f3n preparatoria, que ser\u00e1 el pr\u00f3ximo jueves 7 de diciembre, por lo que ser\u00e1 el regreso a la C\u00e1mara&hellip;\" \/>\n<meta property=\"og:url\" content=\"https:\/\/diariotextual.com\/inicio\/index.php\/2023\/11\/23\/rauschenberger-y-ardohain-asumen-como-diputados-nacionales-el-miercoles-7\/\" \/>\n<meta property=\"og:site_name\" content=\"Diario Textual\" \/>\n<meta property=\"article:publisher\" content=\"https:\/\/www.facebook.com\/eltextual\" \/>\n<meta property=\"article:published_time\" content=\"2023-11-23T22:16:04+00:00\" \/>\n<meta property=\"article:modified_time\" content=\"2023-11-23T22:16:07+00:00\" \/>\n<meta property=\"og:image\" content=\"https:\/\/diariotextual.com\/inicio\/wp-content\/uploads\/2023\/11\/diputadossesion2023.jpg\" \/>\n\t<meta property=\"og:image:width\" content=\"900\" \/>\n\t<meta property=\"og:image:height\" content=\"506\" \/>\n\t<meta property=\"og:image:type\" content=\"image\/jpeg\" \/>\n<meta name=\"author\" content=\"diario3\" \/>\n<meta name=\"twitter:card\" content=\"summary_large_image\" \/>\n<meta name=\"twitter:creator\" content=\"@eltextual\" \/>\n<meta name=\"twitter:site\" content=\"@eltextual\" \/>\n<meta name=\"twitter:label1\" content=\"Escrito por\" \/>\n\t<meta name=\"twitter:data1\" content=\"diario3\" \/>\n\t<meta name=\"twitter:label2\" content=\"Tiempo de lectura\" \/>\n\t<meta name=\"twitter:data2\" content=\"3 minutos\" \/>\n<script type=\"application\/ld+json\" class=\"yoast-schema-graph\">{\"@context\":\"https:\\\/\\\/schema.org\",\"@graph\":[{\"@type\":\"Article\",\"@id\":\"https:\\\/\\\/diariotextual.com\\\/inicio\\\/index.php\\\/2023\\\/11\\\/23\\\/rauschenberger-y-ardohain-asumen-como-diputados-nacionales-el-miercoles-7\\\/#article\",\"isPartOf\":{\"@id\":\"https:\\\/\\\/diariotextual.com\\\/inicio\\\/index.php\\\/2023\\\/11\\\/23\\\/rauschenberger-y-ardohain-asumen-como-diputados-nacionales-el-miercoles-7\\\/\"},\"author\":{\"name\":\"diario3\",\"@id\":\"https:\\\/\\\/diariotextual.com\\\/inicio\\\/#\\\/schema\\\/person\\\/a1b6f563e0ee944c60f98119389a4d9f\"},\"headline\":\"Rauschenberger y Ardohain asumen como diputados nacionales el mi\u00e9rcoles 7\",\"datePublished\":\"2023-11-23T22:16:04+00:00\",\"dateModified\":\"2023-11-23T22:16:07+00:00\",\"mainEntityOfPage\":{\"@id\":\"https:\\\/\\\/diariotextual.com\\\/inicio\\\/index.php\\\/2023\\\/11\\\/23\\\/rauschenberger-y-ardohain-asumen-como-diputados-nacionales-el-miercoles-7\\\/\"},\"wordCount\":634,\"publisher\":{\"@id\":\"https:\\\/\\\/diariotextual.com\\\/inicio\\\/#organization\"},\"image\":{\"@id\":\"https:\\\/\\\/diariotextual.com\\\/inicio\\\/index.php\\\/2023\\\/11\\\/23\\\/rauschenberger-y-ardohain-asumen-como-diputados-nacionales-el-miercoles-7\\\/#primaryimage\"},\"thumbnailUrl\":\"https:\\\/\\\/diariotextual.com\\\/inicio\\\/wp-content\\\/uploads\\\/2023\\\/11\\\/diputadossesion2023.jpg\",\"keywords\":[\"ardohain\",\"congreso\",\"diputados\",\"rauschenberger\"],\"articleSection\":[\"A - ES NOTICIA (van abajo)\",\"POLITICA\"],\"inLanguage\":\"es\"},{\"@type\":\"WebPage\",\"@id\":\"https:\\\/\\\/diariotextual.com\\\/inicio\\\/index.php\\\/2023\\\/11\\\/23\\\/rauschenberger-y-ardohain-asumen-como-diputados-nacionales-el-miercoles-7\\\/\",\"url\":\"https:\\\/\\\/diariotextual.com\\\/inicio\\\/index.php\\\/2023\\\/11\\\/23\\\/rauschenberger-y-ardohain-asumen-como-diputados-nacionales-el-miercoles-7\\\/\",\"name\":\"Rauschenberger y Ardohain asumen como diputados nacionales el mi\u00e9rcoles 7 - Diario Textual\",\"isPartOf\":{\"@id\":\"https:\\\/\\\/diariotextual.com\\\/inicio\\\/#website\"},\"primaryImageOfPage\":{\"@id\":\"https:\\\/\\\/diariotextual.com\\\/inicio\\\/index.php\\\/2023\\\/11\\\/23\\\/rauschenberger-y-ardohain-asumen-como-diputados-nacionales-el-miercoles-7\\\/#primaryimage\"},\"image\":{\"@id\":\"https:\\\/\\\/diariotextual.com\\\/inicio\\\/index.php\\\/2023\\\/11\\\/23\\\/rauschenberger-y-ardohain-asumen-como-diputados-nacionales-el-miercoles-7\\\/#primaryimage\"},\"thumbnailUrl\":\"https:\\\/\\\/diariotextual.com\\\/inicio\\\/wp-content\\\/uploads\\\/2023\\\/11\\\/diputadossesion2023.jpg\",\"datePublished\":\"2023-11-23T22:16:04+00:00\",\"dateModified\":\"2023-11-23T22:16:07+00:00\",\"breadcrumb\":{\"@id\":\"https:\\\/\\\/diariotextual.com\\\/inicio\\\/index.php\\\/2023\\\/11\\\/23\\\/rauschenberger-y-ardohain-asumen-como-diputados-nacionales-el-miercoles-7\\\/#breadcrumb\"},\"inLanguage\":\"es\",\"potentialAction\":[{\"@type\":\"ReadAction\",\"target\":[\"https:\\\/\\\/diariotextual.com\\\/inicio\\\/index.php\\\/2023\\\/11\\\/23\\\/rauschenberger-y-ardohain-asumen-como-diputados-nacionales-el-miercoles-7\\\/\"]}]},{\"@type\":\"ImageObject\",\"inLanguage\":\"es\",\"@id\":\"https:\\\/\\\/diariotextual.com\\\/inicio\\\/index.php\\\/2023\\\/11\\\/23\\\/rauschenberger-y-ardohain-asumen-como-diputados-nacionales-el-miercoles-7\\\/#primaryimage\",\"url\":\"https:\\\/\\\/diariotextual.com\\\/inicio\\\/wp-content\\\/uploads\\\/2023\\\/11\\\/diputadossesion2023.jpg\",\"contentUrl\":\"https:\\\/\\\/diariotextual.com\\\/inicio\\\/wp-content\\\/uploads\\\/2023\\\/11\\\/diputadossesion2023.jpg\",\"width\":900,\"height\":506},{\"@type\":\"BreadcrumbList\",\"@id\":\"https:\\\/\\\/diariotextual.com\\\/inicio\\\/index.php\\\/2023\\\/11\\\/23\\\/rauschenberger-y-ardohain-asumen-como-diputados-nacionales-el-miercoles-7\\\/#breadcrumb\",\"itemListElement\":[{\"@type\":\"ListItem\",\"position\":1,\"name\":\"Portada\",\"item\":\"https:\\\/\\\/diariotextual.com\\\/inicio\\\/\"},{\"@type\":\"ListItem\",\"position\":2,\"name\":\"Rauschenberger y Ardohain asumen como diputados nacionales el mi\u00e9rcoles 7\"}]},{\"@type\":\"WebSite\",\"@id\":\"https:\\\/\\\/diariotextual.com\\\/inicio\\\/#website\",\"url\":\"https:\\\/\\\/diariotextual.com\\\/inicio\\\/\",\"name\":\"Diario Textual\",\"description\":\"\",\"publisher\":{\"@id\":\"https:\\\/\\\/diariotextual.com\\\/inicio\\\/#organization\"},\"potentialAction\":[{\"@type\":\"SearchAction\",\"target\":{\"@type\":\"EntryPoint\",\"urlTemplate\":\"https:\\\/\\\/diariotextual.com\\\/inicio\\\/?s={search_term_string}\"},\"query-input\":{\"@type\":\"PropertyValueSpecification\",\"valueRequired\":true,\"valueName\":\"search_term_string\"}}],\"inLanguage\":\"es\"},{\"@type\":\"Organization\",\"@id\":\"https:\\\/\\\/diariotextual.com\\\/inicio\\\/#organization\",\"name\":\"Diario Textual\",\"url\":\"https:\\\/\\\/diariotextual.com\\\/inicio\\\/\",\"logo\":{\"@type\":\"ImageObject\",\"inLanguage\":\"es\",\"@id\":\"https:\\\/\\\/diariotextual.com\\\/inicio\\\/#\\\/schema\\\/logo\\\/image\\\/\",\"url\":\"https:\\\/\\\/diariotextual.com\\\/inicio\\\/wp-content\\\/uploads\\\/2023\\\/05\\\/logotextual1.jpg\",\"contentUrl\":\"https:\\\/\\\/diariotextual.com\\\/inicio\\\/wp-content\\\/uploads\\\/2023\\\/05\\\/logotextual1.jpg\",\"width\":516,\"height\":76,\"caption\":\"Diario Textual\"},\"image\":{\"@id\":\"https:\\\/\\\/diariotextual.com\\\/inicio\\\/#\\\/schema\\\/logo\\\/image\\\/\"},\"sameAs\":[\"https:\\\/\\\/www.facebook.com\\\/eltextual\",\"https:\\\/\\\/x.com\\\/eltextual\",\"http:\\\/\\\/www.instagram.com\\\/eltextual\"]},{\"@type\":\"Person\",\"@id\":\"https:\\\/\\\/diariotextual.com\\\/inicio\\\/#\\\/schema\\\/person\\\/a1b6f563e0ee944c60f98119389a4d9f\",\"name\":\"diario3\",\"image\":{\"@type\":\"ImageObject\",\"inLanguage\":\"es\",\"@id\":\"https:\\\/\\\/secure.gravatar.com\\\/avatar\\\/5e7ee62c82fc04d9dd79d746a390d93c69c43223e5faeeb3ea9461ef752bfc5d?s=96&d=mm&r=g\",\"url\":\"https:\\\/\\\/secure.gravatar.com\\\/avatar\\\/5e7ee62c82fc04d9dd79d746a390d93c69c43223e5faeeb3ea9461ef752bfc5d?s=96&d=mm&r=g\",\"contentUrl\":\"https:\\\/\\\/secure.gravatar.com\\\/avatar\\\/5e7ee62c82fc04d9dd79d746a390d93c69c43223e5faeeb3ea9461ef752bfc5d?s=96&d=mm&r=g\",\"caption\":\"diario3\"},\"url\":\"https:\\\/\\\/diariotextual.com\\\/inicio\\\/index.php\\\/author\\\/diario3\\\/\"}]}<\/script>\n<!-- \/ Yoast SEO plugin. -->","yoast_head_json":{"title":"Rauschenberger y Ardohain asumen como diputados nacionales el mi\u00e9rcoles 7 - Diario Textual","robots":{"index":"index","follow":"follow","max-snippet":"max-snippet:-1","max-image-preview":"max-image-preview:large","max-video-preview":"max-video-preview:-1"},"canonical":"https:\/\/diariotextual.com\/inicio\/index.php\/2023\/11\/23\/rauschenberger-y-ardohain-asumen-como-diputados-nacionales-el-miercoles-7\/","og_locale":"es_ES","og_type":"article","og_title":"Rauschenberger y Ardohain asumen como diputados nacionales el mi\u00e9rcoles 7 - Diario Textual","og_description":"Las autoridades de la C\u00e1mara de Diputados convocaron finalmente a la sesi\u00f3n preparatoria, que ser\u00e1 el pr\u00f3ximo jueves 7 de diciembre, por lo que ser\u00e1 el regreso a la C\u00e1mara&hellip;","og_url":"https:\/\/diariotextual.com\/inicio\/index.php\/2023\/11\/23\/rauschenberger-y-ardohain-asumen-como-diputados-nacionales-el-miercoles-7\/","og_site_name":"Diario Textual","article_publisher":"https:\/\/www.facebook.com\/eltextual","article_published_time":"2023-11-23T22:16:04+00:00","article_modified_time":"2023-11-23T22:16:07+00:00","og_image":[{"width":900,"height":506,"url":"https:\/\/diariotextual.com\/inicio\/wp-content\/uploads\/2023\/11\/diputadossesion2023.jpg","type":"image\/jpeg"}],"author":"diario3","twitter_card":"summary_large_image","twitter_creator":"@eltextual","twitter_site":"@eltextual","twitter_misc":{"Escrito por":"diario3","Tiempo de lectura":"3 minutos"},"schema":{"@context":"https:\/\/schema.org","@graph":[{"@type":"Article","@id":"https:\/\/diariotextual.com\/inicio\/index.php\/2023\/11\/23\/rauschenberger-y-ardohain-asumen-como-diputados-nacionales-el-miercoles-7\/#article","isPartOf":{"@id":"https:\/\/diariotextual.com\/inicio\/index.php\/2023\/11\/23\/rauschenberger-y-ardohain-asumen-como-diputados-nacionales-el-miercoles-7\/"},"author":{"name":"diario3","@id":"https:\/\/diariotextual.com\/inicio\/#\/schema\/person\/a1b6f563e0ee944c60f98119389a4d9f"},"headline":"Rauschenberger y Ardohain asumen como diputados nacionales el mi\u00e9rcoles 7","datePublished":"2023-11-23T22:16:04+00:00","dateModified":"2023-11-23T22:16:07+00:00","mainEntityOfPage":{"@id":"https:\/\/diariotextual.com\/inicio\/index.php\/2023\/11\/23\/rauschenberger-y-ardohain-asumen-como-diputados-nacionales-el-miercoles-7\/"},"wordCount":634,"publisher":{"@id":"https:\/\/diariotextual.com\/inicio\/#organization"},"image":{"@id":"https:\/\/diariotextual.com\/inicio\/index.php\/2023\/11\/23\/rauschenberger-y-ardohain-asumen-como-diputados-nacionales-el-miercoles-7\/#primaryimage"},"thumbnailUrl":"https:\/\/diariotextual.com\/inicio\/wp-content\/uploads\/2023\/11\/diputadossesion2023.jpg","keywords":["ardohain","congreso","diputados","rauschenberger"],"articleSection":["A - ES NOTICIA (van abajo)","POLITICA"],"inLanguage":"es"},{"@type":"WebPage","@id":"https:\/\/diariotextual.com\/inicio\/index.php\/2023\/11\/23\/rauschenberger-y-ardohain-asumen-como-diputados-nacionales-el-miercoles-7\/","url":"https:\/\/diariotextual.com\/inicio\/index.php\/2023\/11\/23\/rauschenberger-y-ardohain-asumen-como-diputados-nacionales-el-miercoles-7\/","name":"Rauschenberger y Ardohain asumen como diputados nacionales el mi\u00e9rcoles 7 - Diario Textual","isPartOf":{"@id":"https:\/\/diariotextual.com\/inicio\/#website"},"primaryImageOfPage":{"@id":"https:\/\/diariotextual.com\/inicio\/index.php\/2023\/11\/23\/rauschenberger-y-ardohain-asumen-como-diputados-nacionales-el-miercoles-7\/#primaryimage"},"image":{"@id":"https:\/\/diariotextual.com\/inicio\/index.php\/2023\/11\/23\/rauschenberger-y-ardohain-asumen-como-diputados-nacionales-el-miercoles-7\/#primaryimage"},"thumbnailUrl":"https:\/\/diariotextual.com\/inicio\/wp-content\/uploads\/2023\/11\/diputadossesion2023.jpg","datePublished":"2023-11-23T22:16:04+00:00","dateModified":"2023-11-23T22:16:07+00:00","breadcrumb":{"@id":"https:\/\/diariotextual.com\/inicio\/index.php\/2023\/11\/23\/rauschenberger-y-ardohain-asumen-como-diputados-nacionales-el-miercoles-7\/#breadcrumb"},"inLanguage":"es","potentialAction":[{"@type":"ReadAction","target":["https:\/\/diariotextual.com\/inicio\/index.php\/2023\/11\/23\/rauschenberger-y-ardohain-asumen-como-diputados-nacionales-el-miercoles-7\/"]}]},{"@type":"ImageObject","inLanguage":"es","@id":"https:\/\/diariotextual.com\/inicio\/index.php\/2023\/11\/23\/rauschenberger-y-ardohain-asumen-como-diputados-nacionales-el-miercoles-7\/#primaryimage","url":"https:\/\/diariotextual.com\/inicio\/wp-content\/uploads\/2023\/11\/diputadossesion2023.jpg","contentUrl":"https:\/\/diariotextual.com\/inicio\/wp-content\/uploads\/2023\/11\/diputadossesion2023.jpg","width":900,"height":506},{"@type":"BreadcrumbList","@id":"https:\/\/diariotextual.com\/inicio\/index.php\/2023\/11\/23\/rauschenberger-y-ardohain-asumen-como-diputados-nacionales-el-miercoles-7\/#breadcrumb","itemListElement":[{"@type":"ListItem","position":1,"name":"Portada","item":"https:\/\/diariotextual.com\/inicio\/"},{"@type":"ListItem","position":2,"name":"Rauschenberger y Ardohain asumen como diputados nacionales el mi\u00e9rcoles 7"}]},{"@type":"WebSite","@id":"https:\/\/diariotextual.com\/inicio\/#website","url":"https:\/\/diariotextual.com\/inicio\/","name":"Diario Textual","description":"","publisher":{"@id":"https:\/\/diariotextual.com\/inicio\/#organization"},"potentialAction":[{"@type":"SearchAction","target":{"@type":"EntryPoint","urlTemplate":"https:\/\/diariotextual.com\/inicio\/?s={search_term_string}"},"query-input":{"@type":"PropertyValueSpecification","valueRequired":true,"valueName":"search_term_string"}}],"inLanguage":"es"},{"@type":"Organization","@id":"https:\/\/diariotextual.com\/inicio\/#organization","name":"Diario Textual","url":"https:\/\/diariotextual.com\/inicio\/","logo":{"@type":"ImageObject","inLanguage":"es","@id":"https:\/\/diariotextual.com\/inicio\/#\/schema\/logo\/image\/","url":"https:\/\/diariotextual.com\/inicio\/wp-content\/uploads\/2023\/05\/logotextual1.jpg","contentUrl":"https:\/\/diariotextual.com\/inicio\/wp-content\/uploads\/2023\/05\/logotextual1.jpg","width":516,"height":76,"caption":"Diario Textual"},"image":{"@id":"https:\/\/diariotextual.com\/inicio\/#\/schema\/logo\/image\/"},"sameAs":["https:\/\/www.facebook.com\/eltextual","https:\/\/x.com\/eltextual","http:\/\/www.instagram.com\/eltextual"]},{"@type":"Person","@id":"https:\/\/diariotextual.com\/inicio\/#\/schema\/person\/a1b6f563e0ee944c60f98119389a4d9f","name":"diario3","image":{"@type":"ImageObject","inLanguage":"es","@id":"https:\/\/secure.gravatar.com\/avatar\/5e7ee62c82fc04d9dd79d746a390d93c69c43223e5faeeb3ea9461ef752bfc5d?s=96&d=mm&r=g","url":"https:\/\/secure.gravatar.com\/avatar\/5e7ee62c82fc04d9dd79d746a390d93c69c43223e5faeeb3ea9461ef752bfc5d?s=96&d=mm&r=g","contentUrl":"https:\/\/secure.gravatar.com\/avatar\/5e7ee62c82fc04d9dd79d746a390d93c69c43223e5faeeb3ea9461ef752bfc5d?s=96&d=mm&r=g","caption":"diario3"},"url":"https:\/\/diariotextual.com\/inicio\/index.php\/author\/diario3\/"}]}},"_links":{"self":[{"href":"https:\/\/diariotextual.com\/inicio\/index.php\/wp-json\/wp\/v2\/posts\/245557","targetHints":{"allow":["GET"]}}],"collection":[{"href":"https:\/\/diariotextual.com\/inicio\/index.php\/wp-json\/wp\/v2\/posts"}],"about":[{"href":"https:\/\/diariotextual.com\/inicio\/index.php\/wp-json\/wp\/v2\/types\/post"}],"author":[{"embeddable":true,"href":"https:\/\/diariotextual.com\/inicio\/index.php\/wp-json\/wp\/v2\/users\/5"}],"replies":[{"embeddable":true,"href":"https:\/\/diariotextual.com\/inicio\/index.php\/wp-json\/wp\/v2\/comments?post=245557"}],"version-history":[{"count":1,"href":"https:\/\/diariotextual.com\/inicio\/index.php\/wp-json\/wp\/v2\/posts\/245557\/revisions"}],"predecessor-version":[{"id":245561,"href":"https:\/\/diariotextual.com\/inicio\/index.php\/wp-json\/wp\/v2\/posts\/245557\/revisions\/245561"}],"wp:featuredmedia":[{"embeddable":true,"href":"https:\/\/diariotextual.com\/inicio\/index.php\/wp-json\/wp\/v2\/media\/245560"}],"wp:attachment":[{"href":"https:\/\/diariotextual.com\/inicio\/index.php\/wp-json\/wp\/v2\/media?parent=245557"}],"wp:term":[{"taxonomy":"category","embeddable":true,"href":"https:\/\/diariotextual.com\/inicio\/index.php\/wp-json\/wp\/v2\/categories?post=245557"},{"taxonomy":"post_tag","embeddable":true,"href":"https:\/\/diariotextual.com\/inicio\/index.php\/wp-json\/wp\/v2\/tags?post=245557"}],"curies":[{"name":"wp","href":"https:\/\/api.w.org\/{rel}","templated":true}]}}