{"id":245660,"date":"2023-11-24T11:29:48","date_gmt":"2023-11-24T14:29:48","guid":{"rendered":"https:\/\/diariotextual.com\/inicio\/?p=245660"},"modified":"2023-11-24T14:45:03","modified_gmt":"2023-11-24T17:45:03","slug":"milei-confirmo-a-horacio-marin-en-ypf-y-a-un-alfil-de-schiaretti-en-la-anses","status":"publish","type":"post","link":"https:\/\/diariotextual.com\/inicio\/index.php\/2023\/11\/24\/milei-confirmo-a-horacio-marin-en-ypf-y-a-un-alfil-de-schiaretti-en-la-anses\/","title":{"rendered":"Milei confirm\u00f3 a Horacio Mar\u00edn en YPF y a un alfil de Schiaretti en la Anses"},"content":{"rendered":"\n<p>A cinco d\u00edas de ganar las elecciones frente al oficialista Sergio Massa, el presidente electo de La Libertad Avanza (LLA),\u00a0<strong>Javier Milei, confirm\u00f3 este viernes dos nuevos nombres de su futuro gobierno: a los titulares de la Anses y de YPF<\/strong>.<\/p>\n\n\n\n<p>A trav\u00e9s de un comunicado oficial, el partido libertario dio los nombres de los elegidos.\u00a0<strong>Osvaldo Giordano ir\u00e1 a la Anses y Horacio Mar\u00edn, a YPF.<\/strong><\/p>\n\n\n\n<p>Giordano es un alfil del gobernador cordob\u00e9s Juan Schiaretti. Apareci\u00f3 como uno de los hombres a liderar la Anses luego de que se desestimara que el cargo ser\u00eda para Carolina P\u00edparo, quien incluso ya hab\u00eda expresado que mantendr\u00eda una reuni\u00f3n con las autoridades del organismo para facilitar la transici\u00f3n.<\/p>\n\n\n\n<p>Giordano, el economista egresado de la Universidad Nacional de C\u00f3rdoba (UNC), desde 2015 es ministro de Finanzas de esa provincia, donde antes fue secretario de Previsi\u00f3n Social. Fue el encargado de reducir \u2013con reformas jubilatorias\u2013 el d\u00e9ficit de la Caja de Jubilaciones que ten\u00eda en jaque los n\u00fameros provinciales; adem\u00e1s llev\u00f3 adelante un modelo de modernizaci\u00f3n en las \u00e1reas bajo su cargo.<\/p>\n\n\n\n<p>En tanto, Horacio Mar\u00edn, un t\u00e9cnico de la industria petrolera que hizo su carrera en Grupo Techint, ser\u00e1 el encargado de \u201crecomponer\u201d la empresa, seg\u00fan hab\u00eda dicho el lunes el presidente electo. Tambi\u00e9n se\u00f1al\u00f3 ese d\u00eda que habr\u00e1 un plazo de dos a\u00f1os, previo a avanzar en una privatizaci\u00f3n del 51% de las acciones.<\/p>\n\n\n\n<p><\/p>\n","protected":false},"excerpt":{"rendered":"<p>A cinco d\u00edas de ganar las elecciones frente al oficialista Sergio Massa, el presidente electo de La Libertad Avanza (LLA),\u00a0Javier Milei, confirm\u00f3 este viernes dos nuevos nombres de su futuro&hellip;<\/p>\n","protected":false},"author":3,"featured_media":244736,"comment_status":"closed","ping_status":"open","sticky":false,"template":"","format":"standard","meta":{"_acf_changed":false,"footnotes":""},"categories":[1,8],"tags":[],"class_list":["post-245660","post","type-post","status-publish","format-standard","has-post-thumbnail","hentry","category-es-noticia","category-politica"],"acf":[],"yoast_head":"<!-- This site is optimized with the Yoast SEO plugin v27.5 - https:\/\/yoast.com\/product\/yoast-seo-wordpress\/ -->\n<title>Milei confirm\u00f3 a Horacio Mar\u00edn en YPF y a un alfil de Schiaretti en la Anses - Diario Textual<\/title>\n<meta name=\"robots\" content=\"index, follow, max-snippet:-1, max-image-preview:large, max-video-preview:-1\" \/>\n<link rel=\"canonical\" href=\"https:\/\/diariotextual.com\/inicio\/index.php\/2023\/11\/24\/milei-confirmo-a-horacio-marin-en-ypf-y-a-un-alfil-de-schiaretti-en-la-anses\/\" \/>\n<meta property=\"og:locale\" content=\"es_ES\" \/>\n<meta property=\"og:type\" content=\"article\" \/>\n<meta property=\"og:title\" content=\"Milei confirm\u00f3 a Horacio Mar\u00edn en YPF y a un alfil de Schiaretti en la Anses - Diario Textual\" \/>\n<meta property=\"og:description\" content=\"A cinco d\u00edas de ganar las elecciones frente al oficialista Sergio Massa, el presidente electo de La Libertad Avanza (LLA),\u00a0Javier Milei, confirm\u00f3 este viernes dos nuevos nombres de su futuro&hellip;\" \/>\n<meta property=\"og:url\" content=\"https:\/\/diariotextual.com\/inicio\/index.php\/2023\/11\/24\/milei-confirmo-a-horacio-marin-en-ypf-y-a-un-alfil-de-schiaretti-en-la-anses\/\" \/>\n<meta property=\"og:site_name\" content=\"Diario Textual\" \/>\n<meta property=\"article:publisher\" content=\"https:\/\/www.facebook.com\/eltextual\" \/>\n<meta property=\"article:published_time\" content=\"2023-11-24T14:29:48+00:00\" \/>\n<meta property=\"article:modified_time\" content=\"2023-11-24T17:45:03+00:00\" \/>\n<meta property=\"og:image\" content=\"https:\/\/diariotextual.com\/inicio\/wp-content\/uploads\/2023\/11\/mileijaviertelam2023-23044.jpg\" \/>\n\t<meta property=\"og:image:width\" content=\"1200\" \/>\n\t<meta property=\"og:image:height\" content=\"675\" \/>\n\t<meta property=\"og:image:type\" content=\"image\/jpeg\" \/>\n<meta name=\"author\" content=\"Diario1 Diario1\" \/>\n<meta name=\"twitter:card\" content=\"summary_large_image\" \/>\n<meta name=\"twitter:creator\" content=\"@eltextual\" \/>\n<meta name=\"twitter:site\" content=\"@eltextual\" \/>\n<meta name=\"twitter:label1\" content=\"Escrito por\" \/>\n\t<meta name=\"twitter:data1\" content=\"Diario1 Diario1\" \/>\n\t<meta name=\"twitter:label2\" content=\"Tiempo de lectura\" \/>\n\t<meta name=\"twitter:data2\" content=\"2 minutos\" \/>\n<script type=\"application\/ld+json\" class=\"yoast-schema-graph\">{\"@context\":\"https:\\\/\\\/schema.org\",\"@graph\":[{\"@type\":\"Article\",\"@id\":\"https:\\\/\\\/diariotextual.com\\\/inicio\\\/index.php\\\/2023\\\/11\\\/24\\\/milei-confirmo-a-horacio-marin-en-ypf-y-a-un-alfil-de-schiaretti-en-la-anses\\\/#article\",\"isPartOf\":{\"@id\":\"https:\\\/\\\/diariotextual.com\\\/inicio\\\/index.php\\\/2023\\\/11\\\/24\\\/milei-confirmo-a-horacio-marin-en-ypf-y-a-un-alfil-de-schiaretti-en-la-anses\\\/\"},\"author\":{\"name\":\"Diario1 Diario1\",\"@id\":\"https:\\\/\\\/diariotextual.com\\\/inicio\\\/#\\\/schema\\\/person\\\/418fc4093c33e86ed41562db3508f958\"},\"headline\":\"Milei confirm\u00f3 a Horacio Mar\u00edn en YPF y a un alfil de Schiaretti en la Anses\",\"datePublished\":\"2023-11-24T14:29:48+00:00\",\"dateModified\":\"2023-11-24T17:45:03+00:00\",\"mainEntityOfPage\":{\"@id\":\"https:\\\/\\\/diariotextual.com\\\/inicio\\\/index.php\\\/2023\\\/11\\\/24\\\/milei-confirmo-a-horacio-marin-en-ypf-y-a-un-alfil-de-schiaretti-en-la-anses\\\/\"},\"wordCount\":273,\"publisher\":{\"@id\":\"https:\\\/\\\/diariotextual.com\\\/inicio\\\/#organization\"},\"image\":{\"@id\":\"https:\\\/\\\/diariotextual.com\\\/inicio\\\/index.php\\\/2023\\\/11\\\/24\\\/milei-confirmo-a-horacio-marin-en-ypf-y-a-un-alfil-de-schiaretti-en-la-anses\\\/#primaryimage\"},\"thumbnailUrl\":\"https:\\\/\\\/diariotextual.com\\\/inicio\\\/wp-content\\\/uploads\\\/2023\\\/11\\\/mileijaviertelam2023-23044.jpg\",\"articleSection\":[\"A - ES NOTICIA (van abajo)\",\"POLITICA\"],\"inLanguage\":\"es\"},{\"@type\":\"WebPage\",\"@id\":\"https:\\\/\\\/diariotextual.com\\\/inicio\\\/index.php\\\/2023\\\/11\\\/24\\\/milei-confirmo-a-horacio-marin-en-ypf-y-a-un-alfil-de-schiaretti-en-la-anses\\\/\",\"url\":\"https:\\\/\\\/diariotextual.com\\\/inicio\\\/index.php\\\/2023\\\/11\\\/24\\\/milei-confirmo-a-horacio-marin-en-ypf-y-a-un-alfil-de-schiaretti-en-la-anses\\\/\",\"name\":\"Milei confirm\u00f3 a Horacio Mar\u00edn en YPF y a un alfil de Schiaretti en la Anses - Diario Textual\",\"isPartOf\":{\"@id\":\"https:\\\/\\\/diariotextual.com\\\/inicio\\\/#website\"},\"primaryImageOfPage\":{\"@id\":\"https:\\\/\\\/diariotextual.com\\\/inicio\\\/index.php\\\/2023\\\/11\\\/24\\\/milei-confirmo-a-horacio-marin-en-ypf-y-a-un-alfil-de-schiaretti-en-la-anses\\\/#primaryimage\"},\"image\":{\"@id\":\"https:\\\/\\\/diariotextual.com\\\/inicio\\\/index.php\\\/2023\\\/11\\\/24\\\/milei-confirmo-a-horacio-marin-en-ypf-y-a-un-alfil-de-schiaretti-en-la-anses\\\/#primaryimage\"},\"thumbnailUrl\":\"https:\\\/\\\/diariotextual.com\\\/inicio\\\/wp-content\\\/uploads\\\/2023\\\/11\\\/mileijaviertelam2023-23044.jpg\",\"datePublished\":\"2023-11-24T14:29:48+00:00\",\"dateModified\":\"2023-11-24T17:45:03+00:00\",\"breadcrumb\":{\"@id\":\"https:\\\/\\\/diariotextual.com\\\/inicio\\\/index.php\\\/2023\\\/11\\\/24\\\/milei-confirmo-a-horacio-marin-en-ypf-y-a-un-alfil-de-schiaretti-en-la-anses\\\/#breadcrumb\"},\"inLanguage\":\"es\",\"potentialAction\":[{\"@type\":\"ReadAction\",\"target\":[\"https:\\\/\\\/diariotextual.com\\\/inicio\\\/index.php\\\/2023\\\/11\\\/24\\\/milei-confirmo-a-horacio-marin-en-ypf-y-a-un-alfil-de-schiaretti-en-la-anses\\\/\"]}]},{\"@type\":\"ImageObject\",\"inLanguage\":\"es\",\"@id\":\"https:\\\/\\\/diariotextual.com\\\/inicio\\\/index.php\\\/2023\\\/11\\\/24\\\/milei-confirmo-a-horacio-marin-en-ypf-y-a-un-alfil-de-schiaretti-en-la-anses\\\/#primaryimage\",\"url\":\"https:\\\/\\\/diariotextual.com\\\/inicio\\\/wp-content\\\/uploads\\\/2023\\\/11\\\/mileijaviertelam2023-23044.jpg\",\"contentUrl\":\"https:\\\/\\\/diariotextual.com\\\/inicio\\\/wp-content\\\/uploads\\\/2023\\\/11\\\/mileijaviertelam2023-23044.jpg\",\"width\":1200,\"height\":675},{\"@type\":\"BreadcrumbList\",\"@id\":\"https:\\\/\\\/diariotextual.com\\\/inicio\\\/index.php\\\/2023\\\/11\\\/24\\\/milei-confirmo-a-horacio-marin-en-ypf-y-a-un-alfil-de-schiaretti-en-la-anses\\\/#breadcrumb\",\"itemListElement\":[{\"@type\":\"ListItem\",\"position\":1,\"name\":\"Portada\",\"item\":\"https:\\\/\\\/diariotextual.com\\\/inicio\\\/\"},{\"@type\":\"ListItem\",\"position\":2,\"name\":\"Milei confirm\u00f3 a Horacio Mar\u00edn en YPF y a un alfil de Schiaretti en la Anses\"}]},{\"@type\":\"WebSite\",\"@id\":\"https:\\\/\\\/diariotextual.com\\\/inicio\\\/#website\",\"url\":\"https:\\\/\\\/diariotextual.com\\\/inicio\\\/\",\"name\":\"Diario Textual\",\"description\":\"\",\"publisher\":{\"@id\":\"https:\\\/\\\/diariotextual.com\\\/inicio\\\/#organization\"},\"potentialAction\":[{\"@type\":\"SearchAction\",\"target\":{\"@type\":\"EntryPoint\",\"urlTemplate\":\"https:\\\/\\\/diariotextual.com\\\/inicio\\\/?s={search_term_string}\"},\"query-input\":{\"@type\":\"PropertyValueSpecification\",\"valueRequired\":true,\"valueName\":\"search_term_string\"}}],\"inLanguage\":\"es\"},{\"@type\":\"Organization\",\"@id\":\"https:\\\/\\\/diariotextual.com\\\/inicio\\\/#organization\",\"name\":\"Diario Textual\",\"url\":\"https:\\\/\\\/diariotextual.com\\\/inicio\\\/\",\"logo\":{\"@type\":\"ImageObject\",\"inLanguage\":\"es\",\"@id\":\"https:\\\/\\\/diariotextual.com\\\/inicio\\\/#\\\/schema\\\/logo\\\/image\\\/\",\"url\":\"https:\\\/\\\/diariotextual.com\\\/inicio\\\/wp-content\\\/uploads\\\/2023\\\/05\\\/logotextual1.jpg\",\"contentUrl\":\"https:\\\/\\\/diariotextual.com\\\/inicio\\\/wp-content\\\/uploads\\\/2023\\\/05\\\/logotextual1.jpg\",\"width\":516,\"height\":76,\"caption\":\"Diario Textual\"},\"image\":{\"@id\":\"https:\\\/\\\/diariotextual.com\\\/inicio\\\/#\\\/schema\\\/logo\\\/image\\\/\"},\"sameAs\":[\"https:\\\/\\\/www.facebook.com\\\/eltextual\",\"https:\\\/\\\/x.com\\\/eltextual\",\"http:\\\/\\\/www.instagram.com\\\/eltextual\"]},{\"@type\":\"Person\",\"@id\":\"https:\\\/\\\/diariotextual.com\\\/inicio\\\/#\\\/schema\\\/person\\\/418fc4093c33e86ed41562db3508f958\",\"name\":\"Diario1 Diario1\",\"image\":{\"@type\":\"ImageObject\",\"inLanguage\":\"es\",\"@id\":\"https:\\\/\\\/secure.gravatar.com\\\/avatar\\\/9167d280179c85bc18be67aa7eda765854300033af4896dd779b608640f2ef7a?s=96&d=mm&r=g\",\"url\":\"https:\\\/\\\/secure.gravatar.com\\\/avatar\\\/9167d280179c85bc18be67aa7eda765854300033af4896dd779b608640f2ef7a?s=96&d=mm&r=g\",\"contentUrl\":\"https:\\\/\\\/secure.gravatar.com\\\/avatar\\\/9167d280179c85bc18be67aa7eda765854300033af4896dd779b608640f2ef7a?s=96&d=mm&r=g\",\"caption\":\"Diario1 Diario1\"},\"url\":\"https:\\\/\\\/diariotextual.com\\\/inicio\\\/index.php\\\/author\\\/diario1\\\/\"}]}<\/script>\n<!-- \/ Yoast SEO plugin. -->","yoast_head_json":{"title":"Milei confirm\u00f3 a Horacio Mar\u00edn en YPF y a un alfil de Schiaretti en la Anses - Diario Textual","robots":{"index":"index","follow":"follow","max-snippet":"max-snippet:-1","max-image-preview":"max-image-preview:large","max-video-preview":"max-video-preview:-1"},"canonical":"https:\/\/diariotextual.com\/inicio\/index.php\/2023\/11\/24\/milei-confirmo-a-horacio-marin-en-ypf-y-a-un-alfil-de-schiaretti-en-la-anses\/","og_locale":"es_ES","og_type":"article","og_title":"Milei confirm\u00f3 a Horacio Mar\u00edn en YPF y a un alfil de Schiaretti en la Anses - Diario Textual","og_description":"A cinco d\u00edas de ganar las elecciones frente al oficialista Sergio Massa, el presidente electo de La Libertad Avanza (LLA),\u00a0Javier Milei, confirm\u00f3 este viernes dos nuevos nombres de su futuro&hellip;","og_url":"https:\/\/diariotextual.com\/inicio\/index.php\/2023\/11\/24\/milei-confirmo-a-horacio-marin-en-ypf-y-a-un-alfil-de-schiaretti-en-la-anses\/","og_site_name":"Diario Textual","article_publisher":"https:\/\/www.facebook.com\/eltextual","article_published_time":"2023-11-24T14:29:48+00:00","article_modified_time":"2023-11-24T17:45:03+00:00","og_image":[{"width":1200,"height":675,"url":"https:\/\/diariotextual.com\/inicio\/wp-content\/uploads\/2023\/11\/mileijaviertelam2023-23044.jpg","type":"image\/jpeg"}],"author":"Diario1 Diario1","twitter_card":"summary_large_image","twitter_creator":"@eltextual","twitter_site":"@eltextual","twitter_misc":{"Escrito por":"Diario1 Diario1","Tiempo de lectura":"2 minutos"},"schema":{"@context":"https:\/\/schema.org","@graph":[{"@type":"Article","@id":"https:\/\/diariotextual.com\/inicio\/index.php\/2023\/11\/24\/milei-confirmo-a-horacio-marin-en-ypf-y-a-un-alfil-de-schiaretti-en-la-anses\/#article","isPartOf":{"@id":"https:\/\/diariotextual.com\/inicio\/index.php\/2023\/11\/24\/milei-confirmo-a-horacio-marin-en-ypf-y-a-un-alfil-de-schiaretti-en-la-anses\/"},"author":{"name":"Diario1 Diario1","@id":"https:\/\/diariotextual.com\/inicio\/#\/schema\/person\/418fc4093c33e86ed41562db3508f958"},"headline":"Milei confirm\u00f3 a Horacio Mar\u00edn en YPF y a un alfil de Schiaretti en la Anses","datePublished":"2023-11-24T14:29:48+00:00","dateModified":"2023-11-24T17:45:03+00:00","mainEntityOfPage":{"@id":"https:\/\/diariotextual.com\/inicio\/index.php\/2023\/11\/24\/milei-confirmo-a-horacio-marin-en-ypf-y-a-un-alfil-de-schiaretti-en-la-anses\/"},"wordCount":273,"publisher":{"@id":"https:\/\/diariotextual.com\/inicio\/#organization"},"image":{"@id":"https:\/\/diariotextual.com\/inicio\/index.php\/2023\/11\/24\/milei-confirmo-a-horacio-marin-en-ypf-y-a-un-alfil-de-schiaretti-en-la-anses\/#primaryimage"},"thumbnailUrl":"https:\/\/diariotextual.com\/inicio\/wp-content\/uploads\/2023\/11\/mileijaviertelam2023-23044.jpg","articleSection":["A - ES NOTICIA (van abajo)","POLITICA"],"inLanguage":"es"},{"@type":"WebPage","@id":"https:\/\/diariotextual.com\/inicio\/index.php\/2023\/11\/24\/milei-confirmo-a-horacio-marin-en-ypf-y-a-un-alfil-de-schiaretti-en-la-anses\/","url":"https:\/\/diariotextual.com\/inicio\/index.php\/2023\/11\/24\/milei-confirmo-a-horacio-marin-en-ypf-y-a-un-alfil-de-schiaretti-en-la-anses\/","name":"Milei confirm\u00f3 a Horacio Mar\u00edn en YPF y a un alfil de Schiaretti en la Anses - Diario Textual","isPartOf":{"@id":"https:\/\/diariotextual.com\/inicio\/#website"},"primaryImageOfPage":{"@id":"https:\/\/diariotextual.com\/inicio\/index.php\/2023\/11\/24\/milei-confirmo-a-horacio-marin-en-ypf-y-a-un-alfil-de-schiaretti-en-la-anses\/#primaryimage"},"image":{"@id":"https:\/\/diariotextual.com\/inicio\/index.php\/2023\/11\/24\/milei-confirmo-a-horacio-marin-en-ypf-y-a-un-alfil-de-schiaretti-en-la-anses\/#primaryimage"},"thumbnailUrl":"https:\/\/diariotextual.com\/inicio\/wp-content\/uploads\/2023\/11\/mileijaviertelam2023-23044.jpg","datePublished":"2023-11-24T14:29:48+00:00","dateModified":"2023-11-24T17:45:03+00:00","breadcrumb":{"@id":"https:\/\/diariotextual.com\/inicio\/index.php\/2023\/11\/24\/milei-confirmo-a-horacio-marin-en-ypf-y-a-un-alfil-de-schiaretti-en-la-anses\/#breadcrumb"},"inLanguage":"es","potentialAction":[{"@type":"ReadAction","target":["https:\/\/diariotextual.com\/inicio\/index.php\/2023\/11\/24\/milei-confirmo-a-horacio-marin-en-ypf-y-a-un-alfil-de-schiaretti-en-la-anses\/"]}]},{"@type":"ImageObject","inLanguage":"es","@id":"https:\/\/diariotextual.com\/inicio\/index.php\/2023\/11\/24\/milei-confirmo-a-horacio-marin-en-ypf-y-a-un-alfil-de-schiaretti-en-la-anses\/#primaryimage","url":"https:\/\/diariotextual.com\/inicio\/wp-content\/uploads\/2023\/11\/mileijaviertelam2023-23044.jpg","contentUrl":"https:\/\/diariotextual.com\/inicio\/wp-content\/uploads\/2023\/11\/mileijaviertelam2023-23044.jpg","width":1200,"height":675},{"@type":"BreadcrumbList","@id":"https:\/\/diariotextual.com\/inicio\/index.php\/2023\/11\/24\/milei-confirmo-a-horacio-marin-en-ypf-y-a-un-alfil-de-schiaretti-en-la-anses\/#breadcrumb","itemListElement":[{"@type":"ListItem","position":1,"name":"Portada","item":"https:\/\/diariotextual.com\/inicio\/"},{"@type":"ListItem","position":2,"name":"Milei confirm\u00f3 a Horacio Mar\u00edn en YPF y a un alfil de Schiaretti en la Anses"}]},{"@type":"WebSite","@id":"https:\/\/diariotextual.com\/inicio\/#website","url":"https:\/\/diariotextual.com\/inicio\/","name":"Diario Textual","description":"","publisher":{"@id":"https:\/\/diariotextual.com\/inicio\/#organization"},"potentialAction":[{"@type":"SearchAction","target":{"@type":"EntryPoint","urlTemplate":"https:\/\/diariotextual.com\/inicio\/?s={search_term_string}"},"query-input":{"@type":"PropertyValueSpecification","valueRequired":true,"valueName":"search_term_string"}}],"inLanguage":"es"},{"@type":"Organization","@id":"https:\/\/diariotextual.com\/inicio\/#organization","name":"Diario Textual","url":"https:\/\/diariotextual.com\/inicio\/","logo":{"@type":"ImageObject","inLanguage":"es","@id":"https:\/\/diariotextual.com\/inicio\/#\/schema\/logo\/image\/","url":"https:\/\/diariotextual.com\/inicio\/wp-content\/uploads\/2023\/05\/logotextual1.jpg","contentUrl":"https:\/\/diariotextual.com\/inicio\/wp-content\/uploads\/2023\/05\/logotextual1.jpg","width":516,"height":76,"caption":"Diario Textual"},"image":{"@id":"https:\/\/diariotextual.com\/inicio\/#\/schema\/logo\/image\/"},"sameAs":["https:\/\/www.facebook.com\/eltextual","https:\/\/x.com\/eltextual","http:\/\/www.instagram.com\/eltextual"]},{"@type":"Person","@id":"https:\/\/diariotextual.com\/inicio\/#\/schema\/person\/418fc4093c33e86ed41562db3508f958","name":"Diario1 Diario1","image":{"@type":"ImageObject","inLanguage":"es","@id":"https:\/\/secure.gravatar.com\/avatar\/9167d280179c85bc18be67aa7eda765854300033af4896dd779b608640f2ef7a?s=96&d=mm&r=g","url":"https:\/\/secure.gravatar.com\/avatar\/9167d280179c85bc18be67aa7eda765854300033af4896dd779b608640f2ef7a?s=96&d=mm&r=g","contentUrl":"https:\/\/secure.gravatar.com\/avatar\/9167d280179c85bc18be67aa7eda765854300033af4896dd779b608640f2ef7a?s=96&d=mm&r=g","caption":"Diario1 Diario1"},"url":"https:\/\/diariotextual.com\/inicio\/index.php\/author\/diario1\/"}]}},"_links":{"self":[{"href":"https:\/\/diariotextual.com\/inicio\/index.php\/wp-json\/wp\/v2\/posts\/245660","targetHints":{"allow":["GET"]}}],"collection":[{"href":"https:\/\/diariotextual.com\/inicio\/index.php\/wp-json\/wp\/v2\/posts"}],"about":[{"href":"https:\/\/diariotextual.com\/inicio\/index.php\/wp-json\/wp\/v2\/types\/post"}],"author":[{"embeddable":true,"href":"https:\/\/diariotextual.com\/inicio\/index.php\/wp-json\/wp\/v2\/users\/3"}],"replies":[{"embeddable":true,"href":"https:\/\/diariotextual.com\/inicio\/index.php\/wp-json\/wp\/v2\/comments?post=245660"}],"version-history":[{"count":3,"href":"https:\/\/diariotextual.com\/inicio\/index.php\/wp-json\/wp\/v2\/posts\/245660\/revisions"}],"predecessor-version":[{"id":245663,"href":"https:\/\/diariotextual.com\/inicio\/index.php\/wp-json\/wp\/v2\/posts\/245660\/revisions\/245663"}],"wp:featuredmedia":[{"embeddable":true,"href":"https:\/\/diariotextual.com\/inicio\/index.php\/wp-json\/wp\/v2\/media\/244736"}],"wp:attachment":[{"href":"https:\/\/diariotextual.com\/inicio\/index.php\/wp-json\/wp\/v2\/media?parent=245660"}],"wp:term":[{"taxonomy":"category","embeddable":true,"href":"https:\/\/diariotextual.com\/inicio\/index.php\/wp-json\/wp\/v2\/categories?post=245660"},{"taxonomy":"post_tag","embeddable":true,"href":"https:\/\/diariotextual.com\/inicio\/index.php\/wp-json\/wp\/v2\/tags?post=245660"}],"curies":[{"name":"wp","href":"https:\/\/api.w.org\/{rel}","templated":true}]}}