{"id":245735,"date":"2023-11-25T18:44:17","date_gmt":"2023-11-25T21:44:17","guid":{"rendered":"https:\/\/diariotextual.com\/inicio\/?p=245735"},"modified":"2023-11-25T23:24:16","modified_gmt":"2023-11-26T02:24:16","slug":"el-peronismo-entre-la-autocritica-por-la-derrota-y-el-rearmado-para-la-nueva-etapa","status":"publish","type":"post","link":"https:\/\/diariotextual.com\/inicio\/index.php\/2023\/11\/25\/el-peronismo-entre-la-autocritica-por-la-derrota-y-el-rearmado-para-la-nueva-etapa\/","title":{"rendered":"El peronismo, entre la autocr\u00edtica por la derrota y el rearmado para la nueva etapa"},"content":{"rendered":"\n<h2 class=\"wp-block-heading\">Por Nicol\u00e1s Poggi (T\u00e9lam)<\/h2>\n\n\n\n<div style=\"height:100px\" aria-hidden=\"true\" class=\"wp-block-spacer\"><\/div>\n\n\n\n<p>Los distintos sectores del peronismo se debaten por estos d\u00edas entre la asimilaci\u00f3n del resultado electoral, que los dej\u00f3 en estado de shock; el llamado a una autocr\u00edtica colectiva que hiciera el presidente Alberto Fern\u00e1ndez; y la necesidad de trazar una nueva estrategia de reagrupamiento en los distritos donde retuvo el poder, especialmente en la provincia de Buenos Aires.<\/p>\n\n\n\n<p>A\u00fan sin certezas sobre los pr\u00f3ximos pasos que dar\u00e1 en pol\u00edtica Sergio Massa tras el rev\u00e9s en el balotaje, las distintas corrientes del peronismo -entre las que se cuentan intendentes del conurbano, gobernadores, sindicatos y movimientos sociales- dieron inicio a un reordenamiento destinado a definir nuevos liderazgos para un ciclo pol\u00edtico que, presumen, ser\u00e1 complejo y delicado.<\/p>\n\n\n\n<p>Afincado en las provincias de Buenos Aires, La Pampa, La Rioja, Catamarca, Tucum\u00e1n, Salta y Formosa, m\u00e1s las aliadas Tierra del Fuego, Misiones y Santiago del Estero, los sectores que integraron el Frente de Todos (FdT), primero, y Uni\u00f3n por la Patria (UxP), despu\u00e9s, se preparan para ejercer el rol de oposici\u00f3n al Gobierno del libertario Javier Milei.<\/p>\n\n\n\n<p>Ese reagrupamiento reviste especial inter\u00e9s en territorio bonaerense, donde el gobernador Axel Kicillof logr\u00f3 la reelecci\u00f3n con el 44,8% de los votos, un resultado que lo posiciona como uno de los posibles referentes de una hipot\u00e9tica reorganizaci\u00f3n peronista en la pr\u00f3xima etapa.<\/p>\n\n\n\n<p>El propio Kicillof, no obstante, hab\u00eda pedido a la militancia entonar \u201ccanciones nuevas\u201d durante la campa\u00f1a, para conectar con las nuevas demandas sociales y luego interpelarlas en las urnas, en lo que fue un llamado a actualizar las consignas, las propuestas y la liturgia; en definitiva, una renovaci\u00f3n.<\/p>\n\n\n\n<p>Y, a la luz del resultado del balotaje, ese diagn\u00f3stico encontr\u00f3 eco y una mayor disposici\u00f3n para la escucha.<\/p>\n\n\n\n<p>A esa b\u00fasqueda de nuevas referencias se suma adem\u00e1s el llamado a hacer una autocr\u00edtica de todos los sectores que realiz\u00f3 esta semana el propio Alberto Fern\u00e1ndez, quien propuso iniciar una fase de \u201creflexi\u00f3n\u201d y \u201creplantarse cosas\u201d porque el Gobierno del FdT, dijo, \u201cno pudo sintetizar con mucha gente del pueblo\u201d.<\/p>\n\n\n\n<p>Como uno de los primeros voceros de esta nueva etapa, el intendente del partido bonaerense de Ensenada, Mario Secco, le puso palabras a la proyecci\u00f3n de Kicillof: \u201cNo tengo dudas que Axel puede liderar la oposici\u00f3n. Es una gran alternativa\u201d, evalu\u00f3 el jefe comunal y dirigente del Frente Grande. \u201cEl peronismo se va a reorganizar detr\u00e1s de la \u00fanica propuesta fuerte que qued\u00f3 en la provincia de Buenos Aires\u201d.<\/p>\n\n\n\n<p>Reelecto en su pago chico, Secco se\u00f1al\u00f3 que si le preguntaran c\u00f3mo seguir, su apuesta ser\u00eda \u201cbancando al gobernador (de la provincia de Buenos Aires, que supone el 37% del padr\u00f3n nacional) y poni\u00e9ndonos al servicio de su gesti\u00f3n\u201d porque, insisti\u00f3, \u201cla reconstrucci\u00f3n pasa por Axel\u201d.<\/p>\n\n\n\n<p>Respecto del pedido de autocr\u00edtica, Secco aval\u00f3 su necesidad al advertir que \u201ctodos (los espacios del peronismo) fuimos responsables y nos comimos una patada en el traste de parte del pueblo argentino\u201d.<\/p>\n\n\n\n<p>\u201cNo llenamos el vaso y dejamos la heladera vac\u00eda porque los compa\u00f1eros no llegaban a fin de mes\u201d, reconoci\u00f3, y vaticin\u00f3 que a Milei \u201cle va a pasar lo mismo (perder elecciones) si no logra mejorarle la vida a la gente\u201d.<\/p>\n\n\n\n<p>Con el foco puesto en el car\u00e1cter in\u00e9dito de la pr\u00f3xima gesti\u00f3n, los gobernadores peronistas y de espacios aliados ya convocaron a una reuni\u00f3n el martes pr\u00f3ximo en la ciudad de Buenos Aires para definir una posici\u00f3n com\u00fan ante el Gobierno de Milei.<\/p>\n\n\n\n<p>La convocatoria reunir\u00eda no s\u00f3lo a los mandatarios peronistas sino tambi\u00e9n a aquellos que fueron electos por espacios aliados, como el rionegrino Alberto Weretilneck, de Juntos Somos R\u00edo Negro (JSRN), y el misionero Hugo Passalacqua, del Frente Renovador de la Concordia.<\/p>\n\n\n\n<p>Tras haber perdido este a\u00f1o las gobernaciones de San Juan, Entre R\u00edos, San Luis, Santa Fe, Santa Cruz y Chaco a manos de Juntos por el Cambio (JxC), el PJ y sus aliados quedaron al mando de nueve provincias: Tierra del Fuego (Gustavo Melella); La Pampa (Sergio Ziliotto); Buenos Aires (Axel Kicillof); Fomosa (Gildo Insfr\u00e1n); Salta (Gustavo S\u00e1enz); Catamarca (Ra\u00fal Jalil); La Rioja (Ricardo Quintela); Tucum\u00e1n (Osvaldo Jaldo) y Santiago del Estero (Gerardo Zamora).<\/p>\n\n\n\n<p>De ellos, el salte\u00f1o Sa\u00e9nz fue quien puso primera y la semana \u00faltima se reuni\u00f3 con dos representantes de la administraci\u00f3n entrante, Guillermo Francos y Nicol\u00e1s Posse -anunciados por Milei como sus futuros ministro del Interior y jefe de Gabinete, respectivamente-, ante quienes plante\u00f3 las \u201cinquietudes\u201d de las provincias en materia de federalismo.<\/p>\n\n\n\n<p>A los jefes provinciales les preocupa la decisi\u00f3n de Milei de recortar la coparticipaci\u00f3n federal y dar por terminada la obra p\u00fablica realizada desde el Estado nacional, anuncios que de concretarse afectar\u00e1n la conectividad y producir\u00e1n un deterioro en la calidad de vida de los distritos alejados de la regi\u00f3n centro.<\/p>\n\n\n\n<p>Sobre ese mismo punto tambi\u00e9n hab\u00edan advertido los gobernadores de JxC, quienes reclamaron a la pr\u00f3xima administraci\u00f3n \u201cser tomados en cuenta\u201d a la hora de decisiones que afecten la \u201cgobernabilidad\u201d y advirtieron, adem\u00e1s, que modificar la coparticipaci\u00f3n ser\u00eda imposible porque requerir\u00eda \u201cunanimidad\u201d de todos los distritos.<\/p>\n\n\n\n<p>Por el lado del sindicalismo, la CGT hizo su propio \u201cmeeting\u201d en la \u00faltima semana y alert\u00f3 sobre posibles \u00abmedidas\u00bb de fuerza en caso de que las primeras medidas de Milei afecten derechos de los trabajadores.<\/p>\n\n\n\n<p>La posible par\u00e1lisis de la obra p\u00fablica afecta directamente al gremio de la Uocra, uno de los m\u00e1s numerosos del pa\u00eds y que es conducido por Gerardo Mart\u00ednez, con quien Milei se hab\u00eda reunido durante la campa\u00f1a interesado en el modelo de seguro de desempleo que rige en ese sindicato, y que consiste en un fondo que aporta mensualmente el empleador y del cual el trabajador no puede hacer uso hasta el cese de la relaci\u00f3n laboral.<\/p>\n\n\n\n<p>El encuentro cegetista se hizo incluso en la sede de la Uocra, donde estuvieron los triunviros H\u00e9ctor Daer (Sanidad), Pablo Moyano (Camioneros) y Carlos Acu\u00f1a (trabajadores de estaciones de servicio), adem\u00e1s de Andr\u00e9s Rodr\u00edguez (UPCN), Jos\u00e9 Luis Lingeri (Obras Sanitarias) y el propio Mart\u00ednez.<\/p>\n\n\n\n<p>Daer alert\u00f3 sobre la p\u00e9rdida de empleos en ese sector si, tal como anunciara Milei, se paraliza la obra p\u00fablica. \u201cNo tengas dudas\u201d, respondi\u00f3 ante la consulta de si podr\u00edan llevarse a cabo despidos en la construcci\u00f3n, al que identific\u00f3 como \u201cmotor de desarrollo y de incorporaci\u00f3n a la formalidad\u201d.<\/p>\n\n\n\n<p>El presidente de la C\u00e1mara Argentina de la Construcci\u00f3n (Camarco), Gustavo Weiss, hab\u00eda se\u00f1alado en los \u00faltimos d\u00edas que ya se enviaron los primeros telegramas de despido en las empresas constructoras debido a los planes de Milei de paralizar la obra p\u00fablica.<\/p>\n\n\n\n<p><\/p>\n\n\n\n<p><\/p>\n\n\n\n<p><\/p>\n\n\n\n<p><\/p>\n\n\n\n<p><\/p>\n\n\n\n<p><\/p>\n","protected":false},"excerpt":{"rendered":"<p>Por Nicol\u00e1s Poggi (T\u00e9lam) Los distintos sectores del peronismo se debaten por estos d\u00edas entre la asimilaci\u00f3n del resultado electoral, que los dej\u00f3 en estado de shock; el llamado a&hellip;<\/p>\n","protected":false},"author":3,"featured_media":224715,"comment_status":"closed","ping_status":"open","sticky":false,"template":"","format":"standard","meta":{"_acf_changed":false,"footnotes":""},"categories":[1,8],"tags":[],"class_list":["post-245735","post","type-post","status-publish","format-standard","has-post-thumbnail","hentry","category-es-noticia","category-politica"],"acf":[],"yoast_head":"<!-- This site is optimized with the Yoast SEO plugin v27.5 - https:\/\/yoast.com\/product\/yoast-seo-wordpress\/ -->\n<title>El peronismo, entre la autocr\u00edtica por la derrota y el rearmado para la nueva etapa - Diario Textual<\/title>\n<meta name=\"robots\" content=\"index, follow, max-snippet:-1, max-image-preview:large, max-video-preview:-1\" \/>\n<link rel=\"canonical\" href=\"https:\/\/diariotextual.com\/inicio\/index.php\/2023\/11\/25\/el-peronismo-entre-la-autocritica-por-la-derrota-y-el-rearmado-para-la-nueva-etapa\/\" \/>\n<meta property=\"og:locale\" content=\"es_ES\" \/>\n<meta property=\"og:type\" content=\"article\" \/>\n<meta property=\"og:title\" content=\"El peronismo, entre la autocr\u00edtica por la derrota y el rearmado para la nueva etapa - Diario Textual\" \/>\n<meta property=\"og:description\" content=\"Por Nicol\u00e1s Poggi (T\u00e9lam) Los distintos sectores del peronismo se debaten por estos d\u00edas entre la asimilaci\u00f3n del resultado electoral, que los dej\u00f3 en estado de shock; el llamado a&hellip;\" \/>\n<meta property=\"og:url\" content=\"https:\/\/diariotextual.com\/inicio\/index.php\/2023\/11\/25\/el-peronismo-entre-la-autocritica-por-la-derrota-y-el-rearmado-para-la-nueva-etapa\/\" \/>\n<meta property=\"og:site_name\" content=\"Diario Textual\" \/>\n<meta property=\"article:publisher\" content=\"https:\/\/www.facebook.com\/eltextual\" \/>\n<meta property=\"article:published_time\" content=\"2023-11-25T21:44:17+00:00\" \/>\n<meta property=\"article:modified_time\" content=\"2023-11-26T02:24:16+00:00\" \/>\n<meta property=\"og:image\" content=\"https:\/\/diariotextual.com\/inicio\/wp-content\/uploads\/2023\/05\/massakicillofamerica.jpg\" \/>\n\t<meta property=\"og:image:width\" content=\"700\" \/>\n\t<meta property=\"og:image:height\" content=\"466\" \/>\n\t<meta property=\"og:image:type\" content=\"image\/jpeg\" \/>\n<meta name=\"author\" content=\"Diario1 Diario1\" \/>\n<meta name=\"twitter:card\" content=\"summary_large_image\" \/>\n<meta name=\"twitter:creator\" content=\"@eltextual\" \/>\n<meta name=\"twitter:site\" content=\"@eltextual\" \/>\n<meta name=\"twitter:label1\" content=\"Escrito por\" \/>\n\t<meta name=\"twitter:data1\" content=\"Diario1 Diario1\" \/>\n\t<meta name=\"twitter:label2\" content=\"Tiempo de lectura\" \/>\n\t<meta name=\"twitter:data2\" content=\"5 minutos\" \/>\n<script type=\"application\/ld+json\" class=\"yoast-schema-graph\">{\"@context\":\"https:\\\/\\\/schema.org\",\"@graph\":[{\"@type\":\"Article\",\"@id\":\"https:\\\/\\\/diariotextual.com\\\/inicio\\\/index.php\\\/2023\\\/11\\\/25\\\/el-peronismo-entre-la-autocritica-por-la-derrota-y-el-rearmado-para-la-nueva-etapa\\\/#article\",\"isPartOf\":{\"@id\":\"https:\\\/\\\/diariotextual.com\\\/inicio\\\/index.php\\\/2023\\\/11\\\/25\\\/el-peronismo-entre-la-autocritica-por-la-derrota-y-el-rearmado-para-la-nueva-etapa\\\/\"},\"author\":{\"name\":\"Diario1 Diario1\",\"@id\":\"https:\\\/\\\/diariotextual.com\\\/inicio\\\/#\\\/schema\\\/person\\\/418fc4093c33e86ed41562db3508f958\"},\"headline\":\"El peronismo, entre la autocr\u00edtica por la derrota y el rearmado para la nueva etapa\",\"datePublished\":\"2023-11-25T21:44:17+00:00\",\"dateModified\":\"2023-11-26T02:24:16+00:00\",\"mainEntityOfPage\":{\"@id\":\"https:\\\/\\\/diariotextual.com\\\/inicio\\\/index.php\\\/2023\\\/11\\\/25\\\/el-peronismo-entre-la-autocritica-por-la-derrota-y-el-rearmado-para-la-nueva-etapa\\\/\"},\"wordCount\":1202,\"publisher\":{\"@id\":\"https:\\\/\\\/diariotextual.com\\\/inicio\\\/#organization\"},\"image\":{\"@id\":\"https:\\\/\\\/diariotextual.com\\\/inicio\\\/index.php\\\/2023\\\/11\\\/25\\\/el-peronismo-entre-la-autocritica-por-la-derrota-y-el-rearmado-para-la-nueva-etapa\\\/#primaryimage\"},\"thumbnailUrl\":\"https:\\\/\\\/diariotextual.com\\\/inicio\\\/wp-content\\\/uploads\\\/2023\\\/05\\\/massakicillofamerica.jpg\",\"articleSection\":[\"A - ES NOTICIA (van abajo)\",\"POLITICA\"],\"inLanguage\":\"es\"},{\"@type\":\"WebPage\",\"@id\":\"https:\\\/\\\/diariotextual.com\\\/inicio\\\/index.php\\\/2023\\\/11\\\/25\\\/el-peronismo-entre-la-autocritica-por-la-derrota-y-el-rearmado-para-la-nueva-etapa\\\/\",\"url\":\"https:\\\/\\\/diariotextual.com\\\/inicio\\\/index.php\\\/2023\\\/11\\\/25\\\/el-peronismo-entre-la-autocritica-por-la-derrota-y-el-rearmado-para-la-nueva-etapa\\\/\",\"name\":\"El peronismo, entre la autocr\u00edtica por la derrota y el rearmado para la nueva etapa - Diario Textual\",\"isPartOf\":{\"@id\":\"https:\\\/\\\/diariotextual.com\\\/inicio\\\/#website\"},\"primaryImageOfPage\":{\"@id\":\"https:\\\/\\\/diariotextual.com\\\/inicio\\\/index.php\\\/2023\\\/11\\\/25\\\/el-peronismo-entre-la-autocritica-por-la-derrota-y-el-rearmado-para-la-nueva-etapa\\\/#primaryimage\"},\"image\":{\"@id\":\"https:\\\/\\\/diariotextual.com\\\/inicio\\\/index.php\\\/2023\\\/11\\\/25\\\/el-peronismo-entre-la-autocritica-por-la-derrota-y-el-rearmado-para-la-nueva-etapa\\\/#primaryimage\"},\"thumbnailUrl\":\"https:\\\/\\\/diariotextual.com\\\/inicio\\\/wp-content\\\/uploads\\\/2023\\\/05\\\/massakicillofamerica.jpg\",\"datePublished\":\"2023-11-25T21:44:17+00:00\",\"dateModified\":\"2023-11-26T02:24:16+00:00\",\"breadcrumb\":{\"@id\":\"https:\\\/\\\/diariotextual.com\\\/inicio\\\/index.php\\\/2023\\\/11\\\/25\\\/el-peronismo-entre-la-autocritica-por-la-derrota-y-el-rearmado-para-la-nueva-etapa\\\/#breadcrumb\"},\"inLanguage\":\"es\",\"potentialAction\":[{\"@type\":\"ReadAction\",\"target\":[\"https:\\\/\\\/diariotextual.com\\\/inicio\\\/index.php\\\/2023\\\/11\\\/25\\\/el-peronismo-entre-la-autocritica-por-la-derrota-y-el-rearmado-para-la-nueva-etapa\\\/\"]}]},{\"@type\":\"ImageObject\",\"inLanguage\":\"es\",\"@id\":\"https:\\\/\\\/diariotextual.com\\\/inicio\\\/index.php\\\/2023\\\/11\\\/25\\\/el-peronismo-entre-la-autocritica-por-la-derrota-y-el-rearmado-para-la-nueva-etapa\\\/#primaryimage\",\"url\":\"https:\\\/\\\/diariotextual.com\\\/inicio\\\/wp-content\\\/uploads\\\/2023\\\/05\\\/massakicillofamerica.jpg\",\"contentUrl\":\"https:\\\/\\\/diariotextual.com\\\/inicio\\\/wp-content\\\/uploads\\\/2023\\\/05\\\/massakicillofamerica.jpg\",\"width\":700,\"height\":466},{\"@type\":\"BreadcrumbList\",\"@id\":\"https:\\\/\\\/diariotextual.com\\\/inicio\\\/index.php\\\/2023\\\/11\\\/25\\\/el-peronismo-entre-la-autocritica-por-la-derrota-y-el-rearmado-para-la-nueva-etapa\\\/#breadcrumb\",\"itemListElement\":[{\"@type\":\"ListItem\",\"position\":1,\"name\":\"Portada\",\"item\":\"https:\\\/\\\/diariotextual.com\\\/inicio\\\/\"},{\"@type\":\"ListItem\",\"position\":2,\"name\":\"El peronismo, entre la autocr\u00edtica por la derrota y el rearmado para la nueva etapa\"}]},{\"@type\":\"WebSite\",\"@id\":\"https:\\\/\\\/diariotextual.com\\\/inicio\\\/#website\",\"url\":\"https:\\\/\\\/diariotextual.com\\\/inicio\\\/\",\"name\":\"Diario Textual\",\"description\":\"\",\"publisher\":{\"@id\":\"https:\\\/\\\/diariotextual.com\\\/inicio\\\/#organization\"},\"potentialAction\":[{\"@type\":\"SearchAction\",\"target\":{\"@type\":\"EntryPoint\",\"urlTemplate\":\"https:\\\/\\\/diariotextual.com\\\/inicio\\\/?s={search_term_string}\"},\"query-input\":{\"@type\":\"PropertyValueSpecification\",\"valueRequired\":true,\"valueName\":\"search_term_string\"}}],\"inLanguage\":\"es\"},{\"@type\":\"Organization\",\"@id\":\"https:\\\/\\\/diariotextual.com\\\/inicio\\\/#organization\",\"name\":\"Diario Textual\",\"url\":\"https:\\\/\\\/diariotextual.com\\\/inicio\\\/\",\"logo\":{\"@type\":\"ImageObject\",\"inLanguage\":\"es\",\"@id\":\"https:\\\/\\\/diariotextual.com\\\/inicio\\\/#\\\/schema\\\/logo\\\/image\\\/\",\"url\":\"https:\\\/\\\/diariotextual.com\\\/inicio\\\/wp-content\\\/uploads\\\/2023\\\/05\\\/logotextual1.jpg\",\"contentUrl\":\"https:\\\/\\\/diariotextual.com\\\/inicio\\\/wp-content\\\/uploads\\\/2023\\\/05\\\/logotextual1.jpg\",\"width\":516,\"height\":76,\"caption\":\"Diario Textual\"},\"image\":{\"@id\":\"https:\\\/\\\/diariotextual.com\\\/inicio\\\/#\\\/schema\\\/logo\\\/image\\\/\"},\"sameAs\":[\"https:\\\/\\\/www.facebook.com\\\/eltextual\",\"https:\\\/\\\/x.com\\\/eltextual\",\"http:\\\/\\\/www.instagram.com\\\/eltextual\"]},{\"@type\":\"Person\",\"@id\":\"https:\\\/\\\/diariotextual.com\\\/inicio\\\/#\\\/schema\\\/person\\\/418fc4093c33e86ed41562db3508f958\",\"name\":\"Diario1 Diario1\",\"image\":{\"@type\":\"ImageObject\",\"inLanguage\":\"es\",\"@id\":\"https:\\\/\\\/secure.gravatar.com\\\/avatar\\\/9167d280179c85bc18be67aa7eda765854300033af4896dd779b608640f2ef7a?s=96&d=mm&r=g\",\"url\":\"https:\\\/\\\/secure.gravatar.com\\\/avatar\\\/9167d280179c85bc18be67aa7eda765854300033af4896dd779b608640f2ef7a?s=96&d=mm&r=g\",\"contentUrl\":\"https:\\\/\\\/secure.gravatar.com\\\/avatar\\\/9167d280179c85bc18be67aa7eda765854300033af4896dd779b608640f2ef7a?s=96&d=mm&r=g\",\"caption\":\"Diario1 Diario1\"},\"url\":\"https:\\\/\\\/diariotextual.com\\\/inicio\\\/index.php\\\/author\\\/diario1\\\/\"}]}<\/script>\n<!-- \/ Yoast SEO plugin. -->","yoast_head_json":{"title":"El peronismo, entre la autocr\u00edtica por la derrota y el rearmado para la nueva etapa - Diario Textual","robots":{"index":"index","follow":"follow","max-snippet":"max-snippet:-1","max-image-preview":"max-image-preview:large","max-video-preview":"max-video-preview:-1"},"canonical":"https:\/\/diariotextual.com\/inicio\/index.php\/2023\/11\/25\/el-peronismo-entre-la-autocritica-por-la-derrota-y-el-rearmado-para-la-nueva-etapa\/","og_locale":"es_ES","og_type":"article","og_title":"El peronismo, entre la autocr\u00edtica por la derrota y el rearmado para la nueva etapa - Diario Textual","og_description":"Por Nicol\u00e1s Poggi (T\u00e9lam) Los distintos sectores del peronismo se debaten por estos d\u00edas entre la asimilaci\u00f3n del resultado electoral, que los dej\u00f3 en estado de shock; el llamado a&hellip;","og_url":"https:\/\/diariotextual.com\/inicio\/index.php\/2023\/11\/25\/el-peronismo-entre-la-autocritica-por-la-derrota-y-el-rearmado-para-la-nueva-etapa\/","og_site_name":"Diario Textual","article_publisher":"https:\/\/www.facebook.com\/eltextual","article_published_time":"2023-11-25T21:44:17+00:00","article_modified_time":"2023-11-26T02:24:16+00:00","og_image":[{"width":700,"height":466,"url":"https:\/\/diariotextual.com\/inicio\/wp-content\/uploads\/2023\/05\/massakicillofamerica.jpg","type":"image\/jpeg"}],"author":"Diario1 Diario1","twitter_card":"summary_large_image","twitter_creator":"@eltextual","twitter_site":"@eltextual","twitter_misc":{"Escrito por":"Diario1 Diario1","Tiempo de lectura":"5 minutos"},"schema":{"@context":"https:\/\/schema.org","@graph":[{"@type":"Article","@id":"https:\/\/diariotextual.com\/inicio\/index.php\/2023\/11\/25\/el-peronismo-entre-la-autocritica-por-la-derrota-y-el-rearmado-para-la-nueva-etapa\/#article","isPartOf":{"@id":"https:\/\/diariotextual.com\/inicio\/index.php\/2023\/11\/25\/el-peronismo-entre-la-autocritica-por-la-derrota-y-el-rearmado-para-la-nueva-etapa\/"},"author":{"name":"Diario1 Diario1","@id":"https:\/\/diariotextual.com\/inicio\/#\/schema\/person\/418fc4093c33e86ed41562db3508f958"},"headline":"El peronismo, entre la autocr\u00edtica por la derrota y el rearmado para la nueva etapa","datePublished":"2023-11-25T21:44:17+00:00","dateModified":"2023-11-26T02:24:16+00:00","mainEntityOfPage":{"@id":"https:\/\/diariotextual.com\/inicio\/index.php\/2023\/11\/25\/el-peronismo-entre-la-autocritica-por-la-derrota-y-el-rearmado-para-la-nueva-etapa\/"},"wordCount":1202,"publisher":{"@id":"https:\/\/diariotextual.com\/inicio\/#organization"},"image":{"@id":"https:\/\/diariotextual.com\/inicio\/index.php\/2023\/11\/25\/el-peronismo-entre-la-autocritica-por-la-derrota-y-el-rearmado-para-la-nueva-etapa\/#primaryimage"},"thumbnailUrl":"https:\/\/diariotextual.com\/inicio\/wp-content\/uploads\/2023\/05\/massakicillofamerica.jpg","articleSection":["A - ES NOTICIA (van abajo)","POLITICA"],"inLanguage":"es"},{"@type":"WebPage","@id":"https:\/\/diariotextual.com\/inicio\/index.php\/2023\/11\/25\/el-peronismo-entre-la-autocritica-por-la-derrota-y-el-rearmado-para-la-nueva-etapa\/","url":"https:\/\/diariotextual.com\/inicio\/index.php\/2023\/11\/25\/el-peronismo-entre-la-autocritica-por-la-derrota-y-el-rearmado-para-la-nueva-etapa\/","name":"El peronismo, entre la autocr\u00edtica por la derrota y el rearmado para la nueva etapa - Diario Textual","isPartOf":{"@id":"https:\/\/diariotextual.com\/inicio\/#website"},"primaryImageOfPage":{"@id":"https:\/\/diariotextual.com\/inicio\/index.php\/2023\/11\/25\/el-peronismo-entre-la-autocritica-por-la-derrota-y-el-rearmado-para-la-nueva-etapa\/#primaryimage"},"image":{"@id":"https:\/\/diariotextual.com\/inicio\/index.php\/2023\/11\/25\/el-peronismo-entre-la-autocritica-por-la-derrota-y-el-rearmado-para-la-nueva-etapa\/#primaryimage"},"thumbnailUrl":"https:\/\/diariotextual.com\/inicio\/wp-content\/uploads\/2023\/05\/massakicillofamerica.jpg","datePublished":"2023-11-25T21:44:17+00:00","dateModified":"2023-11-26T02:24:16+00:00","breadcrumb":{"@id":"https:\/\/diariotextual.com\/inicio\/index.php\/2023\/11\/25\/el-peronismo-entre-la-autocritica-por-la-derrota-y-el-rearmado-para-la-nueva-etapa\/#breadcrumb"},"inLanguage":"es","potentialAction":[{"@type":"ReadAction","target":["https:\/\/diariotextual.com\/inicio\/index.php\/2023\/11\/25\/el-peronismo-entre-la-autocritica-por-la-derrota-y-el-rearmado-para-la-nueva-etapa\/"]}]},{"@type":"ImageObject","inLanguage":"es","@id":"https:\/\/diariotextual.com\/inicio\/index.php\/2023\/11\/25\/el-peronismo-entre-la-autocritica-por-la-derrota-y-el-rearmado-para-la-nueva-etapa\/#primaryimage","url":"https:\/\/diariotextual.com\/inicio\/wp-content\/uploads\/2023\/05\/massakicillofamerica.jpg","contentUrl":"https:\/\/diariotextual.com\/inicio\/wp-content\/uploads\/2023\/05\/massakicillofamerica.jpg","width":700,"height":466},{"@type":"BreadcrumbList","@id":"https:\/\/diariotextual.com\/inicio\/index.php\/2023\/11\/25\/el-peronismo-entre-la-autocritica-por-la-derrota-y-el-rearmado-para-la-nueva-etapa\/#breadcrumb","itemListElement":[{"@type":"ListItem","position":1,"name":"Portada","item":"https:\/\/diariotextual.com\/inicio\/"},{"@type":"ListItem","position":2,"name":"El peronismo, entre la autocr\u00edtica por la derrota y el rearmado para la nueva etapa"}]},{"@type":"WebSite","@id":"https:\/\/diariotextual.com\/inicio\/#website","url":"https:\/\/diariotextual.com\/inicio\/","name":"Diario Textual","description":"","publisher":{"@id":"https:\/\/diariotextual.com\/inicio\/#organization"},"potentialAction":[{"@type":"SearchAction","target":{"@type":"EntryPoint","urlTemplate":"https:\/\/diariotextual.com\/inicio\/?s={search_term_string}"},"query-input":{"@type":"PropertyValueSpecification","valueRequired":true,"valueName":"search_term_string"}}],"inLanguage":"es"},{"@type":"Organization","@id":"https:\/\/diariotextual.com\/inicio\/#organization","name":"Diario Textual","url":"https:\/\/diariotextual.com\/inicio\/","logo":{"@type":"ImageObject","inLanguage":"es","@id":"https:\/\/diariotextual.com\/inicio\/#\/schema\/logo\/image\/","url":"https:\/\/diariotextual.com\/inicio\/wp-content\/uploads\/2023\/05\/logotextual1.jpg","contentUrl":"https:\/\/diariotextual.com\/inicio\/wp-content\/uploads\/2023\/05\/logotextual1.jpg","width":516,"height":76,"caption":"Diario Textual"},"image":{"@id":"https:\/\/diariotextual.com\/inicio\/#\/schema\/logo\/image\/"},"sameAs":["https:\/\/www.facebook.com\/eltextual","https:\/\/x.com\/eltextual","http:\/\/www.instagram.com\/eltextual"]},{"@type":"Person","@id":"https:\/\/diariotextual.com\/inicio\/#\/schema\/person\/418fc4093c33e86ed41562db3508f958","name":"Diario1 Diario1","image":{"@type":"ImageObject","inLanguage":"es","@id":"https:\/\/secure.gravatar.com\/avatar\/9167d280179c85bc18be67aa7eda765854300033af4896dd779b608640f2ef7a?s=96&d=mm&r=g","url":"https:\/\/secure.gravatar.com\/avatar\/9167d280179c85bc18be67aa7eda765854300033af4896dd779b608640f2ef7a?s=96&d=mm&r=g","contentUrl":"https:\/\/secure.gravatar.com\/avatar\/9167d280179c85bc18be67aa7eda765854300033af4896dd779b608640f2ef7a?s=96&d=mm&r=g","caption":"Diario1 Diario1"},"url":"https:\/\/diariotextual.com\/inicio\/index.php\/author\/diario1\/"}]}},"_links":{"self":[{"href":"https:\/\/diariotextual.com\/inicio\/index.php\/wp-json\/wp\/v2\/posts\/245735","targetHints":{"allow":["GET"]}}],"collection":[{"href":"https:\/\/diariotextual.com\/inicio\/index.php\/wp-json\/wp\/v2\/posts"}],"about":[{"href":"https:\/\/diariotextual.com\/inicio\/index.php\/wp-json\/wp\/v2\/types\/post"}],"author":[{"embeddable":true,"href":"https:\/\/diariotextual.com\/inicio\/index.php\/wp-json\/wp\/v2\/users\/3"}],"replies":[{"embeddable":true,"href":"https:\/\/diariotextual.com\/inicio\/index.php\/wp-json\/wp\/v2\/comments?post=245735"}],"version-history":[{"count":4,"href":"https:\/\/diariotextual.com\/inicio\/index.php\/wp-json\/wp\/v2\/posts\/245735\/revisions"}],"predecessor-version":[{"id":245740,"href":"https:\/\/diariotextual.com\/inicio\/index.php\/wp-json\/wp\/v2\/posts\/245735\/revisions\/245740"}],"wp:featuredmedia":[{"embeddable":true,"href":"https:\/\/diariotextual.com\/inicio\/index.php\/wp-json\/wp\/v2\/media\/224715"}],"wp:attachment":[{"href":"https:\/\/diariotextual.com\/inicio\/index.php\/wp-json\/wp\/v2\/media?parent=245735"}],"wp:term":[{"taxonomy":"category","embeddable":true,"href":"https:\/\/diariotextual.com\/inicio\/index.php\/wp-json\/wp\/v2\/categories?post=245735"},{"taxonomy":"post_tag","embeddable":true,"href":"https:\/\/diariotextual.com\/inicio\/index.php\/wp-json\/wp\/v2\/tags?post=245735"}],"curies":[{"name":"wp","href":"https:\/\/api.w.org\/{rel}","templated":true}]}}