{"id":245797,"date":"2023-11-27T07:18:22","date_gmt":"2023-11-27T10:18:22","guid":{"rendered":"https:\/\/diariotextual.com\/inicio\/?p=245797"},"modified":"2023-11-27T10:34:14","modified_gmt":"2023-11-27T13:34:14","slug":"gobernadores-peronistas-se-reunen-este-martes-en-el-cfi","status":"publish","type":"post","link":"https:\/\/diariotextual.com\/inicio\/index.php\/2023\/11\/27\/gobernadores-peronistas-se-reunen-este-martes-en-el-cfi\/","title":{"rendered":"Gobernadores peronistas se re\u00fanen este martes en el CFI"},"content":{"rendered":"\n<p>Este martes, en el\u00a0<strong>Consejo Federal de Inversiones (CFI)<\/strong>, los <strong>gobernadores peronistas<\/strong>, entre ellos el pampeano <strong>Sergio Ziliotto<\/strong>, se reunir\u00e1n para sentar una postura antes de que inicie el gobierno de\u00a0Javier Milei. <\/p>\n\n\n\n<p>La intenci\u00f3n es mostrarse como un\u00a0bloque de poder\u00a0con intenciones de brindar\u00a0gobernabilidad, pero tambi\u00e9n discutir los pormenores de la gesti\u00f3n.<\/p>\n\n\n\n<p>En la reuni\u00f3n que se llevar\u00e1 a cabo el martes, los gobernadores tienen pensando\u00a0discutir una postura com\u00fan sobre la decisi\u00f3n del presidente electo de <strong>frenar la obra p\u00fablica para reducir el d\u00e9ficit<\/strong>.\u00a0Los mandatarios temen un corte profundo de recursos y que eso termine generando un impacto directo en lo m\u00e1s b\u00e1sico de las gestiones provinciales, como es el pago de sueldos y el pago a proveedores del Estado.<\/p>\n\n\n\n<p>En paralelo, otro de los temas que estar\u00e1n en el encuentro del CFI es el pedido que los gobernadores del norte ya le hicieron a Alberto Fern\u00e1ndez para que, a trav\u00e9s de un DNU, incorpore a la masa coparticipable el 25% de la recaudaci\u00f3n del <strong>impuesto de d\u00e9bitos y cr\u00e9ditos bancarios<\/strong>, y el 35% de la recaudaci\u00f3n del <strong>impuesto Pa\u00eds<\/strong> para compensar fiscalmente a las provincias, como consecuencia de la merma de recursos que hubo por la decisi\u00f3n de Sergio Massa de eliminar, mayoritariamente, el impuesto a las ganancias.<\/p>\n\n\n\n<p>Los temas que estar\u00e1n en la agenda sirven para argumentar la reuni\u00f3n en la que dar\u00e1n un mensaje pol\u00edtico. El contenido del comunicado y la foto que saquen ser\u00e1 un gesto antes de que Milei abra su gesti\u00f3n el domingo 10 de diciembre. Se\u00f1ales del accionar futuro e inmediato. Anticipos de los movimientos t\u00e1cticos y de los reclamos que quieren mantener en alto.<\/p>\n\n\n\n<p>Actualmente los gobernadores peronistas y los que jugaron cerca del oficialismo durante la gesti\u00f3n del Frente de Todos son 19. La mayor\u00eda estar\u00e1 en el encuentro del martes. De ese total, ocho seguir\u00e1n en sus cargos y tres no estar\u00e1n, pero en la gobernaci\u00f3n seguir\u00e1 un representante de su fuerza pol\u00edtica. El resto perdi\u00f3 las elecciones y sus lugares ser\u00e1n ocupados por dirigentes de Juntos por el Cambio.<\/p>\n\n\n\n<p>Los que siguen en sus cargos son\u00a0<strong>Axel Kicillof\u00a0<\/strong>(Buenos Aires),\u00a0<strong>Ra\u00fal Jalil\u00a0<\/strong>(Catamarca),\u00a0<strong>Gustavo Melella<\/strong>\u00a0(Tierra del Fuego),<strong>\u00a0Gustavo Sa\u00e9nz\u00a0<\/strong>(Salta),\u00a0<strong>Gildo Insfr\u00e1n<\/strong>\u00a0(Formosa),<strong>\u00a0Gerardo Zamora<\/strong>\u00a0(Santiago del Estero ),\u00a0<strong>Sergio Ziliotto<\/strong>\u00a0(La Pampa) y\u00a0<strong>Ricardo Quintela<\/strong>\u00a0(La Rioja). De ese grupo, el mandatario salte\u00f1o es el que suele moverse m\u00e1s lejos y con autonom\u00eda.<\/p>\n\n\n\n<p>La rionegrina<strong>\u00a0Arabela Carreras<\/strong>\u00a0le deja su lugar a\u00a0<strong>Alberto Weretilneck<\/strong>, exgobernador y jefe pol\u00edtico de Juntos somos R\u00edo Negro. El tucumano\u00a0<strong>Juan Manzur<\/strong>\u00a0ya le entreg\u00f3 el mando a\u00a0<strong>Osvaldo Jaldo<\/strong>, quien fue su vicegobernador durante gran parte del mandato que se inici\u00f3 en el 2019 y gobern\u00f3 la provincia en el tiempo que Manzur estuvo al frente de la Jefatura de Gabinete. En tanto, el misionero\u00a0<strong>Oscar Herrera Aguad<\/strong>\u00a0le dejar\u00e1 su lugar al ex mandatario\u00a0<strong>Hugo Passalacqua.<\/strong><\/p>\n\n\n\n<p><strong>Alberto Rodr\u00edguez Sa\u00e1\u00a0<\/strong>(San Luis),<strong>\u00a0Jorge Capitanich\u00a0<\/strong>(Chaco),\u00a0<strong>Gustavo Bordet<\/strong>\u00a0(Entre R\u00edos),<strong>\u00a0Omar Guti\u00e9rrez<\/strong>\u00a0(Neuqu\u00e9n),\u00a0<strong>Mariano Arcioni\u00a0<\/strong>(Chubut),<strong>\u00a0Alicia Kirchner<\/strong>\u00a0(Santa Cruz),\u00a0<strong>Sergio U\u00f1ac<\/strong>\u00a0(San Juan) y\u00a0<strong>Omar Perotti<\/strong>\u00a0(Santa Fe), dejar\u00e1n sus lugares antes de fin de a\u00f1o, por lo que el bloque de gobernadores oficialistas &#8211; que en pocos d\u00edas saltar\u00e1 al bando opositor &#8211; sufrir\u00eda una importante reducci\u00f3n.<\/p>\n\n\n\n<p><\/p>\n","protected":false},"excerpt":{"rendered":"<p>Este martes, en el\u00a0Consejo Federal de Inversiones (CFI), los gobernadores peronistas, entre ellos el pampeano Sergio Ziliotto, se reunir\u00e1n para sentar una postura antes de que inicie el gobierno de\u00a0Javier&hellip;<\/p>\n","protected":false},"author":7,"featured_media":245798,"comment_status":"closed","ping_status":"open","sticky":false,"template":"","format":"standard","meta":{"_acf_changed":false,"footnotes":""},"categories":[1,8],"tags":[],"class_list":["post-245797","post","type-post","status-publish","format-standard","has-post-thumbnail","hentry","category-es-noticia","category-politica"],"acf":[],"yoast_head":"<!-- This site is optimized with the Yoast SEO plugin v27.5 - https:\/\/yoast.com\/product\/yoast-seo-wordpress\/ -->\n<title>Gobernadores peronistas se re\u00fanen este martes en el CFI - Diario Textual<\/title>\n<meta name=\"robots\" content=\"index, follow, max-snippet:-1, max-image-preview:large, max-video-preview:-1\" \/>\n<link rel=\"canonical\" href=\"https:\/\/diariotextual.com\/inicio\/index.php\/2023\/11\/27\/gobernadores-peronistas-se-reunen-este-martes-en-el-cfi\/\" \/>\n<meta property=\"og:locale\" content=\"es_ES\" \/>\n<meta property=\"og:type\" content=\"article\" \/>\n<meta property=\"og:title\" content=\"Gobernadores peronistas se re\u00fanen este martes en el CFI - Diario Textual\" \/>\n<meta property=\"og:description\" content=\"Este martes, en el\u00a0Consejo Federal de Inversiones (CFI), los gobernadores peronistas, entre ellos el pampeano Sergio Ziliotto, se reunir\u00e1n para sentar una postura antes de que inicie el gobierno de\u00a0Javier&hellip;\" \/>\n<meta property=\"og:url\" content=\"https:\/\/diariotextual.com\/inicio\/index.php\/2023\/11\/27\/gobernadores-peronistas-se-reunen-este-martes-en-el-cfi\/\" \/>\n<meta property=\"og:site_name\" content=\"Diario Textual\" \/>\n<meta property=\"article:publisher\" content=\"https:\/\/www.facebook.com\/eltextual\" \/>\n<meta property=\"article:published_time\" content=\"2023-11-27T10:18:22+00:00\" \/>\n<meta property=\"article:modified_time\" content=\"2023-11-27T13:34:14+00:00\" \/>\n<meta property=\"og:image\" content=\"https:\/\/diariotextual.com\/inicio\/wp-content\/uploads\/2023\/11\/gobernadoresreunioncfi20237854.jpg\" \/>\n\t<meta property=\"og:image:width\" content=\"738\" \/>\n\t<meta property=\"og:image:height\" content=\"413\" \/>\n\t<meta property=\"og:image:type\" content=\"image\/jpeg\" \/>\n<meta name=\"author\" content=\"diario5\" \/>\n<meta name=\"twitter:card\" content=\"summary_large_image\" \/>\n<meta name=\"twitter:creator\" content=\"@eltextual\" \/>\n<meta name=\"twitter:site\" content=\"@eltextual\" \/>\n<meta name=\"twitter:label1\" content=\"Escrito por\" \/>\n\t<meta name=\"twitter:data1\" content=\"diario5\" \/>\n\t<meta name=\"twitter:label2\" content=\"Tiempo de lectura\" \/>\n\t<meta name=\"twitter:data2\" content=\"3 minutos\" \/>\n<script type=\"application\/ld+json\" class=\"yoast-schema-graph\">{\"@context\":\"https:\\\/\\\/schema.org\",\"@graph\":[{\"@type\":\"Article\",\"@id\":\"https:\\\/\\\/diariotextual.com\\\/inicio\\\/index.php\\\/2023\\\/11\\\/27\\\/gobernadores-peronistas-se-reunen-este-martes-en-el-cfi\\\/#article\",\"isPartOf\":{\"@id\":\"https:\\\/\\\/diariotextual.com\\\/inicio\\\/index.php\\\/2023\\\/11\\\/27\\\/gobernadores-peronistas-se-reunen-este-martes-en-el-cfi\\\/\"},\"author\":{\"name\":\"diario5\",\"@id\":\"https:\\\/\\\/diariotextual.com\\\/inicio\\\/#\\\/schema\\\/person\\\/c7834961ad8b29b1d9cdbf4571299067\"},\"headline\":\"Gobernadores peronistas se re\u00fanen este martes en el CFI\",\"datePublished\":\"2023-11-27T10:18:22+00:00\",\"dateModified\":\"2023-11-27T13:34:14+00:00\",\"mainEntityOfPage\":{\"@id\":\"https:\\\/\\\/diariotextual.com\\\/inicio\\\/index.php\\\/2023\\\/11\\\/27\\\/gobernadores-peronistas-se-reunen-este-martes-en-el-cfi\\\/\"},\"wordCount\":598,\"publisher\":{\"@id\":\"https:\\\/\\\/diariotextual.com\\\/inicio\\\/#organization\"},\"image\":{\"@id\":\"https:\\\/\\\/diariotextual.com\\\/inicio\\\/index.php\\\/2023\\\/11\\\/27\\\/gobernadores-peronistas-se-reunen-este-martes-en-el-cfi\\\/#primaryimage\"},\"thumbnailUrl\":\"https:\\\/\\\/diariotextual.com\\\/inicio\\\/wp-content\\\/uploads\\\/2023\\\/11\\\/gobernadoresreunioncfi20237854.jpg\",\"articleSection\":[\"A - ES NOTICIA (van abajo)\",\"POLITICA\"],\"inLanguage\":\"es\"},{\"@type\":\"WebPage\",\"@id\":\"https:\\\/\\\/diariotextual.com\\\/inicio\\\/index.php\\\/2023\\\/11\\\/27\\\/gobernadores-peronistas-se-reunen-este-martes-en-el-cfi\\\/\",\"url\":\"https:\\\/\\\/diariotextual.com\\\/inicio\\\/index.php\\\/2023\\\/11\\\/27\\\/gobernadores-peronistas-se-reunen-este-martes-en-el-cfi\\\/\",\"name\":\"Gobernadores peronistas se re\u00fanen este martes en el CFI - Diario Textual\",\"isPartOf\":{\"@id\":\"https:\\\/\\\/diariotextual.com\\\/inicio\\\/#website\"},\"primaryImageOfPage\":{\"@id\":\"https:\\\/\\\/diariotextual.com\\\/inicio\\\/index.php\\\/2023\\\/11\\\/27\\\/gobernadores-peronistas-se-reunen-este-martes-en-el-cfi\\\/#primaryimage\"},\"image\":{\"@id\":\"https:\\\/\\\/diariotextual.com\\\/inicio\\\/index.php\\\/2023\\\/11\\\/27\\\/gobernadores-peronistas-se-reunen-este-martes-en-el-cfi\\\/#primaryimage\"},\"thumbnailUrl\":\"https:\\\/\\\/diariotextual.com\\\/inicio\\\/wp-content\\\/uploads\\\/2023\\\/11\\\/gobernadoresreunioncfi20237854.jpg\",\"datePublished\":\"2023-11-27T10:18:22+00:00\",\"dateModified\":\"2023-11-27T13:34:14+00:00\",\"breadcrumb\":{\"@id\":\"https:\\\/\\\/diariotextual.com\\\/inicio\\\/index.php\\\/2023\\\/11\\\/27\\\/gobernadores-peronistas-se-reunen-este-martes-en-el-cfi\\\/#breadcrumb\"},\"inLanguage\":\"es\",\"potentialAction\":[{\"@type\":\"ReadAction\",\"target\":[\"https:\\\/\\\/diariotextual.com\\\/inicio\\\/index.php\\\/2023\\\/11\\\/27\\\/gobernadores-peronistas-se-reunen-este-martes-en-el-cfi\\\/\"]}]},{\"@type\":\"ImageObject\",\"inLanguage\":\"es\",\"@id\":\"https:\\\/\\\/diariotextual.com\\\/inicio\\\/index.php\\\/2023\\\/11\\\/27\\\/gobernadores-peronistas-se-reunen-este-martes-en-el-cfi\\\/#primaryimage\",\"url\":\"https:\\\/\\\/diariotextual.com\\\/inicio\\\/wp-content\\\/uploads\\\/2023\\\/11\\\/gobernadoresreunioncfi20237854.jpg\",\"contentUrl\":\"https:\\\/\\\/diariotextual.com\\\/inicio\\\/wp-content\\\/uploads\\\/2023\\\/11\\\/gobernadoresreunioncfi20237854.jpg\",\"width\":738,\"height\":413},{\"@type\":\"BreadcrumbList\",\"@id\":\"https:\\\/\\\/diariotextual.com\\\/inicio\\\/index.php\\\/2023\\\/11\\\/27\\\/gobernadores-peronistas-se-reunen-este-martes-en-el-cfi\\\/#breadcrumb\",\"itemListElement\":[{\"@type\":\"ListItem\",\"position\":1,\"name\":\"Portada\",\"item\":\"https:\\\/\\\/diariotextual.com\\\/inicio\\\/\"},{\"@type\":\"ListItem\",\"position\":2,\"name\":\"Gobernadores peronistas se re\u00fanen este martes en el CFI\"}]},{\"@type\":\"WebSite\",\"@id\":\"https:\\\/\\\/diariotextual.com\\\/inicio\\\/#website\",\"url\":\"https:\\\/\\\/diariotextual.com\\\/inicio\\\/\",\"name\":\"Diario Textual\",\"description\":\"\",\"publisher\":{\"@id\":\"https:\\\/\\\/diariotextual.com\\\/inicio\\\/#organization\"},\"potentialAction\":[{\"@type\":\"SearchAction\",\"target\":{\"@type\":\"EntryPoint\",\"urlTemplate\":\"https:\\\/\\\/diariotextual.com\\\/inicio\\\/?s={search_term_string}\"},\"query-input\":{\"@type\":\"PropertyValueSpecification\",\"valueRequired\":true,\"valueName\":\"search_term_string\"}}],\"inLanguage\":\"es\"},{\"@type\":\"Organization\",\"@id\":\"https:\\\/\\\/diariotextual.com\\\/inicio\\\/#organization\",\"name\":\"Diario Textual\",\"url\":\"https:\\\/\\\/diariotextual.com\\\/inicio\\\/\",\"logo\":{\"@type\":\"ImageObject\",\"inLanguage\":\"es\",\"@id\":\"https:\\\/\\\/diariotextual.com\\\/inicio\\\/#\\\/schema\\\/logo\\\/image\\\/\",\"url\":\"https:\\\/\\\/diariotextual.com\\\/inicio\\\/wp-content\\\/uploads\\\/2023\\\/05\\\/logotextual1.jpg\",\"contentUrl\":\"https:\\\/\\\/diariotextual.com\\\/inicio\\\/wp-content\\\/uploads\\\/2023\\\/05\\\/logotextual1.jpg\",\"width\":516,\"height\":76,\"caption\":\"Diario Textual\"},\"image\":{\"@id\":\"https:\\\/\\\/diariotextual.com\\\/inicio\\\/#\\\/schema\\\/logo\\\/image\\\/\"},\"sameAs\":[\"https:\\\/\\\/www.facebook.com\\\/eltextual\",\"https:\\\/\\\/x.com\\\/eltextual\",\"http:\\\/\\\/www.instagram.com\\\/eltextual\"]},{\"@type\":\"Person\",\"@id\":\"https:\\\/\\\/diariotextual.com\\\/inicio\\\/#\\\/schema\\\/person\\\/c7834961ad8b29b1d9cdbf4571299067\",\"name\":\"diario5\",\"image\":{\"@type\":\"ImageObject\",\"inLanguage\":\"es\",\"@id\":\"https:\\\/\\\/secure.gravatar.com\\\/avatar\\\/948c893b847ca6df68216ead81b63f363408ec9b0f600fefc0641ce78613b111?s=96&d=mm&r=g\",\"url\":\"https:\\\/\\\/secure.gravatar.com\\\/avatar\\\/948c893b847ca6df68216ead81b63f363408ec9b0f600fefc0641ce78613b111?s=96&d=mm&r=g\",\"contentUrl\":\"https:\\\/\\\/secure.gravatar.com\\\/avatar\\\/948c893b847ca6df68216ead81b63f363408ec9b0f600fefc0641ce78613b111?s=96&d=mm&r=g\",\"caption\":\"diario5\"},\"url\":\"https:\\\/\\\/diariotextual.com\\\/inicio\\\/index.php\\\/author\\\/diario5\\\/\"}]}<\/script>\n<!-- \/ Yoast SEO plugin. -->","yoast_head_json":{"title":"Gobernadores peronistas se re\u00fanen este martes en el CFI - Diario Textual","robots":{"index":"index","follow":"follow","max-snippet":"max-snippet:-1","max-image-preview":"max-image-preview:large","max-video-preview":"max-video-preview:-1"},"canonical":"https:\/\/diariotextual.com\/inicio\/index.php\/2023\/11\/27\/gobernadores-peronistas-se-reunen-este-martes-en-el-cfi\/","og_locale":"es_ES","og_type":"article","og_title":"Gobernadores peronistas se re\u00fanen este martes en el CFI - Diario Textual","og_description":"Este martes, en el\u00a0Consejo Federal de Inversiones (CFI), los gobernadores peronistas, entre ellos el pampeano Sergio Ziliotto, se reunir\u00e1n para sentar una postura antes de que inicie el gobierno de\u00a0Javier&hellip;","og_url":"https:\/\/diariotextual.com\/inicio\/index.php\/2023\/11\/27\/gobernadores-peronistas-se-reunen-este-martes-en-el-cfi\/","og_site_name":"Diario Textual","article_publisher":"https:\/\/www.facebook.com\/eltextual","article_published_time":"2023-11-27T10:18:22+00:00","article_modified_time":"2023-11-27T13:34:14+00:00","og_image":[{"width":738,"height":413,"url":"https:\/\/diariotextual.com\/inicio\/wp-content\/uploads\/2023\/11\/gobernadoresreunioncfi20237854.jpg","type":"image\/jpeg"}],"author":"diario5","twitter_card":"summary_large_image","twitter_creator":"@eltextual","twitter_site":"@eltextual","twitter_misc":{"Escrito por":"diario5","Tiempo de lectura":"3 minutos"},"schema":{"@context":"https:\/\/schema.org","@graph":[{"@type":"Article","@id":"https:\/\/diariotextual.com\/inicio\/index.php\/2023\/11\/27\/gobernadores-peronistas-se-reunen-este-martes-en-el-cfi\/#article","isPartOf":{"@id":"https:\/\/diariotextual.com\/inicio\/index.php\/2023\/11\/27\/gobernadores-peronistas-se-reunen-este-martes-en-el-cfi\/"},"author":{"name":"diario5","@id":"https:\/\/diariotextual.com\/inicio\/#\/schema\/person\/c7834961ad8b29b1d9cdbf4571299067"},"headline":"Gobernadores peronistas se re\u00fanen este martes en el CFI","datePublished":"2023-11-27T10:18:22+00:00","dateModified":"2023-11-27T13:34:14+00:00","mainEntityOfPage":{"@id":"https:\/\/diariotextual.com\/inicio\/index.php\/2023\/11\/27\/gobernadores-peronistas-se-reunen-este-martes-en-el-cfi\/"},"wordCount":598,"publisher":{"@id":"https:\/\/diariotextual.com\/inicio\/#organization"},"image":{"@id":"https:\/\/diariotextual.com\/inicio\/index.php\/2023\/11\/27\/gobernadores-peronistas-se-reunen-este-martes-en-el-cfi\/#primaryimage"},"thumbnailUrl":"https:\/\/diariotextual.com\/inicio\/wp-content\/uploads\/2023\/11\/gobernadoresreunioncfi20237854.jpg","articleSection":["A - ES NOTICIA (van abajo)","POLITICA"],"inLanguage":"es"},{"@type":"WebPage","@id":"https:\/\/diariotextual.com\/inicio\/index.php\/2023\/11\/27\/gobernadores-peronistas-se-reunen-este-martes-en-el-cfi\/","url":"https:\/\/diariotextual.com\/inicio\/index.php\/2023\/11\/27\/gobernadores-peronistas-se-reunen-este-martes-en-el-cfi\/","name":"Gobernadores peronistas se re\u00fanen este martes en el CFI - Diario Textual","isPartOf":{"@id":"https:\/\/diariotextual.com\/inicio\/#website"},"primaryImageOfPage":{"@id":"https:\/\/diariotextual.com\/inicio\/index.php\/2023\/11\/27\/gobernadores-peronistas-se-reunen-este-martes-en-el-cfi\/#primaryimage"},"image":{"@id":"https:\/\/diariotextual.com\/inicio\/index.php\/2023\/11\/27\/gobernadores-peronistas-se-reunen-este-martes-en-el-cfi\/#primaryimage"},"thumbnailUrl":"https:\/\/diariotextual.com\/inicio\/wp-content\/uploads\/2023\/11\/gobernadoresreunioncfi20237854.jpg","datePublished":"2023-11-27T10:18:22+00:00","dateModified":"2023-11-27T13:34:14+00:00","breadcrumb":{"@id":"https:\/\/diariotextual.com\/inicio\/index.php\/2023\/11\/27\/gobernadores-peronistas-se-reunen-este-martes-en-el-cfi\/#breadcrumb"},"inLanguage":"es","potentialAction":[{"@type":"ReadAction","target":["https:\/\/diariotextual.com\/inicio\/index.php\/2023\/11\/27\/gobernadores-peronistas-se-reunen-este-martes-en-el-cfi\/"]}]},{"@type":"ImageObject","inLanguage":"es","@id":"https:\/\/diariotextual.com\/inicio\/index.php\/2023\/11\/27\/gobernadores-peronistas-se-reunen-este-martes-en-el-cfi\/#primaryimage","url":"https:\/\/diariotextual.com\/inicio\/wp-content\/uploads\/2023\/11\/gobernadoresreunioncfi20237854.jpg","contentUrl":"https:\/\/diariotextual.com\/inicio\/wp-content\/uploads\/2023\/11\/gobernadoresreunioncfi20237854.jpg","width":738,"height":413},{"@type":"BreadcrumbList","@id":"https:\/\/diariotextual.com\/inicio\/index.php\/2023\/11\/27\/gobernadores-peronistas-se-reunen-este-martes-en-el-cfi\/#breadcrumb","itemListElement":[{"@type":"ListItem","position":1,"name":"Portada","item":"https:\/\/diariotextual.com\/inicio\/"},{"@type":"ListItem","position":2,"name":"Gobernadores peronistas se re\u00fanen este martes en el CFI"}]},{"@type":"WebSite","@id":"https:\/\/diariotextual.com\/inicio\/#website","url":"https:\/\/diariotextual.com\/inicio\/","name":"Diario Textual","description":"","publisher":{"@id":"https:\/\/diariotextual.com\/inicio\/#organization"},"potentialAction":[{"@type":"SearchAction","target":{"@type":"EntryPoint","urlTemplate":"https:\/\/diariotextual.com\/inicio\/?s={search_term_string}"},"query-input":{"@type":"PropertyValueSpecification","valueRequired":true,"valueName":"search_term_string"}}],"inLanguage":"es"},{"@type":"Organization","@id":"https:\/\/diariotextual.com\/inicio\/#organization","name":"Diario Textual","url":"https:\/\/diariotextual.com\/inicio\/","logo":{"@type":"ImageObject","inLanguage":"es","@id":"https:\/\/diariotextual.com\/inicio\/#\/schema\/logo\/image\/","url":"https:\/\/diariotextual.com\/inicio\/wp-content\/uploads\/2023\/05\/logotextual1.jpg","contentUrl":"https:\/\/diariotextual.com\/inicio\/wp-content\/uploads\/2023\/05\/logotextual1.jpg","width":516,"height":76,"caption":"Diario Textual"},"image":{"@id":"https:\/\/diariotextual.com\/inicio\/#\/schema\/logo\/image\/"},"sameAs":["https:\/\/www.facebook.com\/eltextual","https:\/\/x.com\/eltextual","http:\/\/www.instagram.com\/eltextual"]},{"@type":"Person","@id":"https:\/\/diariotextual.com\/inicio\/#\/schema\/person\/c7834961ad8b29b1d9cdbf4571299067","name":"diario5","image":{"@type":"ImageObject","inLanguage":"es","@id":"https:\/\/secure.gravatar.com\/avatar\/948c893b847ca6df68216ead81b63f363408ec9b0f600fefc0641ce78613b111?s=96&d=mm&r=g","url":"https:\/\/secure.gravatar.com\/avatar\/948c893b847ca6df68216ead81b63f363408ec9b0f600fefc0641ce78613b111?s=96&d=mm&r=g","contentUrl":"https:\/\/secure.gravatar.com\/avatar\/948c893b847ca6df68216ead81b63f363408ec9b0f600fefc0641ce78613b111?s=96&d=mm&r=g","caption":"diario5"},"url":"https:\/\/diariotextual.com\/inicio\/index.php\/author\/diario5\/"}]}},"_links":{"self":[{"href":"https:\/\/diariotextual.com\/inicio\/index.php\/wp-json\/wp\/v2\/posts\/245797","targetHints":{"allow":["GET"]}}],"collection":[{"href":"https:\/\/diariotextual.com\/inicio\/index.php\/wp-json\/wp\/v2\/posts"}],"about":[{"href":"https:\/\/diariotextual.com\/inicio\/index.php\/wp-json\/wp\/v2\/types\/post"}],"author":[{"embeddable":true,"href":"https:\/\/diariotextual.com\/inicio\/index.php\/wp-json\/wp\/v2\/users\/7"}],"replies":[{"embeddable":true,"href":"https:\/\/diariotextual.com\/inicio\/index.php\/wp-json\/wp\/v2\/comments?post=245797"}],"version-history":[{"count":1,"href":"https:\/\/diariotextual.com\/inicio\/index.php\/wp-json\/wp\/v2\/posts\/245797\/revisions"}],"predecessor-version":[{"id":245799,"href":"https:\/\/diariotextual.com\/inicio\/index.php\/wp-json\/wp\/v2\/posts\/245797\/revisions\/245799"}],"wp:featuredmedia":[{"embeddable":true,"href":"https:\/\/diariotextual.com\/inicio\/index.php\/wp-json\/wp\/v2\/media\/245798"}],"wp:attachment":[{"href":"https:\/\/diariotextual.com\/inicio\/index.php\/wp-json\/wp\/v2\/media?parent=245797"}],"wp:term":[{"taxonomy":"category","embeddable":true,"href":"https:\/\/diariotextual.com\/inicio\/index.php\/wp-json\/wp\/v2\/categories?post=245797"},{"taxonomy":"post_tag","embeddable":true,"href":"https:\/\/diariotextual.com\/inicio\/index.php\/wp-json\/wp\/v2\/tags?post=245797"}],"curies":[{"name":"wp","href":"https:\/\/api.w.org\/{rel}","templated":true}]}}