{"id":245857,"date":"2023-11-27T19:13:00","date_gmt":"2023-11-27T22:13:00","guid":{"rendered":"https:\/\/diariotextual.com\/inicio\/?p=245857"},"modified":"2023-11-27T19:13:02","modified_gmt":"2023-11-27T22:13:02","slug":"ate-advirtio-sobre-fuertes-despidos-en-el-estado-y-llamo-a-iniciar-paros","status":"publish","type":"post","link":"https:\/\/diariotextual.com\/inicio\/index.php\/2023\/11\/27\/ate-advirtio-sobre-fuertes-despidos-en-el-estado-y-llamo-a-iniciar-paros\/","title":{"rendered":"ATE advirti\u00f3 sobre fuertes despidos en el Estado y llam\u00f3 a iniciar paros"},"content":{"rendered":"\n<p>El <strong>secretario general nacional de la Asociaci\u00f3n Trabajadores del Estado (ATE), Rodolfo Aguiar, advirti\u00f3 este lunes que \u00abhabr\u00e1 miles de despidos en la administraci\u00f3n p\u00fablica\u00bb a partir de la asunci\u00f3n del nuevo gobierno el 10 de diciembre pr\u00f3ximo<\/strong>, y decidi\u00f3 convocar al inicio de huelgas sectoriales, que comenzar\u00e1n en el Senasa y afectar\u00e1n a todas las exportaciones.<\/p>\n\n\n\n<p>\u201cLa<strong> primera medida de fuerza se convocar\u00e1 en el Servicio Nacional de Sanidad y Calidad Agroalimentaria (Senasa) por 72 horas y afectar\u00e1 las exportaciones. <\/strong>La paz social debe ser garantizada por los gobiernos con sus pol\u00edticas y no por los trabajadores\u201d, dijo Aguiar.<\/p>\n\n\n\n<p>Un documento del sindicato nacional confirm\u00f3 este lunes que a partir de \u00abdatos precisos\u00bb ofrecidos por quienes participan en las <strong>reuniones de transici\u00f3n que se realizan en varias \u00e1reas del Poder Ejecutivo destacaron que la informaci\u00f3n \u201crequerida por la gesti\u00f3n entrante se orienta a aplicar un fuerte recorte sobre la planta de personal en Ministerios y organismos<\/strong>, sobre el pilar de una<strong> base de datos de contratados e inestables<\/strong>\u201d, agreg\u00f3.<\/p>\n\n\n\n<p>Aguiar asegur\u00f3 que la verificaci\u00f3n de la informaci\u00f3n sobre despidos surgi\u00f3 luego de que la ATE mantuvo reuniones con trabajadores que participaron en encuentros de intercambio entre las gestiones saliente y entrante, y denunci\u00f3 que quienes representan en esa tarea al gobierno que asumir\u00e1 el 10 de diciembre pr\u00f3ximo realizan una <strong>\u201cb\u00fasqueda exhaustiva de los trabajadores que ingresaron el \u00faltimo a\u00f1o y de aquellos que no tienen estabilidad\u201d.<\/strong><\/p>\n\n\n\n<p><strong>\u201cNo les importa en ese caso su antig\u00fcedad. Se trata de m\u00e1s de 64 mil empleados que la actual gesti\u00f3n deja precarizados y desprotegidos, porque el actual Gobierno incumpli\u00f3 el Plan de Regularizaci\u00f3n del Empleo P\u00fablico que firm\u00f3 en la Casa Rosada en 2021<\/strong>. Ahora, otra vez la variable de ajuste ser\u00e1n los trabajadores. Hay que prepararse de forma urgente para enfrentar un per\u00edodo en el que se intentar\u00e1 quitar todos los derechos\u201d, afirm\u00f3.<\/p>\n\n\n\n<p>\u201c<strong>Esa ser\u00eda la base para producir de forma inmediata despidos masivos en la administraci\u00f3n p\u00fablica<\/strong>\u201d, sostuvo el gremio, que alent\u00f3 a las conducciones porte\u00f1a y de todas las provincias a realizar plenarios y asambleas de organismos nacionales para comenzar a evaluar la posibilidad de adoptar acciones que resguarden los puestos de empleo y eviten la desjerarquizaci\u00f3n de las funciones que cumple cada sector.<\/p>\n\n\n\n<p>\u201cLos<strong> trabajadores tienen derecho a actuar en leg\u00edtima defensa si sienten que est\u00e1n en peligro. No son ellos quienes deben garantizar la paz social.<\/strong> Existe la certeza de que el recorte que planifica el pr\u00f3ximo gobierno contempla la cesant\u00eda de miles de estatales. Hay que empezar a actuar de forma preventiva, y no se descarta iniciar acciones de fuerza esta misma semana en algunos organismos\u201d, puntualiz\u00f3 el dirigente en el documento.<\/p>\n\n\n\n<p>Tambi\u00e9n sostuvo: \u00abA los economistas que est\u00e1n siendo convocados para integrar el nuevo gobierno no les interesa nada a excepci\u00f3n de bajar los gastos, a\u00fan a riesgo de que la operatividad de los organismos p\u00fablicos sea reducida a su m\u00ednima expresi\u00f3n\u00bb.<\/p>\n\n\n\n<p>El gremio nacional decidi\u00f3 esta tarde habilitar medidas de fuerza sectoriales y preventivas, por lo que en las pr\u00f3ximas horas autoriz\u00f3 \u00abun paro de 72 horas en el Senasa\u00bb, se\u00f1al\u00f3.<\/p>\n\n\n\n<p>Una <strong>huelga de tres d\u00edas en ese organismo podr\u00eda frenar todas las exportaciones a partir de la paralizaci\u00f3n de los controles en puertos, aeropuertos internacionales, pasos de frontera y aduanas<\/strong>, adem\u00e1s de que se levantar\u00e1n las barreras de control zoofitosanitarios en la Patagonia y otras regiones del pa\u00eds, arriesgando \u00abel status sanitario argentino\u00bb.<\/p>\n\n\n\n<p>Esta ma\u00f1ana, en declaraciones a Radio Nacional, Aguiar hab\u00eda solicitado al Gobierno el adelanto del pago del aguinaldo de diciembre en funci\u00f3n de la Resoluci\u00f3n 576\/98 del Ministerio de Econom\u00eda, que habilita a liquidar la segunda cuota del SAC ese mes.<\/p>\n\n\n\n<p>\u00abJavier Milei no tiene la opci\u00f3n de pagar o no pagar el aguinaldo. Si no lo hiciera violar\u00eda el orden p\u00fablico. Desde hace 78 a\u00f1os el movimiento obrero lo cobra, porque es un derecho adquirido en diciembre de 1945 y est\u00e1 legislado en la Ley de Contrato de Trabajo 20.744. Adem\u00e1s, la norma 23.041 de orden p\u00fablico determina su pago en la administraci\u00f3n p\u00fablica central y descentralizada, empresas del Estado, mixtas y de propiedad estatal\u00bb, concluy\u00f3.<\/p>\n","protected":false},"excerpt":{"rendered":"<p>El secretario general nacional de la Asociaci\u00f3n Trabajadores del Estado (ATE), Rodolfo Aguiar, advirti\u00f3 este lunes que \u00abhabr\u00e1 miles de despidos en la administraci\u00f3n p\u00fablica\u00bb a partir de la asunci\u00f3n&hellip;<\/p>\n","protected":false},"author":5,"featured_media":245858,"comment_status":"closed","ping_status":"open","sticky":false,"template":"","format":"standard","meta":{"_acf_changed":false,"footnotes":""},"categories":[1,8],"tags":[201,580],"class_list":["post-245857","post","type-post","status-publish","format-standard","has-post-thumbnail","hentry","category-es-noticia","category-politica","tag-ate","tag-despidos"],"acf":[],"yoast_head":"<!-- This site is optimized with the Yoast SEO plugin v27.5 - https:\/\/yoast.com\/product\/yoast-seo-wordpress\/ -->\n<title>ATE advirti\u00f3 sobre fuertes despidos en el Estado y llam\u00f3 a iniciar paros - Diario Textual<\/title>\n<meta name=\"robots\" content=\"index, follow, max-snippet:-1, max-image-preview:large, max-video-preview:-1\" \/>\n<link rel=\"canonical\" href=\"https:\/\/diariotextual.com\/inicio\/index.php\/2023\/11\/27\/ate-advirtio-sobre-fuertes-despidos-en-el-estado-y-llamo-a-iniciar-paros\/\" \/>\n<meta property=\"og:locale\" content=\"es_ES\" \/>\n<meta property=\"og:type\" content=\"article\" \/>\n<meta property=\"og:title\" content=\"ATE advirti\u00f3 sobre fuertes despidos en el Estado y llam\u00f3 a iniciar paros - Diario Textual\" \/>\n<meta property=\"og:description\" content=\"El secretario general nacional de la Asociaci\u00f3n Trabajadores del Estado (ATE), Rodolfo Aguiar, advirti\u00f3 este lunes que \u00abhabr\u00e1 miles de despidos en la administraci\u00f3n p\u00fablica\u00bb a partir de la asunci\u00f3n&hellip;\" \/>\n<meta property=\"og:url\" content=\"https:\/\/diariotextual.com\/inicio\/index.php\/2023\/11\/27\/ate-advirtio-sobre-fuertes-despidos-en-el-estado-y-llamo-a-iniciar-paros\/\" \/>\n<meta property=\"og:site_name\" content=\"Diario Textual\" \/>\n<meta property=\"article:publisher\" content=\"https:\/\/www.facebook.com\/eltextual\" \/>\n<meta property=\"article:published_time\" content=\"2023-11-27T22:13:00+00:00\" \/>\n<meta property=\"article:modified_time\" content=\"2023-11-27T22:13:02+00:00\" \/>\n<meta property=\"og:image\" content=\"https:\/\/diariotextual.com\/inicio\/wp-content\/uploads\/2023\/11\/ATENacional27112023.jpg\" \/>\n\t<meta property=\"og:image:width\" content=\"900\" \/>\n\t<meta property=\"og:image:height\" content=\"506\" \/>\n\t<meta property=\"og:image:type\" content=\"image\/jpeg\" \/>\n<meta name=\"author\" content=\"diario3\" \/>\n<meta name=\"twitter:card\" content=\"summary_large_image\" \/>\n<meta name=\"twitter:creator\" content=\"@eltextual\" \/>\n<meta name=\"twitter:site\" content=\"@eltextual\" \/>\n<meta name=\"twitter:label1\" content=\"Escrito por\" \/>\n\t<meta name=\"twitter:data1\" content=\"diario3\" \/>\n\t<meta name=\"twitter:label2\" content=\"Tiempo de lectura\" \/>\n\t<meta name=\"twitter:data2\" content=\"4 minutos\" \/>\n<script type=\"application\/ld+json\" class=\"yoast-schema-graph\">{\"@context\":\"https:\\\/\\\/schema.org\",\"@graph\":[{\"@type\":\"Article\",\"@id\":\"https:\\\/\\\/diariotextual.com\\\/inicio\\\/index.php\\\/2023\\\/11\\\/27\\\/ate-advirtio-sobre-fuertes-despidos-en-el-estado-y-llamo-a-iniciar-paros\\\/#article\",\"isPartOf\":{\"@id\":\"https:\\\/\\\/diariotextual.com\\\/inicio\\\/index.php\\\/2023\\\/11\\\/27\\\/ate-advirtio-sobre-fuertes-despidos-en-el-estado-y-llamo-a-iniciar-paros\\\/\"},\"author\":{\"name\":\"diario3\",\"@id\":\"https:\\\/\\\/diariotextual.com\\\/inicio\\\/#\\\/schema\\\/person\\\/a1b6f563e0ee944c60f98119389a4d9f\"},\"headline\":\"ATE advirti\u00f3 sobre fuertes despidos en el Estado y llam\u00f3 a iniciar paros\",\"datePublished\":\"2023-11-27T22:13:00+00:00\",\"dateModified\":\"2023-11-27T22:13:02+00:00\",\"mainEntityOfPage\":{\"@id\":\"https:\\\/\\\/diariotextual.com\\\/inicio\\\/index.php\\\/2023\\\/11\\\/27\\\/ate-advirtio-sobre-fuertes-despidos-en-el-estado-y-llamo-a-iniciar-paros\\\/\"},\"wordCount\":749,\"publisher\":{\"@id\":\"https:\\\/\\\/diariotextual.com\\\/inicio\\\/#organization\"},\"image\":{\"@id\":\"https:\\\/\\\/diariotextual.com\\\/inicio\\\/index.php\\\/2023\\\/11\\\/27\\\/ate-advirtio-sobre-fuertes-despidos-en-el-estado-y-llamo-a-iniciar-paros\\\/#primaryimage\"},\"thumbnailUrl\":\"https:\\\/\\\/diariotextual.com\\\/inicio\\\/wp-content\\\/uploads\\\/2023\\\/11\\\/ATENacional27112023.jpg\",\"keywords\":[\"ate\",\"despidos\"],\"articleSection\":[\"A - ES NOTICIA (van abajo)\",\"POLITICA\"],\"inLanguage\":\"es\"},{\"@type\":\"WebPage\",\"@id\":\"https:\\\/\\\/diariotextual.com\\\/inicio\\\/index.php\\\/2023\\\/11\\\/27\\\/ate-advirtio-sobre-fuertes-despidos-en-el-estado-y-llamo-a-iniciar-paros\\\/\",\"url\":\"https:\\\/\\\/diariotextual.com\\\/inicio\\\/index.php\\\/2023\\\/11\\\/27\\\/ate-advirtio-sobre-fuertes-despidos-en-el-estado-y-llamo-a-iniciar-paros\\\/\",\"name\":\"ATE advirti\u00f3 sobre fuertes despidos en el Estado y llam\u00f3 a iniciar paros - Diario Textual\",\"isPartOf\":{\"@id\":\"https:\\\/\\\/diariotextual.com\\\/inicio\\\/#website\"},\"primaryImageOfPage\":{\"@id\":\"https:\\\/\\\/diariotextual.com\\\/inicio\\\/index.php\\\/2023\\\/11\\\/27\\\/ate-advirtio-sobre-fuertes-despidos-en-el-estado-y-llamo-a-iniciar-paros\\\/#primaryimage\"},\"image\":{\"@id\":\"https:\\\/\\\/diariotextual.com\\\/inicio\\\/index.php\\\/2023\\\/11\\\/27\\\/ate-advirtio-sobre-fuertes-despidos-en-el-estado-y-llamo-a-iniciar-paros\\\/#primaryimage\"},\"thumbnailUrl\":\"https:\\\/\\\/diariotextual.com\\\/inicio\\\/wp-content\\\/uploads\\\/2023\\\/11\\\/ATENacional27112023.jpg\",\"datePublished\":\"2023-11-27T22:13:00+00:00\",\"dateModified\":\"2023-11-27T22:13:02+00:00\",\"breadcrumb\":{\"@id\":\"https:\\\/\\\/diariotextual.com\\\/inicio\\\/index.php\\\/2023\\\/11\\\/27\\\/ate-advirtio-sobre-fuertes-despidos-en-el-estado-y-llamo-a-iniciar-paros\\\/#breadcrumb\"},\"inLanguage\":\"es\",\"potentialAction\":[{\"@type\":\"ReadAction\",\"target\":[\"https:\\\/\\\/diariotextual.com\\\/inicio\\\/index.php\\\/2023\\\/11\\\/27\\\/ate-advirtio-sobre-fuertes-despidos-en-el-estado-y-llamo-a-iniciar-paros\\\/\"]}]},{\"@type\":\"ImageObject\",\"inLanguage\":\"es\",\"@id\":\"https:\\\/\\\/diariotextual.com\\\/inicio\\\/index.php\\\/2023\\\/11\\\/27\\\/ate-advirtio-sobre-fuertes-despidos-en-el-estado-y-llamo-a-iniciar-paros\\\/#primaryimage\",\"url\":\"https:\\\/\\\/diariotextual.com\\\/inicio\\\/wp-content\\\/uploads\\\/2023\\\/11\\\/ATENacional27112023.jpg\",\"contentUrl\":\"https:\\\/\\\/diariotextual.com\\\/inicio\\\/wp-content\\\/uploads\\\/2023\\\/11\\\/ATENacional27112023.jpg\",\"width\":900,\"height\":506},{\"@type\":\"BreadcrumbList\",\"@id\":\"https:\\\/\\\/diariotextual.com\\\/inicio\\\/index.php\\\/2023\\\/11\\\/27\\\/ate-advirtio-sobre-fuertes-despidos-en-el-estado-y-llamo-a-iniciar-paros\\\/#breadcrumb\",\"itemListElement\":[{\"@type\":\"ListItem\",\"position\":1,\"name\":\"Portada\",\"item\":\"https:\\\/\\\/diariotextual.com\\\/inicio\\\/\"},{\"@type\":\"ListItem\",\"position\":2,\"name\":\"ATE advirti\u00f3 sobre fuertes despidos en el Estado y llam\u00f3 a iniciar paros\"}]},{\"@type\":\"WebSite\",\"@id\":\"https:\\\/\\\/diariotextual.com\\\/inicio\\\/#website\",\"url\":\"https:\\\/\\\/diariotextual.com\\\/inicio\\\/\",\"name\":\"Diario Textual\",\"description\":\"\",\"publisher\":{\"@id\":\"https:\\\/\\\/diariotextual.com\\\/inicio\\\/#organization\"},\"potentialAction\":[{\"@type\":\"SearchAction\",\"target\":{\"@type\":\"EntryPoint\",\"urlTemplate\":\"https:\\\/\\\/diariotextual.com\\\/inicio\\\/?s={search_term_string}\"},\"query-input\":{\"@type\":\"PropertyValueSpecification\",\"valueRequired\":true,\"valueName\":\"search_term_string\"}}],\"inLanguage\":\"es\"},{\"@type\":\"Organization\",\"@id\":\"https:\\\/\\\/diariotextual.com\\\/inicio\\\/#organization\",\"name\":\"Diario Textual\",\"url\":\"https:\\\/\\\/diariotextual.com\\\/inicio\\\/\",\"logo\":{\"@type\":\"ImageObject\",\"inLanguage\":\"es\",\"@id\":\"https:\\\/\\\/diariotextual.com\\\/inicio\\\/#\\\/schema\\\/logo\\\/image\\\/\",\"url\":\"https:\\\/\\\/diariotextual.com\\\/inicio\\\/wp-content\\\/uploads\\\/2023\\\/05\\\/logotextual1.jpg\",\"contentUrl\":\"https:\\\/\\\/diariotextual.com\\\/inicio\\\/wp-content\\\/uploads\\\/2023\\\/05\\\/logotextual1.jpg\",\"width\":516,\"height\":76,\"caption\":\"Diario Textual\"},\"image\":{\"@id\":\"https:\\\/\\\/diariotextual.com\\\/inicio\\\/#\\\/schema\\\/logo\\\/image\\\/\"},\"sameAs\":[\"https:\\\/\\\/www.facebook.com\\\/eltextual\",\"https:\\\/\\\/x.com\\\/eltextual\",\"http:\\\/\\\/www.instagram.com\\\/eltextual\"]},{\"@type\":\"Person\",\"@id\":\"https:\\\/\\\/diariotextual.com\\\/inicio\\\/#\\\/schema\\\/person\\\/a1b6f563e0ee944c60f98119389a4d9f\",\"name\":\"diario3\",\"image\":{\"@type\":\"ImageObject\",\"inLanguage\":\"es\",\"@id\":\"https:\\\/\\\/secure.gravatar.com\\\/avatar\\\/5e7ee62c82fc04d9dd79d746a390d93c69c43223e5faeeb3ea9461ef752bfc5d?s=96&d=mm&r=g\",\"url\":\"https:\\\/\\\/secure.gravatar.com\\\/avatar\\\/5e7ee62c82fc04d9dd79d746a390d93c69c43223e5faeeb3ea9461ef752bfc5d?s=96&d=mm&r=g\",\"contentUrl\":\"https:\\\/\\\/secure.gravatar.com\\\/avatar\\\/5e7ee62c82fc04d9dd79d746a390d93c69c43223e5faeeb3ea9461ef752bfc5d?s=96&d=mm&r=g\",\"caption\":\"diario3\"},\"url\":\"https:\\\/\\\/diariotextual.com\\\/inicio\\\/index.php\\\/author\\\/diario3\\\/\"}]}<\/script>\n<!-- \/ Yoast SEO plugin. -->","yoast_head_json":{"title":"ATE advirti\u00f3 sobre fuertes despidos en el Estado y llam\u00f3 a iniciar paros - Diario Textual","robots":{"index":"index","follow":"follow","max-snippet":"max-snippet:-1","max-image-preview":"max-image-preview:large","max-video-preview":"max-video-preview:-1"},"canonical":"https:\/\/diariotextual.com\/inicio\/index.php\/2023\/11\/27\/ate-advirtio-sobre-fuertes-despidos-en-el-estado-y-llamo-a-iniciar-paros\/","og_locale":"es_ES","og_type":"article","og_title":"ATE advirti\u00f3 sobre fuertes despidos en el Estado y llam\u00f3 a iniciar paros - Diario Textual","og_description":"El secretario general nacional de la Asociaci\u00f3n Trabajadores del Estado (ATE), Rodolfo Aguiar, advirti\u00f3 este lunes que \u00abhabr\u00e1 miles de despidos en la administraci\u00f3n p\u00fablica\u00bb a partir de la asunci\u00f3n&hellip;","og_url":"https:\/\/diariotextual.com\/inicio\/index.php\/2023\/11\/27\/ate-advirtio-sobre-fuertes-despidos-en-el-estado-y-llamo-a-iniciar-paros\/","og_site_name":"Diario Textual","article_publisher":"https:\/\/www.facebook.com\/eltextual","article_published_time":"2023-11-27T22:13:00+00:00","article_modified_time":"2023-11-27T22:13:02+00:00","og_image":[{"width":900,"height":506,"url":"https:\/\/diariotextual.com\/inicio\/wp-content\/uploads\/2023\/11\/ATENacional27112023.jpg","type":"image\/jpeg"}],"author":"diario3","twitter_card":"summary_large_image","twitter_creator":"@eltextual","twitter_site":"@eltextual","twitter_misc":{"Escrito por":"diario3","Tiempo de lectura":"4 minutos"},"schema":{"@context":"https:\/\/schema.org","@graph":[{"@type":"Article","@id":"https:\/\/diariotextual.com\/inicio\/index.php\/2023\/11\/27\/ate-advirtio-sobre-fuertes-despidos-en-el-estado-y-llamo-a-iniciar-paros\/#article","isPartOf":{"@id":"https:\/\/diariotextual.com\/inicio\/index.php\/2023\/11\/27\/ate-advirtio-sobre-fuertes-despidos-en-el-estado-y-llamo-a-iniciar-paros\/"},"author":{"name":"diario3","@id":"https:\/\/diariotextual.com\/inicio\/#\/schema\/person\/a1b6f563e0ee944c60f98119389a4d9f"},"headline":"ATE advirti\u00f3 sobre fuertes despidos en el Estado y llam\u00f3 a iniciar paros","datePublished":"2023-11-27T22:13:00+00:00","dateModified":"2023-11-27T22:13:02+00:00","mainEntityOfPage":{"@id":"https:\/\/diariotextual.com\/inicio\/index.php\/2023\/11\/27\/ate-advirtio-sobre-fuertes-despidos-en-el-estado-y-llamo-a-iniciar-paros\/"},"wordCount":749,"publisher":{"@id":"https:\/\/diariotextual.com\/inicio\/#organization"},"image":{"@id":"https:\/\/diariotextual.com\/inicio\/index.php\/2023\/11\/27\/ate-advirtio-sobre-fuertes-despidos-en-el-estado-y-llamo-a-iniciar-paros\/#primaryimage"},"thumbnailUrl":"https:\/\/diariotextual.com\/inicio\/wp-content\/uploads\/2023\/11\/ATENacional27112023.jpg","keywords":["ate","despidos"],"articleSection":["A - ES NOTICIA (van abajo)","POLITICA"],"inLanguage":"es"},{"@type":"WebPage","@id":"https:\/\/diariotextual.com\/inicio\/index.php\/2023\/11\/27\/ate-advirtio-sobre-fuertes-despidos-en-el-estado-y-llamo-a-iniciar-paros\/","url":"https:\/\/diariotextual.com\/inicio\/index.php\/2023\/11\/27\/ate-advirtio-sobre-fuertes-despidos-en-el-estado-y-llamo-a-iniciar-paros\/","name":"ATE advirti\u00f3 sobre fuertes despidos en el Estado y llam\u00f3 a iniciar paros - Diario Textual","isPartOf":{"@id":"https:\/\/diariotextual.com\/inicio\/#website"},"primaryImageOfPage":{"@id":"https:\/\/diariotextual.com\/inicio\/index.php\/2023\/11\/27\/ate-advirtio-sobre-fuertes-despidos-en-el-estado-y-llamo-a-iniciar-paros\/#primaryimage"},"image":{"@id":"https:\/\/diariotextual.com\/inicio\/index.php\/2023\/11\/27\/ate-advirtio-sobre-fuertes-despidos-en-el-estado-y-llamo-a-iniciar-paros\/#primaryimage"},"thumbnailUrl":"https:\/\/diariotextual.com\/inicio\/wp-content\/uploads\/2023\/11\/ATENacional27112023.jpg","datePublished":"2023-11-27T22:13:00+00:00","dateModified":"2023-11-27T22:13:02+00:00","breadcrumb":{"@id":"https:\/\/diariotextual.com\/inicio\/index.php\/2023\/11\/27\/ate-advirtio-sobre-fuertes-despidos-en-el-estado-y-llamo-a-iniciar-paros\/#breadcrumb"},"inLanguage":"es","potentialAction":[{"@type":"ReadAction","target":["https:\/\/diariotextual.com\/inicio\/index.php\/2023\/11\/27\/ate-advirtio-sobre-fuertes-despidos-en-el-estado-y-llamo-a-iniciar-paros\/"]}]},{"@type":"ImageObject","inLanguage":"es","@id":"https:\/\/diariotextual.com\/inicio\/index.php\/2023\/11\/27\/ate-advirtio-sobre-fuertes-despidos-en-el-estado-y-llamo-a-iniciar-paros\/#primaryimage","url":"https:\/\/diariotextual.com\/inicio\/wp-content\/uploads\/2023\/11\/ATENacional27112023.jpg","contentUrl":"https:\/\/diariotextual.com\/inicio\/wp-content\/uploads\/2023\/11\/ATENacional27112023.jpg","width":900,"height":506},{"@type":"BreadcrumbList","@id":"https:\/\/diariotextual.com\/inicio\/index.php\/2023\/11\/27\/ate-advirtio-sobre-fuertes-despidos-en-el-estado-y-llamo-a-iniciar-paros\/#breadcrumb","itemListElement":[{"@type":"ListItem","position":1,"name":"Portada","item":"https:\/\/diariotextual.com\/inicio\/"},{"@type":"ListItem","position":2,"name":"ATE advirti\u00f3 sobre fuertes despidos en el Estado y llam\u00f3 a iniciar paros"}]},{"@type":"WebSite","@id":"https:\/\/diariotextual.com\/inicio\/#website","url":"https:\/\/diariotextual.com\/inicio\/","name":"Diario Textual","description":"","publisher":{"@id":"https:\/\/diariotextual.com\/inicio\/#organization"},"potentialAction":[{"@type":"SearchAction","target":{"@type":"EntryPoint","urlTemplate":"https:\/\/diariotextual.com\/inicio\/?s={search_term_string}"},"query-input":{"@type":"PropertyValueSpecification","valueRequired":true,"valueName":"search_term_string"}}],"inLanguage":"es"},{"@type":"Organization","@id":"https:\/\/diariotextual.com\/inicio\/#organization","name":"Diario Textual","url":"https:\/\/diariotextual.com\/inicio\/","logo":{"@type":"ImageObject","inLanguage":"es","@id":"https:\/\/diariotextual.com\/inicio\/#\/schema\/logo\/image\/","url":"https:\/\/diariotextual.com\/inicio\/wp-content\/uploads\/2023\/05\/logotextual1.jpg","contentUrl":"https:\/\/diariotextual.com\/inicio\/wp-content\/uploads\/2023\/05\/logotextual1.jpg","width":516,"height":76,"caption":"Diario Textual"},"image":{"@id":"https:\/\/diariotextual.com\/inicio\/#\/schema\/logo\/image\/"},"sameAs":["https:\/\/www.facebook.com\/eltextual","https:\/\/x.com\/eltextual","http:\/\/www.instagram.com\/eltextual"]},{"@type":"Person","@id":"https:\/\/diariotextual.com\/inicio\/#\/schema\/person\/a1b6f563e0ee944c60f98119389a4d9f","name":"diario3","image":{"@type":"ImageObject","inLanguage":"es","@id":"https:\/\/secure.gravatar.com\/avatar\/5e7ee62c82fc04d9dd79d746a390d93c69c43223e5faeeb3ea9461ef752bfc5d?s=96&d=mm&r=g","url":"https:\/\/secure.gravatar.com\/avatar\/5e7ee62c82fc04d9dd79d746a390d93c69c43223e5faeeb3ea9461ef752bfc5d?s=96&d=mm&r=g","contentUrl":"https:\/\/secure.gravatar.com\/avatar\/5e7ee62c82fc04d9dd79d746a390d93c69c43223e5faeeb3ea9461ef752bfc5d?s=96&d=mm&r=g","caption":"diario3"},"url":"https:\/\/diariotextual.com\/inicio\/index.php\/author\/diario3\/"}]}},"_links":{"self":[{"href":"https:\/\/diariotextual.com\/inicio\/index.php\/wp-json\/wp\/v2\/posts\/245857","targetHints":{"allow":["GET"]}}],"collection":[{"href":"https:\/\/diariotextual.com\/inicio\/index.php\/wp-json\/wp\/v2\/posts"}],"about":[{"href":"https:\/\/diariotextual.com\/inicio\/index.php\/wp-json\/wp\/v2\/types\/post"}],"author":[{"embeddable":true,"href":"https:\/\/diariotextual.com\/inicio\/index.php\/wp-json\/wp\/v2\/users\/5"}],"replies":[{"embeddable":true,"href":"https:\/\/diariotextual.com\/inicio\/index.php\/wp-json\/wp\/v2\/comments?post=245857"}],"version-history":[{"count":1,"href":"https:\/\/diariotextual.com\/inicio\/index.php\/wp-json\/wp\/v2\/posts\/245857\/revisions"}],"predecessor-version":[{"id":245859,"href":"https:\/\/diariotextual.com\/inicio\/index.php\/wp-json\/wp\/v2\/posts\/245857\/revisions\/245859"}],"wp:featuredmedia":[{"embeddable":true,"href":"https:\/\/diariotextual.com\/inicio\/index.php\/wp-json\/wp\/v2\/media\/245858"}],"wp:attachment":[{"href":"https:\/\/diariotextual.com\/inicio\/index.php\/wp-json\/wp\/v2\/media?parent=245857"}],"wp:term":[{"taxonomy":"category","embeddable":true,"href":"https:\/\/diariotextual.com\/inicio\/index.php\/wp-json\/wp\/v2\/categories?post=245857"},{"taxonomy":"post_tag","embeddable":true,"href":"https:\/\/diariotextual.com\/inicio\/index.php\/wp-json\/wp\/v2\/tags?post=245857"}],"curies":[{"name":"wp","href":"https:\/\/api.w.org\/{rel}","templated":true}]}}