{"id":245895,"date":"2023-11-28T07:40:20","date_gmt":"2023-11-28T10:40:20","guid":{"rendered":"https:\/\/diariotextual.com\/inicio\/?p=245895"},"modified":"2023-11-28T09:04:24","modified_gmt":"2023-11-28T12:04:24","slug":"argentina-perdio-por-penales-con-alemania-y-se-quedo-sin-final-en-el-mundial-sub-17","status":"publish","type":"post","link":"https:\/\/diariotextual.com\/inicio\/index.php\/2023\/11\/28\/argentina-perdio-por-penales-con-alemania-y-se-quedo-sin-final-en-el-mundial-sub-17\/","title":{"rendered":"Argentina perdi\u00f3 por penales con Alemania y se qued\u00f3 sin final en el Mundial Sub 17"},"content":{"rendered":"\n<p>El\u00a0seleccionado argentino Sub-17\u00a0cay\u00f3 por penales 4 a 2 ante Alemania, tras empatar 3 a 3 en los 90 minutos, y no pudo avanzar a la final del mundial de la categor\u00eda que se disputa en Indonesia. Jugar\u00e1 por el tercera y cuarto puesto.<\/p>\n\n\n\n<p>Los pibes dirigidos por Diego Placente\u00a0mostraron iniciativa en la primera parte, pese a haber recibido un gol tempranero y a haberse topado con buenas actuaciones del arquero teut\u00f3n, Konstantin Heide.<\/p>\n\n\n\n<p>A los 9 minutos,\u00a0una buena contra de Alemania permiti\u00f3 la apertura del marcador: un disparo de Paris Brunner al primer palo no pudo ser contenido por el argentino Jerem\u00edas Florent\u00edn y termin\u00f3 en el grito de gol\u00a0de los juveniles del Viejo Continente.<\/p>\n\n\n\n<p>Sin embargo,\u00a0el golpe no hizo mella en la actitud de los argentinos, quienes continuaron yendo en busca del partido.<\/p>\n\n\n\n<p>As\u00ed fue como\u00a0a los 35 minutos una buena pelota en profundidad fue la llave para lograr la igualdad: Dylan Gorosito le gan\u00f3 la posici\u00f3n a un defensor alem\u00e1n, dio un pase atr\u00e1s adentro del \u00e1rea y\u00a0Agust\u00edn Ruberto s\u00f3lo tuvo que empujarla para poner el 1-1 en Indonesia.<\/p>\n\n\n\n<p>Cuando el reloj marcaba cuatro minutos del tiempo adicionado,\u00a0una buena combinaci\u00f3n en una contra argentina permiti\u00f3 que Ruberto mostrara su clase y, luego de un regate para sacarse de encima a un rival, volvi\u00f3 a poner la pelota dentro del arco alem\u00e1n para el 2-1 con el que cerr\u00f3 el primer tiempo.<\/p>\n\n\n\n<p>Luego del entretiempo, los argentinos mostraron intenciones de querer ampliar el marcador, pero\u00a0no tuvieron suerte en la definici\u00f3n.<\/p>\n\n\n\n<p>A los 58,\u00a0una mala salida de Florent\u00edn le dio a Brunner la oportunidad de empatar el partido y el delantero no fall\u00f3: abri\u00f3 su pie derecho y puso la pelota en un rinc\u00f3n del arco argentino.<\/p>\n\n\n\n<p>Diez minutos despu\u00e9s,\u00a0un centro al \u00e1rea argentina no pudo ser rechazado por Juan Villalba y el alem\u00e1n Max Moerstedt marc\u00f3 de cabeza para poner en ventaja a los europeos.<\/p>\n\n\n\n<p>Pese al nerviosismo, la Selecci\u00f3n insisti\u00f3 y a los siete minutos de adici\u00f3n\u00a0un buen pase de Claudio Echeverri habilit\u00f3 en el \u00e1rea a Ruberto, quien marc\u00f3 el tercero de su cuenta personal en el partido para llevar la definici\u00f3n a los penales. En esa instancia los alemanes fueron m\u00e1s eficaces y ganaron 4 a 2.<\/p>\n\n\n\n<p>Alemania se enfrentar\u00e1 contra el vencedor de\u00a0Francia-Mali\u00a0en la final por el t\u00edtulo mundial de la categor\u00eda\u00a0juvenil, el \u00fanico que le falta a la Argentina a nivel de\u00a0selecci\u00f3n.<\/p>\n\n\n\n<p>Hasta ahora,\u00a0la albiceleste tuvo como mejores resultados el tercer puesto que logr\u00f3 en las ediciones de Italia 1991, Ecuador 1995 y Finlandia 2003.<\/p>\n\n\n\n<p>&nbsp;<\/p>\n","protected":false},"excerpt":{"rendered":"<p>El\u00a0seleccionado argentino Sub-17\u00a0cay\u00f3 por penales 4 a 2 ante Alemania, tras empatar 3 a 3 en los 90 minutos, y no pudo avanzar a la final del mundial de la&hellip;<\/p>\n","protected":false},"author":7,"featured_media":245897,"comment_status":"closed","ping_status":"open","sticky":false,"template":"","format":"standard","meta":{"_acf_changed":false,"footnotes":""},"categories":[1,3],"tags":[],"class_list":["post-245895","post","type-post","status-publish","format-standard","has-post-thumbnail","hentry","category-es-noticia","category-deportes"],"acf":[],"yoast_head":"<!-- This site is optimized with the Yoast SEO plugin v27.5 - https:\/\/yoast.com\/product\/yoast-seo-wordpress\/ -->\n<title>Argentina perdi\u00f3 por penales con Alemania y se qued\u00f3 sin final en el Mundial Sub 17 - Diario Textual<\/title>\n<meta name=\"robots\" content=\"index, follow, max-snippet:-1, max-image-preview:large, max-video-preview:-1\" \/>\n<link rel=\"canonical\" href=\"https:\/\/diariotextual.com\/inicio\/index.php\/2023\/11\/28\/argentina-perdio-por-penales-con-alemania-y-se-quedo-sin-final-en-el-mundial-sub-17\/\" \/>\n<meta property=\"og:locale\" content=\"es_ES\" \/>\n<meta property=\"og:type\" content=\"article\" \/>\n<meta property=\"og:title\" content=\"Argentina perdi\u00f3 por penales con Alemania y se qued\u00f3 sin final en el Mundial Sub 17 - Diario Textual\" \/>\n<meta property=\"og:description\" content=\"El\u00a0seleccionado argentino Sub-17\u00a0cay\u00f3 por penales 4 a 2 ante Alemania, tras empatar 3 a 3 en los 90 minutos, y no pudo avanzar a la final del mundial de la&hellip;\" \/>\n<meta property=\"og:url\" content=\"https:\/\/diariotextual.com\/inicio\/index.php\/2023\/11\/28\/argentina-perdio-por-penales-con-alemania-y-se-quedo-sin-final-en-el-mundial-sub-17\/\" \/>\n<meta property=\"og:site_name\" content=\"Diario Textual\" \/>\n<meta property=\"article:publisher\" content=\"https:\/\/www.facebook.com\/eltextual\" \/>\n<meta property=\"article:published_time\" content=\"2023-11-28T10:40:20+00:00\" \/>\n<meta property=\"article:modified_time\" content=\"2023-11-28T12:04:24+00:00\" \/>\n<meta property=\"og:image\" content=\"https:\/\/diariotextual.com\/inicio\/wp-content\/uploads\/2023\/11\/argentinaalemaniasub17mundial2023.jpg\" \/>\n\t<meta property=\"og:image:width\" content=\"1200\" \/>\n\t<meta property=\"og:image:height\" content=\"675\" \/>\n\t<meta property=\"og:image:type\" content=\"image\/jpeg\" \/>\n<meta name=\"author\" content=\"diario5\" \/>\n<meta name=\"twitter:card\" content=\"summary_large_image\" \/>\n<meta name=\"twitter:creator\" content=\"@eltextual\" \/>\n<meta name=\"twitter:site\" content=\"@eltextual\" \/>\n<meta name=\"twitter:label1\" content=\"Escrito por\" \/>\n\t<meta name=\"twitter:data1\" content=\"diario5\" \/>\n\t<meta name=\"twitter:label2\" content=\"Tiempo de lectura\" \/>\n\t<meta name=\"twitter:data2\" content=\"3 minutos\" \/>\n<script type=\"application\/ld+json\" class=\"yoast-schema-graph\">{\"@context\":\"https:\\\/\\\/schema.org\",\"@graph\":[{\"@type\":\"Article\",\"@id\":\"https:\\\/\\\/diariotextual.com\\\/inicio\\\/index.php\\\/2023\\\/11\\\/28\\\/argentina-perdio-por-penales-con-alemania-y-se-quedo-sin-final-en-el-mundial-sub-17\\\/#article\",\"isPartOf\":{\"@id\":\"https:\\\/\\\/diariotextual.com\\\/inicio\\\/index.php\\\/2023\\\/11\\\/28\\\/argentina-perdio-por-penales-con-alemania-y-se-quedo-sin-final-en-el-mundial-sub-17\\\/\"},\"author\":{\"name\":\"diario5\",\"@id\":\"https:\\\/\\\/diariotextual.com\\\/inicio\\\/#\\\/schema\\\/person\\\/c7834961ad8b29b1d9cdbf4571299067\"},\"headline\":\"Argentina perdi\u00f3 por penales con Alemania y se qued\u00f3 sin final en el Mundial Sub 17\",\"datePublished\":\"2023-11-28T10:40:20+00:00\",\"dateModified\":\"2023-11-28T12:04:24+00:00\",\"mainEntityOfPage\":{\"@id\":\"https:\\\/\\\/diariotextual.com\\\/inicio\\\/index.php\\\/2023\\\/11\\\/28\\\/argentina-perdio-por-penales-con-alemania-y-se-quedo-sin-final-en-el-mundial-sub-17\\\/\"},\"wordCount\":465,\"publisher\":{\"@id\":\"https:\\\/\\\/diariotextual.com\\\/inicio\\\/#organization\"},\"image\":{\"@id\":\"https:\\\/\\\/diariotextual.com\\\/inicio\\\/index.php\\\/2023\\\/11\\\/28\\\/argentina-perdio-por-penales-con-alemania-y-se-quedo-sin-final-en-el-mundial-sub-17\\\/#primaryimage\"},\"thumbnailUrl\":\"https:\\\/\\\/diariotextual.com\\\/inicio\\\/wp-content\\\/uploads\\\/2023\\\/11\\\/argentinaalemaniasub17mundial2023.jpg\",\"articleSection\":[\"A - ES NOTICIA (van abajo)\",\"DEPORTES\"],\"inLanguage\":\"es\"},{\"@type\":\"WebPage\",\"@id\":\"https:\\\/\\\/diariotextual.com\\\/inicio\\\/index.php\\\/2023\\\/11\\\/28\\\/argentina-perdio-por-penales-con-alemania-y-se-quedo-sin-final-en-el-mundial-sub-17\\\/\",\"url\":\"https:\\\/\\\/diariotextual.com\\\/inicio\\\/index.php\\\/2023\\\/11\\\/28\\\/argentina-perdio-por-penales-con-alemania-y-se-quedo-sin-final-en-el-mundial-sub-17\\\/\",\"name\":\"Argentina perdi\u00f3 por penales con Alemania y se qued\u00f3 sin final en el Mundial Sub 17 - Diario Textual\",\"isPartOf\":{\"@id\":\"https:\\\/\\\/diariotextual.com\\\/inicio\\\/#website\"},\"primaryImageOfPage\":{\"@id\":\"https:\\\/\\\/diariotextual.com\\\/inicio\\\/index.php\\\/2023\\\/11\\\/28\\\/argentina-perdio-por-penales-con-alemania-y-se-quedo-sin-final-en-el-mundial-sub-17\\\/#primaryimage\"},\"image\":{\"@id\":\"https:\\\/\\\/diariotextual.com\\\/inicio\\\/index.php\\\/2023\\\/11\\\/28\\\/argentina-perdio-por-penales-con-alemania-y-se-quedo-sin-final-en-el-mundial-sub-17\\\/#primaryimage\"},\"thumbnailUrl\":\"https:\\\/\\\/diariotextual.com\\\/inicio\\\/wp-content\\\/uploads\\\/2023\\\/11\\\/argentinaalemaniasub17mundial2023.jpg\",\"datePublished\":\"2023-11-28T10:40:20+00:00\",\"dateModified\":\"2023-11-28T12:04:24+00:00\",\"breadcrumb\":{\"@id\":\"https:\\\/\\\/diariotextual.com\\\/inicio\\\/index.php\\\/2023\\\/11\\\/28\\\/argentina-perdio-por-penales-con-alemania-y-se-quedo-sin-final-en-el-mundial-sub-17\\\/#breadcrumb\"},\"inLanguage\":\"es\",\"potentialAction\":[{\"@type\":\"ReadAction\",\"target\":[\"https:\\\/\\\/diariotextual.com\\\/inicio\\\/index.php\\\/2023\\\/11\\\/28\\\/argentina-perdio-por-penales-con-alemania-y-se-quedo-sin-final-en-el-mundial-sub-17\\\/\"]}]},{\"@type\":\"ImageObject\",\"inLanguage\":\"es\",\"@id\":\"https:\\\/\\\/diariotextual.com\\\/inicio\\\/index.php\\\/2023\\\/11\\\/28\\\/argentina-perdio-por-penales-con-alemania-y-se-quedo-sin-final-en-el-mundial-sub-17\\\/#primaryimage\",\"url\":\"https:\\\/\\\/diariotextual.com\\\/inicio\\\/wp-content\\\/uploads\\\/2023\\\/11\\\/argentinaalemaniasub17mundial2023.jpg\",\"contentUrl\":\"https:\\\/\\\/diariotextual.com\\\/inicio\\\/wp-content\\\/uploads\\\/2023\\\/11\\\/argentinaalemaniasub17mundial2023.jpg\",\"width\":1200,\"height\":675},{\"@type\":\"BreadcrumbList\",\"@id\":\"https:\\\/\\\/diariotextual.com\\\/inicio\\\/index.php\\\/2023\\\/11\\\/28\\\/argentina-perdio-por-penales-con-alemania-y-se-quedo-sin-final-en-el-mundial-sub-17\\\/#breadcrumb\",\"itemListElement\":[{\"@type\":\"ListItem\",\"position\":1,\"name\":\"Portada\",\"item\":\"https:\\\/\\\/diariotextual.com\\\/inicio\\\/\"},{\"@type\":\"ListItem\",\"position\":2,\"name\":\"Argentina perdi\u00f3 por penales con Alemania y se qued\u00f3 sin final en el Mundial Sub 17\"}]},{\"@type\":\"WebSite\",\"@id\":\"https:\\\/\\\/diariotextual.com\\\/inicio\\\/#website\",\"url\":\"https:\\\/\\\/diariotextual.com\\\/inicio\\\/\",\"name\":\"Diario Textual\",\"description\":\"\",\"publisher\":{\"@id\":\"https:\\\/\\\/diariotextual.com\\\/inicio\\\/#organization\"},\"potentialAction\":[{\"@type\":\"SearchAction\",\"target\":{\"@type\":\"EntryPoint\",\"urlTemplate\":\"https:\\\/\\\/diariotextual.com\\\/inicio\\\/?s={search_term_string}\"},\"query-input\":{\"@type\":\"PropertyValueSpecification\",\"valueRequired\":true,\"valueName\":\"search_term_string\"}}],\"inLanguage\":\"es\"},{\"@type\":\"Organization\",\"@id\":\"https:\\\/\\\/diariotextual.com\\\/inicio\\\/#organization\",\"name\":\"Diario Textual\",\"url\":\"https:\\\/\\\/diariotextual.com\\\/inicio\\\/\",\"logo\":{\"@type\":\"ImageObject\",\"inLanguage\":\"es\",\"@id\":\"https:\\\/\\\/diariotextual.com\\\/inicio\\\/#\\\/schema\\\/logo\\\/image\\\/\",\"url\":\"https:\\\/\\\/diariotextual.com\\\/inicio\\\/wp-content\\\/uploads\\\/2023\\\/05\\\/logotextual1.jpg\",\"contentUrl\":\"https:\\\/\\\/diariotextual.com\\\/inicio\\\/wp-content\\\/uploads\\\/2023\\\/05\\\/logotextual1.jpg\",\"width\":516,\"height\":76,\"caption\":\"Diario Textual\"},\"image\":{\"@id\":\"https:\\\/\\\/diariotextual.com\\\/inicio\\\/#\\\/schema\\\/logo\\\/image\\\/\"},\"sameAs\":[\"https:\\\/\\\/www.facebook.com\\\/eltextual\",\"https:\\\/\\\/x.com\\\/eltextual\",\"http:\\\/\\\/www.instagram.com\\\/eltextual\"]},{\"@type\":\"Person\",\"@id\":\"https:\\\/\\\/diariotextual.com\\\/inicio\\\/#\\\/schema\\\/person\\\/c7834961ad8b29b1d9cdbf4571299067\",\"name\":\"diario5\",\"image\":{\"@type\":\"ImageObject\",\"inLanguage\":\"es\",\"@id\":\"https:\\\/\\\/secure.gravatar.com\\\/avatar\\\/948c893b847ca6df68216ead81b63f363408ec9b0f600fefc0641ce78613b111?s=96&d=mm&r=g\",\"url\":\"https:\\\/\\\/secure.gravatar.com\\\/avatar\\\/948c893b847ca6df68216ead81b63f363408ec9b0f600fefc0641ce78613b111?s=96&d=mm&r=g\",\"contentUrl\":\"https:\\\/\\\/secure.gravatar.com\\\/avatar\\\/948c893b847ca6df68216ead81b63f363408ec9b0f600fefc0641ce78613b111?s=96&d=mm&r=g\",\"caption\":\"diario5\"},\"url\":\"https:\\\/\\\/diariotextual.com\\\/inicio\\\/index.php\\\/author\\\/diario5\\\/\"}]}<\/script>\n<!-- \/ Yoast SEO plugin. -->","yoast_head_json":{"title":"Argentina perdi\u00f3 por penales con Alemania y se qued\u00f3 sin final en el Mundial Sub 17 - Diario Textual","robots":{"index":"index","follow":"follow","max-snippet":"max-snippet:-1","max-image-preview":"max-image-preview:large","max-video-preview":"max-video-preview:-1"},"canonical":"https:\/\/diariotextual.com\/inicio\/index.php\/2023\/11\/28\/argentina-perdio-por-penales-con-alemania-y-se-quedo-sin-final-en-el-mundial-sub-17\/","og_locale":"es_ES","og_type":"article","og_title":"Argentina perdi\u00f3 por penales con Alemania y se qued\u00f3 sin final en el Mundial Sub 17 - Diario Textual","og_description":"El\u00a0seleccionado argentino Sub-17\u00a0cay\u00f3 por penales 4 a 2 ante Alemania, tras empatar 3 a 3 en los 90 minutos, y no pudo avanzar a la final del mundial de la&hellip;","og_url":"https:\/\/diariotextual.com\/inicio\/index.php\/2023\/11\/28\/argentina-perdio-por-penales-con-alemania-y-se-quedo-sin-final-en-el-mundial-sub-17\/","og_site_name":"Diario Textual","article_publisher":"https:\/\/www.facebook.com\/eltextual","article_published_time":"2023-11-28T10:40:20+00:00","article_modified_time":"2023-11-28T12:04:24+00:00","og_image":[{"width":1200,"height":675,"url":"https:\/\/diariotextual.com\/inicio\/wp-content\/uploads\/2023\/11\/argentinaalemaniasub17mundial2023.jpg","type":"image\/jpeg"}],"author":"diario5","twitter_card":"summary_large_image","twitter_creator":"@eltextual","twitter_site":"@eltextual","twitter_misc":{"Escrito por":"diario5","Tiempo de lectura":"3 minutos"},"schema":{"@context":"https:\/\/schema.org","@graph":[{"@type":"Article","@id":"https:\/\/diariotextual.com\/inicio\/index.php\/2023\/11\/28\/argentina-perdio-por-penales-con-alemania-y-se-quedo-sin-final-en-el-mundial-sub-17\/#article","isPartOf":{"@id":"https:\/\/diariotextual.com\/inicio\/index.php\/2023\/11\/28\/argentina-perdio-por-penales-con-alemania-y-se-quedo-sin-final-en-el-mundial-sub-17\/"},"author":{"name":"diario5","@id":"https:\/\/diariotextual.com\/inicio\/#\/schema\/person\/c7834961ad8b29b1d9cdbf4571299067"},"headline":"Argentina perdi\u00f3 por penales con Alemania y se qued\u00f3 sin final en el Mundial Sub 17","datePublished":"2023-11-28T10:40:20+00:00","dateModified":"2023-11-28T12:04:24+00:00","mainEntityOfPage":{"@id":"https:\/\/diariotextual.com\/inicio\/index.php\/2023\/11\/28\/argentina-perdio-por-penales-con-alemania-y-se-quedo-sin-final-en-el-mundial-sub-17\/"},"wordCount":465,"publisher":{"@id":"https:\/\/diariotextual.com\/inicio\/#organization"},"image":{"@id":"https:\/\/diariotextual.com\/inicio\/index.php\/2023\/11\/28\/argentina-perdio-por-penales-con-alemania-y-se-quedo-sin-final-en-el-mundial-sub-17\/#primaryimage"},"thumbnailUrl":"https:\/\/diariotextual.com\/inicio\/wp-content\/uploads\/2023\/11\/argentinaalemaniasub17mundial2023.jpg","articleSection":["A - ES NOTICIA (van abajo)","DEPORTES"],"inLanguage":"es"},{"@type":"WebPage","@id":"https:\/\/diariotextual.com\/inicio\/index.php\/2023\/11\/28\/argentina-perdio-por-penales-con-alemania-y-se-quedo-sin-final-en-el-mundial-sub-17\/","url":"https:\/\/diariotextual.com\/inicio\/index.php\/2023\/11\/28\/argentina-perdio-por-penales-con-alemania-y-se-quedo-sin-final-en-el-mundial-sub-17\/","name":"Argentina perdi\u00f3 por penales con Alemania y se qued\u00f3 sin final en el Mundial Sub 17 - Diario Textual","isPartOf":{"@id":"https:\/\/diariotextual.com\/inicio\/#website"},"primaryImageOfPage":{"@id":"https:\/\/diariotextual.com\/inicio\/index.php\/2023\/11\/28\/argentina-perdio-por-penales-con-alemania-y-se-quedo-sin-final-en-el-mundial-sub-17\/#primaryimage"},"image":{"@id":"https:\/\/diariotextual.com\/inicio\/index.php\/2023\/11\/28\/argentina-perdio-por-penales-con-alemania-y-se-quedo-sin-final-en-el-mundial-sub-17\/#primaryimage"},"thumbnailUrl":"https:\/\/diariotextual.com\/inicio\/wp-content\/uploads\/2023\/11\/argentinaalemaniasub17mundial2023.jpg","datePublished":"2023-11-28T10:40:20+00:00","dateModified":"2023-11-28T12:04:24+00:00","breadcrumb":{"@id":"https:\/\/diariotextual.com\/inicio\/index.php\/2023\/11\/28\/argentina-perdio-por-penales-con-alemania-y-se-quedo-sin-final-en-el-mundial-sub-17\/#breadcrumb"},"inLanguage":"es","potentialAction":[{"@type":"ReadAction","target":["https:\/\/diariotextual.com\/inicio\/index.php\/2023\/11\/28\/argentina-perdio-por-penales-con-alemania-y-se-quedo-sin-final-en-el-mundial-sub-17\/"]}]},{"@type":"ImageObject","inLanguage":"es","@id":"https:\/\/diariotextual.com\/inicio\/index.php\/2023\/11\/28\/argentina-perdio-por-penales-con-alemania-y-se-quedo-sin-final-en-el-mundial-sub-17\/#primaryimage","url":"https:\/\/diariotextual.com\/inicio\/wp-content\/uploads\/2023\/11\/argentinaalemaniasub17mundial2023.jpg","contentUrl":"https:\/\/diariotextual.com\/inicio\/wp-content\/uploads\/2023\/11\/argentinaalemaniasub17mundial2023.jpg","width":1200,"height":675},{"@type":"BreadcrumbList","@id":"https:\/\/diariotextual.com\/inicio\/index.php\/2023\/11\/28\/argentina-perdio-por-penales-con-alemania-y-se-quedo-sin-final-en-el-mundial-sub-17\/#breadcrumb","itemListElement":[{"@type":"ListItem","position":1,"name":"Portada","item":"https:\/\/diariotextual.com\/inicio\/"},{"@type":"ListItem","position":2,"name":"Argentina perdi\u00f3 por penales con Alemania y se qued\u00f3 sin final en el Mundial Sub 17"}]},{"@type":"WebSite","@id":"https:\/\/diariotextual.com\/inicio\/#website","url":"https:\/\/diariotextual.com\/inicio\/","name":"Diario Textual","description":"","publisher":{"@id":"https:\/\/diariotextual.com\/inicio\/#organization"},"potentialAction":[{"@type":"SearchAction","target":{"@type":"EntryPoint","urlTemplate":"https:\/\/diariotextual.com\/inicio\/?s={search_term_string}"},"query-input":{"@type":"PropertyValueSpecification","valueRequired":true,"valueName":"search_term_string"}}],"inLanguage":"es"},{"@type":"Organization","@id":"https:\/\/diariotextual.com\/inicio\/#organization","name":"Diario Textual","url":"https:\/\/diariotextual.com\/inicio\/","logo":{"@type":"ImageObject","inLanguage":"es","@id":"https:\/\/diariotextual.com\/inicio\/#\/schema\/logo\/image\/","url":"https:\/\/diariotextual.com\/inicio\/wp-content\/uploads\/2023\/05\/logotextual1.jpg","contentUrl":"https:\/\/diariotextual.com\/inicio\/wp-content\/uploads\/2023\/05\/logotextual1.jpg","width":516,"height":76,"caption":"Diario Textual"},"image":{"@id":"https:\/\/diariotextual.com\/inicio\/#\/schema\/logo\/image\/"},"sameAs":["https:\/\/www.facebook.com\/eltextual","https:\/\/x.com\/eltextual","http:\/\/www.instagram.com\/eltextual"]},{"@type":"Person","@id":"https:\/\/diariotextual.com\/inicio\/#\/schema\/person\/c7834961ad8b29b1d9cdbf4571299067","name":"diario5","image":{"@type":"ImageObject","inLanguage":"es","@id":"https:\/\/secure.gravatar.com\/avatar\/948c893b847ca6df68216ead81b63f363408ec9b0f600fefc0641ce78613b111?s=96&d=mm&r=g","url":"https:\/\/secure.gravatar.com\/avatar\/948c893b847ca6df68216ead81b63f363408ec9b0f600fefc0641ce78613b111?s=96&d=mm&r=g","contentUrl":"https:\/\/secure.gravatar.com\/avatar\/948c893b847ca6df68216ead81b63f363408ec9b0f600fefc0641ce78613b111?s=96&d=mm&r=g","caption":"diario5"},"url":"https:\/\/diariotextual.com\/inicio\/index.php\/author\/diario5\/"}]}},"_links":{"self":[{"href":"https:\/\/diariotextual.com\/inicio\/index.php\/wp-json\/wp\/v2\/posts\/245895","targetHints":{"allow":["GET"]}}],"collection":[{"href":"https:\/\/diariotextual.com\/inicio\/index.php\/wp-json\/wp\/v2\/posts"}],"about":[{"href":"https:\/\/diariotextual.com\/inicio\/index.php\/wp-json\/wp\/v2\/types\/post"}],"author":[{"embeddable":true,"href":"https:\/\/diariotextual.com\/inicio\/index.php\/wp-json\/wp\/v2\/users\/7"}],"replies":[{"embeddable":true,"href":"https:\/\/diariotextual.com\/inicio\/index.php\/wp-json\/wp\/v2\/comments?post=245895"}],"version-history":[{"count":4,"href":"https:\/\/diariotextual.com\/inicio\/index.php\/wp-json\/wp\/v2\/posts\/245895\/revisions"}],"predecessor-version":[{"id":245902,"href":"https:\/\/diariotextual.com\/inicio\/index.php\/wp-json\/wp\/v2\/posts\/245895\/revisions\/245902"}],"wp:featuredmedia":[{"embeddable":true,"href":"https:\/\/diariotextual.com\/inicio\/index.php\/wp-json\/wp\/v2\/media\/245897"}],"wp:attachment":[{"href":"https:\/\/diariotextual.com\/inicio\/index.php\/wp-json\/wp\/v2\/media?parent=245895"}],"wp:term":[{"taxonomy":"category","embeddable":true,"href":"https:\/\/diariotextual.com\/inicio\/index.php\/wp-json\/wp\/v2\/categories?post=245895"},{"taxonomy":"post_tag","embeddable":true,"href":"https:\/\/diariotextual.com\/inicio\/index.php\/wp-json\/wp\/v2\/tags?post=245895"}],"curies":[{"name":"wp","href":"https:\/\/api.w.org\/{rel}","templated":true}]}}