{"id":245956,"date":"2023-11-28T11:40:43","date_gmt":"2023-11-28T14:40:43","guid":{"rendered":"https:\/\/diariotextual.com\/inicio\/?p=245956"},"modified":"2023-11-28T18:05:33","modified_gmt":"2023-11-28T21:05:33","slug":"la-intendencia-de-santa-rosa-pide-un-aumento-del-boleto-de-los-micros-urbanos","status":"publish","type":"post","link":"https:\/\/diariotextual.com\/inicio\/index.php\/2023\/11\/28\/la-intendencia-de-santa-rosa-pide-un-aumento-del-boleto-de-los-micros-urbanos\/","title":{"rendered":"La intendencia de Santa Rosa pide un aumento del boleto de los micros urbanos"},"content":{"rendered":"\n<p>El intendente <strong>Luciano di N\u00e1poli <\/strong>anunci\u00f3 que pedir\u00e1 en los pr\u00f3ximos d\u00edas un<strong> \u201caumento razonable\u201d<\/strong> del precio del boleto de colectivos del<strong> Ente Municipal de Transporte Urbano (Emtu).<\/strong><\/p>\n\n\n\n<p>\u201cHace 4 a\u00f1os tomamos la decisi\u00f3n de resolver el problema del transporte p\u00fablico de pasajeros. El panorama era desolador. Todos lo recordamos. Desde entonces, pusimos en marcha una empresa estatal que hoy es ejemplo en la regi\u00f3n. Quienes a diario se suben a las unidades del EMTU pueden dar testimonio de esta transformaci\u00f3n\u201d, dijo.<\/p>\n\n\n\n<p>\u201cLamentablemente, en un contexto de inflaci\u00f3n creciente y prolongada, hemos mantenido el precio del boleto todo lo que pudimos. La \u00faltima actualizaci\u00f3n fue en mayo de este a\u00f1o. En estos meses la inflaci\u00f3n super\u00f3 el 70 %, y es por ello que el precio del boleto debe ser readecuado a la estructura de costos del servicio\u201d, manifest\u00f3.<\/p>\n\n\n\n<p>\u201cTraemos para su consideraci\u00f3n una propuesta razonable, que no hace m\u00e1s que actualizar el valor del boleto, contemplando la inflaci\u00f3n acumulada en estos meses, pero absorbiendo una parte del costo del servicio a cargo del municipio a fin de seguir brindando una prestaci\u00f3n de calidad y a un precio razonable para los vecinos y vecinas, que incluso se mantiene por debajo de ciudades de las mismas dimensiones en otras provincias argentinas\u201d, dijo.<\/p>\n\n\n\n<figure class=\"wp-block-embed is-type-wp-embed is-provider-diario-textual wp-block-embed-diario-textual\"><div class=\"wp-block-embed__wrapper\">\n<blockquote class=\"wp-embedded-content\" data-secret=\"dpfH5dXHKH\"><a href=\"https:\/\/diariotextual.com\/inicio\/index.php\/2023\/11\/28\/di-napoli-anuncio-un-fuerte-ajuste-va-a-eliminar-todas-las-subsecretarias\/\">Di N\u00e1poli anunci\u00f3 un fuerte ajuste: va a eliminar todas las subsecretar\u00edas para tener 20 funcionarios menos<\/a><\/blockquote><iframe class=\"wp-embedded-content\" sandbox=\"allow-scripts\" security=\"restricted\" style=\"position: absolute; clip: rect(1px, 1px, 1px, 1px);\" title=\"\u00abDi N\u00e1poli anunci\u00f3 un fuerte ajuste: va a eliminar todas las subsecretar\u00edas para tener 20 funcionarios menos\u00bb \u2014 Diario Textual\" src=\"https:\/\/diariotextual.com\/inicio\/index.php\/2023\/11\/28\/di-napoli-anuncio-un-fuerte-ajuste-va-a-eliminar-todas-las-subsecretarias\/embed\/#?secret=4g8oE0BgNn#?secret=dpfH5dXHKH\" data-secret=\"dpfH5dXHKH\" width=\"600\" height=\"338\" frameborder=\"0\" marginwidth=\"0\" marginheight=\"0\" scrolling=\"no\"><\/iframe>\n<\/div><\/figure>\n\n\n\n<p><\/p>\n\n\n\n<p><\/p>\n\n\n\n<p><\/p>\n","protected":false},"excerpt":{"rendered":"<p>El intendente Luciano di N\u00e1poli anunci\u00f3 que pedir\u00e1 en los pr\u00f3ximos d\u00edas un \u201caumento razonable\u201d del precio del boleto de colectivos del Ente Municipal de Transporte Urbano (Emtu). \u201cHace 4&hellip;<\/p>\n","protected":false},"author":3,"featured_media":173885,"comment_status":"closed","ping_status":"open","sticky":false,"template":"","format":"standard","meta":{"_acf_changed":false,"footnotes":""},"categories":[1,8],"tags":[],"class_list":["post-245956","post","type-post","status-publish","format-standard","has-post-thumbnail","hentry","category-es-noticia","category-politica"],"acf":[],"yoast_head":"<!-- This site is optimized with the Yoast SEO plugin v27.5 - https:\/\/yoast.com\/product\/yoast-seo-wordpress\/ -->\n<title>La intendencia de Santa Rosa pide un aumento del boleto de los micros urbanos - Diario Textual<\/title>\n<meta name=\"robots\" content=\"index, follow, max-snippet:-1, max-image-preview:large, max-video-preview:-1\" \/>\n<link rel=\"canonical\" href=\"https:\/\/diariotextual.com\/inicio\/index.php\/2023\/11\/28\/la-intendencia-de-santa-rosa-pide-un-aumento-del-boleto-de-los-micros-urbanos\/\" \/>\n<meta property=\"og:locale\" content=\"es_ES\" \/>\n<meta property=\"og:type\" content=\"article\" \/>\n<meta property=\"og:title\" content=\"La intendencia de Santa Rosa pide un aumento del boleto de los micros urbanos - Diario Textual\" \/>\n<meta property=\"og:description\" content=\"El intendente Luciano di N\u00e1poli anunci\u00f3 que pedir\u00e1 en los pr\u00f3ximos d\u00edas un \u201caumento razonable\u201d del precio del boleto de colectivos del Ente Municipal de Transporte Urbano (Emtu). \u201cHace 4&hellip;\" \/>\n<meta property=\"og:url\" content=\"https:\/\/diariotextual.com\/inicio\/index.php\/2023\/11\/28\/la-intendencia-de-santa-rosa-pide-un-aumento-del-boleto-de-los-micros-urbanos\/\" \/>\n<meta property=\"og:site_name\" content=\"Diario Textual\" \/>\n<meta property=\"article:publisher\" content=\"https:\/\/www.facebook.com\/eltextual\" \/>\n<meta property=\"article:published_time\" content=\"2023-11-28T14:40:43+00:00\" \/>\n<meta property=\"article:modified_time\" content=\"2023-11-28T21:05:33+00:00\" \/>\n<meta property=\"og:image\" content=\"https:\/\/diariotextual.com\/inicio\/wp-content\/uploads\/2021\/12\/emtumicroscolectivos2021-3.jpg\" \/>\n\t<meta property=\"og:image:width\" content=\"1280\" \/>\n\t<meta property=\"og:image:height\" content=\"832\" \/>\n\t<meta property=\"og:image:type\" content=\"image\/jpeg\" \/>\n<meta name=\"author\" content=\"Diario1 Diario1\" \/>\n<meta name=\"twitter:card\" content=\"summary_large_image\" \/>\n<meta name=\"twitter:creator\" content=\"@eltextual\" \/>\n<meta name=\"twitter:site\" content=\"@eltextual\" \/>\n<meta name=\"twitter:label1\" content=\"Escrito por\" \/>\n\t<meta name=\"twitter:data1\" content=\"Diario1 Diario1\" \/>\n\t<meta name=\"twitter:label2\" content=\"Tiempo de lectura\" \/>\n\t<meta name=\"twitter:data2\" content=\"1 minuto\" \/>\n<script type=\"application\/ld+json\" class=\"yoast-schema-graph\">{\"@context\":\"https:\\\/\\\/schema.org\",\"@graph\":[{\"@type\":\"Article\",\"@id\":\"https:\\\/\\\/diariotextual.com\\\/inicio\\\/index.php\\\/2023\\\/11\\\/28\\\/la-intendencia-de-santa-rosa-pide-un-aumento-del-boleto-de-los-micros-urbanos\\\/#article\",\"isPartOf\":{\"@id\":\"https:\\\/\\\/diariotextual.com\\\/inicio\\\/index.php\\\/2023\\\/11\\\/28\\\/la-intendencia-de-santa-rosa-pide-un-aumento-del-boleto-de-los-micros-urbanos\\\/\"},\"author\":{\"name\":\"Diario1 Diario1\",\"@id\":\"https:\\\/\\\/diariotextual.com\\\/inicio\\\/#\\\/schema\\\/person\\\/418fc4093c33e86ed41562db3508f958\"},\"headline\":\"La intendencia de Santa Rosa pide un aumento del boleto de los micros urbanos\",\"datePublished\":\"2023-11-28T14:40:43+00:00\",\"dateModified\":\"2023-11-28T21:05:33+00:00\",\"mainEntityOfPage\":{\"@id\":\"https:\\\/\\\/diariotextual.com\\\/inicio\\\/index.php\\\/2023\\\/11\\\/28\\\/la-intendencia-de-santa-rosa-pide-un-aumento-del-boleto-de-los-micros-urbanos\\\/\"},\"wordCount\":245,\"publisher\":{\"@id\":\"https:\\\/\\\/diariotextual.com\\\/inicio\\\/#organization\"},\"image\":{\"@id\":\"https:\\\/\\\/diariotextual.com\\\/inicio\\\/index.php\\\/2023\\\/11\\\/28\\\/la-intendencia-de-santa-rosa-pide-un-aumento-del-boleto-de-los-micros-urbanos\\\/#primaryimage\"},\"thumbnailUrl\":\"https:\\\/\\\/diariotextual.com\\\/inicio\\\/wp-content\\\/uploads\\\/2021\\\/12\\\/emtumicroscolectivos2021-3.jpg\",\"articleSection\":[\"A - ES NOTICIA (van abajo)\",\"POLITICA\"],\"inLanguage\":\"es\"},{\"@type\":\"WebPage\",\"@id\":\"https:\\\/\\\/diariotextual.com\\\/inicio\\\/index.php\\\/2023\\\/11\\\/28\\\/la-intendencia-de-santa-rosa-pide-un-aumento-del-boleto-de-los-micros-urbanos\\\/\",\"url\":\"https:\\\/\\\/diariotextual.com\\\/inicio\\\/index.php\\\/2023\\\/11\\\/28\\\/la-intendencia-de-santa-rosa-pide-un-aumento-del-boleto-de-los-micros-urbanos\\\/\",\"name\":\"La intendencia de Santa Rosa pide un aumento del boleto de los micros urbanos - Diario Textual\",\"isPartOf\":{\"@id\":\"https:\\\/\\\/diariotextual.com\\\/inicio\\\/#website\"},\"primaryImageOfPage\":{\"@id\":\"https:\\\/\\\/diariotextual.com\\\/inicio\\\/index.php\\\/2023\\\/11\\\/28\\\/la-intendencia-de-santa-rosa-pide-un-aumento-del-boleto-de-los-micros-urbanos\\\/#primaryimage\"},\"image\":{\"@id\":\"https:\\\/\\\/diariotextual.com\\\/inicio\\\/index.php\\\/2023\\\/11\\\/28\\\/la-intendencia-de-santa-rosa-pide-un-aumento-del-boleto-de-los-micros-urbanos\\\/#primaryimage\"},\"thumbnailUrl\":\"https:\\\/\\\/diariotextual.com\\\/inicio\\\/wp-content\\\/uploads\\\/2021\\\/12\\\/emtumicroscolectivos2021-3.jpg\",\"datePublished\":\"2023-11-28T14:40:43+00:00\",\"dateModified\":\"2023-11-28T21:05:33+00:00\",\"breadcrumb\":{\"@id\":\"https:\\\/\\\/diariotextual.com\\\/inicio\\\/index.php\\\/2023\\\/11\\\/28\\\/la-intendencia-de-santa-rosa-pide-un-aumento-del-boleto-de-los-micros-urbanos\\\/#breadcrumb\"},\"inLanguage\":\"es\",\"potentialAction\":[{\"@type\":\"ReadAction\",\"target\":[\"https:\\\/\\\/diariotextual.com\\\/inicio\\\/index.php\\\/2023\\\/11\\\/28\\\/la-intendencia-de-santa-rosa-pide-un-aumento-del-boleto-de-los-micros-urbanos\\\/\"]}]},{\"@type\":\"ImageObject\",\"inLanguage\":\"es\",\"@id\":\"https:\\\/\\\/diariotextual.com\\\/inicio\\\/index.php\\\/2023\\\/11\\\/28\\\/la-intendencia-de-santa-rosa-pide-un-aumento-del-boleto-de-los-micros-urbanos\\\/#primaryimage\",\"url\":\"https:\\\/\\\/diariotextual.com\\\/inicio\\\/wp-content\\\/uploads\\\/2021\\\/12\\\/emtumicroscolectivos2021-3.jpg\",\"contentUrl\":\"https:\\\/\\\/diariotextual.com\\\/inicio\\\/wp-content\\\/uploads\\\/2021\\\/12\\\/emtumicroscolectivos2021-3.jpg\",\"width\":1280,\"height\":832},{\"@type\":\"BreadcrumbList\",\"@id\":\"https:\\\/\\\/diariotextual.com\\\/inicio\\\/index.php\\\/2023\\\/11\\\/28\\\/la-intendencia-de-santa-rosa-pide-un-aumento-del-boleto-de-los-micros-urbanos\\\/#breadcrumb\",\"itemListElement\":[{\"@type\":\"ListItem\",\"position\":1,\"name\":\"Portada\",\"item\":\"https:\\\/\\\/diariotextual.com\\\/inicio\\\/\"},{\"@type\":\"ListItem\",\"position\":2,\"name\":\"La intendencia de Santa Rosa pide un aumento del boleto de los micros urbanos\"}]},{\"@type\":\"WebSite\",\"@id\":\"https:\\\/\\\/diariotextual.com\\\/inicio\\\/#website\",\"url\":\"https:\\\/\\\/diariotextual.com\\\/inicio\\\/\",\"name\":\"Diario Textual\",\"description\":\"\",\"publisher\":{\"@id\":\"https:\\\/\\\/diariotextual.com\\\/inicio\\\/#organization\"},\"potentialAction\":[{\"@type\":\"SearchAction\",\"target\":{\"@type\":\"EntryPoint\",\"urlTemplate\":\"https:\\\/\\\/diariotextual.com\\\/inicio\\\/?s={search_term_string}\"},\"query-input\":{\"@type\":\"PropertyValueSpecification\",\"valueRequired\":true,\"valueName\":\"search_term_string\"}}],\"inLanguage\":\"es\"},{\"@type\":\"Organization\",\"@id\":\"https:\\\/\\\/diariotextual.com\\\/inicio\\\/#organization\",\"name\":\"Diario Textual\",\"url\":\"https:\\\/\\\/diariotextual.com\\\/inicio\\\/\",\"logo\":{\"@type\":\"ImageObject\",\"inLanguage\":\"es\",\"@id\":\"https:\\\/\\\/diariotextual.com\\\/inicio\\\/#\\\/schema\\\/logo\\\/image\\\/\",\"url\":\"https:\\\/\\\/diariotextual.com\\\/inicio\\\/wp-content\\\/uploads\\\/2023\\\/05\\\/logotextual1.jpg\",\"contentUrl\":\"https:\\\/\\\/diariotextual.com\\\/inicio\\\/wp-content\\\/uploads\\\/2023\\\/05\\\/logotextual1.jpg\",\"width\":516,\"height\":76,\"caption\":\"Diario Textual\"},\"image\":{\"@id\":\"https:\\\/\\\/diariotextual.com\\\/inicio\\\/#\\\/schema\\\/logo\\\/image\\\/\"},\"sameAs\":[\"https:\\\/\\\/www.facebook.com\\\/eltextual\",\"https:\\\/\\\/x.com\\\/eltextual\",\"http:\\\/\\\/www.instagram.com\\\/eltextual\"]},{\"@type\":\"Person\",\"@id\":\"https:\\\/\\\/diariotextual.com\\\/inicio\\\/#\\\/schema\\\/person\\\/418fc4093c33e86ed41562db3508f958\",\"name\":\"Diario1 Diario1\",\"image\":{\"@type\":\"ImageObject\",\"inLanguage\":\"es\",\"@id\":\"https:\\\/\\\/secure.gravatar.com\\\/avatar\\\/9167d280179c85bc18be67aa7eda765854300033af4896dd779b608640f2ef7a?s=96&d=mm&r=g\",\"url\":\"https:\\\/\\\/secure.gravatar.com\\\/avatar\\\/9167d280179c85bc18be67aa7eda765854300033af4896dd779b608640f2ef7a?s=96&d=mm&r=g\",\"contentUrl\":\"https:\\\/\\\/secure.gravatar.com\\\/avatar\\\/9167d280179c85bc18be67aa7eda765854300033af4896dd779b608640f2ef7a?s=96&d=mm&r=g\",\"caption\":\"Diario1 Diario1\"},\"url\":\"https:\\\/\\\/diariotextual.com\\\/inicio\\\/index.php\\\/author\\\/diario1\\\/\"}]}<\/script>\n<!-- \/ Yoast SEO plugin. -->","yoast_head_json":{"title":"La intendencia de Santa Rosa pide un aumento del boleto de los micros urbanos - Diario Textual","robots":{"index":"index","follow":"follow","max-snippet":"max-snippet:-1","max-image-preview":"max-image-preview:large","max-video-preview":"max-video-preview:-1"},"canonical":"https:\/\/diariotextual.com\/inicio\/index.php\/2023\/11\/28\/la-intendencia-de-santa-rosa-pide-un-aumento-del-boleto-de-los-micros-urbanos\/","og_locale":"es_ES","og_type":"article","og_title":"La intendencia de Santa Rosa pide un aumento del boleto de los micros urbanos - Diario Textual","og_description":"El intendente Luciano di N\u00e1poli anunci\u00f3 que pedir\u00e1 en los pr\u00f3ximos d\u00edas un \u201caumento razonable\u201d del precio del boleto de colectivos del Ente Municipal de Transporte Urbano (Emtu). \u201cHace 4&hellip;","og_url":"https:\/\/diariotextual.com\/inicio\/index.php\/2023\/11\/28\/la-intendencia-de-santa-rosa-pide-un-aumento-del-boleto-de-los-micros-urbanos\/","og_site_name":"Diario Textual","article_publisher":"https:\/\/www.facebook.com\/eltextual","article_published_time":"2023-11-28T14:40:43+00:00","article_modified_time":"2023-11-28T21:05:33+00:00","og_image":[{"width":1280,"height":832,"url":"https:\/\/diariotextual.com\/inicio\/wp-content\/uploads\/2021\/12\/emtumicroscolectivos2021-3.jpg","type":"image\/jpeg"}],"author":"Diario1 Diario1","twitter_card":"summary_large_image","twitter_creator":"@eltextual","twitter_site":"@eltextual","twitter_misc":{"Escrito por":"Diario1 Diario1","Tiempo de lectura":"1 minuto"},"schema":{"@context":"https:\/\/schema.org","@graph":[{"@type":"Article","@id":"https:\/\/diariotextual.com\/inicio\/index.php\/2023\/11\/28\/la-intendencia-de-santa-rosa-pide-un-aumento-del-boleto-de-los-micros-urbanos\/#article","isPartOf":{"@id":"https:\/\/diariotextual.com\/inicio\/index.php\/2023\/11\/28\/la-intendencia-de-santa-rosa-pide-un-aumento-del-boleto-de-los-micros-urbanos\/"},"author":{"name":"Diario1 Diario1","@id":"https:\/\/diariotextual.com\/inicio\/#\/schema\/person\/418fc4093c33e86ed41562db3508f958"},"headline":"La intendencia de Santa Rosa pide un aumento del boleto de los micros urbanos","datePublished":"2023-11-28T14:40:43+00:00","dateModified":"2023-11-28T21:05:33+00:00","mainEntityOfPage":{"@id":"https:\/\/diariotextual.com\/inicio\/index.php\/2023\/11\/28\/la-intendencia-de-santa-rosa-pide-un-aumento-del-boleto-de-los-micros-urbanos\/"},"wordCount":245,"publisher":{"@id":"https:\/\/diariotextual.com\/inicio\/#organization"},"image":{"@id":"https:\/\/diariotextual.com\/inicio\/index.php\/2023\/11\/28\/la-intendencia-de-santa-rosa-pide-un-aumento-del-boleto-de-los-micros-urbanos\/#primaryimage"},"thumbnailUrl":"https:\/\/diariotextual.com\/inicio\/wp-content\/uploads\/2021\/12\/emtumicroscolectivos2021-3.jpg","articleSection":["A - ES NOTICIA (van abajo)","POLITICA"],"inLanguage":"es"},{"@type":"WebPage","@id":"https:\/\/diariotextual.com\/inicio\/index.php\/2023\/11\/28\/la-intendencia-de-santa-rosa-pide-un-aumento-del-boleto-de-los-micros-urbanos\/","url":"https:\/\/diariotextual.com\/inicio\/index.php\/2023\/11\/28\/la-intendencia-de-santa-rosa-pide-un-aumento-del-boleto-de-los-micros-urbanos\/","name":"La intendencia de Santa Rosa pide un aumento del boleto de los micros urbanos - Diario Textual","isPartOf":{"@id":"https:\/\/diariotextual.com\/inicio\/#website"},"primaryImageOfPage":{"@id":"https:\/\/diariotextual.com\/inicio\/index.php\/2023\/11\/28\/la-intendencia-de-santa-rosa-pide-un-aumento-del-boleto-de-los-micros-urbanos\/#primaryimage"},"image":{"@id":"https:\/\/diariotextual.com\/inicio\/index.php\/2023\/11\/28\/la-intendencia-de-santa-rosa-pide-un-aumento-del-boleto-de-los-micros-urbanos\/#primaryimage"},"thumbnailUrl":"https:\/\/diariotextual.com\/inicio\/wp-content\/uploads\/2021\/12\/emtumicroscolectivos2021-3.jpg","datePublished":"2023-11-28T14:40:43+00:00","dateModified":"2023-11-28T21:05:33+00:00","breadcrumb":{"@id":"https:\/\/diariotextual.com\/inicio\/index.php\/2023\/11\/28\/la-intendencia-de-santa-rosa-pide-un-aumento-del-boleto-de-los-micros-urbanos\/#breadcrumb"},"inLanguage":"es","potentialAction":[{"@type":"ReadAction","target":["https:\/\/diariotextual.com\/inicio\/index.php\/2023\/11\/28\/la-intendencia-de-santa-rosa-pide-un-aumento-del-boleto-de-los-micros-urbanos\/"]}]},{"@type":"ImageObject","inLanguage":"es","@id":"https:\/\/diariotextual.com\/inicio\/index.php\/2023\/11\/28\/la-intendencia-de-santa-rosa-pide-un-aumento-del-boleto-de-los-micros-urbanos\/#primaryimage","url":"https:\/\/diariotextual.com\/inicio\/wp-content\/uploads\/2021\/12\/emtumicroscolectivos2021-3.jpg","contentUrl":"https:\/\/diariotextual.com\/inicio\/wp-content\/uploads\/2021\/12\/emtumicroscolectivos2021-3.jpg","width":1280,"height":832},{"@type":"BreadcrumbList","@id":"https:\/\/diariotextual.com\/inicio\/index.php\/2023\/11\/28\/la-intendencia-de-santa-rosa-pide-un-aumento-del-boleto-de-los-micros-urbanos\/#breadcrumb","itemListElement":[{"@type":"ListItem","position":1,"name":"Portada","item":"https:\/\/diariotextual.com\/inicio\/"},{"@type":"ListItem","position":2,"name":"La intendencia de Santa Rosa pide un aumento del boleto de los micros urbanos"}]},{"@type":"WebSite","@id":"https:\/\/diariotextual.com\/inicio\/#website","url":"https:\/\/diariotextual.com\/inicio\/","name":"Diario Textual","description":"","publisher":{"@id":"https:\/\/diariotextual.com\/inicio\/#organization"},"potentialAction":[{"@type":"SearchAction","target":{"@type":"EntryPoint","urlTemplate":"https:\/\/diariotextual.com\/inicio\/?s={search_term_string}"},"query-input":{"@type":"PropertyValueSpecification","valueRequired":true,"valueName":"search_term_string"}}],"inLanguage":"es"},{"@type":"Organization","@id":"https:\/\/diariotextual.com\/inicio\/#organization","name":"Diario Textual","url":"https:\/\/diariotextual.com\/inicio\/","logo":{"@type":"ImageObject","inLanguage":"es","@id":"https:\/\/diariotextual.com\/inicio\/#\/schema\/logo\/image\/","url":"https:\/\/diariotextual.com\/inicio\/wp-content\/uploads\/2023\/05\/logotextual1.jpg","contentUrl":"https:\/\/diariotextual.com\/inicio\/wp-content\/uploads\/2023\/05\/logotextual1.jpg","width":516,"height":76,"caption":"Diario Textual"},"image":{"@id":"https:\/\/diariotextual.com\/inicio\/#\/schema\/logo\/image\/"},"sameAs":["https:\/\/www.facebook.com\/eltextual","https:\/\/x.com\/eltextual","http:\/\/www.instagram.com\/eltextual"]},{"@type":"Person","@id":"https:\/\/diariotextual.com\/inicio\/#\/schema\/person\/418fc4093c33e86ed41562db3508f958","name":"Diario1 Diario1","image":{"@type":"ImageObject","inLanguage":"es","@id":"https:\/\/secure.gravatar.com\/avatar\/9167d280179c85bc18be67aa7eda765854300033af4896dd779b608640f2ef7a?s=96&d=mm&r=g","url":"https:\/\/secure.gravatar.com\/avatar\/9167d280179c85bc18be67aa7eda765854300033af4896dd779b608640f2ef7a?s=96&d=mm&r=g","contentUrl":"https:\/\/secure.gravatar.com\/avatar\/9167d280179c85bc18be67aa7eda765854300033af4896dd779b608640f2ef7a?s=96&d=mm&r=g","caption":"Diario1 Diario1"},"url":"https:\/\/diariotextual.com\/inicio\/index.php\/author\/diario1\/"}]}},"_links":{"self":[{"href":"https:\/\/diariotextual.com\/inicio\/index.php\/wp-json\/wp\/v2\/posts\/245956","targetHints":{"allow":["GET"]}}],"collection":[{"href":"https:\/\/diariotextual.com\/inicio\/index.php\/wp-json\/wp\/v2\/posts"}],"about":[{"href":"https:\/\/diariotextual.com\/inicio\/index.php\/wp-json\/wp\/v2\/types\/post"}],"author":[{"embeddable":true,"href":"https:\/\/diariotextual.com\/inicio\/index.php\/wp-json\/wp\/v2\/users\/3"}],"replies":[{"embeddable":true,"href":"https:\/\/diariotextual.com\/inicio\/index.php\/wp-json\/wp\/v2\/comments?post=245956"}],"version-history":[{"count":3,"href":"https:\/\/diariotextual.com\/inicio\/index.php\/wp-json\/wp\/v2\/posts\/245956\/revisions"}],"predecessor-version":[{"id":245959,"href":"https:\/\/diariotextual.com\/inicio\/index.php\/wp-json\/wp\/v2\/posts\/245956\/revisions\/245959"}],"wp:featuredmedia":[{"embeddable":true,"href":"https:\/\/diariotextual.com\/inicio\/index.php\/wp-json\/wp\/v2\/media\/173885"}],"wp:attachment":[{"href":"https:\/\/diariotextual.com\/inicio\/index.php\/wp-json\/wp\/v2\/media?parent=245956"}],"wp:term":[{"taxonomy":"category","embeddable":true,"href":"https:\/\/diariotextual.com\/inicio\/index.php\/wp-json\/wp\/v2\/categories?post=245956"},{"taxonomy":"post_tag","embeddable":true,"href":"https:\/\/diariotextual.com\/inicio\/index.php\/wp-json\/wp\/v2\/tags?post=245956"}],"curies":[{"name":"wp","href":"https:\/\/api.w.org\/{rel}","templated":true}]}}