{"id":245986,"date":"2023-11-28T18:05:16","date_gmt":"2023-11-28T21:05:16","guid":{"rendered":"https:\/\/diariotextual.com\/inicio\/?p=245986"},"modified":"2023-11-29T07:28:26","modified_gmt":"2023-11-29T10:28:26","slug":"los-gobernadores-del-pj-y-el-enviado-de-milei-en-una-reunion-caliente-con-un-fuerte-reclamo-por-fondos","status":"publish","type":"post","link":"https:\/\/diariotextual.com\/inicio\/index.php\/2023\/11\/28\/los-gobernadores-del-pj-y-el-enviado-de-milei-en-una-reunion-caliente-con-un-fuerte-reclamo-por-fondos\/","title":{"rendered":"Los gobernadores del PJ y el enviado de Milei, en una reuni\u00f3n caliente con un fuerte reclamo por fondos"},"content":{"rendered":"\n<p>En el piso 19 de la sede del Banco Provincia en plena city porte\u00f1a el enviado de Javier Milei, el designado ministro del Interior, Guillermo Francos escuch\u00f3 los reclamos, preocupaci\u00f3n y dudas de 13 gobernadores del PJ que garantizaron \u201cgobernabilidad a futuro\u201d pero que tambi\u00e9n buscaron certezas para manejarse con el gobierno que viene.<\/p>\n\n\n\n<p>A lo largo de m\u00e1s de dos horas de encuentro con los mandatarios peronistas, donde no faltaron reproches y reclamos varios, Francos se comprometi\u00f3 a dar respuestas hacia el futuro aunque se deslig\u00f3 de los problemas presentes que tienen las provincias y se\u00f1al\u00f3 directamente al ministro de Econom\u00eda, Sergio Massa, public\u00f3 El Cronista.<\/p>\n\n\n\n<p>Seg\u00fan relataron a El Cronista varios de los mandatarios del PJ presentes en la reuni\u00f3n con el enviado de Milei hubo inquietudes por el agujero fiscal y la falta de fondos para el pago de aguinaldos a empleados estatales o para la obra p\u00fablica. Pero Francos fue tajante en este punto: el agujero fiscal que se produjo en las provincias por la quita de Ganancias y el compres sin IVA es \u201cresponsabilidad exclusiva\u201d del actual gobierno y hacia all\u00ed deben reclamar.<\/p>\n\n\n\n<p>\u201cHasta el 10 de diciembre los problemas de falta de recursos de las provincias por decisiones del Ejecutivo se deben resolver con las actuales autoridades\u201d, dijo Francos sin vueltas. As\u00ed, terminada la reuni\u00f3n los gobernadores del PJ acordaron verlo a Massa para que les ofrezca una soluci\u00f3n ante el bache fiscal.<\/p>\n\n\n\n<p>Para los referentes de Milei y en coincidencia tambi\u00e9n para los mandatarios del PJ, el excandidato presidencial y ministro de Econom\u00eda deber\u00e1 dar respuesta a los reclamos de las provincias hasta el final de mandato de Alberto Fern\u00e1ndez.<\/p>\n\n\n\n<p>Por otra parte, el enviado de Milei que estar\u00e1 encargado de la relaci\u00f3n con las provincias se comprometi\u00f3 a revisar con el designado ministro de Infraestructura, Guillermo Ferraro, el faltante de fondos que pudiera existir en adelante para la obra p\u00fablica. Es que Milei fue tajante en este punto. \u201cNo hay plata y las obras que haya que terminar que se acuerden con el sector privado o no se hagan\u201d, dijo.&nbsp;<\/p>\n\n\n\n<p>Adem\u00e1s, se habl\u00f3 de una redefinici\u00f3n en los impuestos provinciales en el futuro inmediato y un debate por la coparticipaci\u00f3n para m\u00e1s adelante.<\/p>\n\n\n\n<p>En la reuni\u00f3n en el Banco Provincia estuvieron los gobernadores Jorge Capitanich (Chaco), Ra\u00fal Jalil (Catamarca), Gerardo Zamora (Santiago del Estero), Axel Kicillof (Buenos Aires), Sergio Ziliotto (La Pampa), Gustavo Bordet (Entre R\u00edos), Ricardo Quintela (La Rioja), Oscar Herrera Ahuad (Misiones), Gildo Insfr\u00e1n (Formosa), Sergio U\u00f1ac (San Juan), Gustavo Melella (Tierra del Fuego), Alicia Kirchner (Santa Cruz) y Osvaldo Jaldo (Tucum\u00e1n).<\/p>\n","protected":false},"excerpt":{"rendered":"<p>En el piso 19 de la sede del Banco Provincia en plena city porte\u00f1a el enviado de Javier Milei, el designado ministro del Interior, Guillermo Francos escuch\u00f3 los reclamos, preocupaci\u00f3n&hellip;<\/p>\n","protected":false},"author":3,"featured_media":190377,"comment_status":"closed","ping_status":"open","sticky":false,"template":"","format":"standard","meta":{"_acf_changed":false,"footnotes":""},"categories":[1,8],"tags":[],"class_list":["post-245986","post","type-post","status-publish","format-standard","has-post-thumbnail","hentry","category-es-noticia","category-politica"],"acf":[],"yoast_head":"<!-- This site is optimized with the Yoast SEO plugin v27.5 - https:\/\/yoast.com\/product\/yoast-seo-wordpress\/ -->\n<title>Los gobernadores del PJ y el enviado de Milei, en una reuni\u00f3n caliente con un fuerte reclamo por fondos - Diario Textual<\/title>\n<meta name=\"robots\" content=\"index, follow, max-snippet:-1, max-image-preview:large, max-video-preview:-1\" \/>\n<link rel=\"canonical\" href=\"https:\/\/diariotextual.com\/inicio\/index.php\/2023\/11\/28\/los-gobernadores-del-pj-y-el-enviado-de-milei-en-una-reunion-caliente-con-un-fuerte-reclamo-por-fondos\/\" \/>\n<meta property=\"og:locale\" content=\"es_ES\" \/>\n<meta property=\"og:type\" content=\"article\" \/>\n<meta property=\"og:title\" content=\"Los gobernadores del PJ y el enviado de Milei, en una reuni\u00f3n caliente con un fuerte reclamo por fondos - Diario Textual\" \/>\n<meta property=\"og:description\" content=\"En el piso 19 de la sede del Banco Provincia en plena city porte\u00f1a el enviado de Javier Milei, el designado ministro del Interior, Guillermo Francos escuch\u00f3 los reclamos, preocupaci\u00f3n&hellip;\" \/>\n<meta property=\"og:url\" content=\"https:\/\/diariotextual.com\/inicio\/index.php\/2023\/11\/28\/los-gobernadores-del-pj-y-el-enviado-de-milei-en-una-reunion-caliente-con-un-fuerte-reclamo-por-fondos\/\" \/>\n<meta property=\"og:site_name\" content=\"Diario Textual\" \/>\n<meta property=\"article:publisher\" content=\"https:\/\/www.facebook.com\/eltextual\" \/>\n<meta property=\"article:published_time\" content=\"2023-11-28T21:05:16+00:00\" \/>\n<meta property=\"article:modified_time\" content=\"2023-11-29T10:28:26+00:00\" \/>\n<meta property=\"og:image\" content=\"https:\/\/diariotextual.com\/inicio\/wp-content\/uploads\/2022\/06\/ziliottosergiogobernadores2022-11.jpg\" \/>\n\t<meta property=\"og:image:width\" content=\"1500\" \/>\n\t<meta property=\"og:image:height\" content=\"1000\" \/>\n\t<meta property=\"og:image:type\" content=\"image\/jpeg\" \/>\n<meta name=\"author\" content=\"Diario1 Diario1\" \/>\n<meta name=\"twitter:card\" content=\"summary_large_image\" \/>\n<meta name=\"twitter:creator\" content=\"@eltextual\" \/>\n<meta name=\"twitter:site\" content=\"@eltextual\" \/>\n<meta name=\"twitter:label1\" content=\"Escrito por\" \/>\n\t<meta name=\"twitter:data1\" content=\"Diario1 Diario1\" \/>\n\t<meta name=\"twitter:label2\" content=\"Tiempo de lectura\" \/>\n\t<meta name=\"twitter:data2\" content=\"2 minutos\" \/>\n<script type=\"application\/ld+json\" class=\"yoast-schema-graph\">{\"@context\":\"https:\\\/\\\/schema.org\",\"@graph\":[{\"@type\":\"Article\",\"@id\":\"https:\\\/\\\/diariotextual.com\\\/inicio\\\/index.php\\\/2023\\\/11\\\/28\\\/los-gobernadores-del-pj-y-el-enviado-de-milei-en-una-reunion-caliente-con-un-fuerte-reclamo-por-fondos\\\/#article\",\"isPartOf\":{\"@id\":\"https:\\\/\\\/diariotextual.com\\\/inicio\\\/index.php\\\/2023\\\/11\\\/28\\\/los-gobernadores-del-pj-y-el-enviado-de-milei-en-una-reunion-caliente-con-un-fuerte-reclamo-por-fondos\\\/\"},\"author\":{\"name\":\"Diario1 Diario1\",\"@id\":\"https:\\\/\\\/diariotextual.com\\\/inicio\\\/#\\\/schema\\\/person\\\/418fc4093c33e86ed41562db3508f958\"},\"headline\":\"Los gobernadores del PJ y el enviado de Milei, en una reuni\u00f3n caliente con un fuerte reclamo por fondos\",\"datePublished\":\"2023-11-28T21:05:16+00:00\",\"dateModified\":\"2023-11-29T10:28:26+00:00\",\"mainEntityOfPage\":{\"@id\":\"https:\\\/\\\/diariotextual.com\\\/inicio\\\/index.php\\\/2023\\\/11\\\/28\\\/los-gobernadores-del-pj-y-el-enviado-de-milei-en-una-reunion-caliente-con-un-fuerte-reclamo-por-fondos\\\/\"},\"wordCount\":476,\"publisher\":{\"@id\":\"https:\\\/\\\/diariotextual.com\\\/inicio\\\/#organization\"},\"image\":{\"@id\":\"https:\\\/\\\/diariotextual.com\\\/inicio\\\/index.php\\\/2023\\\/11\\\/28\\\/los-gobernadores-del-pj-y-el-enviado-de-milei-en-una-reunion-caliente-con-un-fuerte-reclamo-por-fondos\\\/#primaryimage\"},\"thumbnailUrl\":\"https:\\\/\\\/diariotextual.com\\\/inicio\\\/wp-content\\\/uploads\\\/2022\\\/06\\\/ziliottosergiogobernadores2022-11.jpg\",\"articleSection\":[\"A - ES NOTICIA (van abajo)\",\"POLITICA\"],\"inLanguage\":\"es\"},{\"@type\":\"WebPage\",\"@id\":\"https:\\\/\\\/diariotextual.com\\\/inicio\\\/index.php\\\/2023\\\/11\\\/28\\\/los-gobernadores-del-pj-y-el-enviado-de-milei-en-una-reunion-caliente-con-un-fuerte-reclamo-por-fondos\\\/\",\"url\":\"https:\\\/\\\/diariotextual.com\\\/inicio\\\/index.php\\\/2023\\\/11\\\/28\\\/los-gobernadores-del-pj-y-el-enviado-de-milei-en-una-reunion-caliente-con-un-fuerte-reclamo-por-fondos\\\/\",\"name\":\"Los gobernadores del PJ y el enviado de Milei, en una reuni\u00f3n caliente con un fuerte reclamo por fondos - Diario Textual\",\"isPartOf\":{\"@id\":\"https:\\\/\\\/diariotextual.com\\\/inicio\\\/#website\"},\"primaryImageOfPage\":{\"@id\":\"https:\\\/\\\/diariotextual.com\\\/inicio\\\/index.php\\\/2023\\\/11\\\/28\\\/los-gobernadores-del-pj-y-el-enviado-de-milei-en-una-reunion-caliente-con-un-fuerte-reclamo-por-fondos\\\/#primaryimage\"},\"image\":{\"@id\":\"https:\\\/\\\/diariotextual.com\\\/inicio\\\/index.php\\\/2023\\\/11\\\/28\\\/los-gobernadores-del-pj-y-el-enviado-de-milei-en-una-reunion-caliente-con-un-fuerte-reclamo-por-fondos\\\/#primaryimage\"},\"thumbnailUrl\":\"https:\\\/\\\/diariotextual.com\\\/inicio\\\/wp-content\\\/uploads\\\/2022\\\/06\\\/ziliottosergiogobernadores2022-11.jpg\",\"datePublished\":\"2023-11-28T21:05:16+00:00\",\"dateModified\":\"2023-11-29T10:28:26+00:00\",\"breadcrumb\":{\"@id\":\"https:\\\/\\\/diariotextual.com\\\/inicio\\\/index.php\\\/2023\\\/11\\\/28\\\/los-gobernadores-del-pj-y-el-enviado-de-milei-en-una-reunion-caliente-con-un-fuerte-reclamo-por-fondos\\\/#breadcrumb\"},\"inLanguage\":\"es\",\"potentialAction\":[{\"@type\":\"ReadAction\",\"target\":[\"https:\\\/\\\/diariotextual.com\\\/inicio\\\/index.php\\\/2023\\\/11\\\/28\\\/los-gobernadores-del-pj-y-el-enviado-de-milei-en-una-reunion-caliente-con-un-fuerte-reclamo-por-fondos\\\/\"]}]},{\"@type\":\"ImageObject\",\"inLanguage\":\"es\",\"@id\":\"https:\\\/\\\/diariotextual.com\\\/inicio\\\/index.php\\\/2023\\\/11\\\/28\\\/los-gobernadores-del-pj-y-el-enviado-de-milei-en-una-reunion-caliente-con-un-fuerte-reclamo-por-fondos\\\/#primaryimage\",\"url\":\"https:\\\/\\\/diariotextual.com\\\/inicio\\\/wp-content\\\/uploads\\\/2022\\\/06\\\/ziliottosergiogobernadores2022-11.jpg\",\"contentUrl\":\"https:\\\/\\\/diariotextual.com\\\/inicio\\\/wp-content\\\/uploads\\\/2022\\\/06\\\/ziliottosergiogobernadores2022-11.jpg\",\"width\":1500,\"height\":1000},{\"@type\":\"BreadcrumbList\",\"@id\":\"https:\\\/\\\/diariotextual.com\\\/inicio\\\/index.php\\\/2023\\\/11\\\/28\\\/los-gobernadores-del-pj-y-el-enviado-de-milei-en-una-reunion-caliente-con-un-fuerte-reclamo-por-fondos\\\/#breadcrumb\",\"itemListElement\":[{\"@type\":\"ListItem\",\"position\":1,\"name\":\"Portada\",\"item\":\"https:\\\/\\\/diariotextual.com\\\/inicio\\\/\"},{\"@type\":\"ListItem\",\"position\":2,\"name\":\"Los gobernadores del PJ y el enviado de Milei, en una reuni\u00f3n caliente con un fuerte reclamo por fondos\"}]},{\"@type\":\"WebSite\",\"@id\":\"https:\\\/\\\/diariotextual.com\\\/inicio\\\/#website\",\"url\":\"https:\\\/\\\/diariotextual.com\\\/inicio\\\/\",\"name\":\"Diario Textual\",\"description\":\"\",\"publisher\":{\"@id\":\"https:\\\/\\\/diariotextual.com\\\/inicio\\\/#organization\"},\"potentialAction\":[{\"@type\":\"SearchAction\",\"target\":{\"@type\":\"EntryPoint\",\"urlTemplate\":\"https:\\\/\\\/diariotextual.com\\\/inicio\\\/?s={search_term_string}\"},\"query-input\":{\"@type\":\"PropertyValueSpecification\",\"valueRequired\":true,\"valueName\":\"search_term_string\"}}],\"inLanguage\":\"es\"},{\"@type\":\"Organization\",\"@id\":\"https:\\\/\\\/diariotextual.com\\\/inicio\\\/#organization\",\"name\":\"Diario Textual\",\"url\":\"https:\\\/\\\/diariotextual.com\\\/inicio\\\/\",\"logo\":{\"@type\":\"ImageObject\",\"inLanguage\":\"es\",\"@id\":\"https:\\\/\\\/diariotextual.com\\\/inicio\\\/#\\\/schema\\\/logo\\\/image\\\/\",\"url\":\"https:\\\/\\\/diariotextual.com\\\/inicio\\\/wp-content\\\/uploads\\\/2023\\\/05\\\/logotextual1.jpg\",\"contentUrl\":\"https:\\\/\\\/diariotextual.com\\\/inicio\\\/wp-content\\\/uploads\\\/2023\\\/05\\\/logotextual1.jpg\",\"width\":516,\"height\":76,\"caption\":\"Diario Textual\"},\"image\":{\"@id\":\"https:\\\/\\\/diariotextual.com\\\/inicio\\\/#\\\/schema\\\/logo\\\/image\\\/\"},\"sameAs\":[\"https:\\\/\\\/www.facebook.com\\\/eltextual\",\"https:\\\/\\\/x.com\\\/eltextual\",\"http:\\\/\\\/www.instagram.com\\\/eltextual\"]},{\"@type\":\"Person\",\"@id\":\"https:\\\/\\\/diariotextual.com\\\/inicio\\\/#\\\/schema\\\/person\\\/418fc4093c33e86ed41562db3508f958\",\"name\":\"Diario1 Diario1\",\"image\":{\"@type\":\"ImageObject\",\"inLanguage\":\"es\",\"@id\":\"https:\\\/\\\/secure.gravatar.com\\\/avatar\\\/9167d280179c85bc18be67aa7eda765854300033af4896dd779b608640f2ef7a?s=96&d=mm&r=g\",\"url\":\"https:\\\/\\\/secure.gravatar.com\\\/avatar\\\/9167d280179c85bc18be67aa7eda765854300033af4896dd779b608640f2ef7a?s=96&d=mm&r=g\",\"contentUrl\":\"https:\\\/\\\/secure.gravatar.com\\\/avatar\\\/9167d280179c85bc18be67aa7eda765854300033af4896dd779b608640f2ef7a?s=96&d=mm&r=g\",\"caption\":\"Diario1 Diario1\"},\"url\":\"https:\\\/\\\/diariotextual.com\\\/inicio\\\/index.php\\\/author\\\/diario1\\\/\"}]}<\/script>\n<!-- \/ Yoast SEO plugin. -->","yoast_head_json":{"title":"Los gobernadores del PJ y el enviado de Milei, en una reuni\u00f3n caliente con un fuerte reclamo por fondos - Diario Textual","robots":{"index":"index","follow":"follow","max-snippet":"max-snippet:-1","max-image-preview":"max-image-preview:large","max-video-preview":"max-video-preview:-1"},"canonical":"https:\/\/diariotextual.com\/inicio\/index.php\/2023\/11\/28\/los-gobernadores-del-pj-y-el-enviado-de-milei-en-una-reunion-caliente-con-un-fuerte-reclamo-por-fondos\/","og_locale":"es_ES","og_type":"article","og_title":"Los gobernadores del PJ y el enviado de Milei, en una reuni\u00f3n caliente con un fuerte reclamo por fondos - Diario Textual","og_description":"En el piso 19 de la sede del Banco Provincia en plena city porte\u00f1a el enviado de Javier Milei, el designado ministro del Interior, Guillermo Francos escuch\u00f3 los reclamos, preocupaci\u00f3n&hellip;","og_url":"https:\/\/diariotextual.com\/inicio\/index.php\/2023\/11\/28\/los-gobernadores-del-pj-y-el-enviado-de-milei-en-una-reunion-caliente-con-un-fuerte-reclamo-por-fondos\/","og_site_name":"Diario Textual","article_publisher":"https:\/\/www.facebook.com\/eltextual","article_published_time":"2023-11-28T21:05:16+00:00","article_modified_time":"2023-11-29T10:28:26+00:00","og_image":[{"width":1500,"height":1000,"url":"https:\/\/diariotextual.com\/inicio\/wp-content\/uploads\/2022\/06\/ziliottosergiogobernadores2022-11.jpg","type":"image\/jpeg"}],"author":"Diario1 Diario1","twitter_card":"summary_large_image","twitter_creator":"@eltextual","twitter_site":"@eltextual","twitter_misc":{"Escrito por":"Diario1 Diario1","Tiempo de lectura":"2 minutos"},"schema":{"@context":"https:\/\/schema.org","@graph":[{"@type":"Article","@id":"https:\/\/diariotextual.com\/inicio\/index.php\/2023\/11\/28\/los-gobernadores-del-pj-y-el-enviado-de-milei-en-una-reunion-caliente-con-un-fuerte-reclamo-por-fondos\/#article","isPartOf":{"@id":"https:\/\/diariotextual.com\/inicio\/index.php\/2023\/11\/28\/los-gobernadores-del-pj-y-el-enviado-de-milei-en-una-reunion-caliente-con-un-fuerte-reclamo-por-fondos\/"},"author":{"name":"Diario1 Diario1","@id":"https:\/\/diariotextual.com\/inicio\/#\/schema\/person\/418fc4093c33e86ed41562db3508f958"},"headline":"Los gobernadores del PJ y el enviado de Milei, en una reuni\u00f3n caliente con un fuerte reclamo por fondos","datePublished":"2023-11-28T21:05:16+00:00","dateModified":"2023-11-29T10:28:26+00:00","mainEntityOfPage":{"@id":"https:\/\/diariotextual.com\/inicio\/index.php\/2023\/11\/28\/los-gobernadores-del-pj-y-el-enviado-de-milei-en-una-reunion-caliente-con-un-fuerte-reclamo-por-fondos\/"},"wordCount":476,"publisher":{"@id":"https:\/\/diariotextual.com\/inicio\/#organization"},"image":{"@id":"https:\/\/diariotextual.com\/inicio\/index.php\/2023\/11\/28\/los-gobernadores-del-pj-y-el-enviado-de-milei-en-una-reunion-caliente-con-un-fuerte-reclamo-por-fondos\/#primaryimage"},"thumbnailUrl":"https:\/\/diariotextual.com\/inicio\/wp-content\/uploads\/2022\/06\/ziliottosergiogobernadores2022-11.jpg","articleSection":["A - ES NOTICIA (van abajo)","POLITICA"],"inLanguage":"es"},{"@type":"WebPage","@id":"https:\/\/diariotextual.com\/inicio\/index.php\/2023\/11\/28\/los-gobernadores-del-pj-y-el-enviado-de-milei-en-una-reunion-caliente-con-un-fuerte-reclamo-por-fondos\/","url":"https:\/\/diariotextual.com\/inicio\/index.php\/2023\/11\/28\/los-gobernadores-del-pj-y-el-enviado-de-milei-en-una-reunion-caliente-con-un-fuerte-reclamo-por-fondos\/","name":"Los gobernadores del PJ y el enviado de Milei, en una reuni\u00f3n caliente con un fuerte reclamo por fondos - Diario Textual","isPartOf":{"@id":"https:\/\/diariotextual.com\/inicio\/#website"},"primaryImageOfPage":{"@id":"https:\/\/diariotextual.com\/inicio\/index.php\/2023\/11\/28\/los-gobernadores-del-pj-y-el-enviado-de-milei-en-una-reunion-caliente-con-un-fuerte-reclamo-por-fondos\/#primaryimage"},"image":{"@id":"https:\/\/diariotextual.com\/inicio\/index.php\/2023\/11\/28\/los-gobernadores-del-pj-y-el-enviado-de-milei-en-una-reunion-caliente-con-un-fuerte-reclamo-por-fondos\/#primaryimage"},"thumbnailUrl":"https:\/\/diariotextual.com\/inicio\/wp-content\/uploads\/2022\/06\/ziliottosergiogobernadores2022-11.jpg","datePublished":"2023-11-28T21:05:16+00:00","dateModified":"2023-11-29T10:28:26+00:00","breadcrumb":{"@id":"https:\/\/diariotextual.com\/inicio\/index.php\/2023\/11\/28\/los-gobernadores-del-pj-y-el-enviado-de-milei-en-una-reunion-caliente-con-un-fuerte-reclamo-por-fondos\/#breadcrumb"},"inLanguage":"es","potentialAction":[{"@type":"ReadAction","target":["https:\/\/diariotextual.com\/inicio\/index.php\/2023\/11\/28\/los-gobernadores-del-pj-y-el-enviado-de-milei-en-una-reunion-caliente-con-un-fuerte-reclamo-por-fondos\/"]}]},{"@type":"ImageObject","inLanguage":"es","@id":"https:\/\/diariotextual.com\/inicio\/index.php\/2023\/11\/28\/los-gobernadores-del-pj-y-el-enviado-de-milei-en-una-reunion-caliente-con-un-fuerte-reclamo-por-fondos\/#primaryimage","url":"https:\/\/diariotextual.com\/inicio\/wp-content\/uploads\/2022\/06\/ziliottosergiogobernadores2022-11.jpg","contentUrl":"https:\/\/diariotextual.com\/inicio\/wp-content\/uploads\/2022\/06\/ziliottosergiogobernadores2022-11.jpg","width":1500,"height":1000},{"@type":"BreadcrumbList","@id":"https:\/\/diariotextual.com\/inicio\/index.php\/2023\/11\/28\/los-gobernadores-del-pj-y-el-enviado-de-milei-en-una-reunion-caliente-con-un-fuerte-reclamo-por-fondos\/#breadcrumb","itemListElement":[{"@type":"ListItem","position":1,"name":"Portada","item":"https:\/\/diariotextual.com\/inicio\/"},{"@type":"ListItem","position":2,"name":"Los gobernadores del PJ y el enviado de Milei, en una reuni\u00f3n caliente con un fuerte reclamo por fondos"}]},{"@type":"WebSite","@id":"https:\/\/diariotextual.com\/inicio\/#website","url":"https:\/\/diariotextual.com\/inicio\/","name":"Diario Textual","description":"","publisher":{"@id":"https:\/\/diariotextual.com\/inicio\/#organization"},"potentialAction":[{"@type":"SearchAction","target":{"@type":"EntryPoint","urlTemplate":"https:\/\/diariotextual.com\/inicio\/?s={search_term_string}"},"query-input":{"@type":"PropertyValueSpecification","valueRequired":true,"valueName":"search_term_string"}}],"inLanguage":"es"},{"@type":"Organization","@id":"https:\/\/diariotextual.com\/inicio\/#organization","name":"Diario Textual","url":"https:\/\/diariotextual.com\/inicio\/","logo":{"@type":"ImageObject","inLanguage":"es","@id":"https:\/\/diariotextual.com\/inicio\/#\/schema\/logo\/image\/","url":"https:\/\/diariotextual.com\/inicio\/wp-content\/uploads\/2023\/05\/logotextual1.jpg","contentUrl":"https:\/\/diariotextual.com\/inicio\/wp-content\/uploads\/2023\/05\/logotextual1.jpg","width":516,"height":76,"caption":"Diario Textual"},"image":{"@id":"https:\/\/diariotextual.com\/inicio\/#\/schema\/logo\/image\/"},"sameAs":["https:\/\/www.facebook.com\/eltextual","https:\/\/x.com\/eltextual","http:\/\/www.instagram.com\/eltextual"]},{"@type":"Person","@id":"https:\/\/diariotextual.com\/inicio\/#\/schema\/person\/418fc4093c33e86ed41562db3508f958","name":"Diario1 Diario1","image":{"@type":"ImageObject","inLanguage":"es","@id":"https:\/\/secure.gravatar.com\/avatar\/9167d280179c85bc18be67aa7eda765854300033af4896dd779b608640f2ef7a?s=96&d=mm&r=g","url":"https:\/\/secure.gravatar.com\/avatar\/9167d280179c85bc18be67aa7eda765854300033af4896dd779b608640f2ef7a?s=96&d=mm&r=g","contentUrl":"https:\/\/secure.gravatar.com\/avatar\/9167d280179c85bc18be67aa7eda765854300033af4896dd779b608640f2ef7a?s=96&d=mm&r=g","caption":"Diario1 Diario1"},"url":"https:\/\/diariotextual.com\/inicio\/index.php\/author\/diario1\/"}]}},"_links":{"self":[{"href":"https:\/\/diariotextual.com\/inicio\/index.php\/wp-json\/wp\/v2\/posts\/245986","targetHints":{"allow":["GET"]}}],"collection":[{"href":"https:\/\/diariotextual.com\/inicio\/index.php\/wp-json\/wp\/v2\/posts"}],"about":[{"href":"https:\/\/diariotextual.com\/inicio\/index.php\/wp-json\/wp\/v2\/types\/post"}],"author":[{"embeddable":true,"href":"https:\/\/diariotextual.com\/inicio\/index.php\/wp-json\/wp\/v2\/users\/3"}],"replies":[{"embeddable":true,"href":"https:\/\/diariotextual.com\/inicio\/index.php\/wp-json\/wp\/v2\/comments?post=245986"}],"version-history":[{"count":3,"href":"https:\/\/diariotextual.com\/inicio\/index.php\/wp-json\/wp\/v2\/posts\/245986\/revisions"}],"predecessor-version":[{"id":245989,"href":"https:\/\/diariotextual.com\/inicio\/index.php\/wp-json\/wp\/v2\/posts\/245986\/revisions\/245989"}],"wp:featuredmedia":[{"embeddable":true,"href":"https:\/\/diariotextual.com\/inicio\/index.php\/wp-json\/wp\/v2\/media\/190377"}],"wp:attachment":[{"href":"https:\/\/diariotextual.com\/inicio\/index.php\/wp-json\/wp\/v2\/media?parent=245986"}],"wp:term":[{"taxonomy":"category","embeddable":true,"href":"https:\/\/diariotextual.com\/inicio\/index.php\/wp-json\/wp\/v2\/categories?post=245986"},{"taxonomy":"post_tag","embeddable":true,"href":"https:\/\/diariotextual.com\/inicio\/index.php\/wp-json\/wp\/v2\/tags?post=245986"}],"curies":[{"name":"wp","href":"https:\/\/api.w.org\/{rel}","templated":true}]}}