{"id":246008,"date":"2023-11-28T21:31:18","date_gmt":"2023-11-29T00:31:18","guid":{"rendered":"https:\/\/diariotextual.com\/inicio\/?p=246008"},"modified":"2023-11-29T08:07:59","modified_gmt":"2023-11-29T11:07:59","slug":"riquelme-y-la-suspension-de-las-elecciones-en-boca-si-ganan-ellos-al-club-se-privatizan","status":"publish","type":"post","link":"https:\/\/diariotextual.com\/inicio\/index.php\/2023\/11\/28\/riquelme-y-la-suspension-de-las-elecciones-en-boca-si-ganan-ellos-al-club-se-privatizan\/","title":{"rendered":"Riquelme y la suspensi\u00f3n de las elecciones en Boca: \u201cSi ganan ellos, al club lo privatizan\u201d"},"content":{"rendered":"\n<p>La Justicia orden\u00f3 la suspensi\u00f3n de las elecciones en&nbsp;<strong>Boca<\/strong>, que estaban previstas para el domingo pr\u00f3ximo, por presuntas irregularidades en el padr\u00f3n&nbsp;debido al traspaso de alrededor de 13 mil socios adherentes a la categor\u00eda de activos. En las elecciones institucionales del xeneize se enfrentan dos listas:&nbsp;la del oficialismo, encabezada por<strong>&nbsp;Juan Rom\u00e1n Riquelme&nbsp;<\/strong>y <strong>Jorge Ameal<\/strong>, y la opositora conformada por <strong>Andr\u00e9s Ibarra<\/strong> y <strong>Mauricio Macri<\/strong>, que fue la que realiz\u00f3 la presentaci\u00f3n que desencaden\u00f3 el fallo de la jueza <strong>Alejandra D\u00e9bora Abrevaya.<\/strong><\/p>\n\n\n\n<p>Riquelme adelant\u00f3 que pedir\u00e1 el levantamiento de la suspensi\u00f3n. \u201cEst\u00e1 pasando por encima a una jueza, eso pasa en este pa\u00eds nom\u00e1s. Si lo digo yo, Riquelme dijo tal cosa de la jueza. Hay una jueza, ojal\u00e1 hoy 1.40 vuelva a firmar el papel y ma\u00f1ana tengamos la suerte de decirle a los hinchas que vamos a vivir&nbsp;una fiesta el domingo. Tenemos todo preparado, las carpas est\u00e1n hermosas, estamos ilusionados con disfrutar mucho y pasarla bien. Cada cuatro a\u00f1os tiene que ser una fiesta\u201d, dijo.<\/p>\n\n\n\n<p>Adem\u00e1s, <strong>reiter\u00f3 que Mauricio Macri le pidi\u00f3 que le hiciera el favor de poner a un delantero de Qatar en Boca, para tratar de mantener un sponsor<\/strong>. \u201cTengo una manera muy simple. Tuve la suerte de jugar en Europa, de jugar en la selecci\u00f3n argentina, con los mejores jugadores de nuestro pa\u00eds, pero esta es mi vida, es el club m\u00e1s grande del mundo. Y tengo muchos amigos que me invitan a su casa a comer. Imaginate si el padre me dice llev\u00e1 a mi hijo a jugar un ratito la Copa Argentina, sino me enoj\u00f3 con vos. Yo nunca le dije &#8216;se\u00f1or presi&#8217;. El es Mauricio, yo soy Rom\u00e1n. Tenemos dos piernas, dos brazos, una cabeza, yo nunca le dije como \u00e9l lo dijo. A \u00e9l le hicieron una entrevista dos personas que son serios y hoy tengo rareza, porque no le costaba nada preguntarles \u2018c\u00f3mo vas a pedir que lleven a un amigo tuyo a la primera de Boca; uno que es socio tuyo, amigo o conocido, lo que sea\u2019. Claramente son un poquito amigos, \u00e9l ten\u00eda que quedar bien con esa persona, yo no, no s\u00e9 quien es\u201d, manifest\u00f3.<\/p>\n\n\n\n<p>\u201cAl club lo agarramos con deuda y hoy tenemos 28 millones en la caja, eso demuestra que no necesitamos a esa gente. \u00c9l dijo que necesitamos quedar bien y no es as\u00ed, yo a esa gente no la conozco. Me pone muy feliz que me digan que yo no miento y que \u00e9l hoy lo haya confirmado. Me parece una verg\u00fcenza que este club es el m\u00e1s grande del mundo y este se\u00f1or me diga: \u2018Traeme a un amigo m\u00edo hacelo jugar en Copa Argentina\u2019. Ah\u00ed demuestra todo parece\u201d, manifest\u00f3.<\/p>\n\n\n\n<p>\u201cEntiendo que hay mucha gente (NdeR: por los periodistas) que no puede preguntar porque sabemos el poder\u00edo y el manejo que tienen, pero yo no los veo con tanta euforia preguntando todo el tiempo: \u2018\u00bfC\u00f3mo hicieron para habilitar m\u00e1s de 51 mil socios?\u2019 Por qu\u00e9 no le preguntan todo el d\u00eda eso a ese se\u00f1or. \u00bfNo les parece raro que en el 2019 cuando ganamos hab\u00eda 115 mil votantes y hoy hay 114 mil? Y tener que escuchar a ellos la palabras que dicen&#8230;\u201d, sostuvo.<\/p>\n\n\n\n<p>\u201c<strong>Preg\u00fantenle a ellos (la oposici\u00f3n) por qu\u00e9 no quieren que voten los socios. <\/strong>Estamos ante las elecciones m\u00e1s claras y simples de la historia de nuestro club. Ojal\u00e1 sea el domingo, tenemos todo preparado para que sea un lindo d\u00eda. Todo lo que nosotros preparamos tiene un costo, a esta gente no le interesa. <strong>Pero el hincha tiene que saber que estamos ante la elecciones m\u00e1s claras de la historiad e nuestro club. Estos se\u00f1ores quieren volver al club y a partir de ese momento privatizan al club y no se vota nunca m\u00e1s. <\/strong>As\u00ed de f\u00e1cil. Se lo dan a estos tres amigos que tienen por all\u00e1 y no se vota nunca, pero nunca m\u00e1s. Entonces eso no puede pasar. El club es de los hinchas y vamos a pedirle a la Jueza, con todo el respeto del mundo, que permitan votar a todos los que est\u00e1n en condiciones\u201d, expres\u00f3.<\/p>\n\n\n\n<p><\/p>\n","protected":false},"excerpt":{"rendered":"<p>La Justicia orden\u00f3 la suspensi\u00f3n de las elecciones en&nbsp;Boca, que estaban previstas para el domingo pr\u00f3ximo, por presuntas irregularidades en el padr\u00f3n&nbsp;debido al traspaso de alrededor de 13 mil socios&hellip;<\/p>\n","protected":false},"author":3,"featured_media":246009,"comment_status":"closed","ping_status":"open","sticky":false,"template":"","format":"standard","meta":{"_acf_changed":false,"footnotes":""},"categories":[1,3],"tags":[],"class_list":["post-246008","post","type-post","status-publish","format-standard","has-post-thumbnail","hentry","category-es-noticia","category-deportes"],"acf":[],"yoast_head":"<!-- This site is optimized with the Yoast SEO plugin v27.5 - https:\/\/yoast.com\/product\/yoast-seo-wordpress\/ -->\n<title>Riquelme y la suspensi\u00f3n de las elecciones en Boca: \u201cSi ganan ellos, al club lo privatizan\u201d - Diario Textual<\/title>\n<meta name=\"robots\" content=\"index, follow, max-snippet:-1, max-image-preview:large, max-video-preview:-1\" \/>\n<link rel=\"canonical\" href=\"https:\/\/diariotextual.com\/inicio\/index.php\/2023\/11\/28\/riquelme-y-la-suspension-de-las-elecciones-en-boca-si-ganan-ellos-al-club-se-privatizan\/\" \/>\n<meta property=\"og:locale\" content=\"es_ES\" \/>\n<meta property=\"og:type\" content=\"article\" \/>\n<meta property=\"og:title\" content=\"Riquelme y la suspensi\u00f3n de las elecciones en Boca: \u201cSi ganan ellos, al club lo privatizan\u201d - Diario Textual\" \/>\n<meta property=\"og:description\" content=\"La Justicia orden\u00f3 la suspensi\u00f3n de las elecciones en&nbsp;Boca, que estaban previstas para el domingo pr\u00f3ximo, por presuntas irregularidades en el padr\u00f3n&nbsp;debido al traspaso de alrededor de 13 mil socios&hellip;\" \/>\n<meta property=\"og:url\" content=\"https:\/\/diariotextual.com\/inicio\/index.php\/2023\/11\/28\/riquelme-y-la-suspension-de-las-elecciones-en-boca-si-ganan-ellos-al-club-se-privatizan\/\" \/>\n<meta property=\"og:site_name\" content=\"Diario Textual\" \/>\n<meta property=\"article:publisher\" content=\"https:\/\/www.facebook.com\/eltextual\" \/>\n<meta property=\"article:published_time\" content=\"2023-11-29T00:31:18+00:00\" \/>\n<meta property=\"article:modified_time\" content=\"2023-11-29T11:07:59+00:00\" \/>\n<meta property=\"og:image\" content=\"https:\/\/diariotextual.com\/inicio\/wp-content\/uploads\/2023\/11\/riquelmejuanroman2023-12.jpg\" \/>\n\t<meta property=\"og:image:width\" content=\"1200\" \/>\n\t<meta property=\"og:image:height\" content=\"675\" \/>\n\t<meta property=\"og:image:type\" content=\"image\/jpeg\" \/>\n<meta name=\"author\" content=\"Diario1 Diario1\" \/>\n<meta name=\"twitter:card\" content=\"summary_large_image\" \/>\n<meta name=\"twitter:creator\" content=\"@eltextual\" \/>\n<meta name=\"twitter:site\" content=\"@eltextual\" \/>\n<meta name=\"twitter:label1\" content=\"Escrito por\" \/>\n\t<meta name=\"twitter:data1\" content=\"Diario1 Diario1\" \/>\n\t<meta name=\"twitter:label2\" content=\"Tiempo de lectura\" \/>\n\t<meta name=\"twitter:data2\" content=\"4 minutos\" \/>\n<script type=\"application\/ld+json\" class=\"yoast-schema-graph\">{\"@context\":\"https:\\\/\\\/schema.org\",\"@graph\":[{\"@type\":\"Article\",\"@id\":\"https:\\\/\\\/diariotextual.com\\\/inicio\\\/index.php\\\/2023\\\/11\\\/28\\\/riquelme-y-la-suspension-de-las-elecciones-en-boca-si-ganan-ellos-al-club-se-privatizan\\\/#article\",\"isPartOf\":{\"@id\":\"https:\\\/\\\/diariotextual.com\\\/inicio\\\/index.php\\\/2023\\\/11\\\/28\\\/riquelme-y-la-suspension-de-las-elecciones-en-boca-si-ganan-ellos-al-club-se-privatizan\\\/\"},\"author\":{\"name\":\"Diario1 Diario1\",\"@id\":\"https:\\\/\\\/diariotextual.com\\\/inicio\\\/#\\\/schema\\\/person\\\/418fc4093c33e86ed41562db3508f958\"},\"headline\":\"Riquelme y la suspensi\u00f3n de las elecciones en Boca: \u201cSi ganan ellos, al club lo privatizan\u201d\",\"datePublished\":\"2023-11-29T00:31:18+00:00\",\"dateModified\":\"2023-11-29T11:07:59+00:00\",\"mainEntityOfPage\":{\"@id\":\"https:\\\/\\\/diariotextual.com\\\/inicio\\\/index.php\\\/2023\\\/11\\\/28\\\/riquelme-y-la-suspension-de-las-elecciones-en-boca-si-ganan-ellos-al-club-se-privatizan\\\/\"},\"wordCount\":748,\"publisher\":{\"@id\":\"https:\\\/\\\/diariotextual.com\\\/inicio\\\/#organization\"},\"image\":{\"@id\":\"https:\\\/\\\/diariotextual.com\\\/inicio\\\/index.php\\\/2023\\\/11\\\/28\\\/riquelme-y-la-suspension-de-las-elecciones-en-boca-si-ganan-ellos-al-club-se-privatizan\\\/#primaryimage\"},\"thumbnailUrl\":\"https:\\\/\\\/diariotextual.com\\\/inicio\\\/wp-content\\\/uploads\\\/2023\\\/11\\\/riquelmejuanroman2023-12.jpg\",\"articleSection\":[\"A - ES NOTICIA (van abajo)\",\"DEPORTES\"],\"inLanguage\":\"es\"},{\"@type\":\"WebPage\",\"@id\":\"https:\\\/\\\/diariotextual.com\\\/inicio\\\/index.php\\\/2023\\\/11\\\/28\\\/riquelme-y-la-suspension-de-las-elecciones-en-boca-si-ganan-ellos-al-club-se-privatizan\\\/\",\"url\":\"https:\\\/\\\/diariotextual.com\\\/inicio\\\/index.php\\\/2023\\\/11\\\/28\\\/riquelme-y-la-suspension-de-las-elecciones-en-boca-si-ganan-ellos-al-club-se-privatizan\\\/\",\"name\":\"Riquelme y la suspensi\u00f3n de las elecciones en Boca: \u201cSi ganan ellos, al club lo privatizan\u201d - Diario Textual\",\"isPartOf\":{\"@id\":\"https:\\\/\\\/diariotextual.com\\\/inicio\\\/#website\"},\"primaryImageOfPage\":{\"@id\":\"https:\\\/\\\/diariotextual.com\\\/inicio\\\/index.php\\\/2023\\\/11\\\/28\\\/riquelme-y-la-suspension-de-las-elecciones-en-boca-si-ganan-ellos-al-club-se-privatizan\\\/#primaryimage\"},\"image\":{\"@id\":\"https:\\\/\\\/diariotextual.com\\\/inicio\\\/index.php\\\/2023\\\/11\\\/28\\\/riquelme-y-la-suspension-de-las-elecciones-en-boca-si-ganan-ellos-al-club-se-privatizan\\\/#primaryimage\"},\"thumbnailUrl\":\"https:\\\/\\\/diariotextual.com\\\/inicio\\\/wp-content\\\/uploads\\\/2023\\\/11\\\/riquelmejuanroman2023-12.jpg\",\"datePublished\":\"2023-11-29T00:31:18+00:00\",\"dateModified\":\"2023-11-29T11:07:59+00:00\",\"breadcrumb\":{\"@id\":\"https:\\\/\\\/diariotextual.com\\\/inicio\\\/index.php\\\/2023\\\/11\\\/28\\\/riquelme-y-la-suspension-de-las-elecciones-en-boca-si-ganan-ellos-al-club-se-privatizan\\\/#breadcrumb\"},\"inLanguage\":\"es\",\"potentialAction\":[{\"@type\":\"ReadAction\",\"target\":[\"https:\\\/\\\/diariotextual.com\\\/inicio\\\/index.php\\\/2023\\\/11\\\/28\\\/riquelme-y-la-suspension-de-las-elecciones-en-boca-si-ganan-ellos-al-club-se-privatizan\\\/\"]}]},{\"@type\":\"ImageObject\",\"inLanguage\":\"es\",\"@id\":\"https:\\\/\\\/diariotextual.com\\\/inicio\\\/index.php\\\/2023\\\/11\\\/28\\\/riquelme-y-la-suspension-de-las-elecciones-en-boca-si-ganan-ellos-al-club-se-privatizan\\\/#primaryimage\",\"url\":\"https:\\\/\\\/diariotextual.com\\\/inicio\\\/wp-content\\\/uploads\\\/2023\\\/11\\\/riquelmejuanroman2023-12.jpg\",\"contentUrl\":\"https:\\\/\\\/diariotextual.com\\\/inicio\\\/wp-content\\\/uploads\\\/2023\\\/11\\\/riquelmejuanroman2023-12.jpg\",\"width\":1200,\"height\":675},{\"@type\":\"BreadcrumbList\",\"@id\":\"https:\\\/\\\/diariotextual.com\\\/inicio\\\/index.php\\\/2023\\\/11\\\/28\\\/riquelme-y-la-suspension-de-las-elecciones-en-boca-si-ganan-ellos-al-club-se-privatizan\\\/#breadcrumb\",\"itemListElement\":[{\"@type\":\"ListItem\",\"position\":1,\"name\":\"Portada\",\"item\":\"https:\\\/\\\/diariotextual.com\\\/inicio\\\/\"},{\"@type\":\"ListItem\",\"position\":2,\"name\":\"Riquelme y la suspensi\u00f3n de las elecciones en Boca: \u201cSi ganan ellos, al club lo privatizan\u201d\"}]},{\"@type\":\"WebSite\",\"@id\":\"https:\\\/\\\/diariotextual.com\\\/inicio\\\/#website\",\"url\":\"https:\\\/\\\/diariotextual.com\\\/inicio\\\/\",\"name\":\"Diario Textual\",\"description\":\"\",\"publisher\":{\"@id\":\"https:\\\/\\\/diariotextual.com\\\/inicio\\\/#organization\"},\"potentialAction\":[{\"@type\":\"SearchAction\",\"target\":{\"@type\":\"EntryPoint\",\"urlTemplate\":\"https:\\\/\\\/diariotextual.com\\\/inicio\\\/?s={search_term_string}\"},\"query-input\":{\"@type\":\"PropertyValueSpecification\",\"valueRequired\":true,\"valueName\":\"search_term_string\"}}],\"inLanguage\":\"es\"},{\"@type\":\"Organization\",\"@id\":\"https:\\\/\\\/diariotextual.com\\\/inicio\\\/#organization\",\"name\":\"Diario Textual\",\"url\":\"https:\\\/\\\/diariotextual.com\\\/inicio\\\/\",\"logo\":{\"@type\":\"ImageObject\",\"inLanguage\":\"es\",\"@id\":\"https:\\\/\\\/diariotextual.com\\\/inicio\\\/#\\\/schema\\\/logo\\\/image\\\/\",\"url\":\"https:\\\/\\\/diariotextual.com\\\/inicio\\\/wp-content\\\/uploads\\\/2023\\\/05\\\/logotextual1.jpg\",\"contentUrl\":\"https:\\\/\\\/diariotextual.com\\\/inicio\\\/wp-content\\\/uploads\\\/2023\\\/05\\\/logotextual1.jpg\",\"width\":516,\"height\":76,\"caption\":\"Diario Textual\"},\"image\":{\"@id\":\"https:\\\/\\\/diariotextual.com\\\/inicio\\\/#\\\/schema\\\/logo\\\/image\\\/\"},\"sameAs\":[\"https:\\\/\\\/www.facebook.com\\\/eltextual\",\"https:\\\/\\\/x.com\\\/eltextual\",\"http:\\\/\\\/www.instagram.com\\\/eltextual\"]},{\"@type\":\"Person\",\"@id\":\"https:\\\/\\\/diariotextual.com\\\/inicio\\\/#\\\/schema\\\/person\\\/418fc4093c33e86ed41562db3508f958\",\"name\":\"Diario1 Diario1\",\"image\":{\"@type\":\"ImageObject\",\"inLanguage\":\"es\",\"@id\":\"https:\\\/\\\/secure.gravatar.com\\\/avatar\\\/9167d280179c85bc18be67aa7eda765854300033af4896dd779b608640f2ef7a?s=96&d=mm&r=g\",\"url\":\"https:\\\/\\\/secure.gravatar.com\\\/avatar\\\/9167d280179c85bc18be67aa7eda765854300033af4896dd779b608640f2ef7a?s=96&d=mm&r=g\",\"contentUrl\":\"https:\\\/\\\/secure.gravatar.com\\\/avatar\\\/9167d280179c85bc18be67aa7eda765854300033af4896dd779b608640f2ef7a?s=96&d=mm&r=g\",\"caption\":\"Diario1 Diario1\"},\"url\":\"https:\\\/\\\/diariotextual.com\\\/inicio\\\/index.php\\\/author\\\/diario1\\\/\"}]}<\/script>\n<!-- \/ Yoast SEO plugin. -->","yoast_head_json":{"title":"Riquelme y la suspensi\u00f3n de las elecciones en Boca: \u201cSi ganan ellos, al club lo privatizan\u201d - Diario Textual","robots":{"index":"index","follow":"follow","max-snippet":"max-snippet:-1","max-image-preview":"max-image-preview:large","max-video-preview":"max-video-preview:-1"},"canonical":"https:\/\/diariotextual.com\/inicio\/index.php\/2023\/11\/28\/riquelme-y-la-suspension-de-las-elecciones-en-boca-si-ganan-ellos-al-club-se-privatizan\/","og_locale":"es_ES","og_type":"article","og_title":"Riquelme y la suspensi\u00f3n de las elecciones en Boca: \u201cSi ganan ellos, al club lo privatizan\u201d - Diario Textual","og_description":"La Justicia orden\u00f3 la suspensi\u00f3n de las elecciones en&nbsp;Boca, que estaban previstas para el domingo pr\u00f3ximo, por presuntas irregularidades en el padr\u00f3n&nbsp;debido al traspaso de alrededor de 13 mil socios&hellip;","og_url":"https:\/\/diariotextual.com\/inicio\/index.php\/2023\/11\/28\/riquelme-y-la-suspension-de-las-elecciones-en-boca-si-ganan-ellos-al-club-se-privatizan\/","og_site_name":"Diario Textual","article_publisher":"https:\/\/www.facebook.com\/eltextual","article_published_time":"2023-11-29T00:31:18+00:00","article_modified_time":"2023-11-29T11:07:59+00:00","og_image":[{"width":1200,"height":675,"url":"https:\/\/diariotextual.com\/inicio\/wp-content\/uploads\/2023\/11\/riquelmejuanroman2023-12.jpg","type":"image\/jpeg"}],"author":"Diario1 Diario1","twitter_card":"summary_large_image","twitter_creator":"@eltextual","twitter_site":"@eltextual","twitter_misc":{"Escrito por":"Diario1 Diario1","Tiempo de lectura":"4 minutos"},"schema":{"@context":"https:\/\/schema.org","@graph":[{"@type":"Article","@id":"https:\/\/diariotextual.com\/inicio\/index.php\/2023\/11\/28\/riquelme-y-la-suspension-de-las-elecciones-en-boca-si-ganan-ellos-al-club-se-privatizan\/#article","isPartOf":{"@id":"https:\/\/diariotextual.com\/inicio\/index.php\/2023\/11\/28\/riquelme-y-la-suspension-de-las-elecciones-en-boca-si-ganan-ellos-al-club-se-privatizan\/"},"author":{"name":"Diario1 Diario1","@id":"https:\/\/diariotextual.com\/inicio\/#\/schema\/person\/418fc4093c33e86ed41562db3508f958"},"headline":"Riquelme y la suspensi\u00f3n de las elecciones en Boca: \u201cSi ganan ellos, al club lo privatizan\u201d","datePublished":"2023-11-29T00:31:18+00:00","dateModified":"2023-11-29T11:07:59+00:00","mainEntityOfPage":{"@id":"https:\/\/diariotextual.com\/inicio\/index.php\/2023\/11\/28\/riquelme-y-la-suspension-de-las-elecciones-en-boca-si-ganan-ellos-al-club-se-privatizan\/"},"wordCount":748,"publisher":{"@id":"https:\/\/diariotextual.com\/inicio\/#organization"},"image":{"@id":"https:\/\/diariotextual.com\/inicio\/index.php\/2023\/11\/28\/riquelme-y-la-suspension-de-las-elecciones-en-boca-si-ganan-ellos-al-club-se-privatizan\/#primaryimage"},"thumbnailUrl":"https:\/\/diariotextual.com\/inicio\/wp-content\/uploads\/2023\/11\/riquelmejuanroman2023-12.jpg","articleSection":["A - ES NOTICIA (van abajo)","DEPORTES"],"inLanguage":"es"},{"@type":"WebPage","@id":"https:\/\/diariotextual.com\/inicio\/index.php\/2023\/11\/28\/riquelme-y-la-suspension-de-las-elecciones-en-boca-si-ganan-ellos-al-club-se-privatizan\/","url":"https:\/\/diariotextual.com\/inicio\/index.php\/2023\/11\/28\/riquelme-y-la-suspension-de-las-elecciones-en-boca-si-ganan-ellos-al-club-se-privatizan\/","name":"Riquelme y la suspensi\u00f3n de las elecciones en Boca: \u201cSi ganan ellos, al club lo privatizan\u201d - Diario Textual","isPartOf":{"@id":"https:\/\/diariotextual.com\/inicio\/#website"},"primaryImageOfPage":{"@id":"https:\/\/diariotextual.com\/inicio\/index.php\/2023\/11\/28\/riquelme-y-la-suspension-de-las-elecciones-en-boca-si-ganan-ellos-al-club-se-privatizan\/#primaryimage"},"image":{"@id":"https:\/\/diariotextual.com\/inicio\/index.php\/2023\/11\/28\/riquelme-y-la-suspension-de-las-elecciones-en-boca-si-ganan-ellos-al-club-se-privatizan\/#primaryimage"},"thumbnailUrl":"https:\/\/diariotextual.com\/inicio\/wp-content\/uploads\/2023\/11\/riquelmejuanroman2023-12.jpg","datePublished":"2023-11-29T00:31:18+00:00","dateModified":"2023-11-29T11:07:59+00:00","breadcrumb":{"@id":"https:\/\/diariotextual.com\/inicio\/index.php\/2023\/11\/28\/riquelme-y-la-suspension-de-las-elecciones-en-boca-si-ganan-ellos-al-club-se-privatizan\/#breadcrumb"},"inLanguage":"es","potentialAction":[{"@type":"ReadAction","target":["https:\/\/diariotextual.com\/inicio\/index.php\/2023\/11\/28\/riquelme-y-la-suspension-de-las-elecciones-en-boca-si-ganan-ellos-al-club-se-privatizan\/"]}]},{"@type":"ImageObject","inLanguage":"es","@id":"https:\/\/diariotextual.com\/inicio\/index.php\/2023\/11\/28\/riquelme-y-la-suspension-de-las-elecciones-en-boca-si-ganan-ellos-al-club-se-privatizan\/#primaryimage","url":"https:\/\/diariotextual.com\/inicio\/wp-content\/uploads\/2023\/11\/riquelmejuanroman2023-12.jpg","contentUrl":"https:\/\/diariotextual.com\/inicio\/wp-content\/uploads\/2023\/11\/riquelmejuanroman2023-12.jpg","width":1200,"height":675},{"@type":"BreadcrumbList","@id":"https:\/\/diariotextual.com\/inicio\/index.php\/2023\/11\/28\/riquelme-y-la-suspension-de-las-elecciones-en-boca-si-ganan-ellos-al-club-se-privatizan\/#breadcrumb","itemListElement":[{"@type":"ListItem","position":1,"name":"Portada","item":"https:\/\/diariotextual.com\/inicio\/"},{"@type":"ListItem","position":2,"name":"Riquelme y la suspensi\u00f3n de las elecciones en Boca: \u201cSi ganan ellos, al club lo privatizan\u201d"}]},{"@type":"WebSite","@id":"https:\/\/diariotextual.com\/inicio\/#website","url":"https:\/\/diariotextual.com\/inicio\/","name":"Diario Textual","description":"","publisher":{"@id":"https:\/\/diariotextual.com\/inicio\/#organization"},"potentialAction":[{"@type":"SearchAction","target":{"@type":"EntryPoint","urlTemplate":"https:\/\/diariotextual.com\/inicio\/?s={search_term_string}"},"query-input":{"@type":"PropertyValueSpecification","valueRequired":true,"valueName":"search_term_string"}}],"inLanguage":"es"},{"@type":"Organization","@id":"https:\/\/diariotextual.com\/inicio\/#organization","name":"Diario Textual","url":"https:\/\/diariotextual.com\/inicio\/","logo":{"@type":"ImageObject","inLanguage":"es","@id":"https:\/\/diariotextual.com\/inicio\/#\/schema\/logo\/image\/","url":"https:\/\/diariotextual.com\/inicio\/wp-content\/uploads\/2023\/05\/logotextual1.jpg","contentUrl":"https:\/\/diariotextual.com\/inicio\/wp-content\/uploads\/2023\/05\/logotextual1.jpg","width":516,"height":76,"caption":"Diario Textual"},"image":{"@id":"https:\/\/diariotextual.com\/inicio\/#\/schema\/logo\/image\/"},"sameAs":["https:\/\/www.facebook.com\/eltextual","https:\/\/x.com\/eltextual","http:\/\/www.instagram.com\/eltextual"]},{"@type":"Person","@id":"https:\/\/diariotextual.com\/inicio\/#\/schema\/person\/418fc4093c33e86ed41562db3508f958","name":"Diario1 Diario1","image":{"@type":"ImageObject","inLanguage":"es","@id":"https:\/\/secure.gravatar.com\/avatar\/9167d280179c85bc18be67aa7eda765854300033af4896dd779b608640f2ef7a?s=96&d=mm&r=g","url":"https:\/\/secure.gravatar.com\/avatar\/9167d280179c85bc18be67aa7eda765854300033af4896dd779b608640f2ef7a?s=96&d=mm&r=g","contentUrl":"https:\/\/secure.gravatar.com\/avatar\/9167d280179c85bc18be67aa7eda765854300033af4896dd779b608640f2ef7a?s=96&d=mm&r=g","caption":"Diario1 Diario1"},"url":"https:\/\/diariotextual.com\/inicio\/index.php\/author\/diario1\/"}]}},"_links":{"self":[{"href":"https:\/\/diariotextual.com\/inicio\/index.php\/wp-json\/wp\/v2\/posts\/246008","targetHints":{"allow":["GET"]}}],"collection":[{"href":"https:\/\/diariotextual.com\/inicio\/index.php\/wp-json\/wp\/v2\/posts"}],"about":[{"href":"https:\/\/diariotextual.com\/inicio\/index.php\/wp-json\/wp\/v2\/types\/post"}],"author":[{"embeddable":true,"href":"https:\/\/diariotextual.com\/inicio\/index.php\/wp-json\/wp\/v2\/users\/3"}],"replies":[{"embeddable":true,"href":"https:\/\/diariotextual.com\/inicio\/index.php\/wp-json\/wp\/v2\/comments?post=246008"}],"version-history":[{"count":5,"href":"https:\/\/diariotextual.com\/inicio\/index.php\/wp-json\/wp\/v2\/posts\/246008\/revisions"}],"predecessor-version":[{"id":246018,"href":"https:\/\/diariotextual.com\/inicio\/index.php\/wp-json\/wp\/v2\/posts\/246008\/revisions\/246018"}],"wp:featuredmedia":[{"embeddable":true,"href":"https:\/\/diariotextual.com\/inicio\/index.php\/wp-json\/wp\/v2\/media\/246009"}],"wp:attachment":[{"href":"https:\/\/diariotextual.com\/inicio\/index.php\/wp-json\/wp\/v2\/media?parent=246008"}],"wp:term":[{"taxonomy":"category","embeddable":true,"href":"https:\/\/diariotextual.com\/inicio\/index.php\/wp-json\/wp\/v2\/categories?post=246008"},{"taxonomy":"post_tag","embeddable":true,"href":"https:\/\/diariotextual.com\/inicio\/index.php\/wp-json\/wp\/v2\/tags?post=246008"}],"curies":[{"name":"wp","href":"https:\/\/api.w.org\/{rel}","templated":true}]}}