{"id":246022,"date":"2023-11-29T07:27:39","date_gmt":"2023-11-29T10:27:39","guid":{"rendered":"https:\/\/diariotextual.com\/inicio\/?p=246022"},"modified":"2023-11-29T09:37:29","modified_gmt":"2023-11-29T12:37:29","slug":"massa-prometio-a-los-gobernadores-transferencias-con-los-atn","status":"publish","type":"post","link":"https:\/\/diariotextual.com\/inicio\/index.php\/2023\/11\/29\/massa-prometio-a-los-gobernadores-transferencias-con-los-atn\/","title":{"rendered":"Massa prometi\u00f3 a los gobernadores transferencias con los ATN"},"content":{"rendered":"\n<p>Los gobernadores peronistas y aliados se reunieron en la sede porte\u00f1a del\u00a0<strong>Banco Provincia<\/strong>\u00a0y varios de ellos plantearon su preocupaci\u00f3n por, entre otras cosas, no poder pagar los salarios y los aguinaldos del mes de diciembre. Seg\u00fan expresaron, la quita del IVA de los productos de la canasta b\u00e1sica y la eliminaci\u00f3n del Impuesto a las Ganancias que impuls\u00f3 el gobierno actual les generaron un \u201chueco\u201d que necesitaban compensar. Luego de esa reuni\u00f3n, de la que tambi\u00e9n participaron el ministro del Interior,<strong>\u00a0Eduardo \u201cWado\u201d de Pedro, y\u00a0Guillermo Francos,\u00a0quien ocupar\u00e1 el cargo cuando asuma Javier Milei,\u00a0<\/strong>los gobernadores se dirigieron al Ministerio de Econom\u00eda para pedirle al ministro\u00a0<strong>Sergio Massa<\/strong>\u00a0una soluci\u00f3n. La respuesta fue r\u00e1pida: Massa les dijo que para hacer frente al pago de los salarios y aguinaldos\u00a0<strong>se les har\u00e1 a las provincias una transferencia de Aportes del Tesoro Nacional, m\u00e1s conocido como ATN.<\/strong>\u00a0Este mi\u00e9rcoles habr\u00e1 una reuni\u00f3n con el resto de los gobernadores -los opositores- para transmitirles la decisi\u00f3n.<\/p>\n\n\n\n<p>Al 31 de octubre, seg\u00fan informaron desde la cartera de Econom\u00eda, hay habilitados 176 mil millones de pesos de esos fondos, de los cu\u00e1les solo se ejecutaron 50 mil millones. Es decir,&nbsp;<strong>quedan 125 mil millones sin utilizar<\/strong>&nbsp;que servir\u00e1n para que los gobernadores puedan pagar salarios y que, adem\u00e1s, les quede un remanente de dinero para utilizar el a\u00f1o que viene. De este modo, no har\u00e1 falta para solucionar ese problema urgente que el Presidente firme un DNU, como hab\u00edan pedido los gobernadores en una carta que enviaron a<strong>&nbsp;Alberto Fern\u00e1ndez<\/strong>&nbsp;la semana pasada.&nbsp;<\/p>\n\n\n\n<p>En un encuentro que los mandatarios del Norte Grande -incluso opositores, como Gerardo Morales de Jujuy y Gustavo Vald\u00e9s de Corrientes-, tuvieron en Salta con Massa despu\u00e9s de las PASO, el entonces candidato de UxP les hab\u00eda dicho que para compensar el dinero que les iba a faltar a las provincias por la quita de Ganancias se iba a incorporar a la masa coparticipable el\u00a0<strong>25 por ciento de la recaudaci\u00f3n del Impuesto a los D\u00e9bitos y Cr\u00e9ditos Bancarios y el 35 por ciento de la recaudaci\u00f3n del Impuesto Pa\u00eds.\u00a0<\/strong>Algo que, a la vista de los resultados electorales, no se termin\u00f3 concretando. En una carta dirigida a Fern\u00e1ndez la semana pasada, los gobernadores ped\u00edan \u201ccon car\u00e1cter urgente\u201d que se arbitraran los medios necesarios para incorporar esos dos porcentajes. En Casa Rosada ve\u00edan con malos ojos tomar esa decisi\u00f3n en los \u00faltimos d\u00edas de gesti\u00f3n.<\/p>\n\n\n\n<p>A la salida del encuentro que este martes se hizo en las oficinas de Axel Kicillof en el piso 19\u00ba del BaPro, el gobernador de Santiago del Estero,\u00a0<strong>Gerardo Zamora<\/strong>, hab\u00eda dado su respaldo a la eliminaci\u00f3n de Gancias. \u201cApoyamos la reforma de Ganancias porque es un compromiso que muchos candidatos hicieron a los trabajadores. El problema es que el resarcimiento a las provincias deb\u00eda estar cubierto y es un hueco que hay que resolver\u201d, hab\u00eda manifestado.\u00a0<\/p>\n\n\n\n<p>En di\u00e1logo con\u00a0<strong>P\u00e1gina\/12<\/strong>, otro de los l\u00edderes provinciales que estuvo en la reuni\u00f3n hab\u00eda adelantado un acuerdo para pedirle al ministro de Econom\u00eda que el Presidente firme un DNU habilitando los fondos prometidos por Massa y que con eso iban a poder pagar los salarios y aguinaldos de diciembre. En esa l\u00ednea, coment\u00f3 que Francos les dijo que, si lo lograban, \u00e9l iba a gestionar para que el futuro presidente sostuviera la definici\u00f3n. \u201cVa a llevar la inquietud porque no tiene sentido si se firma un DNU, llega Milei y lo saca\u201d, dec\u00edan.\u00a0<\/p>\n\n\n\n<p>Finalmente,<strong>\u00a0la soluci\u00f3n del Gobierno fue otra.<\/strong>\u00a0La ley 23.548 de coparticipaci\u00f3n federal cre\u00f3 el Fondo de Aportes del Tesoro Nacional a las provincias. Ese fondo tiene el objetivo de ser destinado para\u00a0<strong>atender \u201csituaciones de emergencia y desequilibrios financieros\u201d\u00a0<\/strong>de los gobiernos provinciales y es el Ministerio del Interior el encargado de la asignaci\u00f3n de esos recursos. Por ese motivo,\u00a0<strong>Wado de Pedro<\/strong>\u00a0estuvo en la reuni\u00f3n en el Ministerio de Econom\u00eda. Los gobernadores a los que Massa recibi\u00f3 vestido de manera informal fueron el de Buenos Aires, Axel Kicillof; de Salta, Gustavo S\u00e1enz; de San Juan, Sergio U\u00f1ac; de La Pampa, Sergio Ziliotto; de Catamarca, Ra\u00fal Jalil; de Formosa, Gildo Insfr\u00e1n; de La Rioja, Ricardo Quintela; y de Santa Cruz, Alicia Kirchner. Estuvieron tambi\u00e9n el secretario de Hacienda, Ra\u00fal Rigo; y su par de Provincias en el Ministerio de Interior, Bruno Ruggeri.<\/p>\n\n\n\n<p>\u201cSe decidi\u00f3 esto para que puedan hacer frente al pago de diciembre, pero<strong>\u00a0sin comprometer las cuentas del pr\u00f3ximo gobierno\u201d<\/strong>, explicaron cerca del ministro de Econom\u00eda y dijeron que la idea es que decida el gobierno de La Libertad Avanza qu\u00e9 quiere hacer con el IVA y con el Impuesto a las Ganancias. Hasta ahora, Milei ha dicho que sostendr\u00e1 las exenciones.<\/p>\n\n\n\n<p>Por m\u00e1s que varios gobernadores de la oposici\u00f3n ven\u00edan dialogando del tema con Massa -como los electos de Chubut, Ignacio Torres, y de Entre R\u00edos, Rogelio Frigerio- este mi\u00e9rcoles habr\u00e1 una reuni\u00f3n en la sede de Econom\u00eda con el resto de los mandatarios opositores.<\/p>\n","protected":false},"excerpt":{"rendered":"<p>Los gobernadores peronistas y aliados se reunieron en la sede porte\u00f1a del\u00a0Banco Provincia\u00a0y varios de ellos plantearon su preocupaci\u00f3n por, entre otras cosas, no poder pagar los salarios y los&hellip;<\/p>\n","protected":false},"author":3,"featured_media":246023,"comment_status":"closed","ping_status":"open","sticky":false,"template":"","format":"standard","meta":{"_acf_changed":false,"footnotes":""},"categories":[1,8],"tags":[],"class_list":["post-246022","post","type-post","status-publish","format-standard","has-post-thumbnail","hentry","category-es-noticia","category-politica"],"acf":[],"yoast_head":"<!-- This site is optimized with the Yoast SEO plugin v27.5 - https:\/\/yoast.com\/product\/yoast-seo-wordpress\/ -->\n<title>Massa prometi\u00f3 a los gobernadores transferencias con los ATN - Diario Textual<\/title>\n<meta name=\"robots\" content=\"index, follow, max-snippet:-1, max-image-preview:large, max-video-preview:-1\" \/>\n<link rel=\"canonical\" href=\"https:\/\/diariotextual.com\/inicio\/index.php\/2023\/11\/29\/massa-prometio-a-los-gobernadores-transferencias-con-los-atn\/\" \/>\n<meta property=\"og:locale\" content=\"es_ES\" \/>\n<meta property=\"og:type\" content=\"article\" \/>\n<meta property=\"og:title\" content=\"Massa prometi\u00f3 a los gobernadores transferencias con los ATN - Diario Textual\" \/>\n<meta property=\"og:description\" content=\"Los gobernadores peronistas y aliados se reunieron en la sede porte\u00f1a del\u00a0Banco Provincia\u00a0y varios de ellos plantearon su preocupaci\u00f3n por, entre otras cosas, no poder pagar los salarios y los&hellip;\" \/>\n<meta property=\"og:url\" content=\"https:\/\/diariotextual.com\/inicio\/index.php\/2023\/11\/29\/massa-prometio-a-los-gobernadores-transferencias-con-los-atn\/\" \/>\n<meta property=\"og:site_name\" content=\"Diario Textual\" \/>\n<meta property=\"article:publisher\" content=\"https:\/\/www.facebook.com\/eltextual\" \/>\n<meta property=\"article:published_time\" content=\"2023-11-29T10:27:39+00:00\" \/>\n<meta property=\"article:modified_time\" content=\"2023-11-29T12:37:29+00:00\" \/>\n<meta property=\"og:image\" content=\"https:\/\/diariotextual.com\/inicio\/wp-content\/uploads\/2023\/11\/massasergiogobernadoresperonistas2023-23.jpeg\" \/>\n\t<meta property=\"og:image:width\" content=\"960\" \/>\n\t<meta property=\"og:image:height\" content=\"640\" \/>\n\t<meta property=\"og:image:type\" content=\"image\/jpeg\" \/>\n<meta name=\"author\" content=\"Diario1 Diario1\" \/>\n<meta name=\"twitter:card\" content=\"summary_large_image\" \/>\n<meta name=\"twitter:creator\" content=\"@eltextual\" \/>\n<meta name=\"twitter:site\" content=\"@eltextual\" \/>\n<meta name=\"twitter:label1\" content=\"Escrito por\" \/>\n\t<meta name=\"twitter:data1\" content=\"Diario1 Diario1\" \/>\n\t<meta name=\"twitter:label2\" content=\"Tiempo de lectura\" \/>\n\t<meta name=\"twitter:data2\" content=\"4 minutos\" \/>\n<script type=\"application\/ld+json\" class=\"yoast-schema-graph\">{\"@context\":\"https:\\\/\\\/schema.org\",\"@graph\":[{\"@type\":\"Article\",\"@id\":\"https:\\\/\\\/diariotextual.com\\\/inicio\\\/index.php\\\/2023\\\/11\\\/29\\\/massa-prometio-a-los-gobernadores-transferencias-con-los-atn\\\/#article\",\"isPartOf\":{\"@id\":\"https:\\\/\\\/diariotextual.com\\\/inicio\\\/index.php\\\/2023\\\/11\\\/29\\\/massa-prometio-a-los-gobernadores-transferencias-con-los-atn\\\/\"},\"author\":{\"name\":\"Diario1 Diario1\",\"@id\":\"https:\\\/\\\/diariotextual.com\\\/inicio\\\/#\\\/schema\\\/person\\\/418fc4093c33e86ed41562db3508f958\"},\"headline\":\"Massa prometi\u00f3 a los gobernadores transferencias con los ATN\",\"datePublished\":\"2023-11-29T10:27:39+00:00\",\"dateModified\":\"2023-11-29T12:37:29+00:00\",\"mainEntityOfPage\":{\"@id\":\"https:\\\/\\\/diariotextual.com\\\/inicio\\\/index.php\\\/2023\\\/11\\\/29\\\/massa-prometio-a-los-gobernadores-transferencias-con-los-atn\\\/\"},\"wordCount\":903,\"publisher\":{\"@id\":\"https:\\\/\\\/diariotextual.com\\\/inicio\\\/#organization\"},\"image\":{\"@id\":\"https:\\\/\\\/diariotextual.com\\\/inicio\\\/index.php\\\/2023\\\/11\\\/29\\\/massa-prometio-a-los-gobernadores-transferencias-con-los-atn\\\/#primaryimage\"},\"thumbnailUrl\":\"https:\\\/\\\/diariotextual.com\\\/inicio\\\/wp-content\\\/uploads\\\/2023\\\/11\\\/massasergiogobernadoresperonistas2023-23.jpeg\",\"articleSection\":[\"A - ES NOTICIA (van abajo)\",\"POLITICA\"],\"inLanguage\":\"es\"},{\"@type\":\"WebPage\",\"@id\":\"https:\\\/\\\/diariotextual.com\\\/inicio\\\/index.php\\\/2023\\\/11\\\/29\\\/massa-prometio-a-los-gobernadores-transferencias-con-los-atn\\\/\",\"url\":\"https:\\\/\\\/diariotextual.com\\\/inicio\\\/index.php\\\/2023\\\/11\\\/29\\\/massa-prometio-a-los-gobernadores-transferencias-con-los-atn\\\/\",\"name\":\"Massa prometi\u00f3 a los gobernadores transferencias con los ATN - Diario Textual\",\"isPartOf\":{\"@id\":\"https:\\\/\\\/diariotextual.com\\\/inicio\\\/#website\"},\"primaryImageOfPage\":{\"@id\":\"https:\\\/\\\/diariotextual.com\\\/inicio\\\/index.php\\\/2023\\\/11\\\/29\\\/massa-prometio-a-los-gobernadores-transferencias-con-los-atn\\\/#primaryimage\"},\"image\":{\"@id\":\"https:\\\/\\\/diariotextual.com\\\/inicio\\\/index.php\\\/2023\\\/11\\\/29\\\/massa-prometio-a-los-gobernadores-transferencias-con-los-atn\\\/#primaryimage\"},\"thumbnailUrl\":\"https:\\\/\\\/diariotextual.com\\\/inicio\\\/wp-content\\\/uploads\\\/2023\\\/11\\\/massasergiogobernadoresperonistas2023-23.jpeg\",\"datePublished\":\"2023-11-29T10:27:39+00:00\",\"dateModified\":\"2023-11-29T12:37:29+00:00\",\"breadcrumb\":{\"@id\":\"https:\\\/\\\/diariotextual.com\\\/inicio\\\/index.php\\\/2023\\\/11\\\/29\\\/massa-prometio-a-los-gobernadores-transferencias-con-los-atn\\\/#breadcrumb\"},\"inLanguage\":\"es\",\"potentialAction\":[{\"@type\":\"ReadAction\",\"target\":[\"https:\\\/\\\/diariotextual.com\\\/inicio\\\/index.php\\\/2023\\\/11\\\/29\\\/massa-prometio-a-los-gobernadores-transferencias-con-los-atn\\\/\"]}]},{\"@type\":\"ImageObject\",\"inLanguage\":\"es\",\"@id\":\"https:\\\/\\\/diariotextual.com\\\/inicio\\\/index.php\\\/2023\\\/11\\\/29\\\/massa-prometio-a-los-gobernadores-transferencias-con-los-atn\\\/#primaryimage\",\"url\":\"https:\\\/\\\/diariotextual.com\\\/inicio\\\/wp-content\\\/uploads\\\/2023\\\/11\\\/massasergiogobernadoresperonistas2023-23.jpeg\",\"contentUrl\":\"https:\\\/\\\/diariotextual.com\\\/inicio\\\/wp-content\\\/uploads\\\/2023\\\/11\\\/massasergiogobernadoresperonistas2023-23.jpeg\",\"width\":960,\"height\":640},{\"@type\":\"BreadcrumbList\",\"@id\":\"https:\\\/\\\/diariotextual.com\\\/inicio\\\/index.php\\\/2023\\\/11\\\/29\\\/massa-prometio-a-los-gobernadores-transferencias-con-los-atn\\\/#breadcrumb\",\"itemListElement\":[{\"@type\":\"ListItem\",\"position\":1,\"name\":\"Portada\",\"item\":\"https:\\\/\\\/diariotextual.com\\\/inicio\\\/\"},{\"@type\":\"ListItem\",\"position\":2,\"name\":\"Massa prometi\u00f3 a los gobernadores transferencias con los ATN\"}]},{\"@type\":\"WebSite\",\"@id\":\"https:\\\/\\\/diariotextual.com\\\/inicio\\\/#website\",\"url\":\"https:\\\/\\\/diariotextual.com\\\/inicio\\\/\",\"name\":\"Diario Textual\",\"description\":\"\",\"publisher\":{\"@id\":\"https:\\\/\\\/diariotextual.com\\\/inicio\\\/#organization\"},\"potentialAction\":[{\"@type\":\"SearchAction\",\"target\":{\"@type\":\"EntryPoint\",\"urlTemplate\":\"https:\\\/\\\/diariotextual.com\\\/inicio\\\/?s={search_term_string}\"},\"query-input\":{\"@type\":\"PropertyValueSpecification\",\"valueRequired\":true,\"valueName\":\"search_term_string\"}}],\"inLanguage\":\"es\"},{\"@type\":\"Organization\",\"@id\":\"https:\\\/\\\/diariotextual.com\\\/inicio\\\/#organization\",\"name\":\"Diario Textual\",\"url\":\"https:\\\/\\\/diariotextual.com\\\/inicio\\\/\",\"logo\":{\"@type\":\"ImageObject\",\"inLanguage\":\"es\",\"@id\":\"https:\\\/\\\/diariotextual.com\\\/inicio\\\/#\\\/schema\\\/logo\\\/image\\\/\",\"url\":\"https:\\\/\\\/diariotextual.com\\\/inicio\\\/wp-content\\\/uploads\\\/2023\\\/05\\\/logotextual1.jpg\",\"contentUrl\":\"https:\\\/\\\/diariotextual.com\\\/inicio\\\/wp-content\\\/uploads\\\/2023\\\/05\\\/logotextual1.jpg\",\"width\":516,\"height\":76,\"caption\":\"Diario Textual\"},\"image\":{\"@id\":\"https:\\\/\\\/diariotextual.com\\\/inicio\\\/#\\\/schema\\\/logo\\\/image\\\/\"},\"sameAs\":[\"https:\\\/\\\/www.facebook.com\\\/eltextual\",\"https:\\\/\\\/x.com\\\/eltextual\",\"http:\\\/\\\/www.instagram.com\\\/eltextual\"]},{\"@type\":\"Person\",\"@id\":\"https:\\\/\\\/diariotextual.com\\\/inicio\\\/#\\\/schema\\\/person\\\/418fc4093c33e86ed41562db3508f958\",\"name\":\"Diario1 Diario1\",\"image\":{\"@type\":\"ImageObject\",\"inLanguage\":\"es\",\"@id\":\"https:\\\/\\\/secure.gravatar.com\\\/avatar\\\/9167d280179c85bc18be67aa7eda765854300033af4896dd779b608640f2ef7a?s=96&d=mm&r=g\",\"url\":\"https:\\\/\\\/secure.gravatar.com\\\/avatar\\\/9167d280179c85bc18be67aa7eda765854300033af4896dd779b608640f2ef7a?s=96&d=mm&r=g\",\"contentUrl\":\"https:\\\/\\\/secure.gravatar.com\\\/avatar\\\/9167d280179c85bc18be67aa7eda765854300033af4896dd779b608640f2ef7a?s=96&d=mm&r=g\",\"caption\":\"Diario1 Diario1\"},\"url\":\"https:\\\/\\\/diariotextual.com\\\/inicio\\\/index.php\\\/author\\\/diario1\\\/\"}]}<\/script>\n<!-- \/ Yoast SEO plugin. -->","yoast_head_json":{"title":"Massa prometi\u00f3 a los gobernadores transferencias con los ATN - Diario Textual","robots":{"index":"index","follow":"follow","max-snippet":"max-snippet:-1","max-image-preview":"max-image-preview:large","max-video-preview":"max-video-preview:-1"},"canonical":"https:\/\/diariotextual.com\/inicio\/index.php\/2023\/11\/29\/massa-prometio-a-los-gobernadores-transferencias-con-los-atn\/","og_locale":"es_ES","og_type":"article","og_title":"Massa prometi\u00f3 a los gobernadores transferencias con los ATN - Diario Textual","og_description":"Los gobernadores peronistas y aliados se reunieron en la sede porte\u00f1a del\u00a0Banco Provincia\u00a0y varios de ellos plantearon su preocupaci\u00f3n por, entre otras cosas, no poder pagar los salarios y los&hellip;","og_url":"https:\/\/diariotextual.com\/inicio\/index.php\/2023\/11\/29\/massa-prometio-a-los-gobernadores-transferencias-con-los-atn\/","og_site_name":"Diario Textual","article_publisher":"https:\/\/www.facebook.com\/eltextual","article_published_time":"2023-11-29T10:27:39+00:00","article_modified_time":"2023-11-29T12:37:29+00:00","og_image":[{"width":960,"height":640,"url":"https:\/\/diariotextual.com\/inicio\/wp-content\/uploads\/2023\/11\/massasergiogobernadoresperonistas2023-23.jpeg","type":"image\/jpeg"}],"author":"Diario1 Diario1","twitter_card":"summary_large_image","twitter_creator":"@eltextual","twitter_site":"@eltextual","twitter_misc":{"Escrito por":"Diario1 Diario1","Tiempo de lectura":"4 minutos"},"schema":{"@context":"https:\/\/schema.org","@graph":[{"@type":"Article","@id":"https:\/\/diariotextual.com\/inicio\/index.php\/2023\/11\/29\/massa-prometio-a-los-gobernadores-transferencias-con-los-atn\/#article","isPartOf":{"@id":"https:\/\/diariotextual.com\/inicio\/index.php\/2023\/11\/29\/massa-prometio-a-los-gobernadores-transferencias-con-los-atn\/"},"author":{"name":"Diario1 Diario1","@id":"https:\/\/diariotextual.com\/inicio\/#\/schema\/person\/418fc4093c33e86ed41562db3508f958"},"headline":"Massa prometi\u00f3 a los gobernadores transferencias con los ATN","datePublished":"2023-11-29T10:27:39+00:00","dateModified":"2023-11-29T12:37:29+00:00","mainEntityOfPage":{"@id":"https:\/\/diariotextual.com\/inicio\/index.php\/2023\/11\/29\/massa-prometio-a-los-gobernadores-transferencias-con-los-atn\/"},"wordCount":903,"publisher":{"@id":"https:\/\/diariotextual.com\/inicio\/#organization"},"image":{"@id":"https:\/\/diariotextual.com\/inicio\/index.php\/2023\/11\/29\/massa-prometio-a-los-gobernadores-transferencias-con-los-atn\/#primaryimage"},"thumbnailUrl":"https:\/\/diariotextual.com\/inicio\/wp-content\/uploads\/2023\/11\/massasergiogobernadoresperonistas2023-23.jpeg","articleSection":["A - ES NOTICIA (van abajo)","POLITICA"],"inLanguage":"es"},{"@type":"WebPage","@id":"https:\/\/diariotextual.com\/inicio\/index.php\/2023\/11\/29\/massa-prometio-a-los-gobernadores-transferencias-con-los-atn\/","url":"https:\/\/diariotextual.com\/inicio\/index.php\/2023\/11\/29\/massa-prometio-a-los-gobernadores-transferencias-con-los-atn\/","name":"Massa prometi\u00f3 a los gobernadores transferencias con los ATN - Diario Textual","isPartOf":{"@id":"https:\/\/diariotextual.com\/inicio\/#website"},"primaryImageOfPage":{"@id":"https:\/\/diariotextual.com\/inicio\/index.php\/2023\/11\/29\/massa-prometio-a-los-gobernadores-transferencias-con-los-atn\/#primaryimage"},"image":{"@id":"https:\/\/diariotextual.com\/inicio\/index.php\/2023\/11\/29\/massa-prometio-a-los-gobernadores-transferencias-con-los-atn\/#primaryimage"},"thumbnailUrl":"https:\/\/diariotextual.com\/inicio\/wp-content\/uploads\/2023\/11\/massasergiogobernadoresperonistas2023-23.jpeg","datePublished":"2023-11-29T10:27:39+00:00","dateModified":"2023-11-29T12:37:29+00:00","breadcrumb":{"@id":"https:\/\/diariotextual.com\/inicio\/index.php\/2023\/11\/29\/massa-prometio-a-los-gobernadores-transferencias-con-los-atn\/#breadcrumb"},"inLanguage":"es","potentialAction":[{"@type":"ReadAction","target":["https:\/\/diariotextual.com\/inicio\/index.php\/2023\/11\/29\/massa-prometio-a-los-gobernadores-transferencias-con-los-atn\/"]}]},{"@type":"ImageObject","inLanguage":"es","@id":"https:\/\/diariotextual.com\/inicio\/index.php\/2023\/11\/29\/massa-prometio-a-los-gobernadores-transferencias-con-los-atn\/#primaryimage","url":"https:\/\/diariotextual.com\/inicio\/wp-content\/uploads\/2023\/11\/massasergiogobernadoresperonistas2023-23.jpeg","contentUrl":"https:\/\/diariotextual.com\/inicio\/wp-content\/uploads\/2023\/11\/massasergiogobernadoresperonistas2023-23.jpeg","width":960,"height":640},{"@type":"BreadcrumbList","@id":"https:\/\/diariotextual.com\/inicio\/index.php\/2023\/11\/29\/massa-prometio-a-los-gobernadores-transferencias-con-los-atn\/#breadcrumb","itemListElement":[{"@type":"ListItem","position":1,"name":"Portada","item":"https:\/\/diariotextual.com\/inicio\/"},{"@type":"ListItem","position":2,"name":"Massa prometi\u00f3 a los gobernadores transferencias con los ATN"}]},{"@type":"WebSite","@id":"https:\/\/diariotextual.com\/inicio\/#website","url":"https:\/\/diariotextual.com\/inicio\/","name":"Diario Textual","description":"","publisher":{"@id":"https:\/\/diariotextual.com\/inicio\/#organization"},"potentialAction":[{"@type":"SearchAction","target":{"@type":"EntryPoint","urlTemplate":"https:\/\/diariotextual.com\/inicio\/?s={search_term_string}"},"query-input":{"@type":"PropertyValueSpecification","valueRequired":true,"valueName":"search_term_string"}}],"inLanguage":"es"},{"@type":"Organization","@id":"https:\/\/diariotextual.com\/inicio\/#organization","name":"Diario Textual","url":"https:\/\/diariotextual.com\/inicio\/","logo":{"@type":"ImageObject","inLanguage":"es","@id":"https:\/\/diariotextual.com\/inicio\/#\/schema\/logo\/image\/","url":"https:\/\/diariotextual.com\/inicio\/wp-content\/uploads\/2023\/05\/logotextual1.jpg","contentUrl":"https:\/\/diariotextual.com\/inicio\/wp-content\/uploads\/2023\/05\/logotextual1.jpg","width":516,"height":76,"caption":"Diario Textual"},"image":{"@id":"https:\/\/diariotextual.com\/inicio\/#\/schema\/logo\/image\/"},"sameAs":["https:\/\/www.facebook.com\/eltextual","https:\/\/x.com\/eltextual","http:\/\/www.instagram.com\/eltextual"]},{"@type":"Person","@id":"https:\/\/diariotextual.com\/inicio\/#\/schema\/person\/418fc4093c33e86ed41562db3508f958","name":"Diario1 Diario1","image":{"@type":"ImageObject","inLanguage":"es","@id":"https:\/\/secure.gravatar.com\/avatar\/9167d280179c85bc18be67aa7eda765854300033af4896dd779b608640f2ef7a?s=96&d=mm&r=g","url":"https:\/\/secure.gravatar.com\/avatar\/9167d280179c85bc18be67aa7eda765854300033af4896dd779b608640f2ef7a?s=96&d=mm&r=g","contentUrl":"https:\/\/secure.gravatar.com\/avatar\/9167d280179c85bc18be67aa7eda765854300033af4896dd779b608640f2ef7a?s=96&d=mm&r=g","caption":"Diario1 Diario1"},"url":"https:\/\/diariotextual.com\/inicio\/index.php\/author\/diario1\/"}]}},"_links":{"self":[{"href":"https:\/\/diariotextual.com\/inicio\/index.php\/wp-json\/wp\/v2\/posts\/246022","targetHints":{"allow":["GET"]}}],"collection":[{"href":"https:\/\/diariotextual.com\/inicio\/index.php\/wp-json\/wp\/v2\/posts"}],"about":[{"href":"https:\/\/diariotextual.com\/inicio\/index.php\/wp-json\/wp\/v2\/types\/post"}],"author":[{"embeddable":true,"href":"https:\/\/diariotextual.com\/inicio\/index.php\/wp-json\/wp\/v2\/users\/3"}],"replies":[{"embeddable":true,"href":"https:\/\/diariotextual.com\/inicio\/index.php\/wp-json\/wp\/v2\/comments?post=246022"}],"version-history":[{"count":2,"href":"https:\/\/diariotextual.com\/inicio\/index.php\/wp-json\/wp\/v2\/posts\/246022\/revisions"}],"predecessor-version":[{"id":246026,"href":"https:\/\/diariotextual.com\/inicio\/index.php\/wp-json\/wp\/v2\/posts\/246022\/revisions\/246026"}],"wp:featuredmedia":[{"embeddable":true,"href":"https:\/\/diariotextual.com\/inicio\/index.php\/wp-json\/wp\/v2\/media\/246023"}],"wp:attachment":[{"href":"https:\/\/diariotextual.com\/inicio\/index.php\/wp-json\/wp\/v2\/media?parent=246022"}],"wp:term":[{"taxonomy":"category","embeddable":true,"href":"https:\/\/diariotextual.com\/inicio\/index.php\/wp-json\/wp\/v2\/categories?post=246022"},{"taxonomy":"post_tag","embeddable":true,"href":"https:\/\/diariotextual.com\/inicio\/index.php\/wp-json\/wp\/v2\/tags?post=246022"}],"curies":[{"name":"wp","href":"https:\/\/api.w.org\/{rel}","templated":true}]}}