{"id":246031,"date":"2023-11-29T08:07:29","date_gmt":"2023-11-29T11:07:29","guid":{"rendered":"https:\/\/diariotextual.com\/inicio\/?p=246031"},"modified":"2023-11-29T08:51:50","modified_gmt":"2023-11-29T11:51:50","slug":"milei-confirmo-que-caputo-el-de-la-deuda-a-100-anos-sera-su-ministro-de-economia","status":"publish","type":"post","link":"https:\/\/diariotextual.com\/inicio\/index.php\/2023\/11\/29\/milei-confirmo-que-caputo-el-de-la-deuda-a-100-anos-sera-su-ministro-de-economia\/","title":{"rendered":"La casta tiene empleo: Milei confirm\u00f3 que Caputo, el de la deuda a 100 a\u00f1os, ser\u00e1 su ministro de Econom\u00eda"},"content":{"rendered":"\n<p>El presidente electo, Javier Milei, regres\u00f3 este mi\u00e9rcoles a la Argentina tras su viaje de dos d\u00edas por Estados Unidos, donde mantuvo varias reuniones antes de su asunci\u00f3n del pr\u00f3ximo 10 de diciembre. Tras aterrizar en Aeroparque, confirm\u00f3 que Luis Caputo ser\u00e1 su ministro de Econom\u00eda, resalt\u00f3 que su visita al pa\u00eds del norte fue muy positiva y que recibi\u00f3 \u201crespuestas extremadamente favorables\u201d a sus planteos.<\/p>\n\n\n\n<p>Caputo es un exfuncionario de&nbsp;<strong>Mauricio Macri<\/strong>. No son pocos los analistas que creen que con la llegada de Caputo a Econom\u00eda se cancela, o al menos se postergar\u00e1 por un tiempo, la idea de dolarizar la econom\u00eda.<\/p>\n\n\n\n<p>\u201cHa sido un viaje muy positivo. La reuni\u00f3n de ayer ha sido extraordinaria, muy importante por el rol que tiene destacado Jack Sullivan, que es el asesor m\u00e1s influyente de Joe Biden. Presentamos las caracter\u00edsticas de los desaf\u00edos que tenemos por delante y la naturaleza del programa econ\u00f3mico que vamos a encarar. Tambi\u00e9n hicimos un planteo de nuestro alineamiento internacional. En ambos aspectos recibimos una respuesta extremadamente favorable\u201d, afirm\u00f3.<\/p>\n\n\n\n<p>Milei tambi\u00e9n resalt\u00f3 el cambio en cuanto a la relaci\u00f3n internacional del pa\u00eds que planea una vez que asuma la presidencia, algo que, afirm\u00f3, dej\u00f3 en claro en las reuniones que mantuvo durante su viaje.<\/p>\n\n\n\n<p>\u201cVolvimos a manifestar nuestra posici\u00f3n hist\u00f3rica de estar alineados con Estados Unidos, Israel y Occidente. Mostramos una posici\u00f3n clara y contundente en lo que tiene que ver en el conflicto entre Israel y el grupo terrorista Hamas y nuestra posici\u00f3n en el caso del conflicto entre Ucrania y Rusia. Tambi\u00e9n nuestro posicionamiento respecto al BRICS\u201d, sostuvo en declaraciones a radio&nbsp;<em>Continental<\/em>.<\/p>\n\n\n\n<p><br>Caputo es un hombre de Wall Street y se desempe\u00f1\u00f3 en el JPMorgan, en Nueva York. Tras su paso por la funci\u00f3n p\u00fablica no se libr\u00f3 de ser denunciado judicialmente por su desempe\u00f1o. En 2018, el diputado ultra K&nbsp;<strong>Rodolfo Tailhade<\/strong>&nbsp;lo se\u00f1al\u00f3, junto a otros funcionarios, por presunta \u201cadministraci\u00f3n fraudulenta\u201d y \u201cdefraudaci\u00f3n\u201d. Tiempo despu\u00e9s, la causa termin\u00f3 desestimada. Caputo, en tanto, mantiene otra demanda abierta por su participaci\u00f3n en la negociaci\u00f3n con el FMI.<\/p>\n\n\n\n<p>En 2015 asumi\u00f3 como secretario de Finanzas y dos a\u00f1os despu\u00e9sfue designado ministro del \u00e1rea. En medio de la crisis financiera de 2018, lleg\u00f3 al BCRA para reemplazar a&nbsp;<strong>Federico Sturzenegger<\/strong>. En la autoridad monetaria dur\u00f3 poco m\u00e1s de tres meses, para luego ser reemplazado por&nbsp;<strong>Guido Sandleris<\/strong>.<\/p>\n\n\n\n<p>Durante su gesti\u00f3n estuvo a cargo de la negociaci\u00f3n con los&nbsp;<strong>fondos buitres<\/strong>, donde la Argentina accedi\u00f3 a pagar USD 9.352 millones a los principales acreedores. La emisi\u00f3n completa fue por USD 16.000 millones y fue la primera de la gesti\u00f3n Cambiemos. Otro hito fue el recordado&nbsp;<strong>bono en d\u00f3lares a 100 a\u00f1os<\/strong>, con un cup\u00f3n de intereses de 7,125%, festejado por el Gobierno macrista y criticado por el<strong>&nbsp;kirchnerismo.<\/strong><\/p>\n\n\n\n<p>Su salida del BCRA estuvo marcada por un enfrentamiento con los funcionarios del FMI encabezados por el entonces jefe del Departamento Occidental del organismo, Alejandro Werner. El foco del problema era la magnitud de la intervenci\u00f3n en el mercado de cambios de la autoridad monetaria durante las corridas cambiarias de aquel momento. A priori, el Fondo no quer\u00eda que el Gobierno use los recursos que le prestaba para controlar al d\u00f3lar y el equipo econ\u00f3mico sosten\u00eda que deb\u00eda acotar la volatilidad del d\u00f3lar oficial en un contexto de desconfianza.<\/p>\n\n\n\n<p><\/p>\n\n\n\n<p><\/p>\n","protected":false},"excerpt":{"rendered":"<p>El presidente electo, Javier Milei, regres\u00f3 este mi\u00e9rcoles a la Argentina tras su viaje de dos d\u00edas por Estados Unidos, donde mantuvo varias reuniones antes de su asunci\u00f3n del pr\u00f3ximo&hellip;<\/p>\n","protected":false},"author":3,"featured_media":246037,"comment_status":"closed","ping_status":"open","sticky":false,"template":"","format":"standard","meta":{"_acf_changed":false,"footnotes":""},"categories":[1,8],"tags":[],"class_list":["post-246031","post","type-post","status-publish","format-standard","has-post-thumbnail","hentry","category-es-noticia","category-politica"],"acf":[],"yoast_head":"<!-- This site is optimized with the Yoast SEO plugin v27.5 - https:\/\/yoast.com\/product\/yoast-seo-wordpress\/ -->\n<title>La casta tiene empleo: Milei confirm\u00f3 que Caputo, el de la deuda a 100 a\u00f1os, ser\u00e1 su ministro de Econom\u00eda - Diario Textual<\/title>\n<meta name=\"robots\" content=\"index, follow, max-snippet:-1, max-image-preview:large, max-video-preview:-1\" \/>\n<link rel=\"canonical\" href=\"https:\/\/diariotextual.com\/inicio\/index.php\/2023\/11\/29\/milei-confirmo-que-caputo-el-de-la-deuda-a-100-anos-sera-su-ministro-de-economia\/\" \/>\n<meta property=\"og:locale\" content=\"es_ES\" \/>\n<meta property=\"og:type\" content=\"article\" \/>\n<meta property=\"og:title\" content=\"La casta tiene empleo: Milei confirm\u00f3 que Caputo, el de la deuda a 100 a\u00f1os, ser\u00e1 su ministro de Econom\u00eda - Diario Textual\" \/>\n<meta property=\"og:description\" content=\"El presidente electo, Javier Milei, regres\u00f3 este mi\u00e9rcoles a la Argentina tras su viaje de dos d\u00edas por Estados Unidos, donde mantuvo varias reuniones antes de su asunci\u00f3n del pr\u00f3ximo&hellip;\" \/>\n<meta property=\"og:url\" content=\"https:\/\/diariotextual.com\/inicio\/index.php\/2023\/11\/29\/milei-confirmo-que-caputo-el-de-la-deuda-a-100-anos-sera-su-ministro-de-economia\/\" \/>\n<meta property=\"og:site_name\" content=\"Diario Textual\" \/>\n<meta property=\"article:publisher\" content=\"https:\/\/www.facebook.com\/eltextual\" \/>\n<meta property=\"article:published_time\" content=\"2023-11-29T11:07:29+00:00\" \/>\n<meta property=\"article:modified_time\" content=\"2023-11-29T11:51:50+00:00\" \/>\n<meta property=\"og:image\" content=\"https:\/\/diariotextual.com\/inicio\/wp-content\/uploads\/2023\/11\/caputoluis2023-12.jpg\" \/>\n\t<meta property=\"og:image:width\" content=\"1200\" \/>\n\t<meta property=\"og:image:height\" content=\"592\" \/>\n\t<meta property=\"og:image:type\" content=\"image\/jpeg\" \/>\n<meta name=\"author\" content=\"Diario1 Diario1\" \/>\n<meta name=\"twitter:card\" content=\"summary_large_image\" \/>\n<meta name=\"twitter:creator\" content=\"@eltextual\" \/>\n<meta name=\"twitter:site\" content=\"@eltextual\" \/>\n<meta name=\"twitter:label1\" content=\"Escrito por\" \/>\n\t<meta name=\"twitter:data1\" content=\"Diario1 Diario1\" \/>\n\t<meta name=\"twitter:label2\" content=\"Tiempo de lectura\" \/>\n\t<meta name=\"twitter:data2\" content=\"3 minutos\" \/>\n<script type=\"application\/ld+json\" class=\"yoast-schema-graph\">{\"@context\":\"https:\\\/\\\/schema.org\",\"@graph\":[{\"@type\":\"Article\",\"@id\":\"https:\\\/\\\/diariotextual.com\\\/inicio\\\/index.php\\\/2023\\\/11\\\/29\\\/milei-confirmo-que-caputo-el-de-la-deuda-a-100-anos-sera-su-ministro-de-economia\\\/#article\",\"isPartOf\":{\"@id\":\"https:\\\/\\\/diariotextual.com\\\/inicio\\\/index.php\\\/2023\\\/11\\\/29\\\/milei-confirmo-que-caputo-el-de-la-deuda-a-100-anos-sera-su-ministro-de-economia\\\/\"},\"author\":{\"name\":\"Diario1 Diario1\",\"@id\":\"https:\\\/\\\/diariotextual.com\\\/inicio\\\/#\\\/schema\\\/person\\\/418fc4093c33e86ed41562db3508f958\"},\"headline\":\"La casta tiene empleo: Milei confirm\u00f3 que Caputo, el de la deuda a 100 a\u00f1os, ser\u00e1 su ministro de Econom\u00eda\",\"datePublished\":\"2023-11-29T11:07:29+00:00\",\"dateModified\":\"2023-11-29T11:51:50+00:00\",\"mainEntityOfPage\":{\"@id\":\"https:\\\/\\\/diariotextual.com\\\/inicio\\\/index.php\\\/2023\\\/11\\\/29\\\/milei-confirmo-que-caputo-el-de-la-deuda-a-100-anos-sera-su-ministro-de-economia\\\/\"},\"wordCount\":621,\"publisher\":{\"@id\":\"https:\\\/\\\/diariotextual.com\\\/inicio\\\/#organization\"},\"image\":{\"@id\":\"https:\\\/\\\/diariotextual.com\\\/inicio\\\/index.php\\\/2023\\\/11\\\/29\\\/milei-confirmo-que-caputo-el-de-la-deuda-a-100-anos-sera-su-ministro-de-economia\\\/#primaryimage\"},\"thumbnailUrl\":\"https:\\\/\\\/diariotextual.com\\\/inicio\\\/wp-content\\\/uploads\\\/2023\\\/11\\\/caputoluis2023-12.jpg\",\"articleSection\":[\"A - ES NOTICIA (van abajo)\",\"POLITICA\"],\"inLanguage\":\"es\"},{\"@type\":\"WebPage\",\"@id\":\"https:\\\/\\\/diariotextual.com\\\/inicio\\\/index.php\\\/2023\\\/11\\\/29\\\/milei-confirmo-que-caputo-el-de-la-deuda-a-100-anos-sera-su-ministro-de-economia\\\/\",\"url\":\"https:\\\/\\\/diariotextual.com\\\/inicio\\\/index.php\\\/2023\\\/11\\\/29\\\/milei-confirmo-que-caputo-el-de-la-deuda-a-100-anos-sera-su-ministro-de-economia\\\/\",\"name\":\"La casta tiene empleo: Milei confirm\u00f3 que Caputo, el de la deuda a 100 a\u00f1os, ser\u00e1 su ministro de Econom\u00eda - Diario Textual\",\"isPartOf\":{\"@id\":\"https:\\\/\\\/diariotextual.com\\\/inicio\\\/#website\"},\"primaryImageOfPage\":{\"@id\":\"https:\\\/\\\/diariotextual.com\\\/inicio\\\/index.php\\\/2023\\\/11\\\/29\\\/milei-confirmo-que-caputo-el-de-la-deuda-a-100-anos-sera-su-ministro-de-economia\\\/#primaryimage\"},\"image\":{\"@id\":\"https:\\\/\\\/diariotextual.com\\\/inicio\\\/index.php\\\/2023\\\/11\\\/29\\\/milei-confirmo-que-caputo-el-de-la-deuda-a-100-anos-sera-su-ministro-de-economia\\\/#primaryimage\"},\"thumbnailUrl\":\"https:\\\/\\\/diariotextual.com\\\/inicio\\\/wp-content\\\/uploads\\\/2023\\\/11\\\/caputoluis2023-12.jpg\",\"datePublished\":\"2023-11-29T11:07:29+00:00\",\"dateModified\":\"2023-11-29T11:51:50+00:00\",\"breadcrumb\":{\"@id\":\"https:\\\/\\\/diariotextual.com\\\/inicio\\\/index.php\\\/2023\\\/11\\\/29\\\/milei-confirmo-que-caputo-el-de-la-deuda-a-100-anos-sera-su-ministro-de-economia\\\/#breadcrumb\"},\"inLanguage\":\"es\",\"potentialAction\":[{\"@type\":\"ReadAction\",\"target\":[\"https:\\\/\\\/diariotextual.com\\\/inicio\\\/index.php\\\/2023\\\/11\\\/29\\\/milei-confirmo-que-caputo-el-de-la-deuda-a-100-anos-sera-su-ministro-de-economia\\\/\"]}]},{\"@type\":\"ImageObject\",\"inLanguage\":\"es\",\"@id\":\"https:\\\/\\\/diariotextual.com\\\/inicio\\\/index.php\\\/2023\\\/11\\\/29\\\/milei-confirmo-que-caputo-el-de-la-deuda-a-100-anos-sera-su-ministro-de-economia\\\/#primaryimage\",\"url\":\"https:\\\/\\\/diariotextual.com\\\/inicio\\\/wp-content\\\/uploads\\\/2023\\\/11\\\/caputoluis2023-12.jpg\",\"contentUrl\":\"https:\\\/\\\/diariotextual.com\\\/inicio\\\/wp-content\\\/uploads\\\/2023\\\/11\\\/caputoluis2023-12.jpg\",\"width\":1200,\"height\":592},{\"@type\":\"BreadcrumbList\",\"@id\":\"https:\\\/\\\/diariotextual.com\\\/inicio\\\/index.php\\\/2023\\\/11\\\/29\\\/milei-confirmo-que-caputo-el-de-la-deuda-a-100-anos-sera-su-ministro-de-economia\\\/#breadcrumb\",\"itemListElement\":[{\"@type\":\"ListItem\",\"position\":1,\"name\":\"Portada\",\"item\":\"https:\\\/\\\/diariotextual.com\\\/inicio\\\/\"},{\"@type\":\"ListItem\",\"position\":2,\"name\":\"La casta tiene empleo: Milei confirm\u00f3 que Caputo, el de la deuda a 100 a\u00f1os, ser\u00e1 su ministro de Econom\u00eda\"}]},{\"@type\":\"WebSite\",\"@id\":\"https:\\\/\\\/diariotextual.com\\\/inicio\\\/#website\",\"url\":\"https:\\\/\\\/diariotextual.com\\\/inicio\\\/\",\"name\":\"Diario Textual\",\"description\":\"\",\"publisher\":{\"@id\":\"https:\\\/\\\/diariotextual.com\\\/inicio\\\/#organization\"},\"potentialAction\":[{\"@type\":\"SearchAction\",\"target\":{\"@type\":\"EntryPoint\",\"urlTemplate\":\"https:\\\/\\\/diariotextual.com\\\/inicio\\\/?s={search_term_string}\"},\"query-input\":{\"@type\":\"PropertyValueSpecification\",\"valueRequired\":true,\"valueName\":\"search_term_string\"}}],\"inLanguage\":\"es\"},{\"@type\":\"Organization\",\"@id\":\"https:\\\/\\\/diariotextual.com\\\/inicio\\\/#organization\",\"name\":\"Diario Textual\",\"url\":\"https:\\\/\\\/diariotextual.com\\\/inicio\\\/\",\"logo\":{\"@type\":\"ImageObject\",\"inLanguage\":\"es\",\"@id\":\"https:\\\/\\\/diariotextual.com\\\/inicio\\\/#\\\/schema\\\/logo\\\/image\\\/\",\"url\":\"https:\\\/\\\/diariotextual.com\\\/inicio\\\/wp-content\\\/uploads\\\/2023\\\/05\\\/logotextual1.jpg\",\"contentUrl\":\"https:\\\/\\\/diariotextual.com\\\/inicio\\\/wp-content\\\/uploads\\\/2023\\\/05\\\/logotextual1.jpg\",\"width\":516,\"height\":76,\"caption\":\"Diario Textual\"},\"image\":{\"@id\":\"https:\\\/\\\/diariotextual.com\\\/inicio\\\/#\\\/schema\\\/logo\\\/image\\\/\"},\"sameAs\":[\"https:\\\/\\\/www.facebook.com\\\/eltextual\",\"https:\\\/\\\/x.com\\\/eltextual\",\"http:\\\/\\\/www.instagram.com\\\/eltextual\"]},{\"@type\":\"Person\",\"@id\":\"https:\\\/\\\/diariotextual.com\\\/inicio\\\/#\\\/schema\\\/person\\\/418fc4093c33e86ed41562db3508f958\",\"name\":\"Diario1 Diario1\",\"image\":{\"@type\":\"ImageObject\",\"inLanguage\":\"es\",\"@id\":\"https:\\\/\\\/secure.gravatar.com\\\/avatar\\\/9167d280179c85bc18be67aa7eda765854300033af4896dd779b608640f2ef7a?s=96&d=mm&r=g\",\"url\":\"https:\\\/\\\/secure.gravatar.com\\\/avatar\\\/9167d280179c85bc18be67aa7eda765854300033af4896dd779b608640f2ef7a?s=96&d=mm&r=g\",\"contentUrl\":\"https:\\\/\\\/secure.gravatar.com\\\/avatar\\\/9167d280179c85bc18be67aa7eda765854300033af4896dd779b608640f2ef7a?s=96&d=mm&r=g\",\"caption\":\"Diario1 Diario1\"},\"url\":\"https:\\\/\\\/diariotextual.com\\\/inicio\\\/index.php\\\/author\\\/diario1\\\/\"}]}<\/script>\n<!-- \/ Yoast SEO plugin. -->","yoast_head_json":{"title":"La casta tiene empleo: Milei confirm\u00f3 que Caputo, el de la deuda a 100 a\u00f1os, ser\u00e1 su ministro de Econom\u00eda - Diario Textual","robots":{"index":"index","follow":"follow","max-snippet":"max-snippet:-1","max-image-preview":"max-image-preview:large","max-video-preview":"max-video-preview:-1"},"canonical":"https:\/\/diariotextual.com\/inicio\/index.php\/2023\/11\/29\/milei-confirmo-que-caputo-el-de-la-deuda-a-100-anos-sera-su-ministro-de-economia\/","og_locale":"es_ES","og_type":"article","og_title":"La casta tiene empleo: Milei confirm\u00f3 que Caputo, el de la deuda a 100 a\u00f1os, ser\u00e1 su ministro de Econom\u00eda - Diario Textual","og_description":"El presidente electo, Javier Milei, regres\u00f3 este mi\u00e9rcoles a la Argentina tras su viaje de dos d\u00edas por Estados Unidos, donde mantuvo varias reuniones antes de su asunci\u00f3n del pr\u00f3ximo&hellip;","og_url":"https:\/\/diariotextual.com\/inicio\/index.php\/2023\/11\/29\/milei-confirmo-que-caputo-el-de-la-deuda-a-100-anos-sera-su-ministro-de-economia\/","og_site_name":"Diario Textual","article_publisher":"https:\/\/www.facebook.com\/eltextual","article_published_time":"2023-11-29T11:07:29+00:00","article_modified_time":"2023-11-29T11:51:50+00:00","og_image":[{"width":1200,"height":592,"url":"https:\/\/diariotextual.com\/inicio\/wp-content\/uploads\/2023\/11\/caputoluis2023-12.jpg","type":"image\/jpeg"}],"author":"Diario1 Diario1","twitter_card":"summary_large_image","twitter_creator":"@eltextual","twitter_site":"@eltextual","twitter_misc":{"Escrito por":"Diario1 Diario1","Tiempo de lectura":"3 minutos"},"schema":{"@context":"https:\/\/schema.org","@graph":[{"@type":"Article","@id":"https:\/\/diariotextual.com\/inicio\/index.php\/2023\/11\/29\/milei-confirmo-que-caputo-el-de-la-deuda-a-100-anos-sera-su-ministro-de-economia\/#article","isPartOf":{"@id":"https:\/\/diariotextual.com\/inicio\/index.php\/2023\/11\/29\/milei-confirmo-que-caputo-el-de-la-deuda-a-100-anos-sera-su-ministro-de-economia\/"},"author":{"name":"Diario1 Diario1","@id":"https:\/\/diariotextual.com\/inicio\/#\/schema\/person\/418fc4093c33e86ed41562db3508f958"},"headline":"La casta tiene empleo: Milei confirm\u00f3 que Caputo, el de la deuda a 100 a\u00f1os, ser\u00e1 su ministro de Econom\u00eda","datePublished":"2023-11-29T11:07:29+00:00","dateModified":"2023-11-29T11:51:50+00:00","mainEntityOfPage":{"@id":"https:\/\/diariotextual.com\/inicio\/index.php\/2023\/11\/29\/milei-confirmo-que-caputo-el-de-la-deuda-a-100-anos-sera-su-ministro-de-economia\/"},"wordCount":621,"publisher":{"@id":"https:\/\/diariotextual.com\/inicio\/#organization"},"image":{"@id":"https:\/\/diariotextual.com\/inicio\/index.php\/2023\/11\/29\/milei-confirmo-que-caputo-el-de-la-deuda-a-100-anos-sera-su-ministro-de-economia\/#primaryimage"},"thumbnailUrl":"https:\/\/diariotextual.com\/inicio\/wp-content\/uploads\/2023\/11\/caputoluis2023-12.jpg","articleSection":["A - ES NOTICIA (van abajo)","POLITICA"],"inLanguage":"es"},{"@type":"WebPage","@id":"https:\/\/diariotextual.com\/inicio\/index.php\/2023\/11\/29\/milei-confirmo-que-caputo-el-de-la-deuda-a-100-anos-sera-su-ministro-de-economia\/","url":"https:\/\/diariotextual.com\/inicio\/index.php\/2023\/11\/29\/milei-confirmo-que-caputo-el-de-la-deuda-a-100-anos-sera-su-ministro-de-economia\/","name":"La casta tiene empleo: Milei confirm\u00f3 que Caputo, el de la deuda a 100 a\u00f1os, ser\u00e1 su ministro de Econom\u00eda - Diario Textual","isPartOf":{"@id":"https:\/\/diariotextual.com\/inicio\/#website"},"primaryImageOfPage":{"@id":"https:\/\/diariotextual.com\/inicio\/index.php\/2023\/11\/29\/milei-confirmo-que-caputo-el-de-la-deuda-a-100-anos-sera-su-ministro-de-economia\/#primaryimage"},"image":{"@id":"https:\/\/diariotextual.com\/inicio\/index.php\/2023\/11\/29\/milei-confirmo-que-caputo-el-de-la-deuda-a-100-anos-sera-su-ministro-de-economia\/#primaryimage"},"thumbnailUrl":"https:\/\/diariotextual.com\/inicio\/wp-content\/uploads\/2023\/11\/caputoluis2023-12.jpg","datePublished":"2023-11-29T11:07:29+00:00","dateModified":"2023-11-29T11:51:50+00:00","breadcrumb":{"@id":"https:\/\/diariotextual.com\/inicio\/index.php\/2023\/11\/29\/milei-confirmo-que-caputo-el-de-la-deuda-a-100-anos-sera-su-ministro-de-economia\/#breadcrumb"},"inLanguage":"es","potentialAction":[{"@type":"ReadAction","target":["https:\/\/diariotextual.com\/inicio\/index.php\/2023\/11\/29\/milei-confirmo-que-caputo-el-de-la-deuda-a-100-anos-sera-su-ministro-de-economia\/"]}]},{"@type":"ImageObject","inLanguage":"es","@id":"https:\/\/diariotextual.com\/inicio\/index.php\/2023\/11\/29\/milei-confirmo-que-caputo-el-de-la-deuda-a-100-anos-sera-su-ministro-de-economia\/#primaryimage","url":"https:\/\/diariotextual.com\/inicio\/wp-content\/uploads\/2023\/11\/caputoluis2023-12.jpg","contentUrl":"https:\/\/diariotextual.com\/inicio\/wp-content\/uploads\/2023\/11\/caputoluis2023-12.jpg","width":1200,"height":592},{"@type":"BreadcrumbList","@id":"https:\/\/diariotextual.com\/inicio\/index.php\/2023\/11\/29\/milei-confirmo-que-caputo-el-de-la-deuda-a-100-anos-sera-su-ministro-de-economia\/#breadcrumb","itemListElement":[{"@type":"ListItem","position":1,"name":"Portada","item":"https:\/\/diariotextual.com\/inicio\/"},{"@type":"ListItem","position":2,"name":"La casta tiene empleo: Milei confirm\u00f3 que Caputo, el de la deuda a 100 a\u00f1os, ser\u00e1 su ministro de Econom\u00eda"}]},{"@type":"WebSite","@id":"https:\/\/diariotextual.com\/inicio\/#website","url":"https:\/\/diariotextual.com\/inicio\/","name":"Diario Textual","description":"","publisher":{"@id":"https:\/\/diariotextual.com\/inicio\/#organization"},"potentialAction":[{"@type":"SearchAction","target":{"@type":"EntryPoint","urlTemplate":"https:\/\/diariotextual.com\/inicio\/?s={search_term_string}"},"query-input":{"@type":"PropertyValueSpecification","valueRequired":true,"valueName":"search_term_string"}}],"inLanguage":"es"},{"@type":"Organization","@id":"https:\/\/diariotextual.com\/inicio\/#organization","name":"Diario Textual","url":"https:\/\/diariotextual.com\/inicio\/","logo":{"@type":"ImageObject","inLanguage":"es","@id":"https:\/\/diariotextual.com\/inicio\/#\/schema\/logo\/image\/","url":"https:\/\/diariotextual.com\/inicio\/wp-content\/uploads\/2023\/05\/logotextual1.jpg","contentUrl":"https:\/\/diariotextual.com\/inicio\/wp-content\/uploads\/2023\/05\/logotextual1.jpg","width":516,"height":76,"caption":"Diario Textual"},"image":{"@id":"https:\/\/diariotextual.com\/inicio\/#\/schema\/logo\/image\/"},"sameAs":["https:\/\/www.facebook.com\/eltextual","https:\/\/x.com\/eltextual","http:\/\/www.instagram.com\/eltextual"]},{"@type":"Person","@id":"https:\/\/diariotextual.com\/inicio\/#\/schema\/person\/418fc4093c33e86ed41562db3508f958","name":"Diario1 Diario1","image":{"@type":"ImageObject","inLanguage":"es","@id":"https:\/\/secure.gravatar.com\/avatar\/9167d280179c85bc18be67aa7eda765854300033af4896dd779b608640f2ef7a?s=96&d=mm&r=g","url":"https:\/\/secure.gravatar.com\/avatar\/9167d280179c85bc18be67aa7eda765854300033af4896dd779b608640f2ef7a?s=96&d=mm&r=g","contentUrl":"https:\/\/secure.gravatar.com\/avatar\/9167d280179c85bc18be67aa7eda765854300033af4896dd779b608640f2ef7a?s=96&d=mm&r=g","caption":"Diario1 Diario1"},"url":"https:\/\/diariotextual.com\/inicio\/index.php\/author\/diario1\/"}]}},"_links":{"self":[{"href":"https:\/\/diariotextual.com\/inicio\/index.php\/wp-json\/wp\/v2\/posts\/246031","targetHints":{"allow":["GET"]}}],"collection":[{"href":"https:\/\/diariotextual.com\/inicio\/index.php\/wp-json\/wp\/v2\/posts"}],"about":[{"href":"https:\/\/diariotextual.com\/inicio\/index.php\/wp-json\/wp\/v2\/types\/post"}],"author":[{"embeddable":true,"href":"https:\/\/diariotextual.com\/inicio\/index.php\/wp-json\/wp\/v2\/users\/3"}],"replies":[{"embeddable":true,"href":"https:\/\/diariotextual.com\/inicio\/index.php\/wp-json\/wp\/v2\/comments?post=246031"}],"version-history":[{"count":6,"href":"https:\/\/diariotextual.com\/inicio\/index.php\/wp-json\/wp\/v2\/posts\/246031\/revisions"}],"predecessor-version":[{"id":246038,"href":"https:\/\/diariotextual.com\/inicio\/index.php\/wp-json\/wp\/v2\/posts\/246031\/revisions\/246038"}],"wp:featuredmedia":[{"embeddable":true,"href":"https:\/\/diariotextual.com\/inicio\/index.php\/wp-json\/wp\/v2\/media\/246037"}],"wp:attachment":[{"href":"https:\/\/diariotextual.com\/inicio\/index.php\/wp-json\/wp\/v2\/media?parent=246031"}],"wp:term":[{"taxonomy":"category","embeddable":true,"href":"https:\/\/diariotextual.com\/inicio\/index.php\/wp-json\/wp\/v2\/categories?post=246031"},{"taxonomy":"post_tag","embeddable":true,"href":"https:\/\/diariotextual.com\/inicio\/index.php\/wp-json\/wp\/v2\/tags?post=246031"}],"curies":[{"name":"wp","href":"https:\/\/api.w.org\/{rel}","templated":true}]}}