{"id":246085,"date":"2023-11-29T10:30:08","date_gmt":"2023-11-29T13:30:08","guid":{"rendered":"https:\/\/diariotextual.com\/inicio\/?p=246085"},"modified":"2023-11-29T13:58:48","modified_gmt":"2023-11-29T16:58:48","slug":"concejala-electa-pidio-reforma-del-estatuto-de-la-cpe-y-tarifa-social-para-universitarios","status":"publish","type":"post","link":"https:\/\/diariotextual.com\/inicio\/index.php\/2023\/11\/29\/concejala-electa-pidio-reforma-del-estatuto-de-la-cpe-y-tarifa-social-para-universitarios\/","title":{"rendered":"Concejala electa pidi\u00f3 reforma del estatuto de la CPE y tarifa social para universitarios"},"content":{"rendered":"\n<p>La concejala santarrose\u00f1a electa <strong>Luj\u00e1n Mazzucco (UCR)<\/strong> reclam\u00f3 una <strong>reforma estatuaria de la Cooperativa Popular de Electricidad <\/strong>que permita la representaci\u00f3n de minor\u00edas en la asamblea de delegados. Tambi\u00e9n pidi\u00f3 una <strong>tarifa social para los estudiantes<\/strong> <strong>universitarios<\/strong> que vienen a estudiar a Santa Rosa.<\/p>\n\n\n\n<p>Mazzucco visit\u00f3 al nuevo presidente de la CPE, Manuel Simpson y se puso a disposici\u00f3n para trabajar en conjunto y aprender sobre el trabajo que lleva a cabo la entidad solidaria en el tema de asesoramiento y acompa\u00f1amiento a nuevas cooperativas de trabajo. Tambi\u00e9n reclam\u00f3 la necesidad de una reforma de estatuto de la cooperativa para garantizar la representaci\u00f3n de minor\u00edas dentro de la asamblea de delegados.<\/p>\n\n\n\n<p>La concejala electa desliz\u00f3 la necesidad de \u201cacercar la cooperativa a los j\u00f3venes estudiantes universitarios y facilitarles una tarifa social para reducir el costo de vida de quienes vienen de afuera a estudiar a la capital\u201d. <\/p>\n\n\n\n<p>Se interes\u00f3 sobre conformaci\u00f3n de cooperativas de trabajo, el rol de la CPE y la municipalidad en la formaci\u00f3n de estos grupos de trabajo y las condiciones que impondr\u00e1 para estas pol\u00edticas sociales el gobierno que asume el 10 de diciembre.<\/p>\n\n\n\n<p><\/p>\n","protected":false},"excerpt":{"rendered":"<p>La concejala santarrose\u00f1a electa Luj\u00e1n Mazzucco (UCR) reclam\u00f3 una reforma estatuaria de la Cooperativa Popular de Electricidad que permita la representaci\u00f3n de minor\u00edas en la asamblea de delegados. Tambi\u00e9n pidi\u00f3&hellip;<\/p>\n","protected":false},"author":7,"featured_media":246089,"comment_status":"closed","ping_status":"open","sticky":false,"template":"","format":"standard","meta":{"_acf_changed":false,"footnotes":""},"categories":[1,8],"tags":[],"class_list":["post-246085","post","type-post","status-publish","format-standard","has-post-thumbnail","hentry","category-es-noticia","category-politica"],"acf":[],"yoast_head":"<!-- This site is optimized with the Yoast SEO plugin v27.5 - https:\/\/yoast.com\/product\/yoast-seo-wordpress\/ -->\n<title>Concejala electa pidi\u00f3 reforma del estatuto de la CPE y tarifa social para universitarios - Diario Textual<\/title>\n<meta name=\"robots\" content=\"index, follow, max-snippet:-1, max-image-preview:large, max-video-preview:-1\" \/>\n<link rel=\"canonical\" href=\"https:\/\/diariotextual.com\/inicio\/index.php\/2023\/11\/29\/concejala-electa-pidio-reforma-del-estatuto-de-la-cpe-y-tarifa-social-para-universitarios\/\" \/>\n<meta property=\"og:locale\" content=\"es_ES\" \/>\n<meta property=\"og:type\" content=\"article\" \/>\n<meta property=\"og:title\" content=\"Concejala electa pidi\u00f3 reforma del estatuto de la CPE y tarifa social para universitarios - Diario Textual\" \/>\n<meta property=\"og:description\" content=\"La concejala santarrose\u00f1a electa Luj\u00e1n Mazzucco (UCR) reclam\u00f3 una reforma estatuaria de la Cooperativa Popular de Electricidad que permita la representaci\u00f3n de minor\u00edas en la asamblea de delegados. Tambi\u00e9n pidi\u00f3&hellip;\" \/>\n<meta property=\"og:url\" content=\"https:\/\/diariotextual.com\/inicio\/index.php\/2023\/11\/29\/concejala-electa-pidio-reforma-del-estatuto-de-la-cpe-y-tarifa-social-para-universitarios\/\" \/>\n<meta property=\"og:site_name\" content=\"Diario Textual\" \/>\n<meta property=\"article:publisher\" content=\"https:\/\/www.facebook.com\/eltextual\" \/>\n<meta property=\"article:published_time\" content=\"2023-11-29T13:30:08+00:00\" \/>\n<meta property=\"article:modified_time\" content=\"2023-11-29T16:58:48+00:00\" \/>\n<meta property=\"og:image\" content=\"https:\/\/diariotextual.com\/inicio\/wp-content\/uploads\/2023\/11\/mazzucolujanconcejala2023-8763.jpg\" \/>\n\t<meta property=\"og:image:width\" content=\"898\" \/>\n\t<meta property=\"og:image:height\" content=\"645\" \/>\n\t<meta property=\"og:image:type\" content=\"image\/jpeg\" \/>\n<meta name=\"author\" content=\"diario5\" \/>\n<meta name=\"twitter:card\" content=\"summary_large_image\" \/>\n<meta name=\"twitter:creator\" content=\"@eltextual\" \/>\n<meta name=\"twitter:site\" content=\"@eltextual\" \/>\n<meta name=\"twitter:label1\" content=\"Escrito por\" \/>\n\t<meta name=\"twitter:data1\" content=\"diario5\" \/>\n\t<meta name=\"twitter:label2\" content=\"Tiempo de lectura\" \/>\n\t<meta name=\"twitter:data2\" content=\"1 minuto\" \/>\n<script type=\"application\/ld+json\" class=\"yoast-schema-graph\">{\"@context\":\"https:\\\/\\\/schema.org\",\"@graph\":[{\"@type\":\"Article\",\"@id\":\"https:\\\/\\\/diariotextual.com\\\/inicio\\\/index.php\\\/2023\\\/11\\\/29\\\/concejala-electa-pidio-reforma-del-estatuto-de-la-cpe-y-tarifa-social-para-universitarios\\\/#article\",\"isPartOf\":{\"@id\":\"https:\\\/\\\/diariotextual.com\\\/inicio\\\/index.php\\\/2023\\\/11\\\/29\\\/concejala-electa-pidio-reforma-del-estatuto-de-la-cpe-y-tarifa-social-para-universitarios\\\/\"},\"author\":{\"name\":\"diario5\",\"@id\":\"https:\\\/\\\/diariotextual.com\\\/inicio\\\/#\\\/schema\\\/person\\\/c7834961ad8b29b1d9cdbf4571299067\"},\"headline\":\"Concejala electa pidi\u00f3 reforma del estatuto de la CPE y tarifa social para universitarios\",\"datePublished\":\"2023-11-29T13:30:08+00:00\",\"dateModified\":\"2023-11-29T16:58:48+00:00\",\"mainEntityOfPage\":{\"@id\":\"https:\\\/\\\/diariotextual.com\\\/inicio\\\/index.php\\\/2023\\\/11\\\/29\\\/concejala-electa-pidio-reforma-del-estatuto-de-la-cpe-y-tarifa-social-para-universitarios\\\/\"},\"wordCount\":215,\"publisher\":{\"@id\":\"https:\\\/\\\/diariotextual.com\\\/inicio\\\/#organization\"},\"image\":{\"@id\":\"https:\\\/\\\/diariotextual.com\\\/inicio\\\/index.php\\\/2023\\\/11\\\/29\\\/concejala-electa-pidio-reforma-del-estatuto-de-la-cpe-y-tarifa-social-para-universitarios\\\/#primaryimage\"},\"thumbnailUrl\":\"https:\\\/\\\/diariotextual.com\\\/inicio\\\/wp-content\\\/uploads\\\/2023\\\/11\\\/mazzucolujanconcejala2023-8763.jpg\",\"articleSection\":[\"A - ES NOTICIA (van abajo)\",\"POLITICA\"],\"inLanguage\":\"es\"},{\"@type\":\"WebPage\",\"@id\":\"https:\\\/\\\/diariotextual.com\\\/inicio\\\/index.php\\\/2023\\\/11\\\/29\\\/concejala-electa-pidio-reforma-del-estatuto-de-la-cpe-y-tarifa-social-para-universitarios\\\/\",\"url\":\"https:\\\/\\\/diariotextual.com\\\/inicio\\\/index.php\\\/2023\\\/11\\\/29\\\/concejala-electa-pidio-reforma-del-estatuto-de-la-cpe-y-tarifa-social-para-universitarios\\\/\",\"name\":\"Concejala electa pidi\u00f3 reforma del estatuto de la CPE y tarifa social para universitarios - Diario Textual\",\"isPartOf\":{\"@id\":\"https:\\\/\\\/diariotextual.com\\\/inicio\\\/#website\"},\"primaryImageOfPage\":{\"@id\":\"https:\\\/\\\/diariotextual.com\\\/inicio\\\/index.php\\\/2023\\\/11\\\/29\\\/concejala-electa-pidio-reforma-del-estatuto-de-la-cpe-y-tarifa-social-para-universitarios\\\/#primaryimage\"},\"image\":{\"@id\":\"https:\\\/\\\/diariotextual.com\\\/inicio\\\/index.php\\\/2023\\\/11\\\/29\\\/concejala-electa-pidio-reforma-del-estatuto-de-la-cpe-y-tarifa-social-para-universitarios\\\/#primaryimage\"},\"thumbnailUrl\":\"https:\\\/\\\/diariotextual.com\\\/inicio\\\/wp-content\\\/uploads\\\/2023\\\/11\\\/mazzucolujanconcejala2023-8763.jpg\",\"datePublished\":\"2023-11-29T13:30:08+00:00\",\"dateModified\":\"2023-11-29T16:58:48+00:00\",\"breadcrumb\":{\"@id\":\"https:\\\/\\\/diariotextual.com\\\/inicio\\\/index.php\\\/2023\\\/11\\\/29\\\/concejala-electa-pidio-reforma-del-estatuto-de-la-cpe-y-tarifa-social-para-universitarios\\\/#breadcrumb\"},\"inLanguage\":\"es\",\"potentialAction\":[{\"@type\":\"ReadAction\",\"target\":[\"https:\\\/\\\/diariotextual.com\\\/inicio\\\/index.php\\\/2023\\\/11\\\/29\\\/concejala-electa-pidio-reforma-del-estatuto-de-la-cpe-y-tarifa-social-para-universitarios\\\/\"]}]},{\"@type\":\"ImageObject\",\"inLanguage\":\"es\",\"@id\":\"https:\\\/\\\/diariotextual.com\\\/inicio\\\/index.php\\\/2023\\\/11\\\/29\\\/concejala-electa-pidio-reforma-del-estatuto-de-la-cpe-y-tarifa-social-para-universitarios\\\/#primaryimage\",\"url\":\"https:\\\/\\\/diariotextual.com\\\/inicio\\\/wp-content\\\/uploads\\\/2023\\\/11\\\/mazzucolujanconcejala2023-8763.jpg\",\"contentUrl\":\"https:\\\/\\\/diariotextual.com\\\/inicio\\\/wp-content\\\/uploads\\\/2023\\\/11\\\/mazzucolujanconcejala2023-8763.jpg\",\"width\":898,\"height\":645},{\"@type\":\"BreadcrumbList\",\"@id\":\"https:\\\/\\\/diariotextual.com\\\/inicio\\\/index.php\\\/2023\\\/11\\\/29\\\/concejala-electa-pidio-reforma-del-estatuto-de-la-cpe-y-tarifa-social-para-universitarios\\\/#breadcrumb\",\"itemListElement\":[{\"@type\":\"ListItem\",\"position\":1,\"name\":\"Portada\",\"item\":\"https:\\\/\\\/diariotextual.com\\\/inicio\\\/\"},{\"@type\":\"ListItem\",\"position\":2,\"name\":\"Concejala electa pidi\u00f3 reforma del estatuto de la CPE y tarifa social para universitarios\"}]},{\"@type\":\"WebSite\",\"@id\":\"https:\\\/\\\/diariotextual.com\\\/inicio\\\/#website\",\"url\":\"https:\\\/\\\/diariotextual.com\\\/inicio\\\/\",\"name\":\"Diario Textual\",\"description\":\"\",\"publisher\":{\"@id\":\"https:\\\/\\\/diariotextual.com\\\/inicio\\\/#organization\"},\"potentialAction\":[{\"@type\":\"SearchAction\",\"target\":{\"@type\":\"EntryPoint\",\"urlTemplate\":\"https:\\\/\\\/diariotextual.com\\\/inicio\\\/?s={search_term_string}\"},\"query-input\":{\"@type\":\"PropertyValueSpecification\",\"valueRequired\":true,\"valueName\":\"search_term_string\"}}],\"inLanguage\":\"es\"},{\"@type\":\"Organization\",\"@id\":\"https:\\\/\\\/diariotextual.com\\\/inicio\\\/#organization\",\"name\":\"Diario Textual\",\"url\":\"https:\\\/\\\/diariotextual.com\\\/inicio\\\/\",\"logo\":{\"@type\":\"ImageObject\",\"inLanguage\":\"es\",\"@id\":\"https:\\\/\\\/diariotextual.com\\\/inicio\\\/#\\\/schema\\\/logo\\\/image\\\/\",\"url\":\"https:\\\/\\\/diariotextual.com\\\/inicio\\\/wp-content\\\/uploads\\\/2023\\\/05\\\/logotextual1.jpg\",\"contentUrl\":\"https:\\\/\\\/diariotextual.com\\\/inicio\\\/wp-content\\\/uploads\\\/2023\\\/05\\\/logotextual1.jpg\",\"width\":516,\"height\":76,\"caption\":\"Diario Textual\"},\"image\":{\"@id\":\"https:\\\/\\\/diariotextual.com\\\/inicio\\\/#\\\/schema\\\/logo\\\/image\\\/\"},\"sameAs\":[\"https:\\\/\\\/www.facebook.com\\\/eltextual\",\"https:\\\/\\\/x.com\\\/eltextual\",\"http:\\\/\\\/www.instagram.com\\\/eltextual\"]},{\"@type\":\"Person\",\"@id\":\"https:\\\/\\\/diariotextual.com\\\/inicio\\\/#\\\/schema\\\/person\\\/c7834961ad8b29b1d9cdbf4571299067\",\"name\":\"diario5\",\"image\":{\"@type\":\"ImageObject\",\"inLanguage\":\"es\",\"@id\":\"https:\\\/\\\/secure.gravatar.com\\\/avatar\\\/948c893b847ca6df68216ead81b63f363408ec9b0f600fefc0641ce78613b111?s=96&d=mm&r=g\",\"url\":\"https:\\\/\\\/secure.gravatar.com\\\/avatar\\\/948c893b847ca6df68216ead81b63f363408ec9b0f600fefc0641ce78613b111?s=96&d=mm&r=g\",\"contentUrl\":\"https:\\\/\\\/secure.gravatar.com\\\/avatar\\\/948c893b847ca6df68216ead81b63f363408ec9b0f600fefc0641ce78613b111?s=96&d=mm&r=g\",\"caption\":\"diario5\"},\"url\":\"https:\\\/\\\/diariotextual.com\\\/inicio\\\/index.php\\\/author\\\/diario5\\\/\"}]}<\/script>\n<!-- \/ Yoast SEO plugin. -->","yoast_head_json":{"title":"Concejala electa pidi\u00f3 reforma del estatuto de la CPE y tarifa social para universitarios - Diario Textual","robots":{"index":"index","follow":"follow","max-snippet":"max-snippet:-1","max-image-preview":"max-image-preview:large","max-video-preview":"max-video-preview:-1"},"canonical":"https:\/\/diariotextual.com\/inicio\/index.php\/2023\/11\/29\/concejala-electa-pidio-reforma-del-estatuto-de-la-cpe-y-tarifa-social-para-universitarios\/","og_locale":"es_ES","og_type":"article","og_title":"Concejala electa pidi\u00f3 reforma del estatuto de la CPE y tarifa social para universitarios - Diario Textual","og_description":"La concejala santarrose\u00f1a electa Luj\u00e1n Mazzucco (UCR) reclam\u00f3 una reforma estatuaria de la Cooperativa Popular de Electricidad que permita la representaci\u00f3n de minor\u00edas en la asamblea de delegados. Tambi\u00e9n pidi\u00f3&hellip;","og_url":"https:\/\/diariotextual.com\/inicio\/index.php\/2023\/11\/29\/concejala-electa-pidio-reforma-del-estatuto-de-la-cpe-y-tarifa-social-para-universitarios\/","og_site_name":"Diario Textual","article_publisher":"https:\/\/www.facebook.com\/eltextual","article_published_time":"2023-11-29T13:30:08+00:00","article_modified_time":"2023-11-29T16:58:48+00:00","og_image":[{"width":898,"height":645,"url":"https:\/\/diariotextual.com\/inicio\/wp-content\/uploads\/2023\/11\/mazzucolujanconcejala2023-8763.jpg","type":"image\/jpeg"}],"author":"diario5","twitter_card":"summary_large_image","twitter_creator":"@eltextual","twitter_site":"@eltextual","twitter_misc":{"Escrito por":"diario5","Tiempo de lectura":"1 minuto"},"schema":{"@context":"https:\/\/schema.org","@graph":[{"@type":"Article","@id":"https:\/\/diariotextual.com\/inicio\/index.php\/2023\/11\/29\/concejala-electa-pidio-reforma-del-estatuto-de-la-cpe-y-tarifa-social-para-universitarios\/#article","isPartOf":{"@id":"https:\/\/diariotextual.com\/inicio\/index.php\/2023\/11\/29\/concejala-electa-pidio-reforma-del-estatuto-de-la-cpe-y-tarifa-social-para-universitarios\/"},"author":{"name":"diario5","@id":"https:\/\/diariotextual.com\/inicio\/#\/schema\/person\/c7834961ad8b29b1d9cdbf4571299067"},"headline":"Concejala electa pidi\u00f3 reforma del estatuto de la CPE y tarifa social para universitarios","datePublished":"2023-11-29T13:30:08+00:00","dateModified":"2023-11-29T16:58:48+00:00","mainEntityOfPage":{"@id":"https:\/\/diariotextual.com\/inicio\/index.php\/2023\/11\/29\/concejala-electa-pidio-reforma-del-estatuto-de-la-cpe-y-tarifa-social-para-universitarios\/"},"wordCount":215,"publisher":{"@id":"https:\/\/diariotextual.com\/inicio\/#organization"},"image":{"@id":"https:\/\/diariotextual.com\/inicio\/index.php\/2023\/11\/29\/concejala-electa-pidio-reforma-del-estatuto-de-la-cpe-y-tarifa-social-para-universitarios\/#primaryimage"},"thumbnailUrl":"https:\/\/diariotextual.com\/inicio\/wp-content\/uploads\/2023\/11\/mazzucolujanconcejala2023-8763.jpg","articleSection":["A - ES NOTICIA (van abajo)","POLITICA"],"inLanguage":"es"},{"@type":"WebPage","@id":"https:\/\/diariotextual.com\/inicio\/index.php\/2023\/11\/29\/concejala-electa-pidio-reforma-del-estatuto-de-la-cpe-y-tarifa-social-para-universitarios\/","url":"https:\/\/diariotextual.com\/inicio\/index.php\/2023\/11\/29\/concejala-electa-pidio-reforma-del-estatuto-de-la-cpe-y-tarifa-social-para-universitarios\/","name":"Concejala electa pidi\u00f3 reforma del estatuto de la CPE y tarifa social para universitarios - Diario Textual","isPartOf":{"@id":"https:\/\/diariotextual.com\/inicio\/#website"},"primaryImageOfPage":{"@id":"https:\/\/diariotextual.com\/inicio\/index.php\/2023\/11\/29\/concejala-electa-pidio-reforma-del-estatuto-de-la-cpe-y-tarifa-social-para-universitarios\/#primaryimage"},"image":{"@id":"https:\/\/diariotextual.com\/inicio\/index.php\/2023\/11\/29\/concejala-electa-pidio-reforma-del-estatuto-de-la-cpe-y-tarifa-social-para-universitarios\/#primaryimage"},"thumbnailUrl":"https:\/\/diariotextual.com\/inicio\/wp-content\/uploads\/2023\/11\/mazzucolujanconcejala2023-8763.jpg","datePublished":"2023-11-29T13:30:08+00:00","dateModified":"2023-11-29T16:58:48+00:00","breadcrumb":{"@id":"https:\/\/diariotextual.com\/inicio\/index.php\/2023\/11\/29\/concejala-electa-pidio-reforma-del-estatuto-de-la-cpe-y-tarifa-social-para-universitarios\/#breadcrumb"},"inLanguage":"es","potentialAction":[{"@type":"ReadAction","target":["https:\/\/diariotextual.com\/inicio\/index.php\/2023\/11\/29\/concejala-electa-pidio-reforma-del-estatuto-de-la-cpe-y-tarifa-social-para-universitarios\/"]}]},{"@type":"ImageObject","inLanguage":"es","@id":"https:\/\/diariotextual.com\/inicio\/index.php\/2023\/11\/29\/concejala-electa-pidio-reforma-del-estatuto-de-la-cpe-y-tarifa-social-para-universitarios\/#primaryimage","url":"https:\/\/diariotextual.com\/inicio\/wp-content\/uploads\/2023\/11\/mazzucolujanconcejala2023-8763.jpg","contentUrl":"https:\/\/diariotextual.com\/inicio\/wp-content\/uploads\/2023\/11\/mazzucolujanconcejala2023-8763.jpg","width":898,"height":645},{"@type":"BreadcrumbList","@id":"https:\/\/diariotextual.com\/inicio\/index.php\/2023\/11\/29\/concejala-electa-pidio-reforma-del-estatuto-de-la-cpe-y-tarifa-social-para-universitarios\/#breadcrumb","itemListElement":[{"@type":"ListItem","position":1,"name":"Portada","item":"https:\/\/diariotextual.com\/inicio\/"},{"@type":"ListItem","position":2,"name":"Concejala electa pidi\u00f3 reforma del estatuto de la CPE y tarifa social para universitarios"}]},{"@type":"WebSite","@id":"https:\/\/diariotextual.com\/inicio\/#website","url":"https:\/\/diariotextual.com\/inicio\/","name":"Diario Textual","description":"","publisher":{"@id":"https:\/\/diariotextual.com\/inicio\/#organization"},"potentialAction":[{"@type":"SearchAction","target":{"@type":"EntryPoint","urlTemplate":"https:\/\/diariotextual.com\/inicio\/?s={search_term_string}"},"query-input":{"@type":"PropertyValueSpecification","valueRequired":true,"valueName":"search_term_string"}}],"inLanguage":"es"},{"@type":"Organization","@id":"https:\/\/diariotextual.com\/inicio\/#organization","name":"Diario Textual","url":"https:\/\/diariotextual.com\/inicio\/","logo":{"@type":"ImageObject","inLanguage":"es","@id":"https:\/\/diariotextual.com\/inicio\/#\/schema\/logo\/image\/","url":"https:\/\/diariotextual.com\/inicio\/wp-content\/uploads\/2023\/05\/logotextual1.jpg","contentUrl":"https:\/\/diariotextual.com\/inicio\/wp-content\/uploads\/2023\/05\/logotextual1.jpg","width":516,"height":76,"caption":"Diario Textual"},"image":{"@id":"https:\/\/diariotextual.com\/inicio\/#\/schema\/logo\/image\/"},"sameAs":["https:\/\/www.facebook.com\/eltextual","https:\/\/x.com\/eltextual","http:\/\/www.instagram.com\/eltextual"]},{"@type":"Person","@id":"https:\/\/diariotextual.com\/inicio\/#\/schema\/person\/c7834961ad8b29b1d9cdbf4571299067","name":"diario5","image":{"@type":"ImageObject","inLanguage":"es","@id":"https:\/\/secure.gravatar.com\/avatar\/948c893b847ca6df68216ead81b63f363408ec9b0f600fefc0641ce78613b111?s=96&d=mm&r=g","url":"https:\/\/secure.gravatar.com\/avatar\/948c893b847ca6df68216ead81b63f363408ec9b0f600fefc0641ce78613b111?s=96&d=mm&r=g","contentUrl":"https:\/\/secure.gravatar.com\/avatar\/948c893b847ca6df68216ead81b63f363408ec9b0f600fefc0641ce78613b111?s=96&d=mm&r=g","caption":"diario5"},"url":"https:\/\/diariotextual.com\/inicio\/index.php\/author\/diario5\/"}]}},"_links":{"self":[{"href":"https:\/\/diariotextual.com\/inicio\/index.php\/wp-json\/wp\/v2\/posts\/246085","targetHints":{"allow":["GET"]}}],"collection":[{"href":"https:\/\/diariotextual.com\/inicio\/index.php\/wp-json\/wp\/v2\/posts"}],"about":[{"href":"https:\/\/diariotextual.com\/inicio\/index.php\/wp-json\/wp\/v2\/types\/post"}],"author":[{"embeddable":true,"href":"https:\/\/diariotextual.com\/inicio\/index.php\/wp-json\/wp\/v2\/users\/7"}],"replies":[{"embeddable":true,"href":"https:\/\/diariotextual.com\/inicio\/index.php\/wp-json\/wp\/v2\/comments?post=246085"}],"version-history":[{"count":1,"href":"https:\/\/diariotextual.com\/inicio\/index.php\/wp-json\/wp\/v2\/posts\/246085\/revisions"}],"predecessor-version":[{"id":246090,"href":"https:\/\/diariotextual.com\/inicio\/index.php\/wp-json\/wp\/v2\/posts\/246085\/revisions\/246090"}],"wp:featuredmedia":[{"embeddable":true,"href":"https:\/\/diariotextual.com\/inicio\/index.php\/wp-json\/wp\/v2\/media\/246089"}],"wp:attachment":[{"href":"https:\/\/diariotextual.com\/inicio\/index.php\/wp-json\/wp\/v2\/media?parent=246085"}],"wp:term":[{"taxonomy":"category","embeddable":true,"href":"https:\/\/diariotextual.com\/inicio\/index.php\/wp-json\/wp\/v2\/categories?post=246085"},{"taxonomy":"post_tag","embeddable":true,"href":"https:\/\/diariotextual.com\/inicio\/index.php\/wp-json\/wp\/v2\/tags?post=246085"}],"curies":[{"name":"wp","href":"https:\/\/api.w.org\/{rel}","templated":true}]}}