{"id":246149,"date":"2023-11-29T19:23:07","date_gmt":"2023-11-29T22:23:07","guid":{"rendered":"https:\/\/diariotextual.com\/inicio\/?p=246149"},"modified":"2023-11-29T19:23:10","modified_gmt":"2023-11-29T22:23:10","slug":"la-justicia-condeno-entre-4-anos-y-medio-y-5-de-prision-a-prefectos-por-el-asesinato-de-rafael-nahuel","status":"publish","type":"post","link":"https:\/\/diariotextual.com\/inicio\/index.php\/2023\/11\/29\/la-justicia-condeno-entre-4-anos-y-medio-y-5-de-prision-a-prefectos-por-el-asesinato-de-rafael-nahuel\/","title":{"rendered":"La Justicia conden\u00f3 entre 4 a\u00f1os y medio y 5 de prisi\u00f3n a prefectos por el asesinato de Rafael Nahuel"},"content":{"rendered":"\n<p>El <strong>Tribunal Oral Federal (TOF) de General Roca, conformado con el juez pampeano Pablo D\u00edaz Lacava, conden\u00f3 al prefecto Sergio Cavia a cinco a\u00f1os de prisi\u00f3n <\/strong>por el delito de \u201chomicidio agravado cometido en exceso de leg\u00edtima defensa\u201d, en perjuicio del joven mapuche Rafael Nahuel, en tanto que <strong>otros cuatro prefectos -Francisco Javier Pintos, Juan Ram\u00f3n Obreg\u00f3n, Carlos Valent\u00edn Sosa y Sergio Garc\u00eda- fueron condenados a 4 a\u00f1os y medio<\/strong> como \u201cpart\u00edcipes necesarios\u201d por el mismo delito.<\/p>\n\n\n\n<p>As\u00ed lo inform\u00f3 el tribunal rionegrino al leer esta ma\u00f1ana el veredicto en el juicio por el asesinato del joven mapuche, cometido el<strong> 25 de noviembre de 2017 durante un operativo del Grupo Albatros en un predio en disputa entre la comunidad mapuche Lafken Winkul Mapu y la Direcci\u00f3n de Parques Nacionales en Villa Mascardi, Bariloche.<\/strong><\/p>\n\n\n\n<p>Luego de m\u00e1s de tres meses de audiencias en la instancia oral y p\u00fablica del juicio, el tribunal integrado por Alejandro Silva (presidente), Sim\u00f3n Bracco y Pablo D\u00edaz Lacava di\u00f3 su veredicto en una audiencia que comenz\u00f3 a las 9 con las palabras finales de los procesados. Los jueces dar\u00e1n a conocer los fundamentos de su sentencia en los pr\u00f3ximos d\u00edas.<\/p>\n\n\n\n<p>Los <strong>condenados no ser\u00e1n detenidos hasta que el fallo quede firme<\/strong>, luego de las previsibles apelaciones de las defensas y tambi\u00e9n de las querellas, inform\u00f3 la agencia T\u00e9lam.<\/p>\n\n\n\n<p>El <strong>fallo fue cuestionado por la familia del joven asesinado y por las tres querellas<\/strong> que en sus alegatos hab\u00edan solicitado prisi\u00f3n perpetua para los implicados. Seg\u00fan los abogados de la familia, de la Secretar\u00eda de Derechos Humanos de la Naci\u00f3n y de la APDH Bariloche, no existi\u00f3 un enfrentamiento con armas de fuego que justifique el atenuante del exceso en leg\u00edtima defensa.<\/p>\n\n\n\n<p>Seg\u00fan hab\u00edan planteado oportunamente, los Albatros persiguieron y dispararon en m\u00e1s de 150 oportunidades contra los integrantes de la comunidad, quienes se defendieron arrojando piedras.<\/p>\n\n\n\n<p>Pero el tribunal dio por cierto el relato del enfrentamiento, sostenido por las dos defensas de los uniformados. Los jueces tampoco adhirieron al pedido de las querellas de condenas por coautor\u00eda funcional de los cinco implicados, y en cambio conden\u00f3 por el homicidio a Cavia y como part\u00edcipes necesarios a los otros cuatro Albatros.<\/p>\n\n\n\n<p>Participaron de la audiencia el secretario de Derechos Humanos, Horacio Pietragalla Corti, cuya cartera es querellante en la causa, y familiares de v\u00edctimas de violencia institucional, como Alberto Santill\u00e1n, papa de Dar\u00edo, uno de los militantes sociales asesinados en el 2002 en las inmediaciones del Puente Pueyrred\u00f3n junto a Maximiliano Kosteki.<\/p>\n\n\n\n<p>Pietragalla Corti dijo a T\u00e9lam que el fallo \u201cno es lo que esperaba\u201d, ya que durante el proceso \u201cqued\u00f3 clara la persecuci\u00f3n y cacer\u00eda\u201d por parte de los uniformados contra la comunidad.<\/p>\n","protected":false},"excerpt":{"rendered":"<p>El Tribunal Oral Federal (TOF) de General Roca, conformado con el juez pampeano Pablo D\u00edaz Lacava, conden\u00f3 al prefecto Sergio Cavia a cinco a\u00f1os de prisi\u00f3n por el delito de&hellip;<\/p>\n","protected":false},"author":5,"featured_media":246150,"comment_status":"closed","ping_status":"open","sticky":false,"template":"","format":"standard","meta":{"_acf_changed":false,"footnotes":""},"categories":[1,8],"tags":[7745],"class_list":["post-246149","post","type-post","status-publish","format-standard","has-post-thumbnail","hentry","category-es-noticia","category-politica","tag-rafael-nahuel"],"acf":[],"yoast_head":"<!-- This site is optimized with the Yoast SEO plugin v27.5 - https:\/\/yoast.com\/product\/yoast-seo-wordpress\/ -->\n<title>La Justicia conden\u00f3 entre 4 a\u00f1os y medio y 5 de prisi\u00f3n a prefectos por el asesinato de Rafael Nahuel - Diario Textual<\/title>\n<meta name=\"robots\" content=\"index, follow, max-snippet:-1, max-image-preview:large, max-video-preview:-1\" \/>\n<link rel=\"canonical\" href=\"https:\/\/diariotextual.com\/inicio\/index.php\/2023\/11\/29\/la-justicia-condeno-entre-4-anos-y-medio-y-5-de-prision-a-prefectos-por-el-asesinato-de-rafael-nahuel\/\" \/>\n<meta property=\"og:locale\" content=\"es_ES\" \/>\n<meta property=\"og:type\" content=\"article\" \/>\n<meta property=\"og:title\" content=\"La Justicia conden\u00f3 entre 4 a\u00f1os y medio y 5 de prisi\u00f3n a prefectos por el asesinato de Rafael Nahuel - Diario Textual\" \/>\n<meta property=\"og:description\" content=\"El Tribunal Oral Federal (TOF) de General Roca, conformado con el juez pampeano Pablo D\u00edaz Lacava, conden\u00f3 al prefecto Sergio Cavia a cinco a\u00f1os de prisi\u00f3n por el delito de&hellip;\" \/>\n<meta property=\"og:url\" content=\"https:\/\/diariotextual.com\/inicio\/index.php\/2023\/11\/29\/la-justicia-condeno-entre-4-anos-y-medio-y-5-de-prision-a-prefectos-por-el-asesinato-de-rafael-nahuel\/\" \/>\n<meta property=\"og:site_name\" content=\"Diario Textual\" \/>\n<meta property=\"article:publisher\" content=\"https:\/\/www.facebook.com\/eltextual\" \/>\n<meta property=\"article:published_time\" content=\"2023-11-29T22:23:07+00:00\" \/>\n<meta property=\"article:modified_time\" content=\"2023-11-29T22:23:10+00:00\" \/>\n<meta property=\"og:image\" content=\"https:\/\/diariotextual.com\/inicio\/wp-content\/uploads\/2023\/11\/rafaelnahuelfamiliares2023.jpg\" \/>\n\t<meta property=\"og:image:width\" content=\"900\" \/>\n\t<meta property=\"og:image:height\" content=\"506\" \/>\n\t<meta property=\"og:image:type\" content=\"image\/jpeg\" \/>\n<meta name=\"author\" content=\"diario3\" \/>\n<meta name=\"twitter:card\" content=\"summary_large_image\" \/>\n<meta name=\"twitter:creator\" content=\"@eltextual\" \/>\n<meta name=\"twitter:site\" content=\"@eltextual\" \/>\n<meta name=\"twitter:label1\" content=\"Escrito por\" \/>\n\t<meta name=\"twitter:data1\" content=\"diario3\" \/>\n\t<meta name=\"twitter:label2\" content=\"Tiempo de lectura\" \/>\n\t<meta name=\"twitter:data2\" content=\"3 minutos\" \/>\n<script type=\"application\/ld+json\" class=\"yoast-schema-graph\">{\"@context\":\"https:\\\/\\\/schema.org\",\"@graph\":[{\"@type\":\"Article\",\"@id\":\"https:\\\/\\\/diariotextual.com\\\/inicio\\\/index.php\\\/2023\\\/11\\\/29\\\/la-justicia-condeno-entre-4-anos-y-medio-y-5-de-prision-a-prefectos-por-el-asesinato-de-rafael-nahuel\\\/#article\",\"isPartOf\":{\"@id\":\"https:\\\/\\\/diariotextual.com\\\/inicio\\\/index.php\\\/2023\\\/11\\\/29\\\/la-justicia-condeno-entre-4-anos-y-medio-y-5-de-prision-a-prefectos-por-el-asesinato-de-rafael-nahuel\\\/\"},\"author\":{\"name\":\"diario3\",\"@id\":\"https:\\\/\\\/diariotextual.com\\\/inicio\\\/#\\\/schema\\\/person\\\/a1b6f563e0ee944c60f98119389a4d9f\"},\"headline\":\"La Justicia conden\u00f3 entre 4 a\u00f1os y medio y 5 de prisi\u00f3n a prefectos por el asesinato de Rafael Nahuel\",\"datePublished\":\"2023-11-29T22:23:07+00:00\",\"dateModified\":\"2023-11-29T22:23:10+00:00\",\"mainEntityOfPage\":{\"@id\":\"https:\\\/\\\/diariotextual.com\\\/inicio\\\/index.php\\\/2023\\\/11\\\/29\\\/la-justicia-condeno-entre-4-anos-y-medio-y-5-de-prision-a-prefectos-por-el-asesinato-de-rafael-nahuel\\\/\"},\"wordCount\":501,\"publisher\":{\"@id\":\"https:\\\/\\\/diariotextual.com\\\/inicio\\\/#organization\"},\"image\":{\"@id\":\"https:\\\/\\\/diariotextual.com\\\/inicio\\\/index.php\\\/2023\\\/11\\\/29\\\/la-justicia-condeno-entre-4-anos-y-medio-y-5-de-prision-a-prefectos-por-el-asesinato-de-rafael-nahuel\\\/#primaryimage\"},\"thumbnailUrl\":\"https:\\\/\\\/diariotextual.com\\\/inicio\\\/wp-content\\\/uploads\\\/2023\\\/11\\\/rafaelnahuelfamiliares2023.jpg\",\"keywords\":[\"rafael nahuel\"],\"articleSection\":[\"A - ES NOTICIA (van abajo)\",\"POLITICA\"],\"inLanguage\":\"es\"},{\"@type\":\"WebPage\",\"@id\":\"https:\\\/\\\/diariotextual.com\\\/inicio\\\/index.php\\\/2023\\\/11\\\/29\\\/la-justicia-condeno-entre-4-anos-y-medio-y-5-de-prision-a-prefectos-por-el-asesinato-de-rafael-nahuel\\\/\",\"url\":\"https:\\\/\\\/diariotextual.com\\\/inicio\\\/index.php\\\/2023\\\/11\\\/29\\\/la-justicia-condeno-entre-4-anos-y-medio-y-5-de-prision-a-prefectos-por-el-asesinato-de-rafael-nahuel\\\/\",\"name\":\"La Justicia conden\u00f3 entre 4 a\u00f1os y medio y 5 de prisi\u00f3n a prefectos por el asesinato de Rafael Nahuel - Diario Textual\",\"isPartOf\":{\"@id\":\"https:\\\/\\\/diariotextual.com\\\/inicio\\\/#website\"},\"primaryImageOfPage\":{\"@id\":\"https:\\\/\\\/diariotextual.com\\\/inicio\\\/index.php\\\/2023\\\/11\\\/29\\\/la-justicia-condeno-entre-4-anos-y-medio-y-5-de-prision-a-prefectos-por-el-asesinato-de-rafael-nahuel\\\/#primaryimage\"},\"image\":{\"@id\":\"https:\\\/\\\/diariotextual.com\\\/inicio\\\/index.php\\\/2023\\\/11\\\/29\\\/la-justicia-condeno-entre-4-anos-y-medio-y-5-de-prision-a-prefectos-por-el-asesinato-de-rafael-nahuel\\\/#primaryimage\"},\"thumbnailUrl\":\"https:\\\/\\\/diariotextual.com\\\/inicio\\\/wp-content\\\/uploads\\\/2023\\\/11\\\/rafaelnahuelfamiliares2023.jpg\",\"datePublished\":\"2023-11-29T22:23:07+00:00\",\"dateModified\":\"2023-11-29T22:23:10+00:00\",\"breadcrumb\":{\"@id\":\"https:\\\/\\\/diariotextual.com\\\/inicio\\\/index.php\\\/2023\\\/11\\\/29\\\/la-justicia-condeno-entre-4-anos-y-medio-y-5-de-prision-a-prefectos-por-el-asesinato-de-rafael-nahuel\\\/#breadcrumb\"},\"inLanguage\":\"es\",\"potentialAction\":[{\"@type\":\"ReadAction\",\"target\":[\"https:\\\/\\\/diariotextual.com\\\/inicio\\\/index.php\\\/2023\\\/11\\\/29\\\/la-justicia-condeno-entre-4-anos-y-medio-y-5-de-prision-a-prefectos-por-el-asesinato-de-rafael-nahuel\\\/\"]}]},{\"@type\":\"ImageObject\",\"inLanguage\":\"es\",\"@id\":\"https:\\\/\\\/diariotextual.com\\\/inicio\\\/index.php\\\/2023\\\/11\\\/29\\\/la-justicia-condeno-entre-4-anos-y-medio-y-5-de-prision-a-prefectos-por-el-asesinato-de-rafael-nahuel\\\/#primaryimage\",\"url\":\"https:\\\/\\\/diariotextual.com\\\/inicio\\\/wp-content\\\/uploads\\\/2023\\\/11\\\/rafaelnahuelfamiliares2023.jpg\",\"contentUrl\":\"https:\\\/\\\/diariotextual.com\\\/inicio\\\/wp-content\\\/uploads\\\/2023\\\/11\\\/rafaelnahuelfamiliares2023.jpg\",\"width\":900,\"height\":506},{\"@type\":\"BreadcrumbList\",\"@id\":\"https:\\\/\\\/diariotextual.com\\\/inicio\\\/index.php\\\/2023\\\/11\\\/29\\\/la-justicia-condeno-entre-4-anos-y-medio-y-5-de-prision-a-prefectos-por-el-asesinato-de-rafael-nahuel\\\/#breadcrumb\",\"itemListElement\":[{\"@type\":\"ListItem\",\"position\":1,\"name\":\"Portada\",\"item\":\"https:\\\/\\\/diariotextual.com\\\/inicio\\\/\"},{\"@type\":\"ListItem\",\"position\":2,\"name\":\"La Justicia conden\u00f3 entre 4 a\u00f1os y medio y 5 de prisi\u00f3n a prefectos por el asesinato de Rafael Nahuel\"}]},{\"@type\":\"WebSite\",\"@id\":\"https:\\\/\\\/diariotextual.com\\\/inicio\\\/#website\",\"url\":\"https:\\\/\\\/diariotextual.com\\\/inicio\\\/\",\"name\":\"Diario Textual\",\"description\":\"\",\"publisher\":{\"@id\":\"https:\\\/\\\/diariotextual.com\\\/inicio\\\/#organization\"},\"potentialAction\":[{\"@type\":\"SearchAction\",\"target\":{\"@type\":\"EntryPoint\",\"urlTemplate\":\"https:\\\/\\\/diariotextual.com\\\/inicio\\\/?s={search_term_string}\"},\"query-input\":{\"@type\":\"PropertyValueSpecification\",\"valueRequired\":true,\"valueName\":\"search_term_string\"}}],\"inLanguage\":\"es\"},{\"@type\":\"Organization\",\"@id\":\"https:\\\/\\\/diariotextual.com\\\/inicio\\\/#organization\",\"name\":\"Diario Textual\",\"url\":\"https:\\\/\\\/diariotextual.com\\\/inicio\\\/\",\"logo\":{\"@type\":\"ImageObject\",\"inLanguage\":\"es\",\"@id\":\"https:\\\/\\\/diariotextual.com\\\/inicio\\\/#\\\/schema\\\/logo\\\/image\\\/\",\"url\":\"https:\\\/\\\/diariotextual.com\\\/inicio\\\/wp-content\\\/uploads\\\/2023\\\/05\\\/logotextual1.jpg\",\"contentUrl\":\"https:\\\/\\\/diariotextual.com\\\/inicio\\\/wp-content\\\/uploads\\\/2023\\\/05\\\/logotextual1.jpg\",\"width\":516,\"height\":76,\"caption\":\"Diario Textual\"},\"image\":{\"@id\":\"https:\\\/\\\/diariotextual.com\\\/inicio\\\/#\\\/schema\\\/logo\\\/image\\\/\"},\"sameAs\":[\"https:\\\/\\\/www.facebook.com\\\/eltextual\",\"https:\\\/\\\/x.com\\\/eltextual\",\"http:\\\/\\\/www.instagram.com\\\/eltextual\"]},{\"@type\":\"Person\",\"@id\":\"https:\\\/\\\/diariotextual.com\\\/inicio\\\/#\\\/schema\\\/person\\\/a1b6f563e0ee944c60f98119389a4d9f\",\"name\":\"diario3\",\"image\":{\"@type\":\"ImageObject\",\"inLanguage\":\"es\",\"@id\":\"https:\\\/\\\/secure.gravatar.com\\\/avatar\\\/5e7ee62c82fc04d9dd79d746a390d93c69c43223e5faeeb3ea9461ef752bfc5d?s=96&d=mm&r=g\",\"url\":\"https:\\\/\\\/secure.gravatar.com\\\/avatar\\\/5e7ee62c82fc04d9dd79d746a390d93c69c43223e5faeeb3ea9461ef752bfc5d?s=96&d=mm&r=g\",\"contentUrl\":\"https:\\\/\\\/secure.gravatar.com\\\/avatar\\\/5e7ee62c82fc04d9dd79d746a390d93c69c43223e5faeeb3ea9461ef752bfc5d?s=96&d=mm&r=g\",\"caption\":\"diario3\"},\"url\":\"https:\\\/\\\/diariotextual.com\\\/inicio\\\/index.php\\\/author\\\/diario3\\\/\"}]}<\/script>\n<!-- \/ Yoast SEO plugin. -->","yoast_head_json":{"title":"La Justicia conden\u00f3 entre 4 a\u00f1os y medio y 5 de prisi\u00f3n a prefectos por el asesinato de Rafael Nahuel - Diario Textual","robots":{"index":"index","follow":"follow","max-snippet":"max-snippet:-1","max-image-preview":"max-image-preview:large","max-video-preview":"max-video-preview:-1"},"canonical":"https:\/\/diariotextual.com\/inicio\/index.php\/2023\/11\/29\/la-justicia-condeno-entre-4-anos-y-medio-y-5-de-prision-a-prefectos-por-el-asesinato-de-rafael-nahuel\/","og_locale":"es_ES","og_type":"article","og_title":"La Justicia conden\u00f3 entre 4 a\u00f1os y medio y 5 de prisi\u00f3n a prefectos por el asesinato de Rafael Nahuel - Diario Textual","og_description":"El Tribunal Oral Federal (TOF) de General Roca, conformado con el juez pampeano Pablo D\u00edaz Lacava, conden\u00f3 al prefecto Sergio Cavia a cinco a\u00f1os de prisi\u00f3n por el delito de&hellip;","og_url":"https:\/\/diariotextual.com\/inicio\/index.php\/2023\/11\/29\/la-justicia-condeno-entre-4-anos-y-medio-y-5-de-prision-a-prefectos-por-el-asesinato-de-rafael-nahuel\/","og_site_name":"Diario Textual","article_publisher":"https:\/\/www.facebook.com\/eltextual","article_published_time":"2023-11-29T22:23:07+00:00","article_modified_time":"2023-11-29T22:23:10+00:00","og_image":[{"width":900,"height":506,"url":"https:\/\/diariotextual.com\/inicio\/wp-content\/uploads\/2023\/11\/rafaelnahuelfamiliares2023.jpg","type":"image\/jpeg"}],"author":"diario3","twitter_card":"summary_large_image","twitter_creator":"@eltextual","twitter_site":"@eltextual","twitter_misc":{"Escrito por":"diario3","Tiempo de lectura":"3 minutos"},"schema":{"@context":"https:\/\/schema.org","@graph":[{"@type":"Article","@id":"https:\/\/diariotextual.com\/inicio\/index.php\/2023\/11\/29\/la-justicia-condeno-entre-4-anos-y-medio-y-5-de-prision-a-prefectos-por-el-asesinato-de-rafael-nahuel\/#article","isPartOf":{"@id":"https:\/\/diariotextual.com\/inicio\/index.php\/2023\/11\/29\/la-justicia-condeno-entre-4-anos-y-medio-y-5-de-prision-a-prefectos-por-el-asesinato-de-rafael-nahuel\/"},"author":{"name":"diario3","@id":"https:\/\/diariotextual.com\/inicio\/#\/schema\/person\/a1b6f563e0ee944c60f98119389a4d9f"},"headline":"La Justicia conden\u00f3 entre 4 a\u00f1os y medio y 5 de prisi\u00f3n a prefectos por el asesinato de Rafael Nahuel","datePublished":"2023-11-29T22:23:07+00:00","dateModified":"2023-11-29T22:23:10+00:00","mainEntityOfPage":{"@id":"https:\/\/diariotextual.com\/inicio\/index.php\/2023\/11\/29\/la-justicia-condeno-entre-4-anos-y-medio-y-5-de-prision-a-prefectos-por-el-asesinato-de-rafael-nahuel\/"},"wordCount":501,"publisher":{"@id":"https:\/\/diariotextual.com\/inicio\/#organization"},"image":{"@id":"https:\/\/diariotextual.com\/inicio\/index.php\/2023\/11\/29\/la-justicia-condeno-entre-4-anos-y-medio-y-5-de-prision-a-prefectos-por-el-asesinato-de-rafael-nahuel\/#primaryimage"},"thumbnailUrl":"https:\/\/diariotextual.com\/inicio\/wp-content\/uploads\/2023\/11\/rafaelnahuelfamiliares2023.jpg","keywords":["rafael nahuel"],"articleSection":["A - ES NOTICIA (van abajo)","POLITICA"],"inLanguage":"es"},{"@type":"WebPage","@id":"https:\/\/diariotextual.com\/inicio\/index.php\/2023\/11\/29\/la-justicia-condeno-entre-4-anos-y-medio-y-5-de-prision-a-prefectos-por-el-asesinato-de-rafael-nahuel\/","url":"https:\/\/diariotextual.com\/inicio\/index.php\/2023\/11\/29\/la-justicia-condeno-entre-4-anos-y-medio-y-5-de-prision-a-prefectos-por-el-asesinato-de-rafael-nahuel\/","name":"La Justicia conden\u00f3 entre 4 a\u00f1os y medio y 5 de prisi\u00f3n a prefectos por el asesinato de Rafael Nahuel - Diario Textual","isPartOf":{"@id":"https:\/\/diariotextual.com\/inicio\/#website"},"primaryImageOfPage":{"@id":"https:\/\/diariotextual.com\/inicio\/index.php\/2023\/11\/29\/la-justicia-condeno-entre-4-anos-y-medio-y-5-de-prision-a-prefectos-por-el-asesinato-de-rafael-nahuel\/#primaryimage"},"image":{"@id":"https:\/\/diariotextual.com\/inicio\/index.php\/2023\/11\/29\/la-justicia-condeno-entre-4-anos-y-medio-y-5-de-prision-a-prefectos-por-el-asesinato-de-rafael-nahuel\/#primaryimage"},"thumbnailUrl":"https:\/\/diariotextual.com\/inicio\/wp-content\/uploads\/2023\/11\/rafaelnahuelfamiliares2023.jpg","datePublished":"2023-11-29T22:23:07+00:00","dateModified":"2023-11-29T22:23:10+00:00","breadcrumb":{"@id":"https:\/\/diariotextual.com\/inicio\/index.php\/2023\/11\/29\/la-justicia-condeno-entre-4-anos-y-medio-y-5-de-prision-a-prefectos-por-el-asesinato-de-rafael-nahuel\/#breadcrumb"},"inLanguage":"es","potentialAction":[{"@type":"ReadAction","target":["https:\/\/diariotextual.com\/inicio\/index.php\/2023\/11\/29\/la-justicia-condeno-entre-4-anos-y-medio-y-5-de-prision-a-prefectos-por-el-asesinato-de-rafael-nahuel\/"]}]},{"@type":"ImageObject","inLanguage":"es","@id":"https:\/\/diariotextual.com\/inicio\/index.php\/2023\/11\/29\/la-justicia-condeno-entre-4-anos-y-medio-y-5-de-prision-a-prefectos-por-el-asesinato-de-rafael-nahuel\/#primaryimage","url":"https:\/\/diariotextual.com\/inicio\/wp-content\/uploads\/2023\/11\/rafaelnahuelfamiliares2023.jpg","contentUrl":"https:\/\/diariotextual.com\/inicio\/wp-content\/uploads\/2023\/11\/rafaelnahuelfamiliares2023.jpg","width":900,"height":506},{"@type":"BreadcrumbList","@id":"https:\/\/diariotextual.com\/inicio\/index.php\/2023\/11\/29\/la-justicia-condeno-entre-4-anos-y-medio-y-5-de-prision-a-prefectos-por-el-asesinato-de-rafael-nahuel\/#breadcrumb","itemListElement":[{"@type":"ListItem","position":1,"name":"Portada","item":"https:\/\/diariotextual.com\/inicio\/"},{"@type":"ListItem","position":2,"name":"La Justicia conden\u00f3 entre 4 a\u00f1os y medio y 5 de prisi\u00f3n a prefectos por el asesinato de Rafael Nahuel"}]},{"@type":"WebSite","@id":"https:\/\/diariotextual.com\/inicio\/#website","url":"https:\/\/diariotextual.com\/inicio\/","name":"Diario Textual","description":"","publisher":{"@id":"https:\/\/diariotextual.com\/inicio\/#organization"},"potentialAction":[{"@type":"SearchAction","target":{"@type":"EntryPoint","urlTemplate":"https:\/\/diariotextual.com\/inicio\/?s={search_term_string}"},"query-input":{"@type":"PropertyValueSpecification","valueRequired":true,"valueName":"search_term_string"}}],"inLanguage":"es"},{"@type":"Organization","@id":"https:\/\/diariotextual.com\/inicio\/#organization","name":"Diario Textual","url":"https:\/\/diariotextual.com\/inicio\/","logo":{"@type":"ImageObject","inLanguage":"es","@id":"https:\/\/diariotextual.com\/inicio\/#\/schema\/logo\/image\/","url":"https:\/\/diariotextual.com\/inicio\/wp-content\/uploads\/2023\/05\/logotextual1.jpg","contentUrl":"https:\/\/diariotextual.com\/inicio\/wp-content\/uploads\/2023\/05\/logotextual1.jpg","width":516,"height":76,"caption":"Diario Textual"},"image":{"@id":"https:\/\/diariotextual.com\/inicio\/#\/schema\/logo\/image\/"},"sameAs":["https:\/\/www.facebook.com\/eltextual","https:\/\/x.com\/eltextual","http:\/\/www.instagram.com\/eltextual"]},{"@type":"Person","@id":"https:\/\/diariotextual.com\/inicio\/#\/schema\/person\/a1b6f563e0ee944c60f98119389a4d9f","name":"diario3","image":{"@type":"ImageObject","inLanguage":"es","@id":"https:\/\/secure.gravatar.com\/avatar\/5e7ee62c82fc04d9dd79d746a390d93c69c43223e5faeeb3ea9461ef752bfc5d?s=96&d=mm&r=g","url":"https:\/\/secure.gravatar.com\/avatar\/5e7ee62c82fc04d9dd79d746a390d93c69c43223e5faeeb3ea9461ef752bfc5d?s=96&d=mm&r=g","contentUrl":"https:\/\/secure.gravatar.com\/avatar\/5e7ee62c82fc04d9dd79d746a390d93c69c43223e5faeeb3ea9461ef752bfc5d?s=96&d=mm&r=g","caption":"diario3"},"url":"https:\/\/diariotextual.com\/inicio\/index.php\/author\/diario3\/"}]}},"_links":{"self":[{"href":"https:\/\/diariotextual.com\/inicio\/index.php\/wp-json\/wp\/v2\/posts\/246149","targetHints":{"allow":["GET"]}}],"collection":[{"href":"https:\/\/diariotextual.com\/inicio\/index.php\/wp-json\/wp\/v2\/posts"}],"about":[{"href":"https:\/\/diariotextual.com\/inicio\/index.php\/wp-json\/wp\/v2\/types\/post"}],"author":[{"embeddable":true,"href":"https:\/\/diariotextual.com\/inicio\/index.php\/wp-json\/wp\/v2\/users\/5"}],"replies":[{"embeddable":true,"href":"https:\/\/diariotextual.com\/inicio\/index.php\/wp-json\/wp\/v2\/comments?post=246149"}],"version-history":[{"count":1,"href":"https:\/\/diariotextual.com\/inicio\/index.php\/wp-json\/wp\/v2\/posts\/246149\/revisions"}],"predecessor-version":[{"id":246151,"href":"https:\/\/diariotextual.com\/inicio\/index.php\/wp-json\/wp\/v2\/posts\/246149\/revisions\/246151"}],"wp:featuredmedia":[{"embeddable":true,"href":"https:\/\/diariotextual.com\/inicio\/index.php\/wp-json\/wp\/v2\/media\/246150"}],"wp:attachment":[{"href":"https:\/\/diariotextual.com\/inicio\/index.php\/wp-json\/wp\/v2\/media?parent=246149"}],"wp:term":[{"taxonomy":"category","embeddable":true,"href":"https:\/\/diariotextual.com\/inicio\/index.php\/wp-json\/wp\/v2\/categories?post=246149"},{"taxonomy":"post_tag","embeddable":true,"href":"https:\/\/diariotextual.com\/inicio\/index.php\/wp-json\/wp\/v2\/tags?post=246149"}],"curies":[{"name":"wp","href":"https:\/\/api.w.org\/{rel}","templated":true}]}}