{"id":246272,"date":"2023-11-30T17:16:30","date_gmt":"2023-11-30T20:16:30","guid":{"rendered":"https:\/\/diariotextual.com\/inicio\/?p=246272"},"modified":"2023-11-30T17:16:32","modified_gmt":"2023-11-30T20:16:32","slug":"francos-ratifico-que-milei-enviara-el-proyecto-de-reforma-del-estado-apenas-asuma","status":"publish","type":"post","link":"https:\/\/diariotextual.com\/inicio\/index.php\/2023\/11\/30\/francos-ratifico-que-milei-enviara-el-proyecto-de-reforma-del-estado-apenas-asuma\/","title":{"rendered":"Francos ratific\u00f3 que Milei enviar\u00e1 el proyecto de \u201creforma del Estado\u201d apenas asuma"},"content":{"rendered":"\n<p>El <strong>futuro ministro del Interior, Guillermo Francos<\/strong>, ratific\u00f3 este jueves, ni bien asuma al frente de la Casa Rosada,<strong> el presidente electo, Javier Milei, enviar\u00e1 de \u201cmanera inmediata\u201d al Congreso un proyecto de ley que contemplar\u00e1 un \u201creforma del Estado\u201d, disminuci\u00f3n de impuestos, desregulaciones <\/strong>y cambios en \u201ctodo lo que traba la actividad econ\u00f3mica\u201d.<\/p>\n\n\n\n<p>Al exponer en la 29\u00ba Conferencia organizada por la Uni\u00f3n Industrial Argentina (UIA),<strong> Francos elogi\u00f3 la gesti\u00f3n del exmandatario Carlos Menem, de quien -dijo- hizo \u201cuna transformaci\u00f3n muy importante\u201d <\/strong>en la estructura econ\u00f3mica del pa\u00eds.<\/p>\n\n\n\n<p>\u201cHemos elaborado una propuesta que va a ser enviada el Congreso de la Naci\u00f3n de manera inmediata. Es un proyecto de ley de reforma del Estado, regulaci\u00f3n, de disminuci\u00f3n de impuestos. Todo lo que traba la actividad econ\u00f3mica en la Argentina\u201d, expres\u00f3 Francos, al ratificar una de las primeras y prioritarias medidas que tomar\u00e1 el gobierno entrante, adelantadas recientemente por el propio Javier Milei.<\/p>\n\n\n\n<p>En di\u00e1logo con la prensa al salir del evento, el futuro ministro agreg\u00f3 que <strong>el proyecto ser\u00e1 \u201cingresado en sesiones extraordinarias a partir del d\u00eda 11 de diciembre\u201d<\/strong> y que contemplar\u00e1 la \u201celiminaci\u00f3n de leyes que no tienen ning\u00fan sentido y que traban la actividad econ\u00f3mica\u201d.<\/p>\n\n\n\n<p>Ante los empresarios, <strong>Francos plante\u00f3 como \u201cproblemas coyunturales\u201d la \u201cenorme deuda comercial y el problema de las importaciones\u201d<\/strong> y resalt\u00f3 que la administraci\u00f3n de Milei pretende ir \u201ca un pa\u00eds donde las libertades y la desregulaci\u00f3n sea uno de los mecanismos para salir de este Estado tan opresor\u201d.<\/p>\n\n\n\n<p>\u201c<strong>Como dec\u00eda Milei, les vamos a quitar el Estado del medio <\/strong>y permitirles que desarrollen su actividad empresaria\u201d, agreg\u00f3 enarbolando un dogma repetido entre los hombres de negocios y la postura anti-estado expresada por el l\u00edder libertario durante la campa\u00f1a presidencial, inform\u00f3 la agencia T\u00e9lam.<\/p>\n\n\n\n<p>Francos dedic\u00f3 otro pasaje de su discurso a elogiar a Carlos Menem, quien, evalu\u00f3, \u201ccon sus m\u00e1s y sus menos\u201d tuvo \u201cun gran equipo\u201d que gener\u00f3 \u201cel inici\u00f3 de una transformaci\u00f3n muy importante\u201d y parafrase\u00f3 al expresidente cuando habl\u00f3 tres d\u00e9cadas atr\u00e1s ante el mismo foro empresario. <strong>\u201cNo hay industria sin pacto de convivencia, moneda sana, seguridad jur\u00eddica y estabilidad. Pasaron 30 a\u00f1os desde que pronunci\u00f3 esa frase y tenemos que seguir diciendo lo mismo\u201d<\/strong>, remarc\u00f3.<\/p>\n\n\n\n<p>El designado ministro del Interior describi\u00f3 que el pa\u00eds \u201cnunca ha tenido tanta destrucci\u00f3n de valor y tanta pobreza\u201d y record\u00f3 que Milei sostuvo \u201cen varias oportunidades que no hay plata\u201d, raz\u00f3n por la que se deben \u201casignar los recursos que se tienen\u201d.<\/p>\n\n\n\n<p>\u201cTenemos que atender a los que m\u00e1s sufren. Tenemos que ver c\u00f3mo hacemos para poner el aparato productivo en funcionamiento. Tenemos claro todo lo que est\u00e1 pasando, lo que necesitan, y vamos a ir por etapas\u201d, apunt\u00f3, y subray\u00f3 que <strong>el propio presidente electo dijo que \u201cno iba a cometer un industricidio\u201d.<\/strong><\/p>\n\n\n\n<p>Francos tambi\u00e9n consider\u00f3 que el gobierno de La Libertad Avanza \u201cno tendr\u00e1 gobernadores\u201d y ostentar\u00e1 una \u201cminor\u00eda en el Congreso\u201d, motivo por el que -dijo- se ha \u201cdedicado a conversar con todos\u201d.<\/p>\n\n\n\n<p>\u201cEn nuestro gobierno van a encontrar decisi\u00f3n, convicci\u00f3n templanza, pero <strong>tambi\u00e9n predisposici\u00f3n para dialogar con todos los sectores. Esta es la forma de zanjar estas divisiones que hemos tenido<\/strong>\u201d, sostuvo y a\u00f1adi\u00f3 que se respetar\u00e1 \u201cel sistema republicano y la independencia de poderes\u201d.<\/p>\n\n\n\n<p>Adem\u00e1s, el futuro ministro describi\u00f3 a Milei como \u201cuna figura de esas que salen cada mucho tiempo en la historia\u201d, que gener\u00f3 \u201cuna disrupci\u00f3n pol\u00edtica\u201d y que \u201cconstruy\u00f3 en dos a\u00f1os\u201d un partido con el que fue electo \u201ccon el 55,6% de los votos\u201d.<\/p>\n\n\n\n<p>Para Francos ese resultado fue un \u201cmensaje para el sistema pol\u00edtico argentino de parte de una sociedad que sabe decir basta. Tambi\u00e9n para los sectores que tienen la responsabilidad de construir riqueza en el pa\u00eds. Y es un mensaje para nosotros, quienes vamos a asumir la gran responsabilidad con ayuda de todos\u201d.<\/p>\n","protected":false},"excerpt":{"rendered":"<p>El futuro ministro del Interior, Guillermo Francos, ratific\u00f3 este jueves, ni bien asuma al frente de la Casa Rosada, el presidente electo, Javier Milei, enviar\u00e1 de \u201cmanera inmediata\u201d al Congreso&hellip;<\/p>\n","protected":false},"author":5,"featured_media":246273,"comment_status":"closed","ping_status":"open","sticky":false,"template":"","format":"standard","meta":{"_acf_changed":false,"footnotes":""},"categories":[1,8],"tags":[7746,6313],"class_list":["post-246272","post","type-post","status-publish","format-standard","has-post-thumbnail","hentry","category-es-noticia","category-politica","tag-francos","tag-milei"],"acf":[],"yoast_head":"<!-- This site is optimized with the Yoast SEO plugin v27.5 - https:\/\/yoast.com\/product\/yoast-seo-wordpress\/ -->\n<title>Francos ratific\u00f3 que Milei enviar\u00e1 el proyecto de \u201creforma del Estado\u201d apenas asuma - Diario Textual<\/title>\n<meta name=\"robots\" content=\"index, follow, max-snippet:-1, max-image-preview:large, max-video-preview:-1\" \/>\n<link rel=\"canonical\" href=\"https:\/\/diariotextual.com\/inicio\/index.php\/2023\/11\/30\/francos-ratifico-que-milei-enviara-el-proyecto-de-reforma-del-estado-apenas-asuma\/\" \/>\n<meta property=\"og:locale\" content=\"es_ES\" \/>\n<meta property=\"og:type\" content=\"article\" \/>\n<meta property=\"og:title\" content=\"Francos ratific\u00f3 que Milei enviar\u00e1 el proyecto de \u201creforma del Estado\u201d apenas asuma - Diario Textual\" \/>\n<meta property=\"og:description\" content=\"El futuro ministro del Interior, Guillermo Francos, ratific\u00f3 este jueves, ni bien asuma al frente de la Casa Rosada, el presidente electo, Javier Milei, enviar\u00e1 de \u201cmanera inmediata\u201d al Congreso&hellip;\" \/>\n<meta property=\"og:url\" content=\"https:\/\/diariotextual.com\/inicio\/index.php\/2023\/11\/30\/francos-ratifico-que-milei-enviara-el-proyecto-de-reforma-del-estado-apenas-asuma\/\" \/>\n<meta property=\"og:site_name\" content=\"Diario Textual\" \/>\n<meta property=\"article:publisher\" content=\"https:\/\/www.facebook.com\/eltextual\" \/>\n<meta property=\"article:published_time\" content=\"2023-11-30T20:16:30+00:00\" \/>\n<meta property=\"article:modified_time\" content=\"2023-11-30T20:16:32+00:00\" \/>\n<meta property=\"og:image\" content=\"https:\/\/diariotextual.com\/inicio\/wp-content\/uploads\/2023\/11\/francosguillermo30112023.jpg\" \/>\n\t<meta property=\"og:image:width\" content=\"900\" \/>\n\t<meta property=\"og:image:height\" content=\"506\" \/>\n\t<meta property=\"og:image:type\" content=\"image\/jpeg\" \/>\n<meta name=\"author\" content=\"diario3\" \/>\n<meta name=\"twitter:card\" content=\"summary_large_image\" \/>\n<meta name=\"twitter:creator\" content=\"@eltextual\" \/>\n<meta name=\"twitter:site\" content=\"@eltextual\" \/>\n<meta name=\"twitter:label1\" content=\"Escrito por\" \/>\n\t<meta name=\"twitter:data1\" content=\"diario3\" \/>\n\t<meta name=\"twitter:label2\" content=\"Tiempo de lectura\" \/>\n\t<meta name=\"twitter:data2\" content=\"3 minutos\" \/>\n<script type=\"application\/ld+json\" class=\"yoast-schema-graph\">{\"@context\":\"https:\\\/\\\/schema.org\",\"@graph\":[{\"@type\":\"Article\",\"@id\":\"https:\\\/\\\/diariotextual.com\\\/inicio\\\/index.php\\\/2023\\\/11\\\/30\\\/francos-ratifico-que-milei-enviara-el-proyecto-de-reforma-del-estado-apenas-asuma\\\/#article\",\"isPartOf\":{\"@id\":\"https:\\\/\\\/diariotextual.com\\\/inicio\\\/index.php\\\/2023\\\/11\\\/30\\\/francos-ratifico-que-milei-enviara-el-proyecto-de-reforma-del-estado-apenas-asuma\\\/\"},\"author\":{\"name\":\"diario3\",\"@id\":\"https:\\\/\\\/diariotextual.com\\\/inicio\\\/#\\\/schema\\\/person\\\/a1b6f563e0ee944c60f98119389a4d9f\"},\"headline\":\"Francos ratific\u00f3 que Milei enviar\u00e1 el proyecto de \u201creforma del Estado\u201d apenas asuma\",\"datePublished\":\"2023-11-30T20:16:30+00:00\",\"dateModified\":\"2023-11-30T20:16:32+00:00\",\"mainEntityOfPage\":{\"@id\":\"https:\\\/\\\/diariotextual.com\\\/inicio\\\/index.php\\\/2023\\\/11\\\/30\\\/francos-ratifico-que-milei-enviara-el-proyecto-de-reforma-del-estado-apenas-asuma\\\/\"},\"wordCount\":691,\"publisher\":{\"@id\":\"https:\\\/\\\/diariotextual.com\\\/inicio\\\/#organization\"},\"image\":{\"@id\":\"https:\\\/\\\/diariotextual.com\\\/inicio\\\/index.php\\\/2023\\\/11\\\/30\\\/francos-ratifico-que-milei-enviara-el-proyecto-de-reforma-del-estado-apenas-asuma\\\/#primaryimage\"},\"thumbnailUrl\":\"https:\\\/\\\/diariotextual.com\\\/inicio\\\/wp-content\\\/uploads\\\/2023\\\/11\\\/francosguillermo30112023.jpg\",\"keywords\":[\"francos\",\"milei\"],\"articleSection\":[\"A - ES NOTICIA (van abajo)\",\"POLITICA\"],\"inLanguage\":\"es\"},{\"@type\":\"WebPage\",\"@id\":\"https:\\\/\\\/diariotextual.com\\\/inicio\\\/index.php\\\/2023\\\/11\\\/30\\\/francos-ratifico-que-milei-enviara-el-proyecto-de-reforma-del-estado-apenas-asuma\\\/\",\"url\":\"https:\\\/\\\/diariotextual.com\\\/inicio\\\/index.php\\\/2023\\\/11\\\/30\\\/francos-ratifico-que-milei-enviara-el-proyecto-de-reforma-del-estado-apenas-asuma\\\/\",\"name\":\"Francos ratific\u00f3 que Milei enviar\u00e1 el proyecto de \u201creforma del Estado\u201d apenas asuma - Diario Textual\",\"isPartOf\":{\"@id\":\"https:\\\/\\\/diariotextual.com\\\/inicio\\\/#website\"},\"primaryImageOfPage\":{\"@id\":\"https:\\\/\\\/diariotextual.com\\\/inicio\\\/index.php\\\/2023\\\/11\\\/30\\\/francos-ratifico-que-milei-enviara-el-proyecto-de-reforma-del-estado-apenas-asuma\\\/#primaryimage\"},\"image\":{\"@id\":\"https:\\\/\\\/diariotextual.com\\\/inicio\\\/index.php\\\/2023\\\/11\\\/30\\\/francos-ratifico-que-milei-enviara-el-proyecto-de-reforma-del-estado-apenas-asuma\\\/#primaryimage\"},\"thumbnailUrl\":\"https:\\\/\\\/diariotextual.com\\\/inicio\\\/wp-content\\\/uploads\\\/2023\\\/11\\\/francosguillermo30112023.jpg\",\"datePublished\":\"2023-11-30T20:16:30+00:00\",\"dateModified\":\"2023-11-30T20:16:32+00:00\",\"breadcrumb\":{\"@id\":\"https:\\\/\\\/diariotextual.com\\\/inicio\\\/index.php\\\/2023\\\/11\\\/30\\\/francos-ratifico-que-milei-enviara-el-proyecto-de-reforma-del-estado-apenas-asuma\\\/#breadcrumb\"},\"inLanguage\":\"es\",\"potentialAction\":[{\"@type\":\"ReadAction\",\"target\":[\"https:\\\/\\\/diariotextual.com\\\/inicio\\\/index.php\\\/2023\\\/11\\\/30\\\/francos-ratifico-que-milei-enviara-el-proyecto-de-reforma-del-estado-apenas-asuma\\\/\"]}]},{\"@type\":\"ImageObject\",\"inLanguage\":\"es\",\"@id\":\"https:\\\/\\\/diariotextual.com\\\/inicio\\\/index.php\\\/2023\\\/11\\\/30\\\/francos-ratifico-que-milei-enviara-el-proyecto-de-reforma-del-estado-apenas-asuma\\\/#primaryimage\",\"url\":\"https:\\\/\\\/diariotextual.com\\\/inicio\\\/wp-content\\\/uploads\\\/2023\\\/11\\\/francosguillermo30112023.jpg\",\"contentUrl\":\"https:\\\/\\\/diariotextual.com\\\/inicio\\\/wp-content\\\/uploads\\\/2023\\\/11\\\/francosguillermo30112023.jpg\",\"width\":900,\"height\":506},{\"@type\":\"BreadcrumbList\",\"@id\":\"https:\\\/\\\/diariotextual.com\\\/inicio\\\/index.php\\\/2023\\\/11\\\/30\\\/francos-ratifico-que-milei-enviara-el-proyecto-de-reforma-del-estado-apenas-asuma\\\/#breadcrumb\",\"itemListElement\":[{\"@type\":\"ListItem\",\"position\":1,\"name\":\"Portada\",\"item\":\"https:\\\/\\\/diariotextual.com\\\/inicio\\\/\"},{\"@type\":\"ListItem\",\"position\":2,\"name\":\"Francos ratific\u00f3 que Milei enviar\u00e1 el proyecto de \u201creforma del Estado\u201d apenas asuma\"}]},{\"@type\":\"WebSite\",\"@id\":\"https:\\\/\\\/diariotextual.com\\\/inicio\\\/#website\",\"url\":\"https:\\\/\\\/diariotextual.com\\\/inicio\\\/\",\"name\":\"Diario Textual\",\"description\":\"\",\"publisher\":{\"@id\":\"https:\\\/\\\/diariotextual.com\\\/inicio\\\/#organization\"},\"potentialAction\":[{\"@type\":\"SearchAction\",\"target\":{\"@type\":\"EntryPoint\",\"urlTemplate\":\"https:\\\/\\\/diariotextual.com\\\/inicio\\\/?s={search_term_string}\"},\"query-input\":{\"@type\":\"PropertyValueSpecification\",\"valueRequired\":true,\"valueName\":\"search_term_string\"}}],\"inLanguage\":\"es\"},{\"@type\":\"Organization\",\"@id\":\"https:\\\/\\\/diariotextual.com\\\/inicio\\\/#organization\",\"name\":\"Diario Textual\",\"url\":\"https:\\\/\\\/diariotextual.com\\\/inicio\\\/\",\"logo\":{\"@type\":\"ImageObject\",\"inLanguage\":\"es\",\"@id\":\"https:\\\/\\\/diariotextual.com\\\/inicio\\\/#\\\/schema\\\/logo\\\/image\\\/\",\"url\":\"https:\\\/\\\/diariotextual.com\\\/inicio\\\/wp-content\\\/uploads\\\/2023\\\/05\\\/logotextual1.jpg\",\"contentUrl\":\"https:\\\/\\\/diariotextual.com\\\/inicio\\\/wp-content\\\/uploads\\\/2023\\\/05\\\/logotextual1.jpg\",\"width\":516,\"height\":76,\"caption\":\"Diario Textual\"},\"image\":{\"@id\":\"https:\\\/\\\/diariotextual.com\\\/inicio\\\/#\\\/schema\\\/logo\\\/image\\\/\"},\"sameAs\":[\"https:\\\/\\\/www.facebook.com\\\/eltextual\",\"https:\\\/\\\/x.com\\\/eltextual\",\"http:\\\/\\\/www.instagram.com\\\/eltextual\"]},{\"@type\":\"Person\",\"@id\":\"https:\\\/\\\/diariotextual.com\\\/inicio\\\/#\\\/schema\\\/person\\\/a1b6f563e0ee944c60f98119389a4d9f\",\"name\":\"diario3\",\"image\":{\"@type\":\"ImageObject\",\"inLanguage\":\"es\",\"@id\":\"https:\\\/\\\/secure.gravatar.com\\\/avatar\\\/5e7ee62c82fc04d9dd79d746a390d93c69c43223e5faeeb3ea9461ef752bfc5d?s=96&d=mm&r=g\",\"url\":\"https:\\\/\\\/secure.gravatar.com\\\/avatar\\\/5e7ee62c82fc04d9dd79d746a390d93c69c43223e5faeeb3ea9461ef752bfc5d?s=96&d=mm&r=g\",\"contentUrl\":\"https:\\\/\\\/secure.gravatar.com\\\/avatar\\\/5e7ee62c82fc04d9dd79d746a390d93c69c43223e5faeeb3ea9461ef752bfc5d?s=96&d=mm&r=g\",\"caption\":\"diario3\"},\"url\":\"https:\\\/\\\/diariotextual.com\\\/inicio\\\/index.php\\\/author\\\/diario3\\\/\"}]}<\/script>\n<!-- \/ Yoast SEO plugin. -->","yoast_head_json":{"title":"Francos ratific\u00f3 que Milei enviar\u00e1 el proyecto de \u201creforma del Estado\u201d apenas asuma - Diario Textual","robots":{"index":"index","follow":"follow","max-snippet":"max-snippet:-1","max-image-preview":"max-image-preview:large","max-video-preview":"max-video-preview:-1"},"canonical":"https:\/\/diariotextual.com\/inicio\/index.php\/2023\/11\/30\/francos-ratifico-que-milei-enviara-el-proyecto-de-reforma-del-estado-apenas-asuma\/","og_locale":"es_ES","og_type":"article","og_title":"Francos ratific\u00f3 que Milei enviar\u00e1 el proyecto de \u201creforma del Estado\u201d apenas asuma - Diario Textual","og_description":"El futuro ministro del Interior, Guillermo Francos, ratific\u00f3 este jueves, ni bien asuma al frente de la Casa Rosada, el presidente electo, Javier Milei, enviar\u00e1 de \u201cmanera inmediata\u201d al Congreso&hellip;","og_url":"https:\/\/diariotextual.com\/inicio\/index.php\/2023\/11\/30\/francos-ratifico-que-milei-enviara-el-proyecto-de-reforma-del-estado-apenas-asuma\/","og_site_name":"Diario Textual","article_publisher":"https:\/\/www.facebook.com\/eltextual","article_published_time":"2023-11-30T20:16:30+00:00","article_modified_time":"2023-11-30T20:16:32+00:00","og_image":[{"width":900,"height":506,"url":"https:\/\/diariotextual.com\/inicio\/wp-content\/uploads\/2023\/11\/francosguillermo30112023.jpg","type":"image\/jpeg"}],"author":"diario3","twitter_card":"summary_large_image","twitter_creator":"@eltextual","twitter_site":"@eltextual","twitter_misc":{"Escrito por":"diario3","Tiempo de lectura":"3 minutos"},"schema":{"@context":"https:\/\/schema.org","@graph":[{"@type":"Article","@id":"https:\/\/diariotextual.com\/inicio\/index.php\/2023\/11\/30\/francos-ratifico-que-milei-enviara-el-proyecto-de-reforma-del-estado-apenas-asuma\/#article","isPartOf":{"@id":"https:\/\/diariotextual.com\/inicio\/index.php\/2023\/11\/30\/francos-ratifico-que-milei-enviara-el-proyecto-de-reforma-del-estado-apenas-asuma\/"},"author":{"name":"diario3","@id":"https:\/\/diariotextual.com\/inicio\/#\/schema\/person\/a1b6f563e0ee944c60f98119389a4d9f"},"headline":"Francos ratific\u00f3 que Milei enviar\u00e1 el proyecto de \u201creforma del Estado\u201d apenas asuma","datePublished":"2023-11-30T20:16:30+00:00","dateModified":"2023-11-30T20:16:32+00:00","mainEntityOfPage":{"@id":"https:\/\/diariotextual.com\/inicio\/index.php\/2023\/11\/30\/francos-ratifico-que-milei-enviara-el-proyecto-de-reforma-del-estado-apenas-asuma\/"},"wordCount":691,"publisher":{"@id":"https:\/\/diariotextual.com\/inicio\/#organization"},"image":{"@id":"https:\/\/diariotextual.com\/inicio\/index.php\/2023\/11\/30\/francos-ratifico-que-milei-enviara-el-proyecto-de-reforma-del-estado-apenas-asuma\/#primaryimage"},"thumbnailUrl":"https:\/\/diariotextual.com\/inicio\/wp-content\/uploads\/2023\/11\/francosguillermo30112023.jpg","keywords":["francos","milei"],"articleSection":["A - ES NOTICIA (van abajo)","POLITICA"],"inLanguage":"es"},{"@type":"WebPage","@id":"https:\/\/diariotextual.com\/inicio\/index.php\/2023\/11\/30\/francos-ratifico-que-milei-enviara-el-proyecto-de-reforma-del-estado-apenas-asuma\/","url":"https:\/\/diariotextual.com\/inicio\/index.php\/2023\/11\/30\/francos-ratifico-que-milei-enviara-el-proyecto-de-reforma-del-estado-apenas-asuma\/","name":"Francos ratific\u00f3 que Milei enviar\u00e1 el proyecto de \u201creforma del Estado\u201d apenas asuma - Diario Textual","isPartOf":{"@id":"https:\/\/diariotextual.com\/inicio\/#website"},"primaryImageOfPage":{"@id":"https:\/\/diariotextual.com\/inicio\/index.php\/2023\/11\/30\/francos-ratifico-que-milei-enviara-el-proyecto-de-reforma-del-estado-apenas-asuma\/#primaryimage"},"image":{"@id":"https:\/\/diariotextual.com\/inicio\/index.php\/2023\/11\/30\/francos-ratifico-que-milei-enviara-el-proyecto-de-reforma-del-estado-apenas-asuma\/#primaryimage"},"thumbnailUrl":"https:\/\/diariotextual.com\/inicio\/wp-content\/uploads\/2023\/11\/francosguillermo30112023.jpg","datePublished":"2023-11-30T20:16:30+00:00","dateModified":"2023-11-30T20:16:32+00:00","breadcrumb":{"@id":"https:\/\/diariotextual.com\/inicio\/index.php\/2023\/11\/30\/francos-ratifico-que-milei-enviara-el-proyecto-de-reforma-del-estado-apenas-asuma\/#breadcrumb"},"inLanguage":"es","potentialAction":[{"@type":"ReadAction","target":["https:\/\/diariotextual.com\/inicio\/index.php\/2023\/11\/30\/francos-ratifico-que-milei-enviara-el-proyecto-de-reforma-del-estado-apenas-asuma\/"]}]},{"@type":"ImageObject","inLanguage":"es","@id":"https:\/\/diariotextual.com\/inicio\/index.php\/2023\/11\/30\/francos-ratifico-que-milei-enviara-el-proyecto-de-reforma-del-estado-apenas-asuma\/#primaryimage","url":"https:\/\/diariotextual.com\/inicio\/wp-content\/uploads\/2023\/11\/francosguillermo30112023.jpg","contentUrl":"https:\/\/diariotextual.com\/inicio\/wp-content\/uploads\/2023\/11\/francosguillermo30112023.jpg","width":900,"height":506},{"@type":"BreadcrumbList","@id":"https:\/\/diariotextual.com\/inicio\/index.php\/2023\/11\/30\/francos-ratifico-que-milei-enviara-el-proyecto-de-reforma-del-estado-apenas-asuma\/#breadcrumb","itemListElement":[{"@type":"ListItem","position":1,"name":"Portada","item":"https:\/\/diariotextual.com\/inicio\/"},{"@type":"ListItem","position":2,"name":"Francos ratific\u00f3 que Milei enviar\u00e1 el proyecto de \u201creforma del Estado\u201d apenas asuma"}]},{"@type":"WebSite","@id":"https:\/\/diariotextual.com\/inicio\/#website","url":"https:\/\/diariotextual.com\/inicio\/","name":"Diario Textual","description":"","publisher":{"@id":"https:\/\/diariotextual.com\/inicio\/#organization"},"potentialAction":[{"@type":"SearchAction","target":{"@type":"EntryPoint","urlTemplate":"https:\/\/diariotextual.com\/inicio\/?s={search_term_string}"},"query-input":{"@type":"PropertyValueSpecification","valueRequired":true,"valueName":"search_term_string"}}],"inLanguage":"es"},{"@type":"Organization","@id":"https:\/\/diariotextual.com\/inicio\/#organization","name":"Diario Textual","url":"https:\/\/diariotextual.com\/inicio\/","logo":{"@type":"ImageObject","inLanguage":"es","@id":"https:\/\/diariotextual.com\/inicio\/#\/schema\/logo\/image\/","url":"https:\/\/diariotextual.com\/inicio\/wp-content\/uploads\/2023\/05\/logotextual1.jpg","contentUrl":"https:\/\/diariotextual.com\/inicio\/wp-content\/uploads\/2023\/05\/logotextual1.jpg","width":516,"height":76,"caption":"Diario Textual"},"image":{"@id":"https:\/\/diariotextual.com\/inicio\/#\/schema\/logo\/image\/"},"sameAs":["https:\/\/www.facebook.com\/eltextual","https:\/\/x.com\/eltextual","http:\/\/www.instagram.com\/eltextual"]},{"@type":"Person","@id":"https:\/\/diariotextual.com\/inicio\/#\/schema\/person\/a1b6f563e0ee944c60f98119389a4d9f","name":"diario3","image":{"@type":"ImageObject","inLanguage":"es","@id":"https:\/\/secure.gravatar.com\/avatar\/5e7ee62c82fc04d9dd79d746a390d93c69c43223e5faeeb3ea9461ef752bfc5d?s=96&d=mm&r=g","url":"https:\/\/secure.gravatar.com\/avatar\/5e7ee62c82fc04d9dd79d746a390d93c69c43223e5faeeb3ea9461ef752bfc5d?s=96&d=mm&r=g","contentUrl":"https:\/\/secure.gravatar.com\/avatar\/5e7ee62c82fc04d9dd79d746a390d93c69c43223e5faeeb3ea9461ef752bfc5d?s=96&d=mm&r=g","caption":"diario3"},"url":"https:\/\/diariotextual.com\/inicio\/index.php\/author\/diario3\/"}]}},"_links":{"self":[{"href":"https:\/\/diariotextual.com\/inicio\/index.php\/wp-json\/wp\/v2\/posts\/246272","targetHints":{"allow":["GET"]}}],"collection":[{"href":"https:\/\/diariotextual.com\/inicio\/index.php\/wp-json\/wp\/v2\/posts"}],"about":[{"href":"https:\/\/diariotextual.com\/inicio\/index.php\/wp-json\/wp\/v2\/types\/post"}],"author":[{"embeddable":true,"href":"https:\/\/diariotextual.com\/inicio\/index.php\/wp-json\/wp\/v2\/users\/5"}],"replies":[{"embeddable":true,"href":"https:\/\/diariotextual.com\/inicio\/index.php\/wp-json\/wp\/v2\/comments?post=246272"}],"version-history":[{"count":1,"href":"https:\/\/diariotextual.com\/inicio\/index.php\/wp-json\/wp\/v2\/posts\/246272\/revisions"}],"predecessor-version":[{"id":246274,"href":"https:\/\/diariotextual.com\/inicio\/index.php\/wp-json\/wp\/v2\/posts\/246272\/revisions\/246274"}],"wp:featuredmedia":[{"embeddable":true,"href":"https:\/\/diariotextual.com\/inicio\/index.php\/wp-json\/wp\/v2\/media\/246273"}],"wp:attachment":[{"href":"https:\/\/diariotextual.com\/inicio\/index.php\/wp-json\/wp\/v2\/media?parent=246272"}],"wp:term":[{"taxonomy":"category","embeddable":true,"href":"https:\/\/diariotextual.com\/inicio\/index.php\/wp-json\/wp\/v2\/categories?post=246272"},{"taxonomy":"post_tag","embeddable":true,"href":"https:\/\/diariotextual.com\/inicio\/index.php\/wp-json\/wp\/v2\/tags?post=246272"}],"curies":[{"name":"wp","href":"https:\/\/api.w.org\/{rel}","templated":true}]}}