{"id":246278,"date":"2023-11-30T17:33:16","date_gmt":"2023-11-30T20:33:16","guid":{"rendered":"https:\/\/diariotextual.com\/inicio\/?p=246278"},"modified":"2023-11-30T17:35:37","modified_gmt":"2023-11-30T20:35:37","slug":"no-hubo-acuerdo-en-la-audiencia-de-conciliacion-y-se-suspendieron-las-elecciones-en-boca","status":"publish","type":"post","link":"https:\/\/diariotextual.com\/inicio\/index.php\/2023\/11\/30\/no-hubo-acuerdo-en-la-audiencia-de-conciliacion-y-se-suspendieron-las-elecciones-en-boca\/","title":{"rendered":"No hubo acuerdo en la audiencia de conciliaci\u00f3n y se suspendieron las elecciones en Boca"},"content":{"rendered":"\n<p>Las elecciones de <strong>Boca<\/strong>, que iban a tener lugar el pr\u00f3ximo domingo 3 de diciembre, <strong>fueron suspendidas luego de la audiencia conciliatoria entre oficialismo y oposici\u00f3n que no lleg\u00f3 a buen puerto<\/strong>. El club apelar\u00e1 el fallo y no se realizar\u00e1n los comicios.<\/p>\n\n\n\n<p>Luego de una audiencia de conciliaci\u00f3n fallida entre el oficialismo de Riquelme-Ameal y la oposici\u00f3n de Ibarra-Macri, el club tom\u00f3 la determinaci\u00f3n de apelar el fallo de la jueza Alejandra D\u00e9bora Abrevaya a cargo del Juzgado Civil N\u00b011.<strong> Ninguno de las dos partes cedi\u00f3 en sus intenciones y las negociaciones para que Boca vote el domingo no llegaron a buen puerto.<\/strong><\/p>\n\n\n\n<p>Seg\u00fan pudo saber Noticias Argentinas,<strong> el oficialismo se neg\u00f3 a apartar a los 13 mil socios en cuesti\u00f3n y ofreci\u00f3 que estos voten en urnas apartes. <\/strong>Esta proposici\u00f3n fue rechazada por la oposici\u00f3n que, encabezada por Andr\u00e9s Ibarra, desea que se inicie un procedimiento para verificar si ese grupo de socios fueron pasados de \u201cadherentes\u201d a \u201cactivos\u201d correctamente pero desde el oficialismo rechazan esta idea ya que creen que demorar\u00eda a\u00fan m\u00e1s el proceso electoral.<\/p>\n\n\n\n<p>Adem\u00e1s, en las pr\u00f3ximas horas podr\u00edan llegar a haber negociaciones entre las partes fuera de la instancia judicial buscando un acuerdo que satisfaga a ambas partes y las elecciones se puedan realizar lo antes posible.<\/p>\n\n\n\n<p>En cuanto a posibles fechas de realizaci\u00f3n, ninguno de las dos partes desliz\u00f3 alguna en particular aunque, por calendario, el \u00fanico domingo que quedar\u00eda disponible para llevar a cabo los comicios electorales ser\u00eda el 17 de diciembre ya que el pr\u00f3ximo 10 asumir\u00eda Javier Milei como presidente de la Naci\u00f3n y el 24 y 31 ser\u00e1 Nochebuena y fin de a\u00f1o, respectivamente.<\/p>\n\n\n\n<p>En caso de que esa fecha no convenza ni al oficialismo ni a la oposici\u00f3n, lo m\u00e1s probable es que la actual gesti\u00f3n de Jorge Amor Ameal continuar\u00e1 su mandato hasta la realizaci\u00f3n de las elecciones. Esto no ser\u00eda algo novedoso para el f\u00fatbol argentino ya que, entre diciembre de 2021 y octubre de 2022, Hugo Moyano estir\u00f3 casi un a\u00f1o m\u00e1s su mandato en Independiente por la suspensi\u00f3n de las elecciones en el club de Avellaneda.<\/p>\n\n\n\n<p>La otra opci\u00f3n, la menos beneficiosa y que ninguna de las partes quiere, es que la Inspecci\u00f3n General de Justicia (IGJ) declare \u201cac\u00e9falo\u201d el club y lo intervenga hasta que se vote. El mi\u00e9rcoles, el propio Ibarra declar\u00f3 sobre esta posibilidad. \u201cNo merece que pase esto. Entonces ahora todo depende del club. La base de datos, los sistemas, lo que hicieron, lo sabe Boca. Entonces, ellos pueden dar respuesta. Espero que se solucione ma\u00f1ana y si no se puede votar el 3, que se vote cuanto antes\u201d, dijo.<\/p>\n\n\n\n<p><\/p>\n\n\n\n<p><\/p>\n\n\n\n<p><\/p>\n","protected":false},"excerpt":{"rendered":"<p>Las elecciones de Boca, que iban a tener lugar el pr\u00f3ximo domingo 3 de diciembre, fueron suspendidas luego de la audiencia conciliatoria entre oficialismo y oposici\u00f3n que no lleg\u00f3 a&hellip;<\/p>\n","protected":false},"author":3,"featured_media":83146,"comment_status":"closed","ping_status":"open","sticky":false,"template":"","format":"standard","meta":{"_acf_changed":false,"footnotes":""},"categories":[1,3],"tags":[],"class_list":["post-246278","post","type-post","status-publish","format-standard","has-post-thumbnail","hentry","category-es-noticia","category-deportes"],"acf":[],"yoast_head":"<!-- This site is optimized with the Yoast SEO plugin v27.5 - https:\/\/yoast.com\/product\/yoast-seo-wordpress\/ -->\n<title>No hubo acuerdo en la audiencia de conciliaci\u00f3n y se suspendieron las elecciones en Boca - Diario Textual<\/title>\n<meta name=\"robots\" content=\"index, follow, max-snippet:-1, max-image-preview:large, max-video-preview:-1\" \/>\n<link rel=\"canonical\" href=\"https:\/\/diariotextual.com\/inicio\/index.php\/2023\/11\/30\/no-hubo-acuerdo-en-la-audiencia-de-conciliacion-y-se-suspendieron-las-elecciones-en-boca\/\" \/>\n<meta property=\"og:locale\" content=\"es_ES\" \/>\n<meta property=\"og:type\" content=\"article\" \/>\n<meta property=\"og:title\" content=\"No hubo acuerdo en la audiencia de conciliaci\u00f3n y se suspendieron las elecciones en Boca - Diario Textual\" \/>\n<meta property=\"og:description\" content=\"Las elecciones de Boca, que iban a tener lugar el pr\u00f3ximo domingo 3 de diciembre, fueron suspendidas luego de la audiencia conciliatoria entre oficialismo y oposici\u00f3n que no lleg\u00f3 a&hellip;\" \/>\n<meta property=\"og:url\" content=\"https:\/\/diariotextual.com\/inicio\/index.php\/2023\/11\/30\/no-hubo-acuerdo-en-la-audiencia-de-conciliacion-y-se-suspendieron-las-elecciones-en-boca\/\" \/>\n<meta property=\"og:site_name\" content=\"Diario Textual\" \/>\n<meta property=\"article:publisher\" content=\"https:\/\/www.facebook.com\/eltextual\" \/>\n<meta property=\"article:published_time\" content=\"2023-11-30T20:33:16+00:00\" \/>\n<meta property=\"article:modified_time\" content=\"2023-11-30T20:35:37+00:00\" \/>\n<meta property=\"og:image\" content=\"https:\/\/diariotextual.com\/inicio\/wp-content\/uploads\/2020\/03\/bombonera777.jpg\" \/>\n\t<meta property=\"og:image:width\" content=\"980\" \/>\n\t<meta property=\"og:image:height\" content=\"550\" \/>\n\t<meta property=\"og:image:type\" content=\"image\/jpeg\" \/>\n<meta name=\"author\" content=\"Diario1 Diario1\" \/>\n<meta name=\"twitter:card\" content=\"summary_large_image\" \/>\n<meta name=\"twitter:creator\" content=\"@eltextual\" \/>\n<meta name=\"twitter:site\" content=\"@eltextual\" \/>\n<meta name=\"twitter:label1\" content=\"Escrito por\" \/>\n\t<meta name=\"twitter:data1\" content=\"Diario1 Diario1\" \/>\n\t<meta name=\"twitter:label2\" content=\"Tiempo de lectura\" \/>\n\t<meta name=\"twitter:data2\" content=\"3 minutos\" \/>\n<script type=\"application\/ld+json\" class=\"yoast-schema-graph\">{\"@context\":\"https:\\\/\\\/schema.org\",\"@graph\":[{\"@type\":\"Article\",\"@id\":\"https:\\\/\\\/diariotextual.com\\\/inicio\\\/index.php\\\/2023\\\/11\\\/30\\\/no-hubo-acuerdo-en-la-audiencia-de-conciliacion-y-se-suspendieron-las-elecciones-en-boca\\\/#article\",\"isPartOf\":{\"@id\":\"https:\\\/\\\/diariotextual.com\\\/inicio\\\/index.php\\\/2023\\\/11\\\/30\\\/no-hubo-acuerdo-en-la-audiencia-de-conciliacion-y-se-suspendieron-las-elecciones-en-boca\\\/\"},\"author\":{\"name\":\"Diario1 Diario1\",\"@id\":\"https:\\\/\\\/diariotextual.com\\\/inicio\\\/#\\\/schema\\\/person\\\/418fc4093c33e86ed41562db3508f958\"},\"headline\":\"No hubo acuerdo en la audiencia de conciliaci\u00f3n y se suspendieron las elecciones en Boca\",\"datePublished\":\"2023-11-30T20:33:16+00:00\",\"dateModified\":\"2023-11-30T20:35:37+00:00\",\"mainEntityOfPage\":{\"@id\":\"https:\\\/\\\/diariotextual.com\\\/inicio\\\/index.php\\\/2023\\\/11\\\/30\\\/no-hubo-acuerdo-en-la-audiencia-de-conciliacion-y-se-suspendieron-las-elecciones-en-boca\\\/\"},\"wordCount\":487,\"publisher\":{\"@id\":\"https:\\\/\\\/diariotextual.com\\\/inicio\\\/#organization\"},\"image\":{\"@id\":\"https:\\\/\\\/diariotextual.com\\\/inicio\\\/index.php\\\/2023\\\/11\\\/30\\\/no-hubo-acuerdo-en-la-audiencia-de-conciliacion-y-se-suspendieron-las-elecciones-en-boca\\\/#primaryimage\"},\"thumbnailUrl\":\"https:\\\/\\\/diariotextual.com\\\/inicio\\\/wp-content\\\/uploads\\\/2020\\\/03\\\/bombonera777.jpg\",\"articleSection\":[\"A - ES NOTICIA (van abajo)\",\"DEPORTES\"],\"inLanguage\":\"es\"},{\"@type\":\"WebPage\",\"@id\":\"https:\\\/\\\/diariotextual.com\\\/inicio\\\/index.php\\\/2023\\\/11\\\/30\\\/no-hubo-acuerdo-en-la-audiencia-de-conciliacion-y-se-suspendieron-las-elecciones-en-boca\\\/\",\"url\":\"https:\\\/\\\/diariotextual.com\\\/inicio\\\/index.php\\\/2023\\\/11\\\/30\\\/no-hubo-acuerdo-en-la-audiencia-de-conciliacion-y-se-suspendieron-las-elecciones-en-boca\\\/\",\"name\":\"No hubo acuerdo en la audiencia de conciliaci\u00f3n y se suspendieron las elecciones en Boca - Diario Textual\",\"isPartOf\":{\"@id\":\"https:\\\/\\\/diariotextual.com\\\/inicio\\\/#website\"},\"primaryImageOfPage\":{\"@id\":\"https:\\\/\\\/diariotextual.com\\\/inicio\\\/index.php\\\/2023\\\/11\\\/30\\\/no-hubo-acuerdo-en-la-audiencia-de-conciliacion-y-se-suspendieron-las-elecciones-en-boca\\\/#primaryimage\"},\"image\":{\"@id\":\"https:\\\/\\\/diariotextual.com\\\/inicio\\\/index.php\\\/2023\\\/11\\\/30\\\/no-hubo-acuerdo-en-la-audiencia-de-conciliacion-y-se-suspendieron-las-elecciones-en-boca\\\/#primaryimage\"},\"thumbnailUrl\":\"https:\\\/\\\/diariotextual.com\\\/inicio\\\/wp-content\\\/uploads\\\/2020\\\/03\\\/bombonera777.jpg\",\"datePublished\":\"2023-11-30T20:33:16+00:00\",\"dateModified\":\"2023-11-30T20:35:37+00:00\",\"breadcrumb\":{\"@id\":\"https:\\\/\\\/diariotextual.com\\\/inicio\\\/index.php\\\/2023\\\/11\\\/30\\\/no-hubo-acuerdo-en-la-audiencia-de-conciliacion-y-se-suspendieron-las-elecciones-en-boca\\\/#breadcrumb\"},\"inLanguage\":\"es\",\"potentialAction\":[{\"@type\":\"ReadAction\",\"target\":[\"https:\\\/\\\/diariotextual.com\\\/inicio\\\/index.php\\\/2023\\\/11\\\/30\\\/no-hubo-acuerdo-en-la-audiencia-de-conciliacion-y-se-suspendieron-las-elecciones-en-boca\\\/\"]}]},{\"@type\":\"ImageObject\",\"inLanguage\":\"es\",\"@id\":\"https:\\\/\\\/diariotextual.com\\\/inicio\\\/index.php\\\/2023\\\/11\\\/30\\\/no-hubo-acuerdo-en-la-audiencia-de-conciliacion-y-se-suspendieron-las-elecciones-en-boca\\\/#primaryimage\",\"url\":\"https:\\\/\\\/diariotextual.com\\\/inicio\\\/wp-content\\\/uploads\\\/2020\\\/03\\\/bombonera777.jpg\",\"contentUrl\":\"https:\\\/\\\/diariotextual.com\\\/inicio\\\/wp-content\\\/uploads\\\/2020\\\/03\\\/bombonera777.jpg\",\"width\":980,\"height\":550},{\"@type\":\"BreadcrumbList\",\"@id\":\"https:\\\/\\\/diariotextual.com\\\/inicio\\\/index.php\\\/2023\\\/11\\\/30\\\/no-hubo-acuerdo-en-la-audiencia-de-conciliacion-y-se-suspendieron-las-elecciones-en-boca\\\/#breadcrumb\",\"itemListElement\":[{\"@type\":\"ListItem\",\"position\":1,\"name\":\"Portada\",\"item\":\"https:\\\/\\\/diariotextual.com\\\/inicio\\\/\"},{\"@type\":\"ListItem\",\"position\":2,\"name\":\"No hubo acuerdo en la audiencia de conciliaci\u00f3n y se suspendieron las elecciones en Boca\"}]},{\"@type\":\"WebSite\",\"@id\":\"https:\\\/\\\/diariotextual.com\\\/inicio\\\/#website\",\"url\":\"https:\\\/\\\/diariotextual.com\\\/inicio\\\/\",\"name\":\"Diario Textual\",\"description\":\"\",\"publisher\":{\"@id\":\"https:\\\/\\\/diariotextual.com\\\/inicio\\\/#organization\"},\"potentialAction\":[{\"@type\":\"SearchAction\",\"target\":{\"@type\":\"EntryPoint\",\"urlTemplate\":\"https:\\\/\\\/diariotextual.com\\\/inicio\\\/?s={search_term_string}\"},\"query-input\":{\"@type\":\"PropertyValueSpecification\",\"valueRequired\":true,\"valueName\":\"search_term_string\"}}],\"inLanguage\":\"es\"},{\"@type\":\"Organization\",\"@id\":\"https:\\\/\\\/diariotextual.com\\\/inicio\\\/#organization\",\"name\":\"Diario Textual\",\"url\":\"https:\\\/\\\/diariotextual.com\\\/inicio\\\/\",\"logo\":{\"@type\":\"ImageObject\",\"inLanguage\":\"es\",\"@id\":\"https:\\\/\\\/diariotextual.com\\\/inicio\\\/#\\\/schema\\\/logo\\\/image\\\/\",\"url\":\"https:\\\/\\\/diariotextual.com\\\/inicio\\\/wp-content\\\/uploads\\\/2023\\\/05\\\/logotextual1.jpg\",\"contentUrl\":\"https:\\\/\\\/diariotextual.com\\\/inicio\\\/wp-content\\\/uploads\\\/2023\\\/05\\\/logotextual1.jpg\",\"width\":516,\"height\":76,\"caption\":\"Diario Textual\"},\"image\":{\"@id\":\"https:\\\/\\\/diariotextual.com\\\/inicio\\\/#\\\/schema\\\/logo\\\/image\\\/\"},\"sameAs\":[\"https:\\\/\\\/www.facebook.com\\\/eltextual\",\"https:\\\/\\\/x.com\\\/eltextual\",\"http:\\\/\\\/www.instagram.com\\\/eltextual\"]},{\"@type\":\"Person\",\"@id\":\"https:\\\/\\\/diariotextual.com\\\/inicio\\\/#\\\/schema\\\/person\\\/418fc4093c33e86ed41562db3508f958\",\"name\":\"Diario1 Diario1\",\"image\":{\"@type\":\"ImageObject\",\"inLanguage\":\"es\",\"@id\":\"https:\\\/\\\/secure.gravatar.com\\\/avatar\\\/9167d280179c85bc18be67aa7eda765854300033af4896dd779b608640f2ef7a?s=96&d=mm&r=g\",\"url\":\"https:\\\/\\\/secure.gravatar.com\\\/avatar\\\/9167d280179c85bc18be67aa7eda765854300033af4896dd779b608640f2ef7a?s=96&d=mm&r=g\",\"contentUrl\":\"https:\\\/\\\/secure.gravatar.com\\\/avatar\\\/9167d280179c85bc18be67aa7eda765854300033af4896dd779b608640f2ef7a?s=96&d=mm&r=g\",\"caption\":\"Diario1 Diario1\"},\"url\":\"https:\\\/\\\/diariotextual.com\\\/inicio\\\/index.php\\\/author\\\/diario1\\\/\"}]}<\/script>\n<!-- \/ Yoast SEO plugin. -->","yoast_head_json":{"title":"No hubo acuerdo en la audiencia de conciliaci\u00f3n y se suspendieron las elecciones en Boca - Diario Textual","robots":{"index":"index","follow":"follow","max-snippet":"max-snippet:-1","max-image-preview":"max-image-preview:large","max-video-preview":"max-video-preview:-1"},"canonical":"https:\/\/diariotextual.com\/inicio\/index.php\/2023\/11\/30\/no-hubo-acuerdo-en-la-audiencia-de-conciliacion-y-se-suspendieron-las-elecciones-en-boca\/","og_locale":"es_ES","og_type":"article","og_title":"No hubo acuerdo en la audiencia de conciliaci\u00f3n y se suspendieron las elecciones en Boca - Diario Textual","og_description":"Las elecciones de Boca, que iban a tener lugar el pr\u00f3ximo domingo 3 de diciembre, fueron suspendidas luego de la audiencia conciliatoria entre oficialismo y oposici\u00f3n que no lleg\u00f3 a&hellip;","og_url":"https:\/\/diariotextual.com\/inicio\/index.php\/2023\/11\/30\/no-hubo-acuerdo-en-la-audiencia-de-conciliacion-y-se-suspendieron-las-elecciones-en-boca\/","og_site_name":"Diario Textual","article_publisher":"https:\/\/www.facebook.com\/eltextual","article_published_time":"2023-11-30T20:33:16+00:00","article_modified_time":"2023-11-30T20:35:37+00:00","og_image":[{"width":980,"height":550,"url":"https:\/\/diariotextual.com\/inicio\/wp-content\/uploads\/2020\/03\/bombonera777.jpg","type":"image\/jpeg"}],"author":"Diario1 Diario1","twitter_card":"summary_large_image","twitter_creator":"@eltextual","twitter_site":"@eltextual","twitter_misc":{"Escrito por":"Diario1 Diario1","Tiempo de lectura":"3 minutos"},"schema":{"@context":"https:\/\/schema.org","@graph":[{"@type":"Article","@id":"https:\/\/diariotextual.com\/inicio\/index.php\/2023\/11\/30\/no-hubo-acuerdo-en-la-audiencia-de-conciliacion-y-se-suspendieron-las-elecciones-en-boca\/#article","isPartOf":{"@id":"https:\/\/diariotextual.com\/inicio\/index.php\/2023\/11\/30\/no-hubo-acuerdo-en-la-audiencia-de-conciliacion-y-se-suspendieron-las-elecciones-en-boca\/"},"author":{"name":"Diario1 Diario1","@id":"https:\/\/diariotextual.com\/inicio\/#\/schema\/person\/418fc4093c33e86ed41562db3508f958"},"headline":"No hubo acuerdo en la audiencia de conciliaci\u00f3n y se suspendieron las elecciones en Boca","datePublished":"2023-11-30T20:33:16+00:00","dateModified":"2023-11-30T20:35:37+00:00","mainEntityOfPage":{"@id":"https:\/\/diariotextual.com\/inicio\/index.php\/2023\/11\/30\/no-hubo-acuerdo-en-la-audiencia-de-conciliacion-y-se-suspendieron-las-elecciones-en-boca\/"},"wordCount":487,"publisher":{"@id":"https:\/\/diariotextual.com\/inicio\/#organization"},"image":{"@id":"https:\/\/diariotextual.com\/inicio\/index.php\/2023\/11\/30\/no-hubo-acuerdo-en-la-audiencia-de-conciliacion-y-se-suspendieron-las-elecciones-en-boca\/#primaryimage"},"thumbnailUrl":"https:\/\/diariotextual.com\/inicio\/wp-content\/uploads\/2020\/03\/bombonera777.jpg","articleSection":["A - ES NOTICIA (van abajo)","DEPORTES"],"inLanguage":"es"},{"@type":"WebPage","@id":"https:\/\/diariotextual.com\/inicio\/index.php\/2023\/11\/30\/no-hubo-acuerdo-en-la-audiencia-de-conciliacion-y-se-suspendieron-las-elecciones-en-boca\/","url":"https:\/\/diariotextual.com\/inicio\/index.php\/2023\/11\/30\/no-hubo-acuerdo-en-la-audiencia-de-conciliacion-y-se-suspendieron-las-elecciones-en-boca\/","name":"No hubo acuerdo en la audiencia de conciliaci\u00f3n y se suspendieron las elecciones en Boca - Diario Textual","isPartOf":{"@id":"https:\/\/diariotextual.com\/inicio\/#website"},"primaryImageOfPage":{"@id":"https:\/\/diariotextual.com\/inicio\/index.php\/2023\/11\/30\/no-hubo-acuerdo-en-la-audiencia-de-conciliacion-y-se-suspendieron-las-elecciones-en-boca\/#primaryimage"},"image":{"@id":"https:\/\/diariotextual.com\/inicio\/index.php\/2023\/11\/30\/no-hubo-acuerdo-en-la-audiencia-de-conciliacion-y-se-suspendieron-las-elecciones-en-boca\/#primaryimage"},"thumbnailUrl":"https:\/\/diariotextual.com\/inicio\/wp-content\/uploads\/2020\/03\/bombonera777.jpg","datePublished":"2023-11-30T20:33:16+00:00","dateModified":"2023-11-30T20:35:37+00:00","breadcrumb":{"@id":"https:\/\/diariotextual.com\/inicio\/index.php\/2023\/11\/30\/no-hubo-acuerdo-en-la-audiencia-de-conciliacion-y-se-suspendieron-las-elecciones-en-boca\/#breadcrumb"},"inLanguage":"es","potentialAction":[{"@type":"ReadAction","target":["https:\/\/diariotextual.com\/inicio\/index.php\/2023\/11\/30\/no-hubo-acuerdo-en-la-audiencia-de-conciliacion-y-se-suspendieron-las-elecciones-en-boca\/"]}]},{"@type":"ImageObject","inLanguage":"es","@id":"https:\/\/diariotextual.com\/inicio\/index.php\/2023\/11\/30\/no-hubo-acuerdo-en-la-audiencia-de-conciliacion-y-se-suspendieron-las-elecciones-en-boca\/#primaryimage","url":"https:\/\/diariotextual.com\/inicio\/wp-content\/uploads\/2020\/03\/bombonera777.jpg","contentUrl":"https:\/\/diariotextual.com\/inicio\/wp-content\/uploads\/2020\/03\/bombonera777.jpg","width":980,"height":550},{"@type":"BreadcrumbList","@id":"https:\/\/diariotextual.com\/inicio\/index.php\/2023\/11\/30\/no-hubo-acuerdo-en-la-audiencia-de-conciliacion-y-se-suspendieron-las-elecciones-en-boca\/#breadcrumb","itemListElement":[{"@type":"ListItem","position":1,"name":"Portada","item":"https:\/\/diariotextual.com\/inicio\/"},{"@type":"ListItem","position":2,"name":"No hubo acuerdo en la audiencia de conciliaci\u00f3n y se suspendieron las elecciones en Boca"}]},{"@type":"WebSite","@id":"https:\/\/diariotextual.com\/inicio\/#website","url":"https:\/\/diariotextual.com\/inicio\/","name":"Diario Textual","description":"","publisher":{"@id":"https:\/\/diariotextual.com\/inicio\/#organization"},"potentialAction":[{"@type":"SearchAction","target":{"@type":"EntryPoint","urlTemplate":"https:\/\/diariotextual.com\/inicio\/?s={search_term_string}"},"query-input":{"@type":"PropertyValueSpecification","valueRequired":true,"valueName":"search_term_string"}}],"inLanguage":"es"},{"@type":"Organization","@id":"https:\/\/diariotextual.com\/inicio\/#organization","name":"Diario Textual","url":"https:\/\/diariotextual.com\/inicio\/","logo":{"@type":"ImageObject","inLanguage":"es","@id":"https:\/\/diariotextual.com\/inicio\/#\/schema\/logo\/image\/","url":"https:\/\/diariotextual.com\/inicio\/wp-content\/uploads\/2023\/05\/logotextual1.jpg","contentUrl":"https:\/\/diariotextual.com\/inicio\/wp-content\/uploads\/2023\/05\/logotextual1.jpg","width":516,"height":76,"caption":"Diario Textual"},"image":{"@id":"https:\/\/diariotextual.com\/inicio\/#\/schema\/logo\/image\/"},"sameAs":["https:\/\/www.facebook.com\/eltextual","https:\/\/x.com\/eltextual","http:\/\/www.instagram.com\/eltextual"]},{"@type":"Person","@id":"https:\/\/diariotextual.com\/inicio\/#\/schema\/person\/418fc4093c33e86ed41562db3508f958","name":"Diario1 Diario1","image":{"@type":"ImageObject","inLanguage":"es","@id":"https:\/\/secure.gravatar.com\/avatar\/9167d280179c85bc18be67aa7eda765854300033af4896dd779b608640f2ef7a?s=96&d=mm&r=g","url":"https:\/\/secure.gravatar.com\/avatar\/9167d280179c85bc18be67aa7eda765854300033af4896dd779b608640f2ef7a?s=96&d=mm&r=g","contentUrl":"https:\/\/secure.gravatar.com\/avatar\/9167d280179c85bc18be67aa7eda765854300033af4896dd779b608640f2ef7a?s=96&d=mm&r=g","caption":"Diario1 Diario1"},"url":"https:\/\/diariotextual.com\/inicio\/index.php\/author\/diario1\/"}]}},"_links":{"self":[{"href":"https:\/\/diariotextual.com\/inicio\/index.php\/wp-json\/wp\/v2\/posts\/246278","targetHints":{"allow":["GET"]}}],"collection":[{"href":"https:\/\/diariotextual.com\/inicio\/index.php\/wp-json\/wp\/v2\/posts"}],"about":[{"href":"https:\/\/diariotextual.com\/inicio\/index.php\/wp-json\/wp\/v2\/types\/post"}],"author":[{"embeddable":true,"href":"https:\/\/diariotextual.com\/inicio\/index.php\/wp-json\/wp\/v2\/users\/3"}],"replies":[{"embeddable":true,"href":"https:\/\/diariotextual.com\/inicio\/index.php\/wp-json\/wp\/v2\/comments?post=246278"}],"version-history":[{"count":2,"href":"https:\/\/diariotextual.com\/inicio\/index.php\/wp-json\/wp\/v2\/posts\/246278\/revisions"}],"predecessor-version":[{"id":246281,"href":"https:\/\/diariotextual.com\/inicio\/index.php\/wp-json\/wp\/v2\/posts\/246278\/revisions\/246281"}],"wp:featuredmedia":[{"embeddable":true,"href":"https:\/\/diariotextual.com\/inicio\/index.php\/wp-json\/wp\/v2\/media\/83146"}],"wp:attachment":[{"href":"https:\/\/diariotextual.com\/inicio\/index.php\/wp-json\/wp\/v2\/media?parent=246278"}],"wp:term":[{"taxonomy":"category","embeddable":true,"href":"https:\/\/diariotextual.com\/inicio\/index.php\/wp-json\/wp\/v2\/categories?post=246278"},{"taxonomy":"post_tag","embeddable":true,"href":"https:\/\/diariotextual.com\/inicio\/index.php\/wp-json\/wp\/v2\/tags?post=246278"}],"curies":[{"name":"wp","href":"https:\/\/api.w.org\/{rel}","templated":true}]}}