{"id":246404,"date":"2023-12-01T20:31:22","date_gmt":"2023-12-01T23:31:22","guid":{"rendered":"https:\/\/diariotextual.com\/inicio\/?p=246404"},"modified":"2023-12-01T20:31:24","modified_gmt":"2023-12-01T23:31:24","slug":"gimnasia-gano-se-queda-en-la-a-y-colon-descendio-a-primera-nacional","status":"publish","type":"post","link":"https:\/\/diariotextual.com\/inicio\/index.php\/2023\/12\/01\/gimnasia-gano-se-queda-en-la-a-y-colon-descendio-a-primera-nacional\/","title":{"rendered":"Gimnasia gan\u00f3, se queda en la \u00abA\u00bb y Col\u00f3n descendi\u00f3 a Primera Nacional"},"content":{"rendered":"\n<p>Gimnasia y Esgrima La Plata derrot\u00f3 este viernes a Col\u00f3n de Santa Fe por 1-0 en Rosario y se qued\u00f3 con el \u00faltimo lugar que la Liga Profesional guardaba para quien ganara el partido desempate, lo que conden\u00f3 al descenso a un \u00abSabalero\u00bb que en la pr\u00f3xima temporada jugar\u00e1 en la Primera Nacional.<\/p>\n\n\n\n<p>El \u00fanico gol del dram\u00e1tico partido que se jug\u00f3 en la cancha de Newell&#8217;s lo marc\u00f3 el volante izquierdo Nicol\u00e1s Colazo a los 42 minutos del primer tiempo. Fue el tanto que marc\u00f3 el descenso de Col\u00f3n tras su ascenso logrado en 2014.<\/p>\n\n\n\n<p>Gimnasia festej\u00f3 a lo grande en el Parque Independencia de Rosario y la temporada 2024 lo encontrar\u00e1 en la Liga Profesional. Col\u00f3n fue todo sufrimiento en el final de una temporada para el olvido que confirma que ning\u00fan equipo desciende por un solo partido. El a\u00f1o pr\u00f3ximo lo espera el dur\u00edsimo torneo de la Primera Nacional.<\/p>\n","protected":false},"excerpt":{"rendered":"<p>Gimnasia y Esgrima La Plata derrot\u00f3 este viernes a Col\u00f3n de Santa Fe por 1-0 en Rosario y se qued\u00f3 con el \u00faltimo lugar que la Liga Profesional guardaba para&hellip;<\/p>\n","protected":false},"author":5,"featured_media":246405,"comment_status":"closed","ping_status":"open","sticky":false,"template":"","format":"standard","meta":{"_acf_changed":false,"footnotes":""},"categories":[1,3],"tags":[37],"class_list":["post-246404","post","type-post","status-publish","format-standard","has-post-thumbnail","hentry","category-es-noticia","category-deportes","tag-futbol"],"acf":[],"yoast_head":"<!-- This site is optimized with the Yoast SEO plugin v27.5 - https:\/\/yoast.com\/product\/yoast-seo-wordpress\/ -->\n<title>Gimnasia gan\u00f3, se queda en la &quot;A&quot; y Col\u00f3n descendi\u00f3 a Primera Nacional - Diario Textual<\/title>\n<meta name=\"robots\" content=\"index, follow, max-snippet:-1, max-image-preview:large, max-video-preview:-1\" \/>\n<link rel=\"canonical\" href=\"https:\/\/diariotextual.com\/inicio\/index.php\/2023\/12\/01\/gimnasia-gano-se-queda-en-la-a-y-colon-descendio-a-primera-nacional\/\" \/>\n<meta property=\"og:locale\" content=\"es_ES\" \/>\n<meta property=\"og:type\" content=\"article\" \/>\n<meta property=\"og:title\" content=\"Gimnasia gan\u00f3, se queda en la &quot;A&quot; y Col\u00f3n descendi\u00f3 a Primera Nacional - Diario Textual\" \/>\n<meta property=\"og:description\" content=\"Gimnasia y Esgrima La Plata derrot\u00f3 este viernes a Col\u00f3n de Santa Fe por 1-0 en Rosario y se qued\u00f3 con el \u00faltimo lugar que la Liga Profesional guardaba para&hellip;\" \/>\n<meta property=\"og:url\" content=\"https:\/\/diariotextual.com\/inicio\/index.php\/2023\/12\/01\/gimnasia-gano-se-queda-en-la-a-y-colon-descendio-a-primera-nacional\/\" \/>\n<meta property=\"og:site_name\" content=\"Diario Textual\" \/>\n<meta property=\"article:publisher\" content=\"https:\/\/www.facebook.com\/eltextual\" \/>\n<meta property=\"article:published_time\" content=\"2023-12-01T23:31:22+00:00\" \/>\n<meta property=\"article:modified_time\" content=\"2023-12-01T23:31:24+00:00\" \/>\n<meta property=\"og:image\" content=\"https:\/\/diariotextual.com\/inicio\/wp-content\/uploads\/2023\/12\/gimnasialaplata2023.jpg\" \/>\n\t<meta property=\"og:image:width\" content=\"900\" \/>\n\t<meta property=\"og:image:height\" content=\"506\" \/>\n\t<meta property=\"og:image:type\" content=\"image\/jpeg\" \/>\n<meta name=\"author\" content=\"diario3\" \/>\n<meta name=\"twitter:card\" content=\"summary_large_image\" \/>\n<meta name=\"twitter:creator\" content=\"@eltextual\" \/>\n<meta name=\"twitter:site\" content=\"@eltextual\" \/>\n<meta name=\"twitter:label1\" content=\"Escrito por\" \/>\n\t<meta name=\"twitter:data1\" content=\"diario3\" \/>\n\t<meta name=\"twitter:label2\" content=\"Tiempo de lectura\" \/>\n\t<meta name=\"twitter:data2\" content=\"1 minuto\" \/>\n<script type=\"application\/ld+json\" class=\"yoast-schema-graph\">{\"@context\":\"https:\\\/\\\/schema.org\",\"@graph\":[{\"@type\":\"Article\",\"@id\":\"https:\\\/\\\/diariotextual.com\\\/inicio\\\/index.php\\\/2023\\\/12\\\/01\\\/gimnasia-gano-se-queda-en-la-a-y-colon-descendio-a-primera-nacional\\\/#article\",\"isPartOf\":{\"@id\":\"https:\\\/\\\/diariotextual.com\\\/inicio\\\/index.php\\\/2023\\\/12\\\/01\\\/gimnasia-gano-se-queda-en-la-a-y-colon-descendio-a-primera-nacional\\\/\"},\"author\":{\"name\":\"diario3\",\"@id\":\"https:\\\/\\\/diariotextual.com\\\/inicio\\\/#\\\/schema\\\/person\\\/a1b6f563e0ee944c60f98119389a4d9f\"},\"headline\":\"Gimnasia gan\u00f3, se queda en la \u00abA\u00bb y Col\u00f3n descendi\u00f3 a Primera Nacional\",\"datePublished\":\"2023-12-01T23:31:22+00:00\",\"dateModified\":\"2023-12-01T23:31:24+00:00\",\"mainEntityOfPage\":{\"@id\":\"https:\\\/\\\/diariotextual.com\\\/inicio\\\/index.php\\\/2023\\\/12\\\/01\\\/gimnasia-gano-se-queda-en-la-a-y-colon-descendio-a-primera-nacional\\\/\"},\"wordCount\":173,\"publisher\":{\"@id\":\"https:\\\/\\\/diariotextual.com\\\/inicio\\\/#organization\"},\"image\":{\"@id\":\"https:\\\/\\\/diariotextual.com\\\/inicio\\\/index.php\\\/2023\\\/12\\\/01\\\/gimnasia-gano-se-queda-en-la-a-y-colon-descendio-a-primera-nacional\\\/#primaryimage\"},\"thumbnailUrl\":\"https:\\\/\\\/diariotextual.com\\\/inicio\\\/wp-content\\\/uploads\\\/2023\\\/12\\\/gimnasialaplata2023.jpg\",\"keywords\":[\"futbol\"],\"articleSection\":[\"A - ES NOTICIA (van abajo)\",\"DEPORTES\"],\"inLanguage\":\"es\"},{\"@type\":\"WebPage\",\"@id\":\"https:\\\/\\\/diariotextual.com\\\/inicio\\\/index.php\\\/2023\\\/12\\\/01\\\/gimnasia-gano-se-queda-en-la-a-y-colon-descendio-a-primera-nacional\\\/\",\"url\":\"https:\\\/\\\/diariotextual.com\\\/inicio\\\/index.php\\\/2023\\\/12\\\/01\\\/gimnasia-gano-se-queda-en-la-a-y-colon-descendio-a-primera-nacional\\\/\",\"name\":\"Gimnasia gan\u00f3, se queda en la \\\"A\\\" y Col\u00f3n descendi\u00f3 a Primera Nacional - Diario Textual\",\"isPartOf\":{\"@id\":\"https:\\\/\\\/diariotextual.com\\\/inicio\\\/#website\"},\"primaryImageOfPage\":{\"@id\":\"https:\\\/\\\/diariotextual.com\\\/inicio\\\/index.php\\\/2023\\\/12\\\/01\\\/gimnasia-gano-se-queda-en-la-a-y-colon-descendio-a-primera-nacional\\\/#primaryimage\"},\"image\":{\"@id\":\"https:\\\/\\\/diariotextual.com\\\/inicio\\\/index.php\\\/2023\\\/12\\\/01\\\/gimnasia-gano-se-queda-en-la-a-y-colon-descendio-a-primera-nacional\\\/#primaryimage\"},\"thumbnailUrl\":\"https:\\\/\\\/diariotextual.com\\\/inicio\\\/wp-content\\\/uploads\\\/2023\\\/12\\\/gimnasialaplata2023.jpg\",\"datePublished\":\"2023-12-01T23:31:22+00:00\",\"dateModified\":\"2023-12-01T23:31:24+00:00\",\"breadcrumb\":{\"@id\":\"https:\\\/\\\/diariotextual.com\\\/inicio\\\/index.php\\\/2023\\\/12\\\/01\\\/gimnasia-gano-se-queda-en-la-a-y-colon-descendio-a-primera-nacional\\\/#breadcrumb\"},\"inLanguage\":\"es\",\"potentialAction\":[{\"@type\":\"ReadAction\",\"target\":[\"https:\\\/\\\/diariotextual.com\\\/inicio\\\/index.php\\\/2023\\\/12\\\/01\\\/gimnasia-gano-se-queda-en-la-a-y-colon-descendio-a-primera-nacional\\\/\"]}]},{\"@type\":\"ImageObject\",\"inLanguage\":\"es\",\"@id\":\"https:\\\/\\\/diariotextual.com\\\/inicio\\\/index.php\\\/2023\\\/12\\\/01\\\/gimnasia-gano-se-queda-en-la-a-y-colon-descendio-a-primera-nacional\\\/#primaryimage\",\"url\":\"https:\\\/\\\/diariotextual.com\\\/inicio\\\/wp-content\\\/uploads\\\/2023\\\/12\\\/gimnasialaplata2023.jpg\",\"contentUrl\":\"https:\\\/\\\/diariotextual.com\\\/inicio\\\/wp-content\\\/uploads\\\/2023\\\/12\\\/gimnasialaplata2023.jpg\",\"width\":900,\"height\":506},{\"@type\":\"BreadcrumbList\",\"@id\":\"https:\\\/\\\/diariotextual.com\\\/inicio\\\/index.php\\\/2023\\\/12\\\/01\\\/gimnasia-gano-se-queda-en-la-a-y-colon-descendio-a-primera-nacional\\\/#breadcrumb\",\"itemListElement\":[{\"@type\":\"ListItem\",\"position\":1,\"name\":\"Portada\",\"item\":\"https:\\\/\\\/diariotextual.com\\\/inicio\\\/\"},{\"@type\":\"ListItem\",\"position\":2,\"name\":\"Gimnasia gan\u00f3, se queda en la \u00abA\u00bb y Col\u00f3n descendi\u00f3 a Primera Nacional\"}]},{\"@type\":\"WebSite\",\"@id\":\"https:\\\/\\\/diariotextual.com\\\/inicio\\\/#website\",\"url\":\"https:\\\/\\\/diariotextual.com\\\/inicio\\\/\",\"name\":\"Diario Textual\",\"description\":\"\",\"publisher\":{\"@id\":\"https:\\\/\\\/diariotextual.com\\\/inicio\\\/#organization\"},\"potentialAction\":[{\"@type\":\"SearchAction\",\"target\":{\"@type\":\"EntryPoint\",\"urlTemplate\":\"https:\\\/\\\/diariotextual.com\\\/inicio\\\/?s={search_term_string}\"},\"query-input\":{\"@type\":\"PropertyValueSpecification\",\"valueRequired\":true,\"valueName\":\"search_term_string\"}}],\"inLanguage\":\"es\"},{\"@type\":\"Organization\",\"@id\":\"https:\\\/\\\/diariotextual.com\\\/inicio\\\/#organization\",\"name\":\"Diario Textual\",\"url\":\"https:\\\/\\\/diariotextual.com\\\/inicio\\\/\",\"logo\":{\"@type\":\"ImageObject\",\"inLanguage\":\"es\",\"@id\":\"https:\\\/\\\/diariotextual.com\\\/inicio\\\/#\\\/schema\\\/logo\\\/image\\\/\",\"url\":\"https:\\\/\\\/diariotextual.com\\\/inicio\\\/wp-content\\\/uploads\\\/2023\\\/05\\\/logotextual1.jpg\",\"contentUrl\":\"https:\\\/\\\/diariotextual.com\\\/inicio\\\/wp-content\\\/uploads\\\/2023\\\/05\\\/logotextual1.jpg\",\"width\":516,\"height\":76,\"caption\":\"Diario Textual\"},\"image\":{\"@id\":\"https:\\\/\\\/diariotextual.com\\\/inicio\\\/#\\\/schema\\\/logo\\\/image\\\/\"},\"sameAs\":[\"https:\\\/\\\/www.facebook.com\\\/eltextual\",\"https:\\\/\\\/x.com\\\/eltextual\",\"http:\\\/\\\/www.instagram.com\\\/eltextual\"]},{\"@type\":\"Person\",\"@id\":\"https:\\\/\\\/diariotextual.com\\\/inicio\\\/#\\\/schema\\\/person\\\/a1b6f563e0ee944c60f98119389a4d9f\",\"name\":\"diario3\",\"image\":{\"@type\":\"ImageObject\",\"inLanguage\":\"es\",\"@id\":\"https:\\\/\\\/secure.gravatar.com\\\/avatar\\\/5e7ee62c82fc04d9dd79d746a390d93c69c43223e5faeeb3ea9461ef752bfc5d?s=96&d=mm&r=g\",\"url\":\"https:\\\/\\\/secure.gravatar.com\\\/avatar\\\/5e7ee62c82fc04d9dd79d746a390d93c69c43223e5faeeb3ea9461ef752bfc5d?s=96&d=mm&r=g\",\"contentUrl\":\"https:\\\/\\\/secure.gravatar.com\\\/avatar\\\/5e7ee62c82fc04d9dd79d746a390d93c69c43223e5faeeb3ea9461ef752bfc5d?s=96&d=mm&r=g\",\"caption\":\"diario3\"},\"url\":\"https:\\\/\\\/diariotextual.com\\\/inicio\\\/index.php\\\/author\\\/diario3\\\/\"}]}<\/script>\n<!-- \/ Yoast SEO plugin. -->","yoast_head_json":{"title":"Gimnasia gan\u00f3, se queda en la \"A\" y Col\u00f3n descendi\u00f3 a Primera Nacional - Diario Textual","robots":{"index":"index","follow":"follow","max-snippet":"max-snippet:-1","max-image-preview":"max-image-preview:large","max-video-preview":"max-video-preview:-1"},"canonical":"https:\/\/diariotextual.com\/inicio\/index.php\/2023\/12\/01\/gimnasia-gano-se-queda-en-la-a-y-colon-descendio-a-primera-nacional\/","og_locale":"es_ES","og_type":"article","og_title":"Gimnasia gan\u00f3, se queda en la \"A\" y Col\u00f3n descendi\u00f3 a Primera Nacional - Diario Textual","og_description":"Gimnasia y Esgrima La Plata derrot\u00f3 este viernes a Col\u00f3n de Santa Fe por 1-0 en Rosario y se qued\u00f3 con el \u00faltimo lugar que la Liga Profesional guardaba para&hellip;","og_url":"https:\/\/diariotextual.com\/inicio\/index.php\/2023\/12\/01\/gimnasia-gano-se-queda-en-la-a-y-colon-descendio-a-primera-nacional\/","og_site_name":"Diario Textual","article_publisher":"https:\/\/www.facebook.com\/eltextual","article_published_time":"2023-12-01T23:31:22+00:00","article_modified_time":"2023-12-01T23:31:24+00:00","og_image":[{"width":900,"height":506,"url":"https:\/\/diariotextual.com\/inicio\/wp-content\/uploads\/2023\/12\/gimnasialaplata2023.jpg","type":"image\/jpeg"}],"author":"diario3","twitter_card":"summary_large_image","twitter_creator":"@eltextual","twitter_site":"@eltextual","twitter_misc":{"Escrito por":"diario3","Tiempo de lectura":"1 minuto"},"schema":{"@context":"https:\/\/schema.org","@graph":[{"@type":"Article","@id":"https:\/\/diariotextual.com\/inicio\/index.php\/2023\/12\/01\/gimnasia-gano-se-queda-en-la-a-y-colon-descendio-a-primera-nacional\/#article","isPartOf":{"@id":"https:\/\/diariotextual.com\/inicio\/index.php\/2023\/12\/01\/gimnasia-gano-se-queda-en-la-a-y-colon-descendio-a-primera-nacional\/"},"author":{"name":"diario3","@id":"https:\/\/diariotextual.com\/inicio\/#\/schema\/person\/a1b6f563e0ee944c60f98119389a4d9f"},"headline":"Gimnasia gan\u00f3, se queda en la \u00abA\u00bb y Col\u00f3n descendi\u00f3 a Primera Nacional","datePublished":"2023-12-01T23:31:22+00:00","dateModified":"2023-12-01T23:31:24+00:00","mainEntityOfPage":{"@id":"https:\/\/diariotextual.com\/inicio\/index.php\/2023\/12\/01\/gimnasia-gano-se-queda-en-la-a-y-colon-descendio-a-primera-nacional\/"},"wordCount":173,"publisher":{"@id":"https:\/\/diariotextual.com\/inicio\/#organization"},"image":{"@id":"https:\/\/diariotextual.com\/inicio\/index.php\/2023\/12\/01\/gimnasia-gano-se-queda-en-la-a-y-colon-descendio-a-primera-nacional\/#primaryimage"},"thumbnailUrl":"https:\/\/diariotextual.com\/inicio\/wp-content\/uploads\/2023\/12\/gimnasialaplata2023.jpg","keywords":["futbol"],"articleSection":["A - ES NOTICIA (van abajo)","DEPORTES"],"inLanguage":"es"},{"@type":"WebPage","@id":"https:\/\/diariotextual.com\/inicio\/index.php\/2023\/12\/01\/gimnasia-gano-se-queda-en-la-a-y-colon-descendio-a-primera-nacional\/","url":"https:\/\/diariotextual.com\/inicio\/index.php\/2023\/12\/01\/gimnasia-gano-se-queda-en-la-a-y-colon-descendio-a-primera-nacional\/","name":"Gimnasia gan\u00f3, se queda en la \"A\" y Col\u00f3n descendi\u00f3 a Primera Nacional - Diario Textual","isPartOf":{"@id":"https:\/\/diariotextual.com\/inicio\/#website"},"primaryImageOfPage":{"@id":"https:\/\/diariotextual.com\/inicio\/index.php\/2023\/12\/01\/gimnasia-gano-se-queda-en-la-a-y-colon-descendio-a-primera-nacional\/#primaryimage"},"image":{"@id":"https:\/\/diariotextual.com\/inicio\/index.php\/2023\/12\/01\/gimnasia-gano-se-queda-en-la-a-y-colon-descendio-a-primera-nacional\/#primaryimage"},"thumbnailUrl":"https:\/\/diariotextual.com\/inicio\/wp-content\/uploads\/2023\/12\/gimnasialaplata2023.jpg","datePublished":"2023-12-01T23:31:22+00:00","dateModified":"2023-12-01T23:31:24+00:00","breadcrumb":{"@id":"https:\/\/diariotextual.com\/inicio\/index.php\/2023\/12\/01\/gimnasia-gano-se-queda-en-la-a-y-colon-descendio-a-primera-nacional\/#breadcrumb"},"inLanguage":"es","potentialAction":[{"@type":"ReadAction","target":["https:\/\/diariotextual.com\/inicio\/index.php\/2023\/12\/01\/gimnasia-gano-se-queda-en-la-a-y-colon-descendio-a-primera-nacional\/"]}]},{"@type":"ImageObject","inLanguage":"es","@id":"https:\/\/diariotextual.com\/inicio\/index.php\/2023\/12\/01\/gimnasia-gano-se-queda-en-la-a-y-colon-descendio-a-primera-nacional\/#primaryimage","url":"https:\/\/diariotextual.com\/inicio\/wp-content\/uploads\/2023\/12\/gimnasialaplata2023.jpg","contentUrl":"https:\/\/diariotextual.com\/inicio\/wp-content\/uploads\/2023\/12\/gimnasialaplata2023.jpg","width":900,"height":506},{"@type":"BreadcrumbList","@id":"https:\/\/diariotextual.com\/inicio\/index.php\/2023\/12\/01\/gimnasia-gano-se-queda-en-la-a-y-colon-descendio-a-primera-nacional\/#breadcrumb","itemListElement":[{"@type":"ListItem","position":1,"name":"Portada","item":"https:\/\/diariotextual.com\/inicio\/"},{"@type":"ListItem","position":2,"name":"Gimnasia gan\u00f3, se queda en la \u00abA\u00bb y Col\u00f3n descendi\u00f3 a Primera Nacional"}]},{"@type":"WebSite","@id":"https:\/\/diariotextual.com\/inicio\/#website","url":"https:\/\/diariotextual.com\/inicio\/","name":"Diario Textual","description":"","publisher":{"@id":"https:\/\/diariotextual.com\/inicio\/#organization"},"potentialAction":[{"@type":"SearchAction","target":{"@type":"EntryPoint","urlTemplate":"https:\/\/diariotextual.com\/inicio\/?s={search_term_string}"},"query-input":{"@type":"PropertyValueSpecification","valueRequired":true,"valueName":"search_term_string"}}],"inLanguage":"es"},{"@type":"Organization","@id":"https:\/\/diariotextual.com\/inicio\/#organization","name":"Diario Textual","url":"https:\/\/diariotextual.com\/inicio\/","logo":{"@type":"ImageObject","inLanguage":"es","@id":"https:\/\/diariotextual.com\/inicio\/#\/schema\/logo\/image\/","url":"https:\/\/diariotextual.com\/inicio\/wp-content\/uploads\/2023\/05\/logotextual1.jpg","contentUrl":"https:\/\/diariotextual.com\/inicio\/wp-content\/uploads\/2023\/05\/logotextual1.jpg","width":516,"height":76,"caption":"Diario Textual"},"image":{"@id":"https:\/\/diariotextual.com\/inicio\/#\/schema\/logo\/image\/"},"sameAs":["https:\/\/www.facebook.com\/eltextual","https:\/\/x.com\/eltextual","http:\/\/www.instagram.com\/eltextual"]},{"@type":"Person","@id":"https:\/\/diariotextual.com\/inicio\/#\/schema\/person\/a1b6f563e0ee944c60f98119389a4d9f","name":"diario3","image":{"@type":"ImageObject","inLanguage":"es","@id":"https:\/\/secure.gravatar.com\/avatar\/5e7ee62c82fc04d9dd79d746a390d93c69c43223e5faeeb3ea9461ef752bfc5d?s=96&d=mm&r=g","url":"https:\/\/secure.gravatar.com\/avatar\/5e7ee62c82fc04d9dd79d746a390d93c69c43223e5faeeb3ea9461ef752bfc5d?s=96&d=mm&r=g","contentUrl":"https:\/\/secure.gravatar.com\/avatar\/5e7ee62c82fc04d9dd79d746a390d93c69c43223e5faeeb3ea9461ef752bfc5d?s=96&d=mm&r=g","caption":"diario3"},"url":"https:\/\/diariotextual.com\/inicio\/index.php\/author\/diario3\/"}]}},"_links":{"self":[{"href":"https:\/\/diariotextual.com\/inicio\/index.php\/wp-json\/wp\/v2\/posts\/246404","targetHints":{"allow":["GET"]}}],"collection":[{"href":"https:\/\/diariotextual.com\/inicio\/index.php\/wp-json\/wp\/v2\/posts"}],"about":[{"href":"https:\/\/diariotextual.com\/inicio\/index.php\/wp-json\/wp\/v2\/types\/post"}],"author":[{"embeddable":true,"href":"https:\/\/diariotextual.com\/inicio\/index.php\/wp-json\/wp\/v2\/users\/5"}],"replies":[{"embeddable":true,"href":"https:\/\/diariotextual.com\/inicio\/index.php\/wp-json\/wp\/v2\/comments?post=246404"}],"version-history":[{"count":1,"href":"https:\/\/diariotextual.com\/inicio\/index.php\/wp-json\/wp\/v2\/posts\/246404\/revisions"}],"predecessor-version":[{"id":246406,"href":"https:\/\/diariotextual.com\/inicio\/index.php\/wp-json\/wp\/v2\/posts\/246404\/revisions\/246406"}],"wp:featuredmedia":[{"embeddable":true,"href":"https:\/\/diariotextual.com\/inicio\/index.php\/wp-json\/wp\/v2\/media\/246405"}],"wp:attachment":[{"href":"https:\/\/diariotextual.com\/inicio\/index.php\/wp-json\/wp\/v2\/media?parent=246404"}],"wp:term":[{"taxonomy":"category","embeddable":true,"href":"https:\/\/diariotextual.com\/inicio\/index.php\/wp-json\/wp\/v2\/categories?post=246404"},{"taxonomy":"post_tag","embeddable":true,"href":"https:\/\/diariotextual.com\/inicio\/index.php\/wp-json\/wp\/v2\/tags?post=246404"}],"curies":[{"name":"wp","href":"https:\/\/api.w.org\/{rel}","templated":true}]}}