{"id":246407,"date":"2023-12-01T20:37:48","date_gmt":"2023-12-01T23:37:48","guid":{"rendered":"https:\/\/diariotextual.com\/inicio\/?p=246407"},"modified":"2023-12-02T10:28:30","modified_gmt":"2023-12-02T13:28:30","slug":"martin-menem-el-favorito-de-milei-para-presidir-la-camara-de-diputados","status":"publish","type":"post","link":"https:\/\/diariotextual.com\/inicio\/index.php\/2023\/12\/01\/martin-menem-el-favorito-de-milei-para-presidir-la-camara-de-diputados\/","title":{"rendered":"Mart\u00edn Menem, el favorito de Milei para presidir la C\u00e1mara de Diputados"},"content":{"rendered":"\n<p>El <strong>diputado nacional electo de La Rioja por La Libertad Avanza Mart\u00edn Menem<\/strong> es por estas horas el favorito del presidente electo Javier Milei para presidir la C\u00e1mara baja.<\/p>\n\n\n\n<p>Si bien no se ha confirmado por las v\u00edas oficiales de LLA, <strong>el sobrino del fallecido presidente Carlos Menem lleva la delantera en la puja por comandar Diputados a partir del 10 de diciembre.<\/strong><\/p>\n\n\n\n<p>Seg\u00fan supo Noticias Argentinas, la decisi\u00f3n de Milei podr\u00eda oficializarse en las pr\u00f3ximas horas, d\u00edas antes de la jura de los legisladores electos.<\/p>\n\n\n\n<p><strong>Menem hab\u00eda sido candidato a gobernador de La Rioja este a\u00f1o<\/strong>, ubic\u00e1ndose en el tercer puesto provincial.<\/p>\n\n\n\n<p>En tanto, <strong>queda pendiente tambi\u00e9n la definici\u00f3n sobre qui\u00e9n se har\u00e1 cargo de la presidencia del bloque de diputados nacionales<\/strong>, que contar\u00e1 con 38 integrantes.<\/p>\n\n\n\n<p>De esta forma, el <strong>presidente electo se defini\u00f3 por un integrante de La Libertad Avanza para ocupar el tercer puesto en la l\u00ednea de sucesi\u00f3n presidencial.<\/strong><\/p>\n\n\n\n<p>Ese cargo era codiciado por el diputado nacional del PRO por la provincia de Buenos Aires Cristian Ritondo, quien contaba con el respaldo del ex mandatario Mauricio Macri.<\/p>\n\n\n\n<p>Este viernes Milei a trav\u00e9s de su Oficina de prensa confirm\u00f3 a la titular del PRO, Patricia Bullrich, como su pr\u00f3xima ministra de Seguridad, pero en el entorno de Macri aseguran que esa designaci\u00f3n fue negociada por la ex funcionara a t\u00edtulo personal.<\/p>\n\n\n\n<p>La Presidencia de la C\u00e1mara Baja para Ritondo era uno de los lugares que hab\u00eda reclamado Macri, no as\u00ed el Ministerio de Seguridad.<\/p>\n\n\n\n<p>Otro que tambi\u00e9n quedar\u00eda afuera de la puja de confirmarse la designaci\u00f3n de Mart\u00edn Menem es el diputado nacional bonaerense Florencio Randazzo, cercano al gobernador de C\u00f3rdoba, Juan Schiaretti.<\/p>\n\n\n\n<p>En las \u00faltimas horas comenz\u00f3 a fortalecerse dentro de La Libertad Avanza el reclamo para que la Presidencia de Diputados fuera ocupada por un legislador propio, m\u00e1s all\u00e1 de la nula experiencia en el Congreso que tienen algunos de los elegidos en las elecciones del 22 de octubre pasado.<\/p>\n","protected":false},"excerpt":{"rendered":"<p>El diputado nacional electo de La Rioja por La Libertad Avanza Mart\u00edn Menem es por estas horas el favorito del presidente electo Javier Milei para presidir la C\u00e1mara baja. Si&hellip;<\/p>\n","protected":false},"author":5,"featured_media":246408,"comment_status":"closed","ping_status":"open","sticky":false,"template":"","format":"standard","meta":{"_acf_changed":false,"footnotes":""},"categories":[8],"tags":[446,4637,6313],"class_list":["post-246407","post","type-post","status-publish","format-standard","has-post-thumbnail","hentry","category-politica","tag-diputados","tag-menem","tag-milei"],"acf":[],"yoast_head":"<!-- This site is optimized with the Yoast SEO plugin v27.5 - https:\/\/yoast.com\/product\/yoast-seo-wordpress\/ -->\n<title>Mart\u00edn Menem, el favorito de Milei para presidir la C\u00e1mara de Diputados - Diario Textual<\/title>\n<meta name=\"robots\" content=\"index, follow, max-snippet:-1, max-image-preview:large, max-video-preview:-1\" \/>\n<link rel=\"canonical\" href=\"https:\/\/diariotextual.com\/inicio\/index.php\/2023\/12\/01\/martin-menem-el-favorito-de-milei-para-presidir-la-camara-de-diputados\/\" \/>\n<meta property=\"og:locale\" content=\"es_ES\" \/>\n<meta property=\"og:type\" content=\"article\" \/>\n<meta property=\"og:title\" content=\"Mart\u00edn Menem, el favorito de Milei para presidir la C\u00e1mara de Diputados - Diario Textual\" \/>\n<meta property=\"og:description\" content=\"El diputado nacional electo de La Rioja por La Libertad Avanza Mart\u00edn Menem es por estas horas el favorito del presidente electo Javier Milei para presidir la C\u00e1mara baja. Si&hellip;\" \/>\n<meta property=\"og:url\" content=\"https:\/\/diariotextual.com\/inicio\/index.php\/2023\/12\/01\/martin-menem-el-favorito-de-milei-para-presidir-la-camara-de-diputados\/\" \/>\n<meta property=\"og:site_name\" content=\"Diario Textual\" \/>\n<meta property=\"article:publisher\" content=\"https:\/\/www.facebook.com\/eltextual\" \/>\n<meta property=\"article:published_time\" content=\"2023-12-01T23:37:48+00:00\" \/>\n<meta property=\"article:modified_time\" content=\"2023-12-02T13:28:30+00:00\" \/>\n<meta property=\"og:image\" content=\"https:\/\/diariotextual.com\/inicio\/wp-content\/uploads\/2023\/12\/menemmartinjaviermilei2023.jpg\" \/>\n\t<meta property=\"og:image:width\" content=\"900\" \/>\n\t<meta property=\"og:image:height\" content=\"486\" \/>\n\t<meta property=\"og:image:type\" content=\"image\/jpeg\" \/>\n<meta name=\"author\" content=\"diario3\" \/>\n<meta name=\"twitter:card\" content=\"summary_large_image\" \/>\n<meta name=\"twitter:creator\" content=\"@eltextual\" \/>\n<meta name=\"twitter:site\" content=\"@eltextual\" \/>\n<meta name=\"twitter:label1\" content=\"Escrito por\" \/>\n\t<meta name=\"twitter:data1\" content=\"diario3\" \/>\n\t<meta name=\"twitter:label2\" content=\"Tiempo de lectura\" \/>\n\t<meta name=\"twitter:data2\" content=\"2 minutos\" \/>\n<script type=\"application\/ld+json\" class=\"yoast-schema-graph\">{\"@context\":\"https:\\\/\\\/schema.org\",\"@graph\":[{\"@type\":\"Article\",\"@id\":\"https:\\\/\\\/diariotextual.com\\\/inicio\\\/index.php\\\/2023\\\/12\\\/01\\\/martin-menem-el-favorito-de-milei-para-presidir-la-camara-de-diputados\\\/#article\",\"isPartOf\":{\"@id\":\"https:\\\/\\\/diariotextual.com\\\/inicio\\\/index.php\\\/2023\\\/12\\\/01\\\/martin-menem-el-favorito-de-milei-para-presidir-la-camara-de-diputados\\\/\"},\"author\":{\"name\":\"diario3\",\"@id\":\"https:\\\/\\\/diariotextual.com\\\/inicio\\\/#\\\/schema\\\/person\\\/a1b6f563e0ee944c60f98119389a4d9f\"},\"headline\":\"Mart\u00edn Menem, el favorito de Milei para presidir la C\u00e1mara de Diputados\",\"datePublished\":\"2023-12-01T23:37:48+00:00\",\"dateModified\":\"2023-12-02T13:28:30+00:00\",\"mainEntityOfPage\":{\"@id\":\"https:\\\/\\\/diariotextual.com\\\/inicio\\\/index.php\\\/2023\\\/12\\\/01\\\/martin-menem-el-favorito-de-milei-para-presidir-la-camara-de-diputados\\\/\"},\"wordCount\":365,\"publisher\":{\"@id\":\"https:\\\/\\\/diariotextual.com\\\/inicio\\\/#organization\"},\"image\":{\"@id\":\"https:\\\/\\\/diariotextual.com\\\/inicio\\\/index.php\\\/2023\\\/12\\\/01\\\/martin-menem-el-favorito-de-milei-para-presidir-la-camara-de-diputados\\\/#primaryimage\"},\"thumbnailUrl\":\"https:\\\/\\\/diariotextual.com\\\/inicio\\\/wp-content\\\/uploads\\\/2023\\\/12\\\/menemmartinjaviermilei2023.jpg\",\"keywords\":[\"diputados\",\"menem\",\"milei\"],\"articleSection\":[\"POLITICA\"],\"inLanguage\":\"es\"},{\"@type\":\"WebPage\",\"@id\":\"https:\\\/\\\/diariotextual.com\\\/inicio\\\/index.php\\\/2023\\\/12\\\/01\\\/martin-menem-el-favorito-de-milei-para-presidir-la-camara-de-diputados\\\/\",\"url\":\"https:\\\/\\\/diariotextual.com\\\/inicio\\\/index.php\\\/2023\\\/12\\\/01\\\/martin-menem-el-favorito-de-milei-para-presidir-la-camara-de-diputados\\\/\",\"name\":\"Mart\u00edn Menem, el favorito de Milei para presidir la C\u00e1mara de Diputados - Diario Textual\",\"isPartOf\":{\"@id\":\"https:\\\/\\\/diariotextual.com\\\/inicio\\\/#website\"},\"primaryImageOfPage\":{\"@id\":\"https:\\\/\\\/diariotextual.com\\\/inicio\\\/index.php\\\/2023\\\/12\\\/01\\\/martin-menem-el-favorito-de-milei-para-presidir-la-camara-de-diputados\\\/#primaryimage\"},\"image\":{\"@id\":\"https:\\\/\\\/diariotextual.com\\\/inicio\\\/index.php\\\/2023\\\/12\\\/01\\\/martin-menem-el-favorito-de-milei-para-presidir-la-camara-de-diputados\\\/#primaryimage\"},\"thumbnailUrl\":\"https:\\\/\\\/diariotextual.com\\\/inicio\\\/wp-content\\\/uploads\\\/2023\\\/12\\\/menemmartinjaviermilei2023.jpg\",\"datePublished\":\"2023-12-01T23:37:48+00:00\",\"dateModified\":\"2023-12-02T13:28:30+00:00\",\"breadcrumb\":{\"@id\":\"https:\\\/\\\/diariotextual.com\\\/inicio\\\/index.php\\\/2023\\\/12\\\/01\\\/martin-menem-el-favorito-de-milei-para-presidir-la-camara-de-diputados\\\/#breadcrumb\"},\"inLanguage\":\"es\",\"potentialAction\":[{\"@type\":\"ReadAction\",\"target\":[\"https:\\\/\\\/diariotextual.com\\\/inicio\\\/index.php\\\/2023\\\/12\\\/01\\\/martin-menem-el-favorito-de-milei-para-presidir-la-camara-de-diputados\\\/\"]}]},{\"@type\":\"ImageObject\",\"inLanguage\":\"es\",\"@id\":\"https:\\\/\\\/diariotextual.com\\\/inicio\\\/index.php\\\/2023\\\/12\\\/01\\\/martin-menem-el-favorito-de-milei-para-presidir-la-camara-de-diputados\\\/#primaryimage\",\"url\":\"https:\\\/\\\/diariotextual.com\\\/inicio\\\/wp-content\\\/uploads\\\/2023\\\/12\\\/menemmartinjaviermilei2023.jpg\",\"contentUrl\":\"https:\\\/\\\/diariotextual.com\\\/inicio\\\/wp-content\\\/uploads\\\/2023\\\/12\\\/menemmartinjaviermilei2023.jpg\",\"width\":900,\"height\":486},{\"@type\":\"BreadcrumbList\",\"@id\":\"https:\\\/\\\/diariotextual.com\\\/inicio\\\/index.php\\\/2023\\\/12\\\/01\\\/martin-menem-el-favorito-de-milei-para-presidir-la-camara-de-diputados\\\/#breadcrumb\",\"itemListElement\":[{\"@type\":\"ListItem\",\"position\":1,\"name\":\"Portada\",\"item\":\"https:\\\/\\\/diariotextual.com\\\/inicio\\\/\"},{\"@type\":\"ListItem\",\"position\":2,\"name\":\"Mart\u00edn Menem, el favorito de Milei para presidir la C\u00e1mara de Diputados\"}]},{\"@type\":\"WebSite\",\"@id\":\"https:\\\/\\\/diariotextual.com\\\/inicio\\\/#website\",\"url\":\"https:\\\/\\\/diariotextual.com\\\/inicio\\\/\",\"name\":\"Diario Textual\",\"description\":\"\",\"publisher\":{\"@id\":\"https:\\\/\\\/diariotextual.com\\\/inicio\\\/#organization\"},\"potentialAction\":[{\"@type\":\"SearchAction\",\"target\":{\"@type\":\"EntryPoint\",\"urlTemplate\":\"https:\\\/\\\/diariotextual.com\\\/inicio\\\/?s={search_term_string}\"},\"query-input\":{\"@type\":\"PropertyValueSpecification\",\"valueRequired\":true,\"valueName\":\"search_term_string\"}}],\"inLanguage\":\"es\"},{\"@type\":\"Organization\",\"@id\":\"https:\\\/\\\/diariotextual.com\\\/inicio\\\/#organization\",\"name\":\"Diario Textual\",\"url\":\"https:\\\/\\\/diariotextual.com\\\/inicio\\\/\",\"logo\":{\"@type\":\"ImageObject\",\"inLanguage\":\"es\",\"@id\":\"https:\\\/\\\/diariotextual.com\\\/inicio\\\/#\\\/schema\\\/logo\\\/image\\\/\",\"url\":\"https:\\\/\\\/diariotextual.com\\\/inicio\\\/wp-content\\\/uploads\\\/2023\\\/05\\\/logotextual1.jpg\",\"contentUrl\":\"https:\\\/\\\/diariotextual.com\\\/inicio\\\/wp-content\\\/uploads\\\/2023\\\/05\\\/logotextual1.jpg\",\"width\":516,\"height\":76,\"caption\":\"Diario Textual\"},\"image\":{\"@id\":\"https:\\\/\\\/diariotextual.com\\\/inicio\\\/#\\\/schema\\\/logo\\\/image\\\/\"},\"sameAs\":[\"https:\\\/\\\/www.facebook.com\\\/eltextual\",\"https:\\\/\\\/x.com\\\/eltextual\",\"http:\\\/\\\/www.instagram.com\\\/eltextual\"]},{\"@type\":\"Person\",\"@id\":\"https:\\\/\\\/diariotextual.com\\\/inicio\\\/#\\\/schema\\\/person\\\/a1b6f563e0ee944c60f98119389a4d9f\",\"name\":\"diario3\",\"image\":{\"@type\":\"ImageObject\",\"inLanguage\":\"es\",\"@id\":\"https:\\\/\\\/secure.gravatar.com\\\/avatar\\\/5e7ee62c82fc04d9dd79d746a390d93c69c43223e5faeeb3ea9461ef752bfc5d?s=96&d=mm&r=g\",\"url\":\"https:\\\/\\\/secure.gravatar.com\\\/avatar\\\/5e7ee62c82fc04d9dd79d746a390d93c69c43223e5faeeb3ea9461ef752bfc5d?s=96&d=mm&r=g\",\"contentUrl\":\"https:\\\/\\\/secure.gravatar.com\\\/avatar\\\/5e7ee62c82fc04d9dd79d746a390d93c69c43223e5faeeb3ea9461ef752bfc5d?s=96&d=mm&r=g\",\"caption\":\"diario3\"},\"url\":\"https:\\\/\\\/diariotextual.com\\\/inicio\\\/index.php\\\/author\\\/diario3\\\/\"}]}<\/script>\n<!-- \/ Yoast SEO plugin. -->","yoast_head_json":{"title":"Mart\u00edn Menem, el favorito de Milei para presidir la C\u00e1mara de Diputados - Diario Textual","robots":{"index":"index","follow":"follow","max-snippet":"max-snippet:-1","max-image-preview":"max-image-preview:large","max-video-preview":"max-video-preview:-1"},"canonical":"https:\/\/diariotextual.com\/inicio\/index.php\/2023\/12\/01\/martin-menem-el-favorito-de-milei-para-presidir-la-camara-de-diputados\/","og_locale":"es_ES","og_type":"article","og_title":"Mart\u00edn Menem, el favorito de Milei para presidir la C\u00e1mara de Diputados - Diario Textual","og_description":"El diputado nacional electo de La Rioja por La Libertad Avanza Mart\u00edn Menem es por estas horas el favorito del presidente electo Javier Milei para presidir la C\u00e1mara baja. Si&hellip;","og_url":"https:\/\/diariotextual.com\/inicio\/index.php\/2023\/12\/01\/martin-menem-el-favorito-de-milei-para-presidir-la-camara-de-diputados\/","og_site_name":"Diario Textual","article_publisher":"https:\/\/www.facebook.com\/eltextual","article_published_time":"2023-12-01T23:37:48+00:00","article_modified_time":"2023-12-02T13:28:30+00:00","og_image":[{"width":900,"height":486,"url":"https:\/\/diariotextual.com\/inicio\/wp-content\/uploads\/2023\/12\/menemmartinjaviermilei2023.jpg","type":"image\/jpeg"}],"author":"diario3","twitter_card":"summary_large_image","twitter_creator":"@eltextual","twitter_site":"@eltextual","twitter_misc":{"Escrito por":"diario3","Tiempo de lectura":"2 minutos"},"schema":{"@context":"https:\/\/schema.org","@graph":[{"@type":"Article","@id":"https:\/\/diariotextual.com\/inicio\/index.php\/2023\/12\/01\/martin-menem-el-favorito-de-milei-para-presidir-la-camara-de-diputados\/#article","isPartOf":{"@id":"https:\/\/diariotextual.com\/inicio\/index.php\/2023\/12\/01\/martin-menem-el-favorito-de-milei-para-presidir-la-camara-de-diputados\/"},"author":{"name":"diario3","@id":"https:\/\/diariotextual.com\/inicio\/#\/schema\/person\/a1b6f563e0ee944c60f98119389a4d9f"},"headline":"Mart\u00edn Menem, el favorito de Milei para presidir la C\u00e1mara de Diputados","datePublished":"2023-12-01T23:37:48+00:00","dateModified":"2023-12-02T13:28:30+00:00","mainEntityOfPage":{"@id":"https:\/\/diariotextual.com\/inicio\/index.php\/2023\/12\/01\/martin-menem-el-favorito-de-milei-para-presidir-la-camara-de-diputados\/"},"wordCount":365,"publisher":{"@id":"https:\/\/diariotextual.com\/inicio\/#organization"},"image":{"@id":"https:\/\/diariotextual.com\/inicio\/index.php\/2023\/12\/01\/martin-menem-el-favorito-de-milei-para-presidir-la-camara-de-diputados\/#primaryimage"},"thumbnailUrl":"https:\/\/diariotextual.com\/inicio\/wp-content\/uploads\/2023\/12\/menemmartinjaviermilei2023.jpg","keywords":["diputados","menem","milei"],"articleSection":["POLITICA"],"inLanguage":"es"},{"@type":"WebPage","@id":"https:\/\/diariotextual.com\/inicio\/index.php\/2023\/12\/01\/martin-menem-el-favorito-de-milei-para-presidir-la-camara-de-diputados\/","url":"https:\/\/diariotextual.com\/inicio\/index.php\/2023\/12\/01\/martin-menem-el-favorito-de-milei-para-presidir-la-camara-de-diputados\/","name":"Mart\u00edn Menem, el favorito de Milei para presidir la C\u00e1mara de Diputados - Diario Textual","isPartOf":{"@id":"https:\/\/diariotextual.com\/inicio\/#website"},"primaryImageOfPage":{"@id":"https:\/\/diariotextual.com\/inicio\/index.php\/2023\/12\/01\/martin-menem-el-favorito-de-milei-para-presidir-la-camara-de-diputados\/#primaryimage"},"image":{"@id":"https:\/\/diariotextual.com\/inicio\/index.php\/2023\/12\/01\/martin-menem-el-favorito-de-milei-para-presidir-la-camara-de-diputados\/#primaryimage"},"thumbnailUrl":"https:\/\/diariotextual.com\/inicio\/wp-content\/uploads\/2023\/12\/menemmartinjaviermilei2023.jpg","datePublished":"2023-12-01T23:37:48+00:00","dateModified":"2023-12-02T13:28:30+00:00","breadcrumb":{"@id":"https:\/\/diariotextual.com\/inicio\/index.php\/2023\/12\/01\/martin-menem-el-favorito-de-milei-para-presidir-la-camara-de-diputados\/#breadcrumb"},"inLanguage":"es","potentialAction":[{"@type":"ReadAction","target":["https:\/\/diariotextual.com\/inicio\/index.php\/2023\/12\/01\/martin-menem-el-favorito-de-milei-para-presidir-la-camara-de-diputados\/"]}]},{"@type":"ImageObject","inLanguage":"es","@id":"https:\/\/diariotextual.com\/inicio\/index.php\/2023\/12\/01\/martin-menem-el-favorito-de-milei-para-presidir-la-camara-de-diputados\/#primaryimage","url":"https:\/\/diariotextual.com\/inicio\/wp-content\/uploads\/2023\/12\/menemmartinjaviermilei2023.jpg","contentUrl":"https:\/\/diariotextual.com\/inicio\/wp-content\/uploads\/2023\/12\/menemmartinjaviermilei2023.jpg","width":900,"height":486},{"@type":"BreadcrumbList","@id":"https:\/\/diariotextual.com\/inicio\/index.php\/2023\/12\/01\/martin-menem-el-favorito-de-milei-para-presidir-la-camara-de-diputados\/#breadcrumb","itemListElement":[{"@type":"ListItem","position":1,"name":"Portada","item":"https:\/\/diariotextual.com\/inicio\/"},{"@type":"ListItem","position":2,"name":"Mart\u00edn Menem, el favorito de Milei para presidir la C\u00e1mara de Diputados"}]},{"@type":"WebSite","@id":"https:\/\/diariotextual.com\/inicio\/#website","url":"https:\/\/diariotextual.com\/inicio\/","name":"Diario Textual","description":"","publisher":{"@id":"https:\/\/diariotextual.com\/inicio\/#organization"},"potentialAction":[{"@type":"SearchAction","target":{"@type":"EntryPoint","urlTemplate":"https:\/\/diariotextual.com\/inicio\/?s={search_term_string}"},"query-input":{"@type":"PropertyValueSpecification","valueRequired":true,"valueName":"search_term_string"}}],"inLanguage":"es"},{"@type":"Organization","@id":"https:\/\/diariotextual.com\/inicio\/#organization","name":"Diario Textual","url":"https:\/\/diariotextual.com\/inicio\/","logo":{"@type":"ImageObject","inLanguage":"es","@id":"https:\/\/diariotextual.com\/inicio\/#\/schema\/logo\/image\/","url":"https:\/\/diariotextual.com\/inicio\/wp-content\/uploads\/2023\/05\/logotextual1.jpg","contentUrl":"https:\/\/diariotextual.com\/inicio\/wp-content\/uploads\/2023\/05\/logotextual1.jpg","width":516,"height":76,"caption":"Diario Textual"},"image":{"@id":"https:\/\/diariotextual.com\/inicio\/#\/schema\/logo\/image\/"},"sameAs":["https:\/\/www.facebook.com\/eltextual","https:\/\/x.com\/eltextual","http:\/\/www.instagram.com\/eltextual"]},{"@type":"Person","@id":"https:\/\/diariotextual.com\/inicio\/#\/schema\/person\/a1b6f563e0ee944c60f98119389a4d9f","name":"diario3","image":{"@type":"ImageObject","inLanguage":"es","@id":"https:\/\/secure.gravatar.com\/avatar\/5e7ee62c82fc04d9dd79d746a390d93c69c43223e5faeeb3ea9461ef752bfc5d?s=96&d=mm&r=g","url":"https:\/\/secure.gravatar.com\/avatar\/5e7ee62c82fc04d9dd79d746a390d93c69c43223e5faeeb3ea9461ef752bfc5d?s=96&d=mm&r=g","contentUrl":"https:\/\/secure.gravatar.com\/avatar\/5e7ee62c82fc04d9dd79d746a390d93c69c43223e5faeeb3ea9461ef752bfc5d?s=96&d=mm&r=g","caption":"diario3"},"url":"https:\/\/diariotextual.com\/inicio\/index.php\/author\/diario3\/"}]}},"_links":{"self":[{"href":"https:\/\/diariotextual.com\/inicio\/index.php\/wp-json\/wp\/v2\/posts\/246407","targetHints":{"allow":["GET"]}}],"collection":[{"href":"https:\/\/diariotextual.com\/inicio\/index.php\/wp-json\/wp\/v2\/posts"}],"about":[{"href":"https:\/\/diariotextual.com\/inicio\/index.php\/wp-json\/wp\/v2\/types\/post"}],"author":[{"embeddable":true,"href":"https:\/\/diariotextual.com\/inicio\/index.php\/wp-json\/wp\/v2\/users\/5"}],"replies":[{"embeddable":true,"href":"https:\/\/diariotextual.com\/inicio\/index.php\/wp-json\/wp\/v2\/comments?post=246407"}],"version-history":[{"count":1,"href":"https:\/\/diariotextual.com\/inicio\/index.php\/wp-json\/wp\/v2\/posts\/246407\/revisions"}],"predecessor-version":[{"id":246409,"href":"https:\/\/diariotextual.com\/inicio\/index.php\/wp-json\/wp\/v2\/posts\/246407\/revisions\/246409"}],"wp:featuredmedia":[{"embeddable":true,"href":"https:\/\/diariotextual.com\/inicio\/index.php\/wp-json\/wp\/v2\/media\/246408"}],"wp:attachment":[{"href":"https:\/\/diariotextual.com\/inicio\/index.php\/wp-json\/wp\/v2\/media?parent=246407"}],"wp:term":[{"taxonomy":"category","embeddable":true,"href":"https:\/\/diariotextual.com\/inicio\/index.php\/wp-json\/wp\/v2\/categories?post=246407"},{"taxonomy":"post_tag","embeddable":true,"href":"https:\/\/diariotextual.com\/inicio\/index.php\/wp-json\/wp\/v2\/tags?post=246407"}],"curies":[{"name":"wp","href":"https:\/\/api.w.org\/{rel}","templated":true}]}}