{"id":246423,"date":"2023-12-02T09:19:58","date_gmt":"2023-12-02T12:19:58","guid":{"rendered":"https:\/\/diariotextual.com\/inicio\/?p=246423"},"modified":"2023-12-02T10:42:30","modified_gmt":"2023-12-02T13:42:30","slug":"como-esta-conformado-el-equipo-economico-de-milei-a-dias-de-iniciar-la-gestion","status":"publish","type":"post","link":"https:\/\/diariotextual.com\/inicio\/index.php\/2023\/12\/02\/como-esta-conformado-el-equipo-economico-de-milei-a-dias-de-iniciar-la-gestion\/","title":{"rendered":"C\u00f3mo est\u00e1 conformado el equipo econ\u00f3mico de Milei a d\u00edas de iniciar la gesti\u00f3n"},"content":{"rendered":"\n<p><strong>Queda poco m\u00e1s de una semana para la asunci\u00f3n del nuevo Gobierno y a\u00fan hay varias sillas vac\u00edas por ocupar.<\/strong>&nbsp;Quedan exactamente 4 d\u00edas h\u00e1biles de la gesti\u00f3n actual&nbsp; y el lunes 11 de diciembre comenzar\u00e1 la gesti\u00f3n de Javier Milei y restan por definir puestos importantes.<\/p>\n\n\n\n<p>En el \u00e1rea econ\u00f3mica, los actuales ministerios de Econom\u00eda, Agricultura, Obras P\u00fablicas y Transporte se reconvertir\u00e1n y achicar\u00e1n a dos.&nbsp;&nbsp;<strong>Econom\u00eda e Infraestructura<\/strong>, ser\u00e1n los ministerios sobre los cuales se reagrupar\u00e1n las restantes \u00e1reas.<\/p>\n\n\n\n<p>En principio, en\u00a0<strong>el\u00a0 \u00e1rea de econom\u00eda quedar\u00eda\u00a0 la gesti\u00f3n netamente econ\u00f3mica<\/strong>\u00a0conformada por la Secretar\u00eda de\u00a0<strong>Pol\u00edtica Econ\u00f3mica<\/strong>,\u00a0la Secretar\u00eda de\u00a0<strong>Hacienda<\/strong>, la Secretar\u00eda de<strong>\u00a0Finanzas<\/strong>,\u00a0la Secretar\u00eda de Industria (ahora\u00a0<strong>Competitividad Industrial<\/strong>), el Ministerio de Agricultura, reconvertido en Secretar\u00eda de\u00a0<strong>Bioeconom\u00eda<\/strong>\u00a0y la Secretar\u00eda de\u00a0<strong>Comercio<\/strong>, con un perfil distinto al que hasta ahora se conoc\u00eda, seg\u00fan dijo Milei en torno a eliminar los controles de precios.<\/p>\n\n\n\n<p>Por otro lado,&nbsp;<strong>el ministerio de Infraestructura,<\/strong>&nbsp;adem\u00e1s de sus tareas actuales,&nbsp;<strong>sumar\u00eda las secretarias de Energ\u00eda, la secretar\u00eda de Miner\u00eda, y el ministerio de Trasporte<\/strong>&nbsp;actual, rebajado a secretaria.<\/p>\n\n\n\n<p>El cargo de\u00a0<strong>ministro de Econom\u00eda<\/strong>,\u00a0ya est\u00e1 confirmado y ser\u00e1 ocupado por\u00a0<strong>Luis Caputo<\/strong>, el\u00a0exsecretario de Finanzas y presidente del Banco Central\u00a0de Mauricio Macri. El llamado \u00abel Messi de las Finanzas\u00bb fue al colegio Cardenal Newman, estudi\u00f3 Econom\u00eda en la UBA y trabaj\u00f3 a\u00f1os como jefe de trading en JP Morgan y Deutsche Bank.\u00a0<\/p>\n\n\n\n<p>La Secretar\u00eda de Pol\u00edtica Econ\u00f3mica ser\u00eda ocupada por Joaqu\u00edn Cottani, el responsable de suplantar a Gabriel Rubinstein. Cottani es un analista financiero que hizo la mayor parte de su carrera en Estados Unidos.y tambi\u00e9n tuvo un paso por la administraci\u00f3n p\u00fablica en los 90 El exsubsecretario de Financiamiento de Domingo Cavallo hasta 1996 y actual Standard &amp; Poor\u00b4s. Sin embargo, a\u00fan sin confirmaci\u00f3n de puesto, tambi\u00e9n suena para la secretar\u00eda de Finanzas.<\/p>\n\n\n\n<p>La Secretar\u00eda de Finanzas esta vacante por ahora, se mencion\u00f3 para ese puesto a Pablo Quirno, que trabaj\u00f3 junto a Caputo cuando fue secretario de Finanzas.<\/p>\n\n\n\n<p>En la nueva Secretar\u00eda de Competitividad Industrial (ex Industria), que hoy est\u00e1 a cargo del Vasco De Mendiguren, estuvo trabajando el exgerente de General Motors, Federico Ovejero, junto con Alejandro Cosentino y Javier Cardini, que tambi\u00e9n podr\u00edan ser candidatos al puesto.<\/p>\n\n\n\n<p>Para la Secretar\u00eda de Bioeconom\u00eda ya est\u00e1 confirmado el ahora exprofesor de la c\u00e1tedra de Agronegocios de la Facultad de Agronom\u00eda de la UBA, Fernando Vilella. Su equipo est\u00e1 formado por Pedro Vigneau (ser\u00e1 jefe de gabinete), Germ\u00e1n Paats (secretario de Agricultura, Ganader\u00eda y Forestaci\u00f3n) y Agust\u00edn Tejeda (Mercados Agropecuarios).<\/p>\n\n\n\n<div style=\"height:100px\" aria-hidden=\"true\" class=\"wp-block-spacer\"><\/div>\n\n\n\n<p><strong>Ministerio de Infraestructura<\/strong><br>Para el Ministerio de Infraestructura ya est\u00e1 confirmado Guillermo Ferraro. Bajo el ala del exdirector de la consultora KPMG estar\u00e1n las \u00e1reas de Energ\u00eda, Miner\u00eda y Transporte. Ferraro conoce la administraci\u00f3n p\u00fablica. Fue funcionario de Eduardo Duhalde y de Cambiemos en la Ciudad<\/p>\n\n\n\n<p>-Secretar\u00eda de Energ\u00eda: estar\u00e1 a cargo de Eduardo Rodr\u00edguez Chirillo, un abogado de la UCA trabaj\u00f3 en la secretar\u00eda de Energ\u00eda, encabezada por Carlos Bastos, en el primer gobierno de Carlos Menem, cuando se ejecut\u00f3 la reforma de Estado, las desregulaciones y privatizaciones. Es socio fundador de la consultora internacional ERC especializado en electricidad, energ\u00edas renovables, gas y petr\u00f3leo.<\/p>\n\n\n\n<p>-Secretar\u00eda de Transporte: cuando Ferraro se reuni\u00f3 con los actuales funcionarios para plantear la transici\u00f3n, llev\u00f3 a la reuni\u00f3n a su equipo t\u00e9cnico y el referente en el \u00e1rea de transporte fue Franco Mogetta, actual secretario del \u00e1rea de C\u00f3rdoba. Sin embargo a\u00fan no fue confirmado oficialmente.<\/p>\n\n\n\n<p>-Secretar\u00eda de Miner\u00eda: en este rubro el especialista que acompa\u00f1\u00f3 a Ferraro fue el abogado Sergio Arberche, aunque otro nombre en danza es el de Mario Capello, un ingeniero en minas, de San Juan, que fue subsecretario de Desarrollo Minero durante el gobierno de Macri.<\/p>\n\n\n\n<div style=\"height:100px\" aria-hidden=\"true\" class=\"wp-block-spacer\"><\/div>\n\n\n\n<p><strong>Sillas Vac\u00edas<\/strong><br>A\u00fan sin confirmaci\u00f3n oficial se encuentran varias dependencias oficiales y claves para la gesti\u00f3n econ\u00f3mica. El Banco Central, tras la baja de Emilio Ocampo no tiene sucesor oficial. En principio Demian Reidel sonaba para el cargo pero no avanz\u00f3 el binomio con Caputo y ahora est\u00e1 en danza el nombre de Santiago Bausili, socio de Caputo en la consultora Anker. Bausilli ya tuvo un paso en la funci\u00f3n p\u00fablica en el gobierno de Macri como secretario de Finanzas. El socio y amigo de Caputo comulga con sus ideas y tampoco ve la dolarizaci\u00f3n como una opci\u00f3n. Una buena coordinaci\u00f3n entre Econom\u00eda y el Central es clave para Milei.<\/p>\n\n\n\n<p>La Secretaria de Hacienda es otra de las \u00e1reas clave que a\u00fan no tiene sucesor. Ra\u00fal Rigo, actual secretario, y tambi\u00e9n designado por Sergio Massa para llevar adelante la transici\u00f3n e los equipos econ\u00f3micos, aun no tiene interlocutor para entregar las cuentas p\u00fablicas. El puesto ser\u00e1 m\u00e1s que sensible en b\u00fasqueda de achicar el d\u00e9ficit, como indic\u00f3 Milei en su campa\u00f1a.<\/p>\n\n\n\n<p>La secretaria de Comercio, hoy a cargo de Matias Tombolini, y sobre la cual Javier Milei dijo que no existir\u00eda m\u00e1s como la conocemos, suena el nombre de Pablo Lavigne, quien actualmente trabaja en la secretar\u00eda como Director Nacional de Facilitaci\u00f3n del Comercio Exterior. Si bien l\u00edneas oficiales de la secretaria de Comercio aseguran que no hay novedades, otras fuentes dejaron trascender que ya habr\u00edan iniciado la transici\u00f3n.<\/p>\n\n\n\n<p>La AFIP y la Aduana, otros organismos que tendr\u00e1 preponderancia no solo para aumentar ingresos por recaudaci\u00f3n, sino en la implementaci\u00f3n de una posible reforma tributaria y blanqueo. Dos medidas que el presidente electo dio como posibles, se encuentra a\u00fan vacante.<\/p>\n\n\n\n<p>El INDEC, es otro organismo que a\u00fan no tiene sucesor. Marco Lavagna concluir\u00e1 sus tareas con la actual gesti\u00f3n y seg\u00fan puso saber NA, todav\u00eda no hubo contactos desde la Libertad Avanza para alg\u00fan tipo de transici\u00f3n ni se filtr\u00f3 ning\u00fan candidato.<\/p>\n\n\n\n<p>Quedan pocos d\u00edas que seguramente ser\u00e1n muy movidos para el equipo del presidente electo, que debe llenar unos cuantos casilleros a\u00fan.<\/p>\n\n\n\n<p><\/p>\n","protected":false},"excerpt":{"rendered":"<p>Queda poco m\u00e1s de una semana para la asunci\u00f3n del nuevo Gobierno y a\u00fan hay varias sillas vac\u00edas por ocupar.&nbsp;Quedan exactamente 4 d\u00edas h\u00e1biles de la gesti\u00f3n actual&nbsp; y el&hellip;<\/p>\n","protected":false},"author":3,"featured_media":245045,"comment_status":"closed","ping_status":"open","sticky":false,"template":"","format":"standard","meta":{"_acf_changed":false,"footnotes":""},"categories":[1,8],"tags":[],"class_list":["post-246423","post","type-post","status-publish","format-standard","has-post-thumbnail","hentry","category-es-noticia","category-politica"],"acf":[],"yoast_head":"<!-- This site is optimized with the Yoast SEO plugin v27.5 - https:\/\/yoast.com\/product\/yoast-seo-wordpress\/ -->\n<title>C\u00f3mo est\u00e1 conformado el equipo econ\u00f3mico de Milei a d\u00edas de iniciar la gesti\u00f3n - Diario Textual<\/title>\n<meta name=\"robots\" content=\"index, follow, max-snippet:-1, max-image-preview:large, max-video-preview:-1\" \/>\n<link rel=\"canonical\" href=\"https:\/\/diariotextual.com\/inicio\/index.php\/2023\/12\/02\/como-esta-conformado-el-equipo-economico-de-milei-a-dias-de-iniciar-la-gestion\/\" \/>\n<meta property=\"og:locale\" content=\"es_ES\" \/>\n<meta property=\"og:type\" content=\"article\" \/>\n<meta property=\"og:title\" content=\"C\u00f3mo est\u00e1 conformado el equipo econ\u00f3mico de Milei a d\u00edas de iniciar la gesti\u00f3n - Diario Textual\" \/>\n<meta property=\"og:description\" content=\"Queda poco m\u00e1s de una semana para la asunci\u00f3n del nuevo Gobierno y a\u00fan hay varias sillas vac\u00edas por ocupar.&nbsp;Quedan exactamente 4 d\u00edas h\u00e1biles de la gesti\u00f3n actual&nbsp; y el&hellip;\" \/>\n<meta property=\"og:url\" content=\"https:\/\/diariotextual.com\/inicio\/index.php\/2023\/12\/02\/como-esta-conformado-el-equipo-economico-de-milei-a-dias-de-iniciar-la-gestion\/\" \/>\n<meta property=\"og:site_name\" content=\"Diario Textual\" \/>\n<meta property=\"article:publisher\" content=\"https:\/\/www.facebook.com\/eltextual\" \/>\n<meta property=\"article:published_time\" content=\"2023-12-02T12:19:58+00:00\" \/>\n<meta property=\"article:modified_time\" content=\"2023-12-02T13:42:30+00:00\" \/>\n<meta property=\"og:image\" content=\"https:\/\/diariotextual.com\/inicio\/wp-content\/uploads\/2023\/11\/mileijaviertelam2023-567.jpg\" \/>\n\t<meta property=\"og:image:width\" content=\"1200\" \/>\n\t<meta property=\"og:image:height\" content=\"675\" \/>\n\t<meta property=\"og:image:type\" content=\"image\/jpeg\" \/>\n<meta name=\"author\" content=\"Diario1 Diario1\" \/>\n<meta name=\"twitter:card\" content=\"summary_large_image\" \/>\n<meta name=\"twitter:creator\" content=\"@eltextual\" \/>\n<meta name=\"twitter:site\" content=\"@eltextual\" \/>\n<meta name=\"twitter:label1\" content=\"Escrito por\" \/>\n\t<meta name=\"twitter:data1\" content=\"Diario1 Diario1\" \/>\n\t<meta name=\"twitter:label2\" content=\"Tiempo de lectura\" \/>\n\t<meta name=\"twitter:data2\" content=\"5 minutos\" \/>\n<script type=\"application\/ld+json\" class=\"yoast-schema-graph\">{\"@context\":\"https:\\\/\\\/schema.org\",\"@graph\":[{\"@type\":\"Article\",\"@id\":\"https:\\\/\\\/diariotextual.com\\\/inicio\\\/index.php\\\/2023\\\/12\\\/02\\\/como-esta-conformado-el-equipo-economico-de-milei-a-dias-de-iniciar-la-gestion\\\/#article\",\"isPartOf\":{\"@id\":\"https:\\\/\\\/diariotextual.com\\\/inicio\\\/index.php\\\/2023\\\/12\\\/02\\\/como-esta-conformado-el-equipo-economico-de-milei-a-dias-de-iniciar-la-gestion\\\/\"},\"author\":{\"name\":\"Diario1 Diario1\",\"@id\":\"https:\\\/\\\/diariotextual.com\\\/inicio\\\/#\\\/schema\\\/person\\\/418fc4093c33e86ed41562db3508f958\"},\"headline\":\"C\u00f3mo est\u00e1 conformado el equipo econ\u00f3mico de Milei a d\u00edas de iniciar la gesti\u00f3n\",\"datePublished\":\"2023-12-02T12:19:58+00:00\",\"dateModified\":\"2023-12-02T13:42:30+00:00\",\"mainEntityOfPage\":{\"@id\":\"https:\\\/\\\/diariotextual.com\\\/inicio\\\/index.php\\\/2023\\\/12\\\/02\\\/como-esta-conformado-el-equipo-economico-de-milei-a-dias-de-iniciar-la-gestion\\\/\"},\"wordCount\":1114,\"publisher\":{\"@id\":\"https:\\\/\\\/diariotextual.com\\\/inicio\\\/#organization\"},\"image\":{\"@id\":\"https:\\\/\\\/diariotextual.com\\\/inicio\\\/index.php\\\/2023\\\/12\\\/02\\\/como-esta-conformado-el-equipo-economico-de-milei-a-dias-de-iniciar-la-gestion\\\/#primaryimage\"},\"thumbnailUrl\":\"https:\\\/\\\/diariotextual.com\\\/inicio\\\/wp-content\\\/uploads\\\/2023\\\/11\\\/mileijaviertelam2023-567.jpg\",\"articleSection\":[\"A - ES NOTICIA (van abajo)\",\"POLITICA\"],\"inLanguage\":\"es\"},{\"@type\":\"WebPage\",\"@id\":\"https:\\\/\\\/diariotextual.com\\\/inicio\\\/index.php\\\/2023\\\/12\\\/02\\\/como-esta-conformado-el-equipo-economico-de-milei-a-dias-de-iniciar-la-gestion\\\/\",\"url\":\"https:\\\/\\\/diariotextual.com\\\/inicio\\\/index.php\\\/2023\\\/12\\\/02\\\/como-esta-conformado-el-equipo-economico-de-milei-a-dias-de-iniciar-la-gestion\\\/\",\"name\":\"C\u00f3mo est\u00e1 conformado el equipo econ\u00f3mico de Milei a d\u00edas de iniciar la gesti\u00f3n - Diario Textual\",\"isPartOf\":{\"@id\":\"https:\\\/\\\/diariotextual.com\\\/inicio\\\/#website\"},\"primaryImageOfPage\":{\"@id\":\"https:\\\/\\\/diariotextual.com\\\/inicio\\\/index.php\\\/2023\\\/12\\\/02\\\/como-esta-conformado-el-equipo-economico-de-milei-a-dias-de-iniciar-la-gestion\\\/#primaryimage\"},\"image\":{\"@id\":\"https:\\\/\\\/diariotextual.com\\\/inicio\\\/index.php\\\/2023\\\/12\\\/02\\\/como-esta-conformado-el-equipo-economico-de-milei-a-dias-de-iniciar-la-gestion\\\/#primaryimage\"},\"thumbnailUrl\":\"https:\\\/\\\/diariotextual.com\\\/inicio\\\/wp-content\\\/uploads\\\/2023\\\/11\\\/mileijaviertelam2023-567.jpg\",\"datePublished\":\"2023-12-02T12:19:58+00:00\",\"dateModified\":\"2023-12-02T13:42:30+00:00\",\"breadcrumb\":{\"@id\":\"https:\\\/\\\/diariotextual.com\\\/inicio\\\/index.php\\\/2023\\\/12\\\/02\\\/como-esta-conformado-el-equipo-economico-de-milei-a-dias-de-iniciar-la-gestion\\\/#breadcrumb\"},\"inLanguage\":\"es\",\"potentialAction\":[{\"@type\":\"ReadAction\",\"target\":[\"https:\\\/\\\/diariotextual.com\\\/inicio\\\/index.php\\\/2023\\\/12\\\/02\\\/como-esta-conformado-el-equipo-economico-de-milei-a-dias-de-iniciar-la-gestion\\\/\"]}]},{\"@type\":\"ImageObject\",\"inLanguage\":\"es\",\"@id\":\"https:\\\/\\\/diariotextual.com\\\/inicio\\\/index.php\\\/2023\\\/12\\\/02\\\/como-esta-conformado-el-equipo-economico-de-milei-a-dias-de-iniciar-la-gestion\\\/#primaryimage\",\"url\":\"https:\\\/\\\/diariotextual.com\\\/inicio\\\/wp-content\\\/uploads\\\/2023\\\/11\\\/mileijaviertelam2023-567.jpg\",\"contentUrl\":\"https:\\\/\\\/diariotextual.com\\\/inicio\\\/wp-content\\\/uploads\\\/2023\\\/11\\\/mileijaviertelam2023-567.jpg\",\"width\":1200,\"height\":675},{\"@type\":\"BreadcrumbList\",\"@id\":\"https:\\\/\\\/diariotextual.com\\\/inicio\\\/index.php\\\/2023\\\/12\\\/02\\\/como-esta-conformado-el-equipo-economico-de-milei-a-dias-de-iniciar-la-gestion\\\/#breadcrumb\",\"itemListElement\":[{\"@type\":\"ListItem\",\"position\":1,\"name\":\"Portada\",\"item\":\"https:\\\/\\\/diariotextual.com\\\/inicio\\\/\"},{\"@type\":\"ListItem\",\"position\":2,\"name\":\"C\u00f3mo est\u00e1 conformado el equipo econ\u00f3mico de Milei a d\u00edas de iniciar la gesti\u00f3n\"}]},{\"@type\":\"WebSite\",\"@id\":\"https:\\\/\\\/diariotextual.com\\\/inicio\\\/#website\",\"url\":\"https:\\\/\\\/diariotextual.com\\\/inicio\\\/\",\"name\":\"Diario Textual\",\"description\":\"\",\"publisher\":{\"@id\":\"https:\\\/\\\/diariotextual.com\\\/inicio\\\/#organization\"},\"potentialAction\":[{\"@type\":\"SearchAction\",\"target\":{\"@type\":\"EntryPoint\",\"urlTemplate\":\"https:\\\/\\\/diariotextual.com\\\/inicio\\\/?s={search_term_string}\"},\"query-input\":{\"@type\":\"PropertyValueSpecification\",\"valueRequired\":true,\"valueName\":\"search_term_string\"}}],\"inLanguage\":\"es\"},{\"@type\":\"Organization\",\"@id\":\"https:\\\/\\\/diariotextual.com\\\/inicio\\\/#organization\",\"name\":\"Diario Textual\",\"url\":\"https:\\\/\\\/diariotextual.com\\\/inicio\\\/\",\"logo\":{\"@type\":\"ImageObject\",\"inLanguage\":\"es\",\"@id\":\"https:\\\/\\\/diariotextual.com\\\/inicio\\\/#\\\/schema\\\/logo\\\/image\\\/\",\"url\":\"https:\\\/\\\/diariotextual.com\\\/inicio\\\/wp-content\\\/uploads\\\/2023\\\/05\\\/logotextual1.jpg\",\"contentUrl\":\"https:\\\/\\\/diariotextual.com\\\/inicio\\\/wp-content\\\/uploads\\\/2023\\\/05\\\/logotextual1.jpg\",\"width\":516,\"height\":76,\"caption\":\"Diario Textual\"},\"image\":{\"@id\":\"https:\\\/\\\/diariotextual.com\\\/inicio\\\/#\\\/schema\\\/logo\\\/image\\\/\"},\"sameAs\":[\"https:\\\/\\\/www.facebook.com\\\/eltextual\",\"https:\\\/\\\/x.com\\\/eltextual\",\"http:\\\/\\\/www.instagram.com\\\/eltextual\"]},{\"@type\":\"Person\",\"@id\":\"https:\\\/\\\/diariotextual.com\\\/inicio\\\/#\\\/schema\\\/person\\\/418fc4093c33e86ed41562db3508f958\",\"name\":\"Diario1 Diario1\",\"image\":{\"@type\":\"ImageObject\",\"inLanguage\":\"es\",\"@id\":\"https:\\\/\\\/secure.gravatar.com\\\/avatar\\\/9167d280179c85bc18be67aa7eda765854300033af4896dd779b608640f2ef7a?s=96&d=mm&r=g\",\"url\":\"https:\\\/\\\/secure.gravatar.com\\\/avatar\\\/9167d280179c85bc18be67aa7eda765854300033af4896dd779b608640f2ef7a?s=96&d=mm&r=g\",\"contentUrl\":\"https:\\\/\\\/secure.gravatar.com\\\/avatar\\\/9167d280179c85bc18be67aa7eda765854300033af4896dd779b608640f2ef7a?s=96&d=mm&r=g\",\"caption\":\"Diario1 Diario1\"},\"url\":\"https:\\\/\\\/diariotextual.com\\\/inicio\\\/index.php\\\/author\\\/diario1\\\/\"}]}<\/script>\n<!-- \/ Yoast SEO plugin. -->","yoast_head_json":{"title":"C\u00f3mo est\u00e1 conformado el equipo econ\u00f3mico de Milei a d\u00edas de iniciar la gesti\u00f3n - Diario Textual","robots":{"index":"index","follow":"follow","max-snippet":"max-snippet:-1","max-image-preview":"max-image-preview:large","max-video-preview":"max-video-preview:-1"},"canonical":"https:\/\/diariotextual.com\/inicio\/index.php\/2023\/12\/02\/como-esta-conformado-el-equipo-economico-de-milei-a-dias-de-iniciar-la-gestion\/","og_locale":"es_ES","og_type":"article","og_title":"C\u00f3mo est\u00e1 conformado el equipo econ\u00f3mico de Milei a d\u00edas de iniciar la gesti\u00f3n - Diario Textual","og_description":"Queda poco m\u00e1s de una semana para la asunci\u00f3n del nuevo Gobierno y a\u00fan hay varias sillas vac\u00edas por ocupar.&nbsp;Quedan exactamente 4 d\u00edas h\u00e1biles de la gesti\u00f3n actual&nbsp; y el&hellip;","og_url":"https:\/\/diariotextual.com\/inicio\/index.php\/2023\/12\/02\/como-esta-conformado-el-equipo-economico-de-milei-a-dias-de-iniciar-la-gestion\/","og_site_name":"Diario Textual","article_publisher":"https:\/\/www.facebook.com\/eltextual","article_published_time":"2023-12-02T12:19:58+00:00","article_modified_time":"2023-12-02T13:42:30+00:00","og_image":[{"width":1200,"height":675,"url":"https:\/\/diariotextual.com\/inicio\/wp-content\/uploads\/2023\/11\/mileijaviertelam2023-567.jpg","type":"image\/jpeg"}],"author":"Diario1 Diario1","twitter_card":"summary_large_image","twitter_creator":"@eltextual","twitter_site":"@eltextual","twitter_misc":{"Escrito por":"Diario1 Diario1","Tiempo de lectura":"5 minutos"},"schema":{"@context":"https:\/\/schema.org","@graph":[{"@type":"Article","@id":"https:\/\/diariotextual.com\/inicio\/index.php\/2023\/12\/02\/como-esta-conformado-el-equipo-economico-de-milei-a-dias-de-iniciar-la-gestion\/#article","isPartOf":{"@id":"https:\/\/diariotextual.com\/inicio\/index.php\/2023\/12\/02\/como-esta-conformado-el-equipo-economico-de-milei-a-dias-de-iniciar-la-gestion\/"},"author":{"name":"Diario1 Diario1","@id":"https:\/\/diariotextual.com\/inicio\/#\/schema\/person\/418fc4093c33e86ed41562db3508f958"},"headline":"C\u00f3mo est\u00e1 conformado el equipo econ\u00f3mico de Milei a d\u00edas de iniciar la gesti\u00f3n","datePublished":"2023-12-02T12:19:58+00:00","dateModified":"2023-12-02T13:42:30+00:00","mainEntityOfPage":{"@id":"https:\/\/diariotextual.com\/inicio\/index.php\/2023\/12\/02\/como-esta-conformado-el-equipo-economico-de-milei-a-dias-de-iniciar-la-gestion\/"},"wordCount":1114,"publisher":{"@id":"https:\/\/diariotextual.com\/inicio\/#organization"},"image":{"@id":"https:\/\/diariotextual.com\/inicio\/index.php\/2023\/12\/02\/como-esta-conformado-el-equipo-economico-de-milei-a-dias-de-iniciar-la-gestion\/#primaryimage"},"thumbnailUrl":"https:\/\/diariotextual.com\/inicio\/wp-content\/uploads\/2023\/11\/mileijaviertelam2023-567.jpg","articleSection":["A - ES NOTICIA (van abajo)","POLITICA"],"inLanguage":"es"},{"@type":"WebPage","@id":"https:\/\/diariotextual.com\/inicio\/index.php\/2023\/12\/02\/como-esta-conformado-el-equipo-economico-de-milei-a-dias-de-iniciar-la-gestion\/","url":"https:\/\/diariotextual.com\/inicio\/index.php\/2023\/12\/02\/como-esta-conformado-el-equipo-economico-de-milei-a-dias-de-iniciar-la-gestion\/","name":"C\u00f3mo est\u00e1 conformado el equipo econ\u00f3mico de Milei a d\u00edas de iniciar la gesti\u00f3n - Diario Textual","isPartOf":{"@id":"https:\/\/diariotextual.com\/inicio\/#website"},"primaryImageOfPage":{"@id":"https:\/\/diariotextual.com\/inicio\/index.php\/2023\/12\/02\/como-esta-conformado-el-equipo-economico-de-milei-a-dias-de-iniciar-la-gestion\/#primaryimage"},"image":{"@id":"https:\/\/diariotextual.com\/inicio\/index.php\/2023\/12\/02\/como-esta-conformado-el-equipo-economico-de-milei-a-dias-de-iniciar-la-gestion\/#primaryimage"},"thumbnailUrl":"https:\/\/diariotextual.com\/inicio\/wp-content\/uploads\/2023\/11\/mileijaviertelam2023-567.jpg","datePublished":"2023-12-02T12:19:58+00:00","dateModified":"2023-12-02T13:42:30+00:00","breadcrumb":{"@id":"https:\/\/diariotextual.com\/inicio\/index.php\/2023\/12\/02\/como-esta-conformado-el-equipo-economico-de-milei-a-dias-de-iniciar-la-gestion\/#breadcrumb"},"inLanguage":"es","potentialAction":[{"@type":"ReadAction","target":["https:\/\/diariotextual.com\/inicio\/index.php\/2023\/12\/02\/como-esta-conformado-el-equipo-economico-de-milei-a-dias-de-iniciar-la-gestion\/"]}]},{"@type":"ImageObject","inLanguage":"es","@id":"https:\/\/diariotextual.com\/inicio\/index.php\/2023\/12\/02\/como-esta-conformado-el-equipo-economico-de-milei-a-dias-de-iniciar-la-gestion\/#primaryimage","url":"https:\/\/diariotextual.com\/inicio\/wp-content\/uploads\/2023\/11\/mileijaviertelam2023-567.jpg","contentUrl":"https:\/\/diariotextual.com\/inicio\/wp-content\/uploads\/2023\/11\/mileijaviertelam2023-567.jpg","width":1200,"height":675},{"@type":"BreadcrumbList","@id":"https:\/\/diariotextual.com\/inicio\/index.php\/2023\/12\/02\/como-esta-conformado-el-equipo-economico-de-milei-a-dias-de-iniciar-la-gestion\/#breadcrumb","itemListElement":[{"@type":"ListItem","position":1,"name":"Portada","item":"https:\/\/diariotextual.com\/inicio\/"},{"@type":"ListItem","position":2,"name":"C\u00f3mo est\u00e1 conformado el equipo econ\u00f3mico de Milei a d\u00edas de iniciar la gesti\u00f3n"}]},{"@type":"WebSite","@id":"https:\/\/diariotextual.com\/inicio\/#website","url":"https:\/\/diariotextual.com\/inicio\/","name":"Diario Textual","description":"","publisher":{"@id":"https:\/\/diariotextual.com\/inicio\/#organization"},"potentialAction":[{"@type":"SearchAction","target":{"@type":"EntryPoint","urlTemplate":"https:\/\/diariotextual.com\/inicio\/?s={search_term_string}"},"query-input":{"@type":"PropertyValueSpecification","valueRequired":true,"valueName":"search_term_string"}}],"inLanguage":"es"},{"@type":"Organization","@id":"https:\/\/diariotextual.com\/inicio\/#organization","name":"Diario Textual","url":"https:\/\/diariotextual.com\/inicio\/","logo":{"@type":"ImageObject","inLanguage":"es","@id":"https:\/\/diariotextual.com\/inicio\/#\/schema\/logo\/image\/","url":"https:\/\/diariotextual.com\/inicio\/wp-content\/uploads\/2023\/05\/logotextual1.jpg","contentUrl":"https:\/\/diariotextual.com\/inicio\/wp-content\/uploads\/2023\/05\/logotextual1.jpg","width":516,"height":76,"caption":"Diario Textual"},"image":{"@id":"https:\/\/diariotextual.com\/inicio\/#\/schema\/logo\/image\/"},"sameAs":["https:\/\/www.facebook.com\/eltextual","https:\/\/x.com\/eltextual","http:\/\/www.instagram.com\/eltextual"]},{"@type":"Person","@id":"https:\/\/diariotextual.com\/inicio\/#\/schema\/person\/418fc4093c33e86ed41562db3508f958","name":"Diario1 Diario1","image":{"@type":"ImageObject","inLanguage":"es","@id":"https:\/\/secure.gravatar.com\/avatar\/9167d280179c85bc18be67aa7eda765854300033af4896dd779b608640f2ef7a?s=96&d=mm&r=g","url":"https:\/\/secure.gravatar.com\/avatar\/9167d280179c85bc18be67aa7eda765854300033af4896dd779b608640f2ef7a?s=96&d=mm&r=g","contentUrl":"https:\/\/secure.gravatar.com\/avatar\/9167d280179c85bc18be67aa7eda765854300033af4896dd779b608640f2ef7a?s=96&d=mm&r=g","caption":"Diario1 Diario1"},"url":"https:\/\/diariotextual.com\/inicio\/index.php\/author\/diario1\/"}]}},"_links":{"self":[{"href":"https:\/\/diariotextual.com\/inicio\/index.php\/wp-json\/wp\/v2\/posts\/246423","targetHints":{"allow":["GET"]}}],"collection":[{"href":"https:\/\/diariotextual.com\/inicio\/index.php\/wp-json\/wp\/v2\/posts"}],"about":[{"href":"https:\/\/diariotextual.com\/inicio\/index.php\/wp-json\/wp\/v2\/types\/post"}],"author":[{"embeddable":true,"href":"https:\/\/diariotextual.com\/inicio\/index.php\/wp-json\/wp\/v2\/users\/3"}],"replies":[{"embeddable":true,"href":"https:\/\/diariotextual.com\/inicio\/index.php\/wp-json\/wp\/v2\/comments?post=246423"}],"version-history":[{"count":4,"href":"https:\/\/diariotextual.com\/inicio\/index.php\/wp-json\/wp\/v2\/posts\/246423\/revisions"}],"predecessor-version":[{"id":246433,"href":"https:\/\/diariotextual.com\/inicio\/index.php\/wp-json\/wp\/v2\/posts\/246423\/revisions\/246433"}],"wp:featuredmedia":[{"embeddable":true,"href":"https:\/\/diariotextual.com\/inicio\/index.php\/wp-json\/wp\/v2\/media\/245045"}],"wp:attachment":[{"href":"https:\/\/diariotextual.com\/inicio\/index.php\/wp-json\/wp\/v2\/media?parent=246423"}],"wp:term":[{"taxonomy":"category","embeddable":true,"href":"https:\/\/diariotextual.com\/inicio\/index.php\/wp-json\/wp\/v2\/categories?post=246423"},{"taxonomy":"post_tag","embeddable":true,"href":"https:\/\/diariotextual.com\/inicio\/index.php\/wp-json\/wp\/v2\/tags?post=246423"}],"curies":[{"name":"wp","href":"https:\/\/api.w.org\/{rel}","templated":true}]}}