{"id":246438,"date":"2023-12-02T10:25:57","date_gmt":"2023-12-02T13:25:57","guid":{"rendered":"https:\/\/diariotextual.com\/inicio\/?p=246438"},"modified":"2023-12-02T16:39:55","modified_gmt":"2023-12-02T19:39:55","slug":"martin-menem-presidira-diputados-y-francisco-paoltroni-el-senado","status":"publish","type":"post","link":"https:\/\/diariotextual.com\/inicio\/index.php\/2023\/12\/02\/martin-menem-presidira-diputados-y-francisco-paoltroni-el-senado\/","title":{"rendered":"Mart\u00edn Menem presidir\u00e1 Diputados y Francisco Paoltroni el Senado"},"content":{"rendered":"\n<p>El designado ministro del Interior de Javier Milei, Guillermo Francos, confirm\u00f3 este s\u00e1bado que\u00a0<strong>Mart\u00edn Menem ser\u00e1 propuesto por La Libertad Avanza (LLA) para presidir la C\u00e1mara de Diputados<\/strong>\u00a0a partir del pr\u00f3ximo 10 de diciembre, en tanto que\u00a0<strong>el formose\u00f1o Francisco Paoltroni ser\u00e1 postulado para liderar el Senado<\/strong>.<br><br>\u201cEl Presidente electo ha decidido que ambas c\u00e1maras est\u00e9n presididas por dirigentes de La Libertad Avanza\u201d, revel\u00f3 Francos est\u00e1 ma\u00f1ana en di\u00e1logo con radio Mitre.<br><br>En esa l\u00ednea, adelant\u00f3 que Mart\u00edn Menem \u201cva a ser propuesto por el presidente electo como candidato a presidir la C\u00e1mara de Diputados y en caso del Senado va a proponer a Paoltroni de Formosa\u201d.<br><br>El diputado nacional electo por la LLA Mart\u00edn Menem (La Rioja) se hab\u00eda sumado este viernes a la lista de postulantes a ocupar la presidencia de la C\u00e1mara de Diputados, un lugar para el cual tambi\u00e9n se hab\u00edan posicionado los legisladores\u00a0<strong>Cristian Ritondo, del PRO; Florencio Randazzo, de Hacemos por Nuestro Pa\u00eds, y (electo) Miguel Pichetto del Peronismo Republicano<\/strong>, entre otros.<br><br>Si bien varias fuentes parlamentarias dan por hecha la llegada del sobrino del expresidente Carlos Menem a la titularidad de la C\u00e1mara, desde la oficina del Presidente electo a\u00fan no se confirm\u00f3 esta designaci\u00f3n, aunque hoy fue mencionada por Francos.<br><br><strong>Mart\u00edn Menem -hijo del exsenador nacional Eduardo Menem- tiene 48 a\u00f1os<\/strong>\u00a0y fue elegido como diputado nacional por La Rioja el pasado 22 de octubre, por lo que asumir\u00e1 su banca el pr\u00f3ximo jueves en la sesi\u00f3n preparatoria prevista para las 12.<br><br>De ser designado reemplazar\u00e1 a la actual titular del cuerpo, Cecilia Moreau, que ejerce ese cargo desde el 2 de agosto de 2022, cuando reemplaz\u00f3 al actual ministro de Econom\u00eda, Sergio Massa.<\/p>\n\n\n\n<p><br><br>En tanto,\u00a0<strong>Paoltroni es senador electo por la provincia de Formosa<\/strong>\u00a0y comenz\u00f3 a tener relevancia por armarse un partido pol\u00edtico para enfrentar a Gildo Insfr\u00e1n en esa provincia y as\u00ed se convirti\u00f3 en uno de los ocho senadores que formar\u00e1 parte del bloque de Milei en la c\u00e1mara alta.<\/p>\n\n\n\n<p><\/p>\n\n\n\n<p><\/p>\n","protected":false},"excerpt":{"rendered":"<p>El designado ministro del Interior de Javier Milei, Guillermo Francos, confirm\u00f3 este s\u00e1bado que\u00a0Mart\u00edn Menem ser\u00e1 propuesto por La Libertad Avanza (LLA) para presidir la C\u00e1mara de Diputados\u00a0a partir del&hellip;<\/p>\n","protected":false},"author":3,"featured_media":246440,"comment_status":"closed","ping_status":"open","sticky":false,"template":"","format":"standard","meta":{"_acf_changed":false,"footnotes":""},"categories":[1,8],"tags":[],"class_list":["post-246438","post","type-post","status-publish","format-standard","has-post-thumbnail","hentry","category-es-noticia","category-politica"],"acf":[],"yoast_head":"<!-- This site is optimized with the Yoast SEO plugin v27.5 - https:\/\/yoast.com\/product\/yoast-seo-wordpress\/ -->\n<title>Mart\u00edn Menem presidir\u00e1 Diputados y Francisco Paoltroni el Senado - Diario Textual<\/title>\n<meta name=\"robots\" content=\"index, follow, max-snippet:-1, max-image-preview:large, max-video-preview:-1\" \/>\n<link rel=\"canonical\" href=\"https:\/\/diariotextual.com\/inicio\/index.php\/2023\/12\/02\/martin-menem-presidira-diputados-y-francisco-paoltroni-el-senado\/\" \/>\n<meta property=\"og:locale\" content=\"es_ES\" \/>\n<meta property=\"og:type\" content=\"article\" \/>\n<meta property=\"og:title\" content=\"Mart\u00edn Menem presidir\u00e1 Diputados y Francisco Paoltroni el Senado - Diario Textual\" \/>\n<meta property=\"og:description\" content=\"El designado ministro del Interior de Javier Milei, Guillermo Francos, confirm\u00f3 este s\u00e1bado que\u00a0Mart\u00edn Menem ser\u00e1 propuesto por La Libertad Avanza (LLA) para presidir la C\u00e1mara de Diputados\u00a0a partir del&hellip;\" \/>\n<meta property=\"og:url\" content=\"https:\/\/diariotextual.com\/inicio\/index.php\/2023\/12\/02\/martin-menem-presidira-diputados-y-francisco-paoltroni-el-senado\/\" \/>\n<meta property=\"og:site_name\" content=\"Diario Textual\" \/>\n<meta property=\"article:publisher\" content=\"https:\/\/www.facebook.com\/eltextual\" \/>\n<meta property=\"article:published_time\" content=\"2023-12-02T13:25:57+00:00\" \/>\n<meta property=\"article:modified_time\" content=\"2023-12-02T19:39:55+00:00\" \/>\n<meta property=\"og:image\" content=\"https:\/\/diariotextual.com\/inicio\/wp-content\/uploads\/2023\/12\/paoltronimenem2023-1.jpg\" \/>\n\t<meta property=\"og:image:width\" content=\"1200\" \/>\n\t<meta property=\"og:image:height\" content=\"675\" \/>\n\t<meta property=\"og:image:type\" content=\"image\/jpeg\" \/>\n<meta name=\"author\" content=\"Diario1 Diario1\" \/>\n<meta name=\"twitter:card\" content=\"summary_large_image\" \/>\n<meta name=\"twitter:creator\" content=\"@eltextual\" \/>\n<meta name=\"twitter:site\" content=\"@eltextual\" \/>\n<meta name=\"twitter:label1\" content=\"Escrito por\" \/>\n\t<meta name=\"twitter:data1\" content=\"Diario1 Diario1\" \/>\n\t<meta name=\"twitter:label2\" content=\"Tiempo de lectura\" \/>\n\t<meta name=\"twitter:data2\" content=\"2 minutos\" \/>\n<script type=\"application\/ld+json\" class=\"yoast-schema-graph\">{\"@context\":\"https:\\\/\\\/schema.org\",\"@graph\":[{\"@type\":\"Article\",\"@id\":\"https:\\\/\\\/diariotextual.com\\\/inicio\\\/index.php\\\/2023\\\/12\\\/02\\\/martin-menem-presidira-diputados-y-francisco-paoltroni-el-senado\\\/#article\",\"isPartOf\":{\"@id\":\"https:\\\/\\\/diariotextual.com\\\/inicio\\\/index.php\\\/2023\\\/12\\\/02\\\/martin-menem-presidira-diputados-y-francisco-paoltroni-el-senado\\\/\"},\"author\":{\"name\":\"Diario1 Diario1\",\"@id\":\"https:\\\/\\\/diariotextual.com\\\/inicio\\\/#\\\/schema\\\/person\\\/418fc4093c33e86ed41562db3508f958\"},\"headline\":\"Mart\u00edn Menem presidir\u00e1 Diputados y Francisco Paoltroni el Senado\",\"datePublished\":\"2023-12-02T13:25:57+00:00\",\"dateModified\":\"2023-12-02T19:39:55+00:00\",\"mainEntityOfPage\":{\"@id\":\"https:\\\/\\\/diariotextual.com\\\/inicio\\\/index.php\\\/2023\\\/12\\\/02\\\/martin-menem-presidira-diputados-y-francisco-paoltroni-el-senado\\\/\"},\"wordCount\":367,\"publisher\":{\"@id\":\"https:\\\/\\\/diariotextual.com\\\/inicio\\\/#organization\"},\"image\":{\"@id\":\"https:\\\/\\\/diariotextual.com\\\/inicio\\\/index.php\\\/2023\\\/12\\\/02\\\/martin-menem-presidira-diputados-y-francisco-paoltroni-el-senado\\\/#primaryimage\"},\"thumbnailUrl\":\"https:\\\/\\\/diariotextual.com\\\/inicio\\\/wp-content\\\/uploads\\\/2023\\\/12\\\/paoltronimenem2023-1.jpg\",\"articleSection\":[\"A - ES NOTICIA (van abajo)\",\"POLITICA\"],\"inLanguage\":\"es\"},{\"@type\":\"WebPage\",\"@id\":\"https:\\\/\\\/diariotextual.com\\\/inicio\\\/index.php\\\/2023\\\/12\\\/02\\\/martin-menem-presidira-diputados-y-francisco-paoltroni-el-senado\\\/\",\"url\":\"https:\\\/\\\/diariotextual.com\\\/inicio\\\/index.php\\\/2023\\\/12\\\/02\\\/martin-menem-presidira-diputados-y-francisco-paoltroni-el-senado\\\/\",\"name\":\"Mart\u00edn Menem presidir\u00e1 Diputados y Francisco Paoltroni el Senado - Diario Textual\",\"isPartOf\":{\"@id\":\"https:\\\/\\\/diariotextual.com\\\/inicio\\\/#website\"},\"primaryImageOfPage\":{\"@id\":\"https:\\\/\\\/diariotextual.com\\\/inicio\\\/index.php\\\/2023\\\/12\\\/02\\\/martin-menem-presidira-diputados-y-francisco-paoltroni-el-senado\\\/#primaryimage\"},\"image\":{\"@id\":\"https:\\\/\\\/diariotextual.com\\\/inicio\\\/index.php\\\/2023\\\/12\\\/02\\\/martin-menem-presidira-diputados-y-francisco-paoltroni-el-senado\\\/#primaryimage\"},\"thumbnailUrl\":\"https:\\\/\\\/diariotextual.com\\\/inicio\\\/wp-content\\\/uploads\\\/2023\\\/12\\\/paoltronimenem2023-1.jpg\",\"datePublished\":\"2023-12-02T13:25:57+00:00\",\"dateModified\":\"2023-12-02T19:39:55+00:00\",\"breadcrumb\":{\"@id\":\"https:\\\/\\\/diariotextual.com\\\/inicio\\\/index.php\\\/2023\\\/12\\\/02\\\/martin-menem-presidira-diputados-y-francisco-paoltroni-el-senado\\\/#breadcrumb\"},\"inLanguage\":\"es\",\"potentialAction\":[{\"@type\":\"ReadAction\",\"target\":[\"https:\\\/\\\/diariotextual.com\\\/inicio\\\/index.php\\\/2023\\\/12\\\/02\\\/martin-menem-presidira-diputados-y-francisco-paoltroni-el-senado\\\/\"]}]},{\"@type\":\"ImageObject\",\"inLanguage\":\"es\",\"@id\":\"https:\\\/\\\/diariotextual.com\\\/inicio\\\/index.php\\\/2023\\\/12\\\/02\\\/martin-menem-presidira-diputados-y-francisco-paoltroni-el-senado\\\/#primaryimage\",\"url\":\"https:\\\/\\\/diariotextual.com\\\/inicio\\\/wp-content\\\/uploads\\\/2023\\\/12\\\/paoltronimenem2023-1.jpg\",\"contentUrl\":\"https:\\\/\\\/diariotextual.com\\\/inicio\\\/wp-content\\\/uploads\\\/2023\\\/12\\\/paoltronimenem2023-1.jpg\",\"width\":1200,\"height\":675},{\"@type\":\"BreadcrumbList\",\"@id\":\"https:\\\/\\\/diariotextual.com\\\/inicio\\\/index.php\\\/2023\\\/12\\\/02\\\/martin-menem-presidira-diputados-y-francisco-paoltroni-el-senado\\\/#breadcrumb\",\"itemListElement\":[{\"@type\":\"ListItem\",\"position\":1,\"name\":\"Portada\",\"item\":\"https:\\\/\\\/diariotextual.com\\\/inicio\\\/\"},{\"@type\":\"ListItem\",\"position\":2,\"name\":\"Mart\u00edn Menem presidir\u00e1 Diputados y Francisco Paoltroni el Senado\"}]},{\"@type\":\"WebSite\",\"@id\":\"https:\\\/\\\/diariotextual.com\\\/inicio\\\/#website\",\"url\":\"https:\\\/\\\/diariotextual.com\\\/inicio\\\/\",\"name\":\"Diario Textual\",\"description\":\"\",\"publisher\":{\"@id\":\"https:\\\/\\\/diariotextual.com\\\/inicio\\\/#organization\"},\"potentialAction\":[{\"@type\":\"SearchAction\",\"target\":{\"@type\":\"EntryPoint\",\"urlTemplate\":\"https:\\\/\\\/diariotextual.com\\\/inicio\\\/?s={search_term_string}\"},\"query-input\":{\"@type\":\"PropertyValueSpecification\",\"valueRequired\":true,\"valueName\":\"search_term_string\"}}],\"inLanguage\":\"es\"},{\"@type\":\"Organization\",\"@id\":\"https:\\\/\\\/diariotextual.com\\\/inicio\\\/#organization\",\"name\":\"Diario Textual\",\"url\":\"https:\\\/\\\/diariotextual.com\\\/inicio\\\/\",\"logo\":{\"@type\":\"ImageObject\",\"inLanguage\":\"es\",\"@id\":\"https:\\\/\\\/diariotextual.com\\\/inicio\\\/#\\\/schema\\\/logo\\\/image\\\/\",\"url\":\"https:\\\/\\\/diariotextual.com\\\/inicio\\\/wp-content\\\/uploads\\\/2023\\\/05\\\/logotextual1.jpg\",\"contentUrl\":\"https:\\\/\\\/diariotextual.com\\\/inicio\\\/wp-content\\\/uploads\\\/2023\\\/05\\\/logotextual1.jpg\",\"width\":516,\"height\":76,\"caption\":\"Diario Textual\"},\"image\":{\"@id\":\"https:\\\/\\\/diariotextual.com\\\/inicio\\\/#\\\/schema\\\/logo\\\/image\\\/\"},\"sameAs\":[\"https:\\\/\\\/www.facebook.com\\\/eltextual\",\"https:\\\/\\\/x.com\\\/eltextual\",\"http:\\\/\\\/www.instagram.com\\\/eltextual\"]},{\"@type\":\"Person\",\"@id\":\"https:\\\/\\\/diariotextual.com\\\/inicio\\\/#\\\/schema\\\/person\\\/418fc4093c33e86ed41562db3508f958\",\"name\":\"Diario1 Diario1\",\"image\":{\"@type\":\"ImageObject\",\"inLanguage\":\"es\",\"@id\":\"https:\\\/\\\/secure.gravatar.com\\\/avatar\\\/9167d280179c85bc18be67aa7eda765854300033af4896dd779b608640f2ef7a?s=96&d=mm&r=g\",\"url\":\"https:\\\/\\\/secure.gravatar.com\\\/avatar\\\/9167d280179c85bc18be67aa7eda765854300033af4896dd779b608640f2ef7a?s=96&d=mm&r=g\",\"contentUrl\":\"https:\\\/\\\/secure.gravatar.com\\\/avatar\\\/9167d280179c85bc18be67aa7eda765854300033af4896dd779b608640f2ef7a?s=96&d=mm&r=g\",\"caption\":\"Diario1 Diario1\"},\"url\":\"https:\\\/\\\/diariotextual.com\\\/inicio\\\/index.php\\\/author\\\/diario1\\\/\"}]}<\/script>\n<!-- \/ Yoast SEO plugin. -->","yoast_head_json":{"title":"Mart\u00edn Menem presidir\u00e1 Diputados y Francisco Paoltroni el Senado - Diario Textual","robots":{"index":"index","follow":"follow","max-snippet":"max-snippet:-1","max-image-preview":"max-image-preview:large","max-video-preview":"max-video-preview:-1"},"canonical":"https:\/\/diariotextual.com\/inicio\/index.php\/2023\/12\/02\/martin-menem-presidira-diputados-y-francisco-paoltroni-el-senado\/","og_locale":"es_ES","og_type":"article","og_title":"Mart\u00edn Menem presidir\u00e1 Diputados y Francisco Paoltroni el Senado - Diario Textual","og_description":"El designado ministro del Interior de Javier Milei, Guillermo Francos, confirm\u00f3 este s\u00e1bado que\u00a0Mart\u00edn Menem ser\u00e1 propuesto por La Libertad Avanza (LLA) para presidir la C\u00e1mara de Diputados\u00a0a partir del&hellip;","og_url":"https:\/\/diariotextual.com\/inicio\/index.php\/2023\/12\/02\/martin-menem-presidira-diputados-y-francisco-paoltroni-el-senado\/","og_site_name":"Diario Textual","article_publisher":"https:\/\/www.facebook.com\/eltextual","article_published_time":"2023-12-02T13:25:57+00:00","article_modified_time":"2023-12-02T19:39:55+00:00","og_image":[{"width":1200,"height":675,"url":"https:\/\/diariotextual.com\/inicio\/wp-content\/uploads\/2023\/12\/paoltronimenem2023-1.jpg","type":"image\/jpeg"}],"author":"Diario1 Diario1","twitter_card":"summary_large_image","twitter_creator":"@eltextual","twitter_site":"@eltextual","twitter_misc":{"Escrito por":"Diario1 Diario1","Tiempo de lectura":"2 minutos"},"schema":{"@context":"https:\/\/schema.org","@graph":[{"@type":"Article","@id":"https:\/\/diariotextual.com\/inicio\/index.php\/2023\/12\/02\/martin-menem-presidira-diputados-y-francisco-paoltroni-el-senado\/#article","isPartOf":{"@id":"https:\/\/diariotextual.com\/inicio\/index.php\/2023\/12\/02\/martin-menem-presidira-diputados-y-francisco-paoltroni-el-senado\/"},"author":{"name":"Diario1 Diario1","@id":"https:\/\/diariotextual.com\/inicio\/#\/schema\/person\/418fc4093c33e86ed41562db3508f958"},"headline":"Mart\u00edn Menem presidir\u00e1 Diputados y Francisco Paoltroni el Senado","datePublished":"2023-12-02T13:25:57+00:00","dateModified":"2023-12-02T19:39:55+00:00","mainEntityOfPage":{"@id":"https:\/\/diariotextual.com\/inicio\/index.php\/2023\/12\/02\/martin-menem-presidira-diputados-y-francisco-paoltroni-el-senado\/"},"wordCount":367,"publisher":{"@id":"https:\/\/diariotextual.com\/inicio\/#organization"},"image":{"@id":"https:\/\/diariotextual.com\/inicio\/index.php\/2023\/12\/02\/martin-menem-presidira-diputados-y-francisco-paoltroni-el-senado\/#primaryimage"},"thumbnailUrl":"https:\/\/diariotextual.com\/inicio\/wp-content\/uploads\/2023\/12\/paoltronimenem2023-1.jpg","articleSection":["A - ES NOTICIA (van abajo)","POLITICA"],"inLanguage":"es"},{"@type":"WebPage","@id":"https:\/\/diariotextual.com\/inicio\/index.php\/2023\/12\/02\/martin-menem-presidira-diputados-y-francisco-paoltroni-el-senado\/","url":"https:\/\/diariotextual.com\/inicio\/index.php\/2023\/12\/02\/martin-menem-presidira-diputados-y-francisco-paoltroni-el-senado\/","name":"Mart\u00edn Menem presidir\u00e1 Diputados y Francisco Paoltroni el Senado - Diario Textual","isPartOf":{"@id":"https:\/\/diariotextual.com\/inicio\/#website"},"primaryImageOfPage":{"@id":"https:\/\/diariotextual.com\/inicio\/index.php\/2023\/12\/02\/martin-menem-presidira-diputados-y-francisco-paoltroni-el-senado\/#primaryimage"},"image":{"@id":"https:\/\/diariotextual.com\/inicio\/index.php\/2023\/12\/02\/martin-menem-presidira-diputados-y-francisco-paoltroni-el-senado\/#primaryimage"},"thumbnailUrl":"https:\/\/diariotextual.com\/inicio\/wp-content\/uploads\/2023\/12\/paoltronimenem2023-1.jpg","datePublished":"2023-12-02T13:25:57+00:00","dateModified":"2023-12-02T19:39:55+00:00","breadcrumb":{"@id":"https:\/\/diariotextual.com\/inicio\/index.php\/2023\/12\/02\/martin-menem-presidira-diputados-y-francisco-paoltroni-el-senado\/#breadcrumb"},"inLanguage":"es","potentialAction":[{"@type":"ReadAction","target":["https:\/\/diariotextual.com\/inicio\/index.php\/2023\/12\/02\/martin-menem-presidira-diputados-y-francisco-paoltroni-el-senado\/"]}]},{"@type":"ImageObject","inLanguage":"es","@id":"https:\/\/diariotextual.com\/inicio\/index.php\/2023\/12\/02\/martin-menem-presidira-diputados-y-francisco-paoltroni-el-senado\/#primaryimage","url":"https:\/\/diariotextual.com\/inicio\/wp-content\/uploads\/2023\/12\/paoltronimenem2023-1.jpg","contentUrl":"https:\/\/diariotextual.com\/inicio\/wp-content\/uploads\/2023\/12\/paoltronimenem2023-1.jpg","width":1200,"height":675},{"@type":"BreadcrumbList","@id":"https:\/\/diariotextual.com\/inicio\/index.php\/2023\/12\/02\/martin-menem-presidira-diputados-y-francisco-paoltroni-el-senado\/#breadcrumb","itemListElement":[{"@type":"ListItem","position":1,"name":"Portada","item":"https:\/\/diariotextual.com\/inicio\/"},{"@type":"ListItem","position":2,"name":"Mart\u00edn Menem presidir\u00e1 Diputados y Francisco Paoltroni el Senado"}]},{"@type":"WebSite","@id":"https:\/\/diariotextual.com\/inicio\/#website","url":"https:\/\/diariotextual.com\/inicio\/","name":"Diario Textual","description":"","publisher":{"@id":"https:\/\/diariotextual.com\/inicio\/#organization"},"potentialAction":[{"@type":"SearchAction","target":{"@type":"EntryPoint","urlTemplate":"https:\/\/diariotextual.com\/inicio\/?s={search_term_string}"},"query-input":{"@type":"PropertyValueSpecification","valueRequired":true,"valueName":"search_term_string"}}],"inLanguage":"es"},{"@type":"Organization","@id":"https:\/\/diariotextual.com\/inicio\/#organization","name":"Diario Textual","url":"https:\/\/diariotextual.com\/inicio\/","logo":{"@type":"ImageObject","inLanguage":"es","@id":"https:\/\/diariotextual.com\/inicio\/#\/schema\/logo\/image\/","url":"https:\/\/diariotextual.com\/inicio\/wp-content\/uploads\/2023\/05\/logotextual1.jpg","contentUrl":"https:\/\/diariotextual.com\/inicio\/wp-content\/uploads\/2023\/05\/logotextual1.jpg","width":516,"height":76,"caption":"Diario Textual"},"image":{"@id":"https:\/\/diariotextual.com\/inicio\/#\/schema\/logo\/image\/"},"sameAs":["https:\/\/www.facebook.com\/eltextual","https:\/\/x.com\/eltextual","http:\/\/www.instagram.com\/eltextual"]},{"@type":"Person","@id":"https:\/\/diariotextual.com\/inicio\/#\/schema\/person\/418fc4093c33e86ed41562db3508f958","name":"Diario1 Diario1","image":{"@type":"ImageObject","inLanguage":"es","@id":"https:\/\/secure.gravatar.com\/avatar\/9167d280179c85bc18be67aa7eda765854300033af4896dd779b608640f2ef7a?s=96&d=mm&r=g","url":"https:\/\/secure.gravatar.com\/avatar\/9167d280179c85bc18be67aa7eda765854300033af4896dd779b608640f2ef7a?s=96&d=mm&r=g","contentUrl":"https:\/\/secure.gravatar.com\/avatar\/9167d280179c85bc18be67aa7eda765854300033af4896dd779b608640f2ef7a?s=96&d=mm&r=g","caption":"Diario1 Diario1"},"url":"https:\/\/diariotextual.com\/inicio\/index.php\/author\/diario1\/"}]}},"_links":{"self":[{"href":"https:\/\/diariotextual.com\/inicio\/index.php\/wp-json\/wp\/v2\/posts\/246438","targetHints":{"allow":["GET"]}}],"collection":[{"href":"https:\/\/diariotextual.com\/inicio\/index.php\/wp-json\/wp\/v2\/posts"}],"about":[{"href":"https:\/\/diariotextual.com\/inicio\/index.php\/wp-json\/wp\/v2\/types\/post"}],"author":[{"embeddable":true,"href":"https:\/\/diariotextual.com\/inicio\/index.php\/wp-json\/wp\/v2\/users\/3"}],"replies":[{"embeddable":true,"href":"https:\/\/diariotextual.com\/inicio\/index.php\/wp-json\/wp\/v2\/comments?post=246438"}],"version-history":[{"count":2,"href":"https:\/\/diariotextual.com\/inicio\/index.php\/wp-json\/wp\/v2\/posts\/246438\/revisions"}],"predecessor-version":[{"id":246441,"href":"https:\/\/diariotextual.com\/inicio\/index.php\/wp-json\/wp\/v2\/posts\/246438\/revisions\/246441"}],"wp:featuredmedia":[{"embeddable":true,"href":"https:\/\/diariotextual.com\/inicio\/index.php\/wp-json\/wp\/v2\/media\/246440"}],"wp:attachment":[{"href":"https:\/\/diariotextual.com\/inicio\/index.php\/wp-json\/wp\/v2\/media?parent=246438"}],"wp:term":[{"taxonomy":"category","embeddable":true,"href":"https:\/\/diariotextual.com\/inicio\/index.php\/wp-json\/wp\/v2\/categories?post=246438"},{"taxonomy":"post_tag","embeddable":true,"href":"https:\/\/diariotextual.com\/inicio\/index.php\/wp-json\/wp\/v2\/tags?post=246438"}],"curies":[{"name":"wp","href":"https:\/\/api.w.org\/{rel}","templated":true}]}}