{"id":246482,"date":"2023-12-03T09:46:16","date_gmt":"2023-12-03T12:46:16","guid":{"rendered":"https:\/\/diariotextual.com\/inicio\/?p=246482"},"modified":"2023-12-03T20:52:53","modified_gmt":"2023-12-03T23:52:53","slug":"la-convocatoria-de-riquelme-a-marchar-por-boca-como-hincha-voy-a-ser-uno-mas-de-ustedes","status":"publish","type":"post","link":"https:\/\/diariotextual.com\/inicio\/index.php\/2023\/12\/03\/la-convocatoria-de-riquelme-a-marchar-por-boca-como-hincha-voy-a-ser-uno-mas-de-ustedes\/","title":{"rendered":"La convocatoria de Riquelme a marchar por Boca: \u201cComo hincha voy a ser uno m\u00e1s de ustedes\u201d"},"content":{"rendered":"\n<p>El actual vicepresidente segundo, candidato a presidente e \u00eddolo \u201cxeneize\u201d, Juan Rom\u00e1n Riquelme, encabezar\u00e1 la tarde de este domingo una manifestaci\u00f3n de hinchas y socios de Boca en reclamo de las elecciones que deb\u00edan realizarse este domingo y fueron suspendidas por la Justicia.<br><br>Los fan\u00e1ticos boquenses<strong>&nbsp;se concentrar\u00e1n desde las 16.00 en el Parque Lezama y desde all\u00ed marchar\u00e1n hacia la Bombonera por la calle Irala.<\/strong><br><br><strong>Riquelme confirm\u00f3 este s\u00e1bado su presencia con un mensaje publicado en las redes sociales<\/strong>. \u201cLes quiero mandar un beso gigante a los hinchas de Boca y decirles que me siento orgulloso de ser un bostero m\u00e1s. Me enter\u00e9 que se est\u00e1n organizando para ir el domingo al estadio y como hincha de Boca voy a ir a ser uno m\u00e1s de ustedes\u201d, dijo.<\/p>\n\n\n\n<p>Riquelme<strong>&nbsp;lidera la lista del oficialismo para las elecciones<\/strong>&nbsp;que deb\u00eda celebrarse este domingo y se suspendieron luego de una medida cautelar de la jueza Alejandra Abrevaya, quien consider\u00f3 que hab\u00edan irregularidades en el padr\u00f3n electoral con el ingreso de 13.664 socios activos en noviembre de 2021.<br><br>La magistrada fall\u00f3 de esa manera por una denuncia que present\u00f3 la lista opositora que conforman Andr\u00e9s Ibarra y Mauricio Macri.<br><br><strong>La Justicia convoc\u00f3 el jueves a una conciliaci\u00f3n obligatoria&nbsp;<\/strong>pero los equipos legales de ambas facciones no se pusieron de acuerdo en relaci\u00f3n al universo de socios objetados.<br><br>El departamento de legales de Boca present\u00f3 el viernes una apelaci\u00f3n y la C\u00e1mara Nacional de Apelaciones en lo Civil, en segunda instancia, qued\u00f3 con un plazo de tres d\u00edas h\u00e1biles para determinar si celebrar\u00e1n los comicios este a\u00f1o o bien se postergar\u00e1n hasta 2024.<br><br>La \u00faltima fecha posible para el acto electoral es el 17 de diciembre, ya que una semana antes asumir\u00e1 el presidente de la Naci\u00f3n, Javier Milei, y posteriormente ser\u00e1n las jornadas de Nochebuena y A\u00f1o Nuevo, por lo que ser\u00eda imposible.<\/p>\n","protected":false},"excerpt":{"rendered":"<p>El actual vicepresidente segundo, candidato a presidente e \u00eddolo \u201cxeneize\u201d, Juan Rom\u00e1n Riquelme, encabezar\u00e1 la tarde de este domingo una manifestaci\u00f3n de hinchas y socios de Boca en reclamo de&hellip;<\/p>\n","protected":false},"author":3,"featured_media":70492,"comment_status":"closed","ping_status":"open","sticky":false,"template":"","format":"standard","meta":{"_acf_changed":false,"footnotes":""},"categories":[3],"tags":[],"class_list":["post-246482","post","type-post","status-publish","format-standard","has-post-thumbnail","hentry","category-deportes"],"acf":[],"yoast_head":"<!-- This site is optimized with the Yoast SEO plugin v27.5 - https:\/\/yoast.com\/product\/yoast-seo-wordpress\/ -->\n<title>La convocatoria de Riquelme a marchar por Boca: \u201cComo hincha voy a ser uno m\u00e1s de ustedes\u201d - Diario Textual<\/title>\n<meta name=\"robots\" content=\"index, follow, max-snippet:-1, max-image-preview:large, max-video-preview:-1\" \/>\n<link rel=\"canonical\" href=\"https:\/\/diariotextual.com\/inicio\/index.php\/2023\/12\/03\/la-convocatoria-de-riquelme-a-marchar-por-boca-como-hincha-voy-a-ser-uno-mas-de-ustedes\/\" \/>\n<meta property=\"og:locale\" content=\"es_ES\" \/>\n<meta property=\"og:type\" content=\"article\" \/>\n<meta property=\"og:title\" content=\"La convocatoria de Riquelme a marchar por Boca: \u201cComo hincha voy a ser uno m\u00e1s de ustedes\u201d - Diario Textual\" \/>\n<meta property=\"og:description\" content=\"El actual vicepresidente segundo, candidato a presidente e \u00eddolo \u201cxeneize\u201d, Juan Rom\u00e1n Riquelme, encabezar\u00e1 la tarde de este domingo una manifestaci\u00f3n de hinchas y socios de Boca en reclamo de&hellip;\" \/>\n<meta property=\"og:url\" content=\"https:\/\/diariotextual.com\/inicio\/index.php\/2023\/12\/03\/la-convocatoria-de-riquelme-a-marchar-por-boca-como-hincha-voy-a-ser-uno-mas-de-ustedes\/\" \/>\n<meta property=\"og:site_name\" content=\"Diario Textual\" \/>\n<meta property=\"article:publisher\" content=\"https:\/\/www.facebook.com\/eltextual\" \/>\n<meta property=\"article:published_time\" content=\"2023-12-03T12:46:16+00:00\" \/>\n<meta property=\"article:modified_time\" content=\"2023-12-03T23:52:53+00:00\" \/>\n<meta property=\"og:image\" content=\"https:\/\/diariotextual.com\/inicio\/wp-content\/uploads\/2019\/11\/riquelme.png\" \/>\n\t<meta property=\"og:image:width\" content=\"1366\" \/>\n\t<meta property=\"og:image:height\" content=\"765\" \/>\n\t<meta property=\"og:image:type\" content=\"image\/png\" \/>\n<meta name=\"author\" content=\"Diario1 Diario1\" \/>\n<meta name=\"twitter:card\" content=\"summary_large_image\" \/>\n<meta name=\"twitter:creator\" content=\"@eltextual\" \/>\n<meta name=\"twitter:site\" content=\"@eltextual\" \/>\n<meta name=\"twitter:label1\" content=\"Escrito por\" \/>\n\t<meta name=\"twitter:data1\" content=\"Diario1 Diario1\" \/>\n\t<meta name=\"twitter:label2\" content=\"Tiempo de lectura\" \/>\n\t<meta name=\"twitter:data2\" content=\"2 minutos\" \/>\n<script type=\"application\/ld+json\" class=\"yoast-schema-graph\">{\"@context\":\"https:\\\/\\\/schema.org\",\"@graph\":[{\"@type\":\"Article\",\"@id\":\"https:\\\/\\\/diariotextual.com\\\/inicio\\\/index.php\\\/2023\\\/12\\\/03\\\/la-convocatoria-de-riquelme-a-marchar-por-boca-como-hincha-voy-a-ser-uno-mas-de-ustedes\\\/#article\",\"isPartOf\":{\"@id\":\"https:\\\/\\\/diariotextual.com\\\/inicio\\\/index.php\\\/2023\\\/12\\\/03\\\/la-convocatoria-de-riquelme-a-marchar-por-boca-como-hincha-voy-a-ser-uno-mas-de-ustedes\\\/\"},\"author\":{\"name\":\"Diario1 Diario1\",\"@id\":\"https:\\\/\\\/diariotextual.com\\\/inicio\\\/#\\\/schema\\\/person\\\/418fc4093c33e86ed41562db3508f958\"},\"headline\":\"La convocatoria de Riquelme a marchar por Boca: \u201cComo hincha voy a ser uno m\u00e1s de ustedes\u201d\",\"datePublished\":\"2023-12-03T12:46:16+00:00\",\"dateModified\":\"2023-12-03T23:52:53+00:00\",\"mainEntityOfPage\":{\"@id\":\"https:\\\/\\\/diariotextual.com\\\/inicio\\\/index.php\\\/2023\\\/12\\\/03\\\/la-convocatoria-de-riquelme-a-marchar-por-boca-como-hincha-voy-a-ser-uno-mas-de-ustedes\\\/\"},\"wordCount\":355,\"publisher\":{\"@id\":\"https:\\\/\\\/diariotextual.com\\\/inicio\\\/#organization\"},\"image\":{\"@id\":\"https:\\\/\\\/diariotextual.com\\\/inicio\\\/index.php\\\/2023\\\/12\\\/03\\\/la-convocatoria-de-riquelme-a-marchar-por-boca-como-hincha-voy-a-ser-uno-mas-de-ustedes\\\/#primaryimage\"},\"thumbnailUrl\":\"https:\\\/\\\/diariotextual.com\\\/inicio\\\/wp-content\\\/uploads\\\/2019\\\/11\\\/riquelme.png\",\"articleSection\":[\"DEPORTES\"],\"inLanguage\":\"es\"},{\"@type\":\"WebPage\",\"@id\":\"https:\\\/\\\/diariotextual.com\\\/inicio\\\/index.php\\\/2023\\\/12\\\/03\\\/la-convocatoria-de-riquelme-a-marchar-por-boca-como-hincha-voy-a-ser-uno-mas-de-ustedes\\\/\",\"url\":\"https:\\\/\\\/diariotextual.com\\\/inicio\\\/index.php\\\/2023\\\/12\\\/03\\\/la-convocatoria-de-riquelme-a-marchar-por-boca-como-hincha-voy-a-ser-uno-mas-de-ustedes\\\/\",\"name\":\"La convocatoria de Riquelme a marchar por Boca: \u201cComo hincha voy a ser uno m\u00e1s de ustedes\u201d - Diario Textual\",\"isPartOf\":{\"@id\":\"https:\\\/\\\/diariotextual.com\\\/inicio\\\/#website\"},\"primaryImageOfPage\":{\"@id\":\"https:\\\/\\\/diariotextual.com\\\/inicio\\\/index.php\\\/2023\\\/12\\\/03\\\/la-convocatoria-de-riquelme-a-marchar-por-boca-como-hincha-voy-a-ser-uno-mas-de-ustedes\\\/#primaryimage\"},\"image\":{\"@id\":\"https:\\\/\\\/diariotextual.com\\\/inicio\\\/index.php\\\/2023\\\/12\\\/03\\\/la-convocatoria-de-riquelme-a-marchar-por-boca-como-hincha-voy-a-ser-uno-mas-de-ustedes\\\/#primaryimage\"},\"thumbnailUrl\":\"https:\\\/\\\/diariotextual.com\\\/inicio\\\/wp-content\\\/uploads\\\/2019\\\/11\\\/riquelme.png\",\"datePublished\":\"2023-12-03T12:46:16+00:00\",\"dateModified\":\"2023-12-03T23:52:53+00:00\",\"breadcrumb\":{\"@id\":\"https:\\\/\\\/diariotextual.com\\\/inicio\\\/index.php\\\/2023\\\/12\\\/03\\\/la-convocatoria-de-riquelme-a-marchar-por-boca-como-hincha-voy-a-ser-uno-mas-de-ustedes\\\/#breadcrumb\"},\"inLanguage\":\"es\",\"potentialAction\":[{\"@type\":\"ReadAction\",\"target\":[\"https:\\\/\\\/diariotextual.com\\\/inicio\\\/index.php\\\/2023\\\/12\\\/03\\\/la-convocatoria-de-riquelme-a-marchar-por-boca-como-hincha-voy-a-ser-uno-mas-de-ustedes\\\/\"]}]},{\"@type\":\"ImageObject\",\"inLanguage\":\"es\",\"@id\":\"https:\\\/\\\/diariotextual.com\\\/inicio\\\/index.php\\\/2023\\\/12\\\/03\\\/la-convocatoria-de-riquelme-a-marchar-por-boca-como-hincha-voy-a-ser-uno-mas-de-ustedes\\\/#primaryimage\",\"url\":\"https:\\\/\\\/diariotextual.com\\\/inicio\\\/wp-content\\\/uploads\\\/2019\\\/11\\\/riquelme.png\",\"contentUrl\":\"https:\\\/\\\/diariotextual.com\\\/inicio\\\/wp-content\\\/uploads\\\/2019\\\/11\\\/riquelme.png\",\"width\":1366,\"height\":765},{\"@type\":\"BreadcrumbList\",\"@id\":\"https:\\\/\\\/diariotextual.com\\\/inicio\\\/index.php\\\/2023\\\/12\\\/03\\\/la-convocatoria-de-riquelme-a-marchar-por-boca-como-hincha-voy-a-ser-uno-mas-de-ustedes\\\/#breadcrumb\",\"itemListElement\":[{\"@type\":\"ListItem\",\"position\":1,\"name\":\"Portada\",\"item\":\"https:\\\/\\\/diariotextual.com\\\/inicio\\\/\"},{\"@type\":\"ListItem\",\"position\":2,\"name\":\"La convocatoria de Riquelme a marchar por Boca: \u201cComo hincha voy a ser uno m\u00e1s de ustedes\u201d\"}]},{\"@type\":\"WebSite\",\"@id\":\"https:\\\/\\\/diariotextual.com\\\/inicio\\\/#website\",\"url\":\"https:\\\/\\\/diariotextual.com\\\/inicio\\\/\",\"name\":\"Diario Textual\",\"description\":\"\",\"publisher\":{\"@id\":\"https:\\\/\\\/diariotextual.com\\\/inicio\\\/#organization\"},\"potentialAction\":[{\"@type\":\"SearchAction\",\"target\":{\"@type\":\"EntryPoint\",\"urlTemplate\":\"https:\\\/\\\/diariotextual.com\\\/inicio\\\/?s={search_term_string}\"},\"query-input\":{\"@type\":\"PropertyValueSpecification\",\"valueRequired\":true,\"valueName\":\"search_term_string\"}}],\"inLanguage\":\"es\"},{\"@type\":\"Organization\",\"@id\":\"https:\\\/\\\/diariotextual.com\\\/inicio\\\/#organization\",\"name\":\"Diario Textual\",\"url\":\"https:\\\/\\\/diariotextual.com\\\/inicio\\\/\",\"logo\":{\"@type\":\"ImageObject\",\"inLanguage\":\"es\",\"@id\":\"https:\\\/\\\/diariotextual.com\\\/inicio\\\/#\\\/schema\\\/logo\\\/image\\\/\",\"url\":\"https:\\\/\\\/diariotextual.com\\\/inicio\\\/wp-content\\\/uploads\\\/2023\\\/05\\\/logotextual1.jpg\",\"contentUrl\":\"https:\\\/\\\/diariotextual.com\\\/inicio\\\/wp-content\\\/uploads\\\/2023\\\/05\\\/logotextual1.jpg\",\"width\":516,\"height\":76,\"caption\":\"Diario Textual\"},\"image\":{\"@id\":\"https:\\\/\\\/diariotextual.com\\\/inicio\\\/#\\\/schema\\\/logo\\\/image\\\/\"},\"sameAs\":[\"https:\\\/\\\/www.facebook.com\\\/eltextual\",\"https:\\\/\\\/x.com\\\/eltextual\",\"http:\\\/\\\/www.instagram.com\\\/eltextual\"]},{\"@type\":\"Person\",\"@id\":\"https:\\\/\\\/diariotextual.com\\\/inicio\\\/#\\\/schema\\\/person\\\/418fc4093c33e86ed41562db3508f958\",\"name\":\"Diario1 Diario1\",\"image\":{\"@type\":\"ImageObject\",\"inLanguage\":\"es\",\"@id\":\"https:\\\/\\\/secure.gravatar.com\\\/avatar\\\/9167d280179c85bc18be67aa7eda765854300033af4896dd779b608640f2ef7a?s=96&d=mm&r=g\",\"url\":\"https:\\\/\\\/secure.gravatar.com\\\/avatar\\\/9167d280179c85bc18be67aa7eda765854300033af4896dd779b608640f2ef7a?s=96&d=mm&r=g\",\"contentUrl\":\"https:\\\/\\\/secure.gravatar.com\\\/avatar\\\/9167d280179c85bc18be67aa7eda765854300033af4896dd779b608640f2ef7a?s=96&d=mm&r=g\",\"caption\":\"Diario1 Diario1\"},\"url\":\"https:\\\/\\\/diariotextual.com\\\/inicio\\\/index.php\\\/author\\\/diario1\\\/\"}]}<\/script>\n<!-- \/ Yoast SEO plugin. -->","yoast_head_json":{"title":"La convocatoria de Riquelme a marchar por Boca: \u201cComo hincha voy a ser uno m\u00e1s de ustedes\u201d - Diario Textual","robots":{"index":"index","follow":"follow","max-snippet":"max-snippet:-1","max-image-preview":"max-image-preview:large","max-video-preview":"max-video-preview:-1"},"canonical":"https:\/\/diariotextual.com\/inicio\/index.php\/2023\/12\/03\/la-convocatoria-de-riquelme-a-marchar-por-boca-como-hincha-voy-a-ser-uno-mas-de-ustedes\/","og_locale":"es_ES","og_type":"article","og_title":"La convocatoria de Riquelme a marchar por Boca: \u201cComo hincha voy a ser uno m\u00e1s de ustedes\u201d - Diario Textual","og_description":"El actual vicepresidente segundo, candidato a presidente e \u00eddolo \u201cxeneize\u201d, Juan Rom\u00e1n Riquelme, encabezar\u00e1 la tarde de este domingo una manifestaci\u00f3n de hinchas y socios de Boca en reclamo de&hellip;","og_url":"https:\/\/diariotextual.com\/inicio\/index.php\/2023\/12\/03\/la-convocatoria-de-riquelme-a-marchar-por-boca-como-hincha-voy-a-ser-uno-mas-de-ustedes\/","og_site_name":"Diario Textual","article_publisher":"https:\/\/www.facebook.com\/eltextual","article_published_time":"2023-12-03T12:46:16+00:00","article_modified_time":"2023-12-03T23:52:53+00:00","og_image":[{"width":1366,"height":765,"url":"https:\/\/diariotextual.com\/inicio\/wp-content\/uploads\/2019\/11\/riquelme.png","type":"image\/png"}],"author":"Diario1 Diario1","twitter_card":"summary_large_image","twitter_creator":"@eltextual","twitter_site":"@eltextual","twitter_misc":{"Escrito por":"Diario1 Diario1","Tiempo de lectura":"2 minutos"},"schema":{"@context":"https:\/\/schema.org","@graph":[{"@type":"Article","@id":"https:\/\/diariotextual.com\/inicio\/index.php\/2023\/12\/03\/la-convocatoria-de-riquelme-a-marchar-por-boca-como-hincha-voy-a-ser-uno-mas-de-ustedes\/#article","isPartOf":{"@id":"https:\/\/diariotextual.com\/inicio\/index.php\/2023\/12\/03\/la-convocatoria-de-riquelme-a-marchar-por-boca-como-hincha-voy-a-ser-uno-mas-de-ustedes\/"},"author":{"name":"Diario1 Diario1","@id":"https:\/\/diariotextual.com\/inicio\/#\/schema\/person\/418fc4093c33e86ed41562db3508f958"},"headline":"La convocatoria de Riquelme a marchar por Boca: \u201cComo hincha voy a ser uno m\u00e1s de ustedes\u201d","datePublished":"2023-12-03T12:46:16+00:00","dateModified":"2023-12-03T23:52:53+00:00","mainEntityOfPage":{"@id":"https:\/\/diariotextual.com\/inicio\/index.php\/2023\/12\/03\/la-convocatoria-de-riquelme-a-marchar-por-boca-como-hincha-voy-a-ser-uno-mas-de-ustedes\/"},"wordCount":355,"publisher":{"@id":"https:\/\/diariotextual.com\/inicio\/#organization"},"image":{"@id":"https:\/\/diariotextual.com\/inicio\/index.php\/2023\/12\/03\/la-convocatoria-de-riquelme-a-marchar-por-boca-como-hincha-voy-a-ser-uno-mas-de-ustedes\/#primaryimage"},"thumbnailUrl":"https:\/\/diariotextual.com\/inicio\/wp-content\/uploads\/2019\/11\/riquelme.png","articleSection":["DEPORTES"],"inLanguage":"es"},{"@type":"WebPage","@id":"https:\/\/diariotextual.com\/inicio\/index.php\/2023\/12\/03\/la-convocatoria-de-riquelme-a-marchar-por-boca-como-hincha-voy-a-ser-uno-mas-de-ustedes\/","url":"https:\/\/diariotextual.com\/inicio\/index.php\/2023\/12\/03\/la-convocatoria-de-riquelme-a-marchar-por-boca-como-hincha-voy-a-ser-uno-mas-de-ustedes\/","name":"La convocatoria de Riquelme a marchar por Boca: \u201cComo hincha voy a ser uno m\u00e1s de ustedes\u201d - Diario Textual","isPartOf":{"@id":"https:\/\/diariotextual.com\/inicio\/#website"},"primaryImageOfPage":{"@id":"https:\/\/diariotextual.com\/inicio\/index.php\/2023\/12\/03\/la-convocatoria-de-riquelme-a-marchar-por-boca-como-hincha-voy-a-ser-uno-mas-de-ustedes\/#primaryimage"},"image":{"@id":"https:\/\/diariotextual.com\/inicio\/index.php\/2023\/12\/03\/la-convocatoria-de-riquelme-a-marchar-por-boca-como-hincha-voy-a-ser-uno-mas-de-ustedes\/#primaryimage"},"thumbnailUrl":"https:\/\/diariotextual.com\/inicio\/wp-content\/uploads\/2019\/11\/riquelme.png","datePublished":"2023-12-03T12:46:16+00:00","dateModified":"2023-12-03T23:52:53+00:00","breadcrumb":{"@id":"https:\/\/diariotextual.com\/inicio\/index.php\/2023\/12\/03\/la-convocatoria-de-riquelme-a-marchar-por-boca-como-hincha-voy-a-ser-uno-mas-de-ustedes\/#breadcrumb"},"inLanguage":"es","potentialAction":[{"@type":"ReadAction","target":["https:\/\/diariotextual.com\/inicio\/index.php\/2023\/12\/03\/la-convocatoria-de-riquelme-a-marchar-por-boca-como-hincha-voy-a-ser-uno-mas-de-ustedes\/"]}]},{"@type":"ImageObject","inLanguage":"es","@id":"https:\/\/diariotextual.com\/inicio\/index.php\/2023\/12\/03\/la-convocatoria-de-riquelme-a-marchar-por-boca-como-hincha-voy-a-ser-uno-mas-de-ustedes\/#primaryimage","url":"https:\/\/diariotextual.com\/inicio\/wp-content\/uploads\/2019\/11\/riquelme.png","contentUrl":"https:\/\/diariotextual.com\/inicio\/wp-content\/uploads\/2019\/11\/riquelme.png","width":1366,"height":765},{"@type":"BreadcrumbList","@id":"https:\/\/diariotextual.com\/inicio\/index.php\/2023\/12\/03\/la-convocatoria-de-riquelme-a-marchar-por-boca-como-hincha-voy-a-ser-uno-mas-de-ustedes\/#breadcrumb","itemListElement":[{"@type":"ListItem","position":1,"name":"Portada","item":"https:\/\/diariotextual.com\/inicio\/"},{"@type":"ListItem","position":2,"name":"La convocatoria de Riquelme a marchar por Boca: \u201cComo hincha voy a ser uno m\u00e1s de ustedes\u201d"}]},{"@type":"WebSite","@id":"https:\/\/diariotextual.com\/inicio\/#website","url":"https:\/\/diariotextual.com\/inicio\/","name":"Diario Textual","description":"","publisher":{"@id":"https:\/\/diariotextual.com\/inicio\/#organization"},"potentialAction":[{"@type":"SearchAction","target":{"@type":"EntryPoint","urlTemplate":"https:\/\/diariotextual.com\/inicio\/?s={search_term_string}"},"query-input":{"@type":"PropertyValueSpecification","valueRequired":true,"valueName":"search_term_string"}}],"inLanguage":"es"},{"@type":"Organization","@id":"https:\/\/diariotextual.com\/inicio\/#organization","name":"Diario Textual","url":"https:\/\/diariotextual.com\/inicio\/","logo":{"@type":"ImageObject","inLanguage":"es","@id":"https:\/\/diariotextual.com\/inicio\/#\/schema\/logo\/image\/","url":"https:\/\/diariotextual.com\/inicio\/wp-content\/uploads\/2023\/05\/logotextual1.jpg","contentUrl":"https:\/\/diariotextual.com\/inicio\/wp-content\/uploads\/2023\/05\/logotextual1.jpg","width":516,"height":76,"caption":"Diario Textual"},"image":{"@id":"https:\/\/diariotextual.com\/inicio\/#\/schema\/logo\/image\/"},"sameAs":["https:\/\/www.facebook.com\/eltextual","https:\/\/x.com\/eltextual","http:\/\/www.instagram.com\/eltextual"]},{"@type":"Person","@id":"https:\/\/diariotextual.com\/inicio\/#\/schema\/person\/418fc4093c33e86ed41562db3508f958","name":"Diario1 Diario1","image":{"@type":"ImageObject","inLanguage":"es","@id":"https:\/\/secure.gravatar.com\/avatar\/9167d280179c85bc18be67aa7eda765854300033af4896dd779b608640f2ef7a?s=96&d=mm&r=g","url":"https:\/\/secure.gravatar.com\/avatar\/9167d280179c85bc18be67aa7eda765854300033af4896dd779b608640f2ef7a?s=96&d=mm&r=g","contentUrl":"https:\/\/secure.gravatar.com\/avatar\/9167d280179c85bc18be67aa7eda765854300033af4896dd779b608640f2ef7a?s=96&d=mm&r=g","caption":"Diario1 Diario1"},"url":"https:\/\/diariotextual.com\/inicio\/index.php\/author\/diario1\/"}]}},"_links":{"self":[{"href":"https:\/\/diariotextual.com\/inicio\/index.php\/wp-json\/wp\/v2\/posts\/246482","targetHints":{"allow":["GET"]}}],"collection":[{"href":"https:\/\/diariotextual.com\/inicio\/index.php\/wp-json\/wp\/v2\/posts"}],"about":[{"href":"https:\/\/diariotextual.com\/inicio\/index.php\/wp-json\/wp\/v2\/types\/post"}],"author":[{"embeddable":true,"href":"https:\/\/diariotextual.com\/inicio\/index.php\/wp-json\/wp\/v2\/users\/3"}],"replies":[{"embeddable":true,"href":"https:\/\/diariotextual.com\/inicio\/index.php\/wp-json\/wp\/v2\/comments?post=246482"}],"version-history":[{"count":1,"href":"https:\/\/diariotextual.com\/inicio\/index.php\/wp-json\/wp\/v2\/posts\/246482\/revisions"}],"predecessor-version":[{"id":246484,"href":"https:\/\/diariotextual.com\/inicio\/index.php\/wp-json\/wp\/v2\/posts\/246482\/revisions\/246484"}],"wp:featuredmedia":[{"embeddable":true,"href":"https:\/\/diariotextual.com\/inicio\/index.php\/wp-json\/wp\/v2\/media\/70492"}],"wp:attachment":[{"href":"https:\/\/diariotextual.com\/inicio\/index.php\/wp-json\/wp\/v2\/media?parent=246482"}],"wp:term":[{"taxonomy":"category","embeddable":true,"href":"https:\/\/diariotextual.com\/inicio\/index.php\/wp-json\/wp\/v2\/categories?post=246482"},{"taxonomy":"post_tag","embeddable":true,"href":"https:\/\/diariotextual.com\/inicio\/index.php\/wp-json\/wp\/v2\/tags?post=246482"}],"curies":[{"name":"wp","href":"https:\/\/api.w.org\/{rel}","templated":true}]}}