{"id":246545,"date":"2023-12-03T21:26:21","date_gmt":"2023-12-04T00:26:21","guid":{"rendered":"https:\/\/diariotextual.com\/inicio\/?p=246545"},"modified":"2023-12-03T21:26:24","modified_gmt":"2023-12-04T00:26:24","slug":"tc-german-todino-gano-en-san-juan-pero-werner-se-quedo-con-el-tricampeonato","status":"publish","type":"post","link":"https:\/\/diariotextual.com\/inicio\/index.php\/2023\/12\/03\/tc-german-todino-gano-en-san-juan-pero-werner-se-quedo-con-el-tricampeonato\/","title":{"rendered":"TC: Germ\u00e1n Todino gan\u00f3 en San Juan, pero Werner se qued\u00f3 con el tricampeonato"},"content":{"rendered":"\n<p>Germ\u00e1n Todino cerr\u00f3 un fin de semana perfecto en la definici\u00f3n del campeonato 2023 que disput\u00f3 este domingo el TC en San Juan: logr\u00f3 la pole position, gan\u00f3 la serie y la final y con cuatro victorias conquistadas es el piloto m\u00e1s ganador de la temporada. Mariano Werner, quien lleg\u00f3 en el cuarto puesto en San Juan, finalmente pudo concretar el tricampeonato de Turismo Carretera.<\/p>\n\n\n\n<figure class=\"wp-block-embed is-type-rich is-provider-twitter wp-block-embed-twitter\"><div class=\"wp-block-embed__wrapper\">\nhttps:\/\/twitter.com\/ok_todino\/status\/1731468221436281123\n<\/div><\/figure>\n\n\n\n<p>En el balance anual fue el mejor piloto de la marca Dodge, los cuatro podios que integr\u00f3 fueron con victorias, termin\u00f3 3\u00b0 en el campeonato y complet\u00f3 47 carreras en su tercera temporada dentro de la categor\u00eda en la que ya integr\u00f3 dos Copas de Oro.<\/p>\n\n\n\n<p>De esta manera Germ\u00e1n Todino cerr\u00f3 un gran a\u00f1o y de la mejor manera en el TC, con una victoria y festejando en el podio que en esta fecha comparti\u00f3 con Julian Santero y Agust\u00edn Canapino.<\/p>\n\n\n\n<p><\/p>\n","protected":false},"excerpt":{"rendered":"<p>Germ\u00e1n Todino cerr\u00f3 un fin de semana perfecto en la definici\u00f3n del campeonato 2023 que disput\u00f3 este domingo el TC en San Juan: logr\u00f3 la pole position, gan\u00f3 la serie&hellip;<\/p>\n","protected":false},"author":3,"featured_media":246547,"comment_status":"closed","ping_status":"open","sticky":false,"template":"","format":"standard","meta":{"_acf_changed":false,"footnotes":""},"categories":[1,3],"tags":[],"class_list":["post-246545","post","type-post","status-publish","format-standard","has-post-thumbnail","hentry","category-es-noticia","category-deportes"],"acf":[],"yoast_head":"<!-- This site is optimized with the Yoast SEO plugin v27.5 - https:\/\/yoast.com\/product\/yoast-seo-wordpress\/ -->\n<title>TC: Germ\u00e1n Todino gan\u00f3 en San Juan, pero Werner se qued\u00f3 con el tricampeonato - Diario Textual<\/title>\n<meta name=\"robots\" content=\"index, follow, max-snippet:-1, max-image-preview:large, max-video-preview:-1\" \/>\n<link rel=\"canonical\" href=\"https:\/\/diariotextual.com\/inicio\/index.php\/2023\/12\/03\/tc-german-todino-gano-en-san-juan-pero-werner-se-quedo-con-el-tricampeonato\/\" \/>\n<meta property=\"og:locale\" content=\"es_ES\" \/>\n<meta property=\"og:type\" content=\"article\" \/>\n<meta property=\"og:title\" content=\"TC: Germ\u00e1n Todino gan\u00f3 en San Juan, pero Werner se qued\u00f3 con el tricampeonato - Diario Textual\" \/>\n<meta property=\"og:description\" content=\"Germ\u00e1n Todino cerr\u00f3 un fin de semana perfecto en la definici\u00f3n del campeonato 2023 que disput\u00f3 este domingo el TC en San Juan: logr\u00f3 la pole position, gan\u00f3 la serie&hellip;\" \/>\n<meta property=\"og:url\" content=\"https:\/\/diariotextual.com\/inicio\/index.php\/2023\/12\/03\/tc-german-todino-gano-en-san-juan-pero-werner-se-quedo-con-el-tricampeonato\/\" \/>\n<meta property=\"og:site_name\" content=\"Diario Textual\" \/>\n<meta property=\"article:publisher\" content=\"https:\/\/www.facebook.com\/eltextual\" \/>\n<meta property=\"article:published_time\" content=\"2023-12-04T00:26:21+00:00\" \/>\n<meta property=\"article:modified_time\" content=\"2023-12-04T00:26:24+00:00\" \/>\n<meta property=\"og:image\" content=\"https:\/\/diariotextual.com\/inicio\/wp-content\/uploads\/2023\/12\/wernermariano2023-1.jpg\" \/>\n\t<meta property=\"og:image:width\" content=\"1800\" \/>\n\t<meta property=\"og:image:height\" content=\"1198\" \/>\n\t<meta property=\"og:image:type\" content=\"image\/jpeg\" \/>\n<meta name=\"author\" content=\"Diario1 Diario1\" \/>\n<meta name=\"twitter:card\" content=\"summary_large_image\" \/>\n<meta name=\"twitter:creator\" content=\"@eltextual\" \/>\n<meta name=\"twitter:site\" content=\"@eltextual\" \/>\n<meta name=\"twitter:label1\" content=\"Escrito por\" \/>\n\t<meta name=\"twitter:data1\" content=\"Diario1 Diario1\" \/>\n\t<meta name=\"twitter:label2\" content=\"Tiempo de lectura\" \/>\n\t<meta name=\"twitter:data2\" content=\"1 minuto\" \/>\n<script type=\"application\/ld+json\" class=\"yoast-schema-graph\">{\"@context\":\"https:\\\/\\\/schema.org\",\"@graph\":[{\"@type\":\"Article\",\"@id\":\"https:\\\/\\\/diariotextual.com\\\/inicio\\\/index.php\\\/2023\\\/12\\\/03\\\/tc-german-todino-gano-en-san-juan-pero-werner-se-quedo-con-el-tricampeonato\\\/#article\",\"isPartOf\":{\"@id\":\"https:\\\/\\\/diariotextual.com\\\/inicio\\\/index.php\\\/2023\\\/12\\\/03\\\/tc-german-todino-gano-en-san-juan-pero-werner-se-quedo-con-el-tricampeonato\\\/\"},\"author\":{\"name\":\"Diario1 Diario1\",\"@id\":\"https:\\\/\\\/diariotextual.com\\\/inicio\\\/#\\\/schema\\\/person\\\/418fc4093c33e86ed41562db3508f958\"},\"headline\":\"TC: Germ\u00e1n Todino gan\u00f3 en San Juan, pero Werner se qued\u00f3 con el tricampeonato\",\"datePublished\":\"2023-12-04T00:26:21+00:00\",\"dateModified\":\"2023-12-04T00:26:24+00:00\",\"mainEntityOfPage\":{\"@id\":\"https:\\\/\\\/diariotextual.com\\\/inicio\\\/index.php\\\/2023\\\/12\\\/03\\\/tc-german-todino-gano-en-san-juan-pero-werner-se-quedo-con-el-tricampeonato\\\/\"},\"wordCount\":172,\"publisher\":{\"@id\":\"https:\\\/\\\/diariotextual.com\\\/inicio\\\/#organization\"},\"image\":{\"@id\":\"https:\\\/\\\/diariotextual.com\\\/inicio\\\/index.php\\\/2023\\\/12\\\/03\\\/tc-german-todino-gano-en-san-juan-pero-werner-se-quedo-con-el-tricampeonato\\\/#primaryimage\"},\"thumbnailUrl\":\"https:\\\/\\\/diariotextual.com\\\/inicio\\\/wp-content\\\/uploads\\\/2023\\\/12\\\/wernermariano2023-1.jpg\",\"articleSection\":[\"A - ES NOTICIA (van abajo)\",\"DEPORTES\"],\"inLanguage\":\"es\"},{\"@type\":\"WebPage\",\"@id\":\"https:\\\/\\\/diariotextual.com\\\/inicio\\\/index.php\\\/2023\\\/12\\\/03\\\/tc-german-todino-gano-en-san-juan-pero-werner-se-quedo-con-el-tricampeonato\\\/\",\"url\":\"https:\\\/\\\/diariotextual.com\\\/inicio\\\/index.php\\\/2023\\\/12\\\/03\\\/tc-german-todino-gano-en-san-juan-pero-werner-se-quedo-con-el-tricampeonato\\\/\",\"name\":\"TC: Germ\u00e1n Todino gan\u00f3 en San Juan, pero Werner se qued\u00f3 con el tricampeonato - Diario Textual\",\"isPartOf\":{\"@id\":\"https:\\\/\\\/diariotextual.com\\\/inicio\\\/#website\"},\"primaryImageOfPage\":{\"@id\":\"https:\\\/\\\/diariotextual.com\\\/inicio\\\/index.php\\\/2023\\\/12\\\/03\\\/tc-german-todino-gano-en-san-juan-pero-werner-se-quedo-con-el-tricampeonato\\\/#primaryimage\"},\"image\":{\"@id\":\"https:\\\/\\\/diariotextual.com\\\/inicio\\\/index.php\\\/2023\\\/12\\\/03\\\/tc-german-todino-gano-en-san-juan-pero-werner-se-quedo-con-el-tricampeonato\\\/#primaryimage\"},\"thumbnailUrl\":\"https:\\\/\\\/diariotextual.com\\\/inicio\\\/wp-content\\\/uploads\\\/2023\\\/12\\\/wernermariano2023-1.jpg\",\"datePublished\":\"2023-12-04T00:26:21+00:00\",\"dateModified\":\"2023-12-04T00:26:24+00:00\",\"breadcrumb\":{\"@id\":\"https:\\\/\\\/diariotextual.com\\\/inicio\\\/index.php\\\/2023\\\/12\\\/03\\\/tc-german-todino-gano-en-san-juan-pero-werner-se-quedo-con-el-tricampeonato\\\/#breadcrumb\"},\"inLanguage\":\"es\",\"potentialAction\":[{\"@type\":\"ReadAction\",\"target\":[\"https:\\\/\\\/diariotextual.com\\\/inicio\\\/index.php\\\/2023\\\/12\\\/03\\\/tc-german-todino-gano-en-san-juan-pero-werner-se-quedo-con-el-tricampeonato\\\/\"]}]},{\"@type\":\"ImageObject\",\"inLanguage\":\"es\",\"@id\":\"https:\\\/\\\/diariotextual.com\\\/inicio\\\/index.php\\\/2023\\\/12\\\/03\\\/tc-german-todino-gano-en-san-juan-pero-werner-se-quedo-con-el-tricampeonato\\\/#primaryimage\",\"url\":\"https:\\\/\\\/diariotextual.com\\\/inicio\\\/wp-content\\\/uploads\\\/2023\\\/12\\\/wernermariano2023-1.jpg\",\"contentUrl\":\"https:\\\/\\\/diariotextual.com\\\/inicio\\\/wp-content\\\/uploads\\\/2023\\\/12\\\/wernermariano2023-1.jpg\",\"width\":1800,\"height\":1198},{\"@type\":\"BreadcrumbList\",\"@id\":\"https:\\\/\\\/diariotextual.com\\\/inicio\\\/index.php\\\/2023\\\/12\\\/03\\\/tc-german-todino-gano-en-san-juan-pero-werner-se-quedo-con-el-tricampeonato\\\/#breadcrumb\",\"itemListElement\":[{\"@type\":\"ListItem\",\"position\":1,\"name\":\"Portada\",\"item\":\"https:\\\/\\\/diariotextual.com\\\/inicio\\\/\"},{\"@type\":\"ListItem\",\"position\":2,\"name\":\"TC: Germ\u00e1n Todino gan\u00f3 en San Juan, pero Werner se qued\u00f3 con el tricampeonato\"}]},{\"@type\":\"WebSite\",\"@id\":\"https:\\\/\\\/diariotextual.com\\\/inicio\\\/#website\",\"url\":\"https:\\\/\\\/diariotextual.com\\\/inicio\\\/\",\"name\":\"Diario Textual\",\"description\":\"\",\"publisher\":{\"@id\":\"https:\\\/\\\/diariotextual.com\\\/inicio\\\/#organization\"},\"potentialAction\":[{\"@type\":\"SearchAction\",\"target\":{\"@type\":\"EntryPoint\",\"urlTemplate\":\"https:\\\/\\\/diariotextual.com\\\/inicio\\\/?s={search_term_string}\"},\"query-input\":{\"@type\":\"PropertyValueSpecification\",\"valueRequired\":true,\"valueName\":\"search_term_string\"}}],\"inLanguage\":\"es\"},{\"@type\":\"Organization\",\"@id\":\"https:\\\/\\\/diariotextual.com\\\/inicio\\\/#organization\",\"name\":\"Diario Textual\",\"url\":\"https:\\\/\\\/diariotextual.com\\\/inicio\\\/\",\"logo\":{\"@type\":\"ImageObject\",\"inLanguage\":\"es\",\"@id\":\"https:\\\/\\\/diariotextual.com\\\/inicio\\\/#\\\/schema\\\/logo\\\/image\\\/\",\"url\":\"https:\\\/\\\/diariotextual.com\\\/inicio\\\/wp-content\\\/uploads\\\/2023\\\/05\\\/logotextual1.jpg\",\"contentUrl\":\"https:\\\/\\\/diariotextual.com\\\/inicio\\\/wp-content\\\/uploads\\\/2023\\\/05\\\/logotextual1.jpg\",\"width\":516,\"height\":76,\"caption\":\"Diario Textual\"},\"image\":{\"@id\":\"https:\\\/\\\/diariotextual.com\\\/inicio\\\/#\\\/schema\\\/logo\\\/image\\\/\"},\"sameAs\":[\"https:\\\/\\\/www.facebook.com\\\/eltextual\",\"https:\\\/\\\/x.com\\\/eltextual\",\"http:\\\/\\\/www.instagram.com\\\/eltextual\"]},{\"@type\":\"Person\",\"@id\":\"https:\\\/\\\/diariotextual.com\\\/inicio\\\/#\\\/schema\\\/person\\\/418fc4093c33e86ed41562db3508f958\",\"name\":\"Diario1 Diario1\",\"image\":{\"@type\":\"ImageObject\",\"inLanguage\":\"es\",\"@id\":\"https:\\\/\\\/secure.gravatar.com\\\/avatar\\\/9167d280179c85bc18be67aa7eda765854300033af4896dd779b608640f2ef7a?s=96&d=mm&r=g\",\"url\":\"https:\\\/\\\/secure.gravatar.com\\\/avatar\\\/9167d280179c85bc18be67aa7eda765854300033af4896dd779b608640f2ef7a?s=96&d=mm&r=g\",\"contentUrl\":\"https:\\\/\\\/secure.gravatar.com\\\/avatar\\\/9167d280179c85bc18be67aa7eda765854300033af4896dd779b608640f2ef7a?s=96&d=mm&r=g\",\"caption\":\"Diario1 Diario1\"},\"url\":\"https:\\\/\\\/diariotextual.com\\\/inicio\\\/index.php\\\/author\\\/diario1\\\/\"}]}<\/script>\n<!-- \/ Yoast SEO plugin. -->","yoast_head_json":{"title":"TC: Germ\u00e1n Todino gan\u00f3 en San Juan, pero Werner se qued\u00f3 con el tricampeonato - Diario Textual","robots":{"index":"index","follow":"follow","max-snippet":"max-snippet:-1","max-image-preview":"max-image-preview:large","max-video-preview":"max-video-preview:-1"},"canonical":"https:\/\/diariotextual.com\/inicio\/index.php\/2023\/12\/03\/tc-german-todino-gano-en-san-juan-pero-werner-se-quedo-con-el-tricampeonato\/","og_locale":"es_ES","og_type":"article","og_title":"TC: Germ\u00e1n Todino gan\u00f3 en San Juan, pero Werner se qued\u00f3 con el tricampeonato - Diario Textual","og_description":"Germ\u00e1n Todino cerr\u00f3 un fin de semana perfecto en la definici\u00f3n del campeonato 2023 que disput\u00f3 este domingo el TC en San Juan: logr\u00f3 la pole position, gan\u00f3 la serie&hellip;","og_url":"https:\/\/diariotextual.com\/inicio\/index.php\/2023\/12\/03\/tc-german-todino-gano-en-san-juan-pero-werner-se-quedo-con-el-tricampeonato\/","og_site_name":"Diario Textual","article_publisher":"https:\/\/www.facebook.com\/eltextual","article_published_time":"2023-12-04T00:26:21+00:00","article_modified_time":"2023-12-04T00:26:24+00:00","og_image":[{"width":1800,"height":1198,"url":"https:\/\/diariotextual.com\/inicio\/wp-content\/uploads\/2023\/12\/wernermariano2023-1.jpg","type":"image\/jpeg"}],"author":"Diario1 Diario1","twitter_card":"summary_large_image","twitter_creator":"@eltextual","twitter_site":"@eltextual","twitter_misc":{"Escrito por":"Diario1 Diario1","Tiempo de lectura":"1 minuto"},"schema":{"@context":"https:\/\/schema.org","@graph":[{"@type":"Article","@id":"https:\/\/diariotextual.com\/inicio\/index.php\/2023\/12\/03\/tc-german-todino-gano-en-san-juan-pero-werner-se-quedo-con-el-tricampeonato\/#article","isPartOf":{"@id":"https:\/\/diariotextual.com\/inicio\/index.php\/2023\/12\/03\/tc-german-todino-gano-en-san-juan-pero-werner-se-quedo-con-el-tricampeonato\/"},"author":{"name":"Diario1 Diario1","@id":"https:\/\/diariotextual.com\/inicio\/#\/schema\/person\/418fc4093c33e86ed41562db3508f958"},"headline":"TC: Germ\u00e1n Todino gan\u00f3 en San Juan, pero Werner se qued\u00f3 con el tricampeonato","datePublished":"2023-12-04T00:26:21+00:00","dateModified":"2023-12-04T00:26:24+00:00","mainEntityOfPage":{"@id":"https:\/\/diariotextual.com\/inicio\/index.php\/2023\/12\/03\/tc-german-todino-gano-en-san-juan-pero-werner-se-quedo-con-el-tricampeonato\/"},"wordCount":172,"publisher":{"@id":"https:\/\/diariotextual.com\/inicio\/#organization"},"image":{"@id":"https:\/\/diariotextual.com\/inicio\/index.php\/2023\/12\/03\/tc-german-todino-gano-en-san-juan-pero-werner-se-quedo-con-el-tricampeonato\/#primaryimage"},"thumbnailUrl":"https:\/\/diariotextual.com\/inicio\/wp-content\/uploads\/2023\/12\/wernermariano2023-1.jpg","articleSection":["A - ES NOTICIA (van abajo)","DEPORTES"],"inLanguage":"es"},{"@type":"WebPage","@id":"https:\/\/diariotextual.com\/inicio\/index.php\/2023\/12\/03\/tc-german-todino-gano-en-san-juan-pero-werner-se-quedo-con-el-tricampeonato\/","url":"https:\/\/diariotextual.com\/inicio\/index.php\/2023\/12\/03\/tc-german-todino-gano-en-san-juan-pero-werner-se-quedo-con-el-tricampeonato\/","name":"TC: Germ\u00e1n Todino gan\u00f3 en San Juan, pero Werner se qued\u00f3 con el tricampeonato - Diario Textual","isPartOf":{"@id":"https:\/\/diariotextual.com\/inicio\/#website"},"primaryImageOfPage":{"@id":"https:\/\/diariotextual.com\/inicio\/index.php\/2023\/12\/03\/tc-german-todino-gano-en-san-juan-pero-werner-se-quedo-con-el-tricampeonato\/#primaryimage"},"image":{"@id":"https:\/\/diariotextual.com\/inicio\/index.php\/2023\/12\/03\/tc-german-todino-gano-en-san-juan-pero-werner-se-quedo-con-el-tricampeonato\/#primaryimage"},"thumbnailUrl":"https:\/\/diariotextual.com\/inicio\/wp-content\/uploads\/2023\/12\/wernermariano2023-1.jpg","datePublished":"2023-12-04T00:26:21+00:00","dateModified":"2023-12-04T00:26:24+00:00","breadcrumb":{"@id":"https:\/\/diariotextual.com\/inicio\/index.php\/2023\/12\/03\/tc-german-todino-gano-en-san-juan-pero-werner-se-quedo-con-el-tricampeonato\/#breadcrumb"},"inLanguage":"es","potentialAction":[{"@type":"ReadAction","target":["https:\/\/diariotextual.com\/inicio\/index.php\/2023\/12\/03\/tc-german-todino-gano-en-san-juan-pero-werner-se-quedo-con-el-tricampeonato\/"]}]},{"@type":"ImageObject","inLanguage":"es","@id":"https:\/\/diariotextual.com\/inicio\/index.php\/2023\/12\/03\/tc-german-todino-gano-en-san-juan-pero-werner-se-quedo-con-el-tricampeonato\/#primaryimage","url":"https:\/\/diariotextual.com\/inicio\/wp-content\/uploads\/2023\/12\/wernermariano2023-1.jpg","contentUrl":"https:\/\/diariotextual.com\/inicio\/wp-content\/uploads\/2023\/12\/wernermariano2023-1.jpg","width":1800,"height":1198},{"@type":"BreadcrumbList","@id":"https:\/\/diariotextual.com\/inicio\/index.php\/2023\/12\/03\/tc-german-todino-gano-en-san-juan-pero-werner-se-quedo-con-el-tricampeonato\/#breadcrumb","itemListElement":[{"@type":"ListItem","position":1,"name":"Portada","item":"https:\/\/diariotextual.com\/inicio\/"},{"@type":"ListItem","position":2,"name":"TC: Germ\u00e1n Todino gan\u00f3 en San Juan, pero Werner se qued\u00f3 con el tricampeonato"}]},{"@type":"WebSite","@id":"https:\/\/diariotextual.com\/inicio\/#website","url":"https:\/\/diariotextual.com\/inicio\/","name":"Diario Textual","description":"","publisher":{"@id":"https:\/\/diariotextual.com\/inicio\/#organization"},"potentialAction":[{"@type":"SearchAction","target":{"@type":"EntryPoint","urlTemplate":"https:\/\/diariotextual.com\/inicio\/?s={search_term_string}"},"query-input":{"@type":"PropertyValueSpecification","valueRequired":true,"valueName":"search_term_string"}}],"inLanguage":"es"},{"@type":"Organization","@id":"https:\/\/diariotextual.com\/inicio\/#organization","name":"Diario Textual","url":"https:\/\/diariotextual.com\/inicio\/","logo":{"@type":"ImageObject","inLanguage":"es","@id":"https:\/\/diariotextual.com\/inicio\/#\/schema\/logo\/image\/","url":"https:\/\/diariotextual.com\/inicio\/wp-content\/uploads\/2023\/05\/logotextual1.jpg","contentUrl":"https:\/\/diariotextual.com\/inicio\/wp-content\/uploads\/2023\/05\/logotextual1.jpg","width":516,"height":76,"caption":"Diario Textual"},"image":{"@id":"https:\/\/diariotextual.com\/inicio\/#\/schema\/logo\/image\/"},"sameAs":["https:\/\/www.facebook.com\/eltextual","https:\/\/x.com\/eltextual","http:\/\/www.instagram.com\/eltextual"]},{"@type":"Person","@id":"https:\/\/diariotextual.com\/inicio\/#\/schema\/person\/418fc4093c33e86ed41562db3508f958","name":"Diario1 Diario1","image":{"@type":"ImageObject","inLanguage":"es","@id":"https:\/\/secure.gravatar.com\/avatar\/9167d280179c85bc18be67aa7eda765854300033af4896dd779b608640f2ef7a?s=96&d=mm&r=g","url":"https:\/\/secure.gravatar.com\/avatar\/9167d280179c85bc18be67aa7eda765854300033af4896dd779b608640f2ef7a?s=96&d=mm&r=g","contentUrl":"https:\/\/secure.gravatar.com\/avatar\/9167d280179c85bc18be67aa7eda765854300033af4896dd779b608640f2ef7a?s=96&d=mm&r=g","caption":"Diario1 Diario1"},"url":"https:\/\/diariotextual.com\/inicio\/index.php\/author\/diario1\/"}]}},"_links":{"self":[{"href":"https:\/\/diariotextual.com\/inicio\/index.php\/wp-json\/wp\/v2\/posts\/246545","targetHints":{"allow":["GET"]}}],"collection":[{"href":"https:\/\/diariotextual.com\/inicio\/index.php\/wp-json\/wp\/v2\/posts"}],"about":[{"href":"https:\/\/diariotextual.com\/inicio\/index.php\/wp-json\/wp\/v2\/types\/post"}],"author":[{"embeddable":true,"href":"https:\/\/diariotextual.com\/inicio\/index.php\/wp-json\/wp\/v2\/users\/3"}],"replies":[{"embeddable":true,"href":"https:\/\/diariotextual.com\/inicio\/index.php\/wp-json\/wp\/v2\/comments?post=246545"}],"version-history":[{"count":2,"href":"https:\/\/diariotextual.com\/inicio\/index.php\/wp-json\/wp\/v2\/posts\/246545\/revisions"}],"predecessor-version":[{"id":246548,"href":"https:\/\/diariotextual.com\/inicio\/index.php\/wp-json\/wp\/v2\/posts\/246545\/revisions\/246548"}],"wp:featuredmedia":[{"embeddable":true,"href":"https:\/\/diariotextual.com\/inicio\/index.php\/wp-json\/wp\/v2\/media\/246547"}],"wp:attachment":[{"href":"https:\/\/diariotextual.com\/inicio\/index.php\/wp-json\/wp\/v2\/media?parent=246545"}],"wp:term":[{"taxonomy":"category","embeddable":true,"href":"https:\/\/diariotextual.com\/inicio\/index.php\/wp-json\/wp\/v2\/categories?post=246545"},{"taxonomy":"post_tag","embeddable":true,"href":"https:\/\/diariotextual.com\/inicio\/index.php\/wp-json\/wp\/v2\/tags?post=246545"}],"curies":[{"name":"wp","href":"https:\/\/api.w.org\/{rel}","templated":true}]}}