{"id":246549,"date":"2023-12-03T23:55:47","date_gmt":"2023-12-04T02:55:47","guid":{"rendered":"https:\/\/diariotextual.com\/inicio\/?p=246549"},"modified":"2023-12-04T08:43:39","modified_gmt":"2023-12-04T11:43:39","slug":"bajo-la-lluvia-saltena-central-le-gano-en-los-penales-a-racing-y-paso-a-semifinales","status":"publish","type":"post","link":"https:\/\/diariotextual.com\/inicio\/index.php\/2023\/12\/03\/bajo-la-lluvia-saltena-central-le-gano-en-los-penales-a-racing-y-paso-a-semifinales\/","title":{"rendered":"Bajo la lluvia salte\u00f1a, Central le gan\u00f3 en los penales a Racing y pas\u00f3 a semifinales"},"content":{"rendered":"\n<p><strong>Central <\/strong>venci\u00f3 por penales a <strong>Racing <\/strong>y avanz\u00f3 en la Copa de la Liga. Los dirigidos por Miguel Angel Russo igualaron ante los de Avellaneda por 2 a 2, y desde los doce pasos triunfaron por 7-6, para as\u00ed alcanzar la clasificaci\u00f3n a las semifinales.<\/p>\n\n\n\n<p>Qui\u00e9n arranc\u00f3 mejor fue la \u201cAcademia\u201d, que tuvo la primera clara del partido a los cuatro minutos de juego con&nbsp;<strong>el colombiano Juan Fernando Quintero que recibi\u00f3 la pelota sobre la izquierda, recort\u00f3 para adentro ante la marca de su compatriota Jaminton Campaz y sac\u00f3 un venenoso remate para complicar a Jorge Broun que despej\u00f3 para la derecha.<\/strong><\/p>\n\n\n\n<p>Sobre los 20 minutos, un ida y vuelta dio las dos chances m\u00e1s peligrosas del primer tiempo.&nbsp;<strong>Agust\u00edn Toledo hizo r\u00e1pido un lateral sobre la derecha mientras la defensa de Racing se reacomodaba e Ignacio Malcorra recibi\u00f3 a la espalda de Nazareno Colombo para irse en soledad ante Gabriel Arias y definir al cuerpo del arquero que despej\u00f3<\/strong>&nbsp;e inici\u00f3 el contragolpe de la \u201cAcademia\u201d que culmin\u00f3 en un<strong>&nbsp;mano a mano entre Agust\u00edn Ojeda y Jorge Broun que el arquero de Rosario Central le ataj\u00f3 en el primer palo.<\/strong><\/p>\n\n\n\n<p>En el \u00faltimo minuto, en un tiro libre ejecutado por Ignacio Malcorra desde el v\u00e9rtice izquierdo del \u00e1rea,&nbsp;<strong>la pelota cay\u00f3 en el segundo palo para que la dispute Carlos Quintana con el arquero racinguista Gabriel Arias.<\/strong>&nbsp;El portero ex Defensa y Justicia lo&nbsp;<strong>golpe\u00f3 con el pu\u00f1o en la cara al ex Talleres y el \u00e1rbitro Fernando Rapallini, con asistencia del VAR, sancion\u00f3 penal que el colombiano Jaminton Campaz marc\u00f3 el 1-0.<\/strong><\/p>\n\n\n\n<p>Ya en la segunda parte, a los 16 minutos, el \u201cCanalla\u201d logr\u00f3 ampliar el marcador con el gol de Agust\u00edn Sandez.&nbsp;<strong>En un tiro libre ejecutado por Ignacio Malcorra desde el v\u00e9rtice derecho del \u00e1rea, la pelota cay\u00f3 en el segundo palo donde el uruguayo Facundo Mallo cabece\u00f3 al medio para que ingrese en soledad el defensor ex Boca para empujar la pelota<\/strong>&nbsp;y poner el 2-0.<\/p>\n\n\n\n<p>A los 35 minutos, Racing encontr\u00f3 el descuento en los pies del habilidoso colombiano Roger Mart\u00ednez.&nbsp;<strong>El ex Am\u00e9rica de M\u00e9xico encar\u00f3 dentro del \u00e1rea y se sac\u00f3 de encima a un defensor de Rosario Central, eludi\u00f3 al arquero Jorge Broun y, con el \u00e1ngulo cerrado, logr\u00f3 marcar el 2-1.<\/strong><\/p>\n\n\n\n<p>Sobre el final, en el \u00faltimo suspiro de la noche, un centro desde la derecha cay\u00f3 en el \u00e1rea de Rosario Central y&nbsp;<strong>Roger Mart\u00ednez salt\u00f3 a cabecear con Dannovi Qui\u00f1ones que le rebot\u00f3 la pelota en la mano.<\/strong>&nbsp;Tras revisar en el VAR, el \u00e1rbitro Fernando Rapallini sancion\u00f3 penal y&nbsp;<strong>el colombiano Juan Fernando Quintero puso el 2-2 definitivo para definir la serie en los penales.<\/strong><\/p>\n","protected":false},"excerpt":{"rendered":"<p>Central venci\u00f3 por penales a Racing y avanz\u00f3 en la Copa de la Liga. Los dirigidos por Miguel Angel Russo igualaron ante los de Avellaneda por 2 a 2, y&hellip;<\/p>\n","protected":false},"author":3,"featured_media":246551,"comment_status":"closed","ping_status":"open","sticky":false,"template":"","format":"standard","meta":{"_acf_changed":false,"footnotes":""},"categories":[1,3],"tags":[],"class_list":["post-246549","post","type-post","status-publish","format-standard","has-post-thumbnail","hentry","category-es-noticia","category-deportes"],"acf":[],"yoast_head":"<!-- This site is optimized with the Yoast SEO plugin v27.5 - https:\/\/yoast.com\/product\/yoast-seo-wordpress\/ -->\n<title>Bajo la lluvia salte\u00f1a, Central le gan\u00f3 en los penales a Racing y pas\u00f3 a semifinales - Diario Textual<\/title>\n<meta name=\"robots\" content=\"index, follow, max-snippet:-1, max-image-preview:large, max-video-preview:-1\" \/>\n<link rel=\"canonical\" href=\"https:\/\/diariotextual.com\/inicio\/index.php\/2023\/12\/03\/bajo-la-lluvia-saltena-central-le-gano-en-los-penales-a-racing-y-paso-a-semifinales\/\" \/>\n<meta property=\"og:locale\" content=\"es_ES\" \/>\n<meta property=\"og:type\" content=\"article\" \/>\n<meta property=\"og:title\" content=\"Bajo la lluvia salte\u00f1a, Central le gan\u00f3 en los penales a Racing y pas\u00f3 a semifinales - Diario Textual\" \/>\n<meta property=\"og:description\" content=\"Central venci\u00f3 por penales a Racing y avanz\u00f3 en la Copa de la Liga. Los dirigidos por Miguel Angel Russo igualaron ante los de Avellaneda por 2 a 2, y&hellip;\" \/>\n<meta property=\"og:url\" content=\"https:\/\/diariotextual.com\/inicio\/index.php\/2023\/12\/03\/bajo-la-lluvia-saltena-central-le-gano-en-los-penales-a-racing-y-paso-a-semifinales\/\" \/>\n<meta property=\"og:site_name\" content=\"Diario Textual\" \/>\n<meta property=\"article:publisher\" content=\"https:\/\/www.facebook.com\/eltextual\" \/>\n<meta property=\"article:published_time\" content=\"2023-12-04T02:55:47+00:00\" \/>\n<meta property=\"article:modified_time\" content=\"2023-12-04T11:43:39+00:00\" \/>\n<meta property=\"og:image\" content=\"https:\/\/diariotextual.com\/inicio\/wp-content\/uploads\/2023\/12\/racingcentral2023-1.jpg\" \/>\n\t<meta property=\"og:image:width\" content=\"1500\" \/>\n\t<meta property=\"og:image:height\" content=\"1000\" \/>\n\t<meta property=\"og:image:type\" content=\"image\/jpeg\" \/>\n<meta name=\"author\" content=\"Diario1 Diario1\" \/>\n<meta name=\"twitter:card\" content=\"summary_large_image\" \/>\n<meta name=\"twitter:creator\" content=\"@eltextual\" \/>\n<meta name=\"twitter:site\" content=\"@eltextual\" \/>\n<meta name=\"twitter:label1\" content=\"Escrito por\" \/>\n\t<meta name=\"twitter:data1\" content=\"Diario1 Diario1\" \/>\n\t<meta name=\"twitter:label2\" content=\"Tiempo de lectura\" \/>\n\t<meta name=\"twitter:data2\" content=\"3 minutos\" \/>\n<script type=\"application\/ld+json\" class=\"yoast-schema-graph\">{\"@context\":\"https:\\\/\\\/schema.org\",\"@graph\":[{\"@type\":\"Article\",\"@id\":\"https:\\\/\\\/diariotextual.com\\\/inicio\\\/index.php\\\/2023\\\/12\\\/03\\\/bajo-la-lluvia-saltena-central-le-gano-en-los-penales-a-racing-y-paso-a-semifinales\\\/#article\",\"isPartOf\":{\"@id\":\"https:\\\/\\\/diariotextual.com\\\/inicio\\\/index.php\\\/2023\\\/12\\\/03\\\/bajo-la-lluvia-saltena-central-le-gano-en-los-penales-a-racing-y-paso-a-semifinales\\\/\"},\"author\":{\"name\":\"Diario1 Diario1\",\"@id\":\"https:\\\/\\\/diariotextual.com\\\/inicio\\\/#\\\/schema\\\/person\\\/418fc4093c33e86ed41562db3508f958\"},\"headline\":\"Bajo la lluvia salte\u00f1a, Central le gan\u00f3 en los penales a Racing y pas\u00f3 a semifinales\",\"datePublished\":\"2023-12-04T02:55:47+00:00\",\"dateModified\":\"2023-12-04T11:43:39+00:00\",\"mainEntityOfPage\":{\"@id\":\"https:\\\/\\\/diariotextual.com\\\/inicio\\\/index.php\\\/2023\\\/12\\\/03\\\/bajo-la-lluvia-saltena-central-le-gano-en-los-penales-a-racing-y-paso-a-semifinales\\\/\"},\"wordCount\":490,\"publisher\":{\"@id\":\"https:\\\/\\\/diariotextual.com\\\/inicio\\\/#organization\"},\"image\":{\"@id\":\"https:\\\/\\\/diariotextual.com\\\/inicio\\\/index.php\\\/2023\\\/12\\\/03\\\/bajo-la-lluvia-saltena-central-le-gano-en-los-penales-a-racing-y-paso-a-semifinales\\\/#primaryimage\"},\"thumbnailUrl\":\"https:\\\/\\\/diariotextual.com\\\/inicio\\\/wp-content\\\/uploads\\\/2023\\\/12\\\/racingcentral2023-1.jpg\",\"articleSection\":[\"A - ES NOTICIA (van abajo)\",\"DEPORTES\"],\"inLanguage\":\"es\"},{\"@type\":\"WebPage\",\"@id\":\"https:\\\/\\\/diariotextual.com\\\/inicio\\\/index.php\\\/2023\\\/12\\\/03\\\/bajo-la-lluvia-saltena-central-le-gano-en-los-penales-a-racing-y-paso-a-semifinales\\\/\",\"url\":\"https:\\\/\\\/diariotextual.com\\\/inicio\\\/index.php\\\/2023\\\/12\\\/03\\\/bajo-la-lluvia-saltena-central-le-gano-en-los-penales-a-racing-y-paso-a-semifinales\\\/\",\"name\":\"Bajo la lluvia salte\u00f1a, Central le gan\u00f3 en los penales a Racing y pas\u00f3 a semifinales - Diario Textual\",\"isPartOf\":{\"@id\":\"https:\\\/\\\/diariotextual.com\\\/inicio\\\/#website\"},\"primaryImageOfPage\":{\"@id\":\"https:\\\/\\\/diariotextual.com\\\/inicio\\\/index.php\\\/2023\\\/12\\\/03\\\/bajo-la-lluvia-saltena-central-le-gano-en-los-penales-a-racing-y-paso-a-semifinales\\\/#primaryimage\"},\"image\":{\"@id\":\"https:\\\/\\\/diariotextual.com\\\/inicio\\\/index.php\\\/2023\\\/12\\\/03\\\/bajo-la-lluvia-saltena-central-le-gano-en-los-penales-a-racing-y-paso-a-semifinales\\\/#primaryimage\"},\"thumbnailUrl\":\"https:\\\/\\\/diariotextual.com\\\/inicio\\\/wp-content\\\/uploads\\\/2023\\\/12\\\/racingcentral2023-1.jpg\",\"datePublished\":\"2023-12-04T02:55:47+00:00\",\"dateModified\":\"2023-12-04T11:43:39+00:00\",\"breadcrumb\":{\"@id\":\"https:\\\/\\\/diariotextual.com\\\/inicio\\\/index.php\\\/2023\\\/12\\\/03\\\/bajo-la-lluvia-saltena-central-le-gano-en-los-penales-a-racing-y-paso-a-semifinales\\\/#breadcrumb\"},\"inLanguage\":\"es\",\"potentialAction\":[{\"@type\":\"ReadAction\",\"target\":[\"https:\\\/\\\/diariotextual.com\\\/inicio\\\/index.php\\\/2023\\\/12\\\/03\\\/bajo-la-lluvia-saltena-central-le-gano-en-los-penales-a-racing-y-paso-a-semifinales\\\/\"]}]},{\"@type\":\"ImageObject\",\"inLanguage\":\"es\",\"@id\":\"https:\\\/\\\/diariotextual.com\\\/inicio\\\/index.php\\\/2023\\\/12\\\/03\\\/bajo-la-lluvia-saltena-central-le-gano-en-los-penales-a-racing-y-paso-a-semifinales\\\/#primaryimage\",\"url\":\"https:\\\/\\\/diariotextual.com\\\/inicio\\\/wp-content\\\/uploads\\\/2023\\\/12\\\/racingcentral2023-1.jpg\",\"contentUrl\":\"https:\\\/\\\/diariotextual.com\\\/inicio\\\/wp-content\\\/uploads\\\/2023\\\/12\\\/racingcentral2023-1.jpg\",\"width\":1500,\"height\":1000},{\"@type\":\"BreadcrumbList\",\"@id\":\"https:\\\/\\\/diariotextual.com\\\/inicio\\\/index.php\\\/2023\\\/12\\\/03\\\/bajo-la-lluvia-saltena-central-le-gano-en-los-penales-a-racing-y-paso-a-semifinales\\\/#breadcrumb\",\"itemListElement\":[{\"@type\":\"ListItem\",\"position\":1,\"name\":\"Portada\",\"item\":\"https:\\\/\\\/diariotextual.com\\\/inicio\\\/\"},{\"@type\":\"ListItem\",\"position\":2,\"name\":\"Bajo la lluvia salte\u00f1a, Central le gan\u00f3 en los penales a Racing y pas\u00f3 a semifinales\"}]},{\"@type\":\"WebSite\",\"@id\":\"https:\\\/\\\/diariotextual.com\\\/inicio\\\/#website\",\"url\":\"https:\\\/\\\/diariotextual.com\\\/inicio\\\/\",\"name\":\"Diario Textual\",\"description\":\"\",\"publisher\":{\"@id\":\"https:\\\/\\\/diariotextual.com\\\/inicio\\\/#organization\"},\"potentialAction\":[{\"@type\":\"SearchAction\",\"target\":{\"@type\":\"EntryPoint\",\"urlTemplate\":\"https:\\\/\\\/diariotextual.com\\\/inicio\\\/?s={search_term_string}\"},\"query-input\":{\"@type\":\"PropertyValueSpecification\",\"valueRequired\":true,\"valueName\":\"search_term_string\"}}],\"inLanguage\":\"es\"},{\"@type\":\"Organization\",\"@id\":\"https:\\\/\\\/diariotextual.com\\\/inicio\\\/#organization\",\"name\":\"Diario Textual\",\"url\":\"https:\\\/\\\/diariotextual.com\\\/inicio\\\/\",\"logo\":{\"@type\":\"ImageObject\",\"inLanguage\":\"es\",\"@id\":\"https:\\\/\\\/diariotextual.com\\\/inicio\\\/#\\\/schema\\\/logo\\\/image\\\/\",\"url\":\"https:\\\/\\\/diariotextual.com\\\/inicio\\\/wp-content\\\/uploads\\\/2023\\\/05\\\/logotextual1.jpg\",\"contentUrl\":\"https:\\\/\\\/diariotextual.com\\\/inicio\\\/wp-content\\\/uploads\\\/2023\\\/05\\\/logotextual1.jpg\",\"width\":516,\"height\":76,\"caption\":\"Diario Textual\"},\"image\":{\"@id\":\"https:\\\/\\\/diariotextual.com\\\/inicio\\\/#\\\/schema\\\/logo\\\/image\\\/\"},\"sameAs\":[\"https:\\\/\\\/www.facebook.com\\\/eltextual\",\"https:\\\/\\\/x.com\\\/eltextual\",\"http:\\\/\\\/www.instagram.com\\\/eltextual\"]},{\"@type\":\"Person\",\"@id\":\"https:\\\/\\\/diariotextual.com\\\/inicio\\\/#\\\/schema\\\/person\\\/418fc4093c33e86ed41562db3508f958\",\"name\":\"Diario1 Diario1\",\"image\":{\"@type\":\"ImageObject\",\"inLanguage\":\"es\",\"@id\":\"https:\\\/\\\/secure.gravatar.com\\\/avatar\\\/9167d280179c85bc18be67aa7eda765854300033af4896dd779b608640f2ef7a?s=96&d=mm&r=g\",\"url\":\"https:\\\/\\\/secure.gravatar.com\\\/avatar\\\/9167d280179c85bc18be67aa7eda765854300033af4896dd779b608640f2ef7a?s=96&d=mm&r=g\",\"contentUrl\":\"https:\\\/\\\/secure.gravatar.com\\\/avatar\\\/9167d280179c85bc18be67aa7eda765854300033af4896dd779b608640f2ef7a?s=96&d=mm&r=g\",\"caption\":\"Diario1 Diario1\"},\"url\":\"https:\\\/\\\/diariotextual.com\\\/inicio\\\/index.php\\\/author\\\/diario1\\\/\"}]}<\/script>\n<!-- \/ Yoast SEO plugin. -->","yoast_head_json":{"title":"Bajo la lluvia salte\u00f1a, Central le gan\u00f3 en los penales a Racing y pas\u00f3 a semifinales - Diario Textual","robots":{"index":"index","follow":"follow","max-snippet":"max-snippet:-1","max-image-preview":"max-image-preview:large","max-video-preview":"max-video-preview:-1"},"canonical":"https:\/\/diariotextual.com\/inicio\/index.php\/2023\/12\/03\/bajo-la-lluvia-saltena-central-le-gano-en-los-penales-a-racing-y-paso-a-semifinales\/","og_locale":"es_ES","og_type":"article","og_title":"Bajo la lluvia salte\u00f1a, Central le gan\u00f3 en los penales a Racing y pas\u00f3 a semifinales - Diario Textual","og_description":"Central venci\u00f3 por penales a Racing y avanz\u00f3 en la Copa de la Liga. Los dirigidos por Miguel Angel Russo igualaron ante los de Avellaneda por 2 a 2, y&hellip;","og_url":"https:\/\/diariotextual.com\/inicio\/index.php\/2023\/12\/03\/bajo-la-lluvia-saltena-central-le-gano-en-los-penales-a-racing-y-paso-a-semifinales\/","og_site_name":"Diario Textual","article_publisher":"https:\/\/www.facebook.com\/eltextual","article_published_time":"2023-12-04T02:55:47+00:00","article_modified_time":"2023-12-04T11:43:39+00:00","og_image":[{"width":1500,"height":1000,"url":"https:\/\/diariotextual.com\/inicio\/wp-content\/uploads\/2023\/12\/racingcentral2023-1.jpg","type":"image\/jpeg"}],"author":"Diario1 Diario1","twitter_card":"summary_large_image","twitter_creator":"@eltextual","twitter_site":"@eltextual","twitter_misc":{"Escrito por":"Diario1 Diario1","Tiempo de lectura":"3 minutos"},"schema":{"@context":"https:\/\/schema.org","@graph":[{"@type":"Article","@id":"https:\/\/diariotextual.com\/inicio\/index.php\/2023\/12\/03\/bajo-la-lluvia-saltena-central-le-gano-en-los-penales-a-racing-y-paso-a-semifinales\/#article","isPartOf":{"@id":"https:\/\/diariotextual.com\/inicio\/index.php\/2023\/12\/03\/bajo-la-lluvia-saltena-central-le-gano-en-los-penales-a-racing-y-paso-a-semifinales\/"},"author":{"name":"Diario1 Diario1","@id":"https:\/\/diariotextual.com\/inicio\/#\/schema\/person\/418fc4093c33e86ed41562db3508f958"},"headline":"Bajo la lluvia salte\u00f1a, Central le gan\u00f3 en los penales a Racing y pas\u00f3 a semifinales","datePublished":"2023-12-04T02:55:47+00:00","dateModified":"2023-12-04T11:43:39+00:00","mainEntityOfPage":{"@id":"https:\/\/diariotextual.com\/inicio\/index.php\/2023\/12\/03\/bajo-la-lluvia-saltena-central-le-gano-en-los-penales-a-racing-y-paso-a-semifinales\/"},"wordCount":490,"publisher":{"@id":"https:\/\/diariotextual.com\/inicio\/#organization"},"image":{"@id":"https:\/\/diariotextual.com\/inicio\/index.php\/2023\/12\/03\/bajo-la-lluvia-saltena-central-le-gano-en-los-penales-a-racing-y-paso-a-semifinales\/#primaryimage"},"thumbnailUrl":"https:\/\/diariotextual.com\/inicio\/wp-content\/uploads\/2023\/12\/racingcentral2023-1.jpg","articleSection":["A - ES NOTICIA (van abajo)","DEPORTES"],"inLanguage":"es"},{"@type":"WebPage","@id":"https:\/\/diariotextual.com\/inicio\/index.php\/2023\/12\/03\/bajo-la-lluvia-saltena-central-le-gano-en-los-penales-a-racing-y-paso-a-semifinales\/","url":"https:\/\/diariotextual.com\/inicio\/index.php\/2023\/12\/03\/bajo-la-lluvia-saltena-central-le-gano-en-los-penales-a-racing-y-paso-a-semifinales\/","name":"Bajo la lluvia salte\u00f1a, Central le gan\u00f3 en los penales a Racing y pas\u00f3 a semifinales - Diario Textual","isPartOf":{"@id":"https:\/\/diariotextual.com\/inicio\/#website"},"primaryImageOfPage":{"@id":"https:\/\/diariotextual.com\/inicio\/index.php\/2023\/12\/03\/bajo-la-lluvia-saltena-central-le-gano-en-los-penales-a-racing-y-paso-a-semifinales\/#primaryimage"},"image":{"@id":"https:\/\/diariotextual.com\/inicio\/index.php\/2023\/12\/03\/bajo-la-lluvia-saltena-central-le-gano-en-los-penales-a-racing-y-paso-a-semifinales\/#primaryimage"},"thumbnailUrl":"https:\/\/diariotextual.com\/inicio\/wp-content\/uploads\/2023\/12\/racingcentral2023-1.jpg","datePublished":"2023-12-04T02:55:47+00:00","dateModified":"2023-12-04T11:43:39+00:00","breadcrumb":{"@id":"https:\/\/diariotextual.com\/inicio\/index.php\/2023\/12\/03\/bajo-la-lluvia-saltena-central-le-gano-en-los-penales-a-racing-y-paso-a-semifinales\/#breadcrumb"},"inLanguage":"es","potentialAction":[{"@type":"ReadAction","target":["https:\/\/diariotextual.com\/inicio\/index.php\/2023\/12\/03\/bajo-la-lluvia-saltena-central-le-gano-en-los-penales-a-racing-y-paso-a-semifinales\/"]}]},{"@type":"ImageObject","inLanguage":"es","@id":"https:\/\/diariotextual.com\/inicio\/index.php\/2023\/12\/03\/bajo-la-lluvia-saltena-central-le-gano-en-los-penales-a-racing-y-paso-a-semifinales\/#primaryimage","url":"https:\/\/diariotextual.com\/inicio\/wp-content\/uploads\/2023\/12\/racingcentral2023-1.jpg","contentUrl":"https:\/\/diariotextual.com\/inicio\/wp-content\/uploads\/2023\/12\/racingcentral2023-1.jpg","width":1500,"height":1000},{"@type":"BreadcrumbList","@id":"https:\/\/diariotextual.com\/inicio\/index.php\/2023\/12\/03\/bajo-la-lluvia-saltena-central-le-gano-en-los-penales-a-racing-y-paso-a-semifinales\/#breadcrumb","itemListElement":[{"@type":"ListItem","position":1,"name":"Portada","item":"https:\/\/diariotextual.com\/inicio\/"},{"@type":"ListItem","position":2,"name":"Bajo la lluvia salte\u00f1a, Central le gan\u00f3 en los penales a Racing y pas\u00f3 a semifinales"}]},{"@type":"WebSite","@id":"https:\/\/diariotextual.com\/inicio\/#website","url":"https:\/\/diariotextual.com\/inicio\/","name":"Diario Textual","description":"","publisher":{"@id":"https:\/\/diariotextual.com\/inicio\/#organization"},"potentialAction":[{"@type":"SearchAction","target":{"@type":"EntryPoint","urlTemplate":"https:\/\/diariotextual.com\/inicio\/?s={search_term_string}"},"query-input":{"@type":"PropertyValueSpecification","valueRequired":true,"valueName":"search_term_string"}}],"inLanguage":"es"},{"@type":"Organization","@id":"https:\/\/diariotextual.com\/inicio\/#organization","name":"Diario Textual","url":"https:\/\/diariotextual.com\/inicio\/","logo":{"@type":"ImageObject","inLanguage":"es","@id":"https:\/\/diariotextual.com\/inicio\/#\/schema\/logo\/image\/","url":"https:\/\/diariotextual.com\/inicio\/wp-content\/uploads\/2023\/05\/logotextual1.jpg","contentUrl":"https:\/\/diariotextual.com\/inicio\/wp-content\/uploads\/2023\/05\/logotextual1.jpg","width":516,"height":76,"caption":"Diario Textual"},"image":{"@id":"https:\/\/diariotextual.com\/inicio\/#\/schema\/logo\/image\/"},"sameAs":["https:\/\/www.facebook.com\/eltextual","https:\/\/x.com\/eltextual","http:\/\/www.instagram.com\/eltextual"]},{"@type":"Person","@id":"https:\/\/diariotextual.com\/inicio\/#\/schema\/person\/418fc4093c33e86ed41562db3508f958","name":"Diario1 Diario1","image":{"@type":"ImageObject","inLanguage":"es","@id":"https:\/\/secure.gravatar.com\/avatar\/9167d280179c85bc18be67aa7eda765854300033af4896dd779b608640f2ef7a?s=96&d=mm&r=g","url":"https:\/\/secure.gravatar.com\/avatar\/9167d280179c85bc18be67aa7eda765854300033af4896dd779b608640f2ef7a?s=96&d=mm&r=g","contentUrl":"https:\/\/secure.gravatar.com\/avatar\/9167d280179c85bc18be67aa7eda765854300033af4896dd779b608640f2ef7a?s=96&d=mm&r=g","caption":"Diario1 Diario1"},"url":"https:\/\/diariotextual.com\/inicio\/index.php\/author\/diario1\/"}]}},"_links":{"self":[{"href":"https:\/\/diariotextual.com\/inicio\/index.php\/wp-json\/wp\/v2\/posts\/246549","targetHints":{"allow":["GET"]}}],"collection":[{"href":"https:\/\/diariotextual.com\/inicio\/index.php\/wp-json\/wp\/v2\/posts"}],"about":[{"href":"https:\/\/diariotextual.com\/inicio\/index.php\/wp-json\/wp\/v2\/types\/post"}],"author":[{"embeddable":true,"href":"https:\/\/diariotextual.com\/inicio\/index.php\/wp-json\/wp\/v2\/users\/3"}],"replies":[{"embeddable":true,"href":"https:\/\/diariotextual.com\/inicio\/index.php\/wp-json\/wp\/v2\/comments?post=246549"}],"version-history":[{"count":3,"href":"https:\/\/diariotextual.com\/inicio\/index.php\/wp-json\/wp\/v2\/posts\/246549\/revisions"}],"predecessor-version":[{"id":246558,"href":"https:\/\/diariotextual.com\/inicio\/index.php\/wp-json\/wp\/v2\/posts\/246549\/revisions\/246558"}],"wp:featuredmedia":[{"embeddable":true,"href":"https:\/\/diariotextual.com\/inicio\/index.php\/wp-json\/wp\/v2\/media\/246551"}],"wp:attachment":[{"href":"https:\/\/diariotextual.com\/inicio\/index.php\/wp-json\/wp\/v2\/media?parent=246549"}],"wp:term":[{"taxonomy":"category","embeddable":true,"href":"https:\/\/diariotextual.com\/inicio\/index.php\/wp-json\/wp\/v2\/categories?post=246549"},{"taxonomy":"post_tag","embeddable":true,"href":"https:\/\/diariotextual.com\/inicio\/index.php\/wp-json\/wp\/v2\/tags?post=246549"}],"curies":[{"name":"wp","href":"https:\/\/api.w.org\/{rel}","templated":true}]}}