{"id":248264,"date":"2023-12-16T23:04:30","date_gmt":"2023-12-17T02:04:30","guid":{"rendered":"https:\/\/diariotextual.com\/inicio\/?p=248264"},"modified":"2023-12-17T09:34:42","modified_gmt":"2023-12-17T12:34:42","slug":"rosario-central-vencio-a-platense-y-se-corono-campeon-de-la-copa-de-la-liga","status":"publish","type":"post","link":"https:\/\/diariotextual.com\/inicio\/index.php\/2023\/12\/16\/rosario-central-vencio-a-platense-y-se-corono-campeon-de-la-copa-de-la-liga\/","title":{"rendered":"Rosario Central venci\u00f3 a Platense y se coron\u00f3 campe\u00f3n de la Copa de la Liga"},"content":{"rendered":"\n<p><strong>Rosario Central le gan\u00f3 por 1 a 0 a Platense,&nbsp;<\/strong>en el partido correspondiente a la final de la Copa de la Liga Profesional<strong>&nbsp;y se coron\u00f3 campe\u00f3n de torneo.&nbsp;<\/strong>Su&nbsp;<strong>d\u00e9cimo segundo t\u00edtulo&nbsp;<\/strong>a lo largo de su historia<\/p>\n\n\n\n<p>El \u00fanico gol de encuentro fue de Maximimiliano Lovera a los 40 de la parte inicial.&nbsp;<\/p>\n\n\n\n<p>En el inicio del encuentro,&nbsp;<strong>el juez Nicol\u00e1s Ram\u00edrez advirti\u00f3 la presencia de bengalas en el c\u00e9sped<\/strong>&nbsp;que los hinchas de Rosario&nbsp;Central arrojaron estos elementos cerca del \u00e1rea de Ramiro&nbsp;Macagno, que no tuvo ning\u00fan herido.&nbsp;&nbsp;<\/p>\n\n\n\n<p>El conjunto comandado por Mart\u00edn Palermo fue el primero que&nbsp;avis\u00f3 con un tiro libre de Lucas Ocampo, donde la pelota pico pero&nbsp;Jorge Broun la mand\u00f3 al c\u00f3rner.&nbsp;&nbsp;<\/p>\n\n\n\n<p>A los 35 minutos, Rosario tuvo su primera aproximaci\u00f3n con un&nbsp;cabezazo de Agust\u00edn Sandez pero Ramiro Macagno control\u00f3 sin&nbsp;problemas. Unos minutos despu\u00e9s, &nbsp;<strong>Maximiliano Lovera esquiv\u00f3 a tres&nbsp;rivales, meti\u00f3 un ca\u00f1o y con un zurzado abri\u00f3 el marcador en&nbsp;Santiago del Estero.<\/strong>&nbsp;<\/p>\n\n\n\n<p>Antes del descanso, el Calamar tuvo el empate con el lateral&nbsp;derecho Nicol\u00e1s Morgantini, quien lleg\u00f3 al \u00e1rea y remat\u00f3 por&nbsp;encima del travesa\u00f1o.&nbsp;<\/p>\n\n\n\n<p>El complemento<strong>&nbsp;arranc\u00f3 muy accidentado con una jugada que derivo en un choque de cabezas entre Mateo Pellegrino y Facundo Mallo,<\/strong>&nbsp;donde posteriormente el jugador de Platense se tuvo que retirar del campo de juego en ambulancia. En la ca\u00edda, Pellegrino cay\u00f3 sobre Dami\u00e1n Mart\u00ednez y le provoc\u00f3 una lesi\u00f3n en la rodilla por lo que tambi\u00e9n tuvo que ser reemplazado.<\/p>\n\n\n\n<p>A los 15 minutos, Rosario Central tuvo el segundo, pero el travesa\u00f1o le ahog\u00f3 el grito. Jaminton Campaz se asoci\u00f3 con Ignacio Malcorra e intent\u00f3 ponerla de emboquillada al arquero calamar, pero rebot\u00f3 en el parante superior y se fue afuera.<\/p>\n\n\n\n<p>Diez minutos despu\u00e9s, el equipo de Vicente L\u00f3pez presion\u00f3 y tuvo varias llegadas, una fue el\u00a0<strong>potente remate de Maximiliano Zalazar,<\/strong>\u00a0que iba directo al \u00e1ngulo izquierdo de Jorge Broun y termin\u00f3 despejando con lo justo. A los 43 minutos, Gast\u00f3n Suso recibi\u00f3 doble amonestaci\u00f3n y se fue expulsado. Platense qued\u00f3 con 10.\u00a0<\/p>\n\n\n\n<p><\/p>\n\n\n\n<p><\/p>\n","protected":false},"excerpt":{"rendered":"<p>Rosario Central le gan\u00f3 por 1 a 0 a Platense,&nbsp;en el partido correspondiente a la final de la Copa de la Liga Profesional&nbsp;y se coron\u00f3 campe\u00f3n de torneo.&nbsp;Su&nbsp;d\u00e9cimo segundo t\u00edtulo&nbsp;a&hellip;<\/p>\n","protected":false},"author":3,"featured_media":248265,"comment_status":"closed","ping_status":"open","sticky":false,"template":"","format":"standard","meta":{"_acf_changed":false,"footnotes":""},"categories":[1,3],"tags":[],"class_list":["post-248264","post","type-post","status-publish","format-standard","has-post-thumbnail","hentry","category-es-noticia","category-deportes"],"acf":[],"yoast_head":"<!-- This site is optimized with the Yoast SEO plugin v27.5 - https:\/\/yoast.com\/product\/yoast-seo-wordpress\/ -->\n<title>Rosario Central venci\u00f3 a Platense y se coron\u00f3 campe\u00f3n de la Copa de la Liga - Diario Textual<\/title>\n<meta name=\"robots\" content=\"index, follow, max-snippet:-1, max-image-preview:large, max-video-preview:-1\" \/>\n<link rel=\"canonical\" href=\"https:\/\/diariotextual.com\/inicio\/index.php\/2023\/12\/16\/rosario-central-vencio-a-platense-y-se-corono-campeon-de-la-copa-de-la-liga\/\" \/>\n<meta property=\"og:locale\" content=\"es_ES\" \/>\n<meta property=\"og:type\" content=\"article\" \/>\n<meta property=\"og:title\" content=\"Rosario Central venci\u00f3 a Platense y se coron\u00f3 campe\u00f3n de la Copa de la Liga - Diario Textual\" \/>\n<meta property=\"og:description\" content=\"Rosario Central le gan\u00f3 por 1 a 0 a Platense,&nbsp;en el partido correspondiente a la final de la Copa de la Liga Profesional&nbsp;y se coron\u00f3 campe\u00f3n de torneo.&nbsp;Su&nbsp;d\u00e9cimo segundo t\u00edtulo&nbsp;a&hellip;\" \/>\n<meta property=\"og:url\" content=\"https:\/\/diariotextual.com\/inicio\/index.php\/2023\/12\/16\/rosario-central-vencio-a-platense-y-se-corono-campeon-de-la-copa-de-la-liga\/\" \/>\n<meta property=\"og:site_name\" content=\"Diario Textual\" \/>\n<meta property=\"article:publisher\" content=\"https:\/\/www.facebook.com\/eltextual\" \/>\n<meta property=\"article:published_time\" content=\"2023-12-17T02:04:30+00:00\" \/>\n<meta property=\"article:modified_time\" content=\"2023-12-17T12:34:42+00:00\" \/>\n<meta property=\"og:image\" content=\"https:\/\/diariotextual.com\/inicio\/wp-content\/uploads\/2023\/12\/centralplatense2023-1.jpg\" \/>\n\t<meta property=\"og:image:width\" content=\"1500\" \/>\n\t<meta property=\"og:image:height\" content=\"998\" \/>\n\t<meta property=\"og:image:type\" content=\"image\/jpeg\" \/>\n<meta name=\"author\" content=\"Diario1 Diario1\" \/>\n<meta name=\"twitter:card\" content=\"summary_large_image\" \/>\n<meta name=\"twitter:creator\" content=\"@eltextual\" \/>\n<meta name=\"twitter:site\" content=\"@eltextual\" \/>\n<meta name=\"twitter:label1\" content=\"Escrito por\" \/>\n\t<meta name=\"twitter:data1\" content=\"Diario1 Diario1\" \/>\n\t<meta name=\"twitter:label2\" content=\"Tiempo de lectura\" \/>\n\t<meta name=\"twitter:data2\" content=\"2 minutos\" \/>\n<script type=\"application\/ld+json\" class=\"yoast-schema-graph\">{\"@context\":\"https:\\\/\\\/schema.org\",\"@graph\":[{\"@type\":\"Article\",\"@id\":\"https:\\\/\\\/diariotextual.com\\\/inicio\\\/index.php\\\/2023\\\/12\\\/16\\\/rosario-central-vencio-a-platense-y-se-corono-campeon-de-la-copa-de-la-liga\\\/#article\",\"isPartOf\":{\"@id\":\"https:\\\/\\\/diariotextual.com\\\/inicio\\\/index.php\\\/2023\\\/12\\\/16\\\/rosario-central-vencio-a-platense-y-se-corono-campeon-de-la-copa-de-la-liga\\\/\"},\"author\":{\"name\":\"Diario1 Diario1\",\"@id\":\"https:\\\/\\\/diariotextual.com\\\/inicio\\\/#\\\/schema\\\/person\\\/418fc4093c33e86ed41562db3508f958\"},\"headline\":\"Rosario Central venci\u00f3 a Platense y se coron\u00f3 campe\u00f3n de la Copa de la Liga\",\"datePublished\":\"2023-12-17T02:04:30+00:00\",\"dateModified\":\"2023-12-17T12:34:42+00:00\",\"mainEntityOfPage\":{\"@id\":\"https:\\\/\\\/diariotextual.com\\\/inicio\\\/index.php\\\/2023\\\/12\\\/16\\\/rosario-central-vencio-a-platense-y-se-corono-campeon-de-la-copa-de-la-liga\\\/\"},\"wordCount\":406,\"publisher\":{\"@id\":\"https:\\\/\\\/diariotextual.com\\\/inicio\\\/#organization\"},\"image\":{\"@id\":\"https:\\\/\\\/diariotextual.com\\\/inicio\\\/index.php\\\/2023\\\/12\\\/16\\\/rosario-central-vencio-a-platense-y-se-corono-campeon-de-la-copa-de-la-liga\\\/#primaryimage\"},\"thumbnailUrl\":\"https:\\\/\\\/diariotextual.com\\\/inicio\\\/wp-content\\\/uploads\\\/2023\\\/12\\\/centralplatense2023-1.jpg\",\"articleSection\":[\"A - ES NOTICIA (van abajo)\",\"DEPORTES\"],\"inLanguage\":\"es\"},{\"@type\":\"WebPage\",\"@id\":\"https:\\\/\\\/diariotextual.com\\\/inicio\\\/index.php\\\/2023\\\/12\\\/16\\\/rosario-central-vencio-a-platense-y-se-corono-campeon-de-la-copa-de-la-liga\\\/\",\"url\":\"https:\\\/\\\/diariotextual.com\\\/inicio\\\/index.php\\\/2023\\\/12\\\/16\\\/rosario-central-vencio-a-platense-y-se-corono-campeon-de-la-copa-de-la-liga\\\/\",\"name\":\"Rosario Central venci\u00f3 a Platense y se coron\u00f3 campe\u00f3n de la Copa de la Liga - Diario Textual\",\"isPartOf\":{\"@id\":\"https:\\\/\\\/diariotextual.com\\\/inicio\\\/#website\"},\"primaryImageOfPage\":{\"@id\":\"https:\\\/\\\/diariotextual.com\\\/inicio\\\/index.php\\\/2023\\\/12\\\/16\\\/rosario-central-vencio-a-platense-y-se-corono-campeon-de-la-copa-de-la-liga\\\/#primaryimage\"},\"image\":{\"@id\":\"https:\\\/\\\/diariotextual.com\\\/inicio\\\/index.php\\\/2023\\\/12\\\/16\\\/rosario-central-vencio-a-platense-y-se-corono-campeon-de-la-copa-de-la-liga\\\/#primaryimage\"},\"thumbnailUrl\":\"https:\\\/\\\/diariotextual.com\\\/inicio\\\/wp-content\\\/uploads\\\/2023\\\/12\\\/centralplatense2023-1.jpg\",\"datePublished\":\"2023-12-17T02:04:30+00:00\",\"dateModified\":\"2023-12-17T12:34:42+00:00\",\"breadcrumb\":{\"@id\":\"https:\\\/\\\/diariotextual.com\\\/inicio\\\/index.php\\\/2023\\\/12\\\/16\\\/rosario-central-vencio-a-platense-y-se-corono-campeon-de-la-copa-de-la-liga\\\/#breadcrumb\"},\"inLanguage\":\"es\",\"potentialAction\":[{\"@type\":\"ReadAction\",\"target\":[\"https:\\\/\\\/diariotextual.com\\\/inicio\\\/index.php\\\/2023\\\/12\\\/16\\\/rosario-central-vencio-a-platense-y-se-corono-campeon-de-la-copa-de-la-liga\\\/\"]}]},{\"@type\":\"ImageObject\",\"inLanguage\":\"es\",\"@id\":\"https:\\\/\\\/diariotextual.com\\\/inicio\\\/index.php\\\/2023\\\/12\\\/16\\\/rosario-central-vencio-a-platense-y-se-corono-campeon-de-la-copa-de-la-liga\\\/#primaryimage\",\"url\":\"https:\\\/\\\/diariotextual.com\\\/inicio\\\/wp-content\\\/uploads\\\/2023\\\/12\\\/centralplatense2023-1.jpg\",\"contentUrl\":\"https:\\\/\\\/diariotextual.com\\\/inicio\\\/wp-content\\\/uploads\\\/2023\\\/12\\\/centralplatense2023-1.jpg\",\"width\":1500,\"height\":998},{\"@type\":\"BreadcrumbList\",\"@id\":\"https:\\\/\\\/diariotextual.com\\\/inicio\\\/index.php\\\/2023\\\/12\\\/16\\\/rosario-central-vencio-a-platense-y-se-corono-campeon-de-la-copa-de-la-liga\\\/#breadcrumb\",\"itemListElement\":[{\"@type\":\"ListItem\",\"position\":1,\"name\":\"Portada\",\"item\":\"https:\\\/\\\/diariotextual.com\\\/inicio\\\/\"},{\"@type\":\"ListItem\",\"position\":2,\"name\":\"Rosario Central venci\u00f3 a Platense y se coron\u00f3 campe\u00f3n de la Copa de la Liga\"}]},{\"@type\":\"WebSite\",\"@id\":\"https:\\\/\\\/diariotextual.com\\\/inicio\\\/#website\",\"url\":\"https:\\\/\\\/diariotextual.com\\\/inicio\\\/\",\"name\":\"Diario Textual\",\"description\":\"\",\"publisher\":{\"@id\":\"https:\\\/\\\/diariotextual.com\\\/inicio\\\/#organization\"},\"potentialAction\":[{\"@type\":\"SearchAction\",\"target\":{\"@type\":\"EntryPoint\",\"urlTemplate\":\"https:\\\/\\\/diariotextual.com\\\/inicio\\\/?s={search_term_string}\"},\"query-input\":{\"@type\":\"PropertyValueSpecification\",\"valueRequired\":true,\"valueName\":\"search_term_string\"}}],\"inLanguage\":\"es\"},{\"@type\":\"Organization\",\"@id\":\"https:\\\/\\\/diariotextual.com\\\/inicio\\\/#organization\",\"name\":\"Diario Textual\",\"url\":\"https:\\\/\\\/diariotextual.com\\\/inicio\\\/\",\"logo\":{\"@type\":\"ImageObject\",\"inLanguage\":\"es\",\"@id\":\"https:\\\/\\\/diariotextual.com\\\/inicio\\\/#\\\/schema\\\/logo\\\/image\\\/\",\"url\":\"https:\\\/\\\/diariotextual.com\\\/inicio\\\/wp-content\\\/uploads\\\/2023\\\/05\\\/logotextual1.jpg\",\"contentUrl\":\"https:\\\/\\\/diariotextual.com\\\/inicio\\\/wp-content\\\/uploads\\\/2023\\\/05\\\/logotextual1.jpg\",\"width\":516,\"height\":76,\"caption\":\"Diario Textual\"},\"image\":{\"@id\":\"https:\\\/\\\/diariotextual.com\\\/inicio\\\/#\\\/schema\\\/logo\\\/image\\\/\"},\"sameAs\":[\"https:\\\/\\\/www.facebook.com\\\/eltextual\",\"https:\\\/\\\/x.com\\\/eltextual\",\"http:\\\/\\\/www.instagram.com\\\/eltextual\"]},{\"@type\":\"Person\",\"@id\":\"https:\\\/\\\/diariotextual.com\\\/inicio\\\/#\\\/schema\\\/person\\\/418fc4093c33e86ed41562db3508f958\",\"name\":\"Diario1 Diario1\",\"image\":{\"@type\":\"ImageObject\",\"inLanguage\":\"es\",\"@id\":\"https:\\\/\\\/secure.gravatar.com\\\/avatar\\\/9167d280179c85bc18be67aa7eda765854300033af4896dd779b608640f2ef7a?s=96&d=mm&r=g\",\"url\":\"https:\\\/\\\/secure.gravatar.com\\\/avatar\\\/9167d280179c85bc18be67aa7eda765854300033af4896dd779b608640f2ef7a?s=96&d=mm&r=g\",\"contentUrl\":\"https:\\\/\\\/secure.gravatar.com\\\/avatar\\\/9167d280179c85bc18be67aa7eda765854300033af4896dd779b608640f2ef7a?s=96&d=mm&r=g\",\"caption\":\"Diario1 Diario1\"},\"url\":\"https:\\\/\\\/diariotextual.com\\\/inicio\\\/index.php\\\/author\\\/diario1\\\/\"}]}<\/script>\n<!-- \/ Yoast SEO plugin. -->","yoast_head_json":{"title":"Rosario Central venci\u00f3 a Platense y se coron\u00f3 campe\u00f3n de la Copa de la Liga - Diario Textual","robots":{"index":"index","follow":"follow","max-snippet":"max-snippet:-1","max-image-preview":"max-image-preview:large","max-video-preview":"max-video-preview:-1"},"canonical":"https:\/\/diariotextual.com\/inicio\/index.php\/2023\/12\/16\/rosario-central-vencio-a-platense-y-se-corono-campeon-de-la-copa-de-la-liga\/","og_locale":"es_ES","og_type":"article","og_title":"Rosario Central venci\u00f3 a Platense y se coron\u00f3 campe\u00f3n de la Copa de la Liga - Diario Textual","og_description":"Rosario Central le gan\u00f3 por 1 a 0 a Platense,&nbsp;en el partido correspondiente a la final de la Copa de la Liga Profesional&nbsp;y se coron\u00f3 campe\u00f3n de torneo.&nbsp;Su&nbsp;d\u00e9cimo segundo t\u00edtulo&nbsp;a&hellip;","og_url":"https:\/\/diariotextual.com\/inicio\/index.php\/2023\/12\/16\/rosario-central-vencio-a-platense-y-se-corono-campeon-de-la-copa-de-la-liga\/","og_site_name":"Diario Textual","article_publisher":"https:\/\/www.facebook.com\/eltextual","article_published_time":"2023-12-17T02:04:30+00:00","article_modified_time":"2023-12-17T12:34:42+00:00","og_image":[{"width":1500,"height":998,"url":"https:\/\/diariotextual.com\/inicio\/wp-content\/uploads\/2023\/12\/centralplatense2023-1.jpg","type":"image\/jpeg"}],"author":"Diario1 Diario1","twitter_card":"summary_large_image","twitter_creator":"@eltextual","twitter_site":"@eltextual","twitter_misc":{"Escrito por":"Diario1 Diario1","Tiempo de lectura":"2 minutos"},"schema":{"@context":"https:\/\/schema.org","@graph":[{"@type":"Article","@id":"https:\/\/diariotextual.com\/inicio\/index.php\/2023\/12\/16\/rosario-central-vencio-a-platense-y-se-corono-campeon-de-la-copa-de-la-liga\/#article","isPartOf":{"@id":"https:\/\/diariotextual.com\/inicio\/index.php\/2023\/12\/16\/rosario-central-vencio-a-platense-y-se-corono-campeon-de-la-copa-de-la-liga\/"},"author":{"name":"Diario1 Diario1","@id":"https:\/\/diariotextual.com\/inicio\/#\/schema\/person\/418fc4093c33e86ed41562db3508f958"},"headline":"Rosario Central venci\u00f3 a Platense y se coron\u00f3 campe\u00f3n de la Copa de la Liga","datePublished":"2023-12-17T02:04:30+00:00","dateModified":"2023-12-17T12:34:42+00:00","mainEntityOfPage":{"@id":"https:\/\/diariotextual.com\/inicio\/index.php\/2023\/12\/16\/rosario-central-vencio-a-platense-y-se-corono-campeon-de-la-copa-de-la-liga\/"},"wordCount":406,"publisher":{"@id":"https:\/\/diariotextual.com\/inicio\/#organization"},"image":{"@id":"https:\/\/diariotextual.com\/inicio\/index.php\/2023\/12\/16\/rosario-central-vencio-a-platense-y-se-corono-campeon-de-la-copa-de-la-liga\/#primaryimage"},"thumbnailUrl":"https:\/\/diariotextual.com\/inicio\/wp-content\/uploads\/2023\/12\/centralplatense2023-1.jpg","articleSection":["A - ES NOTICIA (van abajo)","DEPORTES"],"inLanguage":"es"},{"@type":"WebPage","@id":"https:\/\/diariotextual.com\/inicio\/index.php\/2023\/12\/16\/rosario-central-vencio-a-platense-y-se-corono-campeon-de-la-copa-de-la-liga\/","url":"https:\/\/diariotextual.com\/inicio\/index.php\/2023\/12\/16\/rosario-central-vencio-a-platense-y-se-corono-campeon-de-la-copa-de-la-liga\/","name":"Rosario Central venci\u00f3 a Platense y se coron\u00f3 campe\u00f3n de la Copa de la Liga - Diario Textual","isPartOf":{"@id":"https:\/\/diariotextual.com\/inicio\/#website"},"primaryImageOfPage":{"@id":"https:\/\/diariotextual.com\/inicio\/index.php\/2023\/12\/16\/rosario-central-vencio-a-platense-y-se-corono-campeon-de-la-copa-de-la-liga\/#primaryimage"},"image":{"@id":"https:\/\/diariotextual.com\/inicio\/index.php\/2023\/12\/16\/rosario-central-vencio-a-platense-y-se-corono-campeon-de-la-copa-de-la-liga\/#primaryimage"},"thumbnailUrl":"https:\/\/diariotextual.com\/inicio\/wp-content\/uploads\/2023\/12\/centralplatense2023-1.jpg","datePublished":"2023-12-17T02:04:30+00:00","dateModified":"2023-12-17T12:34:42+00:00","breadcrumb":{"@id":"https:\/\/diariotextual.com\/inicio\/index.php\/2023\/12\/16\/rosario-central-vencio-a-platense-y-se-corono-campeon-de-la-copa-de-la-liga\/#breadcrumb"},"inLanguage":"es","potentialAction":[{"@type":"ReadAction","target":["https:\/\/diariotextual.com\/inicio\/index.php\/2023\/12\/16\/rosario-central-vencio-a-platense-y-se-corono-campeon-de-la-copa-de-la-liga\/"]}]},{"@type":"ImageObject","inLanguage":"es","@id":"https:\/\/diariotextual.com\/inicio\/index.php\/2023\/12\/16\/rosario-central-vencio-a-platense-y-se-corono-campeon-de-la-copa-de-la-liga\/#primaryimage","url":"https:\/\/diariotextual.com\/inicio\/wp-content\/uploads\/2023\/12\/centralplatense2023-1.jpg","contentUrl":"https:\/\/diariotextual.com\/inicio\/wp-content\/uploads\/2023\/12\/centralplatense2023-1.jpg","width":1500,"height":998},{"@type":"BreadcrumbList","@id":"https:\/\/diariotextual.com\/inicio\/index.php\/2023\/12\/16\/rosario-central-vencio-a-platense-y-se-corono-campeon-de-la-copa-de-la-liga\/#breadcrumb","itemListElement":[{"@type":"ListItem","position":1,"name":"Portada","item":"https:\/\/diariotextual.com\/inicio\/"},{"@type":"ListItem","position":2,"name":"Rosario Central venci\u00f3 a Platense y se coron\u00f3 campe\u00f3n de la Copa de la Liga"}]},{"@type":"WebSite","@id":"https:\/\/diariotextual.com\/inicio\/#website","url":"https:\/\/diariotextual.com\/inicio\/","name":"Diario Textual","description":"","publisher":{"@id":"https:\/\/diariotextual.com\/inicio\/#organization"},"potentialAction":[{"@type":"SearchAction","target":{"@type":"EntryPoint","urlTemplate":"https:\/\/diariotextual.com\/inicio\/?s={search_term_string}"},"query-input":{"@type":"PropertyValueSpecification","valueRequired":true,"valueName":"search_term_string"}}],"inLanguage":"es"},{"@type":"Organization","@id":"https:\/\/diariotextual.com\/inicio\/#organization","name":"Diario Textual","url":"https:\/\/diariotextual.com\/inicio\/","logo":{"@type":"ImageObject","inLanguage":"es","@id":"https:\/\/diariotextual.com\/inicio\/#\/schema\/logo\/image\/","url":"https:\/\/diariotextual.com\/inicio\/wp-content\/uploads\/2023\/05\/logotextual1.jpg","contentUrl":"https:\/\/diariotextual.com\/inicio\/wp-content\/uploads\/2023\/05\/logotextual1.jpg","width":516,"height":76,"caption":"Diario Textual"},"image":{"@id":"https:\/\/diariotextual.com\/inicio\/#\/schema\/logo\/image\/"},"sameAs":["https:\/\/www.facebook.com\/eltextual","https:\/\/x.com\/eltextual","http:\/\/www.instagram.com\/eltextual"]},{"@type":"Person","@id":"https:\/\/diariotextual.com\/inicio\/#\/schema\/person\/418fc4093c33e86ed41562db3508f958","name":"Diario1 Diario1","image":{"@type":"ImageObject","inLanguage":"es","@id":"https:\/\/secure.gravatar.com\/avatar\/9167d280179c85bc18be67aa7eda765854300033af4896dd779b608640f2ef7a?s=96&d=mm&r=g","url":"https:\/\/secure.gravatar.com\/avatar\/9167d280179c85bc18be67aa7eda765854300033af4896dd779b608640f2ef7a?s=96&d=mm&r=g","contentUrl":"https:\/\/secure.gravatar.com\/avatar\/9167d280179c85bc18be67aa7eda765854300033af4896dd779b608640f2ef7a?s=96&d=mm&r=g","caption":"Diario1 Diario1"},"url":"https:\/\/diariotextual.com\/inicio\/index.php\/author\/diario1\/"}]}},"_links":{"self":[{"href":"https:\/\/diariotextual.com\/inicio\/index.php\/wp-json\/wp\/v2\/posts\/248264","targetHints":{"allow":["GET"]}}],"collection":[{"href":"https:\/\/diariotextual.com\/inicio\/index.php\/wp-json\/wp\/v2\/posts"}],"about":[{"href":"https:\/\/diariotextual.com\/inicio\/index.php\/wp-json\/wp\/v2\/types\/post"}],"author":[{"embeddable":true,"href":"https:\/\/diariotextual.com\/inicio\/index.php\/wp-json\/wp\/v2\/users\/3"}],"replies":[{"embeddable":true,"href":"https:\/\/diariotextual.com\/inicio\/index.php\/wp-json\/wp\/v2\/comments?post=248264"}],"version-history":[{"count":2,"href":"https:\/\/diariotextual.com\/inicio\/index.php\/wp-json\/wp\/v2\/posts\/248264\/revisions"}],"predecessor-version":[{"id":248267,"href":"https:\/\/diariotextual.com\/inicio\/index.php\/wp-json\/wp\/v2\/posts\/248264\/revisions\/248267"}],"wp:featuredmedia":[{"embeddable":true,"href":"https:\/\/diariotextual.com\/inicio\/index.php\/wp-json\/wp\/v2\/media\/248265"}],"wp:attachment":[{"href":"https:\/\/diariotextual.com\/inicio\/index.php\/wp-json\/wp\/v2\/media?parent=248264"}],"wp:term":[{"taxonomy":"category","embeddable":true,"href":"https:\/\/diariotextual.com\/inicio\/index.php\/wp-json\/wp\/v2\/categories?post=248264"},{"taxonomy":"post_tag","embeddable":true,"href":"https:\/\/diariotextual.com\/inicio\/index.php\/wp-json\/wp\/v2\/tags?post=248264"}],"curies":[{"name":"wp","href":"https:\/\/api.w.org\/{rel}","templated":true}]}}