{"id":248272,"date":"2023-12-17T09:06:39","date_gmt":"2023-12-17T12:06:39","guid":{"rendered":"https:\/\/diariotextual.com\/inicio\/?p=248272"},"modified":"2023-12-17T18:15:32","modified_gmt":"2023-12-17T21:15:32","slug":"boca-celebrara-sus-elecciones-en-la-bombonera-con-riquelme-de-un-lado-y-macri-del-otro","status":"publish","type":"post","link":"https:\/\/diariotextual.com\/inicio\/index.php\/2023\/12\/17\/boca-celebrara-sus-elecciones-en-la-bombonera-con-riquelme-de-un-lado-y-macri-del-otro\/","title":{"rendered":"Boca celebrar\u00e1 sus elecciones en La Bombonera con Riquelme de un lado y Macri del otro"},"content":{"rendered":"\n<p><strong>Juan Rom\u00e1n Riquelme<\/strong>, uno de los m\u00e1ximos \u00eddolos \u201cxeneizes\u201d, y<strong> Mauricio Macri<\/strong>, mandatario del club en la \u00e9poca deportiva m\u00e1s gloriosa,<strong> competir\u00e1n este domingo en las elecciones de Boca Juniors, que contar\u00e1n con la participaci\u00f3n confirmada del presidente Javier Milei en su condici\u00f3n de socio activo habilitado para votar.<\/strong><\/p>\n\n\n\n<p>Riquelme, candidato a presidente por el oficialismo, y Macri, postulante a vice de Andr\u00e9s Ibarra en la lista opositoria \u201cPasi\u00f3n+Gesti\u00f3n\u201d, librar\u00e1n una batalla este domingo de 9 a 18, en un proceso que incluye la judicializaci\u00f3n de los comicios por la impugnaci\u00f3n de un lote de socios incluidos en el padr\u00f3n.<\/p>\n\n\n\n<p>El acto eleccionario se llevar\u00e1 a cabo en tres carpas especialmente instaladas en el campo de juego de la mism\u00edsima Bombonera, lo que permitir\u00e1 a los socios pisar el c\u00e9sped del m\u00edtico escenario ubicado en Brandsen 805, en el barrio porte\u00f1o de La Boca.<\/p>\n\n\n\n<p>Milei asegur\u00f3 su presencia en la votaci\u00f3n con una respuesta al periodista Mart\u00edn Liberman en la red social X (exTwitter). \u201cYes\u201d, contest\u00f3 a un posteo en el que Liberman informaba sobre su decisi\u00f3n de sufragar. El presidente libertario, socio activo n\u00famero 76.296, votar\u00e1 en la mesa 20.<\/p>\n\n\n\n<p>Sin protagonismo en el f\u00fatbol local y luego de haber perdido la final de la Copa Libertadores el 4 de noviembre pasado, en el Mundo Boca no se habla de otra cosa que no sean las elecciones, que dicho sea de paso debieron celebrarse el 3 de diciembre pasado, su fecha original, pero la oposici\u00f3n judicializ\u00f3 el tema y acus\u00f3 del oficialismo de \u201cserias irregularidades en los padrones\u201d.<\/p>\n\n\n\n<p>Ese incidente motiv\u00f3 la intervenci\u00f3n de la justicia que hizo lugar al reclamo inicial cuando la causa recay\u00f3 en la jueza Alejandra Abrevaya, quien suspendi\u00f3 los comicios en primera instancia.<\/p>\n\n\n\n<p>No obstante, la Sala E de la C\u00e1mara de Apelaciones en lo Civil integrada por los jueces Ricardo Rosi, Jos\u00e9 Fajre y Marisa Sorini, consideraron que el fallo en primera instancia estaba mal concedido, lo revocaron y fijaron fecha de elecciones para este domingo.<\/p>\n\n\n\n<p>Sobre el final de la semana la oposici\u00f3n present\u00f3 una nueva cautelar, que tambi\u00e9n se tramita en el juzgado de Abrevaya, en la que solicitaron que los 13.364 socios objetados voten en mesas separadas del resto y eso fue concedido.<\/p>\n\n\n\n<p>De manera que las mesas observadas por la Jueza donde est\u00e1n los 13.364 socios objetados deber\u00e1n votar separados y podr\u00e1n ser filmados con el veedor interventor de la Inspecci\u00f3n General de Justicia (IGJ).<\/p>\n","protected":false},"excerpt":{"rendered":"<p>Juan Rom\u00e1n Riquelme, uno de los m\u00e1ximos \u00eddolos \u201cxeneizes\u201d, y Mauricio Macri, mandatario del club en la \u00e9poca deportiva m\u00e1s gloriosa, competir\u00e1n este domingo en las elecciones de Boca Juniors,&hellip;<\/p>\n","protected":false},"author":3,"featured_media":83146,"comment_status":"closed","ping_status":"open","sticky":false,"template":"","format":"standard","meta":{"_acf_changed":false,"footnotes":""},"categories":[3],"tags":[],"class_list":["post-248272","post","type-post","status-publish","format-standard","has-post-thumbnail","hentry","category-deportes"],"acf":[],"yoast_head":"<!-- This site is optimized with the Yoast SEO plugin v27.5 - https:\/\/yoast.com\/product\/yoast-seo-wordpress\/ -->\n<title>Boca celebrar\u00e1 sus elecciones en La Bombonera con Riquelme de un lado y Macri del otro - Diario Textual<\/title>\n<meta name=\"robots\" content=\"index, follow, max-snippet:-1, max-image-preview:large, max-video-preview:-1\" \/>\n<link rel=\"canonical\" href=\"https:\/\/diariotextual.com\/inicio\/index.php\/2023\/12\/17\/boca-celebrara-sus-elecciones-en-la-bombonera-con-riquelme-de-un-lado-y-macri-del-otro\/\" \/>\n<meta property=\"og:locale\" content=\"es_ES\" \/>\n<meta property=\"og:type\" content=\"article\" \/>\n<meta property=\"og:title\" content=\"Boca celebrar\u00e1 sus elecciones en La Bombonera con Riquelme de un lado y Macri del otro - Diario Textual\" \/>\n<meta property=\"og:description\" content=\"Juan Rom\u00e1n Riquelme, uno de los m\u00e1ximos \u00eddolos \u201cxeneizes\u201d, y Mauricio Macri, mandatario del club en la \u00e9poca deportiva m\u00e1s gloriosa, competir\u00e1n este domingo en las elecciones de Boca Juniors,&hellip;\" \/>\n<meta property=\"og:url\" content=\"https:\/\/diariotextual.com\/inicio\/index.php\/2023\/12\/17\/boca-celebrara-sus-elecciones-en-la-bombonera-con-riquelme-de-un-lado-y-macri-del-otro\/\" \/>\n<meta property=\"og:site_name\" content=\"Diario Textual\" \/>\n<meta property=\"article:publisher\" content=\"https:\/\/www.facebook.com\/eltextual\" \/>\n<meta property=\"article:published_time\" content=\"2023-12-17T12:06:39+00:00\" \/>\n<meta property=\"article:modified_time\" content=\"2023-12-17T21:15:32+00:00\" \/>\n<meta property=\"og:image\" content=\"https:\/\/diariotextual.com\/inicio\/wp-content\/uploads\/2020\/03\/bombonera777.jpg\" \/>\n\t<meta property=\"og:image:width\" content=\"980\" \/>\n\t<meta property=\"og:image:height\" content=\"550\" \/>\n\t<meta property=\"og:image:type\" content=\"image\/jpeg\" \/>\n<meta name=\"author\" content=\"Diario1 Diario1\" \/>\n<meta name=\"twitter:card\" content=\"summary_large_image\" \/>\n<meta name=\"twitter:creator\" content=\"@eltextual\" \/>\n<meta name=\"twitter:site\" content=\"@eltextual\" \/>\n<meta name=\"twitter:label1\" content=\"Escrito por\" \/>\n\t<meta name=\"twitter:data1\" content=\"Diario1 Diario1\" \/>\n\t<meta name=\"twitter:label2\" content=\"Tiempo de lectura\" \/>\n\t<meta name=\"twitter:data2\" content=\"3 minutos\" \/>\n<script type=\"application\/ld+json\" class=\"yoast-schema-graph\">{\"@context\":\"https:\\\/\\\/schema.org\",\"@graph\":[{\"@type\":\"Article\",\"@id\":\"https:\\\/\\\/diariotextual.com\\\/inicio\\\/index.php\\\/2023\\\/12\\\/17\\\/boca-celebrara-sus-elecciones-en-la-bombonera-con-riquelme-de-un-lado-y-macri-del-otro\\\/#article\",\"isPartOf\":{\"@id\":\"https:\\\/\\\/diariotextual.com\\\/inicio\\\/index.php\\\/2023\\\/12\\\/17\\\/boca-celebrara-sus-elecciones-en-la-bombonera-con-riquelme-de-un-lado-y-macri-del-otro\\\/\"},\"author\":{\"name\":\"Diario1 Diario1\",\"@id\":\"https:\\\/\\\/diariotextual.com\\\/inicio\\\/#\\\/schema\\\/person\\\/418fc4093c33e86ed41562db3508f958\"},\"headline\":\"Boca celebrar\u00e1 sus elecciones en La Bombonera con Riquelme de un lado y Macri del otro\",\"datePublished\":\"2023-12-17T12:06:39+00:00\",\"dateModified\":\"2023-12-17T21:15:32+00:00\",\"mainEntityOfPage\":{\"@id\":\"https:\\\/\\\/diariotextual.com\\\/inicio\\\/index.php\\\/2023\\\/12\\\/17\\\/boca-celebrara-sus-elecciones-en-la-bombonera-con-riquelme-de-un-lado-y-macri-del-otro\\\/\"},\"wordCount\":446,\"publisher\":{\"@id\":\"https:\\\/\\\/diariotextual.com\\\/inicio\\\/#organization\"},\"image\":{\"@id\":\"https:\\\/\\\/diariotextual.com\\\/inicio\\\/index.php\\\/2023\\\/12\\\/17\\\/boca-celebrara-sus-elecciones-en-la-bombonera-con-riquelme-de-un-lado-y-macri-del-otro\\\/#primaryimage\"},\"thumbnailUrl\":\"https:\\\/\\\/diariotextual.com\\\/inicio\\\/wp-content\\\/uploads\\\/2020\\\/03\\\/bombonera777.jpg\",\"articleSection\":[\"DEPORTES\"],\"inLanguage\":\"es\"},{\"@type\":\"WebPage\",\"@id\":\"https:\\\/\\\/diariotextual.com\\\/inicio\\\/index.php\\\/2023\\\/12\\\/17\\\/boca-celebrara-sus-elecciones-en-la-bombonera-con-riquelme-de-un-lado-y-macri-del-otro\\\/\",\"url\":\"https:\\\/\\\/diariotextual.com\\\/inicio\\\/index.php\\\/2023\\\/12\\\/17\\\/boca-celebrara-sus-elecciones-en-la-bombonera-con-riquelme-de-un-lado-y-macri-del-otro\\\/\",\"name\":\"Boca celebrar\u00e1 sus elecciones en La Bombonera con Riquelme de un lado y Macri del otro - Diario Textual\",\"isPartOf\":{\"@id\":\"https:\\\/\\\/diariotextual.com\\\/inicio\\\/#website\"},\"primaryImageOfPage\":{\"@id\":\"https:\\\/\\\/diariotextual.com\\\/inicio\\\/index.php\\\/2023\\\/12\\\/17\\\/boca-celebrara-sus-elecciones-en-la-bombonera-con-riquelme-de-un-lado-y-macri-del-otro\\\/#primaryimage\"},\"image\":{\"@id\":\"https:\\\/\\\/diariotextual.com\\\/inicio\\\/index.php\\\/2023\\\/12\\\/17\\\/boca-celebrara-sus-elecciones-en-la-bombonera-con-riquelme-de-un-lado-y-macri-del-otro\\\/#primaryimage\"},\"thumbnailUrl\":\"https:\\\/\\\/diariotextual.com\\\/inicio\\\/wp-content\\\/uploads\\\/2020\\\/03\\\/bombonera777.jpg\",\"datePublished\":\"2023-12-17T12:06:39+00:00\",\"dateModified\":\"2023-12-17T21:15:32+00:00\",\"breadcrumb\":{\"@id\":\"https:\\\/\\\/diariotextual.com\\\/inicio\\\/index.php\\\/2023\\\/12\\\/17\\\/boca-celebrara-sus-elecciones-en-la-bombonera-con-riquelme-de-un-lado-y-macri-del-otro\\\/#breadcrumb\"},\"inLanguage\":\"es\",\"potentialAction\":[{\"@type\":\"ReadAction\",\"target\":[\"https:\\\/\\\/diariotextual.com\\\/inicio\\\/index.php\\\/2023\\\/12\\\/17\\\/boca-celebrara-sus-elecciones-en-la-bombonera-con-riquelme-de-un-lado-y-macri-del-otro\\\/\"]}]},{\"@type\":\"ImageObject\",\"inLanguage\":\"es\",\"@id\":\"https:\\\/\\\/diariotextual.com\\\/inicio\\\/index.php\\\/2023\\\/12\\\/17\\\/boca-celebrara-sus-elecciones-en-la-bombonera-con-riquelme-de-un-lado-y-macri-del-otro\\\/#primaryimage\",\"url\":\"https:\\\/\\\/diariotextual.com\\\/inicio\\\/wp-content\\\/uploads\\\/2020\\\/03\\\/bombonera777.jpg\",\"contentUrl\":\"https:\\\/\\\/diariotextual.com\\\/inicio\\\/wp-content\\\/uploads\\\/2020\\\/03\\\/bombonera777.jpg\",\"width\":980,\"height\":550},{\"@type\":\"BreadcrumbList\",\"@id\":\"https:\\\/\\\/diariotextual.com\\\/inicio\\\/index.php\\\/2023\\\/12\\\/17\\\/boca-celebrara-sus-elecciones-en-la-bombonera-con-riquelme-de-un-lado-y-macri-del-otro\\\/#breadcrumb\",\"itemListElement\":[{\"@type\":\"ListItem\",\"position\":1,\"name\":\"Portada\",\"item\":\"https:\\\/\\\/diariotextual.com\\\/inicio\\\/\"},{\"@type\":\"ListItem\",\"position\":2,\"name\":\"Boca celebrar\u00e1 sus elecciones en La Bombonera con Riquelme de un lado y Macri del otro\"}]},{\"@type\":\"WebSite\",\"@id\":\"https:\\\/\\\/diariotextual.com\\\/inicio\\\/#website\",\"url\":\"https:\\\/\\\/diariotextual.com\\\/inicio\\\/\",\"name\":\"Diario Textual\",\"description\":\"\",\"publisher\":{\"@id\":\"https:\\\/\\\/diariotextual.com\\\/inicio\\\/#organization\"},\"potentialAction\":[{\"@type\":\"SearchAction\",\"target\":{\"@type\":\"EntryPoint\",\"urlTemplate\":\"https:\\\/\\\/diariotextual.com\\\/inicio\\\/?s={search_term_string}\"},\"query-input\":{\"@type\":\"PropertyValueSpecification\",\"valueRequired\":true,\"valueName\":\"search_term_string\"}}],\"inLanguage\":\"es\"},{\"@type\":\"Organization\",\"@id\":\"https:\\\/\\\/diariotextual.com\\\/inicio\\\/#organization\",\"name\":\"Diario Textual\",\"url\":\"https:\\\/\\\/diariotextual.com\\\/inicio\\\/\",\"logo\":{\"@type\":\"ImageObject\",\"inLanguage\":\"es\",\"@id\":\"https:\\\/\\\/diariotextual.com\\\/inicio\\\/#\\\/schema\\\/logo\\\/image\\\/\",\"url\":\"https:\\\/\\\/diariotextual.com\\\/inicio\\\/wp-content\\\/uploads\\\/2023\\\/05\\\/logotextual1.jpg\",\"contentUrl\":\"https:\\\/\\\/diariotextual.com\\\/inicio\\\/wp-content\\\/uploads\\\/2023\\\/05\\\/logotextual1.jpg\",\"width\":516,\"height\":76,\"caption\":\"Diario Textual\"},\"image\":{\"@id\":\"https:\\\/\\\/diariotextual.com\\\/inicio\\\/#\\\/schema\\\/logo\\\/image\\\/\"},\"sameAs\":[\"https:\\\/\\\/www.facebook.com\\\/eltextual\",\"https:\\\/\\\/x.com\\\/eltextual\",\"http:\\\/\\\/www.instagram.com\\\/eltextual\"]},{\"@type\":\"Person\",\"@id\":\"https:\\\/\\\/diariotextual.com\\\/inicio\\\/#\\\/schema\\\/person\\\/418fc4093c33e86ed41562db3508f958\",\"name\":\"Diario1 Diario1\",\"image\":{\"@type\":\"ImageObject\",\"inLanguage\":\"es\",\"@id\":\"https:\\\/\\\/secure.gravatar.com\\\/avatar\\\/9167d280179c85bc18be67aa7eda765854300033af4896dd779b608640f2ef7a?s=96&d=mm&r=g\",\"url\":\"https:\\\/\\\/secure.gravatar.com\\\/avatar\\\/9167d280179c85bc18be67aa7eda765854300033af4896dd779b608640f2ef7a?s=96&d=mm&r=g\",\"contentUrl\":\"https:\\\/\\\/secure.gravatar.com\\\/avatar\\\/9167d280179c85bc18be67aa7eda765854300033af4896dd779b608640f2ef7a?s=96&d=mm&r=g\",\"caption\":\"Diario1 Diario1\"},\"url\":\"https:\\\/\\\/diariotextual.com\\\/inicio\\\/index.php\\\/author\\\/diario1\\\/\"}]}<\/script>\n<!-- \/ Yoast SEO plugin. -->","yoast_head_json":{"title":"Boca celebrar\u00e1 sus elecciones en La Bombonera con Riquelme de un lado y Macri del otro - Diario Textual","robots":{"index":"index","follow":"follow","max-snippet":"max-snippet:-1","max-image-preview":"max-image-preview:large","max-video-preview":"max-video-preview:-1"},"canonical":"https:\/\/diariotextual.com\/inicio\/index.php\/2023\/12\/17\/boca-celebrara-sus-elecciones-en-la-bombonera-con-riquelme-de-un-lado-y-macri-del-otro\/","og_locale":"es_ES","og_type":"article","og_title":"Boca celebrar\u00e1 sus elecciones en La Bombonera con Riquelme de un lado y Macri del otro - Diario Textual","og_description":"Juan Rom\u00e1n Riquelme, uno de los m\u00e1ximos \u00eddolos \u201cxeneizes\u201d, y Mauricio Macri, mandatario del club en la \u00e9poca deportiva m\u00e1s gloriosa, competir\u00e1n este domingo en las elecciones de Boca Juniors,&hellip;","og_url":"https:\/\/diariotextual.com\/inicio\/index.php\/2023\/12\/17\/boca-celebrara-sus-elecciones-en-la-bombonera-con-riquelme-de-un-lado-y-macri-del-otro\/","og_site_name":"Diario Textual","article_publisher":"https:\/\/www.facebook.com\/eltextual","article_published_time":"2023-12-17T12:06:39+00:00","article_modified_time":"2023-12-17T21:15:32+00:00","og_image":[{"width":980,"height":550,"url":"https:\/\/diariotextual.com\/inicio\/wp-content\/uploads\/2020\/03\/bombonera777.jpg","type":"image\/jpeg"}],"author":"Diario1 Diario1","twitter_card":"summary_large_image","twitter_creator":"@eltextual","twitter_site":"@eltextual","twitter_misc":{"Escrito por":"Diario1 Diario1","Tiempo de lectura":"3 minutos"},"schema":{"@context":"https:\/\/schema.org","@graph":[{"@type":"Article","@id":"https:\/\/diariotextual.com\/inicio\/index.php\/2023\/12\/17\/boca-celebrara-sus-elecciones-en-la-bombonera-con-riquelme-de-un-lado-y-macri-del-otro\/#article","isPartOf":{"@id":"https:\/\/diariotextual.com\/inicio\/index.php\/2023\/12\/17\/boca-celebrara-sus-elecciones-en-la-bombonera-con-riquelme-de-un-lado-y-macri-del-otro\/"},"author":{"name":"Diario1 Diario1","@id":"https:\/\/diariotextual.com\/inicio\/#\/schema\/person\/418fc4093c33e86ed41562db3508f958"},"headline":"Boca celebrar\u00e1 sus elecciones en La Bombonera con Riquelme de un lado y Macri del otro","datePublished":"2023-12-17T12:06:39+00:00","dateModified":"2023-12-17T21:15:32+00:00","mainEntityOfPage":{"@id":"https:\/\/diariotextual.com\/inicio\/index.php\/2023\/12\/17\/boca-celebrara-sus-elecciones-en-la-bombonera-con-riquelme-de-un-lado-y-macri-del-otro\/"},"wordCount":446,"publisher":{"@id":"https:\/\/diariotextual.com\/inicio\/#organization"},"image":{"@id":"https:\/\/diariotextual.com\/inicio\/index.php\/2023\/12\/17\/boca-celebrara-sus-elecciones-en-la-bombonera-con-riquelme-de-un-lado-y-macri-del-otro\/#primaryimage"},"thumbnailUrl":"https:\/\/diariotextual.com\/inicio\/wp-content\/uploads\/2020\/03\/bombonera777.jpg","articleSection":["DEPORTES"],"inLanguage":"es"},{"@type":"WebPage","@id":"https:\/\/diariotextual.com\/inicio\/index.php\/2023\/12\/17\/boca-celebrara-sus-elecciones-en-la-bombonera-con-riquelme-de-un-lado-y-macri-del-otro\/","url":"https:\/\/diariotextual.com\/inicio\/index.php\/2023\/12\/17\/boca-celebrara-sus-elecciones-en-la-bombonera-con-riquelme-de-un-lado-y-macri-del-otro\/","name":"Boca celebrar\u00e1 sus elecciones en La Bombonera con Riquelme de un lado y Macri del otro - Diario Textual","isPartOf":{"@id":"https:\/\/diariotextual.com\/inicio\/#website"},"primaryImageOfPage":{"@id":"https:\/\/diariotextual.com\/inicio\/index.php\/2023\/12\/17\/boca-celebrara-sus-elecciones-en-la-bombonera-con-riquelme-de-un-lado-y-macri-del-otro\/#primaryimage"},"image":{"@id":"https:\/\/diariotextual.com\/inicio\/index.php\/2023\/12\/17\/boca-celebrara-sus-elecciones-en-la-bombonera-con-riquelme-de-un-lado-y-macri-del-otro\/#primaryimage"},"thumbnailUrl":"https:\/\/diariotextual.com\/inicio\/wp-content\/uploads\/2020\/03\/bombonera777.jpg","datePublished":"2023-12-17T12:06:39+00:00","dateModified":"2023-12-17T21:15:32+00:00","breadcrumb":{"@id":"https:\/\/diariotextual.com\/inicio\/index.php\/2023\/12\/17\/boca-celebrara-sus-elecciones-en-la-bombonera-con-riquelme-de-un-lado-y-macri-del-otro\/#breadcrumb"},"inLanguage":"es","potentialAction":[{"@type":"ReadAction","target":["https:\/\/diariotextual.com\/inicio\/index.php\/2023\/12\/17\/boca-celebrara-sus-elecciones-en-la-bombonera-con-riquelme-de-un-lado-y-macri-del-otro\/"]}]},{"@type":"ImageObject","inLanguage":"es","@id":"https:\/\/diariotextual.com\/inicio\/index.php\/2023\/12\/17\/boca-celebrara-sus-elecciones-en-la-bombonera-con-riquelme-de-un-lado-y-macri-del-otro\/#primaryimage","url":"https:\/\/diariotextual.com\/inicio\/wp-content\/uploads\/2020\/03\/bombonera777.jpg","contentUrl":"https:\/\/diariotextual.com\/inicio\/wp-content\/uploads\/2020\/03\/bombonera777.jpg","width":980,"height":550},{"@type":"BreadcrumbList","@id":"https:\/\/diariotextual.com\/inicio\/index.php\/2023\/12\/17\/boca-celebrara-sus-elecciones-en-la-bombonera-con-riquelme-de-un-lado-y-macri-del-otro\/#breadcrumb","itemListElement":[{"@type":"ListItem","position":1,"name":"Portada","item":"https:\/\/diariotextual.com\/inicio\/"},{"@type":"ListItem","position":2,"name":"Boca celebrar\u00e1 sus elecciones en La Bombonera con Riquelme de un lado y Macri del otro"}]},{"@type":"WebSite","@id":"https:\/\/diariotextual.com\/inicio\/#website","url":"https:\/\/diariotextual.com\/inicio\/","name":"Diario Textual","description":"","publisher":{"@id":"https:\/\/diariotextual.com\/inicio\/#organization"},"potentialAction":[{"@type":"SearchAction","target":{"@type":"EntryPoint","urlTemplate":"https:\/\/diariotextual.com\/inicio\/?s={search_term_string}"},"query-input":{"@type":"PropertyValueSpecification","valueRequired":true,"valueName":"search_term_string"}}],"inLanguage":"es"},{"@type":"Organization","@id":"https:\/\/diariotextual.com\/inicio\/#organization","name":"Diario Textual","url":"https:\/\/diariotextual.com\/inicio\/","logo":{"@type":"ImageObject","inLanguage":"es","@id":"https:\/\/diariotextual.com\/inicio\/#\/schema\/logo\/image\/","url":"https:\/\/diariotextual.com\/inicio\/wp-content\/uploads\/2023\/05\/logotextual1.jpg","contentUrl":"https:\/\/diariotextual.com\/inicio\/wp-content\/uploads\/2023\/05\/logotextual1.jpg","width":516,"height":76,"caption":"Diario Textual"},"image":{"@id":"https:\/\/diariotextual.com\/inicio\/#\/schema\/logo\/image\/"},"sameAs":["https:\/\/www.facebook.com\/eltextual","https:\/\/x.com\/eltextual","http:\/\/www.instagram.com\/eltextual"]},{"@type":"Person","@id":"https:\/\/diariotextual.com\/inicio\/#\/schema\/person\/418fc4093c33e86ed41562db3508f958","name":"Diario1 Diario1","image":{"@type":"ImageObject","inLanguage":"es","@id":"https:\/\/secure.gravatar.com\/avatar\/9167d280179c85bc18be67aa7eda765854300033af4896dd779b608640f2ef7a?s=96&d=mm&r=g","url":"https:\/\/secure.gravatar.com\/avatar\/9167d280179c85bc18be67aa7eda765854300033af4896dd779b608640f2ef7a?s=96&d=mm&r=g","contentUrl":"https:\/\/secure.gravatar.com\/avatar\/9167d280179c85bc18be67aa7eda765854300033af4896dd779b608640f2ef7a?s=96&d=mm&r=g","caption":"Diario1 Diario1"},"url":"https:\/\/diariotextual.com\/inicio\/index.php\/author\/diario1\/"}]}},"_links":{"self":[{"href":"https:\/\/diariotextual.com\/inicio\/index.php\/wp-json\/wp\/v2\/posts\/248272","targetHints":{"allow":["GET"]}}],"collection":[{"href":"https:\/\/diariotextual.com\/inicio\/index.php\/wp-json\/wp\/v2\/posts"}],"about":[{"href":"https:\/\/diariotextual.com\/inicio\/index.php\/wp-json\/wp\/v2\/types\/post"}],"author":[{"embeddable":true,"href":"https:\/\/diariotextual.com\/inicio\/index.php\/wp-json\/wp\/v2\/users\/3"}],"replies":[{"embeddable":true,"href":"https:\/\/diariotextual.com\/inicio\/index.php\/wp-json\/wp\/v2\/comments?post=248272"}],"version-history":[{"count":2,"href":"https:\/\/diariotextual.com\/inicio\/index.php\/wp-json\/wp\/v2\/posts\/248272\/revisions"}],"predecessor-version":[{"id":248274,"href":"https:\/\/diariotextual.com\/inicio\/index.php\/wp-json\/wp\/v2\/posts\/248272\/revisions\/248274"}],"wp:featuredmedia":[{"embeddable":true,"href":"https:\/\/diariotextual.com\/inicio\/index.php\/wp-json\/wp\/v2\/media\/83146"}],"wp:attachment":[{"href":"https:\/\/diariotextual.com\/inicio\/index.php\/wp-json\/wp\/v2\/media?parent=248272"}],"wp:term":[{"taxonomy":"category","embeddable":true,"href":"https:\/\/diariotextual.com\/inicio\/index.php\/wp-json\/wp\/v2\/categories?post=248272"},{"taxonomy":"post_tag","embeddable":true,"href":"https:\/\/diariotextual.com\/inicio\/index.php\/wp-json\/wp\/v2\/tags?post=248272"}],"curies":[{"name":"wp","href":"https:\/\/api.w.org\/{rel}","templated":true}]}}