{"id":248828,"date":"2023-12-21T17:25:42","date_gmt":"2023-12-21T20:25:42","guid":{"rendered":"https:\/\/diariotextual.com\/inicio\/?p=248828"},"modified":"2023-12-21T20:59:57","modified_gmt":"2023-12-21T23:59:57","slug":"el-pj-e-intendentes-peronistas-de-la-pampa-rechazaron-dnu-de-milei","status":"publish","type":"post","link":"https:\/\/diariotextual.com\/inicio\/index.php\/2023\/12\/21\/el-pj-e-intendentes-peronistas-de-la-pampa-rechazaron-dnu-de-milei\/","title":{"rendered":"El PJ e intendentes peronistas de La Pampa rechazaron DNU de Milei"},"content":{"rendered":"\n<p>El <strong>Partido Justicialista de La Pampa e intendentes peronistas manifestaron su rechazo al Decreto de Necesidad y Urgencia<\/strong>, anunciado anoche por cadena nacional por el presidente Javier Mieli. \u201cLlena de tristeza que, <strong>en vez de celebrar los 40 a\u00f1os de Democracia ininterrumpida, debamos escuchar el ruido de las cacerolas del pueblo argentino que manifiesta su descontento<\/strong>\u201d, dijeron en un comunicado desde el PJ pampeano.<\/p>\n\n\n\n<p>\u201cLa denominada transformaci\u00f3n, anunciada por cadena nacional, no es otra cosa que f<strong>avorecer el incremento de las riquezas de los que siempre se beneficiaron, condenando a un futuro aciago a los sectores m\u00e1s vulnerables de la sociedad<\/strong>\u201d, agregaron.<\/p>\n\n\n\n<p>\u201cNunca se pens\u00f3 que un presidente de la Naci\u00f3n llegar\u00eda al<strong> extremo de dictar una medida diciendo que lo hac\u00eda para beneficiar a una empresa extranjera<\/strong>, identific\u00e1ndola por su nombre -resaltaron en otro p\u00e1rrafo-. <strong>El DNU de Milei ataca en forma directa a derechos del pueblo trabajador<\/strong>, que sufrir\u00e1 una dolorosa y negativa reforma al r\u00e9gimen laboral, con conquistas logradas durante gobiernos peronistas\u201d.<\/p>\n\n\n\n<p>\u201cEl mismo camino anunci\u00f3 se seguir\u00e1 con los<strong> recursos y riquezas de todo el pa\u00eds, a los cu\u00e1les se les estar\u00eda poniendo la bandera de remate<\/strong>\u201d, remarcaron esta ma\u00f1ana, las autoridades del PJ de La Pampa.<\/p>\n\n\n\n<p>Adem\u00e1s, dijeron: <strong>\u201cDerechos a la salud, educaci\u00f3n, beneficios sociales, e incluso la seguridad est\u00e1n siendo puestos en la mira del mercado financiero<\/strong>. Es evidente que el objetivo es arrasar con la clase media, con la industria nacional, las Pymes y toda posibilidad de crecimiento econ\u00f3mico genuino y soberano pol\u00edticamente\u201d.\u00a0<\/p>\n\n\n\n<p>\u201cDesde el peronismo de La Pampa ratificamos que los derechos de nuestros comprovincianos no se negocian, y que cada dirigente, militante o simpatizante de nuestra fuerza estar\u00e1n dispuestos a defender a la Naci\u00f3n, a la provincia y a su pueblo\u201d, concluyeron.<\/p>\n\n\n\n<figure class=\"wp-block-embed is-type-wp-embed is-provider-diario-textual wp-block-embed-diario-textual\"><div class=\"wp-block-embed__wrapper\">\n<blockquote class=\"wp-embedded-content\" data-secret=\"yjzdT6ikKb\"><a href=\"https:\/\/diariotextual.com\/inicio\/index.php\/2023\/12\/21\/el-dnu-de-milei-los-legisladores-pampeanos-del-pj-en-contra-y-los-del-pro-y-la-ucr-a-favor-de-las-reformas\/\">El DNU de Milei: los legisladores pampeanos del PJ en contra y los del PRO y la UCR a favor de la mayor\u00eda de las reformas<\/a><\/blockquote><iframe class=\"wp-embedded-content\" sandbox=\"allow-scripts\" security=\"restricted\" style=\"position: absolute; clip: rect(1px, 1px, 1px, 1px);\" title=\"\u00abEl DNU de Milei: los legisladores pampeanos del PJ en contra y los del PRO y la UCR a favor de la mayor\u00eda de las reformas\u00bb \u2014 Diario Textual\" src=\"https:\/\/diariotextual.com\/inicio\/index.php\/2023\/12\/21\/el-dnu-de-milei-los-legisladores-pampeanos-del-pj-en-contra-y-los-del-pro-y-la-ucr-a-favor-de-las-reformas\/embed\/#?secret=4OPYHlOhq7#?secret=yjzdT6ikKb\" data-secret=\"yjzdT6ikKb\" width=\"600\" height=\"338\" frameborder=\"0\" marginwidth=\"0\" marginheight=\"0\" scrolling=\"no\"><\/iframe>\n<\/div><\/figure>\n\n\n\n<p>Posteriormente se conoci\u00f3 un documento avalado por<strong> intendentes y titulares de comisiones de fomento del PJ en La Pampa:<\/strong> \u201cExpresamos nuestra profunda preocupaci\u00f3n por la situaci\u00f3n a la que se est\u00e1 arrastrando a nuestro pa\u00eds, producto del accionar irresponsable del Gobierno Nacional\u201d.<\/p>\n\n\n\n<p>\u201c<strong>Respaldamos la postura p\u00fablica asumida por nuestro Gobernador y presidente del Partido Justicialista, compa\u00f1ero Sergio Ziliotto<\/strong>, en cuanto a que \u2018la defensa de los derechos populares no se negocia\u2019 ni tampoco \u2018el respeto a las reglas democr\u00e1ticas\u2019. El Decreto de Necesidad y Urgencia que anunciara en el d\u00eda de ayer el presidente de la Naci\u00f3n Javier Milei, representa una afrenta total y absoluta a las instituciones democr\u00e1ticas y a la Constituci\u00f3n Nacional, ya que se arroga facultades que son propias e indelegables de otros poderes del estado\u201d, a\u00f1adieron en el texto.<\/p>\n\n\n\n<p>Y resaltaron: \u201cEste accionar temerario representa una gravedad inusitada para nuestra democracia, que se encuentra cumpliendo 40 a\u00f1os de manera ininterrumpida. Durante estas cuatro d\u00e9cadas, el peronismo logr\u00f3 que las pampeanas y pampeanos accedan a sus derechos, vivan donde vivan. Se hizo bajo las premisas de la justicia social, y no de las leyes del mercado\u201d.<\/p>\n\n\n\n<p>\u201c<strong>Las medidas anunciadas, adem\u00e1s generaran sin lugar a duda un enorme perjuicio para todo nuestro pueblo, <\/strong>y como representantes de gobiernos locales de nuestra provincia, exhortamos al Poder Ejecutivo Nacional para que se deje sin efecto la arbitraria medida -remarcaron-, y se convoque de manera inmediata al Congreso de la Naci\u00f3n para que se aboque al tratamiento de cada reforma que se pretenda iniciar. El ganar una elecci\u00f3n no da derecho ni representatividad absoluta para pisotear nuestra Carta Magna\u201d.<\/p>\n\n\n\n<p>\u201cDebemos <strong>reprochar y remarcar que nuestro pueblo ha sido estafado, ya que este brutal ajuste, esta descomunal quita de derechos, lo paga el pueblo entero<\/strong> y no lo paga ninguna casta privilegiada como promet\u00eda Milei por todos los medios y redes sociales. En defensa del federalismo, de la Constituci\u00f3n y de la democracia, decimos: \u00a1Basta de atropellos!\u201d, finalizaron los intendentes del PJ en La Pampa.<\/p>\n","protected":false},"excerpt":{"rendered":"<p>El Partido Justicialista de La Pampa e intendentes peronistas manifestaron su rechazo al Decreto de Necesidad y Urgencia, anunciado anoche por cadena nacional por el presidente Javier Mieli. \u201cLlena de&hellip;<\/p>\n","protected":false},"author":5,"featured_media":235603,"comment_status":"closed","ping_status":"open","sticky":false,"template":"","format":"standard","meta":{"_acf_changed":false,"footnotes":""},"categories":[1,8],"tags":[1474,6313],"class_list":["post-248828","post","type-post","status-publish","format-standard","has-post-thumbnail","hentry","category-es-noticia","category-politica","tag-dnu","tag-milei"],"acf":[],"yoast_head":"<!-- This site is optimized with the Yoast SEO plugin v27.5 - https:\/\/yoast.com\/product\/yoast-seo-wordpress\/ -->\n<title>El PJ e intendentes peronistas de La Pampa rechazaron DNU de Milei - Diario Textual<\/title>\n<meta name=\"robots\" content=\"index, follow, max-snippet:-1, max-image-preview:large, max-video-preview:-1\" \/>\n<link rel=\"canonical\" href=\"https:\/\/diariotextual.com\/inicio\/index.php\/2023\/12\/21\/el-pj-e-intendentes-peronistas-de-la-pampa-rechazaron-dnu-de-milei\/\" \/>\n<meta property=\"og:locale\" content=\"es_ES\" \/>\n<meta property=\"og:type\" content=\"article\" \/>\n<meta property=\"og:title\" content=\"El PJ e intendentes peronistas de La Pampa rechazaron DNU de Milei - Diario Textual\" \/>\n<meta property=\"og:description\" content=\"El Partido Justicialista de La Pampa e intendentes peronistas manifestaron su rechazo al Decreto de Necesidad y Urgencia, anunciado anoche por cadena nacional por el presidente Javier Mieli. \u201cLlena de&hellip;\" \/>\n<meta property=\"og:url\" content=\"https:\/\/diariotextual.com\/inicio\/index.php\/2023\/12\/21\/el-pj-e-intendentes-peronistas-de-la-pampa-rechazaron-dnu-de-milei\/\" \/>\n<meta property=\"og:site_name\" content=\"Diario Textual\" \/>\n<meta property=\"article:publisher\" content=\"https:\/\/www.facebook.com\/eltextual\" \/>\n<meta property=\"article:published_time\" content=\"2023-12-21T20:25:42+00:00\" \/>\n<meta property=\"article:modified_time\" content=\"2023-12-21T23:59:57+00:00\" \/>\n<meta property=\"og:image\" content=\"https:\/\/diariotextual.com\/inicio\/wp-content\/uploads\/2023\/08\/pjconsejodelpjperonismopampeanoziliottoalonso2023-0002.jpeg\" \/>\n\t<meta property=\"og:image:width\" content=\"1439\" \/>\n\t<meta property=\"og:image:height\" content=\"890\" \/>\n\t<meta property=\"og:image:type\" content=\"image\/jpeg\" \/>\n<meta name=\"author\" content=\"diario3\" \/>\n<meta name=\"twitter:card\" content=\"summary_large_image\" \/>\n<meta name=\"twitter:creator\" content=\"@eltextual\" \/>\n<meta name=\"twitter:site\" content=\"@eltextual\" \/>\n<meta name=\"twitter:label1\" content=\"Escrito por\" \/>\n\t<meta name=\"twitter:data1\" content=\"diario3\" \/>\n\t<meta name=\"twitter:label2\" content=\"Tiempo de lectura\" \/>\n\t<meta name=\"twitter:data2\" content=\"4 minutos\" \/>\n<script type=\"application\/ld+json\" class=\"yoast-schema-graph\">{\"@context\":\"https:\\\/\\\/schema.org\",\"@graph\":[{\"@type\":\"Article\",\"@id\":\"https:\\\/\\\/diariotextual.com\\\/inicio\\\/index.php\\\/2023\\\/12\\\/21\\\/el-pj-e-intendentes-peronistas-de-la-pampa-rechazaron-dnu-de-milei\\\/#article\",\"isPartOf\":{\"@id\":\"https:\\\/\\\/diariotextual.com\\\/inicio\\\/index.php\\\/2023\\\/12\\\/21\\\/el-pj-e-intendentes-peronistas-de-la-pampa-rechazaron-dnu-de-milei\\\/\"},\"author\":{\"name\":\"diario3\",\"@id\":\"https:\\\/\\\/diariotextual.com\\\/inicio\\\/#\\\/schema\\\/person\\\/a1b6f563e0ee944c60f98119389a4d9f\"},\"headline\":\"El PJ e intendentes peronistas de La Pampa rechazaron DNU de Milei\",\"datePublished\":\"2023-12-21T20:25:42+00:00\",\"dateModified\":\"2023-12-21T23:59:57+00:00\",\"mainEntityOfPage\":{\"@id\":\"https:\\\/\\\/diariotextual.com\\\/inicio\\\/index.php\\\/2023\\\/12\\\/21\\\/el-pj-e-intendentes-peronistas-de-la-pampa-rechazaron-dnu-de-milei\\\/\"},\"wordCount\":679,\"publisher\":{\"@id\":\"https:\\\/\\\/diariotextual.com\\\/inicio\\\/#organization\"},\"image\":{\"@id\":\"https:\\\/\\\/diariotextual.com\\\/inicio\\\/index.php\\\/2023\\\/12\\\/21\\\/el-pj-e-intendentes-peronistas-de-la-pampa-rechazaron-dnu-de-milei\\\/#primaryimage\"},\"thumbnailUrl\":\"https:\\\/\\\/diariotextual.com\\\/inicio\\\/wp-content\\\/uploads\\\/2023\\\/08\\\/pjconsejodelpjperonismopampeanoziliottoalonso2023-0002.jpeg\",\"keywords\":[\"DNU\",\"milei\"],\"articleSection\":[\"A - ES NOTICIA (van abajo)\",\"POLITICA\"],\"inLanguage\":\"es\"},{\"@type\":\"WebPage\",\"@id\":\"https:\\\/\\\/diariotextual.com\\\/inicio\\\/index.php\\\/2023\\\/12\\\/21\\\/el-pj-e-intendentes-peronistas-de-la-pampa-rechazaron-dnu-de-milei\\\/\",\"url\":\"https:\\\/\\\/diariotextual.com\\\/inicio\\\/index.php\\\/2023\\\/12\\\/21\\\/el-pj-e-intendentes-peronistas-de-la-pampa-rechazaron-dnu-de-milei\\\/\",\"name\":\"El PJ e intendentes peronistas de La Pampa rechazaron DNU de Milei - Diario Textual\",\"isPartOf\":{\"@id\":\"https:\\\/\\\/diariotextual.com\\\/inicio\\\/#website\"},\"primaryImageOfPage\":{\"@id\":\"https:\\\/\\\/diariotextual.com\\\/inicio\\\/index.php\\\/2023\\\/12\\\/21\\\/el-pj-e-intendentes-peronistas-de-la-pampa-rechazaron-dnu-de-milei\\\/#primaryimage\"},\"image\":{\"@id\":\"https:\\\/\\\/diariotextual.com\\\/inicio\\\/index.php\\\/2023\\\/12\\\/21\\\/el-pj-e-intendentes-peronistas-de-la-pampa-rechazaron-dnu-de-milei\\\/#primaryimage\"},\"thumbnailUrl\":\"https:\\\/\\\/diariotextual.com\\\/inicio\\\/wp-content\\\/uploads\\\/2023\\\/08\\\/pjconsejodelpjperonismopampeanoziliottoalonso2023-0002.jpeg\",\"datePublished\":\"2023-12-21T20:25:42+00:00\",\"dateModified\":\"2023-12-21T23:59:57+00:00\",\"breadcrumb\":{\"@id\":\"https:\\\/\\\/diariotextual.com\\\/inicio\\\/index.php\\\/2023\\\/12\\\/21\\\/el-pj-e-intendentes-peronistas-de-la-pampa-rechazaron-dnu-de-milei\\\/#breadcrumb\"},\"inLanguage\":\"es\",\"potentialAction\":[{\"@type\":\"ReadAction\",\"target\":[\"https:\\\/\\\/diariotextual.com\\\/inicio\\\/index.php\\\/2023\\\/12\\\/21\\\/el-pj-e-intendentes-peronistas-de-la-pampa-rechazaron-dnu-de-milei\\\/\"]}]},{\"@type\":\"ImageObject\",\"inLanguage\":\"es\",\"@id\":\"https:\\\/\\\/diariotextual.com\\\/inicio\\\/index.php\\\/2023\\\/12\\\/21\\\/el-pj-e-intendentes-peronistas-de-la-pampa-rechazaron-dnu-de-milei\\\/#primaryimage\",\"url\":\"https:\\\/\\\/diariotextual.com\\\/inicio\\\/wp-content\\\/uploads\\\/2023\\\/08\\\/pjconsejodelpjperonismopampeanoziliottoalonso2023-0002.jpeg\",\"contentUrl\":\"https:\\\/\\\/diariotextual.com\\\/inicio\\\/wp-content\\\/uploads\\\/2023\\\/08\\\/pjconsejodelpjperonismopampeanoziliottoalonso2023-0002.jpeg\",\"width\":1439,\"height\":890},{\"@type\":\"BreadcrumbList\",\"@id\":\"https:\\\/\\\/diariotextual.com\\\/inicio\\\/index.php\\\/2023\\\/12\\\/21\\\/el-pj-e-intendentes-peronistas-de-la-pampa-rechazaron-dnu-de-milei\\\/#breadcrumb\",\"itemListElement\":[{\"@type\":\"ListItem\",\"position\":1,\"name\":\"Portada\",\"item\":\"https:\\\/\\\/diariotextual.com\\\/inicio\\\/\"},{\"@type\":\"ListItem\",\"position\":2,\"name\":\"El PJ e intendentes peronistas de La Pampa rechazaron DNU de Milei\"}]},{\"@type\":\"WebSite\",\"@id\":\"https:\\\/\\\/diariotextual.com\\\/inicio\\\/#website\",\"url\":\"https:\\\/\\\/diariotextual.com\\\/inicio\\\/\",\"name\":\"Diario Textual\",\"description\":\"\",\"publisher\":{\"@id\":\"https:\\\/\\\/diariotextual.com\\\/inicio\\\/#organization\"},\"potentialAction\":[{\"@type\":\"SearchAction\",\"target\":{\"@type\":\"EntryPoint\",\"urlTemplate\":\"https:\\\/\\\/diariotextual.com\\\/inicio\\\/?s={search_term_string}\"},\"query-input\":{\"@type\":\"PropertyValueSpecification\",\"valueRequired\":true,\"valueName\":\"search_term_string\"}}],\"inLanguage\":\"es\"},{\"@type\":\"Organization\",\"@id\":\"https:\\\/\\\/diariotextual.com\\\/inicio\\\/#organization\",\"name\":\"Diario Textual\",\"url\":\"https:\\\/\\\/diariotextual.com\\\/inicio\\\/\",\"logo\":{\"@type\":\"ImageObject\",\"inLanguage\":\"es\",\"@id\":\"https:\\\/\\\/diariotextual.com\\\/inicio\\\/#\\\/schema\\\/logo\\\/image\\\/\",\"url\":\"https:\\\/\\\/diariotextual.com\\\/inicio\\\/wp-content\\\/uploads\\\/2023\\\/05\\\/logotextual1.jpg\",\"contentUrl\":\"https:\\\/\\\/diariotextual.com\\\/inicio\\\/wp-content\\\/uploads\\\/2023\\\/05\\\/logotextual1.jpg\",\"width\":516,\"height\":76,\"caption\":\"Diario Textual\"},\"image\":{\"@id\":\"https:\\\/\\\/diariotextual.com\\\/inicio\\\/#\\\/schema\\\/logo\\\/image\\\/\"},\"sameAs\":[\"https:\\\/\\\/www.facebook.com\\\/eltextual\",\"https:\\\/\\\/x.com\\\/eltextual\",\"http:\\\/\\\/www.instagram.com\\\/eltextual\"]},{\"@type\":\"Person\",\"@id\":\"https:\\\/\\\/diariotextual.com\\\/inicio\\\/#\\\/schema\\\/person\\\/a1b6f563e0ee944c60f98119389a4d9f\",\"name\":\"diario3\",\"image\":{\"@type\":\"ImageObject\",\"inLanguage\":\"es\",\"@id\":\"https:\\\/\\\/secure.gravatar.com\\\/avatar\\\/5e7ee62c82fc04d9dd79d746a390d93c69c43223e5faeeb3ea9461ef752bfc5d?s=96&d=mm&r=g\",\"url\":\"https:\\\/\\\/secure.gravatar.com\\\/avatar\\\/5e7ee62c82fc04d9dd79d746a390d93c69c43223e5faeeb3ea9461ef752bfc5d?s=96&d=mm&r=g\",\"contentUrl\":\"https:\\\/\\\/secure.gravatar.com\\\/avatar\\\/5e7ee62c82fc04d9dd79d746a390d93c69c43223e5faeeb3ea9461ef752bfc5d?s=96&d=mm&r=g\",\"caption\":\"diario3\"},\"url\":\"https:\\\/\\\/diariotextual.com\\\/inicio\\\/index.php\\\/author\\\/diario3\\\/\"}]}<\/script>\n<!-- \/ Yoast SEO plugin. -->","yoast_head_json":{"title":"El PJ e intendentes peronistas de La Pampa rechazaron DNU de Milei - Diario Textual","robots":{"index":"index","follow":"follow","max-snippet":"max-snippet:-1","max-image-preview":"max-image-preview:large","max-video-preview":"max-video-preview:-1"},"canonical":"https:\/\/diariotextual.com\/inicio\/index.php\/2023\/12\/21\/el-pj-e-intendentes-peronistas-de-la-pampa-rechazaron-dnu-de-milei\/","og_locale":"es_ES","og_type":"article","og_title":"El PJ e intendentes peronistas de La Pampa rechazaron DNU de Milei - Diario Textual","og_description":"El Partido Justicialista de La Pampa e intendentes peronistas manifestaron su rechazo al Decreto de Necesidad y Urgencia, anunciado anoche por cadena nacional por el presidente Javier Mieli. \u201cLlena de&hellip;","og_url":"https:\/\/diariotextual.com\/inicio\/index.php\/2023\/12\/21\/el-pj-e-intendentes-peronistas-de-la-pampa-rechazaron-dnu-de-milei\/","og_site_name":"Diario Textual","article_publisher":"https:\/\/www.facebook.com\/eltextual","article_published_time":"2023-12-21T20:25:42+00:00","article_modified_time":"2023-12-21T23:59:57+00:00","og_image":[{"width":1439,"height":890,"url":"https:\/\/diariotextual.com\/inicio\/wp-content\/uploads\/2023\/08\/pjconsejodelpjperonismopampeanoziliottoalonso2023-0002.jpeg","type":"image\/jpeg"}],"author":"diario3","twitter_card":"summary_large_image","twitter_creator":"@eltextual","twitter_site":"@eltextual","twitter_misc":{"Escrito por":"diario3","Tiempo de lectura":"4 minutos"},"schema":{"@context":"https:\/\/schema.org","@graph":[{"@type":"Article","@id":"https:\/\/diariotextual.com\/inicio\/index.php\/2023\/12\/21\/el-pj-e-intendentes-peronistas-de-la-pampa-rechazaron-dnu-de-milei\/#article","isPartOf":{"@id":"https:\/\/diariotextual.com\/inicio\/index.php\/2023\/12\/21\/el-pj-e-intendentes-peronistas-de-la-pampa-rechazaron-dnu-de-milei\/"},"author":{"name":"diario3","@id":"https:\/\/diariotextual.com\/inicio\/#\/schema\/person\/a1b6f563e0ee944c60f98119389a4d9f"},"headline":"El PJ e intendentes peronistas de La Pampa rechazaron DNU de Milei","datePublished":"2023-12-21T20:25:42+00:00","dateModified":"2023-12-21T23:59:57+00:00","mainEntityOfPage":{"@id":"https:\/\/diariotextual.com\/inicio\/index.php\/2023\/12\/21\/el-pj-e-intendentes-peronistas-de-la-pampa-rechazaron-dnu-de-milei\/"},"wordCount":679,"publisher":{"@id":"https:\/\/diariotextual.com\/inicio\/#organization"},"image":{"@id":"https:\/\/diariotextual.com\/inicio\/index.php\/2023\/12\/21\/el-pj-e-intendentes-peronistas-de-la-pampa-rechazaron-dnu-de-milei\/#primaryimage"},"thumbnailUrl":"https:\/\/diariotextual.com\/inicio\/wp-content\/uploads\/2023\/08\/pjconsejodelpjperonismopampeanoziliottoalonso2023-0002.jpeg","keywords":["DNU","milei"],"articleSection":["A - ES NOTICIA (van abajo)","POLITICA"],"inLanguage":"es"},{"@type":"WebPage","@id":"https:\/\/diariotextual.com\/inicio\/index.php\/2023\/12\/21\/el-pj-e-intendentes-peronistas-de-la-pampa-rechazaron-dnu-de-milei\/","url":"https:\/\/diariotextual.com\/inicio\/index.php\/2023\/12\/21\/el-pj-e-intendentes-peronistas-de-la-pampa-rechazaron-dnu-de-milei\/","name":"El PJ e intendentes peronistas de La Pampa rechazaron DNU de Milei - Diario Textual","isPartOf":{"@id":"https:\/\/diariotextual.com\/inicio\/#website"},"primaryImageOfPage":{"@id":"https:\/\/diariotextual.com\/inicio\/index.php\/2023\/12\/21\/el-pj-e-intendentes-peronistas-de-la-pampa-rechazaron-dnu-de-milei\/#primaryimage"},"image":{"@id":"https:\/\/diariotextual.com\/inicio\/index.php\/2023\/12\/21\/el-pj-e-intendentes-peronistas-de-la-pampa-rechazaron-dnu-de-milei\/#primaryimage"},"thumbnailUrl":"https:\/\/diariotextual.com\/inicio\/wp-content\/uploads\/2023\/08\/pjconsejodelpjperonismopampeanoziliottoalonso2023-0002.jpeg","datePublished":"2023-12-21T20:25:42+00:00","dateModified":"2023-12-21T23:59:57+00:00","breadcrumb":{"@id":"https:\/\/diariotextual.com\/inicio\/index.php\/2023\/12\/21\/el-pj-e-intendentes-peronistas-de-la-pampa-rechazaron-dnu-de-milei\/#breadcrumb"},"inLanguage":"es","potentialAction":[{"@type":"ReadAction","target":["https:\/\/diariotextual.com\/inicio\/index.php\/2023\/12\/21\/el-pj-e-intendentes-peronistas-de-la-pampa-rechazaron-dnu-de-milei\/"]}]},{"@type":"ImageObject","inLanguage":"es","@id":"https:\/\/diariotextual.com\/inicio\/index.php\/2023\/12\/21\/el-pj-e-intendentes-peronistas-de-la-pampa-rechazaron-dnu-de-milei\/#primaryimage","url":"https:\/\/diariotextual.com\/inicio\/wp-content\/uploads\/2023\/08\/pjconsejodelpjperonismopampeanoziliottoalonso2023-0002.jpeg","contentUrl":"https:\/\/diariotextual.com\/inicio\/wp-content\/uploads\/2023\/08\/pjconsejodelpjperonismopampeanoziliottoalonso2023-0002.jpeg","width":1439,"height":890},{"@type":"BreadcrumbList","@id":"https:\/\/diariotextual.com\/inicio\/index.php\/2023\/12\/21\/el-pj-e-intendentes-peronistas-de-la-pampa-rechazaron-dnu-de-milei\/#breadcrumb","itemListElement":[{"@type":"ListItem","position":1,"name":"Portada","item":"https:\/\/diariotextual.com\/inicio\/"},{"@type":"ListItem","position":2,"name":"El PJ e intendentes peronistas de La Pampa rechazaron DNU de Milei"}]},{"@type":"WebSite","@id":"https:\/\/diariotextual.com\/inicio\/#website","url":"https:\/\/diariotextual.com\/inicio\/","name":"Diario Textual","description":"","publisher":{"@id":"https:\/\/diariotextual.com\/inicio\/#organization"},"potentialAction":[{"@type":"SearchAction","target":{"@type":"EntryPoint","urlTemplate":"https:\/\/diariotextual.com\/inicio\/?s={search_term_string}"},"query-input":{"@type":"PropertyValueSpecification","valueRequired":true,"valueName":"search_term_string"}}],"inLanguage":"es"},{"@type":"Organization","@id":"https:\/\/diariotextual.com\/inicio\/#organization","name":"Diario Textual","url":"https:\/\/diariotextual.com\/inicio\/","logo":{"@type":"ImageObject","inLanguage":"es","@id":"https:\/\/diariotextual.com\/inicio\/#\/schema\/logo\/image\/","url":"https:\/\/diariotextual.com\/inicio\/wp-content\/uploads\/2023\/05\/logotextual1.jpg","contentUrl":"https:\/\/diariotextual.com\/inicio\/wp-content\/uploads\/2023\/05\/logotextual1.jpg","width":516,"height":76,"caption":"Diario Textual"},"image":{"@id":"https:\/\/diariotextual.com\/inicio\/#\/schema\/logo\/image\/"},"sameAs":["https:\/\/www.facebook.com\/eltextual","https:\/\/x.com\/eltextual","http:\/\/www.instagram.com\/eltextual"]},{"@type":"Person","@id":"https:\/\/diariotextual.com\/inicio\/#\/schema\/person\/a1b6f563e0ee944c60f98119389a4d9f","name":"diario3","image":{"@type":"ImageObject","inLanguage":"es","@id":"https:\/\/secure.gravatar.com\/avatar\/5e7ee62c82fc04d9dd79d746a390d93c69c43223e5faeeb3ea9461ef752bfc5d?s=96&d=mm&r=g","url":"https:\/\/secure.gravatar.com\/avatar\/5e7ee62c82fc04d9dd79d746a390d93c69c43223e5faeeb3ea9461ef752bfc5d?s=96&d=mm&r=g","contentUrl":"https:\/\/secure.gravatar.com\/avatar\/5e7ee62c82fc04d9dd79d746a390d93c69c43223e5faeeb3ea9461ef752bfc5d?s=96&d=mm&r=g","caption":"diario3"},"url":"https:\/\/diariotextual.com\/inicio\/index.php\/author\/diario3\/"}]}},"_links":{"self":[{"href":"https:\/\/diariotextual.com\/inicio\/index.php\/wp-json\/wp\/v2\/posts\/248828","targetHints":{"allow":["GET"]}}],"collection":[{"href":"https:\/\/diariotextual.com\/inicio\/index.php\/wp-json\/wp\/v2\/posts"}],"about":[{"href":"https:\/\/diariotextual.com\/inicio\/index.php\/wp-json\/wp\/v2\/types\/post"}],"author":[{"embeddable":true,"href":"https:\/\/diariotextual.com\/inicio\/index.php\/wp-json\/wp\/v2\/users\/5"}],"replies":[{"embeddable":true,"href":"https:\/\/diariotextual.com\/inicio\/index.php\/wp-json\/wp\/v2\/comments?post=248828"}],"version-history":[{"count":1,"href":"https:\/\/diariotextual.com\/inicio\/index.php\/wp-json\/wp\/v2\/posts\/248828\/revisions"}],"predecessor-version":[{"id":248830,"href":"https:\/\/diariotextual.com\/inicio\/index.php\/wp-json\/wp\/v2\/posts\/248828\/revisions\/248830"}],"wp:featuredmedia":[{"embeddable":true,"href":"https:\/\/diariotextual.com\/inicio\/index.php\/wp-json\/wp\/v2\/media\/235603"}],"wp:attachment":[{"href":"https:\/\/diariotextual.com\/inicio\/index.php\/wp-json\/wp\/v2\/media?parent=248828"}],"wp:term":[{"taxonomy":"category","embeddable":true,"href":"https:\/\/diariotextual.com\/inicio\/index.php\/wp-json\/wp\/v2\/categories?post=248828"},{"taxonomy":"post_tag","embeddable":true,"href":"https:\/\/diariotextual.com\/inicio\/index.php\/wp-json\/wp\/v2\/tags?post=248828"}],"curies":[{"name":"wp","href":"https:\/\/api.w.org\/{rel}","templated":true}]}}