{"id":248835,"date":"2023-12-21T17:48:49","date_gmt":"2023-12-21T20:48:49","guid":{"rendered":"https:\/\/diariotextual.com\/inicio\/?p=248835"},"modified":"2023-12-21T17:48:51","modified_gmt":"2023-12-21T20:48:51","slug":"ong-presento-el-primer-amparo-ante-la-justicia-contra-el-dnu-de-milei","status":"publish","type":"post","link":"https:\/\/diariotextual.com\/inicio\/index.php\/2023\/12\/21\/ong-presento-el-primer-amparo-ante-la-justicia-contra-el-dnu-de-milei\/","title":{"rendered":"ONG present\u00f3 el primer amparo ante la Justicia contra el DNU de Milei"},"content":{"rendered":"\n<p>El <strong>primer amparo contra el DNU del presidente de la Naci\u00f3n, Javier Milei, fue presentado hoy<\/strong> ante la Justicia en lo Contencioso Administrativo Federal y se <strong>pidi\u00f3 por la inconstitucionalidad del mismo.<\/strong><\/p>\n\n\n\n<p>La presentaci\u00f3n la hizo la <strong>Asociaci\u00f3n Civil Observatorio del Derecho a la Ciudad <\/strong>y por ahora es la primera de las presentaciones ante la cual se prev\u00e9 que haya otras m\u00e1s, public\u00f3 la agencia Noticias Argentinas.<\/p>\n\n\n\n<p>La misma recay\u00f3 ante el juez en lo Contencioso Administrativo Federal 2, Esteban Furnari.<\/p>\n\n\n\n<p>Ahora, desde el juzgado le pidieron acompa\u00f1ar los argumentos del amparo junto con la eventual documentaci\u00f3n que podr\u00eda ir en su presentaci\u00f3n.<\/p>\n\n\n\n<p>Al tratarse de un amparo es de r\u00e1pida resoluci\u00f3n aunque previo a ello es probable que desde el juzgado se d\u00e9 intervenci\u00f3n previamente para contestar la demanda a la contra parte.<\/p>\n\n\n\n<p>Se trata de hasta ahora la primera de las presentaciones aunque las que pudieran sumarse ser\u00edan ante la Justicia en lo Contencioso Administrativo Federal puesto que es un masivo decreto que incluye temas tales como reformas laborales, de la ley de alquileres o del c\u00f3digo aduanero y ello podr\u00eda tener incidencia en el fuero laboral, civil o bien el civil y comercial federal.<\/p>\n\n\n\n<p>De ahora en m\u00e1s todas las dem\u00e1s presentaciones que puedan haber en el fuero Contencioso Administrativo Federal es probable se acumulen en el juzgado 2 pues all\u00ed donde se radic\u00f3 esta primera presentaci\u00f3n.<\/p>\n","protected":false},"excerpt":{"rendered":"<p>El primer amparo contra el DNU del presidente de la Naci\u00f3n, Javier Milei, fue presentado hoy ante la Justicia en lo Contencioso Administrativo Federal y se pidi\u00f3 por la inconstitucionalidad&hellip;<\/p>\n","protected":false},"author":5,"featured_media":248836,"comment_status":"closed","ping_status":"open","sticky":false,"template":"","format":"standard","meta":{"_acf_changed":false,"footnotes":""},"categories":[1,8],"tags":[1474,6313],"class_list":["post-248835","post","type-post","status-publish","format-standard","has-post-thumbnail","hentry","category-es-noticia","category-politica","tag-dnu","tag-milei"],"acf":[],"yoast_head":"<!-- This site is optimized with the Yoast SEO plugin v27.5 - https:\/\/yoast.com\/product\/yoast-seo-wordpress\/ -->\n<title>ONG present\u00f3 el primer amparo ante la Justicia contra el DNU de Milei - Diario Textual<\/title>\n<meta name=\"robots\" content=\"index, follow, max-snippet:-1, max-image-preview:large, max-video-preview:-1\" \/>\n<link rel=\"canonical\" href=\"https:\/\/diariotextual.com\/inicio\/index.php\/2023\/12\/21\/ong-presento-el-primer-amparo-ante-la-justicia-contra-el-dnu-de-milei\/\" \/>\n<meta property=\"og:locale\" content=\"es_ES\" \/>\n<meta property=\"og:type\" content=\"article\" \/>\n<meta property=\"og:title\" content=\"ONG present\u00f3 el primer amparo ante la Justicia contra el DNU de Milei - Diario Textual\" \/>\n<meta property=\"og:description\" content=\"El primer amparo contra el DNU del presidente de la Naci\u00f3n, Javier Milei, fue presentado hoy ante la Justicia en lo Contencioso Administrativo Federal y se pidi\u00f3 por la inconstitucionalidad&hellip;\" \/>\n<meta property=\"og:url\" content=\"https:\/\/diariotextual.com\/inicio\/index.php\/2023\/12\/21\/ong-presento-el-primer-amparo-ante-la-justicia-contra-el-dnu-de-milei\/\" \/>\n<meta property=\"og:site_name\" content=\"Diario Textual\" \/>\n<meta property=\"article:publisher\" content=\"https:\/\/www.facebook.com\/eltextual\" \/>\n<meta property=\"article:published_time\" content=\"2023-12-21T20:48:49+00:00\" \/>\n<meta property=\"article:modified_time\" content=\"2023-12-21T20:48:51+00:00\" \/>\n<meta property=\"og:image\" content=\"https:\/\/diariotextual.com\/inicio\/wp-content\/uploads\/2023\/12\/mileicadenanacional2023.jpg\" \/>\n\t<meta property=\"og:image:width\" content=\"720\" \/>\n\t<meta property=\"og:image:height\" content=\"406\" \/>\n\t<meta property=\"og:image:type\" content=\"image\/jpeg\" \/>\n<meta name=\"author\" content=\"diario3\" \/>\n<meta name=\"twitter:card\" content=\"summary_large_image\" \/>\n<meta name=\"twitter:creator\" content=\"@eltextual\" \/>\n<meta name=\"twitter:site\" content=\"@eltextual\" \/>\n<meta name=\"twitter:label1\" content=\"Escrito por\" \/>\n\t<meta name=\"twitter:data1\" content=\"diario3\" \/>\n\t<meta name=\"twitter:label2\" content=\"Tiempo de lectura\" \/>\n\t<meta name=\"twitter:data2\" content=\"2 minutos\" \/>\n<script type=\"application\/ld+json\" class=\"yoast-schema-graph\">{\"@context\":\"https:\\\/\\\/schema.org\",\"@graph\":[{\"@type\":\"Article\",\"@id\":\"https:\\\/\\\/diariotextual.com\\\/inicio\\\/index.php\\\/2023\\\/12\\\/21\\\/ong-presento-el-primer-amparo-ante-la-justicia-contra-el-dnu-de-milei\\\/#article\",\"isPartOf\":{\"@id\":\"https:\\\/\\\/diariotextual.com\\\/inicio\\\/index.php\\\/2023\\\/12\\\/21\\\/ong-presento-el-primer-amparo-ante-la-justicia-contra-el-dnu-de-milei\\\/\"},\"author\":{\"name\":\"diario3\",\"@id\":\"https:\\\/\\\/diariotextual.com\\\/inicio\\\/#\\\/schema\\\/person\\\/a1b6f563e0ee944c60f98119389a4d9f\"},\"headline\":\"ONG present\u00f3 el primer amparo ante la Justicia contra el DNU de Milei\",\"datePublished\":\"2023-12-21T20:48:49+00:00\",\"dateModified\":\"2023-12-21T20:48:51+00:00\",\"mainEntityOfPage\":{\"@id\":\"https:\\\/\\\/diariotextual.com\\\/inicio\\\/index.php\\\/2023\\\/12\\\/21\\\/ong-presento-el-primer-amparo-ante-la-justicia-contra-el-dnu-de-milei\\\/\"},\"wordCount\":259,\"publisher\":{\"@id\":\"https:\\\/\\\/diariotextual.com\\\/inicio\\\/#organization\"},\"image\":{\"@id\":\"https:\\\/\\\/diariotextual.com\\\/inicio\\\/index.php\\\/2023\\\/12\\\/21\\\/ong-presento-el-primer-amparo-ante-la-justicia-contra-el-dnu-de-milei\\\/#primaryimage\"},\"thumbnailUrl\":\"https:\\\/\\\/diariotextual.com\\\/inicio\\\/wp-content\\\/uploads\\\/2023\\\/12\\\/mileicadenanacional2023.jpg\",\"keywords\":[\"DNU\",\"milei\"],\"articleSection\":[\"A - ES NOTICIA (van abajo)\",\"POLITICA\"],\"inLanguage\":\"es\"},{\"@type\":\"WebPage\",\"@id\":\"https:\\\/\\\/diariotextual.com\\\/inicio\\\/index.php\\\/2023\\\/12\\\/21\\\/ong-presento-el-primer-amparo-ante-la-justicia-contra-el-dnu-de-milei\\\/\",\"url\":\"https:\\\/\\\/diariotextual.com\\\/inicio\\\/index.php\\\/2023\\\/12\\\/21\\\/ong-presento-el-primer-amparo-ante-la-justicia-contra-el-dnu-de-milei\\\/\",\"name\":\"ONG present\u00f3 el primer amparo ante la Justicia contra el DNU de Milei - Diario Textual\",\"isPartOf\":{\"@id\":\"https:\\\/\\\/diariotextual.com\\\/inicio\\\/#website\"},\"primaryImageOfPage\":{\"@id\":\"https:\\\/\\\/diariotextual.com\\\/inicio\\\/index.php\\\/2023\\\/12\\\/21\\\/ong-presento-el-primer-amparo-ante-la-justicia-contra-el-dnu-de-milei\\\/#primaryimage\"},\"image\":{\"@id\":\"https:\\\/\\\/diariotextual.com\\\/inicio\\\/index.php\\\/2023\\\/12\\\/21\\\/ong-presento-el-primer-amparo-ante-la-justicia-contra-el-dnu-de-milei\\\/#primaryimage\"},\"thumbnailUrl\":\"https:\\\/\\\/diariotextual.com\\\/inicio\\\/wp-content\\\/uploads\\\/2023\\\/12\\\/mileicadenanacional2023.jpg\",\"datePublished\":\"2023-12-21T20:48:49+00:00\",\"dateModified\":\"2023-12-21T20:48:51+00:00\",\"breadcrumb\":{\"@id\":\"https:\\\/\\\/diariotextual.com\\\/inicio\\\/index.php\\\/2023\\\/12\\\/21\\\/ong-presento-el-primer-amparo-ante-la-justicia-contra-el-dnu-de-milei\\\/#breadcrumb\"},\"inLanguage\":\"es\",\"potentialAction\":[{\"@type\":\"ReadAction\",\"target\":[\"https:\\\/\\\/diariotextual.com\\\/inicio\\\/index.php\\\/2023\\\/12\\\/21\\\/ong-presento-el-primer-amparo-ante-la-justicia-contra-el-dnu-de-milei\\\/\"]}]},{\"@type\":\"ImageObject\",\"inLanguage\":\"es\",\"@id\":\"https:\\\/\\\/diariotextual.com\\\/inicio\\\/index.php\\\/2023\\\/12\\\/21\\\/ong-presento-el-primer-amparo-ante-la-justicia-contra-el-dnu-de-milei\\\/#primaryimage\",\"url\":\"https:\\\/\\\/diariotextual.com\\\/inicio\\\/wp-content\\\/uploads\\\/2023\\\/12\\\/mileicadenanacional2023.jpg\",\"contentUrl\":\"https:\\\/\\\/diariotextual.com\\\/inicio\\\/wp-content\\\/uploads\\\/2023\\\/12\\\/mileicadenanacional2023.jpg\",\"width\":720,\"height\":406},{\"@type\":\"BreadcrumbList\",\"@id\":\"https:\\\/\\\/diariotextual.com\\\/inicio\\\/index.php\\\/2023\\\/12\\\/21\\\/ong-presento-el-primer-amparo-ante-la-justicia-contra-el-dnu-de-milei\\\/#breadcrumb\",\"itemListElement\":[{\"@type\":\"ListItem\",\"position\":1,\"name\":\"Portada\",\"item\":\"https:\\\/\\\/diariotextual.com\\\/inicio\\\/\"},{\"@type\":\"ListItem\",\"position\":2,\"name\":\"ONG present\u00f3 el primer amparo ante la Justicia contra el DNU de Milei\"}]},{\"@type\":\"WebSite\",\"@id\":\"https:\\\/\\\/diariotextual.com\\\/inicio\\\/#website\",\"url\":\"https:\\\/\\\/diariotextual.com\\\/inicio\\\/\",\"name\":\"Diario Textual\",\"description\":\"\",\"publisher\":{\"@id\":\"https:\\\/\\\/diariotextual.com\\\/inicio\\\/#organization\"},\"potentialAction\":[{\"@type\":\"SearchAction\",\"target\":{\"@type\":\"EntryPoint\",\"urlTemplate\":\"https:\\\/\\\/diariotextual.com\\\/inicio\\\/?s={search_term_string}\"},\"query-input\":{\"@type\":\"PropertyValueSpecification\",\"valueRequired\":true,\"valueName\":\"search_term_string\"}}],\"inLanguage\":\"es\"},{\"@type\":\"Organization\",\"@id\":\"https:\\\/\\\/diariotextual.com\\\/inicio\\\/#organization\",\"name\":\"Diario Textual\",\"url\":\"https:\\\/\\\/diariotextual.com\\\/inicio\\\/\",\"logo\":{\"@type\":\"ImageObject\",\"inLanguage\":\"es\",\"@id\":\"https:\\\/\\\/diariotextual.com\\\/inicio\\\/#\\\/schema\\\/logo\\\/image\\\/\",\"url\":\"https:\\\/\\\/diariotextual.com\\\/inicio\\\/wp-content\\\/uploads\\\/2023\\\/05\\\/logotextual1.jpg\",\"contentUrl\":\"https:\\\/\\\/diariotextual.com\\\/inicio\\\/wp-content\\\/uploads\\\/2023\\\/05\\\/logotextual1.jpg\",\"width\":516,\"height\":76,\"caption\":\"Diario Textual\"},\"image\":{\"@id\":\"https:\\\/\\\/diariotextual.com\\\/inicio\\\/#\\\/schema\\\/logo\\\/image\\\/\"},\"sameAs\":[\"https:\\\/\\\/www.facebook.com\\\/eltextual\",\"https:\\\/\\\/x.com\\\/eltextual\",\"http:\\\/\\\/www.instagram.com\\\/eltextual\"]},{\"@type\":\"Person\",\"@id\":\"https:\\\/\\\/diariotextual.com\\\/inicio\\\/#\\\/schema\\\/person\\\/a1b6f563e0ee944c60f98119389a4d9f\",\"name\":\"diario3\",\"image\":{\"@type\":\"ImageObject\",\"inLanguage\":\"es\",\"@id\":\"https:\\\/\\\/secure.gravatar.com\\\/avatar\\\/5e7ee62c82fc04d9dd79d746a390d93c69c43223e5faeeb3ea9461ef752bfc5d?s=96&d=mm&r=g\",\"url\":\"https:\\\/\\\/secure.gravatar.com\\\/avatar\\\/5e7ee62c82fc04d9dd79d746a390d93c69c43223e5faeeb3ea9461ef752bfc5d?s=96&d=mm&r=g\",\"contentUrl\":\"https:\\\/\\\/secure.gravatar.com\\\/avatar\\\/5e7ee62c82fc04d9dd79d746a390d93c69c43223e5faeeb3ea9461ef752bfc5d?s=96&d=mm&r=g\",\"caption\":\"diario3\"},\"url\":\"https:\\\/\\\/diariotextual.com\\\/inicio\\\/index.php\\\/author\\\/diario3\\\/\"}]}<\/script>\n<!-- \/ Yoast SEO plugin. -->","yoast_head_json":{"title":"ONG present\u00f3 el primer amparo ante la Justicia contra el DNU de Milei - Diario Textual","robots":{"index":"index","follow":"follow","max-snippet":"max-snippet:-1","max-image-preview":"max-image-preview:large","max-video-preview":"max-video-preview:-1"},"canonical":"https:\/\/diariotextual.com\/inicio\/index.php\/2023\/12\/21\/ong-presento-el-primer-amparo-ante-la-justicia-contra-el-dnu-de-milei\/","og_locale":"es_ES","og_type":"article","og_title":"ONG present\u00f3 el primer amparo ante la Justicia contra el DNU de Milei - Diario Textual","og_description":"El primer amparo contra el DNU del presidente de la Naci\u00f3n, Javier Milei, fue presentado hoy ante la Justicia en lo Contencioso Administrativo Federal y se pidi\u00f3 por la inconstitucionalidad&hellip;","og_url":"https:\/\/diariotextual.com\/inicio\/index.php\/2023\/12\/21\/ong-presento-el-primer-amparo-ante-la-justicia-contra-el-dnu-de-milei\/","og_site_name":"Diario Textual","article_publisher":"https:\/\/www.facebook.com\/eltextual","article_published_time":"2023-12-21T20:48:49+00:00","article_modified_time":"2023-12-21T20:48:51+00:00","og_image":[{"width":720,"height":406,"url":"https:\/\/diariotextual.com\/inicio\/wp-content\/uploads\/2023\/12\/mileicadenanacional2023.jpg","type":"image\/jpeg"}],"author":"diario3","twitter_card":"summary_large_image","twitter_creator":"@eltextual","twitter_site":"@eltextual","twitter_misc":{"Escrito por":"diario3","Tiempo de lectura":"2 minutos"},"schema":{"@context":"https:\/\/schema.org","@graph":[{"@type":"Article","@id":"https:\/\/diariotextual.com\/inicio\/index.php\/2023\/12\/21\/ong-presento-el-primer-amparo-ante-la-justicia-contra-el-dnu-de-milei\/#article","isPartOf":{"@id":"https:\/\/diariotextual.com\/inicio\/index.php\/2023\/12\/21\/ong-presento-el-primer-amparo-ante-la-justicia-contra-el-dnu-de-milei\/"},"author":{"name":"diario3","@id":"https:\/\/diariotextual.com\/inicio\/#\/schema\/person\/a1b6f563e0ee944c60f98119389a4d9f"},"headline":"ONG present\u00f3 el primer amparo ante la Justicia contra el DNU de Milei","datePublished":"2023-12-21T20:48:49+00:00","dateModified":"2023-12-21T20:48:51+00:00","mainEntityOfPage":{"@id":"https:\/\/diariotextual.com\/inicio\/index.php\/2023\/12\/21\/ong-presento-el-primer-amparo-ante-la-justicia-contra-el-dnu-de-milei\/"},"wordCount":259,"publisher":{"@id":"https:\/\/diariotextual.com\/inicio\/#organization"},"image":{"@id":"https:\/\/diariotextual.com\/inicio\/index.php\/2023\/12\/21\/ong-presento-el-primer-amparo-ante-la-justicia-contra-el-dnu-de-milei\/#primaryimage"},"thumbnailUrl":"https:\/\/diariotextual.com\/inicio\/wp-content\/uploads\/2023\/12\/mileicadenanacional2023.jpg","keywords":["DNU","milei"],"articleSection":["A - ES NOTICIA (van abajo)","POLITICA"],"inLanguage":"es"},{"@type":"WebPage","@id":"https:\/\/diariotextual.com\/inicio\/index.php\/2023\/12\/21\/ong-presento-el-primer-amparo-ante-la-justicia-contra-el-dnu-de-milei\/","url":"https:\/\/diariotextual.com\/inicio\/index.php\/2023\/12\/21\/ong-presento-el-primer-amparo-ante-la-justicia-contra-el-dnu-de-milei\/","name":"ONG present\u00f3 el primer amparo ante la Justicia contra el DNU de Milei - Diario Textual","isPartOf":{"@id":"https:\/\/diariotextual.com\/inicio\/#website"},"primaryImageOfPage":{"@id":"https:\/\/diariotextual.com\/inicio\/index.php\/2023\/12\/21\/ong-presento-el-primer-amparo-ante-la-justicia-contra-el-dnu-de-milei\/#primaryimage"},"image":{"@id":"https:\/\/diariotextual.com\/inicio\/index.php\/2023\/12\/21\/ong-presento-el-primer-amparo-ante-la-justicia-contra-el-dnu-de-milei\/#primaryimage"},"thumbnailUrl":"https:\/\/diariotextual.com\/inicio\/wp-content\/uploads\/2023\/12\/mileicadenanacional2023.jpg","datePublished":"2023-12-21T20:48:49+00:00","dateModified":"2023-12-21T20:48:51+00:00","breadcrumb":{"@id":"https:\/\/diariotextual.com\/inicio\/index.php\/2023\/12\/21\/ong-presento-el-primer-amparo-ante-la-justicia-contra-el-dnu-de-milei\/#breadcrumb"},"inLanguage":"es","potentialAction":[{"@type":"ReadAction","target":["https:\/\/diariotextual.com\/inicio\/index.php\/2023\/12\/21\/ong-presento-el-primer-amparo-ante-la-justicia-contra-el-dnu-de-milei\/"]}]},{"@type":"ImageObject","inLanguage":"es","@id":"https:\/\/diariotextual.com\/inicio\/index.php\/2023\/12\/21\/ong-presento-el-primer-amparo-ante-la-justicia-contra-el-dnu-de-milei\/#primaryimage","url":"https:\/\/diariotextual.com\/inicio\/wp-content\/uploads\/2023\/12\/mileicadenanacional2023.jpg","contentUrl":"https:\/\/diariotextual.com\/inicio\/wp-content\/uploads\/2023\/12\/mileicadenanacional2023.jpg","width":720,"height":406},{"@type":"BreadcrumbList","@id":"https:\/\/diariotextual.com\/inicio\/index.php\/2023\/12\/21\/ong-presento-el-primer-amparo-ante-la-justicia-contra-el-dnu-de-milei\/#breadcrumb","itemListElement":[{"@type":"ListItem","position":1,"name":"Portada","item":"https:\/\/diariotextual.com\/inicio\/"},{"@type":"ListItem","position":2,"name":"ONG present\u00f3 el primer amparo ante la Justicia contra el DNU de Milei"}]},{"@type":"WebSite","@id":"https:\/\/diariotextual.com\/inicio\/#website","url":"https:\/\/diariotextual.com\/inicio\/","name":"Diario Textual","description":"","publisher":{"@id":"https:\/\/diariotextual.com\/inicio\/#organization"},"potentialAction":[{"@type":"SearchAction","target":{"@type":"EntryPoint","urlTemplate":"https:\/\/diariotextual.com\/inicio\/?s={search_term_string}"},"query-input":{"@type":"PropertyValueSpecification","valueRequired":true,"valueName":"search_term_string"}}],"inLanguage":"es"},{"@type":"Organization","@id":"https:\/\/diariotextual.com\/inicio\/#organization","name":"Diario Textual","url":"https:\/\/diariotextual.com\/inicio\/","logo":{"@type":"ImageObject","inLanguage":"es","@id":"https:\/\/diariotextual.com\/inicio\/#\/schema\/logo\/image\/","url":"https:\/\/diariotextual.com\/inicio\/wp-content\/uploads\/2023\/05\/logotextual1.jpg","contentUrl":"https:\/\/diariotextual.com\/inicio\/wp-content\/uploads\/2023\/05\/logotextual1.jpg","width":516,"height":76,"caption":"Diario Textual"},"image":{"@id":"https:\/\/diariotextual.com\/inicio\/#\/schema\/logo\/image\/"},"sameAs":["https:\/\/www.facebook.com\/eltextual","https:\/\/x.com\/eltextual","http:\/\/www.instagram.com\/eltextual"]},{"@type":"Person","@id":"https:\/\/diariotextual.com\/inicio\/#\/schema\/person\/a1b6f563e0ee944c60f98119389a4d9f","name":"diario3","image":{"@type":"ImageObject","inLanguage":"es","@id":"https:\/\/secure.gravatar.com\/avatar\/5e7ee62c82fc04d9dd79d746a390d93c69c43223e5faeeb3ea9461ef752bfc5d?s=96&d=mm&r=g","url":"https:\/\/secure.gravatar.com\/avatar\/5e7ee62c82fc04d9dd79d746a390d93c69c43223e5faeeb3ea9461ef752bfc5d?s=96&d=mm&r=g","contentUrl":"https:\/\/secure.gravatar.com\/avatar\/5e7ee62c82fc04d9dd79d746a390d93c69c43223e5faeeb3ea9461ef752bfc5d?s=96&d=mm&r=g","caption":"diario3"},"url":"https:\/\/diariotextual.com\/inicio\/index.php\/author\/diario3\/"}]}},"_links":{"self":[{"href":"https:\/\/diariotextual.com\/inicio\/index.php\/wp-json\/wp\/v2\/posts\/248835","targetHints":{"allow":["GET"]}}],"collection":[{"href":"https:\/\/diariotextual.com\/inicio\/index.php\/wp-json\/wp\/v2\/posts"}],"about":[{"href":"https:\/\/diariotextual.com\/inicio\/index.php\/wp-json\/wp\/v2\/types\/post"}],"author":[{"embeddable":true,"href":"https:\/\/diariotextual.com\/inicio\/index.php\/wp-json\/wp\/v2\/users\/5"}],"replies":[{"embeddable":true,"href":"https:\/\/diariotextual.com\/inicio\/index.php\/wp-json\/wp\/v2\/comments?post=248835"}],"version-history":[{"count":1,"href":"https:\/\/diariotextual.com\/inicio\/index.php\/wp-json\/wp\/v2\/posts\/248835\/revisions"}],"predecessor-version":[{"id":248837,"href":"https:\/\/diariotextual.com\/inicio\/index.php\/wp-json\/wp\/v2\/posts\/248835\/revisions\/248837"}],"wp:featuredmedia":[{"embeddable":true,"href":"https:\/\/diariotextual.com\/inicio\/index.php\/wp-json\/wp\/v2\/media\/248836"}],"wp:attachment":[{"href":"https:\/\/diariotextual.com\/inicio\/index.php\/wp-json\/wp\/v2\/media?parent=248835"}],"wp:term":[{"taxonomy":"category","embeddable":true,"href":"https:\/\/diariotextual.com\/inicio\/index.php\/wp-json\/wp\/v2\/categories?post=248835"},{"taxonomy":"post_tag","embeddable":true,"href":"https:\/\/diariotextual.com\/inicio\/index.php\/wp-json\/wp\/v2\/tags?post=248835"}],"curies":[{"name":"wp","href":"https:\/\/api.w.org\/{rel}","templated":true}]}}