{"id":248838,"date":"2023-12-21T18:16:09","date_gmt":"2023-12-21T21:16:09","guid":{"rendered":"https:\/\/diariotextual.com\/inicio\/?p=248838"},"modified":"2023-12-21T20:47:00","modified_gmt":"2023-12-21T23:47:00","slug":"la-ucr-califico-de-invalido-el-dnu-y-pidio-una-ley-para-votarlo-por-capitulos","status":"publish","type":"post","link":"https:\/\/diariotextual.com\/inicio\/index.php\/2023\/12\/21\/la-ucr-califico-de-invalido-el-dnu-y-pidio-una-ley-para-votarlo-por-capitulos\/","title":{"rendered":"La UCR calific\u00f3 de \u00abinv\u00e1lido\u00bb el DNU y pidi\u00f3 una ley para votarlo \u00abpor cap\u00edtulos\u00bb"},"content":{"rendered":"\n<p>Dirigentes de la Uni\u00f3n C\u00edvica Radical (UCR) expresaron este jueves que <strong>el Decreto de Necesidad y Urgencia (DNU) anunciado por el presidente Javier Milei es \u00abinv\u00e1lido\u00bb, que \u00abno puede reemplazar al Congreso\u00bb y que se debe convocar a sesiones extraordinarias <\/strong>y modificar la medida \u00abpor una ley que se vote por cap\u00edtulos\u00bb para que puedan sancionarse \u00ablas reformas positivas\u00bb y evitarse \u00ablas que no lo sean\u00bb.<\/p>\n\n\n\n<p>\u00abEn el contenido del mega DNU hay algunas iniciativas -continu\u00f3- que pueden ser interesantes y otras irrelevantes para la agenda urgente. Otras pueden juzgarse como buenas, malas o realmente muy malas para las urgencias de la sociedad. Cada una de ellas merece un an\u00e1lisis riguroso e individual y para eso est\u00e1 el Congreso\u00bb, dijo el presidente de la UCR, Mart\u00edn Lousteau, en su cuenta de X.<\/p>\n\n\n\n<p>Si bien remarc\u00f3 que est\u00e1 de acuerdo \u00aben que debemos cambiar muchas cosas en Argentina, entre ellas el improductivo desempe\u00f1o de partes de nuestro Estado y regulaciones que traban el buen funcionamiento de diversos sectores de la econom\u00eda\u00bb, el<strong> senador radical propuso \u00abreemplazar este inv\u00e1lido DNU por una ley espejo que se pueda votar por cap\u00edtulos, y convocar a (sesiones) extraordinarias para darle tratamiento urgente\u00bb.<\/strong><\/p>\n\n\n\n<p>Lousteau agreg\u00f3: \u00ab<strong>Los DNU no se pueden modificar: se aprueban o rechazan enteros<\/strong>\u00bb y expres\u00f3 tambi\u00e9n: \u00abCon este m\u00e9todo, en cuatro a\u00f1os podr\u00eda venir otro Presidente y mediante otro mega DNU hacer exactamente lo contrario, lo que agregar\u00eda m\u00e1s incertidumbre e inestabilidad a la que ya padecemos\u00bb.<\/p>\n\n\n\n<p>\u00abNinguna reforma de fondo duradera puede lograrse de esta forma\u00bb, opin\u00f3.<\/p>\n\n\n\n<p>Por su parte, <strong>la diputada radical en Juntos por el Cambio (JxC) y presidenta de la UCR de la ciudad de Buenos Aires, Mariela Coletta, rechaz\u00f3 el DNU al afirmar que \u00abno puede reemplazar al Congreso\u00bb<\/strong> y cuestion\u00f3 a Milei por \u00abimponer sin dialogar\u00bb.<\/p>\n\n\n\n<p>\u00abAyer, en cadena nacional, el presidente le falt\u00f3 el respeto a la democracia a y la divisi\u00f3n de poderes. Hace falta generar consensos y proteger la institucionalidad para sacar adelante a la Argentina\u00bb, expres\u00f3 Coletta en su cuenta de X.<\/p>\n\n\n\n<p>Aunque plante\u00f3 que el pa\u00eds \u00abpide un cambio\u00bb, la diputada cuestion\u00f3 a Milei porque \u00abde ninguna manera el camino es a trav\u00e9s del decreto\u00bb. \u00abEsperamos de forma urgente la convocatoria a sesiones extraordinarias\u00bb, a\u00f1adi\u00f3.<\/p>\n\n\n\n<figure class=\"wp-block-embed is-type-wp-embed is-provider-diario-textual wp-block-embed-diario-textual\"><div class=\"wp-block-embed__wrapper\">\n<blockquote class=\"wp-embedded-content\" data-secret=\"idtEZPkJU3\"><a href=\"https:\/\/diariotextual.com\/inicio\/index.php\/2023\/12\/21\/el-dnu-de-milei-los-legisladores-pampeanos-del-pj-en-contra-y-los-del-pro-y-la-ucr-a-favor-de-las-reformas\/\">El DNU de Milei: los legisladores pampeanos del PJ en contra y los del PRO y la UCR a favor de la mayor\u00eda de las reformas<\/a><\/blockquote><iframe class=\"wp-embedded-content\" sandbox=\"allow-scripts\" security=\"restricted\" style=\"position: absolute; clip: rect(1px, 1px, 1px, 1px);\" title=\"\u00abEl DNU de Milei: los legisladores pampeanos del PJ en contra y los del PRO y la UCR a favor de la mayor\u00eda de las reformas\u00bb \u2014 Diario Textual\" src=\"https:\/\/diariotextual.com\/inicio\/index.php\/2023\/12\/21\/el-dnu-de-milei-los-legisladores-pampeanos-del-pj-en-contra-y-los-del-pro-y-la-ucr-a-favor-de-las-reformas\/embed\/#?secret=bVAsnyV6Hj#?secret=idtEZPkJU3\" data-secret=\"idtEZPkJU3\" width=\"600\" height=\"338\" frameborder=\"0\" marginwidth=\"0\" marginheight=\"0\" scrolling=\"no\"><\/iframe>\n<\/div><\/figure>\n\n\n\n<p>Su compa\u00f1era de bancada, Karina Banfi, indic\u00f3 que le \u00abhace ruido\u00bb algunos fragmentos del DNU, en el que hay \u00abpropuestas interesantes\u00bb y \u00abotras que tenemos que resolver y vigilar\u00bb.<\/p>\n\n\n\n<p>\u00abEstoy entrando a estudiar el decreto que ayer a las 9 de la noche present\u00f3 el Presidente. Nos vamos a poner a conversar con todos los integrantes del bloque y vamos a salir con una posici\u00f3n unificada\u00bb, sostuvo Banfi a la prensa en las afueras del Congreso.<\/p>\n\n\n\n<p>En esa l\u00ednea, la diputada dijo que el partido va a analizar \u00abqu\u00e9 cosas acompa\u00f1ar con convicci\u00f3n y qu\u00e9 cosas mejorar\u00bb y precis\u00f3 que \u00abse va a abrir una conversaci\u00f3n entre los 329 legisladores\u00bb, quienes tienen que \u00abtomar una decisi\u00f3n\u00bb.<\/p>\n\n\n\n<p>\u00abSomos oposici\u00f3n. No vamos a rechazar todo por todo ni vamos a tirar piedras al Congreso como nos tienen acostumbrados otros sectores\u00bb, agreg\u00f3.<\/p>\n\n\n\n<figure class=\"wp-block-embed is-type-wp-embed is-provider-diario-textual wp-block-embed-diario-textual\"><div class=\"wp-block-embed__wrapper\">\n<blockquote class=\"wp-embedded-content\" data-secret=\"kEnO3w0nRr\"><a href=\"https:\/\/diariotextual.com\/inicio\/index.php\/2023\/12\/21\/ong-presento-el-primer-amparo-ante-la-justicia-contra-el-dnu-de-milei\/\">ONG present\u00f3 el primer amparo ante la Justicia contra el DNU de Milei<\/a><\/blockquote><iframe class=\"wp-embedded-content\" sandbox=\"allow-scripts\" security=\"restricted\" style=\"position: absolute; clip: rect(1px, 1px, 1px, 1px);\" title=\"\u00abONG present\u00f3 el primer amparo ante la Justicia contra el DNU de Milei\u00bb \u2014 Diario Textual\" src=\"https:\/\/diariotextual.com\/inicio\/index.php\/2023\/12\/21\/ong-presento-el-primer-amparo-ante-la-justicia-contra-el-dnu-de-milei\/embed\/#?secret=bgLJSnNQig#?secret=kEnO3w0nRr\" data-secret=\"kEnO3w0nRr\" width=\"600\" height=\"338\" frameborder=\"0\" marginwidth=\"0\" marginheight=\"0\" scrolling=\"no\"><\/iframe>\n<\/div><\/figure>\n\n\n\n<p>En tanto, la Juventud Radical (JR) de la Ciudad de Buenos Aires calific\u00f3 al decreto como \u00absin necesidad ni urgencia, integrado por 366 puntos cuyos \u00fanicos objetivos son centralizar (a\u00fan m\u00e1s) la concentraci\u00f3n econ\u00f3mica, extranjerizar los factores de la producci\u00f3n y precarizar el empleo inconstitucionalmente y liberar a la ciudadan\u00eda argentina al albedr\u00edo de los privilegiados\u00bb.<\/p>\n","protected":false},"excerpt":{"rendered":"<p>Dirigentes de la Uni\u00f3n C\u00edvica Radical (UCR) expresaron este jueves que el Decreto de Necesidad y Urgencia (DNU) anunciado por el presidente Javier Milei es \u00abinv\u00e1lido\u00bb, que \u00abno puede reemplazar&hellip;<\/p>\n","protected":false},"author":5,"featured_media":248839,"comment_status":"closed","ping_status":"open","sticky":false,"template":"","format":"standard","meta":{"_acf_changed":false,"footnotes":""},"categories":[1,8],"tags":[1474,6313,191],"class_list":["post-248838","post","type-post","status-publish","format-standard","has-post-thumbnail","hentry","category-es-noticia","category-politica","tag-dnu","tag-milei","tag-ucr"],"acf":[],"yoast_head":"<!-- This site is optimized with the Yoast SEO plugin v27.5 - https:\/\/yoast.com\/product\/yoast-seo-wordpress\/ -->\n<title>La UCR calific\u00f3 de &quot;inv\u00e1lido&quot; el DNU y pidi\u00f3 una ley para votarlo &quot;por cap\u00edtulos&quot; - Diario Textual<\/title>\n<meta name=\"robots\" content=\"index, follow, max-snippet:-1, max-image-preview:large, max-video-preview:-1\" \/>\n<link rel=\"canonical\" href=\"https:\/\/diariotextual.com\/inicio\/index.php\/2023\/12\/21\/la-ucr-califico-de-invalido-el-dnu-y-pidio-una-ley-para-votarlo-por-capitulos\/\" \/>\n<meta property=\"og:locale\" content=\"es_ES\" \/>\n<meta property=\"og:type\" content=\"article\" \/>\n<meta property=\"og:title\" content=\"La UCR calific\u00f3 de &quot;inv\u00e1lido&quot; el DNU y pidi\u00f3 una ley para votarlo &quot;por cap\u00edtulos&quot; - Diario Textual\" \/>\n<meta property=\"og:description\" content=\"Dirigentes de la Uni\u00f3n C\u00edvica Radical (UCR) expresaron este jueves que el Decreto de Necesidad y Urgencia (DNU) anunciado por el presidente Javier Milei es \u00abinv\u00e1lido\u00bb, que \u00abno puede reemplazar&hellip;\" \/>\n<meta property=\"og:url\" content=\"https:\/\/diariotextual.com\/inicio\/index.php\/2023\/12\/21\/la-ucr-califico-de-invalido-el-dnu-y-pidio-una-ley-para-votarlo-por-capitulos\/\" \/>\n<meta property=\"og:site_name\" content=\"Diario Textual\" \/>\n<meta property=\"article:publisher\" content=\"https:\/\/www.facebook.com\/eltextual\" \/>\n<meta property=\"article:published_time\" content=\"2023-12-21T21:16:09+00:00\" \/>\n<meta property=\"article:modified_time\" content=\"2023-12-21T23:47:00+00:00\" \/>\n<meta property=\"og:image\" content=\"https:\/\/diariotextual.com\/inicio\/wp-content\/uploads\/2023\/12\/lousteaumartin2023.jpg\" \/>\n\t<meta property=\"og:image:width\" content=\"760\" \/>\n\t<meta property=\"og:image:height\" content=\"503\" \/>\n\t<meta property=\"og:image:type\" content=\"image\/jpeg\" \/>\n<meta name=\"author\" content=\"diario3\" \/>\n<meta name=\"twitter:card\" content=\"summary_large_image\" \/>\n<meta name=\"twitter:creator\" content=\"@eltextual\" \/>\n<meta name=\"twitter:site\" content=\"@eltextual\" \/>\n<meta name=\"twitter:label1\" content=\"Escrito por\" \/>\n\t<meta name=\"twitter:data1\" content=\"diario3\" \/>\n\t<meta name=\"twitter:label2\" content=\"Tiempo de lectura\" \/>\n\t<meta name=\"twitter:data2\" content=\"3 minutos\" \/>\n<script type=\"application\/ld+json\" class=\"yoast-schema-graph\">{\"@context\":\"https:\\\/\\\/schema.org\",\"@graph\":[{\"@type\":\"Article\",\"@id\":\"https:\\\/\\\/diariotextual.com\\\/inicio\\\/index.php\\\/2023\\\/12\\\/21\\\/la-ucr-califico-de-invalido-el-dnu-y-pidio-una-ley-para-votarlo-por-capitulos\\\/#article\",\"isPartOf\":{\"@id\":\"https:\\\/\\\/diariotextual.com\\\/inicio\\\/index.php\\\/2023\\\/12\\\/21\\\/la-ucr-califico-de-invalido-el-dnu-y-pidio-una-ley-para-votarlo-por-capitulos\\\/\"},\"author\":{\"name\":\"diario3\",\"@id\":\"https:\\\/\\\/diariotextual.com\\\/inicio\\\/#\\\/schema\\\/person\\\/a1b6f563e0ee944c60f98119389a4d9f\"},\"headline\":\"La UCR calific\u00f3 de \u00abinv\u00e1lido\u00bb el DNU y pidi\u00f3 una ley para votarlo \u00abpor cap\u00edtulos\u00bb\",\"datePublished\":\"2023-12-21T21:16:09+00:00\",\"dateModified\":\"2023-12-21T23:47:00+00:00\",\"mainEntityOfPage\":{\"@id\":\"https:\\\/\\\/diariotextual.com\\\/inicio\\\/index.php\\\/2023\\\/12\\\/21\\\/la-ucr-califico-de-invalido-el-dnu-y-pidio-una-ley-para-votarlo-por-capitulos\\\/\"},\"wordCount\":632,\"publisher\":{\"@id\":\"https:\\\/\\\/diariotextual.com\\\/inicio\\\/#organization\"},\"image\":{\"@id\":\"https:\\\/\\\/diariotextual.com\\\/inicio\\\/index.php\\\/2023\\\/12\\\/21\\\/la-ucr-califico-de-invalido-el-dnu-y-pidio-una-ley-para-votarlo-por-capitulos\\\/#primaryimage\"},\"thumbnailUrl\":\"https:\\\/\\\/diariotextual.com\\\/inicio\\\/wp-content\\\/uploads\\\/2023\\\/12\\\/lousteaumartin2023.jpg\",\"keywords\":[\"DNU\",\"milei\",\"ucr\"],\"articleSection\":[\"A - ES NOTICIA (van abajo)\",\"POLITICA\"],\"inLanguage\":\"es\"},{\"@type\":\"WebPage\",\"@id\":\"https:\\\/\\\/diariotextual.com\\\/inicio\\\/index.php\\\/2023\\\/12\\\/21\\\/la-ucr-califico-de-invalido-el-dnu-y-pidio-una-ley-para-votarlo-por-capitulos\\\/\",\"url\":\"https:\\\/\\\/diariotextual.com\\\/inicio\\\/index.php\\\/2023\\\/12\\\/21\\\/la-ucr-califico-de-invalido-el-dnu-y-pidio-una-ley-para-votarlo-por-capitulos\\\/\",\"name\":\"La UCR calific\u00f3 de \\\"inv\u00e1lido\\\" el DNU y pidi\u00f3 una ley para votarlo \\\"por cap\u00edtulos\\\" - Diario Textual\",\"isPartOf\":{\"@id\":\"https:\\\/\\\/diariotextual.com\\\/inicio\\\/#website\"},\"primaryImageOfPage\":{\"@id\":\"https:\\\/\\\/diariotextual.com\\\/inicio\\\/index.php\\\/2023\\\/12\\\/21\\\/la-ucr-califico-de-invalido-el-dnu-y-pidio-una-ley-para-votarlo-por-capitulos\\\/#primaryimage\"},\"image\":{\"@id\":\"https:\\\/\\\/diariotextual.com\\\/inicio\\\/index.php\\\/2023\\\/12\\\/21\\\/la-ucr-califico-de-invalido-el-dnu-y-pidio-una-ley-para-votarlo-por-capitulos\\\/#primaryimage\"},\"thumbnailUrl\":\"https:\\\/\\\/diariotextual.com\\\/inicio\\\/wp-content\\\/uploads\\\/2023\\\/12\\\/lousteaumartin2023.jpg\",\"datePublished\":\"2023-12-21T21:16:09+00:00\",\"dateModified\":\"2023-12-21T23:47:00+00:00\",\"breadcrumb\":{\"@id\":\"https:\\\/\\\/diariotextual.com\\\/inicio\\\/index.php\\\/2023\\\/12\\\/21\\\/la-ucr-califico-de-invalido-el-dnu-y-pidio-una-ley-para-votarlo-por-capitulos\\\/#breadcrumb\"},\"inLanguage\":\"es\",\"potentialAction\":[{\"@type\":\"ReadAction\",\"target\":[\"https:\\\/\\\/diariotextual.com\\\/inicio\\\/index.php\\\/2023\\\/12\\\/21\\\/la-ucr-califico-de-invalido-el-dnu-y-pidio-una-ley-para-votarlo-por-capitulos\\\/\"]}]},{\"@type\":\"ImageObject\",\"inLanguage\":\"es\",\"@id\":\"https:\\\/\\\/diariotextual.com\\\/inicio\\\/index.php\\\/2023\\\/12\\\/21\\\/la-ucr-califico-de-invalido-el-dnu-y-pidio-una-ley-para-votarlo-por-capitulos\\\/#primaryimage\",\"url\":\"https:\\\/\\\/diariotextual.com\\\/inicio\\\/wp-content\\\/uploads\\\/2023\\\/12\\\/lousteaumartin2023.jpg\",\"contentUrl\":\"https:\\\/\\\/diariotextual.com\\\/inicio\\\/wp-content\\\/uploads\\\/2023\\\/12\\\/lousteaumartin2023.jpg\",\"width\":760,\"height\":503},{\"@type\":\"BreadcrumbList\",\"@id\":\"https:\\\/\\\/diariotextual.com\\\/inicio\\\/index.php\\\/2023\\\/12\\\/21\\\/la-ucr-califico-de-invalido-el-dnu-y-pidio-una-ley-para-votarlo-por-capitulos\\\/#breadcrumb\",\"itemListElement\":[{\"@type\":\"ListItem\",\"position\":1,\"name\":\"Portada\",\"item\":\"https:\\\/\\\/diariotextual.com\\\/inicio\\\/\"},{\"@type\":\"ListItem\",\"position\":2,\"name\":\"La UCR calific\u00f3 de \u00abinv\u00e1lido\u00bb el DNU y pidi\u00f3 una ley para votarlo \u00abpor cap\u00edtulos\u00bb\"}]},{\"@type\":\"WebSite\",\"@id\":\"https:\\\/\\\/diariotextual.com\\\/inicio\\\/#website\",\"url\":\"https:\\\/\\\/diariotextual.com\\\/inicio\\\/\",\"name\":\"Diario Textual\",\"description\":\"\",\"publisher\":{\"@id\":\"https:\\\/\\\/diariotextual.com\\\/inicio\\\/#organization\"},\"potentialAction\":[{\"@type\":\"SearchAction\",\"target\":{\"@type\":\"EntryPoint\",\"urlTemplate\":\"https:\\\/\\\/diariotextual.com\\\/inicio\\\/?s={search_term_string}\"},\"query-input\":{\"@type\":\"PropertyValueSpecification\",\"valueRequired\":true,\"valueName\":\"search_term_string\"}}],\"inLanguage\":\"es\"},{\"@type\":\"Organization\",\"@id\":\"https:\\\/\\\/diariotextual.com\\\/inicio\\\/#organization\",\"name\":\"Diario Textual\",\"url\":\"https:\\\/\\\/diariotextual.com\\\/inicio\\\/\",\"logo\":{\"@type\":\"ImageObject\",\"inLanguage\":\"es\",\"@id\":\"https:\\\/\\\/diariotextual.com\\\/inicio\\\/#\\\/schema\\\/logo\\\/image\\\/\",\"url\":\"https:\\\/\\\/diariotextual.com\\\/inicio\\\/wp-content\\\/uploads\\\/2023\\\/05\\\/logotextual1.jpg\",\"contentUrl\":\"https:\\\/\\\/diariotextual.com\\\/inicio\\\/wp-content\\\/uploads\\\/2023\\\/05\\\/logotextual1.jpg\",\"width\":516,\"height\":76,\"caption\":\"Diario Textual\"},\"image\":{\"@id\":\"https:\\\/\\\/diariotextual.com\\\/inicio\\\/#\\\/schema\\\/logo\\\/image\\\/\"},\"sameAs\":[\"https:\\\/\\\/www.facebook.com\\\/eltextual\",\"https:\\\/\\\/x.com\\\/eltextual\",\"http:\\\/\\\/www.instagram.com\\\/eltextual\"]},{\"@type\":\"Person\",\"@id\":\"https:\\\/\\\/diariotextual.com\\\/inicio\\\/#\\\/schema\\\/person\\\/a1b6f563e0ee944c60f98119389a4d9f\",\"name\":\"diario3\",\"image\":{\"@type\":\"ImageObject\",\"inLanguage\":\"es\",\"@id\":\"https:\\\/\\\/secure.gravatar.com\\\/avatar\\\/5e7ee62c82fc04d9dd79d746a390d93c69c43223e5faeeb3ea9461ef752bfc5d?s=96&d=mm&r=g\",\"url\":\"https:\\\/\\\/secure.gravatar.com\\\/avatar\\\/5e7ee62c82fc04d9dd79d746a390d93c69c43223e5faeeb3ea9461ef752bfc5d?s=96&d=mm&r=g\",\"contentUrl\":\"https:\\\/\\\/secure.gravatar.com\\\/avatar\\\/5e7ee62c82fc04d9dd79d746a390d93c69c43223e5faeeb3ea9461ef752bfc5d?s=96&d=mm&r=g\",\"caption\":\"diario3\"},\"url\":\"https:\\\/\\\/diariotextual.com\\\/inicio\\\/index.php\\\/author\\\/diario3\\\/\"}]}<\/script>\n<!-- \/ Yoast SEO plugin. -->","yoast_head_json":{"title":"La UCR calific\u00f3 de \"inv\u00e1lido\" el DNU y pidi\u00f3 una ley para votarlo \"por cap\u00edtulos\" - Diario Textual","robots":{"index":"index","follow":"follow","max-snippet":"max-snippet:-1","max-image-preview":"max-image-preview:large","max-video-preview":"max-video-preview:-1"},"canonical":"https:\/\/diariotextual.com\/inicio\/index.php\/2023\/12\/21\/la-ucr-califico-de-invalido-el-dnu-y-pidio-una-ley-para-votarlo-por-capitulos\/","og_locale":"es_ES","og_type":"article","og_title":"La UCR calific\u00f3 de \"inv\u00e1lido\" el DNU y pidi\u00f3 una ley para votarlo \"por cap\u00edtulos\" - Diario Textual","og_description":"Dirigentes de la Uni\u00f3n C\u00edvica Radical (UCR) expresaron este jueves que el Decreto de Necesidad y Urgencia (DNU) anunciado por el presidente Javier Milei es \u00abinv\u00e1lido\u00bb, que \u00abno puede reemplazar&hellip;","og_url":"https:\/\/diariotextual.com\/inicio\/index.php\/2023\/12\/21\/la-ucr-califico-de-invalido-el-dnu-y-pidio-una-ley-para-votarlo-por-capitulos\/","og_site_name":"Diario Textual","article_publisher":"https:\/\/www.facebook.com\/eltextual","article_published_time":"2023-12-21T21:16:09+00:00","article_modified_time":"2023-12-21T23:47:00+00:00","og_image":[{"width":760,"height":503,"url":"https:\/\/diariotextual.com\/inicio\/wp-content\/uploads\/2023\/12\/lousteaumartin2023.jpg","type":"image\/jpeg"}],"author":"diario3","twitter_card":"summary_large_image","twitter_creator":"@eltextual","twitter_site":"@eltextual","twitter_misc":{"Escrito por":"diario3","Tiempo de lectura":"3 minutos"},"schema":{"@context":"https:\/\/schema.org","@graph":[{"@type":"Article","@id":"https:\/\/diariotextual.com\/inicio\/index.php\/2023\/12\/21\/la-ucr-califico-de-invalido-el-dnu-y-pidio-una-ley-para-votarlo-por-capitulos\/#article","isPartOf":{"@id":"https:\/\/diariotextual.com\/inicio\/index.php\/2023\/12\/21\/la-ucr-califico-de-invalido-el-dnu-y-pidio-una-ley-para-votarlo-por-capitulos\/"},"author":{"name":"diario3","@id":"https:\/\/diariotextual.com\/inicio\/#\/schema\/person\/a1b6f563e0ee944c60f98119389a4d9f"},"headline":"La UCR calific\u00f3 de \u00abinv\u00e1lido\u00bb el DNU y pidi\u00f3 una ley para votarlo \u00abpor cap\u00edtulos\u00bb","datePublished":"2023-12-21T21:16:09+00:00","dateModified":"2023-12-21T23:47:00+00:00","mainEntityOfPage":{"@id":"https:\/\/diariotextual.com\/inicio\/index.php\/2023\/12\/21\/la-ucr-califico-de-invalido-el-dnu-y-pidio-una-ley-para-votarlo-por-capitulos\/"},"wordCount":632,"publisher":{"@id":"https:\/\/diariotextual.com\/inicio\/#organization"},"image":{"@id":"https:\/\/diariotextual.com\/inicio\/index.php\/2023\/12\/21\/la-ucr-califico-de-invalido-el-dnu-y-pidio-una-ley-para-votarlo-por-capitulos\/#primaryimage"},"thumbnailUrl":"https:\/\/diariotextual.com\/inicio\/wp-content\/uploads\/2023\/12\/lousteaumartin2023.jpg","keywords":["DNU","milei","ucr"],"articleSection":["A - ES NOTICIA (van abajo)","POLITICA"],"inLanguage":"es"},{"@type":"WebPage","@id":"https:\/\/diariotextual.com\/inicio\/index.php\/2023\/12\/21\/la-ucr-califico-de-invalido-el-dnu-y-pidio-una-ley-para-votarlo-por-capitulos\/","url":"https:\/\/diariotextual.com\/inicio\/index.php\/2023\/12\/21\/la-ucr-califico-de-invalido-el-dnu-y-pidio-una-ley-para-votarlo-por-capitulos\/","name":"La UCR calific\u00f3 de \"inv\u00e1lido\" el DNU y pidi\u00f3 una ley para votarlo \"por cap\u00edtulos\" - Diario Textual","isPartOf":{"@id":"https:\/\/diariotextual.com\/inicio\/#website"},"primaryImageOfPage":{"@id":"https:\/\/diariotextual.com\/inicio\/index.php\/2023\/12\/21\/la-ucr-califico-de-invalido-el-dnu-y-pidio-una-ley-para-votarlo-por-capitulos\/#primaryimage"},"image":{"@id":"https:\/\/diariotextual.com\/inicio\/index.php\/2023\/12\/21\/la-ucr-califico-de-invalido-el-dnu-y-pidio-una-ley-para-votarlo-por-capitulos\/#primaryimage"},"thumbnailUrl":"https:\/\/diariotextual.com\/inicio\/wp-content\/uploads\/2023\/12\/lousteaumartin2023.jpg","datePublished":"2023-12-21T21:16:09+00:00","dateModified":"2023-12-21T23:47:00+00:00","breadcrumb":{"@id":"https:\/\/diariotextual.com\/inicio\/index.php\/2023\/12\/21\/la-ucr-califico-de-invalido-el-dnu-y-pidio-una-ley-para-votarlo-por-capitulos\/#breadcrumb"},"inLanguage":"es","potentialAction":[{"@type":"ReadAction","target":["https:\/\/diariotextual.com\/inicio\/index.php\/2023\/12\/21\/la-ucr-califico-de-invalido-el-dnu-y-pidio-una-ley-para-votarlo-por-capitulos\/"]}]},{"@type":"ImageObject","inLanguage":"es","@id":"https:\/\/diariotextual.com\/inicio\/index.php\/2023\/12\/21\/la-ucr-califico-de-invalido-el-dnu-y-pidio-una-ley-para-votarlo-por-capitulos\/#primaryimage","url":"https:\/\/diariotextual.com\/inicio\/wp-content\/uploads\/2023\/12\/lousteaumartin2023.jpg","contentUrl":"https:\/\/diariotextual.com\/inicio\/wp-content\/uploads\/2023\/12\/lousteaumartin2023.jpg","width":760,"height":503},{"@type":"BreadcrumbList","@id":"https:\/\/diariotextual.com\/inicio\/index.php\/2023\/12\/21\/la-ucr-califico-de-invalido-el-dnu-y-pidio-una-ley-para-votarlo-por-capitulos\/#breadcrumb","itemListElement":[{"@type":"ListItem","position":1,"name":"Portada","item":"https:\/\/diariotextual.com\/inicio\/"},{"@type":"ListItem","position":2,"name":"La UCR calific\u00f3 de \u00abinv\u00e1lido\u00bb el DNU y pidi\u00f3 una ley para votarlo \u00abpor cap\u00edtulos\u00bb"}]},{"@type":"WebSite","@id":"https:\/\/diariotextual.com\/inicio\/#website","url":"https:\/\/diariotextual.com\/inicio\/","name":"Diario Textual","description":"","publisher":{"@id":"https:\/\/diariotextual.com\/inicio\/#organization"},"potentialAction":[{"@type":"SearchAction","target":{"@type":"EntryPoint","urlTemplate":"https:\/\/diariotextual.com\/inicio\/?s={search_term_string}"},"query-input":{"@type":"PropertyValueSpecification","valueRequired":true,"valueName":"search_term_string"}}],"inLanguage":"es"},{"@type":"Organization","@id":"https:\/\/diariotextual.com\/inicio\/#organization","name":"Diario Textual","url":"https:\/\/diariotextual.com\/inicio\/","logo":{"@type":"ImageObject","inLanguage":"es","@id":"https:\/\/diariotextual.com\/inicio\/#\/schema\/logo\/image\/","url":"https:\/\/diariotextual.com\/inicio\/wp-content\/uploads\/2023\/05\/logotextual1.jpg","contentUrl":"https:\/\/diariotextual.com\/inicio\/wp-content\/uploads\/2023\/05\/logotextual1.jpg","width":516,"height":76,"caption":"Diario Textual"},"image":{"@id":"https:\/\/diariotextual.com\/inicio\/#\/schema\/logo\/image\/"},"sameAs":["https:\/\/www.facebook.com\/eltextual","https:\/\/x.com\/eltextual","http:\/\/www.instagram.com\/eltextual"]},{"@type":"Person","@id":"https:\/\/diariotextual.com\/inicio\/#\/schema\/person\/a1b6f563e0ee944c60f98119389a4d9f","name":"diario3","image":{"@type":"ImageObject","inLanguage":"es","@id":"https:\/\/secure.gravatar.com\/avatar\/5e7ee62c82fc04d9dd79d746a390d93c69c43223e5faeeb3ea9461ef752bfc5d?s=96&d=mm&r=g","url":"https:\/\/secure.gravatar.com\/avatar\/5e7ee62c82fc04d9dd79d746a390d93c69c43223e5faeeb3ea9461ef752bfc5d?s=96&d=mm&r=g","contentUrl":"https:\/\/secure.gravatar.com\/avatar\/5e7ee62c82fc04d9dd79d746a390d93c69c43223e5faeeb3ea9461ef752bfc5d?s=96&d=mm&r=g","caption":"diario3"},"url":"https:\/\/diariotextual.com\/inicio\/index.php\/author\/diario3\/"}]}},"_links":{"self":[{"href":"https:\/\/diariotextual.com\/inicio\/index.php\/wp-json\/wp\/v2\/posts\/248838","targetHints":{"allow":["GET"]}}],"collection":[{"href":"https:\/\/diariotextual.com\/inicio\/index.php\/wp-json\/wp\/v2\/posts"}],"about":[{"href":"https:\/\/diariotextual.com\/inicio\/index.php\/wp-json\/wp\/v2\/types\/post"}],"author":[{"embeddable":true,"href":"https:\/\/diariotextual.com\/inicio\/index.php\/wp-json\/wp\/v2\/users\/5"}],"replies":[{"embeddable":true,"href":"https:\/\/diariotextual.com\/inicio\/index.php\/wp-json\/wp\/v2\/comments?post=248838"}],"version-history":[{"count":1,"href":"https:\/\/diariotextual.com\/inicio\/index.php\/wp-json\/wp\/v2\/posts\/248838\/revisions"}],"predecessor-version":[{"id":248840,"href":"https:\/\/diariotextual.com\/inicio\/index.php\/wp-json\/wp\/v2\/posts\/248838\/revisions\/248840"}],"wp:featuredmedia":[{"embeddable":true,"href":"https:\/\/diariotextual.com\/inicio\/index.php\/wp-json\/wp\/v2\/media\/248839"}],"wp:attachment":[{"href":"https:\/\/diariotextual.com\/inicio\/index.php\/wp-json\/wp\/v2\/media?parent=248838"}],"wp:term":[{"taxonomy":"category","embeddable":true,"href":"https:\/\/diariotextual.com\/inicio\/index.php\/wp-json\/wp\/v2\/categories?post=248838"},{"taxonomy":"post_tag","embeddable":true,"href":"https:\/\/diariotextual.com\/inicio\/index.php\/wp-json\/wp\/v2\/tags?post=248838"}],"curies":[{"name":"wp","href":"https:\/\/api.w.org\/{rel}","templated":true}]}}