{"id":248861,"date":"2023-12-21T20:59:13","date_gmt":"2023-12-21T23:59:13","guid":{"rendered":"https:\/\/diariotextual.com\/inicio\/?p=248861"},"modified":"2023-12-22T06:25:40","modified_gmt":"2023-12-22T09:25:40","slug":"un-mensaje-desde-casa-de-gobierno-por-navidad-y-fin-de-ano","status":"publish","type":"post","link":"https:\/\/diariotextual.com\/inicio\/index.php\/2023\/12\/21\/un-mensaje-desde-casa-de-gobierno-por-navidad-y-fin-de-ano\/","title":{"rendered":"Un mensaje desde Casa de Gobierno por Navidad y Fin de A\u00f1o con cierta desesperanza"},"content":{"rendered":"\n<p><strong>Desde Casa de Gobierno se difundi\u00f3 un mensaje por Navidad y Fin de A\u00f1o. <\/strong>En un video grabado, el gobernador<strong> Sergio Ziliotto<\/strong> reconoci\u00f3 que \u201cno es un fin de a\u00f1o m\u00e1s\u201d y sostuvo que el Gobierno nacional ha tomado medidas que \u201cimpactar\u00e1n negativamente\u201d en la mayor\u00eda de las familias pampeanas.<\/p>\n\n\n\n<p>\u201cLa democracia nos ha permitido elegir a un presidente y a un gobernador. El nuevo gobierno nacional ha tomado medidas que impactar\u00e1n negativamente en la mayor\u00eda de las familias pampeanas. El voto popular le ha dado entidad para llevar adelante su programa de gobierno, pero no violentando las reglas democr\u00e1ticas\u201d, expres\u00f3.<\/p>\n\n\n\n<p>\u201cDesde la misma entidad que me otorgan las urnas, debo decir claramente que no compartimos esos objetivos y menos a\u00fan el camino. No tengan dudas de que vamos a usar todas nuestras herramientas de gesti\u00f3n para amortiguar este impacto en la medida que podamos, con un estado presente y eficiente\u201d, sostuvo.<\/p>\n\n\n\n<p>\u201cVamos a seguir luchando por una Argentina cada d\u00eda m\u00e1s democr\u00e1tica y federal, y con prosperidad para todas y todos. El 2024 nos encontrar\u00e1 defendiendo La Pampa y a cada pampeana y a cada pampeano. Con esa certeza propongo que en estas fiestas busquemos refugio en nuestros afectos y llenemos nuestros corazones de templanza y de empat\u00eda\u201d, dijo.<\/p>\n\n\n\n<p>\u201cTodas y todos enfrentaremos con una fuerte decisi\u00f3n el desaf\u00edo de defender nuestro futuro y el de nuestras familias. Que el amor nos permita pasar estas fiestas en paz\u201d, finaliz\u00f3 el mandatario.<\/p>\n\n\n\n<p><\/p>\n","protected":false},"excerpt":{"rendered":"<p>Desde Casa de Gobierno se difundi\u00f3 un mensaje por Navidad y Fin de A\u00f1o. En un video grabado, el gobernador Sergio Ziliotto reconoci\u00f3 que \u201cno es un fin de a\u00f1o&hellip;<\/p>\n","protected":false},"author":3,"featured_media":200256,"comment_status":"closed","ping_status":"open","sticky":false,"template":"","format":"standard","meta":{"_acf_changed":false,"footnotes":""},"categories":[1,8],"tags":[],"class_list":["post-248861","post","type-post","status-publish","format-standard","has-post-thumbnail","hentry","category-es-noticia","category-politica"],"acf":[],"yoast_head":"<!-- This site is optimized with the Yoast SEO plugin v27.5 - https:\/\/yoast.com\/product\/yoast-seo-wordpress\/ -->\n<title>Un mensaje desde Casa de Gobierno por Navidad y Fin de A\u00f1o con cierta desesperanza - Diario Textual<\/title>\n<meta name=\"robots\" content=\"index, follow, max-snippet:-1, max-image-preview:large, max-video-preview:-1\" \/>\n<link rel=\"canonical\" href=\"https:\/\/diariotextual.com\/inicio\/index.php\/2023\/12\/21\/un-mensaje-desde-casa-de-gobierno-por-navidad-y-fin-de-ano\/\" \/>\n<meta property=\"og:locale\" content=\"es_ES\" \/>\n<meta property=\"og:type\" content=\"article\" \/>\n<meta property=\"og:title\" content=\"Un mensaje desde Casa de Gobierno por Navidad y Fin de A\u00f1o con cierta desesperanza - Diario Textual\" \/>\n<meta property=\"og:description\" content=\"Desde Casa de Gobierno se difundi\u00f3 un mensaje por Navidad y Fin de A\u00f1o. En un video grabado, el gobernador Sergio Ziliotto reconoci\u00f3 que \u201cno es un fin de a\u00f1o&hellip;\" \/>\n<meta property=\"og:url\" content=\"https:\/\/diariotextual.com\/inicio\/index.php\/2023\/12\/21\/un-mensaje-desde-casa-de-gobierno-por-navidad-y-fin-de-ano\/\" \/>\n<meta property=\"og:site_name\" content=\"Diario Textual\" \/>\n<meta property=\"article:publisher\" content=\"https:\/\/www.facebook.com\/eltextual\" \/>\n<meta property=\"article:published_time\" content=\"2023-12-21T23:59:13+00:00\" \/>\n<meta property=\"article:modified_time\" content=\"2023-12-22T09:25:40+00:00\" \/>\n<meta property=\"og:image\" content=\"https:\/\/diariotextual.com\/inicio\/wp-content\/uploads\/2022\/09\/casadegobiernolp6378.jpg\" \/>\n\t<meta property=\"og:image:width\" content=\"1000\" \/>\n\t<meta property=\"og:image:height\" content=\"588\" \/>\n\t<meta property=\"og:image:type\" content=\"image\/jpeg\" \/>\n<meta name=\"author\" content=\"Diario1 Diario1\" \/>\n<meta name=\"twitter:card\" content=\"summary_large_image\" \/>\n<meta name=\"twitter:creator\" content=\"@eltextual\" \/>\n<meta name=\"twitter:site\" content=\"@eltextual\" \/>\n<meta name=\"twitter:label1\" content=\"Escrito por\" \/>\n\t<meta name=\"twitter:data1\" content=\"Diario1 Diario1\" \/>\n\t<meta name=\"twitter:label2\" content=\"Tiempo de lectura\" \/>\n\t<meta name=\"twitter:data2\" content=\"2 minutos\" \/>\n<script type=\"application\/ld+json\" class=\"yoast-schema-graph\">{\"@context\":\"https:\\\/\\\/schema.org\",\"@graph\":[{\"@type\":\"Article\",\"@id\":\"https:\\\/\\\/diariotextual.com\\\/inicio\\\/index.php\\\/2023\\\/12\\\/21\\\/un-mensaje-desde-casa-de-gobierno-por-navidad-y-fin-de-ano\\\/#article\",\"isPartOf\":{\"@id\":\"https:\\\/\\\/diariotextual.com\\\/inicio\\\/index.php\\\/2023\\\/12\\\/21\\\/un-mensaje-desde-casa-de-gobierno-por-navidad-y-fin-de-ano\\\/\"},\"author\":{\"name\":\"Diario1 Diario1\",\"@id\":\"https:\\\/\\\/diariotextual.com\\\/inicio\\\/#\\\/schema\\\/person\\\/418fc4093c33e86ed41562db3508f958\"},\"headline\":\"Un mensaje desde Casa de Gobierno por Navidad y Fin de A\u00f1o con cierta desesperanza\",\"datePublished\":\"2023-12-21T23:59:13+00:00\",\"dateModified\":\"2023-12-22T09:25:40+00:00\",\"mainEntityOfPage\":{\"@id\":\"https:\\\/\\\/diariotextual.com\\\/inicio\\\/index.php\\\/2023\\\/12\\\/21\\\/un-mensaje-desde-casa-de-gobierno-por-navidad-y-fin-de-ano\\\/\"},\"wordCount\":273,\"publisher\":{\"@id\":\"https:\\\/\\\/diariotextual.com\\\/inicio\\\/#organization\"},\"image\":{\"@id\":\"https:\\\/\\\/diariotextual.com\\\/inicio\\\/index.php\\\/2023\\\/12\\\/21\\\/un-mensaje-desde-casa-de-gobierno-por-navidad-y-fin-de-ano\\\/#primaryimage\"},\"thumbnailUrl\":\"https:\\\/\\\/diariotextual.com\\\/inicio\\\/wp-content\\\/uploads\\\/2022\\\/09\\\/casadegobiernolp6378.jpg\",\"articleSection\":[\"A - ES NOTICIA (van abajo)\",\"POLITICA\"],\"inLanguage\":\"es\"},{\"@type\":\"WebPage\",\"@id\":\"https:\\\/\\\/diariotextual.com\\\/inicio\\\/index.php\\\/2023\\\/12\\\/21\\\/un-mensaje-desde-casa-de-gobierno-por-navidad-y-fin-de-ano\\\/\",\"url\":\"https:\\\/\\\/diariotextual.com\\\/inicio\\\/index.php\\\/2023\\\/12\\\/21\\\/un-mensaje-desde-casa-de-gobierno-por-navidad-y-fin-de-ano\\\/\",\"name\":\"Un mensaje desde Casa de Gobierno por Navidad y Fin de A\u00f1o con cierta desesperanza - Diario Textual\",\"isPartOf\":{\"@id\":\"https:\\\/\\\/diariotextual.com\\\/inicio\\\/#website\"},\"primaryImageOfPage\":{\"@id\":\"https:\\\/\\\/diariotextual.com\\\/inicio\\\/index.php\\\/2023\\\/12\\\/21\\\/un-mensaje-desde-casa-de-gobierno-por-navidad-y-fin-de-ano\\\/#primaryimage\"},\"image\":{\"@id\":\"https:\\\/\\\/diariotextual.com\\\/inicio\\\/index.php\\\/2023\\\/12\\\/21\\\/un-mensaje-desde-casa-de-gobierno-por-navidad-y-fin-de-ano\\\/#primaryimage\"},\"thumbnailUrl\":\"https:\\\/\\\/diariotextual.com\\\/inicio\\\/wp-content\\\/uploads\\\/2022\\\/09\\\/casadegobiernolp6378.jpg\",\"datePublished\":\"2023-12-21T23:59:13+00:00\",\"dateModified\":\"2023-12-22T09:25:40+00:00\",\"breadcrumb\":{\"@id\":\"https:\\\/\\\/diariotextual.com\\\/inicio\\\/index.php\\\/2023\\\/12\\\/21\\\/un-mensaje-desde-casa-de-gobierno-por-navidad-y-fin-de-ano\\\/#breadcrumb\"},\"inLanguage\":\"es\",\"potentialAction\":[{\"@type\":\"ReadAction\",\"target\":[\"https:\\\/\\\/diariotextual.com\\\/inicio\\\/index.php\\\/2023\\\/12\\\/21\\\/un-mensaje-desde-casa-de-gobierno-por-navidad-y-fin-de-ano\\\/\"]}]},{\"@type\":\"ImageObject\",\"inLanguage\":\"es\",\"@id\":\"https:\\\/\\\/diariotextual.com\\\/inicio\\\/index.php\\\/2023\\\/12\\\/21\\\/un-mensaje-desde-casa-de-gobierno-por-navidad-y-fin-de-ano\\\/#primaryimage\",\"url\":\"https:\\\/\\\/diariotextual.com\\\/inicio\\\/wp-content\\\/uploads\\\/2022\\\/09\\\/casadegobiernolp6378.jpg\",\"contentUrl\":\"https:\\\/\\\/diariotextual.com\\\/inicio\\\/wp-content\\\/uploads\\\/2022\\\/09\\\/casadegobiernolp6378.jpg\",\"width\":1000,\"height\":588},{\"@type\":\"BreadcrumbList\",\"@id\":\"https:\\\/\\\/diariotextual.com\\\/inicio\\\/index.php\\\/2023\\\/12\\\/21\\\/un-mensaje-desde-casa-de-gobierno-por-navidad-y-fin-de-ano\\\/#breadcrumb\",\"itemListElement\":[{\"@type\":\"ListItem\",\"position\":1,\"name\":\"Portada\",\"item\":\"https:\\\/\\\/diariotextual.com\\\/inicio\\\/\"},{\"@type\":\"ListItem\",\"position\":2,\"name\":\"Un mensaje desde Casa de Gobierno por Navidad y Fin de A\u00f1o con cierta desesperanza\"}]},{\"@type\":\"WebSite\",\"@id\":\"https:\\\/\\\/diariotextual.com\\\/inicio\\\/#website\",\"url\":\"https:\\\/\\\/diariotextual.com\\\/inicio\\\/\",\"name\":\"Diario Textual\",\"description\":\"\",\"publisher\":{\"@id\":\"https:\\\/\\\/diariotextual.com\\\/inicio\\\/#organization\"},\"potentialAction\":[{\"@type\":\"SearchAction\",\"target\":{\"@type\":\"EntryPoint\",\"urlTemplate\":\"https:\\\/\\\/diariotextual.com\\\/inicio\\\/?s={search_term_string}\"},\"query-input\":{\"@type\":\"PropertyValueSpecification\",\"valueRequired\":true,\"valueName\":\"search_term_string\"}}],\"inLanguage\":\"es\"},{\"@type\":\"Organization\",\"@id\":\"https:\\\/\\\/diariotextual.com\\\/inicio\\\/#organization\",\"name\":\"Diario Textual\",\"url\":\"https:\\\/\\\/diariotextual.com\\\/inicio\\\/\",\"logo\":{\"@type\":\"ImageObject\",\"inLanguage\":\"es\",\"@id\":\"https:\\\/\\\/diariotextual.com\\\/inicio\\\/#\\\/schema\\\/logo\\\/image\\\/\",\"url\":\"https:\\\/\\\/diariotextual.com\\\/inicio\\\/wp-content\\\/uploads\\\/2023\\\/05\\\/logotextual1.jpg\",\"contentUrl\":\"https:\\\/\\\/diariotextual.com\\\/inicio\\\/wp-content\\\/uploads\\\/2023\\\/05\\\/logotextual1.jpg\",\"width\":516,\"height\":76,\"caption\":\"Diario Textual\"},\"image\":{\"@id\":\"https:\\\/\\\/diariotextual.com\\\/inicio\\\/#\\\/schema\\\/logo\\\/image\\\/\"},\"sameAs\":[\"https:\\\/\\\/www.facebook.com\\\/eltextual\",\"https:\\\/\\\/x.com\\\/eltextual\",\"http:\\\/\\\/www.instagram.com\\\/eltextual\"]},{\"@type\":\"Person\",\"@id\":\"https:\\\/\\\/diariotextual.com\\\/inicio\\\/#\\\/schema\\\/person\\\/418fc4093c33e86ed41562db3508f958\",\"name\":\"Diario1 Diario1\",\"image\":{\"@type\":\"ImageObject\",\"inLanguage\":\"es\",\"@id\":\"https:\\\/\\\/secure.gravatar.com\\\/avatar\\\/9167d280179c85bc18be67aa7eda765854300033af4896dd779b608640f2ef7a?s=96&d=mm&r=g\",\"url\":\"https:\\\/\\\/secure.gravatar.com\\\/avatar\\\/9167d280179c85bc18be67aa7eda765854300033af4896dd779b608640f2ef7a?s=96&d=mm&r=g\",\"contentUrl\":\"https:\\\/\\\/secure.gravatar.com\\\/avatar\\\/9167d280179c85bc18be67aa7eda765854300033af4896dd779b608640f2ef7a?s=96&d=mm&r=g\",\"caption\":\"Diario1 Diario1\"},\"url\":\"https:\\\/\\\/diariotextual.com\\\/inicio\\\/index.php\\\/author\\\/diario1\\\/\"}]}<\/script>\n<!-- \/ Yoast SEO plugin. -->","yoast_head_json":{"title":"Un mensaje desde Casa de Gobierno por Navidad y Fin de A\u00f1o con cierta desesperanza - Diario Textual","robots":{"index":"index","follow":"follow","max-snippet":"max-snippet:-1","max-image-preview":"max-image-preview:large","max-video-preview":"max-video-preview:-1"},"canonical":"https:\/\/diariotextual.com\/inicio\/index.php\/2023\/12\/21\/un-mensaje-desde-casa-de-gobierno-por-navidad-y-fin-de-ano\/","og_locale":"es_ES","og_type":"article","og_title":"Un mensaje desde Casa de Gobierno por Navidad y Fin de A\u00f1o con cierta desesperanza - Diario Textual","og_description":"Desde Casa de Gobierno se difundi\u00f3 un mensaje por Navidad y Fin de A\u00f1o. En un video grabado, el gobernador Sergio Ziliotto reconoci\u00f3 que \u201cno es un fin de a\u00f1o&hellip;","og_url":"https:\/\/diariotextual.com\/inicio\/index.php\/2023\/12\/21\/un-mensaje-desde-casa-de-gobierno-por-navidad-y-fin-de-ano\/","og_site_name":"Diario Textual","article_publisher":"https:\/\/www.facebook.com\/eltextual","article_published_time":"2023-12-21T23:59:13+00:00","article_modified_time":"2023-12-22T09:25:40+00:00","og_image":[{"url":"https:\/\/diariotextual.com\/inicio\/wp-content\/uploads\/2022\/09\/casadegobiernolp6378.jpg","width":1000,"height":588,"type":"image\/jpeg"}],"author":"Diario1 Diario1","twitter_card":"summary_large_image","twitter_creator":"@eltextual","twitter_site":"@eltextual","twitter_misc":{"Escrito por":"Diario1 Diario1","Tiempo de lectura":"2 minutos"},"schema":{"@context":"https:\/\/schema.org","@graph":[{"@type":"Article","@id":"https:\/\/diariotextual.com\/inicio\/index.php\/2023\/12\/21\/un-mensaje-desde-casa-de-gobierno-por-navidad-y-fin-de-ano\/#article","isPartOf":{"@id":"https:\/\/diariotextual.com\/inicio\/index.php\/2023\/12\/21\/un-mensaje-desde-casa-de-gobierno-por-navidad-y-fin-de-ano\/"},"author":{"name":"Diario1 Diario1","@id":"https:\/\/diariotextual.com\/inicio\/#\/schema\/person\/418fc4093c33e86ed41562db3508f958"},"headline":"Un mensaje desde Casa de Gobierno por Navidad y Fin de A\u00f1o con cierta desesperanza","datePublished":"2023-12-21T23:59:13+00:00","dateModified":"2023-12-22T09:25:40+00:00","mainEntityOfPage":{"@id":"https:\/\/diariotextual.com\/inicio\/index.php\/2023\/12\/21\/un-mensaje-desde-casa-de-gobierno-por-navidad-y-fin-de-ano\/"},"wordCount":273,"publisher":{"@id":"https:\/\/diariotextual.com\/inicio\/#organization"},"image":{"@id":"https:\/\/diariotextual.com\/inicio\/index.php\/2023\/12\/21\/un-mensaje-desde-casa-de-gobierno-por-navidad-y-fin-de-ano\/#primaryimage"},"thumbnailUrl":"https:\/\/diariotextual.com\/inicio\/wp-content\/uploads\/2022\/09\/casadegobiernolp6378.jpg","articleSection":["A - ES NOTICIA (van abajo)","POLITICA"],"inLanguage":"es"},{"@type":"WebPage","@id":"https:\/\/diariotextual.com\/inicio\/index.php\/2023\/12\/21\/un-mensaje-desde-casa-de-gobierno-por-navidad-y-fin-de-ano\/","url":"https:\/\/diariotextual.com\/inicio\/index.php\/2023\/12\/21\/un-mensaje-desde-casa-de-gobierno-por-navidad-y-fin-de-ano\/","name":"Un mensaje desde Casa de Gobierno por Navidad y Fin de A\u00f1o con cierta desesperanza - Diario Textual","isPartOf":{"@id":"https:\/\/diariotextual.com\/inicio\/#website"},"primaryImageOfPage":{"@id":"https:\/\/diariotextual.com\/inicio\/index.php\/2023\/12\/21\/un-mensaje-desde-casa-de-gobierno-por-navidad-y-fin-de-ano\/#primaryimage"},"image":{"@id":"https:\/\/diariotextual.com\/inicio\/index.php\/2023\/12\/21\/un-mensaje-desde-casa-de-gobierno-por-navidad-y-fin-de-ano\/#primaryimage"},"thumbnailUrl":"https:\/\/diariotextual.com\/inicio\/wp-content\/uploads\/2022\/09\/casadegobiernolp6378.jpg","datePublished":"2023-12-21T23:59:13+00:00","dateModified":"2023-12-22T09:25:40+00:00","breadcrumb":{"@id":"https:\/\/diariotextual.com\/inicio\/index.php\/2023\/12\/21\/un-mensaje-desde-casa-de-gobierno-por-navidad-y-fin-de-ano\/#breadcrumb"},"inLanguage":"es","potentialAction":[{"@type":"ReadAction","target":["https:\/\/diariotextual.com\/inicio\/index.php\/2023\/12\/21\/un-mensaje-desde-casa-de-gobierno-por-navidad-y-fin-de-ano\/"]}]},{"@type":"ImageObject","inLanguage":"es","@id":"https:\/\/diariotextual.com\/inicio\/index.php\/2023\/12\/21\/un-mensaje-desde-casa-de-gobierno-por-navidad-y-fin-de-ano\/#primaryimage","url":"https:\/\/diariotextual.com\/inicio\/wp-content\/uploads\/2022\/09\/casadegobiernolp6378.jpg","contentUrl":"https:\/\/diariotextual.com\/inicio\/wp-content\/uploads\/2022\/09\/casadegobiernolp6378.jpg","width":1000,"height":588},{"@type":"BreadcrumbList","@id":"https:\/\/diariotextual.com\/inicio\/index.php\/2023\/12\/21\/un-mensaje-desde-casa-de-gobierno-por-navidad-y-fin-de-ano\/#breadcrumb","itemListElement":[{"@type":"ListItem","position":1,"name":"Portada","item":"https:\/\/diariotextual.com\/inicio\/"},{"@type":"ListItem","position":2,"name":"Un mensaje desde Casa de Gobierno por Navidad y Fin de A\u00f1o con cierta desesperanza"}]},{"@type":"WebSite","@id":"https:\/\/diariotextual.com\/inicio\/#website","url":"https:\/\/diariotextual.com\/inicio\/","name":"Diario Textual","description":"","publisher":{"@id":"https:\/\/diariotextual.com\/inicio\/#organization"},"potentialAction":[{"@type":"SearchAction","target":{"@type":"EntryPoint","urlTemplate":"https:\/\/diariotextual.com\/inicio\/?s={search_term_string}"},"query-input":{"@type":"PropertyValueSpecification","valueRequired":true,"valueName":"search_term_string"}}],"inLanguage":"es"},{"@type":"Organization","@id":"https:\/\/diariotextual.com\/inicio\/#organization","name":"Diario Textual","url":"https:\/\/diariotextual.com\/inicio\/","logo":{"@type":"ImageObject","inLanguage":"es","@id":"https:\/\/diariotextual.com\/inicio\/#\/schema\/logo\/image\/","url":"https:\/\/diariotextual.com\/inicio\/wp-content\/uploads\/2023\/05\/logotextual1.jpg","contentUrl":"https:\/\/diariotextual.com\/inicio\/wp-content\/uploads\/2023\/05\/logotextual1.jpg","width":516,"height":76,"caption":"Diario Textual"},"image":{"@id":"https:\/\/diariotextual.com\/inicio\/#\/schema\/logo\/image\/"},"sameAs":["https:\/\/www.facebook.com\/eltextual","https:\/\/x.com\/eltextual","http:\/\/www.instagram.com\/eltextual"]},{"@type":"Person","@id":"https:\/\/diariotextual.com\/inicio\/#\/schema\/person\/418fc4093c33e86ed41562db3508f958","name":"Diario1 Diario1","image":{"@type":"ImageObject","inLanguage":"es","@id":"https:\/\/secure.gravatar.com\/avatar\/9167d280179c85bc18be67aa7eda765854300033af4896dd779b608640f2ef7a?s=96&d=mm&r=g","url":"https:\/\/secure.gravatar.com\/avatar\/9167d280179c85bc18be67aa7eda765854300033af4896dd779b608640f2ef7a?s=96&d=mm&r=g","contentUrl":"https:\/\/secure.gravatar.com\/avatar\/9167d280179c85bc18be67aa7eda765854300033af4896dd779b608640f2ef7a?s=96&d=mm&r=g","caption":"Diario1 Diario1"},"url":"https:\/\/diariotextual.com\/inicio\/index.php\/author\/diario1\/"}]}},"_links":{"self":[{"href":"https:\/\/diariotextual.com\/inicio\/index.php\/wp-json\/wp\/v2\/posts\/248861","targetHints":{"allow":["GET"]}}],"collection":[{"href":"https:\/\/diariotextual.com\/inicio\/index.php\/wp-json\/wp\/v2\/posts"}],"about":[{"href":"https:\/\/diariotextual.com\/inicio\/index.php\/wp-json\/wp\/v2\/types\/post"}],"author":[{"embeddable":true,"href":"https:\/\/diariotextual.com\/inicio\/index.php\/wp-json\/wp\/v2\/users\/3"}],"replies":[{"embeddable":true,"href":"https:\/\/diariotextual.com\/inicio\/index.php\/wp-json\/wp\/v2\/comments?post=248861"}],"version-history":[{"count":5,"href":"https:\/\/diariotextual.com\/inicio\/index.php\/wp-json\/wp\/v2\/posts\/248861\/revisions"}],"predecessor-version":[{"id":248869,"href":"https:\/\/diariotextual.com\/inicio\/index.php\/wp-json\/wp\/v2\/posts\/248861\/revisions\/248869"}],"wp:featuredmedia":[{"embeddable":true,"href":"https:\/\/diariotextual.com\/inicio\/index.php\/wp-json\/wp\/v2\/media\/200256"}],"wp:attachment":[{"href":"https:\/\/diariotextual.com\/inicio\/index.php\/wp-json\/wp\/v2\/media?parent=248861"}],"wp:term":[{"taxonomy":"category","embeddable":true,"href":"https:\/\/diariotextual.com\/inicio\/index.php\/wp-json\/wp\/v2\/categories?post=248861"},{"taxonomy":"post_tag","embeddable":true,"href":"https:\/\/diariotextual.com\/inicio\/index.php\/wp-json\/wp\/v2\/tags?post=248861"}],"curies":[{"name":"wp","href":"https:\/\/api.w.org\/{rel}","templated":true}]}}