{"id":248870,"date":"2023-12-21T21:48:15","date_gmt":"2023-12-22T00:48:15","guid":{"rendered":"https:\/\/diariotextual.com\/inicio\/?p=248870"},"modified":"2023-12-22T07:47:37","modified_gmt":"2023-12-22T10:47:37","slug":"pascual-ofrecio-apoyo-a-14-comisionados-pero-admitio-que-en-los-pueblos-ya-avanza-la-motosierra","status":"publish","type":"post","link":"https:\/\/diariotextual.com\/inicio\/index.php\/2023\/12\/21\/pascual-ofrecio-apoyo-a-14-comisionados-pero-admitio-que-en-los-pueblos-ya-avanza-la-motosierra\/","title":{"rendered":"Pascual ofreci\u00f3 \u201capoyo\u201d a 14 comisionados, pero admiti\u00f3 que en los pueblos est\u00e1 avanzando la motosierra"},"content":{"rendered":"\n<p>El ministro de Gobierno y Asuntos Municipales, Pascual Fern\u00e1ndez, y el subsecretario de Asuntos Municipales, Rogelio Schanton, recibieron a 14 comisionados con los que mantuvieron una reuni\u00f3n de trabajo.<\/p>\n\n\n\n<p>Del encuentro participaron catorce jefes comunales: Federico Andr\u00e9s Bogarin de Agustoni, Ariel Mauna de Chacharramendi, Carlos Norberto Aschemacher de Colonia Santa Mar\u00eda, El\u00edas Alberto Colado de La Reforma, Angel Marcelo Guti\u00e9rrez de Limay Mahuida, Oscar Mart\u00ednez de Loventuel, Rodecia Maribel Bernelli de Maisonnave, Roberto Oscar Kronemberger de Per\u00fa, Carlos Oscar Ferrero de Pichi Huinca, Juan Pablo Resio de Quetrequ\u00e9n, Ariel Vidondo de Relmo, Pablo Emanuel L\u00e1zaro de Rucanelo, Carlos Antonieta de Sarah y Mart\u00edn Lisotti de Speluzzi.<\/p>\n\n\n\n<p>Seg\u00fan comunicaron desde Casa de Gobierno, la reuni\u00f3n de trabajo sirvi\u00f3 para conversar sobre \u201clas realidades de cada localidad y de las comisiones de fomento en particula\u201dr, en momentos en que se \u201char\u00e1 sentir la p\u00e9rdida de recursos coparticipables y el freno de la obra p\u00fablica\u201d, medidas anunciadas por el Gobierno nacional que \u201cimpactar\u00e1n fuertemente en cada localidad y que tendr\u00e1 consecuencias\u201d en la poblaci\u00f3n.<\/p>\n\n\n\n<p>\u201cLos funcionarios anfitriones brindaron su apoyo a las gestiones que se inician y garantizaron el trabajo en conjunto entre la administraci\u00f3n local y la gesti\u00f3n del gobernador Sergio Ziliotto para sostener el crecimiento de cada comuna\u201d, comunicaron.<\/p>\n\n\n\n<figure class=\"wp-block-embed is-type-wp-embed is-provider-diario-textual wp-block-embed-diario-textual\"><div class=\"wp-block-embed__wrapper\">\n<blockquote class=\"wp-embedded-content\" data-secret=\"lZLWSBtizQ\"><a href=\"https:\/\/diariotextual.com\/inicio\/index.php\/2023\/12\/21\/un-mensaje-desde-casa-de-gobierno-por-navidad-y-fin-de-ano\/\">Un mensaje desde Casa de Gobierno por Navidad y Fin de A\u00f1o con cierta desesperanza<\/a><\/blockquote><iframe class=\"wp-embedded-content\" sandbox=\"allow-scripts\" security=\"restricted\" style=\"position: absolute; clip: rect(1px, 1px, 1px, 1px);\" title=\"\u00abUn mensaje desde Casa de Gobierno por Navidad y Fin de A\u00f1o con cierta desesperanza\u00bb \u2014 Diario Textual\" src=\"https:\/\/diariotextual.com\/inicio\/index.php\/2023\/12\/21\/un-mensaje-desde-casa-de-gobierno-por-navidad-y-fin-de-ano\/embed\/#?secret=3xpMAf2qBE#?secret=lZLWSBtizQ\" data-secret=\"lZLWSBtizQ\" width=\"600\" height=\"338\" frameborder=\"0\" marginwidth=\"0\" marginheight=\"0\" scrolling=\"no\"><\/iframe>\n<\/div><\/figure>\n","protected":false},"excerpt":{"rendered":"<p>El ministro de Gobierno y Asuntos Municipales, Pascual Fern\u00e1ndez, y el subsecretario de Asuntos Municipales, Rogelio Schanton, recibieron a 14 comisionados con los que mantuvieron una reuni\u00f3n de trabajo. Del&hellip;<\/p>\n","protected":false},"author":3,"featured_media":248872,"comment_status":"closed","ping_status":"open","sticky":false,"template":"","format":"standard","meta":{"_acf_changed":false,"footnotes":""},"categories":[1,8],"tags":[],"class_list":["post-248870","post","type-post","status-publish","format-standard","has-post-thumbnail","hentry","category-es-noticia","category-politica"],"acf":[],"yoast_head":"<!-- This site is optimized with the Yoast SEO plugin v27.5 - https:\/\/yoast.com\/product\/yoast-seo-wordpress\/ -->\n<title>Pascual ofreci\u00f3 \u201capoyo\u201d a 14 comisionados, pero admiti\u00f3 que en los pueblos est\u00e1 avanzando la motosierra - Diario Textual<\/title>\n<meta name=\"robots\" content=\"index, follow, max-snippet:-1, max-image-preview:large, max-video-preview:-1\" \/>\n<link rel=\"canonical\" href=\"https:\/\/diariotextual.com\/inicio\/index.php\/2023\/12\/21\/pascual-ofrecio-apoyo-a-14-comisionados-pero-admitio-que-en-los-pueblos-ya-avanza-la-motosierra\/\" \/>\n<meta property=\"og:locale\" content=\"es_ES\" \/>\n<meta property=\"og:type\" content=\"article\" \/>\n<meta property=\"og:title\" content=\"Pascual ofreci\u00f3 \u201capoyo\u201d a 14 comisionados, pero admiti\u00f3 que en los pueblos est\u00e1 avanzando la motosierra - Diario Textual\" \/>\n<meta property=\"og:description\" content=\"El ministro de Gobierno y Asuntos Municipales, Pascual Fern\u00e1ndez, y el subsecretario de Asuntos Municipales, Rogelio Schanton, recibieron a 14 comisionados con los que mantuvieron una reuni\u00f3n de trabajo. Del&hellip;\" \/>\n<meta property=\"og:url\" content=\"https:\/\/diariotextual.com\/inicio\/index.php\/2023\/12\/21\/pascual-ofrecio-apoyo-a-14-comisionados-pero-admitio-que-en-los-pueblos-ya-avanza-la-motosierra\/\" \/>\n<meta property=\"og:site_name\" content=\"Diario Textual\" \/>\n<meta property=\"article:publisher\" content=\"https:\/\/www.facebook.com\/eltextual\" \/>\n<meta property=\"article:published_time\" content=\"2023-12-22T00:48:15+00:00\" \/>\n<meta property=\"article:modified_time\" content=\"2023-12-22T10:47:37+00:00\" \/>\n<meta property=\"og:image\" content=\"https:\/\/diariotextual.com\/inicio\/wp-content\/uploads\/2023\/12\/fernandezpascualministropresidentescomisiondefoment2023-1-scaled.jpg\" \/>\n\t<meta property=\"og:image:width\" content=\"2560\" \/>\n\t<meta property=\"og:image:height\" content=\"1696\" \/>\n\t<meta property=\"og:image:type\" content=\"image\/jpeg\" \/>\n<meta name=\"author\" content=\"Diario1 Diario1\" \/>\n<meta name=\"twitter:card\" content=\"summary_large_image\" \/>\n<meta name=\"twitter:creator\" content=\"@eltextual\" \/>\n<meta name=\"twitter:site\" content=\"@eltextual\" \/>\n<meta name=\"twitter:label1\" content=\"Escrito por\" \/>\n\t<meta name=\"twitter:data1\" content=\"Diario1 Diario1\" \/>\n\t<meta name=\"twitter:label2\" content=\"Tiempo de lectura\" \/>\n\t<meta name=\"twitter:data2\" content=\"2 minutos\" \/>\n<script type=\"application\/ld+json\" class=\"yoast-schema-graph\">{\"@context\":\"https:\\\/\\\/schema.org\",\"@graph\":[{\"@type\":\"Article\",\"@id\":\"https:\\\/\\\/diariotextual.com\\\/inicio\\\/index.php\\\/2023\\\/12\\\/21\\\/pascual-ofrecio-apoyo-a-14-comisionados-pero-admitio-que-en-los-pueblos-ya-avanza-la-motosierra\\\/#article\",\"isPartOf\":{\"@id\":\"https:\\\/\\\/diariotextual.com\\\/inicio\\\/index.php\\\/2023\\\/12\\\/21\\\/pascual-ofrecio-apoyo-a-14-comisionados-pero-admitio-que-en-los-pueblos-ya-avanza-la-motosierra\\\/\"},\"author\":{\"name\":\"Diario1 Diario1\",\"@id\":\"https:\\\/\\\/diariotextual.com\\\/inicio\\\/#\\\/schema\\\/person\\\/418fc4093c33e86ed41562db3508f958\"},\"headline\":\"Pascual ofreci\u00f3 \u201capoyo\u201d a 14 comisionados, pero admiti\u00f3 que en los pueblos est\u00e1 avanzando la motosierra\",\"datePublished\":\"2023-12-22T00:48:15+00:00\",\"dateModified\":\"2023-12-22T10:47:37+00:00\",\"mainEntityOfPage\":{\"@id\":\"https:\\\/\\\/diariotextual.com\\\/inicio\\\/index.php\\\/2023\\\/12\\\/21\\\/pascual-ofrecio-apoyo-a-14-comisionados-pero-admitio-que-en-los-pueblos-ya-avanza-la-motosierra\\\/\"},\"wordCount\":248,\"publisher\":{\"@id\":\"https:\\\/\\\/diariotextual.com\\\/inicio\\\/#organization\"},\"image\":{\"@id\":\"https:\\\/\\\/diariotextual.com\\\/inicio\\\/index.php\\\/2023\\\/12\\\/21\\\/pascual-ofrecio-apoyo-a-14-comisionados-pero-admitio-que-en-los-pueblos-ya-avanza-la-motosierra\\\/#primaryimage\"},\"thumbnailUrl\":\"https:\\\/\\\/diariotextual.com\\\/inicio\\\/wp-content\\\/uploads\\\/2023\\\/12\\\/fernandezpascualministropresidentescomisiondefoment2023-1-scaled.jpg\",\"articleSection\":[\"A - ES NOTICIA (van abajo)\",\"POLITICA\"],\"inLanguage\":\"es\"},{\"@type\":\"WebPage\",\"@id\":\"https:\\\/\\\/diariotextual.com\\\/inicio\\\/index.php\\\/2023\\\/12\\\/21\\\/pascual-ofrecio-apoyo-a-14-comisionados-pero-admitio-que-en-los-pueblos-ya-avanza-la-motosierra\\\/\",\"url\":\"https:\\\/\\\/diariotextual.com\\\/inicio\\\/index.php\\\/2023\\\/12\\\/21\\\/pascual-ofrecio-apoyo-a-14-comisionados-pero-admitio-que-en-los-pueblos-ya-avanza-la-motosierra\\\/\",\"name\":\"Pascual ofreci\u00f3 \u201capoyo\u201d a 14 comisionados, pero admiti\u00f3 que en los pueblos est\u00e1 avanzando la motosierra - Diario Textual\",\"isPartOf\":{\"@id\":\"https:\\\/\\\/diariotextual.com\\\/inicio\\\/#website\"},\"primaryImageOfPage\":{\"@id\":\"https:\\\/\\\/diariotextual.com\\\/inicio\\\/index.php\\\/2023\\\/12\\\/21\\\/pascual-ofrecio-apoyo-a-14-comisionados-pero-admitio-que-en-los-pueblos-ya-avanza-la-motosierra\\\/#primaryimage\"},\"image\":{\"@id\":\"https:\\\/\\\/diariotextual.com\\\/inicio\\\/index.php\\\/2023\\\/12\\\/21\\\/pascual-ofrecio-apoyo-a-14-comisionados-pero-admitio-que-en-los-pueblos-ya-avanza-la-motosierra\\\/#primaryimage\"},\"thumbnailUrl\":\"https:\\\/\\\/diariotextual.com\\\/inicio\\\/wp-content\\\/uploads\\\/2023\\\/12\\\/fernandezpascualministropresidentescomisiondefoment2023-1-scaled.jpg\",\"datePublished\":\"2023-12-22T00:48:15+00:00\",\"dateModified\":\"2023-12-22T10:47:37+00:00\",\"breadcrumb\":{\"@id\":\"https:\\\/\\\/diariotextual.com\\\/inicio\\\/index.php\\\/2023\\\/12\\\/21\\\/pascual-ofrecio-apoyo-a-14-comisionados-pero-admitio-que-en-los-pueblos-ya-avanza-la-motosierra\\\/#breadcrumb\"},\"inLanguage\":\"es\",\"potentialAction\":[{\"@type\":\"ReadAction\",\"target\":[\"https:\\\/\\\/diariotextual.com\\\/inicio\\\/index.php\\\/2023\\\/12\\\/21\\\/pascual-ofrecio-apoyo-a-14-comisionados-pero-admitio-que-en-los-pueblos-ya-avanza-la-motosierra\\\/\"]}]},{\"@type\":\"ImageObject\",\"inLanguage\":\"es\",\"@id\":\"https:\\\/\\\/diariotextual.com\\\/inicio\\\/index.php\\\/2023\\\/12\\\/21\\\/pascual-ofrecio-apoyo-a-14-comisionados-pero-admitio-que-en-los-pueblos-ya-avanza-la-motosierra\\\/#primaryimage\",\"url\":\"https:\\\/\\\/diariotextual.com\\\/inicio\\\/wp-content\\\/uploads\\\/2023\\\/12\\\/fernandezpascualministropresidentescomisiondefoment2023-1-scaled.jpg\",\"contentUrl\":\"https:\\\/\\\/diariotextual.com\\\/inicio\\\/wp-content\\\/uploads\\\/2023\\\/12\\\/fernandezpascualministropresidentescomisiondefoment2023-1-scaled.jpg\",\"width\":2560,\"height\":1696},{\"@type\":\"BreadcrumbList\",\"@id\":\"https:\\\/\\\/diariotextual.com\\\/inicio\\\/index.php\\\/2023\\\/12\\\/21\\\/pascual-ofrecio-apoyo-a-14-comisionados-pero-admitio-que-en-los-pueblos-ya-avanza-la-motosierra\\\/#breadcrumb\",\"itemListElement\":[{\"@type\":\"ListItem\",\"position\":1,\"name\":\"Portada\",\"item\":\"https:\\\/\\\/diariotextual.com\\\/inicio\\\/\"},{\"@type\":\"ListItem\",\"position\":2,\"name\":\"Pascual ofreci\u00f3 \u201capoyo\u201d a 14 comisionados, pero admiti\u00f3 que en los pueblos est\u00e1 avanzando la motosierra\"}]},{\"@type\":\"WebSite\",\"@id\":\"https:\\\/\\\/diariotextual.com\\\/inicio\\\/#website\",\"url\":\"https:\\\/\\\/diariotextual.com\\\/inicio\\\/\",\"name\":\"Diario Textual\",\"description\":\"\",\"publisher\":{\"@id\":\"https:\\\/\\\/diariotextual.com\\\/inicio\\\/#organization\"},\"potentialAction\":[{\"@type\":\"SearchAction\",\"target\":{\"@type\":\"EntryPoint\",\"urlTemplate\":\"https:\\\/\\\/diariotextual.com\\\/inicio\\\/?s={search_term_string}\"},\"query-input\":{\"@type\":\"PropertyValueSpecification\",\"valueRequired\":true,\"valueName\":\"search_term_string\"}}],\"inLanguage\":\"es\"},{\"@type\":\"Organization\",\"@id\":\"https:\\\/\\\/diariotextual.com\\\/inicio\\\/#organization\",\"name\":\"Diario Textual\",\"url\":\"https:\\\/\\\/diariotextual.com\\\/inicio\\\/\",\"logo\":{\"@type\":\"ImageObject\",\"inLanguage\":\"es\",\"@id\":\"https:\\\/\\\/diariotextual.com\\\/inicio\\\/#\\\/schema\\\/logo\\\/image\\\/\",\"url\":\"https:\\\/\\\/diariotextual.com\\\/inicio\\\/wp-content\\\/uploads\\\/2023\\\/05\\\/logotextual1.jpg\",\"contentUrl\":\"https:\\\/\\\/diariotextual.com\\\/inicio\\\/wp-content\\\/uploads\\\/2023\\\/05\\\/logotextual1.jpg\",\"width\":516,\"height\":76,\"caption\":\"Diario Textual\"},\"image\":{\"@id\":\"https:\\\/\\\/diariotextual.com\\\/inicio\\\/#\\\/schema\\\/logo\\\/image\\\/\"},\"sameAs\":[\"https:\\\/\\\/www.facebook.com\\\/eltextual\",\"https:\\\/\\\/x.com\\\/eltextual\",\"http:\\\/\\\/www.instagram.com\\\/eltextual\"]},{\"@type\":\"Person\",\"@id\":\"https:\\\/\\\/diariotextual.com\\\/inicio\\\/#\\\/schema\\\/person\\\/418fc4093c33e86ed41562db3508f958\",\"name\":\"Diario1 Diario1\",\"image\":{\"@type\":\"ImageObject\",\"inLanguage\":\"es\",\"@id\":\"https:\\\/\\\/secure.gravatar.com\\\/avatar\\\/9167d280179c85bc18be67aa7eda765854300033af4896dd779b608640f2ef7a?s=96&d=mm&r=g\",\"url\":\"https:\\\/\\\/secure.gravatar.com\\\/avatar\\\/9167d280179c85bc18be67aa7eda765854300033af4896dd779b608640f2ef7a?s=96&d=mm&r=g\",\"contentUrl\":\"https:\\\/\\\/secure.gravatar.com\\\/avatar\\\/9167d280179c85bc18be67aa7eda765854300033af4896dd779b608640f2ef7a?s=96&d=mm&r=g\",\"caption\":\"Diario1 Diario1\"},\"url\":\"https:\\\/\\\/diariotextual.com\\\/inicio\\\/index.php\\\/author\\\/diario1\\\/\"}]}<\/script>\n<!-- \/ Yoast SEO plugin. -->","yoast_head_json":{"title":"Pascual ofreci\u00f3 \u201capoyo\u201d a 14 comisionados, pero admiti\u00f3 que en los pueblos est\u00e1 avanzando la motosierra - Diario Textual","robots":{"index":"index","follow":"follow","max-snippet":"max-snippet:-1","max-image-preview":"max-image-preview:large","max-video-preview":"max-video-preview:-1"},"canonical":"https:\/\/diariotextual.com\/inicio\/index.php\/2023\/12\/21\/pascual-ofrecio-apoyo-a-14-comisionados-pero-admitio-que-en-los-pueblos-ya-avanza-la-motosierra\/","og_locale":"es_ES","og_type":"article","og_title":"Pascual ofreci\u00f3 \u201capoyo\u201d a 14 comisionados, pero admiti\u00f3 que en los pueblos est\u00e1 avanzando la motosierra - Diario Textual","og_description":"El ministro de Gobierno y Asuntos Municipales, Pascual Fern\u00e1ndez, y el subsecretario de Asuntos Municipales, Rogelio Schanton, recibieron a 14 comisionados con los que mantuvieron una reuni\u00f3n de trabajo. Del&hellip;","og_url":"https:\/\/diariotextual.com\/inicio\/index.php\/2023\/12\/21\/pascual-ofrecio-apoyo-a-14-comisionados-pero-admitio-que-en-los-pueblos-ya-avanza-la-motosierra\/","og_site_name":"Diario Textual","article_publisher":"https:\/\/www.facebook.com\/eltextual","article_published_time":"2023-12-22T00:48:15+00:00","article_modified_time":"2023-12-22T10:47:37+00:00","og_image":[{"width":2560,"height":1696,"url":"https:\/\/diariotextual.com\/inicio\/wp-content\/uploads\/2023\/12\/fernandezpascualministropresidentescomisiondefoment2023-1-scaled.jpg","type":"image\/jpeg"}],"author":"Diario1 Diario1","twitter_card":"summary_large_image","twitter_creator":"@eltextual","twitter_site":"@eltextual","twitter_misc":{"Escrito por":"Diario1 Diario1","Tiempo de lectura":"2 minutos"},"schema":{"@context":"https:\/\/schema.org","@graph":[{"@type":"Article","@id":"https:\/\/diariotextual.com\/inicio\/index.php\/2023\/12\/21\/pascual-ofrecio-apoyo-a-14-comisionados-pero-admitio-que-en-los-pueblos-ya-avanza-la-motosierra\/#article","isPartOf":{"@id":"https:\/\/diariotextual.com\/inicio\/index.php\/2023\/12\/21\/pascual-ofrecio-apoyo-a-14-comisionados-pero-admitio-que-en-los-pueblos-ya-avanza-la-motosierra\/"},"author":{"name":"Diario1 Diario1","@id":"https:\/\/diariotextual.com\/inicio\/#\/schema\/person\/418fc4093c33e86ed41562db3508f958"},"headline":"Pascual ofreci\u00f3 \u201capoyo\u201d a 14 comisionados, pero admiti\u00f3 que en los pueblos est\u00e1 avanzando la motosierra","datePublished":"2023-12-22T00:48:15+00:00","dateModified":"2023-12-22T10:47:37+00:00","mainEntityOfPage":{"@id":"https:\/\/diariotextual.com\/inicio\/index.php\/2023\/12\/21\/pascual-ofrecio-apoyo-a-14-comisionados-pero-admitio-que-en-los-pueblos-ya-avanza-la-motosierra\/"},"wordCount":248,"publisher":{"@id":"https:\/\/diariotextual.com\/inicio\/#organization"},"image":{"@id":"https:\/\/diariotextual.com\/inicio\/index.php\/2023\/12\/21\/pascual-ofrecio-apoyo-a-14-comisionados-pero-admitio-que-en-los-pueblos-ya-avanza-la-motosierra\/#primaryimage"},"thumbnailUrl":"https:\/\/diariotextual.com\/inicio\/wp-content\/uploads\/2023\/12\/fernandezpascualministropresidentescomisiondefoment2023-1-scaled.jpg","articleSection":["A - ES NOTICIA (van abajo)","POLITICA"],"inLanguage":"es"},{"@type":"WebPage","@id":"https:\/\/diariotextual.com\/inicio\/index.php\/2023\/12\/21\/pascual-ofrecio-apoyo-a-14-comisionados-pero-admitio-que-en-los-pueblos-ya-avanza-la-motosierra\/","url":"https:\/\/diariotextual.com\/inicio\/index.php\/2023\/12\/21\/pascual-ofrecio-apoyo-a-14-comisionados-pero-admitio-que-en-los-pueblos-ya-avanza-la-motosierra\/","name":"Pascual ofreci\u00f3 \u201capoyo\u201d a 14 comisionados, pero admiti\u00f3 que en los pueblos est\u00e1 avanzando la motosierra - Diario Textual","isPartOf":{"@id":"https:\/\/diariotextual.com\/inicio\/#website"},"primaryImageOfPage":{"@id":"https:\/\/diariotextual.com\/inicio\/index.php\/2023\/12\/21\/pascual-ofrecio-apoyo-a-14-comisionados-pero-admitio-que-en-los-pueblos-ya-avanza-la-motosierra\/#primaryimage"},"image":{"@id":"https:\/\/diariotextual.com\/inicio\/index.php\/2023\/12\/21\/pascual-ofrecio-apoyo-a-14-comisionados-pero-admitio-que-en-los-pueblos-ya-avanza-la-motosierra\/#primaryimage"},"thumbnailUrl":"https:\/\/diariotextual.com\/inicio\/wp-content\/uploads\/2023\/12\/fernandezpascualministropresidentescomisiondefoment2023-1-scaled.jpg","datePublished":"2023-12-22T00:48:15+00:00","dateModified":"2023-12-22T10:47:37+00:00","breadcrumb":{"@id":"https:\/\/diariotextual.com\/inicio\/index.php\/2023\/12\/21\/pascual-ofrecio-apoyo-a-14-comisionados-pero-admitio-que-en-los-pueblos-ya-avanza-la-motosierra\/#breadcrumb"},"inLanguage":"es","potentialAction":[{"@type":"ReadAction","target":["https:\/\/diariotextual.com\/inicio\/index.php\/2023\/12\/21\/pascual-ofrecio-apoyo-a-14-comisionados-pero-admitio-que-en-los-pueblos-ya-avanza-la-motosierra\/"]}]},{"@type":"ImageObject","inLanguage":"es","@id":"https:\/\/diariotextual.com\/inicio\/index.php\/2023\/12\/21\/pascual-ofrecio-apoyo-a-14-comisionados-pero-admitio-que-en-los-pueblos-ya-avanza-la-motosierra\/#primaryimage","url":"https:\/\/diariotextual.com\/inicio\/wp-content\/uploads\/2023\/12\/fernandezpascualministropresidentescomisiondefoment2023-1-scaled.jpg","contentUrl":"https:\/\/diariotextual.com\/inicio\/wp-content\/uploads\/2023\/12\/fernandezpascualministropresidentescomisiondefoment2023-1-scaled.jpg","width":2560,"height":1696},{"@type":"BreadcrumbList","@id":"https:\/\/diariotextual.com\/inicio\/index.php\/2023\/12\/21\/pascual-ofrecio-apoyo-a-14-comisionados-pero-admitio-que-en-los-pueblos-ya-avanza-la-motosierra\/#breadcrumb","itemListElement":[{"@type":"ListItem","position":1,"name":"Portada","item":"https:\/\/diariotextual.com\/inicio\/"},{"@type":"ListItem","position":2,"name":"Pascual ofreci\u00f3 \u201capoyo\u201d a 14 comisionados, pero admiti\u00f3 que en los pueblos est\u00e1 avanzando la motosierra"}]},{"@type":"WebSite","@id":"https:\/\/diariotextual.com\/inicio\/#website","url":"https:\/\/diariotextual.com\/inicio\/","name":"Diario Textual","description":"","publisher":{"@id":"https:\/\/diariotextual.com\/inicio\/#organization"},"potentialAction":[{"@type":"SearchAction","target":{"@type":"EntryPoint","urlTemplate":"https:\/\/diariotextual.com\/inicio\/?s={search_term_string}"},"query-input":{"@type":"PropertyValueSpecification","valueRequired":true,"valueName":"search_term_string"}}],"inLanguage":"es"},{"@type":"Organization","@id":"https:\/\/diariotextual.com\/inicio\/#organization","name":"Diario Textual","url":"https:\/\/diariotextual.com\/inicio\/","logo":{"@type":"ImageObject","inLanguage":"es","@id":"https:\/\/diariotextual.com\/inicio\/#\/schema\/logo\/image\/","url":"https:\/\/diariotextual.com\/inicio\/wp-content\/uploads\/2023\/05\/logotextual1.jpg","contentUrl":"https:\/\/diariotextual.com\/inicio\/wp-content\/uploads\/2023\/05\/logotextual1.jpg","width":516,"height":76,"caption":"Diario Textual"},"image":{"@id":"https:\/\/diariotextual.com\/inicio\/#\/schema\/logo\/image\/"},"sameAs":["https:\/\/www.facebook.com\/eltextual","https:\/\/x.com\/eltextual","http:\/\/www.instagram.com\/eltextual"]},{"@type":"Person","@id":"https:\/\/diariotextual.com\/inicio\/#\/schema\/person\/418fc4093c33e86ed41562db3508f958","name":"Diario1 Diario1","image":{"@type":"ImageObject","inLanguage":"es","@id":"https:\/\/secure.gravatar.com\/avatar\/9167d280179c85bc18be67aa7eda765854300033af4896dd779b608640f2ef7a?s=96&d=mm&r=g","url":"https:\/\/secure.gravatar.com\/avatar\/9167d280179c85bc18be67aa7eda765854300033af4896dd779b608640f2ef7a?s=96&d=mm&r=g","contentUrl":"https:\/\/secure.gravatar.com\/avatar\/9167d280179c85bc18be67aa7eda765854300033af4896dd779b608640f2ef7a?s=96&d=mm&r=g","caption":"Diario1 Diario1"},"url":"https:\/\/diariotextual.com\/inicio\/index.php\/author\/diario1\/"}]}},"_links":{"self":[{"href":"https:\/\/diariotextual.com\/inicio\/index.php\/wp-json\/wp\/v2\/posts\/248870","targetHints":{"allow":["GET"]}}],"collection":[{"href":"https:\/\/diariotextual.com\/inicio\/index.php\/wp-json\/wp\/v2\/posts"}],"about":[{"href":"https:\/\/diariotextual.com\/inicio\/index.php\/wp-json\/wp\/v2\/types\/post"}],"author":[{"embeddable":true,"href":"https:\/\/diariotextual.com\/inicio\/index.php\/wp-json\/wp\/v2\/users\/3"}],"replies":[{"embeddable":true,"href":"https:\/\/diariotextual.com\/inicio\/index.php\/wp-json\/wp\/v2\/comments?post=248870"}],"version-history":[{"count":3,"href":"https:\/\/diariotextual.com\/inicio\/index.php\/wp-json\/wp\/v2\/posts\/248870\/revisions"}],"predecessor-version":[{"id":248874,"href":"https:\/\/diariotextual.com\/inicio\/index.php\/wp-json\/wp\/v2\/posts\/248870\/revisions\/248874"}],"wp:featuredmedia":[{"embeddable":true,"href":"https:\/\/diariotextual.com\/inicio\/index.php\/wp-json\/wp\/v2\/media\/248872"}],"wp:attachment":[{"href":"https:\/\/diariotextual.com\/inicio\/index.php\/wp-json\/wp\/v2\/media?parent=248870"}],"wp:term":[{"taxonomy":"category","embeddable":true,"href":"https:\/\/diariotextual.com\/inicio\/index.php\/wp-json\/wp\/v2\/categories?post=248870"},{"taxonomy":"post_tag","embeddable":true,"href":"https:\/\/diariotextual.com\/inicio\/index.php\/wp-json\/wp\/v2\/tags?post=248870"}],"curies":[{"name":"wp","href":"https:\/\/api.w.org\/{rel}","templated":true}]}}