{"id":248966,"date":"2023-12-22T16:45:00","date_gmt":"2023-12-22T19:45:00","guid":{"rendered":"https:\/\/diariotextual.com\/inicio\/?p=248966"},"modified":"2023-12-22T16:45:03","modified_gmt":"2023-12-22T19:45:03","slug":"el-gobierno-confirmo-que-el-dnu-comenzara-a-regir-desde-el-29-de-diciembre","status":"publish","type":"post","link":"https:\/\/diariotextual.com\/inicio\/index.php\/2023\/12\/22\/el-gobierno-confirmo-que-el-dnu-comenzara-a-regir-desde-el-29-de-diciembre\/","title":{"rendered":"El Gobierno confirm\u00f3 que el DNU comenzar\u00e1 a regir desde el 29 de diciembre"},"content":{"rendered":"\n<p>El vocero presidencial, Manuel Adorni, confirm\u00f3 en una conferencia de prensa que <strong>el decreto de necesidad y urgencia (DNU) comenzar\u00e1 a regir 8 d\u00edas despu\u00e9s de su publicaci\u00f3n. Esto es, a partir del 29 de diciembre.<\/strong><\/p>\n\n\n\n<p>Por lo general, dentro del cuerpo de este tipo de decretos, el Poder Ejecutivo suele aclarar que la norma entra en vigencia desde el d\u00eda de su publicaci\u00f3n en el Bolet\u00edn Oficial. Sin embargo, esto no sucedi\u00f3. Por este motivo, como <strong>el DNU no lo aclara, se aplica el art\u00edculo 5 del C\u00f3digo Civil y Comercial (CCC).<\/strong><\/p>\n\n\n\n<p>Este art\u00edculo establece que <strong>\u201clas leyes rigen despu\u00e9s del octavo d\u00eda de su publicaci\u00f3n oficial, o desde el d\u00eda que ellas determinen\u201d<\/strong>. En tanto, como el DNU de \u201cBases para la Reconstrucci\u00f3n de la Econom\u00eda Argentina\u201d no pone fecha, el documento y todo su contenido entrar\u00e1 en vigor reci\u00e9n este viernes 29 de diciembre, inform\u00f3 el diario \u00c1mbito Financiero.<\/p>\n\n\n\n<p>El Decreto de Necesidad y Urgencia (DNU) del presidente Javier Milei publicado el jueves a las 00 deber\u00e1 aprobarse en el Congreso de la Naci\u00f3n por las dos c\u00e1maras legislativas. En este marco, \u00bfqu\u00e9 es la Comisi\u00f3n Bicameral y por qu\u00e9 es clave para el avance del decreto?<\/p>\n\n\n\n<p>Seg\u00fan pudo confirmar \u00c1mbito, <strong>el Gobierno apura la conformaci\u00f3n de la comisi\u00f3n bicameral<\/strong> que deber\u00e1 analizar el texto de reformas en el Congreso. Durante la tarde de este jueves, la C\u00e1mara de Diputados solicit\u00f3 a los presidentes de bloque la nominaci\u00f3n de representantes para integrar dicha comisi\u00f3n.<\/p>\n\n\n\n<p>Si bien todav\u00eda no se conocen los nombres, <strong>el organismo legislativo estar\u00e1 conformado por ocho Diputados y ocho Senadores.<\/strong><\/p>\n\n\n\n<p>El <strong>enorme paquete de medidas reformatorias todav\u00eda puede ser rechazado tanto por la Justicia como por el Poder Legislativo<\/strong>. El Poder Judicial, por su parte, tiene la potestad de no aprobar art\u00edculos de los decretos si considera que van en contra de otros derechos o si son inconstitucionales.<\/p>\n","protected":false},"excerpt":{"rendered":"<p>El vocero presidencial, Manuel Adorni, confirm\u00f3 en una conferencia de prensa que el decreto de necesidad y urgencia (DNU) comenzar\u00e1 a regir 8 d\u00edas despu\u00e9s de su publicaci\u00f3n. Esto es,&hellip;<\/p>\n","protected":false},"author":5,"featured_media":248967,"comment_status":"closed","ping_status":"open","sticky":false,"template":"","format":"standard","meta":{"_acf_changed":false,"footnotes":""},"categories":[1,8],"tags":[80,2334],"class_list":["post-248966","post","type-post","status-publish","format-standard","has-post-thumbnail","hentry","category-es-noticia","category-politica","tag-congreso","tag-dni"],"acf":[],"yoast_head":"<!-- This site is optimized with the Yoast SEO plugin v27.5 - https:\/\/yoast.com\/product\/yoast-seo-wordpress\/ -->\n<title>El Gobierno confirm\u00f3 que el DNU comenzar\u00e1 a regir desde el 29 de diciembre - Diario Textual<\/title>\n<meta name=\"robots\" content=\"index, follow, max-snippet:-1, max-image-preview:large, max-video-preview:-1\" \/>\n<link rel=\"canonical\" href=\"https:\/\/diariotextual.com\/inicio\/index.php\/2023\/12\/22\/el-gobierno-confirmo-que-el-dnu-comenzara-a-regir-desde-el-29-de-diciembre\/\" \/>\n<meta property=\"og:locale\" content=\"es_ES\" \/>\n<meta property=\"og:type\" content=\"article\" \/>\n<meta property=\"og:title\" content=\"El Gobierno confirm\u00f3 que el DNU comenzar\u00e1 a regir desde el 29 de diciembre - Diario Textual\" \/>\n<meta property=\"og:description\" content=\"El vocero presidencial, Manuel Adorni, confirm\u00f3 en una conferencia de prensa que el decreto de necesidad y urgencia (DNU) comenzar\u00e1 a regir 8 d\u00edas despu\u00e9s de su publicaci\u00f3n. Esto es,&hellip;\" \/>\n<meta property=\"og:url\" content=\"https:\/\/diariotextual.com\/inicio\/index.php\/2023\/12\/22\/el-gobierno-confirmo-que-el-dnu-comenzara-a-regir-desde-el-29-de-diciembre\/\" \/>\n<meta property=\"og:site_name\" content=\"Diario Textual\" \/>\n<meta property=\"article:publisher\" content=\"https:\/\/www.facebook.com\/eltextual\" \/>\n<meta property=\"article:published_time\" content=\"2023-12-22T19:45:00+00:00\" \/>\n<meta property=\"article:modified_time\" content=\"2023-12-22T19:45:03+00:00\" \/>\n<meta property=\"og:image\" content=\"https:\/\/diariotextual.com\/inicio\/wp-content\/uploads\/2023\/12\/adornimanuel2023.jpg\" \/>\n\t<meta property=\"og:image:width\" content=\"900\" \/>\n\t<meta property=\"og:image:height\" content=\"549\" \/>\n\t<meta property=\"og:image:type\" content=\"image\/jpeg\" \/>\n<meta name=\"author\" content=\"diario3\" \/>\n<meta name=\"twitter:card\" content=\"summary_large_image\" \/>\n<meta name=\"twitter:creator\" content=\"@eltextual\" \/>\n<meta name=\"twitter:site\" content=\"@eltextual\" \/>\n<meta name=\"twitter:label1\" content=\"Escrito por\" \/>\n\t<meta name=\"twitter:data1\" content=\"diario3\" \/>\n\t<meta name=\"twitter:label2\" content=\"Tiempo de lectura\" \/>\n\t<meta name=\"twitter:data2\" content=\"2 minutos\" \/>\n<script type=\"application\/ld+json\" class=\"yoast-schema-graph\">{\"@context\":\"https:\\\/\\\/schema.org\",\"@graph\":[{\"@type\":\"Article\",\"@id\":\"https:\\\/\\\/diariotextual.com\\\/inicio\\\/index.php\\\/2023\\\/12\\\/22\\\/el-gobierno-confirmo-que-el-dnu-comenzara-a-regir-desde-el-29-de-diciembre\\\/#article\",\"isPartOf\":{\"@id\":\"https:\\\/\\\/diariotextual.com\\\/inicio\\\/index.php\\\/2023\\\/12\\\/22\\\/el-gobierno-confirmo-que-el-dnu-comenzara-a-regir-desde-el-29-de-diciembre\\\/\"},\"author\":{\"name\":\"diario3\",\"@id\":\"https:\\\/\\\/diariotextual.com\\\/inicio\\\/#\\\/schema\\\/person\\\/a1b6f563e0ee944c60f98119389a4d9f\"},\"headline\":\"El Gobierno confirm\u00f3 que el DNU comenzar\u00e1 a regir desde el 29 de diciembre\",\"datePublished\":\"2023-12-22T19:45:00+00:00\",\"dateModified\":\"2023-12-22T19:45:03+00:00\",\"mainEntityOfPage\":{\"@id\":\"https:\\\/\\\/diariotextual.com\\\/inicio\\\/index.php\\\/2023\\\/12\\\/22\\\/el-gobierno-confirmo-que-el-dnu-comenzara-a-regir-desde-el-29-de-diciembre\\\/\"},\"wordCount\":350,\"publisher\":{\"@id\":\"https:\\\/\\\/diariotextual.com\\\/inicio\\\/#organization\"},\"image\":{\"@id\":\"https:\\\/\\\/diariotextual.com\\\/inicio\\\/index.php\\\/2023\\\/12\\\/22\\\/el-gobierno-confirmo-que-el-dnu-comenzara-a-regir-desde-el-29-de-diciembre\\\/#primaryimage\"},\"thumbnailUrl\":\"https:\\\/\\\/diariotextual.com\\\/inicio\\\/wp-content\\\/uploads\\\/2023\\\/12\\\/adornimanuel2023.jpg\",\"keywords\":[\"congreso\",\"dni\"],\"articleSection\":[\"A - ES NOTICIA (van abajo)\",\"POLITICA\"],\"inLanguage\":\"es\"},{\"@type\":\"WebPage\",\"@id\":\"https:\\\/\\\/diariotextual.com\\\/inicio\\\/index.php\\\/2023\\\/12\\\/22\\\/el-gobierno-confirmo-que-el-dnu-comenzara-a-regir-desde-el-29-de-diciembre\\\/\",\"url\":\"https:\\\/\\\/diariotextual.com\\\/inicio\\\/index.php\\\/2023\\\/12\\\/22\\\/el-gobierno-confirmo-que-el-dnu-comenzara-a-regir-desde-el-29-de-diciembre\\\/\",\"name\":\"El Gobierno confirm\u00f3 que el DNU comenzar\u00e1 a regir desde el 29 de diciembre - Diario Textual\",\"isPartOf\":{\"@id\":\"https:\\\/\\\/diariotextual.com\\\/inicio\\\/#website\"},\"primaryImageOfPage\":{\"@id\":\"https:\\\/\\\/diariotextual.com\\\/inicio\\\/index.php\\\/2023\\\/12\\\/22\\\/el-gobierno-confirmo-que-el-dnu-comenzara-a-regir-desde-el-29-de-diciembre\\\/#primaryimage\"},\"image\":{\"@id\":\"https:\\\/\\\/diariotextual.com\\\/inicio\\\/index.php\\\/2023\\\/12\\\/22\\\/el-gobierno-confirmo-que-el-dnu-comenzara-a-regir-desde-el-29-de-diciembre\\\/#primaryimage\"},\"thumbnailUrl\":\"https:\\\/\\\/diariotextual.com\\\/inicio\\\/wp-content\\\/uploads\\\/2023\\\/12\\\/adornimanuel2023.jpg\",\"datePublished\":\"2023-12-22T19:45:00+00:00\",\"dateModified\":\"2023-12-22T19:45:03+00:00\",\"breadcrumb\":{\"@id\":\"https:\\\/\\\/diariotextual.com\\\/inicio\\\/index.php\\\/2023\\\/12\\\/22\\\/el-gobierno-confirmo-que-el-dnu-comenzara-a-regir-desde-el-29-de-diciembre\\\/#breadcrumb\"},\"inLanguage\":\"es\",\"potentialAction\":[{\"@type\":\"ReadAction\",\"target\":[\"https:\\\/\\\/diariotextual.com\\\/inicio\\\/index.php\\\/2023\\\/12\\\/22\\\/el-gobierno-confirmo-que-el-dnu-comenzara-a-regir-desde-el-29-de-diciembre\\\/\"]}]},{\"@type\":\"ImageObject\",\"inLanguage\":\"es\",\"@id\":\"https:\\\/\\\/diariotextual.com\\\/inicio\\\/index.php\\\/2023\\\/12\\\/22\\\/el-gobierno-confirmo-que-el-dnu-comenzara-a-regir-desde-el-29-de-diciembre\\\/#primaryimage\",\"url\":\"https:\\\/\\\/diariotextual.com\\\/inicio\\\/wp-content\\\/uploads\\\/2023\\\/12\\\/adornimanuel2023.jpg\",\"contentUrl\":\"https:\\\/\\\/diariotextual.com\\\/inicio\\\/wp-content\\\/uploads\\\/2023\\\/12\\\/adornimanuel2023.jpg\",\"width\":900,\"height\":549},{\"@type\":\"BreadcrumbList\",\"@id\":\"https:\\\/\\\/diariotextual.com\\\/inicio\\\/index.php\\\/2023\\\/12\\\/22\\\/el-gobierno-confirmo-que-el-dnu-comenzara-a-regir-desde-el-29-de-diciembre\\\/#breadcrumb\",\"itemListElement\":[{\"@type\":\"ListItem\",\"position\":1,\"name\":\"Portada\",\"item\":\"https:\\\/\\\/diariotextual.com\\\/inicio\\\/\"},{\"@type\":\"ListItem\",\"position\":2,\"name\":\"El Gobierno confirm\u00f3 que el DNU comenzar\u00e1 a regir desde el 29 de diciembre\"}]},{\"@type\":\"WebSite\",\"@id\":\"https:\\\/\\\/diariotextual.com\\\/inicio\\\/#website\",\"url\":\"https:\\\/\\\/diariotextual.com\\\/inicio\\\/\",\"name\":\"Diario Textual\",\"description\":\"\",\"publisher\":{\"@id\":\"https:\\\/\\\/diariotextual.com\\\/inicio\\\/#organization\"},\"potentialAction\":[{\"@type\":\"SearchAction\",\"target\":{\"@type\":\"EntryPoint\",\"urlTemplate\":\"https:\\\/\\\/diariotextual.com\\\/inicio\\\/?s={search_term_string}\"},\"query-input\":{\"@type\":\"PropertyValueSpecification\",\"valueRequired\":true,\"valueName\":\"search_term_string\"}}],\"inLanguage\":\"es\"},{\"@type\":\"Organization\",\"@id\":\"https:\\\/\\\/diariotextual.com\\\/inicio\\\/#organization\",\"name\":\"Diario Textual\",\"url\":\"https:\\\/\\\/diariotextual.com\\\/inicio\\\/\",\"logo\":{\"@type\":\"ImageObject\",\"inLanguage\":\"es\",\"@id\":\"https:\\\/\\\/diariotextual.com\\\/inicio\\\/#\\\/schema\\\/logo\\\/image\\\/\",\"url\":\"https:\\\/\\\/diariotextual.com\\\/inicio\\\/wp-content\\\/uploads\\\/2023\\\/05\\\/logotextual1.jpg\",\"contentUrl\":\"https:\\\/\\\/diariotextual.com\\\/inicio\\\/wp-content\\\/uploads\\\/2023\\\/05\\\/logotextual1.jpg\",\"width\":516,\"height\":76,\"caption\":\"Diario Textual\"},\"image\":{\"@id\":\"https:\\\/\\\/diariotextual.com\\\/inicio\\\/#\\\/schema\\\/logo\\\/image\\\/\"},\"sameAs\":[\"https:\\\/\\\/www.facebook.com\\\/eltextual\",\"https:\\\/\\\/x.com\\\/eltextual\",\"http:\\\/\\\/www.instagram.com\\\/eltextual\"]},{\"@type\":\"Person\",\"@id\":\"https:\\\/\\\/diariotextual.com\\\/inicio\\\/#\\\/schema\\\/person\\\/a1b6f563e0ee944c60f98119389a4d9f\",\"name\":\"diario3\",\"image\":{\"@type\":\"ImageObject\",\"inLanguage\":\"es\",\"@id\":\"https:\\\/\\\/secure.gravatar.com\\\/avatar\\\/5e7ee62c82fc04d9dd79d746a390d93c69c43223e5faeeb3ea9461ef752bfc5d?s=96&d=mm&r=g\",\"url\":\"https:\\\/\\\/secure.gravatar.com\\\/avatar\\\/5e7ee62c82fc04d9dd79d746a390d93c69c43223e5faeeb3ea9461ef752bfc5d?s=96&d=mm&r=g\",\"contentUrl\":\"https:\\\/\\\/secure.gravatar.com\\\/avatar\\\/5e7ee62c82fc04d9dd79d746a390d93c69c43223e5faeeb3ea9461ef752bfc5d?s=96&d=mm&r=g\",\"caption\":\"diario3\"},\"url\":\"https:\\\/\\\/diariotextual.com\\\/inicio\\\/index.php\\\/author\\\/diario3\\\/\"}]}<\/script>\n<!-- \/ Yoast SEO plugin. -->","yoast_head_json":{"title":"El Gobierno confirm\u00f3 que el DNU comenzar\u00e1 a regir desde el 29 de diciembre - Diario Textual","robots":{"index":"index","follow":"follow","max-snippet":"max-snippet:-1","max-image-preview":"max-image-preview:large","max-video-preview":"max-video-preview:-1"},"canonical":"https:\/\/diariotextual.com\/inicio\/index.php\/2023\/12\/22\/el-gobierno-confirmo-que-el-dnu-comenzara-a-regir-desde-el-29-de-diciembre\/","og_locale":"es_ES","og_type":"article","og_title":"El Gobierno confirm\u00f3 que el DNU comenzar\u00e1 a regir desde el 29 de diciembre - Diario Textual","og_description":"El vocero presidencial, Manuel Adorni, confirm\u00f3 en una conferencia de prensa que el decreto de necesidad y urgencia (DNU) comenzar\u00e1 a regir 8 d\u00edas despu\u00e9s de su publicaci\u00f3n. Esto es,&hellip;","og_url":"https:\/\/diariotextual.com\/inicio\/index.php\/2023\/12\/22\/el-gobierno-confirmo-que-el-dnu-comenzara-a-regir-desde-el-29-de-diciembre\/","og_site_name":"Diario Textual","article_publisher":"https:\/\/www.facebook.com\/eltextual","article_published_time":"2023-12-22T19:45:00+00:00","article_modified_time":"2023-12-22T19:45:03+00:00","og_image":[{"width":900,"height":549,"url":"https:\/\/diariotextual.com\/inicio\/wp-content\/uploads\/2023\/12\/adornimanuel2023.jpg","type":"image\/jpeg"}],"author":"diario3","twitter_card":"summary_large_image","twitter_creator":"@eltextual","twitter_site":"@eltextual","twitter_misc":{"Escrito por":"diario3","Tiempo de lectura":"2 minutos"},"schema":{"@context":"https:\/\/schema.org","@graph":[{"@type":"Article","@id":"https:\/\/diariotextual.com\/inicio\/index.php\/2023\/12\/22\/el-gobierno-confirmo-que-el-dnu-comenzara-a-regir-desde-el-29-de-diciembre\/#article","isPartOf":{"@id":"https:\/\/diariotextual.com\/inicio\/index.php\/2023\/12\/22\/el-gobierno-confirmo-que-el-dnu-comenzara-a-regir-desde-el-29-de-diciembre\/"},"author":{"name":"diario3","@id":"https:\/\/diariotextual.com\/inicio\/#\/schema\/person\/a1b6f563e0ee944c60f98119389a4d9f"},"headline":"El Gobierno confirm\u00f3 que el DNU comenzar\u00e1 a regir desde el 29 de diciembre","datePublished":"2023-12-22T19:45:00+00:00","dateModified":"2023-12-22T19:45:03+00:00","mainEntityOfPage":{"@id":"https:\/\/diariotextual.com\/inicio\/index.php\/2023\/12\/22\/el-gobierno-confirmo-que-el-dnu-comenzara-a-regir-desde-el-29-de-diciembre\/"},"wordCount":350,"publisher":{"@id":"https:\/\/diariotextual.com\/inicio\/#organization"},"image":{"@id":"https:\/\/diariotextual.com\/inicio\/index.php\/2023\/12\/22\/el-gobierno-confirmo-que-el-dnu-comenzara-a-regir-desde-el-29-de-diciembre\/#primaryimage"},"thumbnailUrl":"https:\/\/diariotextual.com\/inicio\/wp-content\/uploads\/2023\/12\/adornimanuel2023.jpg","keywords":["congreso","dni"],"articleSection":["A - ES NOTICIA (van abajo)","POLITICA"],"inLanguage":"es"},{"@type":"WebPage","@id":"https:\/\/diariotextual.com\/inicio\/index.php\/2023\/12\/22\/el-gobierno-confirmo-que-el-dnu-comenzara-a-regir-desde-el-29-de-diciembre\/","url":"https:\/\/diariotextual.com\/inicio\/index.php\/2023\/12\/22\/el-gobierno-confirmo-que-el-dnu-comenzara-a-regir-desde-el-29-de-diciembre\/","name":"El Gobierno confirm\u00f3 que el DNU comenzar\u00e1 a regir desde el 29 de diciembre - Diario Textual","isPartOf":{"@id":"https:\/\/diariotextual.com\/inicio\/#website"},"primaryImageOfPage":{"@id":"https:\/\/diariotextual.com\/inicio\/index.php\/2023\/12\/22\/el-gobierno-confirmo-que-el-dnu-comenzara-a-regir-desde-el-29-de-diciembre\/#primaryimage"},"image":{"@id":"https:\/\/diariotextual.com\/inicio\/index.php\/2023\/12\/22\/el-gobierno-confirmo-que-el-dnu-comenzara-a-regir-desde-el-29-de-diciembre\/#primaryimage"},"thumbnailUrl":"https:\/\/diariotextual.com\/inicio\/wp-content\/uploads\/2023\/12\/adornimanuel2023.jpg","datePublished":"2023-12-22T19:45:00+00:00","dateModified":"2023-12-22T19:45:03+00:00","breadcrumb":{"@id":"https:\/\/diariotextual.com\/inicio\/index.php\/2023\/12\/22\/el-gobierno-confirmo-que-el-dnu-comenzara-a-regir-desde-el-29-de-diciembre\/#breadcrumb"},"inLanguage":"es","potentialAction":[{"@type":"ReadAction","target":["https:\/\/diariotextual.com\/inicio\/index.php\/2023\/12\/22\/el-gobierno-confirmo-que-el-dnu-comenzara-a-regir-desde-el-29-de-diciembre\/"]}]},{"@type":"ImageObject","inLanguage":"es","@id":"https:\/\/diariotextual.com\/inicio\/index.php\/2023\/12\/22\/el-gobierno-confirmo-que-el-dnu-comenzara-a-regir-desde-el-29-de-diciembre\/#primaryimage","url":"https:\/\/diariotextual.com\/inicio\/wp-content\/uploads\/2023\/12\/adornimanuel2023.jpg","contentUrl":"https:\/\/diariotextual.com\/inicio\/wp-content\/uploads\/2023\/12\/adornimanuel2023.jpg","width":900,"height":549},{"@type":"BreadcrumbList","@id":"https:\/\/diariotextual.com\/inicio\/index.php\/2023\/12\/22\/el-gobierno-confirmo-que-el-dnu-comenzara-a-regir-desde-el-29-de-diciembre\/#breadcrumb","itemListElement":[{"@type":"ListItem","position":1,"name":"Portada","item":"https:\/\/diariotextual.com\/inicio\/"},{"@type":"ListItem","position":2,"name":"El Gobierno confirm\u00f3 que el DNU comenzar\u00e1 a regir desde el 29 de diciembre"}]},{"@type":"WebSite","@id":"https:\/\/diariotextual.com\/inicio\/#website","url":"https:\/\/diariotextual.com\/inicio\/","name":"Diario Textual","description":"","publisher":{"@id":"https:\/\/diariotextual.com\/inicio\/#organization"},"potentialAction":[{"@type":"SearchAction","target":{"@type":"EntryPoint","urlTemplate":"https:\/\/diariotextual.com\/inicio\/?s={search_term_string}"},"query-input":{"@type":"PropertyValueSpecification","valueRequired":true,"valueName":"search_term_string"}}],"inLanguage":"es"},{"@type":"Organization","@id":"https:\/\/diariotextual.com\/inicio\/#organization","name":"Diario Textual","url":"https:\/\/diariotextual.com\/inicio\/","logo":{"@type":"ImageObject","inLanguage":"es","@id":"https:\/\/diariotextual.com\/inicio\/#\/schema\/logo\/image\/","url":"https:\/\/diariotextual.com\/inicio\/wp-content\/uploads\/2023\/05\/logotextual1.jpg","contentUrl":"https:\/\/diariotextual.com\/inicio\/wp-content\/uploads\/2023\/05\/logotextual1.jpg","width":516,"height":76,"caption":"Diario Textual"},"image":{"@id":"https:\/\/diariotextual.com\/inicio\/#\/schema\/logo\/image\/"},"sameAs":["https:\/\/www.facebook.com\/eltextual","https:\/\/x.com\/eltextual","http:\/\/www.instagram.com\/eltextual"]},{"@type":"Person","@id":"https:\/\/diariotextual.com\/inicio\/#\/schema\/person\/a1b6f563e0ee944c60f98119389a4d9f","name":"diario3","image":{"@type":"ImageObject","inLanguage":"es","@id":"https:\/\/secure.gravatar.com\/avatar\/5e7ee62c82fc04d9dd79d746a390d93c69c43223e5faeeb3ea9461ef752bfc5d?s=96&d=mm&r=g","url":"https:\/\/secure.gravatar.com\/avatar\/5e7ee62c82fc04d9dd79d746a390d93c69c43223e5faeeb3ea9461ef752bfc5d?s=96&d=mm&r=g","contentUrl":"https:\/\/secure.gravatar.com\/avatar\/5e7ee62c82fc04d9dd79d746a390d93c69c43223e5faeeb3ea9461ef752bfc5d?s=96&d=mm&r=g","caption":"diario3"},"url":"https:\/\/diariotextual.com\/inicio\/index.php\/author\/diario3\/"}]}},"_links":{"self":[{"href":"https:\/\/diariotextual.com\/inicio\/index.php\/wp-json\/wp\/v2\/posts\/248966","targetHints":{"allow":["GET"]}}],"collection":[{"href":"https:\/\/diariotextual.com\/inicio\/index.php\/wp-json\/wp\/v2\/posts"}],"about":[{"href":"https:\/\/diariotextual.com\/inicio\/index.php\/wp-json\/wp\/v2\/types\/post"}],"author":[{"embeddable":true,"href":"https:\/\/diariotextual.com\/inicio\/index.php\/wp-json\/wp\/v2\/users\/5"}],"replies":[{"embeddable":true,"href":"https:\/\/diariotextual.com\/inicio\/index.php\/wp-json\/wp\/v2\/comments?post=248966"}],"version-history":[{"count":1,"href":"https:\/\/diariotextual.com\/inicio\/index.php\/wp-json\/wp\/v2\/posts\/248966\/revisions"}],"predecessor-version":[{"id":248968,"href":"https:\/\/diariotextual.com\/inicio\/index.php\/wp-json\/wp\/v2\/posts\/248966\/revisions\/248968"}],"wp:featuredmedia":[{"embeddable":true,"href":"https:\/\/diariotextual.com\/inicio\/index.php\/wp-json\/wp\/v2\/media\/248967"}],"wp:attachment":[{"href":"https:\/\/diariotextual.com\/inicio\/index.php\/wp-json\/wp\/v2\/media?parent=248966"}],"wp:term":[{"taxonomy":"category","embeddable":true,"href":"https:\/\/diariotextual.com\/inicio\/index.php\/wp-json\/wp\/v2\/categories?post=248966"},{"taxonomy":"post_tag","embeddable":true,"href":"https:\/\/diariotextual.com\/inicio\/index.php\/wp-json\/wp\/v2\/tags?post=248966"}],"curies":[{"name":"wp","href":"https:\/\/api.w.org\/{rel}","templated":true}]}}