{"id":248969,"date":"2023-12-22T16:51:24","date_gmt":"2023-12-22T19:51:24","guid":{"rendered":"https:\/\/diariotextual.com\/inicio\/?p=248969"},"modified":"2023-12-22T17:40:36","modified_gmt":"2023-12-22T20:40:36","slug":"gil-dominguez-presento-un-amparo-contra-el-dnu-de-milei","status":"publish","type":"post","link":"https:\/\/diariotextual.com\/inicio\/index.php\/2023\/12\/22\/gil-dominguez-presento-un-amparo-contra-el-dnu-de-milei\/","title":{"rendered":"Gil Dom\u00ednguez present\u00f3 un amparo contra el DNU de Milei"},"content":{"rendered":"\n<p>Dos presentaciones se sumaron al pedido de inconstitucionalidad del Decreto de Necesidad y Urgencia de Javier Milei ante la Justicia en lo Contencioso Administrativo Federal.<\/p>\n\n\n\n<p>La presentaci\u00f3n la hizo por un lado el <strong>abogado constitucionalista Andr\u00e9s Gil Dom\u00ednguez,<\/strong> la cual recay\u00f3 en el juzgado de Pablo Cayssials. All\u00ed el letrado considera que <strong>no se cumplieron los requisitos de habilitaci\u00f3n constitucional de las medias y que constituye la suma del poder p\u00fablico a trav\u00e9s de ese DNU.<\/strong><\/p>\n\n\n\n<p>Gil Dom\u00ednguez hizo su presentaci\u00f3n en calidad de&nbsp;<strong>ciudadano afectado por el decreto<\/strong>&nbsp;-algo que puede hacer cualquiera que sienta que se ve afectado por alguna de las medidas incluidas en el DNU- y destac\u00f3 all\u00ed que es violatorio de la divisi\u00f3n de poderes.<\/p>\n\n\n\n<p>El DNU 70\/2023 intenta mediante la desviaci\u00f3n de poder y el abuso de derecho p\u00fablico utilizar un mecanismo excepcional &#8211; el dictado de decretos de necesidad y urgencia- para sustituir la funci\u00f3n legislativa del Congreso, plante\u00f3 el abogado especialista en asuntos constitucionales.<\/p>\n\n\n\n<p><strong>Al arrogarse el presidente facultades legislativas, estar\u00eda violando la divisi\u00f3n de poderes, el principio republicano y la prohibici\u00f3n constitucional<\/strong>, plante\u00f3 el abogado, seg\u00fan pudo reconstruir T\u00e9lam de fuentes judiciales.<\/p>\n\n\n\n<p>Por otro lado, Bingo del Oeste tambi\u00e9n hizo reparos al DNU en una presentaci\u00f3n que recay\u00f3 ante el juez en lo Contencioso Administrativo Federal Esteban Furnari, inform\u00f3 la agencia NA.<\/p>\n\n\n\n<p>\u00c9ste \u00faltimo juez ayer ya recibi\u00f3 las primeras de las presentaciones por parte del Observatorio del&nbsp; Derecho a la Ciudad donde apunt\u00f3 a toda la inconstitucionalidad del DNU.<\/p>\n\n\n\n<figure class=\"wp-block-embed is-type-wp-embed is-provider-diario-textual wp-block-embed-diario-textual\"><div class=\"wp-block-embed__wrapper\">\n<blockquote class=\"wp-embedded-content\" data-secret=\"eAhi4gHijC\"><a href=\"https:\/\/diariotextual.com\/inicio\/index.php\/2023\/12\/21\/ong-presento-el-primer-amparo-ante-la-justicia-contra-el-dnu-de-milei\/\">ONG present\u00f3 el primer amparo ante la Justicia contra el DNU de Milei<\/a><\/blockquote><iframe class=\"wp-embedded-content\" sandbox=\"allow-scripts\" security=\"restricted\" style=\"position: absolute; clip: rect(1px, 1px, 1px, 1px);\" title=\"\u00abONG present\u00f3 el primer amparo ante la Justicia contra el DNU de Milei\u00bb \u2014 Diario Textual\" src=\"https:\/\/diariotextual.com\/inicio\/index.php\/2023\/12\/21\/ong-presento-el-primer-amparo-ante-la-justicia-contra-el-dnu-de-milei\/embed\/#?secret=77GEYiVJMF#?secret=eAhi4gHijC\" data-secret=\"eAhi4gHijC\" width=\"600\" height=\"338\" frameborder=\"0\" marginwidth=\"0\" marginheight=\"0\" scrolling=\"no\"><\/iframe>\n<\/div><\/figure>\n\n\n\n<p>Al haber m\u00e1s de una presentaci\u00f3n no implica que todas se acumulen en un s\u00f3lo juzgado pues se tratan de distintas objeciones.<\/p>\n\n\n\n<p>De esta forma, ya son tres las presentaciones aunque puede haber m\u00e1s y en otros fueros como ser el Civil y el Civil y Comercial Federal.<\/p>\n","protected":false},"excerpt":{"rendered":"<p>Dos presentaciones se sumaron al pedido de inconstitucionalidad del Decreto de Necesidad y Urgencia de Javier Milei ante la Justicia en lo Contencioso Administrativo Federal. La presentaci\u00f3n la hizo por&hellip;<\/p>\n","protected":false},"author":5,"featured_media":142614,"comment_status":"closed","ping_status":"open","sticky":false,"template":"","format":"standard","meta":{"_acf_changed":false,"footnotes":""},"categories":[1,8],"tags":[1474,6313],"class_list":["post-248969","post","type-post","status-publish","format-standard","has-post-thumbnail","hentry","category-es-noticia","category-politica","tag-dnu","tag-milei"],"acf":[],"yoast_head":"<!-- This site is optimized with the Yoast SEO plugin v27.5 - https:\/\/yoast.com\/product\/yoast-seo-wordpress\/ -->\n<title>Gil Dom\u00ednguez present\u00f3 un amparo contra el DNU de Milei - Diario Textual<\/title>\n<meta name=\"robots\" content=\"index, follow, max-snippet:-1, max-image-preview:large, max-video-preview:-1\" \/>\n<link rel=\"canonical\" href=\"https:\/\/diariotextual.com\/inicio\/index.php\/2023\/12\/22\/gil-dominguez-presento-un-amparo-contra-el-dnu-de-milei\/\" \/>\n<meta property=\"og:locale\" content=\"es_ES\" \/>\n<meta property=\"og:type\" content=\"article\" \/>\n<meta property=\"og:title\" content=\"Gil Dom\u00ednguez present\u00f3 un amparo contra el DNU de Milei - Diario Textual\" \/>\n<meta property=\"og:description\" content=\"Dos presentaciones se sumaron al pedido de inconstitucionalidad del Decreto de Necesidad y Urgencia de Javier Milei ante la Justicia en lo Contencioso Administrativo Federal. La presentaci\u00f3n la hizo por&hellip;\" \/>\n<meta property=\"og:url\" content=\"https:\/\/diariotextual.com\/inicio\/index.php\/2023\/12\/22\/gil-dominguez-presento-un-amparo-contra-el-dnu-de-milei\/\" \/>\n<meta property=\"og:site_name\" content=\"Diario Textual\" \/>\n<meta property=\"article:publisher\" content=\"https:\/\/www.facebook.com\/eltextual\" \/>\n<meta property=\"article:published_time\" content=\"2023-12-22T19:51:24+00:00\" \/>\n<meta property=\"article:modified_time\" content=\"2023-12-22T20:40:36+00:00\" \/>\n<meta property=\"og:image\" content=\"https:\/\/diariotextual.com\/inicio\/wp-content\/uploads\/2021\/04\/gildominguezandres000888.jpg\" \/>\n\t<meta property=\"og:image:width\" content=\"1004\" \/>\n\t<meta property=\"og:image:height\" content=\"565\" \/>\n\t<meta property=\"og:image:type\" content=\"image\/jpeg\" \/>\n<meta name=\"author\" content=\"diario3\" \/>\n<meta name=\"twitter:card\" content=\"summary_large_image\" \/>\n<meta name=\"twitter:creator\" content=\"@eltextual\" \/>\n<meta name=\"twitter:site\" content=\"@eltextual\" \/>\n<meta name=\"twitter:label1\" content=\"Escrito por\" \/>\n\t<meta name=\"twitter:data1\" content=\"diario3\" \/>\n\t<meta name=\"twitter:label2\" content=\"Tiempo de lectura\" \/>\n\t<meta name=\"twitter:data2\" content=\"2 minutos\" \/>\n<script type=\"application\/ld+json\" class=\"yoast-schema-graph\">{\"@context\":\"https:\\\/\\\/schema.org\",\"@graph\":[{\"@type\":\"Article\",\"@id\":\"https:\\\/\\\/diariotextual.com\\\/inicio\\\/index.php\\\/2023\\\/12\\\/22\\\/gil-dominguez-presento-un-amparo-contra-el-dnu-de-milei\\\/#article\",\"isPartOf\":{\"@id\":\"https:\\\/\\\/diariotextual.com\\\/inicio\\\/index.php\\\/2023\\\/12\\\/22\\\/gil-dominguez-presento-un-amparo-contra-el-dnu-de-milei\\\/\"},\"author\":{\"name\":\"diario3\",\"@id\":\"https:\\\/\\\/diariotextual.com\\\/inicio\\\/#\\\/schema\\\/person\\\/a1b6f563e0ee944c60f98119389a4d9f\"},\"headline\":\"Gil Dom\u00ednguez present\u00f3 un amparo contra el DNU de Milei\",\"datePublished\":\"2023-12-22T19:51:24+00:00\",\"dateModified\":\"2023-12-22T20:40:36+00:00\",\"mainEntityOfPage\":{\"@id\":\"https:\\\/\\\/diariotextual.com\\\/inicio\\\/index.php\\\/2023\\\/12\\\/22\\\/gil-dominguez-presento-un-amparo-contra-el-dnu-de-milei\\\/\"},\"wordCount\":340,\"publisher\":{\"@id\":\"https:\\\/\\\/diariotextual.com\\\/inicio\\\/#organization\"},\"image\":{\"@id\":\"https:\\\/\\\/diariotextual.com\\\/inicio\\\/index.php\\\/2023\\\/12\\\/22\\\/gil-dominguez-presento-un-amparo-contra-el-dnu-de-milei\\\/#primaryimage\"},\"thumbnailUrl\":\"https:\\\/\\\/diariotextual.com\\\/inicio\\\/wp-content\\\/uploads\\\/2021\\\/04\\\/gildominguezandres000888.jpg\",\"keywords\":[\"DNU\",\"milei\"],\"articleSection\":[\"A - ES NOTICIA (van abajo)\",\"POLITICA\"],\"inLanguage\":\"es\"},{\"@type\":\"WebPage\",\"@id\":\"https:\\\/\\\/diariotextual.com\\\/inicio\\\/index.php\\\/2023\\\/12\\\/22\\\/gil-dominguez-presento-un-amparo-contra-el-dnu-de-milei\\\/\",\"url\":\"https:\\\/\\\/diariotextual.com\\\/inicio\\\/index.php\\\/2023\\\/12\\\/22\\\/gil-dominguez-presento-un-amparo-contra-el-dnu-de-milei\\\/\",\"name\":\"Gil Dom\u00ednguez present\u00f3 un amparo contra el DNU de Milei - Diario Textual\",\"isPartOf\":{\"@id\":\"https:\\\/\\\/diariotextual.com\\\/inicio\\\/#website\"},\"primaryImageOfPage\":{\"@id\":\"https:\\\/\\\/diariotextual.com\\\/inicio\\\/index.php\\\/2023\\\/12\\\/22\\\/gil-dominguez-presento-un-amparo-contra-el-dnu-de-milei\\\/#primaryimage\"},\"image\":{\"@id\":\"https:\\\/\\\/diariotextual.com\\\/inicio\\\/index.php\\\/2023\\\/12\\\/22\\\/gil-dominguez-presento-un-amparo-contra-el-dnu-de-milei\\\/#primaryimage\"},\"thumbnailUrl\":\"https:\\\/\\\/diariotextual.com\\\/inicio\\\/wp-content\\\/uploads\\\/2021\\\/04\\\/gildominguezandres000888.jpg\",\"datePublished\":\"2023-12-22T19:51:24+00:00\",\"dateModified\":\"2023-12-22T20:40:36+00:00\",\"breadcrumb\":{\"@id\":\"https:\\\/\\\/diariotextual.com\\\/inicio\\\/index.php\\\/2023\\\/12\\\/22\\\/gil-dominguez-presento-un-amparo-contra-el-dnu-de-milei\\\/#breadcrumb\"},\"inLanguage\":\"es\",\"potentialAction\":[{\"@type\":\"ReadAction\",\"target\":[\"https:\\\/\\\/diariotextual.com\\\/inicio\\\/index.php\\\/2023\\\/12\\\/22\\\/gil-dominguez-presento-un-amparo-contra-el-dnu-de-milei\\\/\"]}]},{\"@type\":\"ImageObject\",\"inLanguage\":\"es\",\"@id\":\"https:\\\/\\\/diariotextual.com\\\/inicio\\\/index.php\\\/2023\\\/12\\\/22\\\/gil-dominguez-presento-un-amparo-contra-el-dnu-de-milei\\\/#primaryimage\",\"url\":\"https:\\\/\\\/diariotextual.com\\\/inicio\\\/wp-content\\\/uploads\\\/2021\\\/04\\\/gildominguezandres000888.jpg\",\"contentUrl\":\"https:\\\/\\\/diariotextual.com\\\/inicio\\\/wp-content\\\/uploads\\\/2021\\\/04\\\/gildominguezandres000888.jpg\",\"width\":1004,\"height\":565},{\"@type\":\"BreadcrumbList\",\"@id\":\"https:\\\/\\\/diariotextual.com\\\/inicio\\\/index.php\\\/2023\\\/12\\\/22\\\/gil-dominguez-presento-un-amparo-contra-el-dnu-de-milei\\\/#breadcrumb\",\"itemListElement\":[{\"@type\":\"ListItem\",\"position\":1,\"name\":\"Portada\",\"item\":\"https:\\\/\\\/diariotextual.com\\\/inicio\\\/\"},{\"@type\":\"ListItem\",\"position\":2,\"name\":\"Gil Dom\u00ednguez present\u00f3 un amparo contra el DNU de Milei\"}]},{\"@type\":\"WebSite\",\"@id\":\"https:\\\/\\\/diariotextual.com\\\/inicio\\\/#website\",\"url\":\"https:\\\/\\\/diariotextual.com\\\/inicio\\\/\",\"name\":\"Diario Textual\",\"description\":\"\",\"publisher\":{\"@id\":\"https:\\\/\\\/diariotextual.com\\\/inicio\\\/#organization\"},\"potentialAction\":[{\"@type\":\"SearchAction\",\"target\":{\"@type\":\"EntryPoint\",\"urlTemplate\":\"https:\\\/\\\/diariotextual.com\\\/inicio\\\/?s={search_term_string}\"},\"query-input\":{\"@type\":\"PropertyValueSpecification\",\"valueRequired\":true,\"valueName\":\"search_term_string\"}}],\"inLanguage\":\"es\"},{\"@type\":\"Organization\",\"@id\":\"https:\\\/\\\/diariotextual.com\\\/inicio\\\/#organization\",\"name\":\"Diario Textual\",\"url\":\"https:\\\/\\\/diariotextual.com\\\/inicio\\\/\",\"logo\":{\"@type\":\"ImageObject\",\"inLanguage\":\"es\",\"@id\":\"https:\\\/\\\/diariotextual.com\\\/inicio\\\/#\\\/schema\\\/logo\\\/image\\\/\",\"url\":\"https:\\\/\\\/diariotextual.com\\\/inicio\\\/wp-content\\\/uploads\\\/2023\\\/05\\\/logotextual1.jpg\",\"contentUrl\":\"https:\\\/\\\/diariotextual.com\\\/inicio\\\/wp-content\\\/uploads\\\/2023\\\/05\\\/logotextual1.jpg\",\"width\":516,\"height\":76,\"caption\":\"Diario Textual\"},\"image\":{\"@id\":\"https:\\\/\\\/diariotextual.com\\\/inicio\\\/#\\\/schema\\\/logo\\\/image\\\/\"},\"sameAs\":[\"https:\\\/\\\/www.facebook.com\\\/eltextual\",\"https:\\\/\\\/x.com\\\/eltextual\",\"http:\\\/\\\/www.instagram.com\\\/eltextual\"]},{\"@type\":\"Person\",\"@id\":\"https:\\\/\\\/diariotextual.com\\\/inicio\\\/#\\\/schema\\\/person\\\/a1b6f563e0ee944c60f98119389a4d9f\",\"name\":\"diario3\",\"image\":{\"@type\":\"ImageObject\",\"inLanguage\":\"es\",\"@id\":\"https:\\\/\\\/secure.gravatar.com\\\/avatar\\\/5e7ee62c82fc04d9dd79d746a390d93c69c43223e5faeeb3ea9461ef752bfc5d?s=96&d=mm&r=g\",\"url\":\"https:\\\/\\\/secure.gravatar.com\\\/avatar\\\/5e7ee62c82fc04d9dd79d746a390d93c69c43223e5faeeb3ea9461ef752bfc5d?s=96&d=mm&r=g\",\"contentUrl\":\"https:\\\/\\\/secure.gravatar.com\\\/avatar\\\/5e7ee62c82fc04d9dd79d746a390d93c69c43223e5faeeb3ea9461ef752bfc5d?s=96&d=mm&r=g\",\"caption\":\"diario3\"},\"url\":\"https:\\\/\\\/diariotextual.com\\\/inicio\\\/index.php\\\/author\\\/diario3\\\/\"}]}<\/script>\n<!-- \/ Yoast SEO plugin. -->","yoast_head_json":{"title":"Gil Dom\u00ednguez present\u00f3 un amparo contra el DNU de Milei - Diario Textual","robots":{"index":"index","follow":"follow","max-snippet":"max-snippet:-1","max-image-preview":"max-image-preview:large","max-video-preview":"max-video-preview:-1"},"canonical":"https:\/\/diariotextual.com\/inicio\/index.php\/2023\/12\/22\/gil-dominguez-presento-un-amparo-contra-el-dnu-de-milei\/","og_locale":"es_ES","og_type":"article","og_title":"Gil Dom\u00ednguez present\u00f3 un amparo contra el DNU de Milei - Diario Textual","og_description":"Dos presentaciones se sumaron al pedido de inconstitucionalidad del Decreto de Necesidad y Urgencia de Javier Milei ante la Justicia en lo Contencioso Administrativo Federal. La presentaci\u00f3n la hizo por&hellip;","og_url":"https:\/\/diariotextual.com\/inicio\/index.php\/2023\/12\/22\/gil-dominguez-presento-un-amparo-contra-el-dnu-de-milei\/","og_site_name":"Diario Textual","article_publisher":"https:\/\/www.facebook.com\/eltextual","article_published_time":"2023-12-22T19:51:24+00:00","article_modified_time":"2023-12-22T20:40:36+00:00","og_image":[{"width":1004,"height":565,"url":"https:\/\/diariotextual.com\/inicio\/wp-content\/uploads\/2021\/04\/gildominguezandres000888.jpg","type":"image\/jpeg"}],"author":"diario3","twitter_card":"summary_large_image","twitter_creator":"@eltextual","twitter_site":"@eltextual","twitter_misc":{"Escrito por":"diario3","Tiempo de lectura":"2 minutos"},"schema":{"@context":"https:\/\/schema.org","@graph":[{"@type":"Article","@id":"https:\/\/diariotextual.com\/inicio\/index.php\/2023\/12\/22\/gil-dominguez-presento-un-amparo-contra-el-dnu-de-milei\/#article","isPartOf":{"@id":"https:\/\/diariotextual.com\/inicio\/index.php\/2023\/12\/22\/gil-dominguez-presento-un-amparo-contra-el-dnu-de-milei\/"},"author":{"name":"diario3","@id":"https:\/\/diariotextual.com\/inicio\/#\/schema\/person\/a1b6f563e0ee944c60f98119389a4d9f"},"headline":"Gil Dom\u00ednguez present\u00f3 un amparo contra el DNU de Milei","datePublished":"2023-12-22T19:51:24+00:00","dateModified":"2023-12-22T20:40:36+00:00","mainEntityOfPage":{"@id":"https:\/\/diariotextual.com\/inicio\/index.php\/2023\/12\/22\/gil-dominguez-presento-un-amparo-contra-el-dnu-de-milei\/"},"wordCount":340,"publisher":{"@id":"https:\/\/diariotextual.com\/inicio\/#organization"},"image":{"@id":"https:\/\/diariotextual.com\/inicio\/index.php\/2023\/12\/22\/gil-dominguez-presento-un-amparo-contra-el-dnu-de-milei\/#primaryimage"},"thumbnailUrl":"https:\/\/diariotextual.com\/inicio\/wp-content\/uploads\/2021\/04\/gildominguezandres000888.jpg","keywords":["DNU","milei"],"articleSection":["A - ES NOTICIA (van abajo)","POLITICA"],"inLanguage":"es"},{"@type":"WebPage","@id":"https:\/\/diariotextual.com\/inicio\/index.php\/2023\/12\/22\/gil-dominguez-presento-un-amparo-contra-el-dnu-de-milei\/","url":"https:\/\/diariotextual.com\/inicio\/index.php\/2023\/12\/22\/gil-dominguez-presento-un-amparo-contra-el-dnu-de-milei\/","name":"Gil Dom\u00ednguez present\u00f3 un amparo contra el DNU de Milei - Diario Textual","isPartOf":{"@id":"https:\/\/diariotextual.com\/inicio\/#website"},"primaryImageOfPage":{"@id":"https:\/\/diariotextual.com\/inicio\/index.php\/2023\/12\/22\/gil-dominguez-presento-un-amparo-contra-el-dnu-de-milei\/#primaryimage"},"image":{"@id":"https:\/\/diariotextual.com\/inicio\/index.php\/2023\/12\/22\/gil-dominguez-presento-un-amparo-contra-el-dnu-de-milei\/#primaryimage"},"thumbnailUrl":"https:\/\/diariotextual.com\/inicio\/wp-content\/uploads\/2021\/04\/gildominguezandres000888.jpg","datePublished":"2023-12-22T19:51:24+00:00","dateModified":"2023-12-22T20:40:36+00:00","breadcrumb":{"@id":"https:\/\/diariotextual.com\/inicio\/index.php\/2023\/12\/22\/gil-dominguez-presento-un-amparo-contra-el-dnu-de-milei\/#breadcrumb"},"inLanguage":"es","potentialAction":[{"@type":"ReadAction","target":["https:\/\/diariotextual.com\/inicio\/index.php\/2023\/12\/22\/gil-dominguez-presento-un-amparo-contra-el-dnu-de-milei\/"]}]},{"@type":"ImageObject","inLanguage":"es","@id":"https:\/\/diariotextual.com\/inicio\/index.php\/2023\/12\/22\/gil-dominguez-presento-un-amparo-contra-el-dnu-de-milei\/#primaryimage","url":"https:\/\/diariotextual.com\/inicio\/wp-content\/uploads\/2021\/04\/gildominguezandres000888.jpg","contentUrl":"https:\/\/diariotextual.com\/inicio\/wp-content\/uploads\/2021\/04\/gildominguezandres000888.jpg","width":1004,"height":565},{"@type":"BreadcrumbList","@id":"https:\/\/diariotextual.com\/inicio\/index.php\/2023\/12\/22\/gil-dominguez-presento-un-amparo-contra-el-dnu-de-milei\/#breadcrumb","itemListElement":[{"@type":"ListItem","position":1,"name":"Portada","item":"https:\/\/diariotextual.com\/inicio\/"},{"@type":"ListItem","position":2,"name":"Gil Dom\u00ednguez present\u00f3 un amparo contra el DNU de Milei"}]},{"@type":"WebSite","@id":"https:\/\/diariotextual.com\/inicio\/#website","url":"https:\/\/diariotextual.com\/inicio\/","name":"Diario Textual","description":"","publisher":{"@id":"https:\/\/diariotextual.com\/inicio\/#organization"},"potentialAction":[{"@type":"SearchAction","target":{"@type":"EntryPoint","urlTemplate":"https:\/\/diariotextual.com\/inicio\/?s={search_term_string}"},"query-input":{"@type":"PropertyValueSpecification","valueRequired":true,"valueName":"search_term_string"}}],"inLanguage":"es"},{"@type":"Organization","@id":"https:\/\/diariotextual.com\/inicio\/#organization","name":"Diario Textual","url":"https:\/\/diariotextual.com\/inicio\/","logo":{"@type":"ImageObject","inLanguage":"es","@id":"https:\/\/diariotextual.com\/inicio\/#\/schema\/logo\/image\/","url":"https:\/\/diariotextual.com\/inicio\/wp-content\/uploads\/2023\/05\/logotextual1.jpg","contentUrl":"https:\/\/diariotextual.com\/inicio\/wp-content\/uploads\/2023\/05\/logotextual1.jpg","width":516,"height":76,"caption":"Diario Textual"},"image":{"@id":"https:\/\/diariotextual.com\/inicio\/#\/schema\/logo\/image\/"},"sameAs":["https:\/\/www.facebook.com\/eltextual","https:\/\/x.com\/eltextual","http:\/\/www.instagram.com\/eltextual"]},{"@type":"Person","@id":"https:\/\/diariotextual.com\/inicio\/#\/schema\/person\/a1b6f563e0ee944c60f98119389a4d9f","name":"diario3","image":{"@type":"ImageObject","inLanguage":"es","@id":"https:\/\/secure.gravatar.com\/avatar\/5e7ee62c82fc04d9dd79d746a390d93c69c43223e5faeeb3ea9461ef752bfc5d?s=96&d=mm&r=g","url":"https:\/\/secure.gravatar.com\/avatar\/5e7ee62c82fc04d9dd79d746a390d93c69c43223e5faeeb3ea9461ef752bfc5d?s=96&d=mm&r=g","contentUrl":"https:\/\/secure.gravatar.com\/avatar\/5e7ee62c82fc04d9dd79d746a390d93c69c43223e5faeeb3ea9461ef752bfc5d?s=96&d=mm&r=g","caption":"diario3"},"url":"https:\/\/diariotextual.com\/inicio\/index.php\/author\/diario3\/"}]}},"_links":{"self":[{"href":"https:\/\/diariotextual.com\/inicio\/index.php\/wp-json\/wp\/v2\/posts\/248969","targetHints":{"allow":["GET"]}}],"collection":[{"href":"https:\/\/diariotextual.com\/inicio\/index.php\/wp-json\/wp\/v2\/posts"}],"about":[{"href":"https:\/\/diariotextual.com\/inicio\/index.php\/wp-json\/wp\/v2\/types\/post"}],"author":[{"embeddable":true,"href":"https:\/\/diariotextual.com\/inicio\/index.php\/wp-json\/wp\/v2\/users\/5"}],"replies":[{"embeddable":true,"href":"https:\/\/diariotextual.com\/inicio\/index.php\/wp-json\/wp\/v2\/comments?post=248969"}],"version-history":[{"count":2,"href":"https:\/\/diariotextual.com\/inicio\/index.php\/wp-json\/wp\/v2\/posts\/248969\/revisions"}],"predecessor-version":[{"id":248971,"href":"https:\/\/diariotextual.com\/inicio\/index.php\/wp-json\/wp\/v2\/posts\/248969\/revisions\/248971"}],"wp:featuredmedia":[{"embeddable":true,"href":"https:\/\/diariotextual.com\/inicio\/index.php\/wp-json\/wp\/v2\/media\/142614"}],"wp:attachment":[{"href":"https:\/\/diariotextual.com\/inicio\/index.php\/wp-json\/wp\/v2\/media?parent=248969"}],"wp:term":[{"taxonomy":"category","embeddable":true,"href":"https:\/\/diariotextual.com\/inicio\/index.php\/wp-json\/wp\/v2\/categories?post=248969"},{"taxonomy":"post_tag","embeddable":true,"href":"https:\/\/diariotextual.com\/inicio\/index.php\/wp-json\/wp\/v2\/tags?post=248969"}],"curies":[{"name":"wp","href":"https:\/\/api.w.org\/{rel}","templated":true}]}}