{"id":248982,"date":"2023-12-23T00:49:08","date_gmt":"2023-12-23T03:49:08","guid":{"rendered":"https:\/\/diariotextual.com\/inicio\/?p=248982"},"modified":"2023-12-23T10:43:59","modified_gmt":"2023-12-23T13:43:59","slug":"milei-llamo-a-extraordinarias-incluyo-la-reversion-de-ganancias-y-la-reforma-del-estado","status":"publish","type":"post","link":"https:\/\/diariotextual.com\/inicio\/index.php\/2023\/12\/23\/milei-llamo-a-extraordinarias-incluyo-la-reversion-de-ganancias-y-la-reforma-del-estado\/","title":{"rendered":"Milei llam\u00f3 a extraordinarias: incluy\u00f3 la reversi\u00f3n de Ganancias y la Reforma del Estado"},"content":{"rendered":"\n<p>El presidente\u00a0<strong>Javier Milei<\/strong>\u00a0firm\u00f3 este viernes el decreto convocando a sesiones extraordinarias del Congreso\u00a0<strong>desde el 26 de diciembre hasta el 31 de enero<\/strong>\u00a0para tratar el anticipado proyecto \u201c<strong>\u00f3mnibus<\/strong>\u201d que incluye la reversi\u00f3n del impuesto a las\u00a0<strong>Ganancias<\/strong>, la eliminaci\u00f3n de las\u00a0<strong>PASO<\/strong>, los cambios en la\u00a0<strong>movilidad jubilatoria\u00a0<\/strong>y otras reformas impositivas.<\/p>\n\n\n\n<p>Esta tercera tanda de medidas, se sumar\u00e1 al programa de emergencia anunciado por Luis Caputo y el DNU que se public\u00f3 el mi\u00e9rcoles en el Bolet\u00edn Oficial. Seg\u00fan dejaron trascender desde la Casa Rosada, las reformas, de \u00edndole pol\u00edtica, econ\u00f3mica y administrativa, finalmente no se presentar\u00edan en varios paquetes como hab\u00eda pedido la oposici\u00f3n, sino en&nbsp;<strong>un solo documento unificado.<\/strong><\/p>\n\n\n\n<p>El\u00a0<strong>temario\u00a0<\/strong>detalla los proyectos que se abordar\u00e1n durante poco m\u00e1s de un mes:<\/p>\n\n\n\n<p>1- Proyecto de Ley de&nbsp;<strong>reforma de las funciones del Estado.<\/strong><\/p>\n\n\n\n<p>2- Proyecto de Ley modificatorio de su similar N\u00b0 19.945 respecto de establecer la<strong>\u00a0Boleta \u00danica de Papel\u00a0<\/strong>(Exp. Senado 4-CD-22).<\/p>\n\n\n\n<p>3- Proyecto de \u201c<strong>Ley de Impuestos a Ingresos Personales<\/strong>\u201d<\/p>\n\n\n\n<p>4- Proyecto de Ley por el cual se solicita autorizaci\u00f3n para que el se\u00f1or Presidente de la Naci\u00f3n pueda ausentarse del pa\u00eds durante el a\u00f1o 2024, cuando razones de gobierno lo requieran.<\/p>\n\n\n\n<p>5- Proyecto de Ley por el cual se aprueba el Convenio entre la Rep\u00fablica Argentina y&nbsp;<strong>Jap\u00f3n&nbsp;<\/strong>para la Eliminaci\u00f3n de la Doble Imposici\u00f3n con respecto a los Impuestos sobre la Renta y la Prevenci\u00f3n de la Evasi\u00f3n y la Elusi\u00f3n Fiscal, suscripto en la Ciudad de Osaka, Jap\u00f3n, el 27 de junio de 2019 (Msje. 230\/19).<\/p>\n\n\n\n<p>6- Proyecto de Ley por el cual se aprueba el Convenio entre la Rep\u00fablica Argentina y el&nbsp;<strong>Gran Ducado de Luxemburgo<\/strong>&nbsp;para la Eliminaci\u00f3n de la Doble Imposici\u00f3n con respecto a los Impuestos sobre la Renta y sobre el Patrimonio y la Prevenci\u00f3n de la Evasi\u00f3n y Elusi\u00f3n Fiscal, suscripto en la Ciudad de Washington, Estados Unidos de Am\u00e9rica, el 13 de abril de 2019 (Msje. 120\/19).<\/p>\n\n\n\n<p>7- Proyecto de Ley por el cual se aprueba el Acuerdo entre la Rep\u00fablica Argentina y la&nbsp;<strong>Rep\u00fablica Popular China<\/strong>&nbsp;para la Eliminaci\u00f3n de la Doble Imposici\u00f3n con respecto a los Impuestos sobre la Renta y sobre el Patrimonio y la Prevenci\u00f3n de la Evasi\u00f3n y Elusi\u00f3n Fiscal y su Protocolo, suscriptos en la Ciudad Aut\u00f3noma de Buenos Aires el 2 de diciembre de 2018 (Msje. 99\/19).<\/p>\n\n\n\n<p>8- Proyecto de Ley por el cual se aprueba el Acuerdo para la Promoci\u00f3n y Protecci\u00f3n Rec\u00edproca de Inversiones entre la Rep\u00fablica Argentina y los&nbsp;<strong>Emiratos \u00c1rabes Unidos,&nbsp;<\/strong>suscripto en la ciudad de Abu Dhabi, Emiratos \u00c1rabes Unidos, el 16 de abril de 2018 (Msje. 133\/19).<\/p>\n\n\n\n<p>9- Proyecto de Ley por el cual se aprueba el Acuerdo entre la Rep\u00fablica Argentina y la&nbsp;<strong>Rep\u00fablica de Turqu\u00eda&nbsp;<\/strong>para Evitar la Doble Imposici\u00f3n en Materia de Tributos sobre la Renta y para Prevenir la Evasi\u00f3n y la Elusi\u00f3n Fiscal y su Protocolo, suscriptos en la Ciudad Aut\u00f3noma de Buenos Aires el 1\u00b0 de diciembre de 2018 (Msje. 98\/19).<\/p>\n\n\n\n<p>10- Consideraci\u00f3n de Tratados, Convenios y Acuerdos Internacionales.<\/p>\n\n\n\n<p>11- Consideraci\u00f3n de Acuerdos para designaciones y promociones, y su retiro.<\/p>\n\n\n\n<p>Desconfiados con el apoyo de sus incipientes aliados del PRO, en el entorno del jefe de Estado quieren evitar que el Congreso \u201centorpezca\u201d el tratamiento con se\u00f1alamientos y maniobras legislativas, y advierten que en caso de que se pongan trabas no dudar\u00e1n en avanzar por medio de nuevos DNU.<\/p>\n\n\n\n<p>En los primeros d\u00edas post-balotaje, Milei hab\u00eda dejado trascender que ten\u00eda planeado convocar a Extraordinarias apenas despu\u00e9s de asumir, el 11 o el 12 de diciembre. Pero el llamado se fue postergando debido a que los equipos t\u00e9cnicos no hab\u00edan terminado el contenido del proyecto de ley.<\/p>\n\n\n\n<p>Ayer, el ministro del Interior,&nbsp;<strong>Guillermo Francos,<\/strong>&nbsp;encargado de la relaci\u00f3n con los gobernadores, estuvo en el palacio del Congreso con los legisladores que responden a Milei, incluidos&nbsp;<strong>Victoria Villarruel y Mart\u00edn Menem<\/strong>, para sumar lineamientos a la estrategia legislativa que planea el Ejecutivo. El martes hab\u00eda recibido a los gobernadores junto a Milei en la Casa Rosada, donde les pidieron apoyo tanto para el DNU como para el paquete de medidas. El primero es fuertemente resistido por el kirchnerismo, principalmente por el contenido, que desregula profundamente la econom\u00eda y las relaciones contractuales. Pero tambi\u00e9n por los sectores \u201cblandos\u201d del PRO y la UCR, que si bien muestran acuerdo con el grueso de la reforma, cuestionan que se busque pasarlas por la v\u00eda de un decreto en lugar de que se trate por los canales institucionales de las C\u00e1maras.<\/p>\n","protected":false},"excerpt":{"rendered":"<p>El presidente\u00a0Javier Milei\u00a0firm\u00f3 este viernes el decreto convocando a sesiones extraordinarias del Congreso\u00a0desde el 26 de diciembre hasta el 31 de enero\u00a0para tratar el anticipado proyecto \u201c\u00f3mnibus\u201d que incluye la&hellip;<\/p>\n","protected":false},"author":3,"featured_media":245045,"comment_status":"closed","ping_status":"open","sticky":false,"template":"","format":"standard","meta":{"_acf_changed":false,"footnotes":""},"categories":[1,8],"tags":[],"class_list":["post-248982","post","type-post","status-publish","format-standard","has-post-thumbnail","hentry","category-es-noticia","category-politica"],"acf":[],"yoast_head":"<!-- This site is optimized with the Yoast SEO plugin v27.5 - https:\/\/yoast.com\/product\/yoast-seo-wordpress\/ -->\n<title>Milei llam\u00f3 a extraordinarias: incluy\u00f3 la reversi\u00f3n de Ganancias y la Reforma del Estado - Diario Textual<\/title>\n<meta name=\"robots\" content=\"index, follow, max-snippet:-1, max-image-preview:large, max-video-preview:-1\" \/>\n<link rel=\"canonical\" href=\"https:\/\/diariotextual.com\/inicio\/index.php\/2023\/12\/23\/milei-llamo-a-extraordinarias-incluyo-la-reversion-de-ganancias-y-la-reforma-del-estado\/\" \/>\n<meta property=\"og:locale\" content=\"es_ES\" \/>\n<meta property=\"og:type\" content=\"article\" \/>\n<meta property=\"og:title\" content=\"Milei llam\u00f3 a extraordinarias: incluy\u00f3 la reversi\u00f3n de Ganancias y la Reforma del Estado - Diario Textual\" \/>\n<meta property=\"og:description\" content=\"El presidente\u00a0Javier Milei\u00a0firm\u00f3 este viernes el decreto convocando a sesiones extraordinarias del Congreso\u00a0desde el 26 de diciembre hasta el 31 de enero\u00a0para tratar el anticipado proyecto \u201c\u00f3mnibus\u201d que incluye la&hellip;\" \/>\n<meta property=\"og:url\" content=\"https:\/\/diariotextual.com\/inicio\/index.php\/2023\/12\/23\/milei-llamo-a-extraordinarias-incluyo-la-reversion-de-ganancias-y-la-reforma-del-estado\/\" \/>\n<meta property=\"og:site_name\" content=\"Diario Textual\" \/>\n<meta property=\"article:publisher\" content=\"https:\/\/www.facebook.com\/eltextual\" \/>\n<meta property=\"article:published_time\" content=\"2023-12-23T03:49:08+00:00\" \/>\n<meta property=\"article:modified_time\" content=\"2023-12-23T13:43:59+00:00\" \/>\n<meta property=\"og:image\" content=\"https:\/\/diariotextual.com\/inicio\/wp-content\/uploads\/2023\/11\/mileijaviertelam2023-567.jpg\" \/>\n\t<meta property=\"og:image:width\" content=\"1200\" \/>\n\t<meta property=\"og:image:height\" content=\"675\" \/>\n\t<meta property=\"og:image:type\" content=\"image\/jpeg\" \/>\n<meta name=\"author\" content=\"Diario1 Diario1\" \/>\n<meta name=\"twitter:card\" content=\"summary_large_image\" \/>\n<meta name=\"twitter:creator\" content=\"@eltextual\" \/>\n<meta name=\"twitter:site\" content=\"@eltextual\" \/>\n<meta name=\"twitter:label1\" content=\"Escrito por\" \/>\n\t<meta name=\"twitter:data1\" content=\"Diario1 Diario1\" \/>\n\t<meta name=\"twitter:label2\" content=\"Tiempo de lectura\" \/>\n\t<meta name=\"twitter:data2\" content=\"4 minutos\" \/>\n<script type=\"application\/ld+json\" class=\"yoast-schema-graph\">{\"@context\":\"https:\\\/\\\/schema.org\",\"@graph\":[{\"@type\":\"Article\",\"@id\":\"https:\\\/\\\/diariotextual.com\\\/inicio\\\/index.php\\\/2023\\\/12\\\/23\\\/milei-llamo-a-extraordinarias-incluyo-la-reversion-de-ganancias-y-la-reforma-del-estado\\\/#article\",\"isPartOf\":{\"@id\":\"https:\\\/\\\/diariotextual.com\\\/inicio\\\/index.php\\\/2023\\\/12\\\/23\\\/milei-llamo-a-extraordinarias-incluyo-la-reversion-de-ganancias-y-la-reforma-del-estado\\\/\"},\"author\":{\"name\":\"Diario1 Diario1\",\"@id\":\"https:\\\/\\\/diariotextual.com\\\/inicio\\\/#\\\/schema\\\/person\\\/418fc4093c33e86ed41562db3508f958\"},\"headline\":\"Milei llam\u00f3 a extraordinarias: incluy\u00f3 la reversi\u00f3n de Ganancias y la Reforma del Estado\",\"datePublished\":\"2023-12-23T03:49:08+00:00\",\"dateModified\":\"2023-12-23T13:43:59+00:00\",\"mainEntityOfPage\":{\"@id\":\"https:\\\/\\\/diariotextual.com\\\/inicio\\\/index.php\\\/2023\\\/12\\\/23\\\/milei-llamo-a-extraordinarias-incluyo-la-reversion-de-ganancias-y-la-reforma-del-estado\\\/\"},\"wordCount\":830,\"publisher\":{\"@id\":\"https:\\\/\\\/diariotextual.com\\\/inicio\\\/#organization\"},\"image\":{\"@id\":\"https:\\\/\\\/diariotextual.com\\\/inicio\\\/index.php\\\/2023\\\/12\\\/23\\\/milei-llamo-a-extraordinarias-incluyo-la-reversion-de-ganancias-y-la-reforma-del-estado\\\/#primaryimage\"},\"thumbnailUrl\":\"https:\\\/\\\/diariotextual.com\\\/inicio\\\/wp-content\\\/uploads\\\/2023\\\/11\\\/mileijaviertelam2023-567.jpg\",\"articleSection\":[\"A - ES NOTICIA (van abajo)\",\"POLITICA\"],\"inLanguage\":\"es\"},{\"@type\":\"WebPage\",\"@id\":\"https:\\\/\\\/diariotextual.com\\\/inicio\\\/index.php\\\/2023\\\/12\\\/23\\\/milei-llamo-a-extraordinarias-incluyo-la-reversion-de-ganancias-y-la-reforma-del-estado\\\/\",\"url\":\"https:\\\/\\\/diariotextual.com\\\/inicio\\\/index.php\\\/2023\\\/12\\\/23\\\/milei-llamo-a-extraordinarias-incluyo-la-reversion-de-ganancias-y-la-reforma-del-estado\\\/\",\"name\":\"Milei llam\u00f3 a extraordinarias: incluy\u00f3 la reversi\u00f3n de Ganancias y la Reforma del Estado - Diario Textual\",\"isPartOf\":{\"@id\":\"https:\\\/\\\/diariotextual.com\\\/inicio\\\/#website\"},\"primaryImageOfPage\":{\"@id\":\"https:\\\/\\\/diariotextual.com\\\/inicio\\\/index.php\\\/2023\\\/12\\\/23\\\/milei-llamo-a-extraordinarias-incluyo-la-reversion-de-ganancias-y-la-reforma-del-estado\\\/#primaryimage\"},\"image\":{\"@id\":\"https:\\\/\\\/diariotextual.com\\\/inicio\\\/index.php\\\/2023\\\/12\\\/23\\\/milei-llamo-a-extraordinarias-incluyo-la-reversion-de-ganancias-y-la-reforma-del-estado\\\/#primaryimage\"},\"thumbnailUrl\":\"https:\\\/\\\/diariotextual.com\\\/inicio\\\/wp-content\\\/uploads\\\/2023\\\/11\\\/mileijaviertelam2023-567.jpg\",\"datePublished\":\"2023-12-23T03:49:08+00:00\",\"dateModified\":\"2023-12-23T13:43:59+00:00\",\"breadcrumb\":{\"@id\":\"https:\\\/\\\/diariotextual.com\\\/inicio\\\/index.php\\\/2023\\\/12\\\/23\\\/milei-llamo-a-extraordinarias-incluyo-la-reversion-de-ganancias-y-la-reforma-del-estado\\\/#breadcrumb\"},\"inLanguage\":\"es\",\"potentialAction\":[{\"@type\":\"ReadAction\",\"target\":[\"https:\\\/\\\/diariotextual.com\\\/inicio\\\/index.php\\\/2023\\\/12\\\/23\\\/milei-llamo-a-extraordinarias-incluyo-la-reversion-de-ganancias-y-la-reforma-del-estado\\\/\"]}]},{\"@type\":\"ImageObject\",\"inLanguage\":\"es\",\"@id\":\"https:\\\/\\\/diariotextual.com\\\/inicio\\\/index.php\\\/2023\\\/12\\\/23\\\/milei-llamo-a-extraordinarias-incluyo-la-reversion-de-ganancias-y-la-reforma-del-estado\\\/#primaryimage\",\"url\":\"https:\\\/\\\/diariotextual.com\\\/inicio\\\/wp-content\\\/uploads\\\/2023\\\/11\\\/mileijaviertelam2023-567.jpg\",\"contentUrl\":\"https:\\\/\\\/diariotextual.com\\\/inicio\\\/wp-content\\\/uploads\\\/2023\\\/11\\\/mileijaviertelam2023-567.jpg\",\"width\":1200,\"height\":675},{\"@type\":\"BreadcrumbList\",\"@id\":\"https:\\\/\\\/diariotextual.com\\\/inicio\\\/index.php\\\/2023\\\/12\\\/23\\\/milei-llamo-a-extraordinarias-incluyo-la-reversion-de-ganancias-y-la-reforma-del-estado\\\/#breadcrumb\",\"itemListElement\":[{\"@type\":\"ListItem\",\"position\":1,\"name\":\"Portada\",\"item\":\"https:\\\/\\\/diariotextual.com\\\/inicio\\\/\"},{\"@type\":\"ListItem\",\"position\":2,\"name\":\"Milei llam\u00f3 a extraordinarias: incluy\u00f3 la reversi\u00f3n de Ganancias y la Reforma del Estado\"}]},{\"@type\":\"WebSite\",\"@id\":\"https:\\\/\\\/diariotextual.com\\\/inicio\\\/#website\",\"url\":\"https:\\\/\\\/diariotextual.com\\\/inicio\\\/\",\"name\":\"Diario Textual\",\"description\":\"\",\"publisher\":{\"@id\":\"https:\\\/\\\/diariotextual.com\\\/inicio\\\/#organization\"},\"potentialAction\":[{\"@type\":\"SearchAction\",\"target\":{\"@type\":\"EntryPoint\",\"urlTemplate\":\"https:\\\/\\\/diariotextual.com\\\/inicio\\\/?s={search_term_string}\"},\"query-input\":{\"@type\":\"PropertyValueSpecification\",\"valueRequired\":true,\"valueName\":\"search_term_string\"}}],\"inLanguage\":\"es\"},{\"@type\":\"Organization\",\"@id\":\"https:\\\/\\\/diariotextual.com\\\/inicio\\\/#organization\",\"name\":\"Diario Textual\",\"url\":\"https:\\\/\\\/diariotextual.com\\\/inicio\\\/\",\"logo\":{\"@type\":\"ImageObject\",\"inLanguage\":\"es\",\"@id\":\"https:\\\/\\\/diariotextual.com\\\/inicio\\\/#\\\/schema\\\/logo\\\/image\\\/\",\"url\":\"https:\\\/\\\/diariotextual.com\\\/inicio\\\/wp-content\\\/uploads\\\/2023\\\/05\\\/logotextual1.jpg\",\"contentUrl\":\"https:\\\/\\\/diariotextual.com\\\/inicio\\\/wp-content\\\/uploads\\\/2023\\\/05\\\/logotextual1.jpg\",\"width\":516,\"height\":76,\"caption\":\"Diario Textual\"},\"image\":{\"@id\":\"https:\\\/\\\/diariotextual.com\\\/inicio\\\/#\\\/schema\\\/logo\\\/image\\\/\"},\"sameAs\":[\"https:\\\/\\\/www.facebook.com\\\/eltextual\",\"https:\\\/\\\/x.com\\\/eltextual\",\"http:\\\/\\\/www.instagram.com\\\/eltextual\"]},{\"@type\":\"Person\",\"@id\":\"https:\\\/\\\/diariotextual.com\\\/inicio\\\/#\\\/schema\\\/person\\\/418fc4093c33e86ed41562db3508f958\",\"name\":\"Diario1 Diario1\",\"image\":{\"@type\":\"ImageObject\",\"inLanguage\":\"es\",\"@id\":\"https:\\\/\\\/secure.gravatar.com\\\/avatar\\\/9167d280179c85bc18be67aa7eda765854300033af4896dd779b608640f2ef7a?s=96&d=mm&r=g\",\"url\":\"https:\\\/\\\/secure.gravatar.com\\\/avatar\\\/9167d280179c85bc18be67aa7eda765854300033af4896dd779b608640f2ef7a?s=96&d=mm&r=g\",\"contentUrl\":\"https:\\\/\\\/secure.gravatar.com\\\/avatar\\\/9167d280179c85bc18be67aa7eda765854300033af4896dd779b608640f2ef7a?s=96&d=mm&r=g\",\"caption\":\"Diario1 Diario1\"},\"url\":\"https:\\\/\\\/diariotextual.com\\\/inicio\\\/index.php\\\/author\\\/diario1\\\/\"}]}<\/script>\n<!-- \/ Yoast SEO plugin. -->","yoast_head_json":{"title":"Milei llam\u00f3 a extraordinarias: incluy\u00f3 la reversi\u00f3n de Ganancias y la Reforma del Estado - Diario Textual","robots":{"index":"index","follow":"follow","max-snippet":"max-snippet:-1","max-image-preview":"max-image-preview:large","max-video-preview":"max-video-preview:-1"},"canonical":"https:\/\/diariotextual.com\/inicio\/index.php\/2023\/12\/23\/milei-llamo-a-extraordinarias-incluyo-la-reversion-de-ganancias-y-la-reforma-del-estado\/","og_locale":"es_ES","og_type":"article","og_title":"Milei llam\u00f3 a extraordinarias: incluy\u00f3 la reversi\u00f3n de Ganancias y la Reforma del Estado - Diario Textual","og_description":"El presidente\u00a0Javier Milei\u00a0firm\u00f3 este viernes el decreto convocando a sesiones extraordinarias del Congreso\u00a0desde el 26 de diciembre hasta el 31 de enero\u00a0para tratar el anticipado proyecto \u201c\u00f3mnibus\u201d que incluye la&hellip;","og_url":"https:\/\/diariotextual.com\/inicio\/index.php\/2023\/12\/23\/milei-llamo-a-extraordinarias-incluyo-la-reversion-de-ganancias-y-la-reforma-del-estado\/","og_site_name":"Diario Textual","article_publisher":"https:\/\/www.facebook.com\/eltextual","article_published_time":"2023-12-23T03:49:08+00:00","article_modified_time":"2023-12-23T13:43:59+00:00","og_image":[{"width":1200,"height":675,"url":"https:\/\/diariotextual.com\/inicio\/wp-content\/uploads\/2023\/11\/mileijaviertelam2023-567.jpg","type":"image\/jpeg"}],"author":"Diario1 Diario1","twitter_card":"summary_large_image","twitter_creator":"@eltextual","twitter_site":"@eltextual","twitter_misc":{"Escrito por":"Diario1 Diario1","Tiempo de lectura":"4 minutos"},"schema":{"@context":"https:\/\/schema.org","@graph":[{"@type":"Article","@id":"https:\/\/diariotextual.com\/inicio\/index.php\/2023\/12\/23\/milei-llamo-a-extraordinarias-incluyo-la-reversion-de-ganancias-y-la-reforma-del-estado\/#article","isPartOf":{"@id":"https:\/\/diariotextual.com\/inicio\/index.php\/2023\/12\/23\/milei-llamo-a-extraordinarias-incluyo-la-reversion-de-ganancias-y-la-reforma-del-estado\/"},"author":{"name":"Diario1 Diario1","@id":"https:\/\/diariotextual.com\/inicio\/#\/schema\/person\/418fc4093c33e86ed41562db3508f958"},"headline":"Milei llam\u00f3 a extraordinarias: incluy\u00f3 la reversi\u00f3n de Ganancias y la Reforma del Estado","datePublished":"2023-12-23T03:49:08+00:00","dateModified":"2023-12-23T13:43:59+00:00","mainEntityOfPage":{"@id":"https:\/\/diariotextual.com\/inicio\/index.php\/2023\/12\/23\/milei-llamo-a-extraordinarias-incluyo-la-reversion-de-ganancias-y-la-reforma-del-estado\/"},"wordCount":830,"publisher":{"@id":"https:\/\/diariotextual.com\/inicio\/#organization"},"image":{"@id":"https:\/\/diariotextual.com\/inicio\/index.php\/2023\/12\/23\/milei-llamo-a-extraordinarias-incluyo-la-reversion-de-ganancias-y-la-reforma-del-estado\/#primaryimage"},"thumbnailUrl":"https:\/\/diariotextual.com\/inicio\/wp-content\/uploads\/2023\/11\/mileijaviertelam2023-567.jpg","articleSection":["A - ES NOTICIA (van abajo)","POLITICA"],"inLanguage":"es"},{"@type":"WebPage","@id":"https:\/\/diariotextual.com\/inicio\/index.php\/2023\/12\/23\/milei-llamo-a-extraordinarias-incluyo-la-reversion-de-ganancias-y-la-reforma-del-estado\/","url":"https:\/\/diariotextual.com\/inicio\/index.php\/2023\/12\/23\/milei-llamo-a-extraordinarias-incluyo-la-reversion-de-ganancias-y-la-reforma-del-estado\/","name":"Milei llam\u00f3 a extraordinarias: incluy\u00f3 la reversi\u00f3n de Ganancias y la Reforma del Estado - Diario Textual","isPartOf":{"@id":"https:\/\/diariotextual.com\/inicio\/#website"},"primaryImageOfPage":{"@id":"https:\/\/diariotextual.com\/inicio\/index.php\/2023\/12\/23\/milei-llamo-a-extraordinarias-incluyo-la-reversion-de-ganancias-y-la-reforma-del-estado\/#primaryimage"},"image":{"@id":"https:\/\/diariotextual.com\/inicio\/index.php\/2023\/12\/23\/milei-llamo-a-extraordinarias-incluyo-la-reversion-de-ganancias-y-la-reforma-del-estado\/#primaryimage"},"thumbnailUrl":"https:\/\/diariotextual.com\/inicio\/wp-content\/uploads\/2023\/11\/mileijaviertelam2023-567.jpg","datePublished":"2023-12-23T03:49:08+00:00","dateModified":"2023-12-23T13:43:59+00:00","breadcrumb":{"@id":"https:\/\/diariotextual.com\/inicio\/index.php\/2023\/12\/23\/milei-llamo-a-extraordinarias-incluyo-la-reversion-de-ganancias-y-la-reforma-del-estado\/#breadcrumb"},"inLanguage":"es","potentialAction":[{"@type":"ReadAction","target":["https:\/\/diariotextual.com\/inicio\/index.php\/2023\/12\/23\/milei-llamo-a-extraordinarias-incluyo-la-reversion-de-ganancias-y-la-reforma-del-estado\/"]}]},{"@type":"ImageObject","inLanguage":"es","@id":"https:\/\/diariotextual.com\/inicio\/index.php\/2023\/12\/23\/milei-llamo-a-extraordinarias-incluyo-la-reversion-de-ganancias-y-la-reforma-del-estado\/#primaryimage","url":"https:\/\/diariotextual.com\/inicio\/wp-content\/uploads\/2023\/11\/mileijaviertelam2023-567.jpg","contentUrl":"https:\/\/diariotextual.com\/inicio\/wp-content\/uploads\/2023\/11\/mileijaviertelam2023-567.jpg","width":1200,"height":675},{"@type":"BreadcrumbList","@id":"https:\/\/diariotextual.com\/inicio\/index.php\/2023\/12\/23\/milei-llamo-a-extraordinarias-incluyo-la-reversion-de-ganancias-y-la-reforma-del-estado\/#breadcrumb","itemListElement":[{"@type":"ListItem","position":1,"name":"Portada","item":"https:\/\/diariotextual.com\/inicio\/"},{"@type":"ListItem","position":2,"name":"Milei llam\u00f3 a extraordinarias: incluy\u00f3 la reversi\u00f3n de Ganancias y la Reforma del Estado"}]},{"@type":"WebSite","@id":"https:\/\/diariotextual.com\/inicio\/#website","url":"https:\/\/diariotextual.com\/inicio\/","name":"Diario Textual","description":"","publisher":{"@id":"https:\/\/diariotextual.com\/inicio\/#organization"},"potentialAction":[{"@type":"SearchAction","target":{"@type":"EntryPoint","urlTemplate":"https:\/\/diariotextual.com\/inicio\/?s={search_term_string}"},"query-input":{"@type":"PropertyValueSpecification","valueRequired":true,"valueName":"search_term_string"}}],"inLanguage":"es"},{"@type":"Organization","@id":"https:\/\/diariotextual.com\/inicio\/#organization","name":"Diario Textual","url":"https:\/\/diariotextual.com\/inicio\/","logo":{"@type":"ImageObject","inLanguage":"es","@id":"https:\/\/diariotextual.com\/inicio\/#\/schema\/logo\/image\/","url":"https:\/\/diariotextual.com\/inicio\/wp-content\/uploads\/2023\/05\/logotextual1.jpg","contentUrl":"https:\/\/diariotextual.com\/inicio\/wp-content\/uploads\/2023\/05\/logotextual1.jpg","width":516,"height":76,"caption":"Diario Textual"},"image":{"@id":"https:\/\/diariotextual.com\/inicio\/#\/schema\/logo\/image\/"},"sameAs":["https:\/\/www.facebook.com\/eltextual","https:\/\/x.com\/eltextual","http:\/\/www.instagram.com\/eltextual"]},{"@type":"Person","@id":"https:\/\/diariotextual.com\/inicio\/#\/schema\/person\/418fc4093c33e86ed41562db3508f958","name":"Diario1 Diario1","image":{"@type":"ImageObject","inLanguage":"es","@id":"https:\/\/secure.gravatar.com\/avatar\/9167d280179c85bc18be67aa7eda765854300033af4896dd779b608640f2ef7a?s=96&d=mm&r=g","url":"https:\/\/secure.gravatar.com\/avatar\/9167d280179c85bc18be67aa7eda765854300033af4896dd779b608640f2ef7a?s=96&d=mm&r=g","contentUrl":"https:\/\/secure.gravatar.com\/avatar\/9167d280179c85bc18be67aa7eda765854300033af4896dd779b608640f2ef7a?s=96&d=mm&r=g","caption":"Diario1 Diario1"},"url":"https:\/\/diariotextual.com\/inicio\/index.php\/author\/diario1\/"}]}},"_links":{"self":[{"href":"https:\/\/diariotextual.com\/inicio\/index.php\/wp-json\/wp\/v2\/posts\/248982","targetHints":{"allow":["GET"]}}],"collection":[{"href":"https:\/\/diariotextual.com\/inicio\/index.php\/wp-json\/wp\/v2\/posts"}],"about":[{"href":"https:\/\/diariotextual.com\/inicio\/index.php\/wp-json\/wp\/v2\/types\/post"}],"author":[{"embeddable":true,"href":"https:\/\/diariotextual.com\/inicio\/index.php\/wp-json\/wp\/v2\/users\/3"}],"replies":[{"embeddable":true,"href":"https:\/\/diariotextual.com\/inicio\/index.php\/wp-json\/wp\/v2\/comments?post=248982"}],"version-history":[{"count":1,"href":"https:\/\/diariotextual.com\/inicio\/index.php\/wp-json\/wp\/v2\/posts\/248982\/revisions"}],"predecessor-version":[{"id":248983,"href":"https:\/\/diariotextual.com\/inicio\/index.php\/wp-json\/wp\/v2\/posts\/248982\/revisions\/248983"}],"wp:featuredmedia":[{"embeddable":true,"href":"https:\/\/diariotextual.com\/inicio\/index.php\/wp-json\/wp\/v2\/media\/245045"}],"wp:attachment":[{"href":"https:\/\/diariotextual.com\/inicio\/index.php\/wp-json\/wp\/v2\/media?parent=248982"}],"wp:term":[{"taxonomy":"category","embeddable":true,"href":"https:\/\/diariotextual.com\/inicio\/index.php\/wp-json\/wp\/v2\/categories?post=248982"},{"taxonomy":"post_tag","embeddable":true,"href":"https:\/\/diariotextual.com\/inicio\/index.php\/wp-json\/wp\/v2\/tags?post=248982"}],"curies":[{"name":"wp","href":"https:\/\/api.w.org\/{rel}","templated":true}]}}