{"id":249024,"date":"2023-12-24T08:13:13","date_gmt":"2023-12-24T11:13:13","guid":{"rendered":"https:\/\/diariotextual.com\/inicio\/?p=249024"},"modified":"2023-12-24T13:48:07","modified_gmt":"2023-12-24T16:48:07","slug":"la-justicia-ya-tramita-el-primer-amparo-colectivo-contra-el-dnu-de-javier-milei","status":"publish","type":"post","link":"https:\/\/diariotextual.com\/inicio\/index.php\/2023\/12\/24\/la-justicia-ya-tramita-el-primer-amparo-colectivo-contra-el-dnu-de-javier-milei\/","title":{"rendered":"La Justicia ya tramita el primer amparo colectivo contra el DNU de Javier Milei"},"content":{"rendered":"\n<p>Un juzgado federal se dispuso a analizar la validez del Decreto de Necesidad y Urgencia (DNU) de desregulaci\u00f3n de la econom\u00eda que anunci\u00f3 el presidente<strong> Javier Milei <\/strong>esta semana. Fue tras la petici\u00f3n de una organizaci\u00f3n que present\u00f3 un amparo colectivo contra la medida del mandatario nacional, lo que se convierte en la primera acci\u00f3n de este tipo contra el DNU 70\/2023.<\/p>\n\n\n\n<p>Ayer a la ma\u00f1ana el Juzgado Nacional en lo Contencioso Administrativo Federal N\u00b02, a cargo de Esteban Furnari, resolvi\u00f3 admitir la acci\u00f3n iniciada por el Observatorio de del Derecho a la Ciudad como amparo colectivo, y en consecuencia, ordenar su inscripci\u00f3n en el Registro de Procesos Colectivos.<\/p>\n\n\n\n<p>La acci\u00f3n iniciada por el Observatorio del Derecho a la Ciudad en conjunto con los pol\u00edticos Hugo \u201cCachorro\u201d Godoy, Claudio Lozano y Rodolfo Aguiar, fue presentada el mismo d\u00eda que se public\u00f3 el decreto en cuesti\u00f3n.<\/p>\n\n\n\n<p>En el texto argumentaron que la iniciativa del Gobierno nacional constituye una \u201cdesviaci\u00f3n de poder y un abuso de derecho p\u00fablico, por violar el principio republicano, la divisi\u00f3n de poderes, la democracia, el principio de reserva de ley y los derechos colectivos de la ciudadan\u00eda argentina a la participaci\u00f3n en la direcci\u00f3n de los asuntos p\u00fablicos directamente o a trav\u00e9s de sus representantes\u201d.<\/p>\n\n\n\n<p>Los denunciantes pretender obtener la declaraci\u00f3n de inconstitucionalidad y la nulidad absoluta del Decreto de Necesidad y Urgencia N\u00b0 70\/2023 y de toda normativa o acto que derive de su vigencia o que fue dictado en su cumplimiento, por violar la Constituci\u00f3n de la Naci\u00f3n Argentina (arts. 29, 33, 36, 76; art. 75, incisos 18 y 19, art. 99, inciso 3) y por constituir el ejercicio de facultades extraordinarias y facultades equivalentes a la suma del poder p\u00fablico.<\/p>\n","protected":false},"excerpt":{"rendered":"<p>Un juzgado federal se dispuso a analizar la validez del Decreto de Necesidad y Urgencia (DNU) de desregulaci\u00f3n de la econom\u00eda que anunci\u00f3 el presidente Javier Milei esta semana. Fue&hellip;<\/p>\n","protected":false},"author":3,"featured_media":248673,"comment_status":"closed","ping_status":"open","sticky":false,"template":"","format":"standard","meta":{"_acf_changed":false,"footnotes":""},"categories":[1,8],"tags":[],"class_list":["post-249024","post","type-post","status-publish","format-standard","has-post-thumbnail","hentry","category-es-noticia","category-politica"],"acf":[],"yoast_head":"<!-- This site is optimized with the Yoast SEO plugin v27.5 - https:\/\/yoast.com\/product\/yoast-seo-wordpress\/ -->\n<title>La Justicia ya tramita el primer amparo colectivo contra el DNU de Javier Milei - Diario Textual<\/title>\n<meta name=\"robots\" content=\"index, follow, max-snippet:-1, max-image-preview:large, max-video-preview:-1\" \/>\n<link rel=\"canonical\" href=\"https:\/\/diariotextual.com\/inicio\/index.php\/2023\/12\/24\/la-justicia-ya-tramita-el-primer-amparo-colectivo-contra-el-dnu-de-javier-milei\/\" \/>\n<meta property=\"og:locale\" content=\"es_ES\" \/>\n<meta property=\"og:type\" content=\"article\" \/>\n<meta property=\"og:title\" content=\"La Justicia ya tramita el primer amparo colectivo contra el DNU de Javier Milei - Diario Textual\" \/>\n<meta property=\"og:description\" content=\"Un juzgado federal se dispuso a analizar la validez del Decreto de Necesidad y Urgencia (DNU) de desregulaci\u00f3n de la econom\u00eda que anunci\u00f3 el presidente Javier Milei esta semana. Fue&hellip;\" \/>\n<meta property=\"og:url\" content=\"https:\/\/diariotextual.com\/inicio\/index.php\/2023\/12\/24\/la-justicia-ya-tramita-el-primer-amparo-colectivo-contra-el-dnu-de-javier-milei\/\" \/>\n<meta property=\"og:site_name\" content=\"Diario Textual\" \/>\n<meta property=\"article:publisher\" content=\"https:\/\/www.facebook.com\/eltextual\" \/>\n<meta property=\"article:published_time\" content=\"2023-12-24T11:13:13+00:00\" \/>\n<meta property=\"article:modified_time\" content=\"2023-12-24T16:48:07+00:00\" \/>\n<meta property=\"og:image\" content=\"https:\/\/diariotextual.com\/inicio\/wp-content\/uploads\/2023\/12\/mileijavierdespacho2023-1.jpg\" \/>\n\t<meta property=\"og:image:width\" content=\"1200\" \/>\n\t<meta property=\"og:image:height\" content=\"675\" \/>\n\t<meta property=\"og:image:type\" content=\"image\/jpeg\" \/>\n<meta name=\"author\" content=\"Diario1 Diario1\" \/>\n<meta name=\"twitter:card\" content=\"summary_large_image\" \/>\n<meta name=\"twitter:creator\" content=\"@eltextual\" \/>\n<meta name=\"twitter:site\" content=\"@eltextual\" \/>\n<meta name=\"twitter:label1\" content=\"Escrito por\" \/>\n\t<meta name=\"twitter:data1\" content=\"Diario1 Diario1\" \/>\n\t<meta name=\"twitter:label2\" content=\"Tiempo de lectura\" \/>\n\t<meta name=\"twitter:data2\" content=\"2 minutos\" \/>\n<script type=\"application\/ld+json\" class=\"yoast-schema-graph\">{\"@context\":\"https:\\\/\\\/schema.org\",\"@graph\":[{\"@type\":\"Article\",\"@id\":\"https:\\\/\\\/diariotextual.com\\\/inicio\\\/index.php\\\/2023\\\/12\\\/24\\\/la-justicia-ya-tramita-el-primer-amparo-colectivo-contra-el-dnu-de-javier-milei\\\/#article\",\"isPartOf\":{\"@id\":\"https:\\\/\\\/diariotextual.com\\\/inicio\\\/index.php\\\/2023\\\/12\\\/24\\\/la-justicia-ya-tramita-el-primer-amparo-colectivo-contra-el-dnu-de-javier-milei\\\/\"},\"author\":{\"name\":\"Diario1 Diario1\",\"@id\":\"https:\\\/\\\/diariotextual.com\\\/inicio\\\/#\\\/schema\\\/person\\\/418fc4093c33e86ed41562db3508f958\"},\"headline\":\"La Justicia ya tramita el primer amparo colectivo contra el DNU de Javier Milei\",\"datePublished\":\"2023-12-24T11:13:13+00:00\",\"dateModified\":\"2023-12-24T16:48:07+00:00\",\"mainEntityOfPage\":{\"@id\":\"https:\\\/\\\/diariotextual.com\\\/inicio\\\/index.php\\\/2023\\\/12\\\/24\\\/la-justicia-ya-tramita-el-primer-amparo-colectivo-contra-el-dnu-de-javier-milei\\\/\"},\"wordCount\":313,\"publisher\":{\"@id\":\"https:\\\/\\\/diariotextual.com\\\/inicio\\\/#organization\"},\"image\":{\"@id\":\"https:\\\/\\\/diariotextual.com\\\/inicio\\\/index.php\\\/2023\\\/12\\\/24\\\/la-justicia-ya-tramita-el-primer-amparo-colectivo-contra-el-dnu-de-javier-milei\\\/#primaryimage\"},\"thumbnailUrl\":\"https:\\\/\\\/diariotextual.com\\\/inicio\\\/wp-content\\\/uploads\\\/2023\\\/12\\\/mileijavierdespacho2023-1.jpg\",\"articleSection\":[\"A - ES NOTICIA (van abajo)\",\"POLITICA\"],\"inLanguage\":\"es\"},{\"@type\":\"WebPage\",\"@id\":\"https:\\\/\\\/diariotextual.com\\\/inicio\\\/index.php\\\/2023\\\/12\\\/24\\\/la-justicia-ya-tramita-el-primer-amparo-colectivo-contra-el-dnu-de-javier-milei\\\/\",\"url\":\"https:\\\/\\\/diariotextual.com\\\/inicio\\\/index.php\\\/2023\\\/12\\\/24\\\/la-justicia-ya-tramita-el-primer-amparo-colectivo-contra-el-dnu-de-javier-milei\\\/\",\"name\":\"La Justicia ya tramita el primer amparo colectivo contra el DNU de Javier Milei - Diario Textual\",\"isPartOf\":{\"@id\":\"https:\\\/\\\/diariotextual.com\\\/inicio\\\/#website\"},\"primaryImageOfPage\":{\"@id\":\"https:\\\/\\\/diariotextual.com\\\/inicio\\\/index.php\\\/2023\\\/12\\\/24\\\/la-justicia-ya-tramita-el-primer-amparo-colectivo-contra-el-dnu-de-javier-milei\\\/#primaryimage\"},\"image\":{\"@id\":\"https:\\\/\\\/diariotextual.com\\\/inicio\\\/index.php\\\/2023\\\/12\\\/24\\\/la-justicia-ya-tramita-el-primer-amparo-colectivo-contra-el-dnu-de-javier-milei\\\/#primaryimage\"},\"thumbnailUrl\":\"https:\\\/\\\/diariotextual.com\\\/inicio\\\/wp-content\\\/uploads\\\/2023\\\/12\\\/mileijavierdespacho2023-1.jpg\",\"datePublished\":\"2023-12-24T11:13:13+00:00\",\"dateModified\":\"2023-12-24T16:48:07+00:00\",\"breadcrumb\":{\"@id\":\"https:\\\/\\\/diariotextual.com\\\/inicio\\\/index.php\\\/2023\\\/12\\\/24\\\/la-justicia-ya-tramita-el-primer-amparo-colectivo-contra-el-dnu-de-javier-milei\\\/#breadcrumb\"},\"inLanguage\":\"es\",\"potentialAction\":[{\"@type\":\"ReadAction\",\"target\":[\"https:\\\/\\\/diariotextual.com\\\/inicio\\\/index.php\\\/2023\\\/12\\\/24\\\/la-justicia-ya-tramita-el-primer-amparo-colectivo-contra-el-dnu-de-javier-milei\\\/\"]}]},{\"@type\":\"ImageObject\",\"inLanguage\":\"es\",\"@id\":\"https:\\\/\\\/diariotextual.com\\\/inicio\\\/index.php\\\/2023\\\/12\\\/24\\\/la-justicia-ya-tramita-el-primer-amparo-colectivo-contra-el-dnu-de-javier-milei\\\/#primaryimage\",\"url\":\"https:\\\/\\\/diariotextual.com\\\/inicio\\\/wp-content\\\/uploads\\\/2023\\\/12\\\/mileijavierdespacho2023-1.jpg\",\"contentUrl\":\"https:\\\/\\\/diariotextual.com\\\/inicio\\\/wp-content\\\/uploads\\\/2023\\\/12\\\/mileijavierdespacho2023-1.jpg\",\"width\":1200,\"height\":675},{\"@type\":\"BreadcrumbList\",\"@id\":\"https:\\\/\\\/diariotextual.com\\\/inicio\\\/index.php\\\/2023\\\/12\\\/24\\\/la-justicia-ya-tramita-el-primer-amparo-colectivo-contra-el-dnu-de-javier-milei\\\/#breadcrumb\",\"itemListElement\":[{\"@type\":\"ListItem\",\"position\":1,\"name\":\"Portada\",\"item\":\"https:\\\/\\\/diariotextual.com\\\/inicio\\\/\"},{\"@type\":\"ListItem\",\"position\":2,\"name\":\"La Justicia ya tramita el primer amparo colectivo contra el DNU de Javier Milei\"}]},{\"@type\":\"WebSite\",\"@id\":\"https:\\\/\\\/diariotextual.com\\\/inicio\\\/#website\",\"url\":\"https:\\\/\\\/diariotextual.com\\\/inicio\\\/\",\"name\":\"Diario Textual\",\"description\":\"\",\"publisher\":{\"@id\":\"https:\\\/\\\/diariotextual.com\\\/inicio\\\/#organization\"},\"potentialAction\":[{\"@type\":\"SearchAction\",\"target\":{\"@type\":\"EntryPoint\",\"urlTemplate\":\"https:\\\/\\\/diariotextual.com\\\/inicio\\\/?s={search_term_string}\"},\"query-input\":{\"@type\":\"PropertyValueSpecification\",\"valueRequired\":true,\"valueName\":\"search_term_string\"}}],\"inLanguage\":\"es\"},{\"@type\":\"Organization\",\"@id\":\"https:\\\/\\\/diariotextual.com\\\/inicio\\\/#organization\",\"name\":\"Diario Textual\",\"url\":\"https:\\\/\\\/diariotextual.com\\\/inicio\\\/\",\"logo\":{\"@type\":\"ImageObject\",\"inLanguage\":\"es\",\"@id\":\"https:\\\/\\\/diariotextual.com\\\/inicio\\\/#\\\/schema\\\/logo\\\/image\\\/\",\"url\":\"https:\\\/\\\/diariotextual.com\\\/inicio\\\/wp-content\\\/uploads\\\/2023\\\/05\\\/logotextual1.jpg\",\"contentUrl\":\"https:\\\/\\\/diariotextual.com\\\/inicio\\\/wp-content\\\/uploads\\\/2023\\\/05\\\/logotextual1.jpg\",\"width\":516,\"height\":76,\"caption\":\"Diario Textual\"},\"image\":{\"@id\":\"https:\\\/\\\/diariotextual.com\\\/inicio\\\/#\\\/schema\\\/logo\\\/image\\\/\"},\"sameAs\":[\"https:\\\/\\\/www.facebook.com\\\/eltextual\",\"https:\\\/\\\/x.com\\\/eltextual\",\"http:\\\/\\\/www.instagram.com\\\/eltextual\"]},{\"@type\":\"Person\",\"@id\":\"https:\\\/\\\/diariotextual.com\\\/inicio\\\/#\\\/schema\\\/person\\\/418fc4093c33e86ed41562db3508f958\",\"name\":\"Diario1 Diario1\",\"image\":{\"@type\":\"ImageObject\",\"inLanguage\":\"es\",\"@id\":\"https:\\\/\\\/secure.gravatar.com\\\/avatar\\\/9167d280179c85bc18be67aa7eda765854300033af4896dd779b608640f2ef7a?s=96&d=mm&r=g\",\"url\":\"https:\\\/\\\/secure.gravatar.com\\\/avatar\\\/9167d280179c85bc18be67aa7eda765854300033af4896dd779b608640f2ef7a?s=96&d=mm&r=g\",\"contentUrl\":\"https:\\\/\\\/secure.gravatar.com\\\/avatar\\\/9167d280179c85bc18be67aa7eda765854300033af4896dd779b608640f2ef7a?s=96&d=mm&r=g\",\"caption\":\"Diario1 Diario1\"},\"url\":\"https:\\\/\\\/diariotextual.com\\\/inicio\\\/index.php\\\/author\\\/diario1\\\/\"}]}<\/script>\n<!-- \/ Yoast SEO plugin. -->","yoast_head_json":{"title":"La Justicia ya tramita el primer amparo colectivo contra el DNU de Javier Milei - Diario Textual","robots":{"index":"index","follow":"follow","max-snippet":"max-snippet:-1","max-image-preview":"max-image-preview:large","max-video-preview":"max-video-preview:-1"},"canonical":"https:\/\/diariotextual.com\/inicio\/index.php\/2023\/12\/24\/la-justicia-ya-tramita-el-primer-amparo-colectivo-contra-el-dnu-de-javier-milei\/","og_locale":"es_ES","og_type":"article","og_title":"La Justicia ya tramita el primer amparo colectivo contra el DNU de Javier Milei - Diario Textual","og_description":"Un juzgado federal se dispuso a analizar la validez del Decreto de Necesidad y Urgencia (DNU) de desregulaci\u00f3n de la econom\u00eda que anunci\u00f3 el presidente Javier Milei esta semana. Fue&hellip;","og_url":"https:\/\/diariotextual.com\/inicio\/index.php\/2023\/12\/24\/la-justicia-ya-tramita-el-primer-amparo-colectivo-contra-el-dnu-de-javier-milei\/","og_site_name":"Diario Textual","article_publisher":"https:\/\/www.facebook.com\/eltextual","article_published_time":"2023-12-24T11:13:13+00:00","article_modified_time":"2023-12-24T16:48:07+00:00","og_image":[{"width":1200,"height":675,"url":"https:\/\/diariotextual.com\/inicio\/wp-content\/uploads\/2023\/12\/mileijavierdespacho2023-1.jpg","type":"image\/jpeg"}],"author":"Diario1 Diario1","twitter_card":"summary_large_image","twitter_creator":"@eltextual","twitter_site":"@eltextual","twitter_misc":{"Escrito por":"Diario1 Diario1","Tiempo de lectura":"2 minutos"},"schema":{"@context":"https:\/\/schema.org","@graph":[{"@type":"Article","@id":"https:\/\/diariotextual.com\/inicio\/index.php\/2023\/12\/24\/la-justicia-ya-tramita-el-primer-amparo-colectivo-contra-el-dnu-de-javier-milei\/#article","isPartOf":{"@id":"https:\/\/diariotextual.com\/inicio\/index.php\/2023\/12\/24\/la-justicia-ya-tramita-el-primer-amparo-colectivo-contra-el-dnu-de-javier-milei\/"},"author":{"name":"Diario1 Diario1","@id":"https:\/\/diariotextual.com\/inicio\/#\/schema\/person\/418fc4093c33e86ed41562db3508f958"},"headline":"La Justicia ya tramita el primer amparo colectivo contra el DNU de Javier Milei","datePublished":"2023-12-24T11:13:13+00:00","dateModified":"2023-12-24T16:48:07+00:00","mainEntityOfPage":{"@id":"https:\/\/diariotextual.com\/inicio\/index.php\/2023\/12\/24\/la-justicia-ya-tramita-el-primer-amparo-colectivo-contra-el-dnu-de-javier-milei\/"},"wordCount":313,"publisher":{"@id":"https:\/\/diariotextual.com\/inicio\/#organization"},"image":{"@id":"https:\/\/diariotextual.com\/inicio\/index.php\/2023\/12\/24\/la-justicia-ya-tramita-el-primer-amparo-colectivo-contra-el-dnu-de-javier-milei\/#primaryimage"},"thumbnailUrl":"https:\/\/diariotextual.com\/inicio\/wp-content\/uploads\/2023\/12\/mileijavierdespacho2023-1.jpg","articleSection":["A - ES NOTICIA (van abajo)","POLITICA"],"inLanguage":"es"},{"@type":"WebPage","@id":"https:\/\/diariotextual.com\/inicio\/index.php\/2023\/12\/24\/la-justicia-ya-tramita-el-primer-amparo-colectivo-contra-el-dnu-de-javier-milei\/","url":"https:\/\/diariotextual.com\/inicio\/index.php\/2023\/12\/24\/la-justicia-ya-tramita-el-primer-amparo-colectivo-contra-el-dnu-de-javier-milei\/","name":"La Justicia ya tramita el primer amparo colectivo contra el DNU de Javier Milei - Diario Textual","isPartOf":{"@id":"https:\/\/diariotextual.com\/inicio\/#website"},"primaryImageOfPage":{"@id":"https:\/\/diariotextual.com\/inicio\/index.php\/2023\/12\/24\/la-justicia-ya-tramita-el-primer-amparo-colectivo-contra-el-dnu-de-javier-milei\/#primaryimage"},"image":{"@id":"https:\/\/diariotextual.com\/inicio\/index.php\/2023\/12\/24\/la-justicia-ya-tramita-el-primer-amparo-colectivo-contra-el-dnu-de-javier-milei\/#primaryimage"},"thumbnailUrl":"https:\/\/diariotextual.com\/inicio\/wp-content\/uploads\/2023\/12\/mileijavierdespacho2023-1.jpg","datePublished":"2023-12-24T11:13:13+00:00","dateModified":"2023-12-24T16:48:07+00:00","breadcrumb":{"@id":"https:\/\/diariotextual.com\/inicio\/index.php\/2023\/12\/24\/la-justicia-ya-tramita-el-primer-amparo-colectivo-contra-el-dnu-de-javier-milei\/#breadcrumb"},"inLanguage":"es","potentialAction":[{"@type":"ReadAction","target":["https:\/\/diariotextual.com\/inicio\/index.php\/2023\/12\/24\/la-justicia-ya-tramita-el-primer-amparo-colectivo-contra-el-dnu-de-javier-milei\/"]}]},{"@type":"ImageObject","inLanguage":"es","@id":"https:\/\/diariotextual.com\/inicio\/index.php\/2023\/12\/24\/la-justicia-ya-tramita-el-primer-amparo-colectivo-contra-el-dnu-de-javier-milei\/#primaryimage","url":"https:\/\/diariotextual.com\/inicio\/wp-content\/uploads\/2023\/12\/mileijavierdespacho2023-1.jpg","contentUrl":"https:\/\/diariotextual.com\/inicio\/wp-content\/uploads\/2023\/12\/mileijavierdespacho2023-1.jpg","width":1200,"height":675},{"@type":"BreadcrumbList","@id":"https:\/\/diariotextual.com\/inicio\/index.php\/2023\/12\/24\/la-justicia-ya-tramita-el-primer-amparo-colectivo-contra-el-dnu-de-javier-milei\/#breadcrumb","itemListElement":[{"@type":"ListItem","position":1,"name":"Portada","item":"https:\/\/diariotextual.com\/inicio\/"},{"@type":"ListItem","position":2,"name":"La Justicia ya tramita el primer amparo colectivo contra el DNU de Javier Milei"}]},{"@type":"WebSite","@id":"https:\/\/diariotextual.com\/inicio\/#website","url":"https:\/\/diariotextual.com\/inicio\/","name":"Diario Textual","description":"","publisher":{"@id":"https:\/\/diariotextual.com\/inicio\/#organization"},"potentialAction":[{"@type":"SearchAction","target":{"@type":"EntryPoint","urlTemplate":"https:\/\/diariotextual.com\/inicio\/?s={search_term_string}"},"query-input":{"@type":"PropertyValueSpecification","valueRequired":true,"valueName":"search_term_string"}}],"inLanguage":"es"},{"@type":"Organization","@id":"https:\/\/diariotextual.com\/inicio\/#organization","name":"Diario Textual","url":"https:\/\/diariotextual.com\/inicio\/","logo":{"@type":"ImageObject","inLanguage":"es","@id":"https:\/\/diariotextual.com\/inicio\/#\/schema\/logo\/image\/","url":"https:\/\/diariotextual.com\/inicio\/wp-content\/uploads\/2023\/05\/logotextual1.jpg","contentUrl":"https:\/\/diariotextual.com\/inicio\/wp-content\/uploads\/2023\/05\/logotextual1.jpg","width":516,"height":76,"caption":"Diario Textual"},"image":{"@id":"https:\/\/diariotextual.com\/inicio\/#\/schema\/logo\/image\/"},"sameAs":["https:\/\/www.facebook.com\/eltextual","https:\/\/x.com\/eltextual","http:\/\/www.instagram.com\/eltextual"]},{"@type":"Person","@id":"https:\/\/diariotextual.com\/inicio\/#\/schema\/person\/418fc4093c33e86ed41562db3508f958","name":"Diario1 Diario1","image":{"@type":"ImageObject","inLanguage":"es","@id":"https:\/\/secure.gravatar.com\/avatar\/9167d280179c85bc18be67aa7eda765854300033af4896dd779b608640f2ef7a?s=96&d=mm&r=g","url":"https:\/\/secure.gravatar.com\/avatar\/9167d280179c85bc18be67aa7eda765854300033af4896dd779b608640f2ef7a?s=96&d=mm&r=g","contentUrl":"https:\/\/secure.gravatar.com\/avatar\/9167d280179c85bc18be67aa7eda765854300033af4896dd779b608640f2ef7a?s=96&d=mm&r=g","caption":"Diario1 Diario1"},"url":"https:\/\/diariotextual.com\/inicio\/index.php\/author\/diario1\/"}]}},"_links":{"self":[{"href":"https:\/\/diariotextual.com\/inicio\/index.php\/wp-json\/wp\/v2\/posts\/249024","targetHints":{"allow":["GET"]}}],"collection":[{"href":"https:\/\/diariotextual.com\/inicio\/index.php\/wp-json\/wp\/v2\/posts"}],"about":[{"href":"https:\/\/diariotextual.com\/inicio\/index.php\/wp-json\/wp\/v2\/types\/post"}],"author":[{"embeddable":true,"href":"https:\/\/diariotextual.com\/inicio\/index.php\/wp-json\/wp\/v2\/users\/3"}],"replies":[{"embeddable":true,"href":"https:\/\/diariotextual.com\/inicio\/index.php\/wp-json\/wp\/v2\/comments?post=249024"}],"version-history":[{"count":1,"href":"https:\/\/diariotextual.com\/inicio\/index.php\/wp-json\/wp\/v2\/posts\/249024\/revisions"}],"predecessor-version":[{"id":249025,"href":"https:\/\/diariotextual.com\/inicio\/index.php\/wp-json\/wp\/v2\/posts\/249024\/revisions\/249025"}],"wp:featuredmedia":[{"embeddable":true,"href":"https:\/\/diariotextual.com\/inicio\/index.php\/wp-json\/wp\/v2\/media\/248673"}],"wp:attachment":[{"href":"https:\/\/diariotextual.com\/inicio\/index.php\/wp-json\/wp\/v2\/media?parent=249024"}],"wp:term":[{"taxonomy":"category","embeddable":true,"href":"https:\/\/diariotextual.com\/inicio\/index.php\/wp-json\/wp\/v2\/categories?post=249024"},{"taxonomy":"post_tag","embeddable":true,"href":"https:\/\/diariotextual.com\/inicio\/index.php\/wp-json\/wp\/v2\/tags?post=249024"}],"curies":[{"name":"wp","href":"https:\/\/api.w.org\/{rel}","templated":true}]}}