{"id":249144,"date":"2023-12-26T18:14:41","date_gmt":"2023-12-26T21:14:41","guid":{"rendered":"https:\/\/diariotextual.com\/inicio\/?p=249144"},"modified":"2023-12-27T10:38:38","modified_gmt":"2023-12-27T13:38:38","slug":"la-cgt-marcha-este-miercoles-a-tribunales-contra-el-dnu-de-milei","status":"publish","type":"post","link":"https:\/\/diariotextual.com\/inicio\/index.php\/2023\/12\/26\/la-cgt-marcha-este-miercoles-a-tribunales-contra-el-dnu-de-milei\/","title":{"rendered":"La CGT marcha este mi\u00e9rcoles a Tribunales contra el DNU de Milei"},"content":{"rendered":"\n<p>La <strong>Confederaci\u00f3n General del Trabajo, las dos Centrales de Trabajadores Argentinos, la Unidad Piquetera y partidos de izquierda se congregar\u00e1n este mi\u00e9rcoles<\/strong>, junto a otras organizaciones sociales y gremiales, en una manifestaci\u00f3n que se movilizar\u00e1 hacia Tribunales en rechazo al decreto de necesidad y urgencia (DNU) presidencial que implica una profunda desregulaci\u00f3n de la econom\u00eda y deroga m\u00faltiples leyes.<\/p>\n\n\n\n<p>La concentraci\u00f3n fue convocada por la CGT<strong> a las 11 frente al Palacio de Justicia, en las calles Lavalle y Talcahuano, en el centro porte\u00f1o<\/strong>, con el objetivo de acompa\u00f1ar la presentaci\u00f3n de una serie de medidas cautelares que frenen los alcances del DNU firmado por el presidente Javier Milei y presentado el mi\u00e9rcoles pasado en un mensaje difundido por cadena nacional.<\/p>\n\n\n\n<p>La CGT expres\u00f3 en los \u00faltimos d\u00edas su rechazo al decreto y para enfrentar esa decisi\u00f3n convoc\u00f3 a los trabajadores a marchar hacia Tribunales. Adem\u00e1s, anunci\u00f3 que este jueves reunir\u00e1 al Comit\u00e9 Central Confederal para definir un plan de lucha que podr\u00eda incluir una huelga nacional de 24 horas de duraci\u00f3n.<\/p>\n\n\n\n<p>Junto a la CGT tambi\u00e9n se movilizar\u00e1n la Central de Trabajadores de Argentina (CTA-T), la Aut\u00f3noma (CTA-A) y la Asociaci\u00f3n de Trabajadores del Estado (ATE), que al reclamo de inconstitucionalidad del DNU firmado por Milei le sum\u00f3 el repudio a la disposici\u00f3n oficial de despedir a 7.000 trabajadores de la Administraci\u00f3n P\u00fablica Nacional, oficializada por medio de otro decreto publicado en el Bolet\u00edn Oficial.<\/p>\n\n\n\n<p>\u201cQue nadie espere que aceptemos ni un solo despido\u201d, afirm\u00f3 el secretario general de ATE, Rodolfo Aguiar.<\/p>\n\n\n\n<p>Este martes, el dirigente gremial confirm\u00f3 en un mensaje publicado en X (ex Twitter) la presentaci\u00f3n de una denuncia penal contra Javier Milei por el DNU emitido la semana pasada, al considerar que se trata de una medida que incurri\u00f3, entre otros delitos, en el de abuso de la autoridad.<\/p>\n\n\n\n<p>Tambi\u00e9n anunciaron que machar\u00e1n a Tribunales la Uni\u00f3n de Trabajadores de la Econom\u00eda Popular, el Frente de Organizaciones en Lucha, el Polo Obrero y la Unidad Piquetera.<\/p>\n\n\n\n<p>Entre las \u00abmedidas de disuasi\u00f3n\u00bb que el Gobierno dispondr\u00eda ante la protesta sindical, el portavoz presidencial Manuel Adorni le record\u00f3 a la ciudadan\u00eda que contin\u00faa abierta la l\u00ednea telef\u00f3nica 134 para que se comuniquen all\u00ed quienes \u00abse sientan extorsionados para ir a movilizarse\u00bb, mientras que la ministra de Seguridad, Patricia Bullrich, hizo un llamado \u00aba la reflexi\u00f3n a quienes tienen planes sociales\u00bb, al afirmar que \u00abel que corta una calle, no cobra\u00bb.<\/p>\n\n\n\n<p>Tanto Adorni como Bullrich, ambos en sendas ruedas de prensa, dijeron que se encuentra vigente el protocolo de orden p\u00fablico que el Gobierno que puso en marcha el mi\u00e9rcoles pasado, cuando la agrupaci\u00f3n Unidad Piquetera march\u00f3 a la Plaza de Mayo para expresar distintos reclamos a Milei y recordar a las m\u00e1s de 30 personas muertas en las manifestaciones del 19 y 20 de diciembre de 2001.<\/p>\n\n\n\n<p>El protocolo antipiquetes prev\u00e9, entre otros puntos, la actuaci\u00f3n de las fuerzas de seguridad sin que necesariamente medie una orden judicial cuando una protesta impida el tr\u00e1nsito de personas o veh\u00edculos con cortes de calles, avenidas y rutas.<\/p>\n\n\n\n<p>\u00abEn este camino de los argentinos que quieren un pa\u00eds distinto, hay otros que no quieren cambiar, que anuncian marchas y protestas\u00bb, dijo Adorni con relaci\u00f3n a la medida de protesta convocada para ma\u00f1ana frente a los Tribunales porte\u00f1os.<\/p>\n\n\n\n<p>Al respecto, Bullrich destac\u00f3 que \u00abhace 16 d\u00edas que asumi\u00f3 este Gobierno\u00bb y la de ma\u00f1ana ser\u00e1 \u00abla tercera manifestaci\u00f3n\u00bb en su contra. \u00abEn vez de oponerse, ayuden a que el pa\u00eds salga adelante\u00bb, agreg\u00f3.<\/p>\n","protected":false},"excerpt":{"rendered":"<p>La Confederaci\u00f3n General del Trabajo, las dos Centrales de Trabajadores Argentinos, la Unidad Piquetera y partidos de izquierda se congregar\u00e1n este mi\u00e9rcoles, junto a otras organizaciones sociales y gremiales, en&hellip;<\/p>\n","protected":false},"author":5,"featured_media":249157,"comment_status":"closed","ping_status":"open","sticky":false,"template":"","format":"standard","meta":{"_acf_changed":false,"footnotes":""},"categories":[1,8],"tags":[433,1474,6313,1885],"class_list":["post-249144","post","type-post","status-publish","format-standard","has-post-thumbnail","hentry","category-es-noticia","category-politica","tag-cgt","tag-dnu","tag-milei","tag-movilizacion"],"acf":[],"yoast_head":"<!-- This site is optimized with the Yoast SEO plugin v27.5 - https:\/\/yoast.com\/product\/yoast-seo-wordpress\/ -->\n<title>La CGT marcha este mi\u00e9rcoles a Tribunales contra el DNU de Milei - Diario Textual<\/title>\n<meta name=\"robots\" content=\"index, follow, max-snippet:-1, max-image-preview:large, max-video-preview:-1\" \/>\n<link rel=\"canonical\" href=\"https:\/\/diariotextual.com\/inicio\/index.php\/2023\/12\/26\/la-cgt-marcha-este-miercoles-a-tribunales-contra-el-dnu-de-milei\/\" \/>\n<meta property=\"og:locale\" content=\"es_ES\" \/>\n<meta property=\"og:type\" content=\"article\" \/>\n<meta property=\"og:title\" content=\"La CGT marcha este mi\u00e9rcoles a Tribunales contra el DNU de Milei - Diario Textual\" \/>\n<meta property=\"og:description\" content=\"La Confederaci\u00f3n General del Trabajo, las dos Centrales de Trabajadores Argentinos, la Unidad Piquetera y partidos de izquierda se congregar\u00e1n este mi\u00e9rcoles, junto a otras organizaciones sociales y gremiales, en&hellip;\" \/>\n<meta property=\"og:url\" content=\"https:\/\/diariotextual.com\/inicio\/index.php\/2023\/12\/26\/la-cgt-marcha-este-miercoles-a-tribunales-contra-el-dnu-de-milei\/\" \/>\n<meta property=\"og:site_name\" content=\"Diario Textual\" \/>\n<meta property=\"article:publisher\" content=\"https:\/\/www.facebook.com\/eltextual\" \/>\n<meta property=\"article:published_time\" content=\"2023-12-26T21:14:41+00:00\" \/>\n<meta property=\"article:modified_time\" content=\"2023-12-27T13:38:38+00:00\" \/>\n<meta property=\"og:image\" content=\"https:\/\/diariotextual.com\/inicio\/wp-content\/uploads\/2023\/12\/cgtmanifestacion2023-213.jpg\" \/>\n\t<meta property=\"og:image:width\" content=\"1200\" \/>\n\t<meta property=\"og:image:height\" content=\"675\" \/>\n\t<meta property=\"og:image:type\" content=\"image\/jpeg\" \/>\n<meta name=\"author\" content=\"diario3\" \/>\n<meta name=\"twitter:card\" content=\"summary_large_image\" \/>\n<meta name=\"twitter:creator\" content=\"@eltextual\" \/>\n<meta name=\"twitter:site\" content=\"@eltextual\" \/>\n<meta name=\"twitter:label1\" content=\"Escrito por\" \/>\n\t<meta name=\"twitter:data1\" content=\"diario3\" \/>\n\t<meta name=\"twitter:label2\" content=\"Tiempo de lectura\" \/>\n\t<meta name=\"twitter:data2\" content=\"3 minutos\" \/>\n<script type=\"application\/ld+json\" class=\"yoast-schema-graph\">{\"@context\":\"https:\\\/\\\/schema.org\",\"@graph\":[{\"@type\":\"Article\",\"@id\":\"https:\\\/\\\/diariotextual.com\\\/inicio\\\/index.php\\\/2023\\\/12\\\/26\\\/la-cgt-marcha-este-miercoles-a-tribunales-contra-el-dnu-de-milei\\\/#article\",\"isPartOf\":{\"@id\":\"https:\\\/\\\/diariotextual.com\\\/inicio\\\/index.php\\\/2023\\\/12\\\/26\\\/la-cgt-marcha-este-miercoles-a-tribunales-contra-el-dnu-de-milei\\\/\"},\"author\":{\"name\":\"diario3\",\"@id\":\"https:\\\/\\\/diariotextual.com\\\/inicio\\\/#\\\/schema\\\/person\\\/a1b6f563e0ee944c60f98119389a4d9f\"},\"headline\":\"La CGT marcha este mi\u00e9rcoles a Tribunales contra el DNU de Milei\",\"datePublished\":\"2023-12-26T21:14:41+00:00\",\"dateModified\":\"2023-12-27T13:38:38+00:00\",\"mainEntityOfPage\":{\"@id\":\"https:\\\/\\\/diariotextual.com\\\/inicio\\\/index.php\\\/2023\\\/12\\\/26\\\/la-cgt-marcha-este-miercoles-a-tribunales-contra-el-dnu-de-milei\\\/\"},\"wordCount\":637,\"publisher\":{\"@id\":\"https:\\\/\\\/diariotextual.com\\\/inicio\\\/#organization\"},\"image\":{\"@id\":\"https:\\\/\\\/diariotextual.com\\\/inicio\\\/index.php\\\/2023\\\/12\\\/26\\\/la-cgt-marcha-este-miercoles-a-tribunales-contra-el-dnu-de-milei\\\/#primaryimage\"},\"thumbnailUrl\":\"https:\\\/\\\/diariotextual.com\\\/inicio\\\/wp-content\\\/uploads\\\/2023\\\/12\\\/cgtmanifestacion2023-213.jpg\",\"keywords\":[\"cgt\",\"DNU\",\"milei\",\"movilizaci\u00f3n\"],\"articleSection\":[\"A - ES NOTICIA (van abajo)\",\"POLITICA\"],\"inLanguage\":\"es\"},{\"@type\":\"WebPage\",\"@id\":\"https:\\\/\\\/diariotextual.com\\\/inicio\\\/index.php\\\/2023\\\/12\\\/26\\\/la-cgt-marcha-este-miercoles-a-tribunales-contra-el-dnu-de-milei\\\/\",\"url\":\"https:\\\/\\\/diariotextual.com\\\/inicio\\\/index.php\\\/2023\\\/12\\\/26\\\/la-cgt-marcha-este-miercoles-a-tribunales-contra-el-dnu-de-milei\\\/\",\"name\":\"La CGT marcha este mi\u00e9rcoles a Tribunales contra el DNU de Milei - Diario Textual\",\"isPartOf\":{\"@id\":\"https:\\\/\\\/diariotextual.com\\\/inicio\\\/#website\"},\"primaryImageOfPage\":{\"@id\":\"https:\\\/\\\/diariotextual.com\\\/inicio\\\/index.php\\\/2023\\\/12\\\/26\\\/la-cgt-marcha-este-miercoles-a-tribunales-contra-el-dnu-de-milei\\\/#primaryimage\"},\"image\":{\"@id\":\"https:\\\/\\\/diariotextual.com\\\/inicio\\\/index.php\\\/2023\\\/12\\\/26\\\/la-cgt-marcha-este-miercoles-a-tribunales-contra-el-dnu-de-milei\\\/#primaryimage\"},\"thumbnailUrl\":\"https:\\\/\\\/diariotextual.com\\\/inicio\\\/wp-content\\\/uploads\\\/2023\\\/12\\\/cgtmanifestacion2023-213.jpg\",\"datePublished\":\"2023-12-26T21:14:41+00:00\",\"dateModified\":\"2023-12-27T13:38:38+00:00\",\"breadcrumb\":{\"@id\":\"https:\\\/\\\/diariotextual.com\\\/inicio\\\/index.php\\\/2023\\\/12\\\/26\\\/la-cgt-marcha-este-miercoles-a-tribunales-contra-el-dnu-de-milei\\\/#breadcrumb\"},\"inLanguage\":\"es\",\"potentialAction\":[{\"@type\":\"ReadAction\",\"target\":[\"https:\\\/\\\/diariotextual.com\\\/inicio\\\/index.php\\\/2023\\\/12\\\/26\\\/la-cgt-marcha-este-miercoles-a-tribunales-contra-el-dnu-de-milei\\\/\"]}]},{\"@type\":\"ImageObject\",\"inLanguage\":\"es\",\"@id\":\"https:\\\/\\\/diariotextual.com\\\/inicio\\\/index.php\\\/2023\\\/12\\\/26\\\/la-cgt-marcha-este-miercoles-a-tribunales-contra-el-dnu-de-milei\\\/#primaryimage\",\"url\":\"https:\\\/\\\/diariotextual.com\\\/inicio\\\/wp-content\\\/uploads\\\/2023\\\/12\\\/cgtmanifestacion2023-213.jpg\",\"contentUrl\":\"https:\\\/\\\/diariotextual.com\\\/inicio\\\/wp-content\\\/uploads\\\/2023\\\/12\\\/cgtmanifestacion2023-213.jpg\",\"width\":1200,\"height\":675},{\"@type\":\"BreadcrumbList\",\"@id\":\"https:\\\/\\\/diariotextual.com\\\/inicio\\\/index.php\\\/2023\\\/12\\\/26\\\/la-cgt-marcha-este-miercoles-a-tribunales-contra-el-dnu-de-milei\\\/#breadcrumb\",\"itemListElement\":[{\"@type\":\"ListItem\",\"position\":1,\"name\":\"Portada\",\"item\":\"https:\\\/\\\/diariotextual.com\\\/inicio\\\/\"},{\"@type\":\"ListItem\",\"position\":2,\"name\":\"La CGT marcha este mi\u00e9rcoles a Tribunales contra el DNU de Milei\"}]},{\"@type\":\"WebSite\",\"@id\":\"https:\\\/\\\/diariotextual.com\\\/inicio\\\/#website\",\"url\":\"https:\\\/\\\/diariotextual.com\\\/inicio\\\/\",\"name\":\"Diario Textual\",\"description\":\"\",\"publisher\":{\"@id\":\"https:\\\/\\\/diariotextual.com\\\/inicio\\\/#organization\"},\"potentialAction\":[{\"@type\":\"SearchAction\",\"target\":{\"@type\":\"EntryPoint\",\"urlTemplate\":\"https:\\\/\\\/diariotextual.com\\\/inicio\\\/?s={search_term_string}\"},\"query-input\":{\"@type\":\"PropertyValueSpecification\",\"valueRequired\":true,\"valueName\":\"search_term_string\"}}],\"inLanguage\":\"es\"},{\"@type\":\"Organization\",\"@id\":\"https:\\\/\\\/diariotextual.com\\\/inicio\\\/#organization\",\"name\":\"Diario Textual\",\"url\":\"https:\\\/\\\/diariotextual.com\\\/inicio\\\/\",\"logo\":{\"@type\":\"ImageObject\",\"inLanguage\":\"es\",\"@id\":\"https:\\\/\\\/diariotextual.com\\\/inicio\\\/#\\\/schema\\\/logo\\\/image\\\/\",\"url\":\"https:\\\/\\\/diariotextual.com\\\/inicio\\\/wp-content\\\/uploads\\\/2023\\\/05\\\/logotextual1.jpg\",\"contentUrl\":\"https:\\\/\\\/diariotextual.com\\\/inicio\\\/wp-content\\\/uploads\\\/2023\\\/05\\\/logotextual1.jpg\",\"width\":516,\"height\":76,\"caption\":\"Diario Textual\"},\"image\":{\"@id\":\"https:\\\/\\\/diariotextual.com\\\/inicio\\\/#\\\/schema\\\/logo\\\/image\\\/\"},\"sameAs\":[\"https:\\\/\\\/www.facebook.com\\\/eltextual\",\"https:\\\/\\\/x.com\\\/eltextual\",\"http:\\\/\\\/www.instagram.com\\\/eltextual\"]},{\"@type\":\"Person\",\"@id\":\"https:\\\/\\\/diariotextual.com\\\/inicio\\\/#\\\/schema\\\/person\\\/a1b6f563e0ee944c60f98119389a4d9f\",\"name\":\"diario3\",\"image\":{\"@type\":\"ImageObject\",\"inLanguage\":\"es\",\"@id\":\"https:\\\/\\\/secure.gravatar.com\\\/avatar\\\/5e7ee62c82fc04d9dd79d746a390d93c69c43223e5faeeb3ea9461ef752bfc5d?s=96&d=mm&r=g\",\"url\":\"https:\\\/\\\/secure.gravatar.com\\\/avatar\\\/5e7ee62c82fc04d9dd79d746a390d93c69c43223e5faeeb3ea9461ef752bfc5d?s=96&d=mm&r=g\",\"contentUrl\":\"https:\\\/\\\/secure.gravatar.com\\\/avatar\\\/5e7ee62c82fc04d9dd79d746a390d93c69c43223e5faeeb3ea9461ef752bfc5d?s=96&d=mm&r=g\",\"caption\":\"diario3\"},\"url\":\"https:\\\/\\\/diariotextual.com\\\/inicio\\\/index.php\\\/author\\\/diario3\\\/\"}]}<\/script>\n<!-- \/ Yoast SEO plugin. -->","yoast_head_json":{"title":"La CGT marcha este mi\u00e9rcoles a Tribunales contra el DNU de Milei - Diario Textual","robots":{"index":"index","follow":"follow","max-snippet":"max-snippet:-1","max-image-preview":"max-image-preview:large","max-video-preview":"max-video-preview:-1"},"canonical":"https:\/\/diariotextual.com\/inicio\/index.php\/2023\/12\/26\/la-cgt-marcha-este-miercoles-a-tribunales-contra-el-dnu-de-milei\/","og_locale":"es_ES","og_type":"article","og_title":"La CGT marcha este mi\u00e9rcoles a Tribunales contra el DNU de Milei - Diario Textual","og_description":"La Confederaci\u00f3n General del Trabajo, las dos Centrales de Trabajadores Argentinos, la Unidad Piquetera y partidos de izquierda se congregar\u00e1n este mi\u00e9rcoles, junto a otras organizaciones sociales y gremiales, en&hellip;","og_url":"https:\/\/diariotextual.com\/inicio\/index.php\/2023\/12\/26\/la-cgt-marcha-este-miercoles-a-tribunales-contra-el-dnu-de-milei\/","og_site_name":"Diario Textual","article_publisher":"https:\/\/www.facebook.com\/eltextual","article_published_time":"2023-12-26T21:14:41+00:00","article_modified_time":"2023-12-27T13:38:38+00:00","og_image":[{"width":1200,"height":675,"url":"https:\/\/diariotextual.com\/inicio\/wp-content\/uploads\/2023\/12\/cgtmanifestacion2023-213.jpg","type":"image\/jpeg"}],"author":"diario3","twitter_card":"summary_large_image","twitter_creator":"@eltextual","twitter_site":"@eltextual","twitter_misc":{"Escrito por":"diario3","Tiempo de lectura":"3 minutos"},"schema":{"@context":"https:\/\/schema.org","@graph":[{"@type":"Article","@id":"https:\/\/diariotextual.com\/inicio\/index.php\/2023\/12\/26\/la-cgt-marcha-este-miercoles-a-tribunales-contra-el-dnu-de-milei\/#article","isPartOf":{"@id":"https:\/\/diariotextual.com\/inicio\/index.php\/2023\/12\/26\/la-cgt-marcha-este-miercoles-a-tribunales-contra-el-dnu-de-milei\/"},"author":{"name":"diario3","@id":"https:\/\/diariotextual.com\/inicio\/#\/schema\/person\/a1b6f563e0ee944c60f98119389a4d9f"},"headline":"La CGT marcha este mi\u00e9rcoles a Tribunales contra el DNU de Milei","datePublished":"2023-12-26T21:14:41+00:00","dateModified":"2023-12-27T13:38:38+00:00","mainEntityOfPage":{"@id":"https:\/\/diariotextual.com\/inicio\/index.php\/2023\/12\/26\/la-cgt-marcha-este-miercoles-a-tribunales-contra-el-dnu-de-milei\/"},"wordCount":637,"publisher":{"@id":"https:\/\/diariotextual.com\/inicio\/#organization"},"image":{"@id":"https:\/\/diariotextual.com\/inicio\/index.php\/2023\/12\/26\/la-cgt-marcha-este-miercoles-a-tribunales-contra-el-dnu-de-milei\/#primaryimage"},"thumbnailUrl":"https:\/\/diariotextual.com\/inicio\/wp-content\/uploads\/2023\/12\/cgtmanifestacion2023-213.jpg","keywords":["cgt","DNU","milei","movilizaci\u00f3n"],"articleSection":["A - ES NOTICIA (van abajo)","POLITICA"],"inLanguage":"es"},{"@type":"WebPage","@id":"https:\/\/diariotextual.com\/inicio\/index.php\/2023\/12\/26\/la-cgt-marcha-este-miercoles-a-tribunales-contra-el-dnu-de-milei\/","url":"https:\/\/diariotextual.com\/inicio\/index.php\/2023\/12\/26\/la-cgt-marcha-este-miercoles-a-tribunales-contra-el-dnu-de-milei\/","name":"La CGT marcha este mi\u00e9rcoles a Tribunales contra el DNU de Milei - Diario Textual","isPartOf":{"@id":"https:\/\/diariotextual.com\/inicio\/#website"},"primaryImageOfPage":{"@id":"https:\/\/diariotextual.com\/inicio\/index.php\/2023\/12\/26\/la-cgt-marcha-este-miercoles-a-tribunales-contra-el-dnu-de-milei\/#primaryimage"},"image":{"@id":"https:\/\/diariotextual.com\/inicio\/index.php\/2023\/12\/26\/la-cgt-marcha-este-miercoles-a-tribunales-contra-el-dnu-de-milei\/#primaryimage"},"thumbnailUrl":"https:\/\/diariotextual.com\/inicio\/wp-content\/uploads\/2023\/12\/cgtmanifestacion2023-213.jpg","datePublished":"2023-12-26T21:14:41+00:00","dateModified":"2023-12-27T13:38:38+00:00","breadcrumb":{"@id":"https:\/\/diariotextual.com\/inicio\/index.php\/2023\/12\/26\/la-cgt-marcha-este-miercoles-a-tribunales-contra-el-dnu-de-milei\/#breadcrumb"},"inLanguage":"es","potentialAction":[{"@type":"ReadAction","target":["https:\/\/diariotextual.com\/inicio\/index.php\/2023\/12\/26\/la-cgt-marcha-este-miercoles-a-tribunales-contra-el-dnu-de-milei\/"]}]},{"@type":"ImageObject","inLanguage":"es","@id":"https:\/\/diariotextual.com\/inicio\/index.php\/2023\/12\/26\/la-cgt-marcha-este-miercoles-a-tribunales-contra-el-dnu-de-milei\/#primaryimage","url":"https:\/\/diariotextual.com\/inicio\/wp-content\/uploads\/2023\/12\/cgtmanifestacion2023-213.jpg","contentUrl":"https:\/\/diariotextual.com\/inicio\/wp-content\/uploads\/2023\/12\/cgtmanifestacion2023-213.jpg","width":1200,"height":675},{"@type":"BreadcrumbList","@id":"https:\/\/diariotextual.com\/inicio\/index.php\/2023\/12\/26\/la-cgt-marcha-este-miercoles-a-tribunales-contra-el-dnu-de-milei\/#breadcrumb","itemListElement":[{"@type":"ListItem","position":1,"name":"Portada","item":"https:\/\/diariotextual.com\/inicio\/"},{"@type":"ListItem","position":2,"name":"La CGT marcha este mi\u00e9rcoles a Tribunales contra el DNU de Milei"}]},{"@type":"WebSite","@id":"https:\/\/diariotextual.com\/inicio\/#website","url":"https:\/\/diariotextual.com\/inicio\/","name":"Diario Textual","description":"","publisher":{"@id":"https:\/\/diariotextual.com\/inicio\/#organization"},"potentialAction":[{"@type":"SearchAction","target":{"@type":"EntryPoint","urlTemplate":"https:\/\/diariotextual.com\/inicio\/?s={search_term_string}"},"query-input":{"@type":"PropertyValueSpecification","valueRequired":true,"valueName":"search_term_string"}}],"inLanguage":"es"},{"@type":"Organization","@id":"https:\/\/diariotextual.com\/inicio\/#organization","name":"Diario Textual","url":"https:\/\/diariotextual.com\/inicio\/","logo":{"@type":"ImageObject","inLanguage":"es","@id":"https:\/\/diariotextual.com\/inicio\/#\/schema\/logo\/image\/","url":"https:\/\/diariotextual.com\/inicio\/wp-content\/uploads\/2023\/05\/logotextual1.jpg","contentUrl":"https:\/\/diariotextual.com\/inicio\/wp-content\/uploads\/2023\/05\/logotextual1.jpg","width":516,"height":76,"caption":"Diario Textual"},"image":{"@id":"https:\/\/diariotextual.com\/inicio\/#\/schema\/logo\/image\/"},"sameAs":["https:\/\/www.facebook.com\/eltextual","https:\/\/x.com\/eltextual","http:\/\/www.instagram.com\/eltextual"]},{"@type":"Person","@id":"https:\/\/diariotextual.com\/inicio\/#\/schema\/person\/a1b6f563e0ee944c60f98119389a4d9f","name":"diario3","image":{"@type":"ImageObject","inLanguage":"es","@id":"https:\/\/secure.gravatar.com\/avatar\/5e7ee62c82fc04d9dd79d746a390d93c69c43223e5faeeb3ea9461ef752bfc5d?s=96&d=mm&r=g","url":"https:\/\/secure.gravatar.com\/avatar\/5e7ee62c82fc04d9dd79d746a390d93c69c43223e5faeeb3ea9461ef752bfc5d?s=96&d=mm&r=g","contentUrl":"https:\/\/secure.gravatar.com\/avatar\/5e7ee62c82fc04d9dd79d746a390d93c69c43223e5faeeb3ea9461ef752bfc5d?s=96&d=mm&r=g","caption":"diario3"},"url":"https:\/\/diariotextual.com\/inicio\/index.php\/author\/diario3\/"}]}},"_links":{"self":[{"href":"https:\/\/diariotextual.com\/inicio\/index.php\/wp-json\/wp\/v2\/posts\/249144","targetHints":{"allow":["GET"]}}],"collection":[{"href":"https:\/\/diariotextual.com\/inicio\/index.php\/wp-json\/wp\/v2\/posts"}],"about":[{"href":"https:\/\/diariotextual.com\/inicio\/index.php\/wp-json\/wp\/v2\/types\/post"}],"author":[{"embeddable":true,"href":"https:\/\/diariotextual.com\/inicio\/index.php\/wp-json\/wp\/v2\/users\/5"}],"replies":[{"embeddable":true,"href":"https:\/\/diariotextual.com\/inicio\/index.php\/wp-json\/wp\/v2\/comments?post=249144"}],"version-history":[{"count":1,"href":"https:\/\/diariotextual.com\/inicio\/index.php\/wp-json\/wp\/v2\/posts\/249144\/revisions"}],"predecessor-version":[{"id":249146,"href":"https:\/\/diariotextual.com\/inicio\/index.php\/wp-json\/wp\/v2\/posts\/249144\/revisions\/249146"}],"wp:featuredmedia":[{"embeddable":true,"href":"https:\/\/diariotextual.com\/inicio\/index.php\/wp-json\/wp\/v2\/media\/249157"}],"wp:attachment":[{"href":"https:\/\/diariotextual.com\/inicio\/index.php\/wp-json\/wp\/v2\/media?parent=249144"}],"wp:term":[{"taxonomy":"category","embeddable":true,"href":"https:\/\/diariotextual.com\/inicio\/index.php\/wp-json\/wp\/v2\/categories?post=249144"},{"taxonomy":"post_tag","embeddable":true,"href":"https:\/\/diariotextual.com\/inicio\/index.php\/wp-json\/wp\/v2\/tags?post=249144"}],"curies":[{"name":"wp","href":"https:\/\/api.w.org\/{rel}","templated":true}]}}