{"id":249291,"date":"2023-12-27T19:05:15","date_gmt":"2023-12-27T22:05:15","guid":{"rendered":"https:\/\/diariotextual.com\/inicio\/?p=249291"},"modified":"2023-12-27T19:43:13","modified_gmt":"2023-12-27T22:43:13","slug":"milei-pide-permiso-al-congreso-para-privatizar-todo-ypf-los-trenes-las-centrales-atomicas-aysa-arsat-aerolineas-y-el-banco-nacion","status":"publish","type":"post","link":"https:\/\/diariotextual.com\/inicio\/index.php\/2023\/12\/27\/milei-pide-permiso-al-congreso-para-privatizar-todo-ypf-los-trenes-las-centrales-atomicas-aysa-arsat-aerolineas-y-el-banco-nacion\/","title":{"rendered":"Milei pide permiso al Congreso para privatizar todo: YPF, los trenes, las centrales at\u00f3micas, Aysa, Arsat, Aerol\u00edneas y el Banco Naci\u00f3n"},"content":{"rendered":"\n<p><br>Javier Milei envi\u00f3 al Congreso de la Naci\u00f3n la \u00abley \u00f3mnibus\u00bb, el paquete con el que busca privatizar YPF, Aerol\u00edneas, los trenes, las centrales at\u00f3micas, Aysa, el Correo Argentino, la TV P\u00fablica y el Banco Naci\u00f3n, entre otra serie de empresas del Estado.<\/p>\n\n\n\n<p>El proyecto, de 351 p\u00e1ginas, se denomina \u00abLey de Bases y Puntos de Partida para La Libertad de los Argentinos\u00bb, una alusi\u00f3n directa al libro de Juan Bautista Alberdi, el padre de la Constituci\u00f3n de 1853.<\/p>\n\n\n\n<p>La iniciativa parlamentaria ingres\u00f3 por la C\u00e1mara de Diputados despu\u00e9s de las 15 e incluy\u00f3 una foto protocolar para registrar el momento en que el ministro del Interior, Guillermo Francos, le entreg\u00f3 en mano el texto al titular de la C\u00e1mara Baja, Mart\u00edn Menem.<\/p>\n\n\n\n<p>Ya desde el art\u00edculo 1\u00ba, el proyecto adelanta que \u00abcontiene delegaciones legislativas al Poder Ejecutivo nacional de emergencia p\u00fablica en materia econ\u00f3mica, financiera, fiscal, social, previsional, de seguridad, defensa, tarifaria, energ\u00e9tica, sanitaria y social, con especificaci\u00f3n de las bases que habilitan cada materia comprendida y con vigencia durante el plazo espec\u00edficamente previsto\u00bb.<\/p>\n\n\n\n<p>En el art\u00edculo 3\u00ba, adem\u00e1s, se declara \u00abla emergencia p\u00fablica\u00bb hasta el 31 de diciembre de 2025, y se concede que ese plazo \u00abpodr\u00e1 ser prorrogado por el Poder Ejecutivo nacional por el plazo m\u00e1ximo de dos a\u00f1os\u00bb. As\u00ed, Milei se garantizar\u00eda sus cuatro a\u00f1os de mandato con las facultades del Congreso delegadas a s\u00ed mismo.<\/p>\n\n\n\n<p>El proyecto suspende, adem\u00e1s, el art\u00edculo 32\u00ba de la Ley que regula el sistema de Jubilaciones y Pensiones. Ese p\u00e1rrafo incluye la movilidad del c\u00e1lculo para los haberes del sector pasivo.<\/p>\n","protected":false},"excerpt":{"rendered":"<p>Javier Milei envi\u00f3 al Congreso de la Naci\u00f3n la \u00abley \u00f3mnibus\u00bb, el paquete con el que busca privatizar YPF, Aerol\u00edneas, los trenes, las centrales at\u00f3micas, Aysa, el Correo Argentino, la&hellip;<\/p>\n","protected":false},"author":3,"featured_media":249293,"comment_status":"closed","ping_status":"open","sticky":false,"template":"","format":"standard","meta":{"_acf_changed":false,"footnotes":""},"categories":[1,8],"tags":[],"class_list":["post-249291","post","type-post","status-publish","format-standard","has-post-thumbnail","hentry","category-es-noticia","category-politica"],"acf":[],"yoast_head":"<!-- This site is optimized with the Yoast SEO plugin v27.5 - https:\/\/yoast.com\/product\/yoast-seo-wordpress\/ -->\n<title>Milei pide permiso al Congreso para privatizar todo: YPF, los trenes, las centrales at\u00f3micas, Aysa, Arsat, Aerol\u00edneas y el Banco Naci\u00f3n - Diario Textual<\/title>\n<meta name=\"robots\" content=\"index, follow, max-snippet:-1, max-image-preview:large, max-video-preview:-1\" \/>\n<link rel=\"canonical\" href=\"https:\/\/diariotextual.com\/inicio\/index.php\/2023\/12\/27\/milei-pide-permiso-al-congreso-para-privatizar-todo-ypf-los-trenes-las-centrales-atomicas-aysa-arsat-aerolineas-y-el-banco-nacion\/\" \/>\n<meta property=\"og:locale\" content=\"es_ES\" \/>\n<meta property=\"og:type\" content=\"article\" \/>\n<meta property=\"og:title\" content=\"Milei pide permiso al Congreso para privatizar todo: YPF, los trenes, las centrales at\u00f3micas, Aysa, Arsat, Aerol\u00edneas y el Banco Naci\u00f3n - Diario Textual\" \/>\n<meta property=\"og:description\" content=\"Javier Milei envi\u00f3 al Congreso de la Naci\u00f3n la \u00abley \u00f3mnibus\u00bb, el paquete con el que busca privatizar YPF, Aerol\u00edneas, los trenes, las centrales at\u00f3micas, Aysa, el Correo Argentino, la&hellip;\" \/>\n<meta property=\"og:url\" content=\"https:\/\/diariotextual.com\/inicio\/index.php\/2023\/12\/27\/milei-pide-permiso-al-congreso-para-privatizar-todo-ypf-los-trenes-las-centrales-atomicas-aysa-arsat-aerolineas-y-el-banco-nacion\/\" \/>\n<meta property=\"og:site_name\" content=\"Diario Textual\" \/>\n<meta property=\"article:publisher\" content=\"https:\/\/www.facebook.com\/eltextual\" \/>\n<meta property=\"article:published_time\" content=\"2023-12-27T22:05:15+00:00\" \/>\n<meta property=\"article:modified_time\" content=\"2023-12-27T22:43:13+00:00\" \/>\n<meta property=\"og:image\" content=\"https:\/\/diariotextual.com\/inicio\/wp-content\/uploads\/2023\/12\/banconacionprivatizacionmileitextual2023-1.jpg\" \/>\n\t<meta property=\"og:image:width\" content=\"1182\" \/>\n\t<meta property=\"og:image:height\" content=\"756\" \/>\n\t<meta property=\"og:image:type\" content=\"image\/jpeg\" \/>\n<meta name=\"author\" content=\"Diario1 Diario1\" \/>\n<meta name=\"twitter:card\" content=\"summary_large_image\" \/>\n<meta name=\"twitter:creator\" content=\"@eltextual\" \/>\n<meta name=\"twitter:site\" content=\"@eltextual\" \/>\n<meta name=\"twitter:label1\" content=\"Escrito por\" \/>\n\t<meta name=\"twitter:data1\" content=\"Diario1 Diario1\" \/>\n\t<meta name=\"twitter:label2\" content=\"Tiempo de lectura\" \/>\n\t<meta name=\"twitter:data2\" content=\"2 minutos\" \/>\n<script type=\"application\/ld+json\" class=\"yoast-schema-graph\">{\"@context\":\"https:\\\/\\\/schema.org\",\"@graph\":[{\"@type\":\"Article\",\"@id\":\"https:\\\/\\\/diariotextual.com\\\/inicio\\\/index.php\\\/2023\\\/12\\\/27\\\/milei-pide-permiso-al-congreso-para-privatizar-todo-ypf-los-trenes-las-centrales-atomicas-aysa-arsat-aerolineas-y-el-banco-nacion\\\/#article\",\"isPartOf\":{\"@id\":\"https:\\\/\\\/diariotextual.com\\\/inicio\\\/index.php\\\/2023\\\/12\\\/27\\\/milei-pide-permiso-al-congreso-para-privatizar-todo-ypf-los-trenes-las-centrales-atomicas-aysa-arsat-aerolineas-y-el-banco-nacion\\\/\"},\"author\":{\"name\":\"Diario1 Diario1\",\"@id\":\"https:\\\/\\\/diariotextual.com\\\/inicio\\\/#\\\/schema\\\/person\\\/418fc4093c33e86ed41562db3508f958\"},\"headline\":\"Milei pide permiso al Congreso para privatizar todo: YPF, los trenes, las centrales at\u00f3micas, Aysa, Arsat, Aerol\u00edneas y el Banco Naci\u00f3n\",\"datePublished\":\"2023-12-27T22:05:15+00:00\",\"dateModified\":\"2023-12-27T22:43:13+00:00\",\"mainEntityOfPage\":{\"@id\":\"https:\\\/\\\/diariotextual.com\\\/inicio\\\/index.php\\\/2023\\\/12\\\/27\\\/milei-pide-permiso-al-congreso-para-privatizar-todo-ypf-los-trenes-las-centrales-atomicas-aysa-arsat-aerolineas-y-el-banco-nacion\\\/\"},\"wordCount\":307,\"publisher\":{\"@id\":\"https:\\\/\\\/diariotextual.com\\\/inicio\\\/#organization\"},\"image\":{\"@id\":\"https:\\\/\\\/diariotextual.com\\\/inicio\\\/index.php\\\/2023\\\/12\\\/27\\\/milei-pide-permiso-al-congreso-para-privatizar-todo-ypf-los-trenes-las-centrales-atomicas-aysa-arsat-aerolineas-y-el-banco-nacion\\\/#primaryimage\"},\"thumbnailUrl\":\"https:\\\/\\\/diariotextual.com\\\/inicio\\\/wp-content\\\/uploads\\\/2023\\\/12\\\/banconacionprivatizacionmileitextual2023-1.jpg\",\"articleSection\":[\"A - ES NOTICIA (van abajo)\",\"POLITICA\"],\"inLanguage\":\"es\"},{\"@type\":\"WebPage\",\"@id\":\"https:\\\/\\\/diariotextual.com\\\/inicio\\\/index.php\\\/2023\\\/12\\\/27\\\/milei-pide-permiso-al-congreso-para-privatizar-todo-ypf-los-trenes-las-centrales-atomicas-aysa-arsat-aerolineas-y-el-banco-nacion\\\/\",\"url\":\"https:\\\/\\\/diariotextual.com\\\/inicio\\\/index.php\\\/2023\\\/12\\\/27\\\/milei-pide-permiso-al-congreso-para-privatizar-todo-ypf-los-trenes-las-centrales-atomicas-aysa-arsat-aerolineas-y-el-banco-nacion\\\/\",\"name\":\"Milei pide permiso al Congreso para privatizar todo: YPF, los trenes, las centrales at\u00f3micas, Aysa, Arsat, Aerol\u00edneas y el Banco Naci\u00f3n - Diario Textual\",\"isPartOf\":{\"@id\":\"https:\\\/\\\/diariotextual.com\\\/inicio\\\/#website\"},\"primaryImageOfPage\":{\"@id\":\"https:\\\/\\\/diariotextual.com\\\/inicio\\\/index.php\\\/2023\\\/12\\\/27\\\/milei-pide-permiso-al-congreso-para-privatizar-todo-ypf-los-trenes-las-centrales-atomicas-aysa-arsat-aerolineas-y-el-banco-nacion\\\/#primaryimage\"},\"image\":{\"@id\":\"https:\\\/\\\/diariotextual.com\\\/inicio\\\/index.php\\\/2023\\\/12\\\/27\\\/milei-pide-permiso-al-congreso-para-privatizar-todo-ypf-los-trenes-las-centrales-atomicas-aysa-arsat-aerolineas-y-el-banco-nacion\\\/#primaryimage\"},\"thumbnailUrl\":\"https:\\\/\\\/diariotextual.com\\\/inicio\\\/wp-content\\\/uploads\\\/2023\\\/12\\\/banconacionprivatizacionmileitextual2023-1.jpg\",\"datePublished\":\"2023-12-27T22:05:15+00:00\",\"dateModified\":\"2023-12-27T22:43:13+00:00\",\"breadcrumb\":{\"@id\":\"https:\\\/\\\/diariotextual.com\\\/inicio\\\/index.php\\\/2023\\\/12\\\/27\\\/milei-pide-permiso-al-congreso-para-privatizar-todo-ypf-los-trenes-las-centrales-atomicas-aysa-arsat-aerolineas-y-el-banco-nacion\\\/#breadcrumb\"},\"inLanguage\":\"es\",\"potentialAction\":[{\"@type\":\"ReadAction\",\"target\":[\"https:\\\/\\\/diariotextual.com\\\/inicio\\\/index.php\\\/2023\\\/12\\\/27\\\/milei-pide-permiso-al-congreso-para-privatizar-todo-ypf-los-trenes-las-centrales-atomicas-aysa-arsat-aerolineas-y-el-banco-nacion\\\/\"]}]},{\"@type\":\"ImageObject\",\"inLanguage\":\"es\",\"@id\":\"https:\\\/\\\/diariotextual.com\\\/inicio\\\/index.php\\\/2023\\\/12\\\/27\\\/milei-pide-permiso-al-congreso-para-privatizar-todo-ypf-los-trenes-las-centrales-atomicas-aysa-arsat-aerolineas-y-el-banco-nacion\\\/#primaryimage\",\"url\":\"https:\\\/\\\/diariotextual.com\\\/inicio\\\/wp-content\\\/uploads\\\/2023\\\/12\\\/banconacionprivatizacionmileitextual2023-1.jpg\",\"contentUrl\":\"https:\\\/\\\/diariotextual.com\\\/inicio\\\/wp-content\\\/uploads\\\/2023\\\/12\\\/banconacionprivatizacionmileitextual2023-1.jpg\",\"width\":1182,\"height\":756},{\"@type\":\"BreadcrumbList\",\"@id\":\"https:\\\/\\\/diariotextual.com\\\/inicio\\\/index.php\\\/2023\\\/12\\\/27\\\/milei-pide-permiso-al-congreso-para-privatizar-todo-ypf-los-trenes-las-centrales-atomicas-aysa-arsat-aerolineas-y-el-banco-nacion\\\/#breadcrumb\",\"itemListElement\":[{\"@type\":\"ListItem\",\"position\":1,\"name\":\"Portada\",\"item\":\"https:\\\/\\\/diariotextual.com\\\/inicio\\\/\"},{\"@type\":\"ListItem\",\"position\":2,\"name\":\"Milei pide permiso al Congreso para privatizar todo: YPF, los trenes, las centrales at\u00f3micas, Aysa, Arsat, Aerol\u00edneas y el Banco Naci\u00f3n\"}]},{\"@type\":\"WebSite\",\"@id\":\"https:\\\/\\\/diariotextual.com\\\/inicio\\\/#website\",\"url\":\"https:\\\/\\\/diariotextual.com\\\/inicio\\\/\",\"name\":\"Diario Textual\",\"description\":\"\",\"publisher\":{\"@id\":\"https:\\\/\\\/diariotextual.com\\\/inicio\\\/#organization\"},\"potentialAction\":[{\"@type\":\"SearchAction\",\"target\":{\"@type\":\"EntryPoint\",\"urlTemplate\":\"https:\\\/\\\/diariotextual.com\\\/inicio\\\/?s={search_term_string}\"},\"query-input\":{\"@type\":\"PropertyValueSpecification\",\"valueRequired\":true,\"valueName\":\"search_term_string\"}}],\"inLanguage\":\"es\"},{\"@type\":\"Organization\",\"@id\":\"https:\\\/\\\/diariotextual.com\\\/inicio\\\/#organization\",\"name\":\"Diario Textual\",\"url\":\"https:\\\/\\\/diariotextual.com\\\/inicio\\\/\",\"logo\":{\"@type\":\"ImageObject\",\"inLanguage\":\"es\",\"@id\":\"https:\\\/\\\/diariotextual.com\\\/inicio\\\/#\\\/schema\\\/logo\\\/image\\\/\",\"url\":\"https:\\\/\\\/diariotextual.com\\\/inicio\\\/wp-content\\\/uploads\\\/2023\\\/05\\\/logotextual1.jpg\",\"contentUrl\":\"https:\\\/\\\/diariotextual.com\\\/inicio\\\/wp-content\\\/uploads\\\/2023\\\/05\\\/logotextual1.jpg\",\"width\":516,\"height\":76,\"caption\":\"Diario Textual\"},\"image\":{\"@id\":\"https:\\\/\\\/diariotextual.com\\\/inicio\\\/#\\\/schema\\\/logo\\\/image\\\/\"},\"sameAs\":[\"https:\\\/\\\/www.facebook.com\\\/eltextual\",\"https:\\\/\\\/x.com\\\/eltextual\",\"http:\\\/\\\/www.instagram.com\\\/eltextual\"]},{\"@type\":\"Person\",\"@id\":\"https:\\\/\\\/diariotextual.com\\\/inicio\\\/#\\\/schema\\\/person\\\/418fc4093c33e86ed41562db3508f958\",\"name\":\"Diario1 Diario1\",\"image\":{\"@type\":\"ImageObject\",\"inLanguage\":\"es\",\"@id\":\"https:\\\/\\\/secure.gravatar.com\\\/avatar\\\/9167d280179c85bc18be67aa7eda765854300033af4896dd779b608640f2ef7a?s=96&d=mm&r=g\",\"url\":\"https:\\\/\\\/secure.gravatar.com\\\/avatar\\\/9167d280179c85bc18be67aa7eda765854300033af4896dd779b608640f2ef7a?s=96&d=mm&r=g\",\"contentUrl\":\"https:\\\/\\\/secure.gravatar.com\\\/avatar\\\/9167d280179c85bc18be67aa7eda765854300033af4896dd779b608640f2ef7a?s=96&d=mm&r=g\",\"caption\":\"Diario1 Diario1\"},\"url\":\"https:\\\/\\\/diariotextual.com\\\/inicio\\\/index.php\\\/author\\\/diario1\\\/\"}]}<\/script>\n<!-- \/ Yoast SEO plugin. -->","yoast_head_json":{"title":"Milei pide permiso al Congreso para privatizar todo: YPF, los trenes, las centrales at\u00f3micas, Aysa, Arsat, Aerol\u00edneas y el Banco Naci\u00f3n - Diario Textual","robots":{"index":"index","follow":"follow","max-snippet":"max-snippet:-1","max-image-preview":"max-image-preview:large","max-video-preview":"max-video-preview:-1"},"canonical":"https:\/\/diariotextual.com\/inicio\/index.php\/2023\/12\/27\/milei-pide-permiso-al-congreso-para-privatizar-todo-ypf-los-trenes-las-centrales-atomicas-aysa-arsat-aerolineas-y-el-banco-nacion\/","og_locale":"es_ES","og_type":"article","og_title":"Milei pide permiso al Congreso para privatizar todo: YPF, los trenes, las centrales at\u00f3micas, Aysa, Arsat, Aerol\u00edneas y el Banco Naci\u00f3n - Diario Textual","og_description":"Javier Milei envi\u00f3 al Congreso de la Naci\u00f3n la \u00abley \u00f3mnibus\u00bb, el paquete con el que busca privatizar YPF, Aerol\u00edneas, los trenes, las centrales at\u00f3micas, Aysa, el Correo Argentino, la&hellip;","og_url":"https:\/\/diariotextual.com\/inicio\/index.php\/2023\/12\/27\/milei-pide-permiso-al-congreso-para-privatizar-todo-ypf-los-trenes-las-centrales-atomicas-aysa-arsat-aerolineas-y-el-banco-nacion\/","og_site_name":"Diario Textual","article_publisher":"https:\/\/www.facebook.com\/eltextual","article_published_time":"2023-12-27T22:05:15+00:00","article_modified_time":"2023-12-27T22:43:13+00:00","og_image":[{"width":1182,"height":756,"url":"https:\/\/diariotextual.com\/inicio\/wp-content\/uploads\/2023\/12\/banconacionprivatizacionmileitextual2023-1.jpg","type":"image\/jpeg"}],"author":"Diario1 Diario1","twitter_card":"summary_large_image","twitter_creator":"@eltextual","twitter_site":"@eltextual","twitter_misc":{"Escrito por":"Diario1 Diario1","Tiempo de lectura":"2 minutos"},"schema":{"@context":"https:\/\/schema.org","@graph":[{"@type":"Article","@id":"https:\/\/diariotextual.com\/inicio\/index.php\/2023\/12\/27\/milei-pide-permiso-al-congreso-para-privatizar-todo-ypf-los-trenes-las-centrales-atomicas-aysa-arsat-aerolineas-y-el-banco-nacion\/#article","isPartOf":{"@id":"https:\/\/diariotextual.com\/inicio\/index.php\/2023\/12\/27\/milei-pide-permiso-al-congreso-para-privatizar-todo-ypf-los-trenes-las-centrales-atomicas-aysa-arsat-aerolineas-y-el-banco-nacion\/"},"author":{"name":"Diario1 Diario1","@id":"https:\/\/diariotextual.com\/inicio\/#\/schema\/person\/418fc4093c33e86ed41562db3508f958"},"headline":"Milei pide permiso al Congreso para privatizar todo: YPF, los trenes, las centrales at\u00f3micas, Aysa, Arsat, Aerol\u00edneas y el Banco Naci\u00f3n","datePublished":"2023-12-27T22:05:15+00:00","dateModified":"2023-12-27T22:43:13+00:00","mainEntityOfPage":{"@id":"https:\/\/diariotextual.com\/inicio\/index.php\/2023\/12\/27\/milei-pide-permiso-al-congreso-para-privatizar-todo-ypf-los-trenes-las-centrales-atomicas-aysa-arsat-aerolineas-y-el-banco-nacion\/"},"wordCount":307,"publisher":{"@id":"https:\/\/diariotextual.com\/inicio\/#organization"},"image":{"@id":"https:\/\/diariotextual.com\/inicio\/index.php\/2023\/12\/27\/milei-pide-permiso-al-congreso-para-privatizar-todo-ypf-los-trenes-las-centrales-atomicas-aysa-arsat-aerolineas-y-el-banco-nacion\/#primaryimage"},"thumbnailUrl":"https:\/\/diariotextual.com\/inicio\/wp-content\/uploads\/2023\/12\/banconacionprivatizacionmileitextual2023-1.jpg","articleSection":["A - ES NOTICIA (van abajo)","POLITICA"],"inLanguage":"es"},{"@type":"WebPage","@id":"https:\/\/diariotextual.com\/inicio\/index.php\/2023\/12\/27\/milei-pide-permiso-al-congreso-para-privatizar-todo-ypf-los-trenes-las-centrales-atomicas-aysa-arsat-aerolineas-y-el-banco-nacion\/","url":"https:\/\/diariotextual.com\/inicio\/index.php\/2023\/12\/27\/milei-pide-permiso-al-congreso-para-privatizar-todo-ypf-los-trenes-las-centrales-atomicas-aysa-arsat-aerolineas-y-el-banco-nacion\/","name":"Milei pide permiso al Congreso para privatizar todo: YPF, los trenes, las centrales at\u00f3micas, Aysa, Arsat, Aerol\u00edneas y el Banco Naci\u00f3n - Diario Textual","isPartOf":{"@id":"https:\/\/diariotextual.com\/inicio\/#website"},"primaryImageOfPage":{"@id":"https:\/\/diariotextual.com\/inicio\/index.php\/2023\/12\/27\/milei-pide-permiso-al-congreso-para-privatizar-todo-ypf-los-trenes-las-centrales-atomicas-aysa-arsat-aerolineas-y-el-banco-nacion\/#primaryimage"},"image":{"@id":"https:\/\/diariotextual.com\/inicio\/index.php\/2023\/12\/27\/milei-pide-permiso-al-congreso-para-privatizar-todo-ypf-los-trenes-las-centrales-atomicas-aysa-arsat-aerolineas-y-el-banco-nacion\/#primaryimage"},"thumbnailUrl":"https:\/\/diariotextual.com\/inicio\/wp-content\/uploads\/2023\/12\/banconacionprivatizacionmileitextual2023-1.jpg","datePublished":"2023-12-27T22:05:15+00:00","dateModified":"2023-12-27T22:43:13+00:00","breadcrumb":{"@id":"https:\/\/diariotextual.com\/inicio\/index.php\/2023\/12\/27\/milei-pide-permiso-al-congreso-para-privatizar-todo-ypf-los-trenes-las-centrales-atomicas-aysa-arsat-aerolineas-y-el-banco-nacion\/#breadcrumb"},"inLanguage":"es","potentialAction":[{"@type":"ReadAction","target":["https:\/\/diariotextual.com\/inicio\/index.php\/2023\/12\/27\/milei-pide-permiso-al-congreso-para-privatizar-todo-ypf-los-trenes-las-centrales-atomicas-aysa-arsat-aerolineas-y-el-banco-nacion\/"]}]},{"@type":"ImageObject","inLanguage":"es","@id":"https:\/\/diariotextual.com\/inicio\/index.php\/2023\/12\/27\/milei-pide-permiso-al-congreso-para-privatizar-todo-ypf-los-trenes-las-centrales-atomicas-aysa-arsat-aerolineas-y-el-banco-nacion\/#primaryimage","url":"https:\/\/diariotextual.com\/inicio\/wp-content\/uploads\/2023\/12\/banconacionprivatizacionmileitextual2023-1.jpg","contentUrl":"https:\/\/diariotextual.com\/inicio\/wp-content\/uploads\/2023\/12\/banconacionprivatizacionmileitextual2023-1.jpg","width":1182,"height":756},{"@type":"BreadcrumbList","@id":"https:\/\/diariotextual.com\/inicio\/index.php\/2023\/12\/27\/milei-pide-permiso-al-congreso-para-privatizar-todo-ypf-los-trenes-las-centrales-atomicas-aysa-arsat-aerolineas-y-el-banco-nacion\/#breadcrumb","itemListElement":[{"@type":"ListItem","position":1,"name":"Portada","item":"https:\/\/diariotextual.com\/inicio\/"},{"@type":"ListItem","position":2,"name":"Milei pide permiso al Congreso para privatizar todo: YPF, los trenes, las centrales at\u00f3micas, Aysa, Arsat, Aerol\u00edneas y el Banco Naci\u00f3n"}]},{"@type":"WebSite","@id":"https:\/\/diariotextual.com\/inicio\/#website","url":"https:\/\/diariotextual.com\/inicio\/","name":"Diario Textual","description":"","publisher":{"@id":"https:\/\/diariotextual.com\/inicio\/#organization"},"potentialAction":[{"@type":"SearchAction","target":{"@type":"EntryPoint","urlTemplate":"https:\/\/diariotextual.com\/inicio\/?s={search_term_string}"},"query-input":{"@type":"PropertyValueSpecification","valueRequired":true,"valueName":"search_term_string"}}],"inLanguage":"es"},{"@type":"Organization","@id":"https:\/\/diariotextual.com\/inicio\/#organization","name":"Diario Textual","url":"https:\/\/diariotextual.com\/inicio\/","logo":{"@type":"ImageObject","inLanguage":"es","@id":"https:\/\/diariotextual.com\/inicio\/#\/schema\/logo\/image\/","url":"https:\/\/diariotextual.com\/inicio\/wp-content\/uploads\/2023\/05\/logotextual1.jpg","contentUrl":"https:\/\/diariotextual.com\/inicio\/wp-content\/uploads\/2023\/05\/logotextual1.jpg","width":516,"height":76,"caption":"Diario Textual"},"image":{"@id":"https:\/\/diariotextual.com\/inicio\/#\/schema\/logo\/image\/"},"sameAs":["https:\/\/www.facebook.com\/eltextual","https:\/\/x.com\/eltextual","http:\/\/www.instagram.com\/eltextual"]},{"@type":"Person","@id":"https:\/\/diariotextual.com\/inicio\/#\/schema\/person\/418fc4093c33e86ed41562db3508f958","name":"Diario1 Diario1","image":{"@type":"ImageObject","inLanguage":"es","@id":"https:\/\/secure.gravatar.com\/avatar\/9167d280179c85bc18be67aa7eda765854300033af4896dd779b608640f2ef7a?s=96&d=mm&r=g","url":"https:\/\/secure.gravatar.com\/avatar\/9167d280179c85bc18be67aa7eda765854300033af4896dd779b608640f2ef7a?s=96&d=mm&r=g","contentUrl":"https:\/\/secure.gravatar.com\/avatar\/9167d280179c85bc18be67aa7eda765854300033af4896dd779b608640f2ef7a?s=96&d=mm&r=g","caption":"Diario1 Diario1"},"url":"https:\/\/diariotextual.com\/inicio\/index.php\/author\/diario1\/"}]}},"_links":{"self":[{"href":"https:\/\/diariotextual.com\/inicio\/index.php\/wp-json\/wp\/v2\/posts\/249291","targetHints":{"allow":["GET"]}}],"collection":[{"href":"https:\/\/diariotextual.com\/inicio\/index.php\/wp-json\/wp\/v2\/posts"}],"about":[{"href":"https:\/\/diariotextual.com\/inicio\/index.php\/wp-json\/wp\/v2\/types\/post"}],"author":[{"embeddable":true,"href":"https:\/\/diariotextual.com\/inicio\/index.php\/wp-json\/wp\/v2\/users\/3"}],"replies":[{"embeddable":true,"href":"https:\/\/diariotextual.com\/inicio\/index.php\/wp-json\/wp\/v2\/comments?post=249291"}],"version-history":[{"count":2,"href":"https:\/\/diariotextual.com\/inicio\/index.php\/wp-json\/wp\/v2\/posts\/249291\/revisions"}],"predecessor-version":[{"id":249294,"href":"https:\/\/diariotextual.com\/inicio\/index.php\/wp-json\/wp\/v2\/posts\/249291\/revisions\/249294"}],"wp:featuredmedia":[{"embeddable":true,"href":"https:\/\/diariotextual.com\/inicio\/index.php\/wp-json\/wp\/v2\/media\/249293"}],"wp:attachment":[{"href":"https:\/\/diariotextual.com\/inicio\/index.php\/wp-json\/wp\/v2\/media?parent=249291"}],"wp:term":[{"taxonomy":"category","embeddable":true,"href":"https:\/\/diariotextual.com\/inicio\/index.php\/wp-json\/wp\/v2\/categories?post=249291"},{"taxonomy":"post_tag","embeddable":true,"href":"https:\/\/diariotextual.com\/inicio\/index.php\/wp-json\/wp\/v2\/tags?post=249291"}],"curies":[{"name":"wp","href":"https:\/\/api.w.org\/{rel}","templated":true}]}}