{"id":249342,"date":"2023-12-27T21:33:08","date_gmt":"2023-12-28T00:33:08","guid":{"rendered":"https:\/\/diariotextual.com\/inicio\/?p=249342"},"modified":"2023-12-27T21:33:10","modified_gmt":"2023-12-28T00:33:10","slug":"el-ejecutivo-nacional-propone-la-disolucion-del-inadi","status":"publish","type":"post","link":"https:\/\/diariotextual.com\/inicio\/index.php\/2023\/12\/27\/el-ejecutivo-nacional-propone-la-disolucion-del-inadi\/","title":{"rendered":"El Ejecutivo nacional propone la disoluci\u00f3n del Inadi"},"content":{"rendered":"\n<p>El Gobierno nacional propuso al Congreso la <strong>eliminaci\u00f3n del Instituto Nacional contra la Discriminaci\u00f3n, la Xenofobia y el Racismo (Inadi)<\/strong> mediante un art\u00edculo que impulsa la <strong>derogaci\u00f3n de la ley que lo cre\u00f3 en julio de 1995.<\/strong><\/p>\n\n\n\n<p>A trav\u00e9s del art\u00edculo n\u00famero 348 del apartado de Justicia de la denominada \u00abLey de Bases y Puntos de Partida para la Libertad de los Argentinos\u00bb, el<strong> Poder Ejecutivo expone la derogaci\u00f3n de la Ley 24.515 que ten\u00eda por objeto la creaci\u00f3n Inadi como entidad descentralizada<\/strong> y que durante la gesti\u00f3n pasada se ubic\u00f3 bajo la \u00f3rbita del entonces Ministerio de Justicia y Derechos Humanos de la Naci\u00f3n.<\/p>\n\n\n\n<p>El Instituto fue creado para llevar a cabo \u00abla <strong>elaboraci\u00f3n de pol\u00edticas nacionales y medidas concretas para combatir la discriminaci\u00f3n, la xenofobia y el racismo, impulsando y llevando a cabo acciones para tal fin<\/strong>\u00ab, seg\u00fan el art\u00edculo 2 de la Ley que le dio origen sancionada el 5 de julio de 1995.<\/p>\n\n\n\n<p>Entre sus atribuciones y funciones se cuentan el <strong>dise\u00f1o e impulso de campa\u00f1as educativas tendientes a la valorizaci\u00f3n del pluralismo social y cultural; la eliminaci\u00f3n de actitudes discriminatorias, xenof\u00f3bicas<\/strong> o racistas as\u00ed como la recepci\u00f3n y centralizaci\u00f3n de denuncias sobre conductas discriminatorias, entre otras.<\/p>\n\n\n\n<p>Actualmente, la <strong>entidad tiene como interventora designada a Greta Pena<\/strong>, abogada, periodista y especialista en pol\u00edticas p\u00fablicas de derechos humanos, igualdad y no discriminaci\u00f3n.<\/p>\n\n\n\n<p>El presidente Javier Milei envi\u00f3 a la C\u00e1mara de Diputados el proyecto de \u00abLey de Bases y Puntos de Partida para La Libertad de los Argentinos\u00bb, en la que pide al Congreso declarar la emergencia p\u00fablica en materia econ\u00f3mica, financiera, fiscal, previsional, de seguridad, defensa, tarifaria, energ\u00e9tica, sanitaria, administrativa y social hasta el 31 de diciembre de 2025.<\/p>\n\n\n\n<p>El texto fija que el plazo para la emergencia podr\u00e1 ser prorrogado por el Poder Ejecutivo nacional por el plazo m\u00e1ximo de dos a\u00f1os.<\/p>\n\n\n\n<p>La iniciativa est\u00e1 firmada por Milei, el jefe de Gabinete Nicol\u00e1s Posse, y los ministros del Poder Ejecutivo consta de 183 p\u00e1ginas y 664 art\u00edculos.<\/p>\n\n\n\n<p>Esta semana el Gobierno formaliz\u00f3 el llamado a sesiones extraordinarias en el Congreso Nacional desde ayer -26 de diciembre- hasta el 31 de enero del 2024 para tratar un paquete de iniciativas impulsadas por el oficialismo.<\/p>\n","protected":false},"excerpt":{"rendered":"<p>El Gobierno nacional propuso al Congreso la eliminaci\u00f3n del Instituto Nacional contra la Discriminaci\u00f3n, la Xenofobia y el Racismo (Inadi) mediante un art\u00edculo que impulsa la derogaci\u00f3n de la ley&hellip;<\/p>\n","protected":false},"author":5,"featured_media":249345,"comment_status":"closed","ping_status":"open","sticky":false,"template":"","format":"standard","meta":{"_acf_changed":false,"footnotes":""},"categories":[1,8],"tags":[2642,6313],"class_list":["post-249342","post","type-post","status-publish","format-standard","has-post-thumbnail","hentry","category-es-noticia","category-politica","tag-inadi","tag-milei"],"acf":[],"yoast_head":"<!-- This site is optimized with the Yoast SEO plugin v27.5 - https:\/\/yoast.com\/product\/yoast-seo-wordpress\/ -->\n<title>El Ejecutivo nacional propone la disoluci\u00f3n del Inadi - Diario Textual<\/title>\n<meta name=\"robots\" content=\"index, follow, max-snippet:-1, max-image-preview:large, max-video-preview:-1\" \/>\n<link rel=\"canonical\" href=\"https:\/\/diariotextual.com\/inicio\/index.php\/2023\/12\/27\/el-ejecutivo-nacional-propone-la-disolucion-del-inadi\/\" \/>\n<meta property=\"og:locale\" content=\"es_ES\" \/>\n<meta property=\"og:type\" content=\"article\" \/>\n<meta property=\"og:title\" content=\"El Ejecutivo nacional propone la disoluci\u00f3n del Inadi - Diario Textual\" \/>\n<meta property=\"og:description\" content=\"El Gobierno nacional propuso al Congreso la eliminaci\u00f3n del Instituto Nacional contra la Discriminaci\u00f3n, la Xenofobia y el Racismo (Inadi) mediante un art\u00edculo que impulsa la derogaci\u00f3n de la ley&hellip;\" \/>\n<meta property=\"og:url\" content=\"https:\/\/diariotextual.com\/inicio\/index.php\/2023\/12\/27\/el-ejecutivo-nacional-propone-la-disolucion-del-inadi\/\" \/>\n<meta property=\"og:site_name\" content=\"Diario Textual\" \/>\n<meta property=\"article:publisher\" content=\"https:\/\/www.facebook.com\/eltextual\" \/>\n<meta property=\"article:published_time\" content=\"2023-12-28T00:33:08+00:00\" \/>\n<meta property=\"article:modified_time\" content=\"2023-12-28T00:33:10+00:00\" \/>\n<meta property=\"og:image\" content=\"https:\/\/diariotextual.com\/inicio\/wp-content\/uploads\/2023\/12\/inadicampana2023.jpg\" \/>\n\t<meta property=\"og:image:width\" content=\"900\" \/>\n\t<meta property=\"og:image:height\" content=\"506\" \/>\n\t<meta property=\"og:image:type\" content=\"image\/jpeg\" \/>\n<meta name=\"author\" content=\"diario3\" \/>\n<meta name=\"twitter:card\" content=\"summary_large_image\" \/>\n<meta name=\"twitter:creator\" content=\"@eltextual\" \/>\n<meta name=\"twitter:site\" content=\"@eltextual\" \/>\n<meta name=\"twitter:label1\" content=\"Escrito por\" \/>\n\t<meta name=\"twitter:data1\" content=\"diario3\" \/>\n\t<meta name=\"twitter:label2\" content=\"Tiempo de lectura\" \/>\n\t<meta name=\"twitter:data2\" content=\"2 minutos\" \/>\n<script type=\"application\/ld+json\" class=\"yoast-schema-graph\">{\"@context\":\"https:\\\/\\\/schema.org\",\"@graph\":[{\"@type\":\"Article\",\"@id\":\"https:\\\/\\\/diariotextual.com\\\/inicio\\\/index.php\\\/2023\\\/12\\\/27\\\/el-ejecutivo-nacional-propone-la-disolucion-del-inadi\\\/#article\",\"isPartOf\":{\"@id\":\"https:\\\/\\\/diariotextual.com\\\/inicio\\\/index.php\\\/2023\\\/12\\\/27\\\/el-ejecutivo-nacional-propone-la-disolucion-del-inadi\\\/\"},\"author\":{\"name\":\"diario3\",\"@id\":\"https:\\\/\\\/diariotextual.com\\\/inicio\\\/#\\\/schema\\\/person\\\/a1b6f563e0ee944c60f98119389a4d9f\"},\"headline\":\"El Ejecutivo nacional propone la disoluci\u00f3n del Inadi\",\"datePublished\":\"2023-12-28T00:33:08+00:00\",\"dateModified\":\"2023-12-28T00:33:10+00:00\",\"mainEntityOfPage\":{\"@id\":\"https:\\\/\\\/diariotextual.com\\\/inicio\\\/index.php\\\/2023\\\/12\\\/27\\\/el-ejecutivo-nacional-propone-la-disolucion-del-inadi\\\/\"},\"wordCount\":401,\"publisher\":{\"@id\":\"https:\\\/\\\/diariotextual.com\\\/inicio\\\/#organization\"},\"image\":{\"@id\":\"https:\\\/\\\/diariotextual.com\\\/inicio\\\/index.php\\\/2023\\\/12\\\/27\\\/el-ejecutivo-nacional-propone-la-disolucion-del-inadi\\\/#primaryimage\"},\"thumbnailUrl\":\"https:\\\/\\\/diariotextual.com\\\/inicio\\\/wp-content\\\/uploads\\\/2023\\\/12\\\/inadicampana2023.jpg\",\"keywords\":[\"inadi\",\"milei\"],\"articleSection\":[\"A - ES NOTICIA (van abajo)\",\"POLITICA\"],\"inLanguage\":\"es\"},{\"@type\":\"WebPage\",\"@id\":\"https:\\\/\\\/diariotextual.com\\\/inicio\\\/index.php\\\/2023\\\/12\\\/27\\\/el-ejecutivo-nacional-propone-la-disolucion-del-inadi\\\/\",\"url\":\"https:\\\/\\\/diariotextual.com\\\/inicio\\\/index.php\\\/2023\\\/12\\\/27\\\/el-ejecutivo-nacional-propone-la-disolucion-del-inadi\\\/\",\"name\":\"El Ejecutivo nacional propone la disoluci\u00f3n del Inadi - Diario Textual\",\"isPartOf\":{\"@id\":\"https:\\\/\\\/diariotextual.com\\\/inicio\\\/#website\"},\"primaryImageOfPage\":{\"@id\":\"https:\\\/\\\/diariotextual.com\\\/inicio\\\/index.php\\\/2023\\\/12\\\/27\\\/el-ejecutivo-nacional-propone-la-disolucion-del-inadi\\\/#primaryimage\"},\"image\":{\"@id\":\"https:\\\/\\\/diariotextual.com\\\/inicio\\\/index.php\\\/2023\\\/12\\\/27\\\/el-ejecutivo-nacional-propone-la-disolucion-del-inadi\\\/#primaryimage\"},\"thumbnailUrl\":\"https:\\\/\\\/diariotextual.com\\\/inicio\\\/wp-content\\\/uploads\\\/2023\\\/12\\\/inadicampana2023.jpg\",\"datePublished\":\"2023-12-28T00:33:08+00:00\",\"dateModified\":\"2023-12-28T00:33:10+00:00\",\"breadcrumb\":{\"@id\":\"https:\\\/\\\/diariotextual.com\\\/inicio\\\/index.php\\\/2023\\\/12\\\/27\\\/el-ejecutivo-nacional-propone-la-disolucion-del-inadi\\\/#breadcrumb\"},\"inLanguage\":\"es\",\"potentialAction\":[{\"@type\":\"ReadAction\",\"target\":[\"https:\\\/\\\/diariotextual.com\\\/inicio\\\/index.php\\\/2023\\\/12\\\/27\\\/el-ejecutivo-nacional-propone-la-disolucion-del-inadi\\\/\"]}]},{\"@type\":\"ImageObject\",\"inLanguage\":\"es\",\"@id\":\"https:\\\/\\\/diariotextual.com\\\/inicio\\\/index.php\\\/2023\\\/12\\\/27\\\/el-ejecutivo-nacional-propone-la-disolucion-del-inadi\\\/#primaryimage\",\"url\":\"https:\\\/\\\/diariotextual.com\\\/inicio\\\/wp-content\\\/uploads\\\/2023\\\/12\\\/inadicampana2023.jpg\",\"contentUrl\":\"https:\\\/\\\/diariotextual.com\\\/inicio\\\/wp-content\\\/uploads\\\/2023\\\/12\\\/inadicampana2023.jpg\",\"width\":900,\"height\":506},{\"@type\":\"BreadcrumbList\",\"@id\":\"https:\\\/\\\/diariotextual.com\\\/inicio\\\/index.php\\\/2023\\\/12\\\/27\\\/el-ejecutivo-nacional-propone-la-disolucion-del-inadi\\\/#breadcrumb\",\"itemListElement\":[{\"@type\":\"ListItem\",\"position\":1,\"name\":\"Portada\",\"item\":\"https:\\\/\\\/diariotextual.com\\\/inicio\\\/\"},{\"@type\":\"ListItem\",\"position\":2,\"name\":\"El Ejecutivo nacional propone la disoluci\u00f3n del Inadi\"}]},{\"@type\":\"WebSite\",\"@id\":\"https:\\\/\\\/diariotextual.com\\\/inicio\\\/#website\",\"url\":\"https:\\\/\\\/diariotextual.com\\\/inicio\\\/\",\"name\":\"Diario Textual\",\"description\":\"\",\"publisher\":{\"@id\":\"https:\\\/\\\/diariotextual.com\\\/inicio\\\/#organization\"},\"potentialAction\":[{\"@type\":\"SearchAction\",\"target\":{\"@type\":\"EntryPoint\",\"urlTemplate\":\"https:\\\/\\\/diariotextual.com\\\/inicio\\\/?s={search_term_string}\"},\"query-input\":{\"@type\":\"PropertyValueSpecification\",\"valueRequired\":true,\"valueName\":\"search_term_string\"}}],\"inLanguage\":\"es\"},{\"@type\":\"Organization\",\"@id\":\"https:\\\/\\\/diariotextual.com\\\/inicio\\\/#organization\",\"name\":\"Diario Textual\",\"url\":\"https:\\\/\\\/diariotextual.com\\\/inicio\\\/\",\"logo\":{\"@type\":\"ImageObject\",\"inLanguage\":\"es\",\"@id\":\"https:\\\/\\\/diariotextual.com\\\/inicio\\\/#\\\/schema\\\/logo\\\/image\\\/\",\"url\":\"https:\\\/\\\/diariotextual.com\\\/inicio\\\/wp-content\\\/uploads\\\/2023\\\/05\\\/logotextual1.jpg\",\"contentUrl\":\"https:\\\/\\\/diariotextual.com\\\/inicio\\\/wp-content\\\/uploads\\\/2023\\\/05\\\/logotextual1.jpg\",\"width\":516,\"height\":76,\"caption\":\"Diario Textual\"},\"image\":{\"@id\":\"https:\\\/\\\/diariotextual.com\\\/inicio\\\/#\\\/schema\\\/logo\\\/image\\\/\"},\"sameAs\":[\"https:\\\/\\\/www.facebook.com\\\/eltextual\",\"https:\\\/\\\/x.com\\\/eltextual\",\"http:\\\/\\\/www.instagram.com\\\/eltextual\"]},{\"@type\":\"Person\",\"@id\":\"https:\\\/\\\/diariotextual.com\\\/inicio\\\/#\\\/schema\\\/person\\\/a1b6f563e0ee944c60f98119389a4d9f\",\"name\":\"diario3\",\"image\":{\"@type\":\"ImageObject\",\"inLanguage\":\"es\",\"@id\":\"https:\\\/\\\/secure.gravatar.com\\\/avatar\\\/5e7ee62c82fc04d9dd79d746a390d93c69c43223e5faeeb3ea9461ef752bfc5d?s=96&d=mm&r=g\",\"url\":\"https:\\\/\\\/secure.gravatar.com\\\/avatar\\\/5e7ee62c82fc04d9dd79d746a390d93c69c43223e5faeeb3ea9461ef752bfc5d?s=96&d=mm&r=g\",\"contentUrl\":\"https:\\\/\\\/secure.gravatar.com\\\/avatar\\\/5e7ee62c82fc04d9dd79d746a390d93c69c43223e5faeeb3ea9461ef752bfc5d?s=96&d=mm&r=g\",\"caption\":\"diario3\"},\"url\":\"https:\\\/\\\/diariotextual.com\\\/inicio\\\/index.php\\\/author\\\/diario3\\\/\"}]}<\/script>\n<!-- \/ Yoast SEO plugin. -->","yoast_head_json":{"title":"El Ejecutivo nacional propone la disoluci\u00f3n del Inadi - Diario Textual","robots":{"index":"index","follow":"follow","max-snippet":"max-snippet:-1","max-image-preview":"max-image-preview:large","max-video-preview":"max-video-preview:-1"},"canonical":"https:\/\/diariotextual.com\/inicio\/index.php\/2023\/12\/27\/el-ejecutivo-nacional-propone-la-disolucion-del-inadi\/","og_locale":"es_ES","og_type":"article","og_title":"El Ejecutivo nacional propone la disoluci\u00f3n del Inadi - Diario Textual","og_description":"El Gobierno nacional propuso al Congreso la eliminaci\u00f3n del Instituto Nacional contra la Discriminaci\u00f3n, la Xenofobia y el Racismo (Inadi) mediante un art\u00edculo que impulsa la derogaci\u00f3n de la ley&hellip;","og_url":"https:\/\/diariotextual.com\/inicio\/index.php\/2023\/12\/27\/el-ejecutivo-nacional-propone-la-disolucion-del-inadi\/","og_site_name":"Diario Textual","article_publisher":"https:\/\/www.facebook.com\/eltextual","article_published_time":"2023-12-28T00:33:08+00:00","article_modified_time":"2023-12-28T00:33:10+00:00","og_image":[{"width":900,"height":506,"url":"https:\/\/diariotextual.com\/inicio\/wp-content\/uploads\/2023\/12\/inadicampana2023.jpg","type":"image\/jpeg"}],"author":"diario3","twitter_card":"summary_large_image","twitter_creator":"@eltextual","twitter_site":"@eltextual","twitter_misc":{"Escrito por":"diario3","Tiempo de lectura":"2 minutos"},"schema":{"@context":"https:\/\/schema.org","@graph":[{"@type":"Article","@id":"https:\/\/diariotextual.com\/inicio\/index.php\/2023\/12\/27\/el-ejecutivo-nacional-propone-la-disolucion-del-inadi\/#article","isPartOf":{"@id":"https:\/\/diariotextual.com\/inicio\/index.php\/2023\/12\/27\/el-ejecutivo-nacional-propone-la-disolucion-del-inadi\/"},"author":{"name":"diario3","@id":"https:\/\/diariotextual.com\/inicio\/#\/schema\/person\/a1b6f563e0ee944c60f98119389a4d9f"},"headline":"El Ejecutivo nacional propone la disoluci\u00f3n del Inadi","datePublished":"2023-12-28T00:33:08+00:00","dateModified":"2023-12-28T00:33:10+00:00","mainEntityOfPage":{"@id":"https:\/\/diariotextual.com\/inicio\/index.php\/2023\/12\/27\/el-ejecutivo-nacional-propone-la-disolucion-del-inadi\/"},"wordCount":401,"publisher":{"@id":"https:\/\/diariotextual.com\/inicio\/#organization"},"image":{"@id":"https:\/\/diariotextual.com\/inicio\/index.php\/2023\/12\/27\/el-ejecutivo-nacional-propone-la-disolucion-del-inadi\/#primaryimage"},"thumbnailUrl":"https:\/\/diariotextual.com\/inicio\/wp-content\/uploads\/2023\/12\/inadicampana2023.jpg","keywords":["inadi","milei"],"articleSection":["A - ES NOTICIA (van abajo)","POLITICA"],"inLanguage":"es"},{"@type":"WebPage","@id":"https:\/\/diariotextual.com\/inicio\/index.php\/2023\/12\/27\/el-ejecutivo-nacional-propone-la-disolucion-del-inadi\/","url":"https:\/\/diariotextual.com\/inicio\/index.php\/2023\/12\/27\/el-ejecutivo-nacional-propone-la-disolucion-del-inadi\/","name":"El Ejecutivo nacional propone la disoluci\u00f3n del Inadi - Diario Textual","isPartOf":{"@id":"https:\/\/diariotextual.com\/inicio\/#website"},"primaryImageOfPage":{"@id":"https:\/\/diariotextual.com\/inicio\/index.php\/2023\/12\/27\/el-ejecutivo-nacional-propone-la-disolucion-del-inadi\/#primaryimage"},"image":{"@id":"https:\/\/diariotextual.com\/inicio\/index.php\/2023\/12\/27\/el-ejecutivo-nacional-propone-la-disolucion-del-inadi\/#primaryimage"},"thumbnailUrl":"https:\/\/diariotextual.com\/inicio\/wp-content\/uploads\/2023\/12\/inadicampana2023.jpg","datePublished":"2023-12-28T00:33:08+00:00","dateModified":"2023-12-28T00:33:10+00:00","breadcrumb":{"@id":"https:\/\/diariotextual.com\/inicio\/index.php\/2023\/12\/27\/el-ejecutivo-nacional-propone-la-disolucion-del-inadi\/#breadcrumb"},"inLanguage":"es","potentialAction":[{"@type":"ReadAction","target":["https:\/\/diariotextual.com\/inicio\/index.php\/2023\/12\/27\/el-ejecutivo-nacional-propone-la-disolucion-del-inadi\/"]}]},{"@type":"ImageObject","inLanguage":"es","@id":"https:\/\/diariotextual.com\/inicio\/index.php\/2023\/12\/27\/el-ejecutivo-nacional-propone-la-disolucion-del-inadi\/#primaryimage","url":"https:\/\/diariotextual.com\/inicio\/wp-content\/uploads\/2023\/12\/inadicampana2023.jpg","contentUrl":"https:\/\/diariotextual.com\/inicio\/wp-content\/uploads\/2023\/12\/inadicampana2023.jpg","width":900,"height":506},{"@type":"BreadcrumbList","@id":"https:\/\/diariotextual.com\/inicio\/index.php\/2023\/12\/27\/el-ejecutivo-nacional-propone-la-disolucion-del-inadi\/#breadcrumb","itemListElement":[{"@type":"ListItem","position":1,"name":"Portada","item":"https:\/\/diariotextual.com\/inicio\/"},{"@type":"ListItem","position":2,"name":"El Ejecutivo nacional propone la disoluci\u00f3n del Inadi"}]},{"@type":"WebSite","@id":"https:\/\/diariotextual.com\/inicio\/#website","url":"https:\/\/diariotextual.com\/inicio\/","name":"Diario Textual","description":"","publisher":{"@id":"https:\/\/diariotextual.com\/inicio\/#organization"},"potentialAction":[{"@type":"SearchAction","target":{"@type":"EntryPoint","urlTemplate":"https:\/\/diariotextual.com\/inicio\/?s={search_term_string}"},"query-input":{"@type":"PropertyValueSpecification","valueRequired":true,"valueName":"search_term_string"}}],"inLanguage":"es"},{"@type":"Organization","@id":"https:\/\/diariotextual.com\/inicio\/#organization","name":"Diario Textual","url":"https:\/\/diariotextual.com\/inicio\/","logo":{"@type":"ImageObject","inLanguage":"es","@id":"https:\/\/diariotextual.com\/inicio\/#\/schema\/logo\/image\/","url":"https:\/\/diariotextual.com\/inicio\/wp-content\/uploads\/2023\/05\/logotextual1.jpg","contentUrl":"https:\/\/diariotextual.com\/inicio\/wp-content\/uploads\/2023\/05\/logotextual1.jpg","width":516,"height":76,"caption":"Diario Textual"},"image":{"@id":"https:\/\/diariotextual.com\/inicio\/#\/schema\/logo\/image\/"},"sameAs":["https:\/\/www.facebook.com\/eltextual","https:\/\/x.com\/eltextual","http:\/\/www.instagram.com\/eltextual"]},{"@type":"Person","@id":"https:\/\/diariotextual.com\/inicio\/#\/schema\/person\/a1b6f563e0ee944c60f98119389a4d9f","name":"diario3","image":{"@type":"ImageObject","inLanguage":"es","@id":"https:\/\/secure.gravatar.com\/avatar\/5e7ee62c82fc04d9dd79d746a390d93c69c43223e5faeeb3ea9461ef752bfc5d?s=96&d=mm&r=g","url":"https:\/\/secure.gravatar.com\/avatar\/5e7ee62c82fc04d9dd79d746a390d93c69c43223e5faeeb3ea9461ef752bfc5d?s=96&d=mm&r=g","contentUrl":"https:\/\/secure.gravatar.com\/avatar\/5e7ee62c82fc04d9dd79d746a390d93c69c43223e5faeeb3ea9461ef752bfc5d?s=96&d=mm&r=g","caption":"diario3"},"url":"https:\/\/diariotextual.com\/inicio\/index.php\/author\/diario3\/"}]}},"_links":{"self":[{"href":"https:\/\/diariotextual.com\/inicio\/index.php\/wp-json\/wp\/v2\/posts\/249342","targetHints":{"allow":["GET"]}}],"collection":[{"href":"https:\/\/diariotextual.com\/inicio\/index.php\/wp-json\/wp\/v2\/posts"}],"about":[{"href":"https:\/\/diariotextual.com\/inicio\/index.php\/wp-json\/wp\/v2\/types\/post"}],"author":[{"embeddable":true,"href":"https:\/\/diariotextual.com\/inicio\/index.php\/wp-json\/wp\/v2\/users\/5"}],"replies":[{"embeddable":true,"href":"https:\/\/diariotextual.com\/inicio\/index.php\/wp-json\/wp\/v2\/comments?post=249342"}],"version-history":[{"count":1,"href":"https:\/\/diariotextual.com\/inicio\/index.php\/wp-json\/wp\/v2\/posts\/249342\/revisions"}],"predecessor-version":[{"id":249346,"href":"https:\/\/diariotextual.com\/inicio\/index.php\/wp-json\/wp\/v2\/posts\/249342\/revisions\/249346"}],"wp:featuredmedia":[{"embeddable":true,"href":"https:\/\/diariotextual.com\/inicio\/index.php\/wp-json\/wp\/v2\/media\/249345"}],"wp:attachment":[{"href":"https:\/\/diariotextual.com\/inicio\/index.php\/wp-json\/wp\/v2\/media?parent=249342"}],"wp:term":[{"taxonomy":"category","embeddable":true,"href":"https:\/\/diariotextual.com\/inicio\/index.php\/wp-json\/wp\/v2\/categories?post=249342"},{"taxonomy":"post_tag","embeddable":true,"href":"https:\/\/diariotextual.com\/inicio\/index.php\/wp-json\/wp\/v2\/tags?post=249342"}],"curies":[{"name":"wp","href":"https:\/\/api.w.org\/{rel}","templated":true}]}}