{"id":249376,"date":"2023-12-28T08:07:32","date_gmt":"2023-12-28T11:07:32","guid":{"rendered":"https:\/\/diariotextual.com\/inicio\/?p=249376"},"modified":"2023-12-28T08:21:42","modified_gmt":"2023-12-28T11:21:42","slug":"ahora-comercio-nego-que-haya-apoyado-el-sistema-de-despido-que-propone-milei","status":"publish","type":"post","link":"https:\/\/diariotextual.com\/inicio\/index.php\/2023\/12\/28\/ahora-comercio-nego-que-haya-apoyado-el-sistema-de-despido-que-propone-milei\/","title":{"rendered":"Ahora Comercio neg\u00f3 que haya apoyado el sistema de despido que propone Milei"},"content":{"rendered":"\n<p>\u201cEs es falso\u201d. Lo dijo a Diario Textual el secretario general del Sindicato de Comercio de Santa Rosa, Rodrigo Genoni, ante un mensaje de la ministra de Capital Humano, Sandra Pettovello, quien ayer anunci\u00f3 que los mercantiles, al mando de Armando Cavalieri, hab\u00edan aceptado el sistema de despidos que impulsa el presidente Javier Milei.<\/p>\n\n\n\n<p>El titular de la Federaci\u00f3n Argentina de Empleados de Comercio y Servicios, Armando Cavalieri, se reuni\u00f3 ayer con la ministra de Capital Humano, Sandra Pettovello. Luego de la cumbre la funcionaria asegur\u00f3 que acordaron el Fondo de Cese Laboral para los mercantiles. Desde el gremio la desmintieron y aseguraron que s\u00f3lo se garantiz\u00f3 que el DNU no impactar\u00e1 en su vida interna.<\/p>\n\n\n\n<p>En lo que fue unos de los primeros mano a mano con popes de la CGT, hoy la ministra de Capital Humano, Sandra Pettovello, se reuni\u00f3 con el secretario General de la Federaci\u00f3n Argentina de Empleados de Comercio y Servicios, Armando Cavalieri. La cumbre se dio en medio de la tensi\u00f3n generada por el mega DNU que firmara hace unos d\u00edas Javier Milei.<\/p>\n\n\n\n<p>Del c\u00f3nclave particip\u00f3 tambi\u00e9n el secretario de Trabajo, Empleo y Seguridad Social, Omar Yasin, en un d\u00eda de tensi\u00f3n por la movilizaci\u00f3n que encabez\u00f3 la CGT a Tribunales y a la que el propio gremio mercantil hab\u00eda adherido.<\/p>\n\n\n\n<p>\u201cEl gremialista expres\u00f3 su adhesi\u00f3n a la figura Fondo de Cese Laboral, incluido en el DNU 70, que establece un sistema de cobro de indemnizaci\u00f3n inmediato y justo, a fin de poder hacer frente a futuros despidos. Una promesa que el presidente, Javier Milei, mantuvo durante su campa\u00f1a y hoy la lleva a la realidad\u201d, difundi\u00f3 con un comunicado oficial Pettovello.<\/p>\n\n\n\n<p>La noticia cay\u00f3 como una bomba en el sindicato mercantil que asegur\u00f3 no haber tocado el tema. \u201cSe habl\u00f3 acerca de los aportes y contribuciones que surgen de la Convenio Colectivo de Trabajo de Comercio, y se analiz\u00f3 el impacto que podr\u00eda tener el DNU en ese sentido\u201d, explicaron desde la organizaci\u00f3n al portal Infogremiales.<\/p>\n","protected":false},"excerpt":{"rendered":"<p>\u201cEs es falso\u201d. Lo dijo a Diario Textual el secretario general del Sindicato de Comercio de Santa Rosa, Rodrigo Genoni, ante un mensaje de la ministra de Capital Humano, Sandra&hellip;<\/p>\n","protected":false},"author":3,"featured_media":249331,"comment_status":"closed","ping_status":"open","sticky":false,"template":"","format":"standard","meta":{"_acf_changed":false,"footnotes":""},"categories":[1,8],"tags":[],"class_list":["post-249376","post","type-post","status-publish","format-standard","has-post-thumbnail","hentry","category-es-noticia","category-politica"],"acf":[],"yoast_head":"<!-- This site is optimized with the Yoast SEO plugin v27.5 - https:\/\/yoast.com\/product\/yoast-seo-wordpress\/ -->\n<title>Ahora Comercio neg\u00f3 que haya apoyado el sistema de despido que propone Milei - Diario Textual<\/title>\n<meta name=\"robots\" content=\"index, follow, max-snippet:-1, max-image-preview:large, max-video-preview:-1\" \/>\n<link rel=\"canonical\" href=\"https:\/\/diariotextual.com\/inicio\/index.php\/2023\/12\/28\/ahora-comercio-nego-que-haya-apoyado-el-sistema-de-despido-que-propone-milei\/\" \/>\n<meta property=\"og:locale\" content=\"es_ES\" \/>\n<meta property=\"og:type\" content=\"article\" \/>\n<meta property=\"og:title\" content=\"Ahora Comercio neg\u00f3 que haya apoyado el sistema de despido que propone Milei - Diario Textual\" \/>\n<meta property=\"og:description\" content=\"\u201cEs es falso\u201d. Lo dijo a Diario Textual el secretario general del Sindicato de Comercio de Santa Rosa, Rodrigo Genoni, ante un mensaje de la ministra de Capital Humano, Sandra&hellip;\" \/>\n<meta property=\"og:url\" content=\"https:\/\/diariotextual.com\/inicio\/index.php\/2023\/12\/28\/ahora-comercio-nego-que-haya-apoyado-el-sistema-de-despido-que-propone-milei\/\" \/>\n<meta property=\"og:site_name\" content=\"Diario Textual\" \/>\n<meta property=\"article:publisher\" content=\"https:\/\/www.facebook.com\/eltextual\" \/>\n<meta property=\"article:published_time\" content=\"2023-12-28T11:07:32+00:00\" \/>\n<meta property=\"article:modified_time\" content=\"2023-12-28T11:21:42+00:00\" \/>\n<meta property=\"og:image\" content=\"https:\/\/diariotextual.com\/inicio\/wp-content\/uploads\/2023\/12\/cavalieripettovello2023.jpg\" \/>\n\t<meta property=\"og:image:width\" content=\"900\" \/>\n\t<meta property=\"og:image:height\" content=\"522\" \/>\n\t<meta property=\"og:image:type\" content=\"image\/jpeg\" \/>\n<meta name=\"author\" content=\"Diario1 Diario1\" \/>\n<meta name=\"twitter:card\" content=\"summary_large_image\" \/>\n<meta name=\"twitter:creator\" content=\"@eltextual\" \/>\n<meta name=\"twitter:site\" content=\"@eltextual\" \/>\n<meta name=\"twitter:label1\" content=\"Escrito por\" \/>\n\t<meta name=\"twitter:data1\" content=\"Diario1 Diario1\" \/>\n\t<meta name=\"twitter:label2\" content=\"Tiempo de lectura\" \/>\n\t<meta name=\"twitter:data2\" content=\"2 minutos\" \/>\n<script type=\"application\/ld+json\" class=\"yoast-schema-graph\">{\"@context\":\"https:\\\/\\\/schema.org\",\"@graph\":[{\"@type\":\"Article\",\"@id\":\"https:\\\/\\\/diariotextual.com\\\/inicio\\\/index.php\\\/2023\\\/12\\\/28\\\/ahora-comercio-nego-que-haya-apoyado-el-sistema-de-despido-que-propone-milei\\\/#article\",\"isPartOf\":{\"@id\":\"https:\\\/\\\/diariotextual.com\\\/inicio\\\/index.php\\\/2023\\\/12\\\/28\\\/ahora-comercio-nego-que-haya-apoyado-el-sistema-de-despido-que-propone-milei\\\/\"},\"author\":{\"name\":\"Diario1 Diario1\",\"@id\":\"https:\\\/\\\/diariotextual.com\\\/inicio\\\/#\\\/schema\\\/person\\\/418fc4093c33e86ed41562db3508f958\"},\"headline\":\"Ahora Comercio neg\u00f3 que haya apoyado el sistema de despido que propone Milei\",\"datePublished\":\"2023-12-28T11:07:32+00:00\",\"dateModified\":\"2023-12-28T11:21:42+00:00\",\"mainEntityOfPage\":{\"@id\":\"https:\\\/\\\/diariotextual.com\\\/inicio\\\/index.php\\\/2023\\\/12\\\/28\\\/ahora-comercio-nego-que-haya-apoyado-el-sistema-de-despido-que-propone-milei\\\/\"},\"wordCount\":362,\"publisher\":{\"@id\":\"https:\\\/\\\/diariotextual.com\\\/inicio\\\/#organization\"},\"image\":{\"@id\":\"https:\\\/\\\/diariotextual.com\\\/inicio\\\/index.php\\\/2023\\\/12\\\/28\\\/ahora-comercio-nego-que-haya-apoyado-el-sistema-de-despido-que-propone-milei\\\/#primaryimage\"},\"thumbnailUrl\":\"https:\\\/\\\/diariotextual.com\\\/inicio\\\/wp-content\\\/uploads\\\/2023\\\/12\\\/cavalieripettovello2023.jpg\",\"articleSection\":[\"A - ES NOTICIA (van abajo)\",\"POLITICA\"],\"inLanguage\":\"es\"},{\"@type\":\"WebPage\",\"@id\":\"https:\\\/\\\/diariotextual.com\\\/inicio\\\/index.php\\\/2023\\\/12\\\/28\\\/ahora-comercio-nego-que-haya-apoyado-el-sistema-de-despido-que-propone-milei\\\/\",\"url\":\"https:\\\/\\\/diariotextual.com\\\/inicio\\\/index.php\\\/2023\\\/12\\\/28\\\/ahora-comercio-nego-que-haya-apoyado-el-sistema-de-despido-que-propone-milei\\\/\",\"name\":\"Ahora Comercio neg\u00f3 que haya apoyado el sistema de despido que propone Milei - Diario Textual\",\"isPartOf\":{\"@id\":\"https:\\\/\\\/diariotextual.com\\\/inicio\\\/#website\"},\"primaryImageOfPage\":{\"@id\":\"https:\\\/\\\/diariotextual.com\\\/inicio\\\/index.php\\\/2023\\\/12\\\/28\\\/ahora-comercio-nego-que-haya-apoyado-el-sistema-de-despido-que-propone-milei\\\/#primaryimage\"},\"image\":{\"@id\":\"https:\\\/\\\/diariotextual.com\\\/inicio\\\/index.php\\\/2023\\\/12\\\/28\\\/ahora-comercio-nego-que-haya-apoyado-el-sistema-de-despido-que-propone-milei\\\/#primaryimage\"},\"thumbnailUrl\":\"https:\\\/\\\/diariotextual.com\\\/inicio\\\/wp-content\\\/uploads\\\/2023\\\/12\\\/cavalieripettovello2023.jpg\",\"datePublished\":\"2023-12-28T11:07:32+00:00\",\"dateModified\":\"2023-12-28T11:21:42+00:00\",\"breadcrumb\":{\"@id\":\"https:\\\/\\\/diariotextual.com\\\/inicio\\\/index.php\\\/2023\\\/12\\\/28\\\/ahora-comercio-nego-que-haya-apoyado-el-sistema-de-despido-que-propone-milei\\\/#breadcrumb\"},\"inLanguage\":\"es\",\"potentialAction\":[{\"@type\":\"ReadAction\",\"target\":[\"https:\\\/\\\/diariotextual.com\\\/inicio\\\/index.php\\\/2023\\\/12\\\/28\\\/ahora-comercio-nego-que-haya-apoyado-el-sistema-de-despido-que-propone-milei\\\/\"]}]},{\"@type\":\"ImageObject\",\"inLanguage\":\"es\",\"@id\":\"https:\\\/\\\/diariotextual.com\\\/inicio\\\/index.php\\\/2023\\\/12\\\/28\\\/ahora-comercio-nego-que-haya-apoyado-el-sistema-de-despido-que-propone-milei\\\/#primaryimage\",\"url\":\"https:\\\/\\\/diariotextual.com\\\/inicio\\\/wp-content\\\/uploads\\\/2023\\\/12\\\/cavalieripettovello2023.jpg\",\"contentUrl\":\"https:\\\/\\\/diariotextual.com\\\/inicio\\\/wp-content\\\/uploads\\\/2023\\\/12\\\/cavalieripettovello2023.jpg\",\"width\":900,\"height\":522},{\"@type\":\"BreadcrumbList\",\"@id\":\"https:\\\/\\\/diariotextual.com\\\/inicio\\\/index.php\\\/2023\\\/12\\\/28\\\/ahora-comercio-nego-que-haya-apoyado-el-sistema-de-despido-que-propone-milei\\\/#breadcrumb\",\"itemListElement\":[{\"@type\":\"ListItem\",\"position\":1,\"name\":\"Portada\",\"item\":\"https:\\\/\\\/diariotextual.com\\\/inicio\\\/\"},{\"@type\":\"ListItem\",\"position\":2,\"name\":\"Ahora Comercio neg\u00f3 que haya apoyado el sistema de despido que propone Milei\"}]},{\"@type\":\"WebSite\",\"@id\":\"https:\\\/\\\/diariotextual.com\\\/inicio\\\/#website\",\"url\":\"https:\\\/\\\/diariotextual.com\\\/inicio\\\/\",\"name\":\"Diario Textual\",\"description\":\"\",\"publisher\":{\"@id\":\"https:\\\/\\\/diariotextual.com\\\/inicio\\\/#organization\"},\"potentialAction\":[{\"@type\":\"SearchAction\",\"target\":{\"@type\":\"EntryPoint\",\"urlTemplate\":\"https:\\\/\\\/diariotextual.com\\\/inicio\\\/?s={search_term_string}\"},\"query-input\":{\"@type\":\"PropertyValueSpecification\",\"valueRequired\":true,\"valueName\":\"search_term_string\"}}],\"inLanguage\":\"es\"},{\"@type\":\"Organization\",\"@id\":\"https:\\\/\\\/diariotextual.com\\\/inicio\\\/#organization\",\"name\":\"Diario Textual\",\"url\":\"https:\\\/\\\/diariotextual.com\\\/inicio\\\/\",\"logo\":{\"@type\":\"ImageObject\",\"inLanguage\":\"es\",\"@id\":\"https:\\\/\\\/diariotextual.com\\\/inicio\\\/#\\\/schema\\\/logo\\\/image\\\/\",\"url\":\"https:\\\/\\\/diariotextual.com\\\/inicio\\\/wp-content\\\/uploads\\\/2023\\\/05\\\/logotextual1.jpg\",\"contentUrl\":\"https:\\\/\\\/diariotextual.com\\\/inicio\\\/wp-content\\\/uploads\\\/2023\\\/05\\\/logotextual1.jpg\",\"width\":516,\"height\":76,\"caption\":\"Diario Textual\"},\"image\":{\"@id\":\"https:\\\/\\\/diariotextual.com\\\/inicio\\\/#\\\/schema\\\/logo\\\/image\\\/\"},\"sameAs\":[\"https:\\\/\\\/www.facebook.com\\\/eltextual\",\"https:\\\/\\\/x.com\\\/eltextual\",\"http:\\\/\\\/www.instagram.com\\\/eltextual\"]},{\"@type\":\"Person\",\"@id\":\"https:\\\/\\\/diariotextual.com\\\/inicio\\\/#\\\/schema\\\/person\\\/418fc4093c33e86ed41562db3508f958\",\"name\":\"Diario1 Diario1\",\"image\":{\"@type\":\"ImageObject\",\"inLanguage\":\"es\",\"@id\":\"https:\\\/\\\/secure.gravatar.com\\\/avatar\\\/9167d280179c85bc18be67aa7eda765854300033af4896dd779b608640f2ef7a?s=96&d=mm&r=g\",\"url\":\"https:\\\/\\\/secure.gravatar.com\\\/avatar\\\/9167d280179c85bc18be67aa7eda765854300033af4896dd779b608640f2ef7a?s=96&d=mm&r=g\",\"contentUrl\":\"https:\\\/\\\/secure.gravatar.com\\\/avatar\\\/9167d280179c85bc18be67aa7eda765854300033af4896dd779b608640f2ef7a?s=96&d=mm&r=g\",\"caption\":\"Diario1 Diario1\"},\"url\":\"https:\\\/\\\/diariotextual.com\\\/inicio\\\/index.php\\\/author\\\/diario1\\\/\"}]}<\/script>\n<!-- \/ Yoast SEO plugin. -->","yoast_head_json":{"title":"Ahora Comercio neg\u00f3 que haya apoyado el sistema de despido que propone Milei - Diario Textual","robots":{"index":"index","follow":"follow","max-snippet":"max-snippet:-1","max-image-preview":"max-image-preview:large","max-video-preview":"max-video-preview:-1"},"canonical":"https:\/\/diariotextual.com\/inicio\/index.php\/2023\/12\/28\/ahora-comercio-nego-que-haya-apoyado-el-sistema-de-despido-que-propone-milei\/","og_locale":"es_ES","og_type":"article","og_title":"Ahora Comercio neg\u00f3 que haya apoyado el sistema de despido que propone Milei - Diario Textual","og_description":"\u201cEs es falso\u201d. Lo dijo a Diario Textual el secretario general del Sindicato de Comercio de Santa Rosa, Rodrigo Genoni, ante un mensaje de la ministra de Capital Humano, Sandra&hellip;","og_url":"https:\/\/diariotextual.com\/inicio\/index.php\/2023\/12\/28\/ahora-comercio-nego-que-haya-apoyado-el-sistema-de-despido-que-propone-milei\/","og_site_name":"Diario Textual","article_publisher":"https:\/\/www.facebook.com\/eltextual","article_published_time":"2023-12-28T11:07:32+00:00","article_modified_time":"2023-12-28T11:21:42+00:00","og_image":[{"width":900,"height":522,"url":"https:\/\/diariotextual.com\/inicio\/wp-content\/uploads\/2023\/12\/cavalieripettovello2023.jpg","type":"image\/jpeg"}],"author":"Diario1 Diario1","twitter_card":"summary_large_image","twitter_creator":"@eltextual","twitter_site":"@eltextual","twitter_misc":{"Escrito por":"Diario1 Diario1","Tiempo de lectura":"2 minutos"},"schema":{"@context":"https:\/\/schema.org","@graph":[{"@type":"Article","@id":"https:\/\/diariotextual.com\/inicio\/index.php\/2023\/12\/28\/ahora-comercio-nego-que-haya-apoyado-el-sistema-de-despido-que-propone-milei\/#article","isPartOf":{"@id":"https:\/\/diariotextual.com\/inicio\/index.php\/2023\/12\/28\/ahora-comercio-nego-que-haya-apoyado-el-sistema-de-despido-que-propone-milei\/"},"author":{"name":"Diario1 Diario1","@id":"https:\/\/diariotextual.com\/inicio\/#\/schema\/person\/418fc4093c33e86ed41562db3508f958"},"headline":"Ahora Comercio neg\u00f3 que haya apoyado el sistema de despido que propone Milei","datePublished":"2023-12-28T11:07:32+00:00","dateModified":"2023-12-28T11:21:42+00:00","mainEntityOfPage":{"@id":"https:\/\/diariotextual.com\/inicio\/index.php\/2023\/12\/28\/ahora-comercio-nego-que-haya-apoyado-el-sistema-de-despido-que-propone-milei\/"},"wordCount":362,"publisher":{"@id":"https:\/\/diariotextual.com\/inicio\/#organization"},"image":{"@id":"https:\/\/diariotextual.com\/inicio\/index.php\/2023\/12\/28\/ahora-comercio-nego-que-haya-apoyado-el-sistema-de-despido-que-propone-milei\/#primaryimage"},"thumbnailUrl":"https:\/\/diariotextual.com\/inicio\/wp-content\/uploads\/2023\/12\/cavalieripettovello2023.jpg","articleSection":["A - ES NOTICIA (van abajo)","POLITICA"],"inLanguage":"es"},{"@type":"WebPage","@id":"https:\/\/diariotextual.com\/inicio\/index.php\/2023\/12\/28\/ahora-comercio-nego-que-haya-apoyado-el-sistema-de-despido-que-propone-milei\/","url":"https:\/\/diariotextual.com\/inicio\/index.php\/2023\/12\/28\/ahora-comercio-nego-que-haya-apoyado-el-sistema-de-despido-que-propone-milei\/","name":"Ahora Comercio neg\u00f3 que haya apoyado el sistema de despido que propone Milei - Diario Textual","isPartOf":{"@id":"https:\/\/diariotextual.com\/inicio\/#website"},"primaryImageOfPage":{"@id":"https:\/\/diariotextual.com\/inicio\/index.php\/2023\/12\/28\/ahora-comercio-nego-que-haya-apoyado-el-sistema-de-despido-que-propone-milei\/#primaryimage"},"image":{"@id":"https:\/\/diariotextual.com\/inicio\/index.php\/2023\/12\/28\/ahora-comercio-nego-que-haya-apoyado-el-sistema-de-despido-que-propone-milei\/#primaryimage"},"thumbnailUrl":"https:\/\/diariotextual.com\/inicio\/wp-content\/uploads\/2023\/12\/cavalieripettovello2023.jpg","datePublished":"2023-12-28T11:07:32+00:00","dateModified":"2023-12-28T11:21:42+00:00","breadcrumb":{"@id":"https:\/\/diariotextual.com\/inicio\/index.php\/2023\/12\/28\/ahora-comercio-nego-que-haya-apoyado-el-sistema-de-despido-que-propone-milei\/#breadcrumb"},"inLanguage":"es","potentialAction":[{"@type":"ReadAction","target":["https:\/\/diariotextual.com\/inicio\/index.php\/2023\/12\/28\/ahora-comercio-nego-que-haya-apoyado-el-sistema-de-despido-que-propone-milei\/"]}]},{"@type":"ImageObject","inLanguage":"es","@id":"https:\/\/diariotextual.com\/inicio\/index.php\/2023\/12\/28\/ahora-comercio-nego-que-haya-apoyado-el-sistema-de-despido-que-propone-milei\/#primaryimage","url":"https:\/\/diariotextual.com\/inicio\/wp-content\/uploads\/2023\/12\/cavalieripettovello2023.jpg","contentUrl":"https:\/\/diariotextual.com\/inicio\/wp-content\/uploads\/2023\/12\/cavalieripettovello2023.jpg","width":900,"height":522},{"@type":"BreadcrumbList","@id":"https:\/\/diariotextual.com\/inicio\/index.php\/2023\/12\/28\/ahora-comercio-nego-que-haya-apoyado-el-sistema-de-despido-que-propone-milei\/#breadcrumb","itemListElement":[{"@type":"ListItem","position":1,"name":"Portada","item":"https:\/\/diariotextual.com\/inicio\/"},{"@type":"ListItem","position":2,"name":"Ahora Comercio neg\u00f3 que haya apoyado el sistema de despido que propone Milei"}]},{"@type":"WebSite","@id":"https:\/\/diariotextual.com\/inicio\/#website","url":"https:\/\/diariotextual.com\/inicio\/","name":"Diario Textual","description":"","publisher":{"@id":"https:\/\/diariotextual.com\/inicio\/#organization"},"potentialAction":[{"@type":"SearchAction","target":{"@type":"EntryPoint","urlTemplate":"https:\/\/diariotextual.com\/inicio\/?s={search_term_string}"},"query-input":{"@type":"PropertyValueSpecification","valueRequired":true,"valueName":"search_term_string"}}],"inLanguage":"es"},{"@type":"Organization","@id":"https:\/\/diariotextual.com\/inicio\/#organization","name":"Diario Textual","url":"https:\/\/diariotextual.com\/inicio\/","logo":{"@type":"ImageObject","inLanguage":"es","@id":"https:\/\/diariotextual.com\/inicio\/#\/schema\/logo\/image\/","url":"https:\/\/diariotextual.com\/inicio\/wp-content\/uploads\/2023\/05\/logotextual1.jpg","contentUrl":"https:\/\/diariotextual.com\/inicio\/wp-content\/uploads\/2023\/05\/logotextual1.jpg","width":516,"height":76,"caption":"Diario Textual"},"image":{"@id":"https:\/\/diariotextual.com\/inicio\/#\/schema\/logo\/image\/"},"sameAs":["https:\/\/www.facebook.com\/eltextual","https:\/\/x.com\/eltextual","http:\/\/www.instagram.com\/eltextual"]},{"@type":"Person","@id":"https:\/\/diariotextual.com\/inicio\/#\/schema\/person\/418fc4093c33e86ed41562db3508f958","name":"Diario1 Diario1","image":{"@type":"ImageObject","inLanguage":"es","@id":"https:\/\/secure.gravatar.com\/avatar\/9167d280179c85bc18be67aa7eda765854300033af4896dd779b608640f2ef7a?s=96&d=mm&r=g","url":"https:\/\/secure.gravatar.com\/avatar\/9167d280179c85bc18be67aa7eda765854300033af4896dd779b608640f2ef7a?s=96&d=mm&r=g","contentUrl":"https:\/\/secure.gravatar.com\/avatar\/9167d280179c85bc18be67aa7eda765854300033af4896dd779b608640f2ef7a?s=96&d=mm&r=g","caption":"Diario1 Diario1"},"url":"https:\/\/diariotextual.com\/inicio\/index.php\/author\/diario1\/"}]}},"_links":{"self":[{"href":"https:\/\/diariotextual.com\/inicio\/index.php\/wp-json\/wp\/v2\/posts\/249376","targetHints":{"allow":["GET"]}}],"collection":[{"href":"https:\/\/diariotextual.com\/inicio\/index.php\/wp-json\/wp\/v2\/posts"}],"about":[{"href":"https:\/\/diariotextual.com\/inicio\/index.php\/wp-json\/wp\/v2\/types\/post"}],"author":[{"embeddable":true,"href":"https:\/\/diariotextual.com\/inicio\/index.php\/wp-json\/wp\/v2\/users\/3"}],"replies":[{"embeddable":true,"href":"https:\/\/diariotextual.com\/inicio\/index.php\/wp-json\/wp\/v2\/comments?post=249376"}],"version-history":[{"count":2,"href":"https:\/\/diariotextual.com\/inicio\/index.php\/wp-json\/wp\/v2\/posts\/249376\/revisions"}],"predecessor-version":[{"id":249378,"href":"https:\/\/diariotextual.com\/inicio\/index.php\/wp-json\/wp\/v2\/posts\/249376\/revisions\/249378"}],"wp:featuredmedia":[{"embeddable":true,"href":"https:\/\/diariotextual.com\/inicio\/index.php\/wp-json\/wp\/v2\/media\/249331"}],"wp:attachment":[{"href":"https:\/\/diariotextual.com\/inicio\/index.php\/wp-json\/wp\/v2\/media?parent=249376"}],"wp:term":[{"taxonomy":"category","embeddable":true,"href":"https:\/\/diariotextual.com\/inicio\/index.php\/wp-json\/wp\/v2\/categories?post=249376"},{"taxonomy":"post_tag","embeddable":true,"href":"https:\/\/diariotextual.com\/inicio\/index.php\/wp-json\/wp\/v2\/tags?post=249376"}],"curies":[{"name":"wp","href":"https:\/\/api.w.org\/{rel}","templated":true}]}}