{"id":249443,"date":"2023-12-28T13:00:04","date_gmt":"2023-12-28T16:00:04","guid":{"rendered":"https:\/\/diariotextual.com\/inicio\/?p=249443"},"modified":"2023-12-28T19:17:12","modified_gmt":"2023-12-28T22:17:12","slug":"el-radicalismo-puso-a-un-director-en-aguas-del-colorado-marcos-cuelle","status":"publish","type":"post","link":"https:\/\/diariotextual.com\/inicio\/index.php\/2023\/12\/28\/el-radicalismo-puso-a-un-director-en-aguas-del-colorado-marcos-cuelle\/","title":{"rendered":"El radicalismo puso a un director en Aguas del Colorado: Marcos Cuelle"},"content":{"rendered":"\n<p>El gobernador<strong> Sergio Ziliotto <\/strong>se reuni\u00f3 este jueves con el presidente de Aguas del Colorado, Juan Carlos Mecca y el exlegislador <strong>Marcos Cuelle<\/strong>, propuesto por el bloque de diputados y diputadas de la UCR para integrar el directorio de la empresa estatal en representaci\u00f3n de la oposici\u00f3n. <strong>Cuelle fue hasta el pasado 10 de diciembre diputado provincial de la UCR.<\/strong><br><\/p>\n\n\n\n<p>El gobierno provincial tom\u00f3 la decisi\u00f3n de que la oposici\u00f3n integre el Directorio de Aguas del Colorado, ya que hasta el momento era la \u00fanica Sociedad An\u00f3nima con Participaci\u00f3n Estatal (Sapem) que no ten\u00eda un representante de la segunda minor\u00eda de la Legislatura provincial. De esta forma, Aguas del Colorado tiene un director por la oposici\u00f3n, tal como&nbsp; como Pampetrol y Empatel.<br><\/p>\n\n\n\n<p>AdC fue creada por el Gobierno de La Pampa en el a\u00f1o 2006 y est\u00e1 a cargo de la distribuci\u00f3n de agua para consumo humano y ganadero a trav\u00e9s de m\u00e1s de 900 kil\u00f3metros de acueductos pampeanos.<br>.<br><br>Desde el inicio del a\u00f1o pr\u00f3ximo Aguas del Colorado quedar\u00e1 conformado de la siguiente manera: Presidente, Juan Carlos Mecca; Vicepresidente, Julio Gerez, intendente de Puelches;\u00a0 Directores: Roberto Kroneberger (Comisi\u00f3n de Fomento de Per\u00fa), Marcos Cuelle (UCR) y Hern\u00e1n Camps (Cooperativa de Winifreda).<\/p>\n\n\n\n<p><\/p>\n","protected":false},"excerpt":{"rendered":"<p>El gobernador Sergio Ziliotto se reuni\u00f3 este jueves con el presidente de Aguas del Colorado, Juan Carlos Mecca y el exlegislador Marcos Cuelle, propuesto por el bloque de diputados y&hellip;<\/p>\n","protected":false},"author":2,"featured_media":249446,"comment_status":"closed","ping_status":"open","sticky":false,"template":"","format":"standard","meta":{"_acf_changed":false,"footnotes":""},"categories":[1,8],"tags":[],"class_list":["post-249443","post","type-post","status-publish","format-standard","has-post-thumbnail","hentry","category-es-noticia","category-politica"],"acf":[],"yoast_head":"<!-- This site is optimized with the Yoast SEO plugin v27.5 - https:\/\/yoast.com\/product\/yoast-seo-wordpress\/ -->\n<title>El radicalismo puso a un director en Aguas del Colorado: Marcos Cuelle - Diario Textual<\/title>\n<meta name=\"robots\" content=\"index, follow, max-snippet:-1, max-image-preview:large, max-video-preview:-1\" \/>\n<link rel=\"canonical\" href=\"https:\/\/diariotextual.com\/inicio\/index.php\/2023\/12\/28\/el-radicalismo-puso-a-un-director-en-aguas-del-colorado-marcos-cuelle\/\" \/>\n<meta property=\"og:locale\" content=\"es_ES\" \/>\n<meta property=\"og:type\" content=\"article\" \/>\n<meta property=\"og:title\" content=\"El radicalismo puso a un director en Aguas del Colorado: Marcos Cuelle - Diario Textual\" \/>\n<meta property=\"og:description\" content=\"El gobernador Sergio Ziliotto se reuni\u00f3 este jueves con el presidente de Aguas del Colorado, Juan Carlos Mecca y el exlegislador Marcos Cuelle, propuesto por el bloque de diputados y&hellip;\" \/>\n<meta property=\"og:url\" content=\"https:\/\/diariotextual.com\/inicio\/index.php\/2023\/12\/28\/el-radicalismo-puso-a-un-director-en-aguas-del-colorado-marcos-cuelle\/\" \/>\n<meta property=\"og:site_name\" content=\"Diario Textual\" \/>\n<meta property=\"article:publisher\" content=\"https:\/\/www.facebook.com\/eltextual\" \/>\n<meta property=\"article:published_time\" content=\"2023-12-28T16:00:04+00:00\" \/>\n<meta property=\"article:modified_time\" content=\"2023-12-28T22:17:12+00:00\" \/>\n<meta property=\"og:image\" content=\"https:\/\/diariotextual.com\/inicio\/wp-content\/uploads\/2023\/12\/cuellemarcosziliottosergiomeacaaguasdelcolorado2023-1.jpg\" \/>\n\t<meta property=\"og:image:width\" content=\"1500\" \/>\n\t<meta property=\"og:image:height\" content=\"1000\" \/>\n\t<meta property=\"og:image:type\" content=\"image\/jpeg\" \/>\n<meta name=\"author\" content=\"Sergio Romano\" \/>\n<meta name=\"twitter:card\" content=\"summary_large_image\" \/>\n<meta name=\"twitter:creator\" content=\"@eltextual\" \/>\n<meta name=\"twitter:site\" content=\"@eltextual\" \/>\n<meta name=\"twitter:label1\" content=\"Escrito por\" \/>\n\t<meta name=\"twitter:data1\" content=\"Sergio Romano\" \/>\n\t<meta name=\"twitter:label2\" content=\"Tiempo de lectura\" \/>\n\t<meta name=\"twitter:data2\" content=\"2 minutos\" \/>\n<script type=\"application\/ld+json\" class=\"yoast-schema-graph\">{\"@context\":\"https:\\\/\\\/schema.org\",\"@graph\":[{\"@type\":\"Article\",\"@id\":\"https:\\\/\\\/diariotextual.com\\\/inicio\\\/index.php\\\/2023\\\/12\\\/28\\\/el-radicalismo-puso-a-un-director-en-aguas-del-colorado-marcos-cuelle\\\/#article\",\"isPartOf\":{\"@id\":\"https:\\\/\\\/diariotextual.com\\\/inicio\\\/index.php\\\/2023\\\/12\\\/28\\\/el-radicalismo-puso-a-un-director-en-aguas-del-colorado-marcos-cuelle\\\/\"},\"author\":{\"name\":\"Sergio Romano\",\"@id\":\"https:\\\/\\\/diariotextual.com\\\/inicio\\\/#\\\/schema\\\/person\\\/523499e72392084bbaa07d9918058135\"},\"headline\":\"El radicalismo puso a un director en Aguas del Colorado: Marcos Cuelle\",\"datePublished\":\"2023-12-28T16:00:04+00:00\",\"dateModified\":\"2023-12-28T22:17:12+00:00\",\"mainEntityOfPage\":{\"@id\":\"https:\\\/\\\/diariotextual.com\\\/inicio\\\/index.php\\\/2023\\\/12\\\/28\\\/el-radicalismo-puso-a-un-director-en-aguas-del-colorado-marcos-cuelle\\\/\"},\"wordCount\":229,\"publisher\":{\"@id\":\"https:\\\/\\\/diariotextual.com\\\/inicio\\\/#organization\"},\"image\":{\"@id\":\"https:\\\/\\\/diariotextual.com\\\/inicio\\\/index.php\\\/2023\\\/12\\\/28\\\/el-radicalismo-puso-a-un-director-en-aguas-del-colorado-marcos-cuelle\\\/#primaryimage\"},\"thumbnailUrl\":\"https:\\\/\\\/diariotextual.com\\\/inicio\\\/wp-content\\\/uploads\\\/2023\\\/12\\\/cuellemarcosziliottosergiomeacaaguasdelcolorado2023-1.jpg\",\"articleSection\":[\"A - ES NOTICIA (van abajo)\",\"POLITICA\"],\"inLanguage\":\"es\"},{\"@type\":\"WebPage\",\"@id\":\"https:\\\/\\\/diariotextual.com\\\/inicio\\\/index.php\\\/2023\\\/12\\\/28\\\/el-radicalismo-puso-a-un-director-en-aguas-del-colorado-marcos-cuelle\\\/\",\"url\":\"https:\\\/\\\/diariotextual.com\\\/inicio\\\/index.php\\\/2023\\\/12\\\/28\\\/el-radicalismo-puso-a-un-director-en-aguas-del-colorado-marcos-cuelle\\\/\",\"name\":\"El radicalismo puso a un director en Aguas del Colorado: Marcos Cuelle - Diario Textual\",\"isPartOf\":{\"@id\":\"https:\\\/\\\/diariotextual.com\\\/inicio\\\/#website\"},\"primaryImageOfPage\":{\"@id\":\"https:\\\/\\\/diariotextual.com\\\/inicio\\\/index.php\\\/2023\\\/12\\\/28\\\/el-radicalismo-puso-a-un-director-en-aguas-del-colorado-marcos-cuelle\\\/#primaryimage\"},\"image\":{\"@id\":\"https:\\\/\\\/diariotextual.com\\\/inicio\\\/index.php\\\/2023\\\/12\\\/28\\\/el-radicalismo-puso-a-un-director-en-aguas-del-colorado-marcos-cuelle\\\/#primaryimage\"},\"thumbnailUrl\":\"https:\\\/\\\/diariotextual.com\\\/inicio\\\/wp-content\\\/uploads\\\/2023\\\/12\\\/cuellemarcosziliottosergiomeacaaguasdelcolorado2023-1.jpg\",\"datePublished\":\"2023-12-28T16:00:04+00:00\",\"dateModified\":\"2023-12-28T22:17:12+00:00\",\"breadcrumb\":{\"@id\":\"https:\\\/\\\/diariotextual.com\\\/inicio\\\/index.php\\\/2023\\\/12\\\/28\\\/el-radicalismo-puso-a-un-director-en-aguas-del-colorado-marcos-cuelle\\\/#breadcrumb\"},\"inLanguage\":\"es\",\"potentialAction\":[{\"@type\":\"ReadAction\",\"target\":[\"https:\\\/\\\/diariotextual.com\\\/inicio\\\/index.php\\\/2023\\\/12\\\/28\\\/el-radicalismo-puso-a-un-director-en-aguas-del-colorado-marcos-cuelle\\\/\"]}]},{\"@type\":\"ImageObject\",\"inLanguage\":\"es\",\"@id\":\"https:\\\/\\\/diariotextual.com\\\/inicio\\\/index.php\\\/2023\\\/12\\\/28\\\/el-radicalismo-puso-a-un-director-en-aguas-del-colorado-marcos-cuelle\\\/#primaryimage\",\"url\":\"https:\\\/\\\/diariotextual.com\\\/inicio\\\/wp-content\\\/uploads\\\/2023\\\/12\\\/cuellemarcosziliottosergiomeacaaguasdelcolorado2023-1.jpg\",\"contentUrl\":\"https:\\\/\\\/diariotextual.com\\\/inicio\\\/wp-content\\\/uploads\\\/2023\\\/12\\\/cuellemarcosziliottosergiomeacaaguasdelcolorado2023-1.jpg\",\"width\":1500,\"height\":1000},{\"@type\":\"BreadcrumbList\",\"@id\":\"https:\\\/\\\/diariotextual.com\\\/inicio\\\/index.php\\\/2023\\\/12\\\/28\\\/el-radicalismo-puso-a-un-director-en-aguas-del-colorado-marcos-cuelle\\\/#breadcrumb\",\"itemListElement\":[{\"@type\":\"ListItem\",\"position\":1,\"name\":\"Portada\",\"item\":\"https:\\\/\\\/diariotextual.com\\\/inicio\\\/\"},{\"@type\":\"ListItem\",\"position\":2,\"name\":\"El radicalismo puso a un director en Aguas del Colorado: Marcos Cuelle\"}]},{\"@type\":\"WebSite\",\"@id\":\"https:\\\/\\\/diariotextual.com\\\/inicio\\\/#website\",\"url\":\"https:\\\/\\\/diariotextual.com\\\/inicio\\\/\",\"name\":\"Diario Textual\",\"description\":\"\",\"publisher\":{\"@id\":\"https:\\\/\\\/diariotextual.com\\\/inicio\\\/#organization\"},\"potentialAction\":[{\"@type\":\"SearchAction\",\"target\":{\"@type\":\"EntryPoint\",\"urlTemplate\":\"https:\\\/\\\/diariotextual.com\\\/inicio\\\/?s={search_term_string}\"},\"query-input\":{\"@type\":\"PropertyValueSpecification\",\"valueRequired\":true,\"valueName\":\"search_term_string\"}}],\"inLanguage\":\"es\"},{\"@type\":\"Organization\",\"@id\":\"https:\\\/\\\/diariotextual.com\\\/inicio\\\/#organization\",\"name\":\"Diario Textual\",\"url\":\"https:\\\/\\\/diariotextual.com\\\/inicio\\\/\",\"logo\":{\"@type\":\"ImageObject\",\"inLanguage\":\"es\",\"@id\":\"https:\\\/\\\/diariotextual.com\\\/inicio\\\/#\\\/schema\\\/logo\\\/image\\\/\",\"url\":\"https:\\\/\\\/diariotextual.com\\\/inicio\\\/wp-content\\\/uploads\\\/2023\\\/05\\\/logotextual1.jpg\",\"contentUrl\":\"https:\\\/\\\/diariotextual.com\\\/inicio\\\/wp-content\\\/uploads\\\/2023\\\/05\\\/logotextual1.jpg\",\"width\":516,\"height\":76,\"caption\":\"Diario Textual\"},\"image\":{\"@id\":\"https:\\\/\\\/diariotextual.com\\\/inicio\\\/#\\\/schema\\\/logo\\\/image\\\/\"},\"sameAs\":[\"https:\\\/\\\/www.facebook.com\\\/eltextual\",\"https:\\\/\\\/x.com\\\/eltextual\",\"http:\\\/\\\/www.instagram.com\\\/eltextual\"]},{\"@type\":\"Person\",\"@id\":\"https:\\\/\\\/diariotextual.com\\\/inicio\\\/#\\\/schema\\\/person\\\/523499e72392084bbaa07d9918058135\",\"name\":\"Sergio Romano\",\"image\":{\"@type\":\"ImageObject\",\"inLanguage\":\"es\",\"@id\":\"https:\\\/\\\/secure.gravatar.com\\\/avatar\\\/558f03f407fa3accd9dabd3c363c971a21b2b44ce0fe39bb24a92ac5472808b8?s=96&d=mm&r=g\",\"url\":\"https:\\\/\\\/secure.gravatar.com\\\/avatar\\\/558f03f407fa3accd9dabd3c363c971a21b2b44ce0fe39bb24a92ac5472808b8?s=96&d=mm&r=g\",\"contentUrl\":\"https:\\\/\\\/secure.gravatar.com\\\/avatar\\\/558f03f407fa3accd9dabd3c363c971a21b2b44ce0fe39bb24a92ac5472808b8?s=96&d=mm&r=g\",\"caption\":\"Sergio Romano\"},\"sameAs\":[\"http:\\\/\\\/www.diariotextual.com\"],\"url\":\"https:\\\/\\\/diariotextual.com\\\/inicio\\\/index.php\\\/author\\\/sergio\\\/\"}]}<\/script>\n<!-- \/ Yoast SEO plugin. -->","yoast_head_json":{"title":"El radicalismo puso a un director en Aguas del Colorado: Marcos Cuelle - Diario Textual","robots":{"index":"index","follow":"follow","max-snippet":"max-snippet:-1","max-image-preview":"max-image-preview:large","max-video-preview":"max-video-preview:-1"},"canonical":"https:\/\/diariotextual.com\/inicio\/index.php\/2023\/12\/28\/el-radicalismo-puso-a-un-director-en-aguas-del-colorado-marcos-cuelle\/","og_locale":"es_ES","og_type":"article","og_title":"El radicalismo puso a un director en Aguas del Colorado: Marcos Cuelle - Diario Textual","og_description":"El gobernador Sergio Ziliotto se reuni\u00f3 este jueves con el presidente de Aguas del Colorado, Juan Carlos Mecca y el exlegislador Marcos Cuelle, propuesto por el bloque de diputados y&hellip;","og_url":"https:\/\/diariotextual.com\/inicio\/index.php\/2023\/12\/28\/el-radicalismo-puso-a-un-director-en-aguas-del-colorado-marcos-cuelle\/","og_site_name":"Diario Textual","article_publisher":"https:\/\/www.facebook.com\/eltextual","article_published_time":"2023-12-28T16:00:04+00:00","article_modified_time":"2023-12-28T22:17:12+00:00","og_image":[{"width":1500,"height":1000,"url":"https:\/\/diariotextual.com\/inicio\/wp-content\/uploads\/2023\/12\/cuellemarcosziliottosergiomeacaaguasdelcolorado2023-1.jpg","type":"image\/jpeg"}],"author":"Sergio Romano","twitter_card":"summary_large_image","twitter_creator":"@eltextual","twitter_site":"@eltextual","twitter_misc":{"Escrito por":"Sergio Romano","Tiempo de lectura":"2 minutos"},"schema":{"@context":"https:\/\/schema.org","@graph":[{"@type":"Article","@id":"https:\/\/diariotextual.com\/inicio\/index.php\/2023\/12\/28\/el-radicalismo-puso-a-un-director-en-aguas-del-colorado-marcos-cuelle\/#article","isPartOf":{"@id":"https:\/\/diariotextual.com\/inicio\/index.php\/2023\/12\/28\/el-radicalismo-puso-a-un-director-en-aguas-del-colorado-marcos-cuelle\/"},"author":{"name":"Sergio Romano","@id":"https:\/\/diariotextual.com\/inicio\/#\/schema\/person\/523499e72392084bbaa07d9918058135"},"headline":"El radicalismo puso a un director en Aguas del Colorado: Marcos Cuelle","datePublished":"2023-12-28T16:00:04+00:00","dateModified":"2023-12-28T22:17:12+00:00","mainEntityOfPage":{"@id":"https:\/\/diariotextual.com\/inicio\/index.php\/2023\/12\/28\/el-radicalismo-puso-a-un-director-en-aguas-del-colorado-marcos-cuelle\/"},"wordCount":229,"publisher":{"@id":"https:\/\/diariotextual.com\/inicio\/#organization"},"image":{"@id":"https:\/\/diariotextual.com\/inicio\/index.php\/2023\/12\/28\/el-radicalismo-puso-a-un-director-en-aguas-del-colorado-marcos-cuelle\/#primaryimage"},"thumbnailUrl":"https:\/\/diariotextual.com\/inicio\/wp-content\/uploads\/2023\/12\/cuellemarcosziliottosergiomeacaaguasdelcolorado2023-1.jpg","articleSection":["A - ES NOTICIA (van abajo)","POLITICA"],"inLanguage":"es"},{"@type":"WebPage","@id":"https:\/\/diariotextual.com\/inicio\/index.php\/2023\/12\/28\/el-radicalismo-puso-a-un-director-en-aguas-del-colorado-marcos-cuelle\/","url":"https:\/\/diariotextual.com\/inicio\/index.php\/2023\/12\/28\/el-radicalismo-puso-a-un-director-en-aguas-del-colorado-marcos-cuelle\/","name":"El radicalismo puso a un director en Aguas del Colorado: Marcos Cuelle - Diario Textual","isPartOf":{"@id":"https:\/\/diariotextual.com\/inicio\/#website"},"primaryImageOfPage":{"@id":"https:\/\/diariotextual.com\/inicio\/index.php\/2023\/12\/28\/el-radicalismo-puso-a-un-director-en-aguas-del-colorado-marcos-cuelle\/#primaryimage"},"image":{"@id":"https:\/\/diariotextual.com\/inicio\/index.php\/2023\/12\/28\/el-radicalismo-puso-a-un-director-en-aguas-del-colorado-marcos-cuelle\/#primaryimage"},"thumbnailUrl":"https:\/\/diariotextual.com\/inicio\/wp-content\/uploads\/2023\/12\/cuellemarcosziliottosergiomeacaaguasdelcolorado2023-1.jpg","datePublished":"2023-12-28T16:00:04+00:00","dateModified":"2023-12-28T22:17:12+00:00","breadcrumb":{"@id":"https:\/\/diariotextual.com\/inicio\/index.php\/2023\/12\/28\/el-radicalismo-puso-a-un-director-en-aguas-del-colorado-marcos-cuelle\/#breadcrumb"},"inLanguage":"es","potentialAction":[{"@type":"ReadAction","target":["https:\/\/diariotextual.com\/inicio\/index.php\/2023\/12\/28\/el-radicalismo-puso-a-un-director-en-aguas-del-colorado-marcos-cuelle\/"]}]},{"@type":"ImageObject","inLanguage":"es","@id":"https:\/\/diariotextual.com\/inicio\/index.php\/2023\/12\/28\/el-radicalismo-puso-a-un-director-en-aguas-del-colorado-marcos-cuelle\/#primaryimage","url":"https:\/\/diariotextual.com\/inicio\/wp-content\/uploads\/2023\/12\/cuellemarcosziliottosergiomeacaaguasdelcolorado2023-1.jpg","contentUrl":"https:\/\/diariotextual.com\/inicio\/wp-content\/uploads\/2023\/12\/cuellemarcosziliottosergiomeacaaguasdelcolorado2023-1.jpg","width":1500,"height":1000},{"@type":"BreadcrumbList","@id":"https:\/\/diariotextual.com\/inicio\/index.php\/2023\/12\/28\/el-radicalismo-puso-a-un-director-en-aguas-del-colorado-marcos-cuelle\/#breadcrumb","itemListElement":[{"@type":"ListItem","position":1,"name":"Portada","item":"https:\/\/diariotextual.com\/inicio\/"},{"@type":"ListItem","position":2,"name":"El radicalismo puso a un director en Aguas del Colorado: Marcos Cuelle"}]},{"@type":"WebSite","@id":"https:\/\/diariotextual.com\/inicio\/#website","url":"https:\/\/diariotextual.com\/inicio\/","name":"Diario Textual","description":"","publisher":{"@id":"https:\/\/diariotextual.com\/inicio\/#organization"},"potentialAction":[{"@type":"SearchAction","target":{"@type":"EntryPoint","urlTemplate":"https:\/\/diariotextual.com\/inicio\/?s={search_term_string}"},"query-input":{"@type":"PropertyValueSpecification","valueRequired":true,"valueName":"search_term_string"}}],"inLanguage":"es"},{"@type":"Organization","@id":"https:\/\/diariotextual.com\/inicio\/#organization","name":"Diario Textual","url":"https:\/\/diariotextual.com\/inicio\/","logo":{"@type":"ImageObject","inLanguage":"es","@id":"https:\/\/diariotextual.com\/inicio\/#\/schema\/logo\/image\/","url":"https:\/\/diariotextual.com\/inicio\/wp-content\/uploads\/2023\/05\/logotextual1.jpg","contentUrl":"https:\/\/diariotextual.com\/inicio\/wp-content\/uploads\/2023\/05\/logotextual1.jpg","width":516,"height":76,"caption":"Diario Textual"},"image":{"@id":"https:\/\/diariotextual.com\/inicio\/#\/schema\/logo\/image\/"},"sameAs":["https:\/\/www.facebook.com\/eltextual","https:\/\/x.com\/eltextual","http:\/\/www.instagram.com\/eltextual"]},{"@type":"Person","@id":"https:\/\/diariotextual.com\/inicio\/#\/schema\/person\/523499e72392084bbaa07d9918058135","name":"Sergio Romano","image":{"@type":"ImageObject","inLanguage":"es","@id":"https:\/\/secure.gravatar.com\/avatar\/558f03f407fa3accd9dabd3c363c971a21b2b44ce0fe39bb24a92ac5472808b8?s=96&d=mm&r=g","url":"https:\/\/secure.gravatar.com\/avatar\/558f03f407fa3accd9dabd3c363c971a21b2b44ce0fe39bb24a92ac5472808b8?s=96&d=mm&r=g","contentUrl":"https:\/\/secure.gravatar.com\/avatar\/558f03f407fa3accd9dabd3c363c971a21b2b44ce0fe39bb24a92ac5472808b8?s=96&d=mm&r=g","caption":"Sergio Romano"},"sameAs":["http:\/\/www.diariotextual.com"],"url":"https:\/\/diariotextual.com\/inicio\/index.php\/author\/sergio\/"}]}},"_links":{"self":[{"href":"https:\/\/diariotextual.com\/inicio\/index.php\/wp-json\/wp\/v2\/posts\/249443","targetHints":{"allow":["GET"]}}],"collection":[{"href":"https:\/\/diariotextual.com\/inicio\/index.php\/wp-json\/wp\/v2\/posts"}],"about":[{"href":"https:\/\/diariotextual.com\/inicio\/index.php\/wp-json\/wp\/v2\/types\/post"}],"author":[{"embeddable":true,"href":"https:\/\/diariotextual.com\/inicio\/index.php\/wp-json\/wp\/v2\/users\/2"}],"replies":[{"embeddable":true,"href":"https:\/\/diariotextual.com\/inicio\/index.php\/wp-json\/wp\/v2\/comments?post=249443"}],"version-history":[{"count":4,"href":"https:\/\/diariotextual.com\/inicio\/index.php\/wp-json\/wp\/v2\/posts\/249443\/revisions"}],"predecessor-version":[{"id":249451,"href":"https:\/\/diariotextual.com\/inicio\/index.php\/wp-json\/wp\/v2\/posts\/249443\/revisions\/249451"}],"wp:featuredmedia":[{"embeddable":true,"href":"https:\/\/diariotextual.com\/inicio\/index.php\/wp-json\/wp\/v2\/media\/249446"}],"wp:attachment":[{"href":"https:\/\/diariotextual.com\/inicio\/index.php\/wp-json\/wp\/v2\/media?parent=249443"}],"wp:term":[{"taxonomy":"category","embeddable":true,"href":"https:\/\/diariotextual.com\/inicio\/index.php\/wp-json\/wp\/v2\/categories?post=249443"},{"taxonomy":"post_tag","embeddable":true,"href":"https:\/\/diariotextual.com\/inicio\/index.php\/wp-json\/wp\/v2\/tags?post=249443"}],"curies":[{"name":"wp","href":"https:\/\/api.w.org\/{rel}","templated":true}]}}