{"id":249471,"date":"2023-12-28T19:16:26","date_gmt":"2023-12-28T22:16:26","guid":{"rendered":"https:\/\/diariotextual.com\/inicio\/?p=249471"},"modified":"2023-12-28T21:48:20","modified_gmt":"2023-12-29T00:48:20","slug":"campo-resalto-el-respeto-y-el-consenso-que-logramos","status":"publish","type":"post","link":"https:\/\/diariotextual.com\/inicio\/index.php\/2023\/12\/28\/campo-resalto-el-respeto-y-el-consenso-que-logramos\/","title":{"rendered":"Campo: \u201cResalto el respeto y el consenso que logramos\u201d"},"content":{"rendered":"\n<p>El presidente del concejo deliberante de General Pico, Alberto Campo, destac\u00f3 y agradeci\u00f3 el trabajo en conjunto que deriv\u00f3 en la aprobaci\u00f3n por unanimidad del presupuesto para el 2024.<\/p>\n\n\n\n<p>\u201cEfectivamente concluimos reci\u00e9n esta sesi\u00f3n extraordinaria, donde resultaron <strong>aprobados por unanimidad los tres puntos que ten\u00edamos en consideraci\u00f3n que se trataron en las respectivas comisiones internas y en labor parlamentaria,<\/strong> hoy cada una y cada uno de los concejales pudieron dar su opini\u00f3n y su consideraci\u00f3n sobre los distintos temas\u201d, dijo el titular del CD piquense y agreg\u00f3: \u201cLo importante de esta sesi\u00f3n es todo el trabajo que se realiz\u00f3 en la semana previa, por ello no puedo dejar de expresar mi agradecimiento a cada una de las secretar\u00edas y a cada funcionaria y funcionario que concurri\u00f3 a este recinto para exponer las planificaciones presupuestarias del pr\u00f3ximo a\u00f1o\u201d.<\/p>\n\n\n\n<p>Por unanimidad fue aprobado el expediente y que <strong>establece un presupuesto municipal de 18.708.628.02,00 millones de pesos, lo que significa un incremento del 84%<\/strong> respecto del ejecutado en 2023.<\/p>\n\n\n\n<p>El mismo acompa\u00f1amiento que el presupuesto recibi\u00f3 el <strong>proyecto de Ordenanza Fiscal y Tarifaria 2024.<\/strong><\/p>\n\n\n\n<p>\u201cComo ha manifestado el Ejecutivo <strong>este presupuesto es equilibrado, un presupuesto austero, en el que tanto el proyecto de ingresos como de egresos es equilibrado<\/strong> , donde se refleja el mensaje que dio en su oportunidad, espec\u00edficamente en la sesi\u00f3n preparatoria la se\u00f1ora intendenta, donde manifest\u00f3 la necesidad de tener un presupuesto austero, controlado y bienvenido sea, que as\u00ed sea, para poder garantizar a las y los ciudadanos piquenses los servicios esenciales y el acompa\u00f1amiento en las situaciones que se puedan llegar a contemplar durante este 2024 y que el Ejecutivo municipal va a poder resolver y ejecutar teniendo el presupuesto aprobado\u201d, afirm\u00f3.<\/p>\n\n\n\n<p>Alberto Campo fue consultado sobre las obras que contempla el Ejecutivo Municipal a pesar de los recortes de la obra p\u00fablica a nivel nacional. \u201cEste presupuesto municipal contempla obras tal como lo manifest\u00f3 el secretario de obras, Jorge Gabba, esperamos como los dem\u00e1s bloques el crecimiento de la ciudad y bienvenida sea la posici\u00f3n de los dem\u00e1s bloques donde manifestaron que nos iban a acompa\u00f1ar y reclamar todas esas acciones que sean positivas para toda la ciudadan\u00eda piquense\u201d, expres\u00f3.<\/p>\n\n\n\n<p>En la sesi\u00f3n tambi\u00e9n qued\u00f3 aprobado el modelo de convenio a celebrarse entre el Ejecutivo Municipal y la empresa del titular M\u00e1ximo Del M\u00f3naco y que establece las condiciones de prestaci\u00f3n del servicio de compactaci\u00f3n, remoci\u00f3n, destrucci\u00f3n y tratamiento de los veh\u00edculos que se encuentran retenidos en el dep\u00f3sito municipal ubicado en calle 28 entre 21 y v\u00edas (Ex Ripiera del Valle).<\/p>\n\n\n\n<p>El contrato tendr\u00e1 una vigencia de tres meses, desde el mes de enero y hasta abril de 2024, pudiendo prorrogarse por el plazo de 1 mes en caso de que las necesidades de las labores debidamente certificadas lo requieran.<\/p>\n","protected":false},"excerpt":{"rendered":"<p>El presidente del concejo deliberante de General Pico, Alberto Campo, destac\u00f3 y agradeci\u00f3 el trabajo en conjunto que deriv\u00f3 en la aprobaci\u00f3n por unanimidad del presupuesto para el 2024. \u201cEfectivamente&hellip;<\/p>\n","protected":false},"author":5,"featured_media":249472,"comment_status":"closed","ping_status":"open","sticky":false,"template":"","format":"standard","meta":{"_acf_changed":false,"footnotes":""},"categories":[1,8],"tags":[],"class_list":["post-249471","post","type-post","status-publish","format-standard","has-post-thumbnail","hentry","category-es-noticia","category-politica"],"acf":[],"yoast_head":"<!-- This site is optimized with the Yoast SEO plugin v27.5 - https:\/\/yoast.com\/product\/yoast-seo-wordpress\/ -->\n<title>Campo: \u201cResalto el respeto y el consenso que logramos\u201d - Diario Textual<\/title>\n<meta name=\"robots\" content=\"index, follow, max-snippet:-1, max-image-preview:large, max-video-preview:-1\" \/>\n<link rel=\"canonical\" href=\"https:\/\/diariotextual.com\/inicio\/index.php\/2023\/12\/28\/campo-resalto-el-respeto-y-el-consenso-que-logramos\/\" \/>\n<meta property=\"og:locale\" content=\"es_ES\" \/>\n<meta property=\"og:type\" content=\"article\" \/>\n<meta property=\"og:title\" content=\"Campo: \u201cResalto el respeto y el consenso que logramos\u201d - Diario Textual\" \/>\n<meta property=\"og:description\" content=\"El presidente del concejo deliberante de General Pico, Alberto Campo, destac\u00f3 y agradeci\u00f3 el trabajo en conjunto que deriv\u00f3 en la aprobaci\u00f3n por unanimidad del presupuesto para el 2024. \u201cEfectivamente&hellip;\" \/>\n<meta property=\"og:url\" content=\"https:\/\/diariotextual.com\/inicio\/index.php\/2023\/12\/28\/campo-resalto-el-respeto-y-el-consenso-que-logramos\/\" \/>\n<meta property=\"og:site_name\" content=\"Diario Textual\" \/>\n<meta property=\"article:publisher\" content=\"https:\/\/www.facebook.com\/eltextual\" \/>\n<meta property=\"article:published_time\" content=\"2023-12-28T22:16:26+00:00\" \/>\n<meta property=\"article:modified_time\" content=\"2023-12-29T00:48:20+00:00\" \/>\n<meta property=\"og:image\" content=\"https:\/\/diariotextual.com\/inicio\/wp-content\/uploads\/2023\/12\/campoalbertopico2023.jpg\" \/>\n\t<meta property=\"og:image:width\" content=\"850\" \/>\n\t<meta property=\"og:image:height\" content=\"700\" \/>\n\t<meta property=\"og:image:type\" content=\"image\/jpeg\" \/>\n<meta name=\"author\" content=\"diario3\" \/>\n<meta name=\"twitter:card\" content=\"summary_large_image\" \/>\n<meta name=\"twitter:creator\" content=\"@eltextual\" \/>\n<meta name=\"twitter:site\" content=\"@eltextual\" \/>\n<meta name=\"twitter:label1\" content=\"Escrito por\" \/>\n\t<meta name=\"twitter:data1\" content=\"diario3\" \/>\n\t<meta name=\"twitter:label2\" content=\"Tiempo de lectura\" \/>\n\t<meta name=\"twitter:data2\" content=\"3 minutos\" \/>\n<script type=\"application\/ld+json\" class=\"yoast-schema-graph\">{\"@context\":\"https:\\\/\\\/schema.org\",\"@graph\":[{\"@type\":\"Article\",\"@id\":\"https:\\\/\\\/diariotextual.com\\\/inicio\\\/index.php\\\/2023\\\/12\\\/28\\\/campo-resalto-el-respeto-y-el-consenso-que-logramos\\\/#article\",\"isPartOf\":{\"@id\":\"https:\\\/\\\/diariotextual.com\\\/inicio\\\/index.php\\\/2023\\\/12\\\/28\\\/campo-resalto-el-respeto-y-el-consenso-que-logramos\\\/\"},\"author\":{\"name\":\"diario3\",\"@id\":\"https:\\\/\\\/diariotextual.com\\\/inicio\\\/#\\\/schema\\\/person\\\/a1b6f563e0ee944c60f98119389a4d9f\"},\"headline\":\"Campo: \u201cResalto el respeto y el consenso que logramos\u201d\",\"datePublished\":\"2023-12-28T22:16:26+00:00\",\"dateModified\":\"2023-12-29T00:48:20+00:00\",\"mainEntityOfPage\":{\"@id\":\"https:\\\/\\\/diariotextual.com\\\/inicio\\\/index.php\\\/2023\\\/12\\\/28\\\/campo-resalto-el-respeto-y-el-consenso-que-logramos\\\/\"},\"wordCount\":495,\"publisher\":{\"@id\":\"https:\\\/\\\/diariotextual.com\\\/inicio\\\/#organization\"},\"image\":{\"@id\":\"https:\\\/\\\/diariotextual.com\\\/inicio\\\/index.php\\\/2023\\\/12\\\/28\\\/campo-resalto-el-respeto-y-el-consenso-que-logramos\\\/#primaryimage\"},\"thumbnailUrl\":\"https:\\\/\\\/diariotextual.com\\\/inicio\\\/wp-content\\\/uploads\\\/2023\\\/12\\\/campoalbertopico2023.jpg\",\"articleSection\":[\"A - ES NOTICIA (van abajo)\",\"POLITICA\"],\"inLanguage\":\"es\"},{\"@type\":\"WebPage\",\"@id\":\"https:\\\/\\\/diariotextual.com\\\/inicio\\\/index.php\\\/2023\\\/12\\\/28\\\/campo-resalto-el-respeto-y-el-consenso-que-logramos\\\/\",\"url\":\"https:\\\/\\\/diariotextual.com\\\/inicio\\\/index.php\\\/2023\\\/12\\\/28\\\/campo-resalto-el-respeto-y-el-consenso-que-logramos\\\/\",\"name\":\"Campo: \u201cResalto el respeto y el consenso que logramos\u201d - Diario Textual\",\"isPartOf\":{\"@id\":\"https:\\\/\\\/diariotextual.com\\\/inicio\\\/#website\"},\"primaryImageOfPage\":{\"@id\":\"https:\\\/\\\/diariotextual.com\\\/inicio\\\/index.php\\\/2023\\\/12\\\/28\\\/campo-resalto-el-respeto-y-el-consenso-que-logramos\\\/#primaryimage\"},\"image\":{\"@id\":\"https:\\\/\\\/diariotextual.com\\\/inicio\\\/index.php\\\/2023\\\/12\\\/28\\\/campo-resalto-el-respeto-y-el-consenso-que-logramos\\\/#primaryimage\"},\"thumbnailUrl\":\"https:\\\/\\\/diariotextual.com\\\/inicio\\\/wp-content\\\/uploads\\\/2023\\\/12\\\/campoalbertopico2023.jpg\",\"datePublished\":\"2023-12-28T22:16:26+00:00\",\"dateModified\":\"2023-12-29T00:48:20+00:00\",\"breadcrumb\":{\"@id\":\"https:\\\/\\\/diariotextual.com\\\/inicio\\\/index.php\\\/2023\\\/12\\\/28\\\/campo-resalto-el-respeto-y-el-consenso-que-logramos\\\/#breadcrumb\"},\"inLanguage\":\"es\",\"potentialAction\":[{\"@type\":\"ReadAction\",\"target\":[\"https:\\\/\\\/diariotextual.com\\\/inicio\\\/index.php\\\/2023\\\/12\\\/28\\\/campo-resalto-el-respeto-y-el-consenso-que-logramos\\\/\"]}]},{\"@type\":\"ImageObject\",\"inLanguage\":\"es\",\"@id\":\"https:\\\/\\\/diariotextual.com\\\/inicio\\\/index.php\\\/2023\\\/12\\\/28\\\/campo-resalto-el-respeto-y-el-consenso-que-logramos\\\/#primaryimage\",\"url\":\"https:\\\/\\\/diariotextual.com\\\/inicio\\\/wp-content\\\/uploads\\\/2023\\\/12\\\/campoalbertopico2023.jpg\",\"contentUrl\":\"https:\\\/\\\/diariotextual.com\\\/inicio\\\/wp-content\\\/uploads\\\/2023\\\/12\\\/campoalbertopico2023.jpg\",\"width\":850,\"height\":700},{\"@type\":\"BreadcrumbList\",\"@id\":\"https:\\\/\\\/diariotextual.com\\\/inicio\\\/index.php\\\/2023\\\/12\\\/28\\\/campo-resalto-el-respeto-y-el-consenso-que-logramos\\\/#breadcrumb\",\"itemListElement\":[{\"@type\":\"ListItem\",\"position\":1,\"name\":\"Portada\",\"item\":\"https:\\\/\\\/diariotextual.com\\\/inicio\\\/\"},{\"@type\":\"ListItem\",\"position\":2,\"name\":\"Campo: \u201cResalto el respeto y el consenso que logramos\u201d\"}]},{\"@type\":\"WebSite\",\"@id\":\"https:\\\/\\\/diariotextual.com\\\/inicio\\\/#website\",\"url\":\"https:\\\/\\\/diariotextual.com\\\/inicio\\\/\",\"name\":\"Diario Textual\",\"description\":\"\",\"publisher\":{\"@id\":\"https:\\\/\\\/diariotextual.com\\\/inicio\\\/#organization\"},\"potentialAction\":[{\"@type\":\"SearchAction\",\"target\":{\"@type\":\"EntryPoint\",\"urlTemplate\":\"https:\\\/\\\/diariotextual.com\\\/inicio\\\/?s={search_term_string}\"},\"query-input\":{\"@type\":\"PropertyValueSpecification\",\"valueRequired\":true,\"valueName\":\"search_term_string\"}}],\"inLanguage\":\"es\"},{\"@type\":\"Organization\",\"@id\":\"https:\\\/\\\/diariotextual.com\\\/inicio\\\/#organization\",\"name\":\"Diario Textual\",\"url\":\"https:\\\/\\\/diariotextual.com\\\/inicio\\\/\",\"logo\":{\"@type\":\"ImageObject\",\"inLanguage\":\"es\",\"@id\":\"https:\\\/\\\/diariotextual.com\\\/inicio\\\/#\\\/schema\\\/logo\\\/image\\\/\",\"url\":\"https:\\\/\\\/diariotextual.com\\\/inicio\\\/wp-content\\\/uploads\\\/2023\\\/05\\\/logotextual1.jpg\",\"contentUrl\":\"https:\\\/\\\/diariotextual.com\\\/inicio\\\/wp-content\\\/uploads\\\/2023\\\/05\\\/logotextual1.jpg\",\"width\":516,\"height\":76,\"caption\":\"Diario Textual\"},\"image\":{\"@id\":\"https:\\\/\\\/diariotextual.com\\\/inicio\\\/#\\\/schema\\\/logo\\\/image\\\/\"},\"sameAs\":[\"https:\\\/\\\/www.facebook.com\\\/eltextual\",\"https:\\\/\\\/x.com\\\/eltextual\",\"http:\\\/\\\/www.instagram.com\\\/eltextual\"]},{\"@type\":\"Person\",\"@id\":\"https:\\\/\\\/diariotextual.com\\\/inicio\\\/#\\\/schema\\\/person\\\/a1b6f563e0ee944c60f98119389a4d9f\",\"name\":\"diario3\",\"image\":{\"@type\":\"ImageObject\",\"inLanguage\":\"es\",\"@id\":\"https:\\\/\\\/secure.gravatar.com\\\/avatar\\\/5e7ee62c82fc04d9dd79d746a390d93c69c43223e5faeeb3ea9461ef752bfc5d?s=96&d=mm&r=g\",\"url\":\"https:\\\/\\\/secure.gravatar.com\\\/avatar\\\/5e7ee62c82fc04d9dd79d746a390d93c69c43223e5faeeb3ea9461ef752bfc5d?s=96&d=mm&r=g\",\"contentUrl\":\"https:\\\/\\\/secure.gravatar.com\\\/avatar\\\/5e7ee62c82fc04d9dd79d746a390d93c69c43223e5faeeb3ea9461ef752bfc5d?s=96&d=mm&r=g\",\"caption\":\"diario3\"},\"url\":\"https:\\\/\\\/diariotextual.com\\\/inicio\\\/index.php\\\/author\\\/diario3\\\/\"}]}<\/script>\n<!-- \/ Yoast SEO plugin. -->","yoast_head_json":{"title":"Campo: \u201cResalto el respeto y el consenso que logramos\u201d - Diario Textual","robots":{"index":"index","follow":"follow","max-snippet":"max-snippet:-1","max-image-preview":"max-image-preview:large","max-video-preview":"max-video-preview:-1"},"canonical":"https:\/\/diariotextual.com\/inicio\/index.php\/2023\/12\/28\/campo-resalto-el-respeto-y-el-consenso-que-logramos\/","og_locale":"es_ES","og_type":"article","og_title":"Campo: \u201cResalto el respeto y el consenso que logramos\u201d - Diario Textual","og_description":"El presidente del concejo deliberante de General Pico, Alberto Campo, destac\u00f3 y agradeci\u00f3 el trabajo en conjunto que deriv\u00f3 en la aprobaci\u00f3n por unanimidad del presupuesto para el 2024. \u201cEfectivamente&hellip;","og_url":"https:\/\/diariotextual.com\/inicio\/index.php\/2023\/12\/28\/campo-resalto-el-respeto-y-el-consenso-que-logramos\/","og_site_name":"Diario Textual","article_publisher":"https:\/\/www.facebook.com\/eltextual","article_published_time":"2023-12-28T22:16:26+00:00","article_modified_time":"2023-12-29T00:48:20+00:00","og_image":[{"width":850,"height":700,"url":"https:\/\/diariotextual.com\/inicio\/wp-content\/uploads\/2023\/12\/campoalbertopico2023.jpg","type":"image\/jpeg"}],"author":"diario3","twitter_card":"summary_large_image","twitter_creator":"@eltextual","twitter_site":"@eltextual","twitter_misc":{"Escrito por":"diario3","Tiempo de lectura":"3 minutos"},"schema":{"@context":"https:\/\/schema.org","@graph":[{"@type":"Article","@id":"https:\/\/diariotextual.com\/inicio\/index.php\/2023\/12\/28\/campo-resalto-el-respeto-y-el-consenso-que-logramos\/#article","isPartOf":{"@id":"https:\/\/diariotextual.com\/inicio\/index.php\/2023\/12\/28\/campo-resalto-el-respeto-y-el-consenso-que-logramos\/"},"author":{"name":"diario3","@id":"https:\/\/diariotextual.com\/inicio\/#\/schema\/person\/a1b6f563e0ee944c60f98119389a4d9f"},"headline":"Campo: \u201cResalto el respeto y el consenso que logramos\u201d","datePublished":"2023-12-28T22:16:26+00:00","dateModified":"2023-12-29T00:48:20+00:00","mainEntityOfPage":{"@id":"https:\/\/diariotextual.com\/inicio\/index.php\/2023\/12\/28\/campo-resalto-el-respeto-y-el-consenso-que-logramos\/"},"wordCount":495,"publisher":{"@id":"https:\/\/diariotextual.com\/inicio\/#organization"},"image":{"@id":"https:\/\/diariotextual.com\/inicio\/index.php\/2023\/12\/28\/campo-resalto-el-respeto-y-el-consenso-que-logramos\/#primaryimage"},"thumbnailUrl":"https:\/\/diariotextual.com\/inicio\/wp-content\/uploads\/2023\/12\/campoalbertopico2023.jpg","articleSection":["A - ES NOTICIA (van abajo)","POLITICA"],"inLanguage":"es"},{"@type":"WebPage","@id":"https:\/\/diariotextual.com\/inicio\/index.php\/2023\/12\/28\/campo-resalto-el-respeto-y-el-consenso-que-logramos\/","url":"https:\/\/diariotextual.com\/inicio\/index.php\/2023\/12\/28\/campo-resalto-el-respeto-y-el-consenso-que-logramos\/","name":"Campo: \u201cResalto el respeto y el consenso que logramos\u201d - Diario Textual","isPartOf":{"@id":"https:\/\/diariotextual.com\/inicio\/#website"},"primaryImageOfPage":{"@id":"https:\/\/diariotextual.com\/inicio\/index.php\/2023\/12\/28\/campo-resalto-el-respeto-y-el-consenso-que-logramos\/#primaryimage"},"image":{"@id":"https:\/\/diariotextual.com\/inicio\/index.php\/2023\/12\/28\/campo-resalto-el-respeto-y-el-consenso-que-logramos\/#primaryimage"},"thumbnailUrl":"https:\/\/diariotextual.com\/inicio\/wp-content\/uploads\/2023\/12\/campoalbertopico2023.jpg","datePublished":"2023-12-28T22:16:26+00:00","dateModified":"2023-12-29T00:48:20+00:00","breadcrumb":{"@id":"https:\/\/diariotextual.com\/inicio\/index.php\/2023\/12\/28\/campo-resalto-el-respeto-y-el-consenso-que-logramos\/#breadcrumb"},"inLanguage":"es","potentialAction":[{"@type":"ReadAction","target":["https:\/\/diariotextual.com\/inicio\/index.php\/2023\/12\/28\/campo-resalto-el-respeto-y-el-consenso-que-logramos\/"]}]},{"@type":"ImageObject","inLanguage":"es","@id":"https:\/\/diariotextual.com\/inicio\/index.php\/2023\/12\/28\/campo-resalto-el-respeto-y-el-consenso-que-logramos\/#primaryimage","url":"https:\/\/diariotextual.com\/inicio\/wp-content\/uploads\/2023\/12\/campoalbertopico2023.jpg","contentUrl":"https:\/\/diariotextual.com\/inicio\/wp-content\/uploads\/2023\/12\/campoalbertopico2023.jpg","width":850,"height":700},{"@type":"BreadcrumbList","@id":"https:\/\/diariotextual.com\/inicio\/index.php\/2023\/12\/28\/campo-resalto-el-respeto-y-el-consenso-que-logramos\/#breadcrumb","itemListElement":[{"@type":"ListItem","position":1,"name":"Portada","item":"https:\/\/diariotextual.com\/inicio\/"},{"@type":"ListItem","position":2,"name":"Campo: \u201cResalto el respeto y el consenso que logramos\u201d"}]},{"@type":"WebSite","@id":"https:\/\/diariotextual.com\/inicio\/#website","url":"https:\/\/diariotextual.com\/inicio\/","name":"Diario Textual","description":"","publisher":{"@id":"https:\/\/diariotextual.com\/inicio\/#organization"},"potentialAction":[{"@type":"SearchAction","target":{"@type":"EntryPoint","urlTemplate":"https:\/\/diariotextual.com\/inicio\/?s={search_term_string}"},"query-input":{"@type":"PropertyValueSpecification","valueRequired":true,"valueName":"search_term_string"}}],"inLanguage":"es"},{"@type":"Organization","@id":"https:\/\/diariotextual.com\/inicio\/#organization","name":"Diario Textual","url":"https:\/\/diariotextual.com\/inicio\/","logo":{"@type":"ImageObject","inLanguage":"es","@id":"https:\/\/diariotextual.com\/inicio\/#\/schema\/logo\/image\/","url":"https:\/\/diariotextual.com\/inicio\/wp-content\/uploads\/2023\/05\/logotextual1.jpg","contentUrl":"https:\/\/diariotextual.com\/inicio\/wp-content\/uploads\/2023\/05\/logotextual1.jpg","width":516,"height":76,"caption":"Diario Textual"},"image":{"@id":"https:\/\/diariotextual.com\/inicio\/#\/schema\/logo\/image\/"},"sameAs":["https:\/\/www.facebook.com\/eltextual","https:\/\/x.com\/eltextual","http:\/\/www.instagram.com\/eltextual"]},{"@type":"Person","@id":"https:\/\/diariotextual.com\/inicio\/#\/schema\/person\/a1b6f563e0ee944c60f98119389a4d9f","name":"diario3","image":{"@type":"ImageObject","inLanguage":"es","@id":"https:\/\/secure.gravatar.com\/avatar\/5e7ee62c82fc04d9dd79d746a390d93c69c43223e5faeeb3ea9461ef752bfc5d?s=96&d=mm&r=g","url":"https:\/\/secure.gravatar.com\/avatar\/5e7ee62c82fc04d9dd79d746a390d93c69c43223e5faeeb3ea9461ef752bfc5d?s=96&d=mm&r=g","contentUrl":"https:\/\/secure.gravatar.com\/avatar\/5e7ee62c82fc04d9dd79d746a390d93c69c43223e5faeeb3ea9461ef752bfc5d?s=96&d=mm&r=g","caption":"diario3"},"url":"https:\/\/diariotextual.com\/inicio\/index.php\/author\/diario3\/"}]}},"_links":{"self":[{"href":"https:\/\/diariotextual.com\/inicio\/index.php\/wp-json\/wp\/v2\/posts\/249471","targetHints":{"allow":["GET"]}}],"collection":[{"href":"https:\/\/diariotextual.com\/inicio\/index.php\/wp-json\/wp\/v2\/posts"}],"about":[{"href":"https:\/\/diariotextual.com\/inicio\/index.php\/wp-json\/wp\/v2\/types\/post"}],"author":[{"embeddable":true,"href":"https:\/\/diariotextual.com\/inicio\/index.php\/wp-json\/wp\/v2\/users\/5"}],"replies":[{"embeddable":true,"href":"https:\/\/diariotextual.com\/inicio\/index.php\/wp-json\/wp\/v2\/comments?post=249471"}],"version-history":[{"count":1,"href":"https:\/\/diariotextual.com\/inicio\/index.php\/wp-json\/wp\/v2\/posts\/249471\/revisions"}],"predecessor-version":[{"id":249473,"href":"https:\/\/diariotextual.com\/inicio\/index.php\/wp-json\/wp\/v2\/posts\/249471\/revisions\/249473"}],"wp:featuredmedia":[{"embeddable":true,"href":"https:\/\/diariotextual.com\/inicio\/index.php\/wp-json\/wp\/v2\/media\/249472"}],"wp:attachment":[{"href":"https:\/\/diariotextual.com\/inicio\/index.php\/wp-json\/wp\/v2\/media?parent=249471"}],"wp:term":[{"taxonomy":"category","embeddable":true,"href":"https:\/\/diariotextual.com\/inicio\/index.php\/wp-json\/wp\/v2\/categories?post=249471"},{"taxonomy":"post_tag","embeddable":true,"href":"https:\/\/diariotextual.com\/inicio\/index.php\/wp-json\/wp\/v2\/tags?post=249471"}],"curies":[{"name":"wp","href":"https:\/\/api.w.org\/{rel}","templated":true}]}}